{"id":17768,"date":"2024-06-11T21:24:34","date_gmt":"2024-06-12T00:24:34","guid":{"rendered":"https:\/\/apuntesdesanluis.com\/?p=17768"},"modified":"2024-06-12T01:24:52","modified_gmt":"2024-06-12T04:24:52","slug":"el-senado-aprobo-la-designacion-de-quintas-como-rector-de-la-ulp","status":"publish","type":"post","link":"https:\/\/apuntesdesanluis.com\/index.php\/2024\/06\/11\/el-senado-aprobo-la-designacion-de-quintas-como-rector-de-la-ulp\/","title":{"rendered":"EL SENADO APROB\u00d3 LA DESIGNACI\u00d3N DE QUINTAS COMO RECTOR DE LA ULP"},"content":{"rendered":"<h3>Este martes el Senado aprob\u00f3 la designaci\u00f3n del doctor <strong>Luis Guillermo Quintas<\/strong> como Rector de la Universidad de La Punta (ULP). Quintas cumpl\u00eda funciones como rector interventor desde el 10 de diciembre del 2023, luego de que el gobernador <strong>Claudio Poggi<\/strong> ordenara la intervenci\u00f3n de la Universidad y dejara sin efecto el nombramiento de <strong>Eugenia Catalfamo<\/strong> por no ajustarse a la Ley de Educaci\u00f3n Superior.<\/h3>\n<h3>Esta decisi\u00f3n fue una de las primeras medidas que tom\u00f3 el Gobernador cuando asumi\u00f3 para garantizar el funcionamiento de la casa de altos estudios y \u201cla validez de sus actos en el orden acad\u00e9mico, administrativo, de extensi\u00f3n universitaria y dem\u00e1s actos institucionales, a los efectos de salvaguardar derechos fundamentales de estudiantes, docentes, personal administrativo y terceros\u201d, como lo indica el decreto 28-ME-2023 firmado tambi\u00e9n por el ministro de Educaci\u00f3n, <strong>Guillermo Araujo<\/strong>.<\/h3>\n<h3>La designaci\u00f3n de Catalfamo fue irregular ya que ocupaba una banca en el Senado de la Naci\u00f3n, cuando el Estatuto de la ULP determina la dedicaci\u00f3n exclusiva al cargo. Adem\u00e1s, la legisladora no reun\u00eda los requisitos obligatorios para ocupar el cargo seg\u00fan el mismo documento: ser profesor titular de alguna universidad acreditada; demostrar cinco a\u00f1os de actuaci\u00f3n acad\u00e9mica universitaria y contar con experiencia en la direcci\u00f3n y gesti\u00f3n de organismos p\u00fablicos o instituciones privadas; y participar en proyectos de alcance internacional.<\/h3>\n<h3>\u201cLuego de un exhaustivo an\u00e1lisis del curr\u00edculum vitae del doctor Luis Guillermo Quintas y de la documentaci\u00f3n pertinente, cabe destacar que posee una formaci\u00f3n acad\u00e9mica s\u00f3lida y una destacada trayectoria profesional en el \u00e1mbito universitario, avalada por su Licenciatura en Matem\u00e1ticas, Doctorado en Ciencias Matem\u00e1ticas y posdoctorado en el extranjero, as\u00ed como por m\u00e1s de 36 a\u00f1os de experiencia docente e investigativa en diversas universidades nacionales e internacionales\u201d, expres\u00f3 el senador provincial por Pueyrred\u00f3n, <strong>Mart\u00edn Olivero<\/strong>.<\/h3>\n<h3>\u201cSu participaci\u00f3n activa en la gesti\u00f3n universitaria, tanto en cargos administrativos como en la organizaci\u00f3n y dise\u00f1o de programas acad\u00e9micos, demuestra su capacidad para liderar y dirigir eficazmente una instituci\u00f3n educativa de nivel universitario. La amplia participaci\u00f3n del doctor Luis Guillermo Quintas en proyectos de alcance internacional, as\u00ed como su membres\u00eda en sociedades cient\u00edficas internacionales, reflejan su compromiso con la cooperaci\u00f3n acad\u00e9mica global y su contribuci\u00f3n a la comunidad cient\u00edfica a nivel internacional. Todo ello evidencia su amplia idoneidad\u201d, finaliz\u00f3.<\/h3>\n<h3><\/h3>\n<h3><\/h3>\n<h3><\/h3>\n<p>&nbsp;<\/p>\n","protected":false},"excerpt":{"rendered":"<p>Este martes el Senado aprob\u00f3 la designaci\u00f3n del doctor Luis Guillermo Quintas como Rector de&#8230;<\/p>\n","protected":false},"author":1,"featured_media":17769,"comment_status":"closed","ping_status":"closed","sticky":false,"template":"","format":"standard","meta":{"footnotes":""},"categories":[6],"tags":[],"class_list":["post-17768","post","type-post","status-publish","format-standard","has-post-thumbnail","hentry","category-ciudad-provincia"],"yoast_head":"<!-- This site is optimized with the Yoast SEO plugin v26.1.1 - https:\/\/yoast.com\/wordpress\/plugins\/seo\/ -->\n<title>EL SENADO APROB\u00d3 LA DESIGNACI\u00d3N DE QUINTAS COMO RECTOR DE LA ULP - Apuntes de San Luis<\/title>\n<meta name=\"robots\" content=\"index, follow, max-snippet:-1, max-image-preview:large, max-video-preview:-1\" \/>\n<link rel=\"canonical\" href=\"https:\/\/apuntesdesanluis.com\/index.php\/2024\/06\/11\/el-senado-aprobo-la-designacion-de-quintas-como-rector-de-la-ulp\/\" \/>\n<meta property=\"og:locale\" content=\"es_ES\" \/>\n<meta property=\"og:type\" content=\"article\" \/>\n<meta property=\"og:title\" content=\"EL SENADO APROB\u00d3 LA DESIGNACI\u00d3N DE QUINTAS COMO RECTOR DE LA ULP - Apuntes de San Luis\" \/>\n<meta property=\"og:description\" content=\"Este martes el Senado aprob\u00f3 la designaci\u00f3n del doctor Luis Guillermo Quintas como Rector de...\" \/>\n<meta property=\"og:url\" content=\"https:\/\/apuntesdesanluis.com\/index.php\/2024\/06\/11\/el-senado-aprobo-la-designacion-de-quintas-como-rector-de-la-ulp\/\" \/>\n<meta property=\"og:site_name\" content=\"Apuntes de San Luis\" \/>\n<meta property=\"article:published_time\" content=\"2024-06-12T00:24:34+00:00\" \/>\n<meta property=\"article:modified_time\" content=\"2024-06-12T04:24:52+00:00\" \/>\n<meta property=\"og:image\" content=\"https:\/\/apuntesdesanluis.com\/wp-content\/uploads\/2024\/06\/QUINTAS.png\" \/>\n\t<meta property=\"og:image:width\" content=\"844\" \/>\n\t<meta property=\"og:image:height\" content=\"456\" \/>\n\t<meta property=\"og:image:type\" content=\"image\/png\" \/>\n<meta name=\"author\" content=\"apuntesdesanluis.com\" \/>\n<meta name=\"twitter:card\" content=\"summary_large_image\" \/>\n<meta name=\"twitter:label1\" content=\"Escrito por\" \/>\n\t<meta name=\"twitter:data1\" content=\"apuntesdesanluis.com\" \/>\n\t<meta name=\"twitter:label2\" content=\"Tiempo de lectura\" \/>\n\t<meta name=\"twitter:data2\" content=\"2 minutos\" \/>\n<script type=\"application\/ld+json\" class=\"yoast-schema-graph\">{\"@context\":\"https:\/\/schema.org\",\"@graph\":[{\"@type\":\"Article\",\"@id\":\"https:\/\/apuntesdesanluis.com\/index.php\/2024\/06\/11\/el-senado-aprobo-la-designacion-de-quintas-como-rector-de-la-ulp\/#article\",\"isPartOf\":{\"@id\":\"https:\/\/apuntesdesanluis.com\/index.php\/2024\/06\/11\/el-senado-aprobo-la-designacion-de-quintas-como-rector-de-la-ulp\/\"},\"author\":{\"name\":\"apuntesdesanluis.com\",\"@id\":\"https:\/\/apuntesdesanluis.com\/#\/schema\/person\/b55151d52296fcce64d1a72538a70b90\"},\"headline\":\"EL SENADO APROB\u00d3 LA DESIGNACI\u00d3N DE QUINTAS COMO RECTOR DE LA ULP\",\"datePublished\":\"2024-06-12T00:24:34+00:00\",\"dateModified\":\"2024-06-12T04:24:52+00:00\",\"mainEntityOfPage\":{\"@id\":\"https:\/\/apuntesdesanluis.com\/index.php\/2024\/06\/11\/el-senado-aprobo-la-designacion-de-quintas-como-rector-de-la-ulp\/\"},\"wordCount\":431,\"publisher\":{\"@id\":\"https:\/\/apuntesdesanluis.com\/#\/schema\/person\/b55151d52296fcce64d1a72538a70b90\"},\"image\":{\"@id\":\"https:\/\/apuntesdesanluis.com\/index.php\/2024\/06\/11\/el-senado-aprobo-la-designacion-de-quintas-como-rector-de-la-ulp\/#primaryimage\"},\"thumbnailUrl\":\"https:\/\/apuntesdesanluis.com\/wp-content\/uploads\/2024\/06\/QUINTAS.png\",\"articleSection\":[\"Ciudad\/Provincia\"],\"inLanguage\":\"es-AR\"},{\"@type\":\"WebPage\",\"@id\":\"https:\/\/apuntesdesanluis.com\/index.php\/2024\/06\/11\/el-senado-aprobo-la-designacion-de-quintas-como-rector-de-la-ulp\/\",\"url\":\"https:\/\/apuntesdesanluis.com\/index.php\/2024\/06\/11\/el-senado-aprobo-la-designacion-de-quintas-como-rector-de-la-ulp\/\",\"name\":\"EL SENADO APROB\u00d3 LA DESIGNACI\u00d3N DE QUINTAS COMO RECTOR DE LA ULP - Apuntes de San Luis\",\"isPartOf\":{\"@id\":\"https:\/\/apuntesdesanluis.com\/#website\"},\"primaryImageOfPage\":{\"@id\":\"https:\/\/apuntesdesanluis.com\/index.php\/2024\/06\/11\/el-senado-aprobo-la-designacion-de-quintas-como-rector-de-la-ulp\/#primaryimage\"},\"image\":{\"@id\":\"https:\/\/apuntesdesanluis.com\/index.php\/2024\/06\/11\/el-senado-aprobo-la-designacion-de-quintas-como-rector-de-la-ulp\/#primaryimage\"},\"thumbnailUrl\":\"https:\/\/apuntesdesanluis.com\/wp-content\/uploads\/2024\/06\/QUINTAS.png\",\"datePublished\":\"2024-06-12T00:24:34+00:00\",\"dateModified\":\"2024-06-12T04:24:52+00:00\",\"breadcrumb\":{\"@id\":\"https:\/\/apuntesdesanluis.com\/index.php\/2024\/06\/11\/el-senado-aprobo-la-designacion-de-quintas-como-rector-de-la-ulp\/#breadcrumb\"},\"inLanguage\":\"es-AR\",\"potentialAction\":[{\"@type\":\"ReadAction\",\"target\":[\"https:\/\/apuntesdesanluis.com\/index.php\/2024\/06\/11\/el-senado-aprobo-la-designacion-de-quintas-como-rector-de-la-ulp\/\"]}]},{\"@type\":\"ImageObject\",\"inLanguage\":\"es-AR\",\"@id\":\"https:\/\/apuntesdesanluis.com\/index.php\/2024\/06\/11\/el-senado-aprobo-la-designacion-de-quintas-como-rector-de-la-ulp\/#primaryimage\",\"url\":\"https:\/\/apuntesdesanluis.com\/wp-content\/uploads\/2024\/06\/QUINTAS.png\",\"contentUrl\":\"https:\/\/apuntesdesanluis.com\/wp-content\/uploads\/2024\/06\/QUINTAS.png\",\"width\":844,\"height\":456},{\"@type\":\"BreadcrumbList\",\"@id\":\"https:\/\/apuntesdesanluis.com\/index.php\/2024\/06\/11\/el-senado-aprobo-la-designacion-de-quintas-como-rector-de-la-ulp\/#breadcrumb\",\"itemListElement\":[{\"@type\":\"ListItem\",\"position\":1,\"name\":\"Inicio\",\"item\":\"https:\/\/apuntesdesanluis.com\/\"},{\"@type\":\"ListItem\",\"position\":2,\"name\":\"EL SENADO APROB\u00d3 LA DESIGNACI\u00d3N DE QUINTAS COMO RECTOR DE LA ULP\"}]},{\"@type\":\"WebSite\",\"@id\":\"https:\/\/apuntesdesanluis.com\/#website\",\"url\":\"https:\/\/apuntesdesanluis.com\/\",\"name\":\"Apuntes de San Luis\",\"description\":\"\",\"publisher\":{\"@id\":\"https:\/\/apuntesdesanluis.com\/#\/schema\/person\/b55151d52296fcce64d1a72538a70b90\"},\"potentialAction\":[{\"@type\":\"SearchAction\",\"target\":{\"@type\":\"EntryPoint\",\"urlTemplate\":\"https:\/\/apuntesdesanluis.com\/?s={search_term_string}\"},\"query-input\":{\"@type\":\"PropertyValueSpecification\",\"valueRequired\":true,\"valueName\":\"search_term_string\"}}],\"inLanguage\":\"es-AR\"},{\"@type\":[\"Person\",\"Organization\"],\"@id\":\"https:\/\/apuntesdesanluis.com\/#\/schema\/person\/b55151d52296fcce64d1a72538a70b90\",\"name\":\"apuntesdesanluis.com\",\"image\":{\"@type\":\"ImageObject\",\"inLanguage\":\"es-AR\",\"@id\":\"https:\/\/apuntesdesanluis.com\/#\/schema\/person\/image\/\",\"url\":\"https:\/\/apuntesdesanluis.com\/wp-content\/uploads\/2023\/07\/cropped-apuntesdesanluis.png\",\"contentUrl\":\"https:\/\/apuntesdesanluis.com\/wp-content\/uploads\/2023\/07\/cropped-apuntesdesanluis.png\",\"width\":450,\"height\":112,\"caption\":\"apuntesdesanluis.com\"},\"logo\":{\"@id\":\"https:\/\/apuntesdesanluis.com\/#\/schema\/person\/image\/\"},\"sameAs\":[\"https:\/\/apuntesdesanluis.com\"],\"url\":\"https:\/\/apuntesdesanluis.com\/index.php\/author\/apuntesdesanluis-com\/\"}]}<\/script>\n<!-- \/ Yoast SEO plugin. -->","yoast_head_json":{"title":"EL SENADO APROB\u00d3 LA DESIGNACI\u00d3N DE QUINTAS COMO RECTOR DE LA ULP - Apuntes de San Luis","robots":{"index":"index","follow":"follow","max-snippet":"max-snippet:-1","max-image-preview":"max-image-preview:large","max-video-preview":"max-video-preview:-1"},"canonical":"https:\/\/apuntesdesanluis.com\/index.php\/2024\/06\/11\/el-senado-aprobo-la-designacion-de-quintas-como-rector-de-la-ulp\/","og_locale":"es_ES","og_type":"article","og_title":"EL SENADO APROB\u00d3 LA DESIGNACI\u00d3N DE QUINTAS COMO RECTOR DE LA ULP - Apuntes de San Luis","og_description":"Este martes el Senado aprob\u00f3 la designaci\u00f3n del doctor Luis Guillermo Quintas como Rector de...","og_url":"https:\/\/apuntesdesanluis.com\/index.php\/2024\/06\/11\/el-senado-aprobo-la-designacion-de-quintas-como-rector-de-la-ulp\/","og_site_name":"Apuntes de San Luis","article_published_time":"2024-06-12T00:24:34+00:00","article_modified_time":"2024-06-12T04:24:52+00:00","og_image":[{"width":844,"height":456,"url":"https:\/\/apuntesdesanluis.com\/wp-content\/uploads\/2024\/06\/QUINTAS.png","type":"image\/png"}],"author":"apuntesdesanluis.com","twitter_card":"summary_large_image","twitter_misc":{"Escrito por":"apuntesdesanluis.com","Tiempo de lectura":"2 minutos"},"schema":{"@context":"https:\/\/schema.org","@graph":[{"@type":"Article","@id":"https:\/\/apuntesdesanluis.com\/index.php\/2024\/06\/11\/el-senado-aprobo-la-designacion-de-quintas-como-rector-de-la-ulp\/#article","isPartOf":{"@id":"https:\/\/apuntesdesanluis.com\/index.php\/2024\/06\/11\/el-senado-aprobo-la-designacion-de-quintas-como-rector-de-la-ulp\/"},"author":{"name":"apuntesdesanluis.com","@id":"https:\/\/apuntesdesanluis.com\/#\/schema\/person\/b55151d52296fcce64d1a72538a70b90"},"headline":"EL SENADO APROB\u00d3 LA DESIGNACI\u00d3N DE QUINTAS COMO RECTOR DE LA ULP","datePublished":"2024-06-12T00:24:34+00:00","dateModified":"2024-06-12T04:24:52+00:00","mainEntityOfPage":{"@id":"https:\/\/apuntesdesanluis.com\/index.php\/2024\/06\/11\/el-senado-aprobo-la-designacion-de-quintas-como-rector-de-la-ulp\/"},"wordCount":431,"publisher":{"@id":"https:\/\/apuntesdesanluis.com\/#\/schema\/person\/b55151d52296fcce64d1a72538a70b90"},"image":{"@id":"https:\/\/apuntesdesanluis.com\/index.php\/2024\/06\/11\/el-senado-aprobo-la-designacion-de-quintas-como-rector-de-la-ulp\/#primaryimage"},"thumbnailUrl":"https:\/\/apuntesdesanluis.com\/wp-content\/uploads\/2024\/06\/QUINTAS.png","articleSection":["Ciudad\/Provincia"],"inLanguage":"es-AR"},{"@type":"WebPage","@id":"https:\/\/apuntesdesanluis.com\/index.php\/2024\/06\/11\/el-senado-aprobo-la-designacion-de-quintas-como-rector-de-la-ulp\/","url":"https:\/\/apuntesdesanluis.com\/index.php\/2024\/06\/11\/el-senado-aprobo-la-designacion-de-quintas-como-rector-de-la-ulp\/","name":"EL SENADO APROB\u00d3 LA DESIGNACI\u00d3N DE QUINTAS COMO RECTOR DE LA ULP - Apuntes de San Luis","isPartOf":{"@id":"https:\/\/apuntesdesanluis.com\/#website"},"primaryImageOfPage":{"@id":"https:\/\/apuntesdesanluis.com\/index.php\/2024\/06\/11\/el-senado-aprobo-la-designacion-de-quintas-como-rector-de-la-ulp\/#primaryimage"},"image":{"@id":"https:\/\/apuntesdesanluis.com\/index.php\/2024\/06\/11\/el-senado-aprobo-la-designacion-de-quintas-como-rector-de-la-ulp\/#primaryimage"},"thumbnailUrl":"https:\/\/apuntesdesanluis.com\/wp-content\/uploads\/2024\/06\/QUINTAS.png","datePublished":"2024-06-12T00:24:34+00:00","dateModified":"2024-06-12T04:24:52+00:00","breadcrumb":{"@id":"https:\/\/apuntesdesanluis.com\/index.php\/2024\/06\/11\/el-senado-aprobo-la-designacion-de-quintas-como-rector-de-la-ulp\/#breadcrumb"},"inLanguage":"es-AR","potentialAction":[{"@type":"ReadAction","target":["https:\/\/apuntesdesanluis.com\/index.php\/2024\/06\/11\/el-senado-aprobo-la-designacion-de-quintas-como-rector-de-la-ulp\/"]}]},{"@type":"ImageObject","inLanguage":"es-AR","@id":"https:\/\/apuntesdesanluis.com\/index.php\/2024\/06\/11\/el-senado-aprobo-la-designacion-de-quintas-como-rector-de-la-ulp\/#primaryimage","url":"https:\/\/apuntesdesanluis.com\/wp-content\/uploads\/2024\/06\/QUINTAS.png","contentUrl":"https:\/\/apuntesdesanluis.com\/wp-content\/uploads\/2024\/06\/QUINTAS.png","width":844,"height":456},{"@type":"BreadcrumbList","@id":"https:\/\/apuntesdesanluis.com\/index.php\/2024\/06\/11\/el-senado-aprobo-la-designacion-de-quintas-como-rector-de-la-ulp\/#breadcrumb","itemListElement":[{"@type":"ListItem","position":1,"name":"Inicio","item":"https:\/\/apuntesdesanluis.com\/"},{"@type":"ListItem","position":2,"name":"EL SENADO APROB\u00d3 LA DESIGNACI\u00d3N DE QUINTAS COMO RECTOR DE LA ULP"}]},{"@type":"WebSite","@id":"https:\/\/apuntesdesanluis.com\/#website","url":"https:\/\/apuntesdesanluis.com\/","name":"Apuntes de San Luis","description":"","publisher":{"@id":"https:\/\/apuntesdesanluis.com\/#\/schema\/person\/b55151d52296fcce64d1a72538a70b90"},"potentialAction":[{"@type":"SearchAction","target":{"@type":"EntryPoint","urlTemplate":"https:\/\/apuntesdesanluis.com\/?s={search_term_string}"},"query-input":{"@type":"PropertyValueSpecification","valueRequired":true,"valueName":"search_term_string"}}],"inLanguage":"es-AR"},{"@type":["Person","Organization"],"@id":"https:\/\/apuntesdesanluis.com\/#\/schema\/person\/b55151d52296fcce64d1a72538a70b90","name":"apuntesdesanluis.com","image":{"@type":"ImageObject","inLanguage":"es-AR","@id":"https:\/\/apuntesdesanluis.com\/#\/schema\/person\/image\/","url":"https:\/\/apuntesdesanluis.com\/wp-content\/uploads\/2023\/07\/cropped-apuntesdesanluis.png","contentUrl":"https:\/\/apuntesdesanluis.com\/wp-content\/uploads\/2023\/07\/cropped-apuntesdesanluis.png","width":450,"height":112,"caption":"apuntesdesanluis.com"},"logo":{"@id":"https:\/\/apuntesdesanluis.com\/#\/schema\/person\/image\/"},"sameAs":["https:\/\/apuntesdesanluis.com"],"url":"https:\/\/apuntesdesanluis.com\/index.php\/author\/apuntesdesanluis-com\/"}]}},"featured_image_urls":{"full":["https:\/\/apuntesdesanluis.com\/wp-content\/uploads\/2024\/06\/QUINTAS.png",844,456,false],"thumbnail":["https:\/\/apuntesdesanluis.com\/wp-content\/uploads\/2024\/06\/QUINTAS-150x150.png",150,150,true],"medium":["https:\/\/apuntesdesanluis.com\/wp-content\/uploads\/2024\/06\/QUINTAS-300x162.png",300,162,true],"medium_large":["https:\/\/apuntesdesanluis.com\/wp-content\/uploads\/2024\/06\/QUINTAS-768x415.png",640,346,true],"large":["https:\/\/apuntesdesanluis.com\/wp-content\/uploads\/2024\/06\/QUINTAS.png",640,346,false],"1536x1536":["https:\/\/apuntesdesanluis.com\/wp-content\/uploads\/2024\/06\/QUINTAS.png",844,456,false],"2048x2048":["https:\/\/apuntesdesanluis.com\/wp-content\/uploads\/2024\/06\/QUINTAS.png",844,456,false],"newsever-slider-full":["https:\/\/apuntesdesanluis.com\/wp-content\/uploads\/2024\/06\/QUINTAS.png",844,456,false],"newsever-featured":["https:\/\/apuntesdesanluis.com\/wp-content\/uploads\/2024\/06\/QUINTAS.png",844,456,false],"newsever-medium":["https:\/\/apuntesdesanluis.com\/wp-content\/uploads\/2024\/06\/QUINTAS-720x456.png",720,456,true]},"author_info":{"display_name":"apuntesdesanluis.com","author_link":"https:\/\/apuntesdesanluis.com\/index.php\/author\/apuntesdesanluis-com\/"},"category_info":"<a href=\"https:\/\/apuntesdesanluis.com\/index.php\/category\/ciudad-provincia\/\" rel=\"category tag\">Ciudad\/Provincia<\/a>","tag_info":"Ciudad\/Provincia","comment_count":"0","_links":{"self":[{"href":"https:\/\/apuntesdesanluis.com\/index.php\/wp-json\/wp\/v2\/posts\/17768","targetHints":{"allow":["GET"]}}],"collection":[{"href":"https:\/\/apuntesdesanluis.com\/index.php\/wp-json\/wp\/v2\/posts"}],"about":[{"href":"https:\/\/apuntesdesanluis.com\/index.php\/wp-json\/wp\/v2\/types\/post"}],"author":[{"embeddable":true,"href":"https:\/\/apuntesdesanluis.com\/index.php\/wp-json\/wp\/v2\/users\/1"}],"replies":[{"embeddable":true,"href":"https:\/\/apuntesdesanluis.com\/index.php\/wp-json\/wp\/v2\/comments?post=17768"}],"version-history":[{"count":1,"href":"https:\/\/apuntesdesanluis.com\/index.php\/wp-json\/wp\/v2\/posts\/17768\/revisions"}],"predecessor-version":[{"id":17770,"href":"https:\/\/apuntesdesanluis.com\/index.php\/wp-json\/wp\/v2\/posts\/17768\/revisions\/17770"}],"wp:featuredmedia":[{"embeddable":true,"href":"https:\/\/apuntesdesanluis.com\/index.php\/wp-json\/wp\/v2\/media\/17769"}],"wp:attachment":[{"href":"https:\/\/apuntesdesanluis.com\/index.php\/wp-json\/wp\/v2\/media?parent=17768"}],"wp:term":[{"taxonomy":"category","embeddable":true,"href":"https:\/\/apuntesdesanluis.com\/index.php\/wp-json\/wp\/v2\/categories?post=17768"},{"taxonomy":"post_tag","embeddable":true,"href":"https:\/\/apuntesdesanluis.com\/index.php\/wp-json\/wp\/v2\/tags?post=17768"}],"curies":[{"name":"wp","href":"https:\/\/api.w.org\/{rel}","templated":true}]}}