{"id":17776,"date":"2024-06-12T07:43:58","date_gmt":"2024-06-12T10:43:58","guid":{"rendered":"https:\/\/apuntesdesanluis.com\/?p=17776"},"modified":"2024-06-12T07:43:58","modified_gmt":"2024-06-12T10:43:58","slug":"golpe-politico-los-senadores-de-santa-cruz-anunciaron-que-rechazan-la-ley-bases","status":"publish","type":"post","link":"https:\/\/apuntesdesanluis.com\/index.php\/2024\/06\/12\/golpe-politico-los-senadores-de-santa-cruz-anunciaron-que-rechazan-la-ley-bases\/","title":{"rendered":"GOLPE POL\u00cdTICO: LOS SENADORES DE SANTA CRUZ ANUNCIARON QUE RECHAZAN LA LEY BASES"},"content":{"rendered":"<h3>Los senadores santacruce\u00f1os <strong>Jos\u00e9 Mar\u00eda Carambia<\/strong> y <strong>Natalia Gadano<\/strong> anunciaron que no dar\u00e1n qu\u00f3um para tratar la ley Bases y pusieron al gobierno frente a una crisis dedesenlace desconocido.<\/h3>\n<h3>En un video subido a Instagram dijeron que antes que la ley bases habr\u00eda que tratar la nueva movilidad jubilatoria que sancion\u00f3 Diputados.\u00a0 Estos senadores pretenden sancionar primero la ley de movilidad y cerciorarse que Milei no cumplir\u00eda su palabra de vetarla. Pero al final el oficialismo no acept\u00f3 tratar previamente la ley jubilatoria.<\/h3>\n<p><iframe title=\"Los senadores de Santa Cruz anunciaron que rechazan la ley y entra en crisis el gobierno\" width=\"640\" height=\"360\" src=\"https:\/\/www.youtube.com\/embed\/GCoZFPBnxdA?feature=oembed\" frameborder=\"0\" allow=\"accelerometer; autoplay; clipboard-write; encrypted-media; gyroscope; picture-in-picture; web-share\" referrerpolicy=\"strict-origin-when-cross-origin\" allowfullscreen><\/iframe><\/p>\n<h3>La situaci\u00f3n con los santacruce\u00f1os se agrav\u00f3 por la mala praxis pol\u00edtica del gobierno, que mientras le conced\u00eda a Carambia subir de 3% a 5% las regal\u00edas mineras para que Santa Cruz acompa\u00f1e la ley bases, hablaba con Miguel Pichetto y Emilio Monz\u00f3 para asegurarse que cuando el proyecto regresara a Diputados insistieran con la versi\u00f3n original, as\u00ed esas concesiones quedaban sin efecto.<\/h3>\n<h3>Como era previsible esa maniobra no tard\u00f3 en conocerse en el Senado. Pero adem\u00e1s el Gobierno incumpli\u00f3 otros acuerdos con el gobernador de Santa Cruz, Claudio Vidal, como inform\u00f3 este medio.<\/h3>\n<h3>En su video, los patag\u00f3nicos argumentaron que hace dos semanas firmaron el dictamen en disidencia y reclamaron cambios que ahora el oficialismo no respetar\u00eda. &#8220;Hace varios d\u00edas que estamos sufriendo presiones del gobierno nacional con respecto a esto y realmente no cumplieron y ya quieren cambiar lo que hab\u00edamos acordado&#8221;, expres\u00f3 Carambia.<\/h3>\n<h3>&#8220;El lobby minero es muy grande&#8221;, denunci\u00f3 Carambia, en referencia a la jugada del Gobierno para dejar sin efecto la promesa de aumentar la franja de las regal\u00edas que pueden fijar las provincias por esa actividad del 3 al 5 por ciento.<\/h3>\n<h3>Hace varios d\u00edas que estamos sufriendo presiones del gobierno nacional con respecto a esto y realmente no cumplieron y ya quieren cambiar lo que hab\u00edamos acordado. El lobby minero es muy grande.<\/h3>\n<h3>El golpe pol\u00edtico de los santacruce\u00f1os lleva las negociaciones del gobierno al l\u00edmite y deja en una posici\u00f3n inc\u00f3moda al jefe de Gabinete, Guillermo Francos, que esta martes por la noche fue abordado por periodistas sobre este giro y qued\u00f3 en evidencia que lo desconoc\u00eda por completo.<\/h3>\n<h3>Lo que no est\u00e1 claro es si los santacruce\u00f1os votar\u00e1n contra la norma o se abstendr\u00e1n, este \u00faltimo es un escenario que permite mantener abierta la expectativa del gobierno de conseguir la sanci\u00f3n de la ley.<\/h3>\n<h3>Pero la situaci\u00f3n es delicada para el oficialismo, que gira en torno a los 36 votos, quedando a uno de los 37 necesarios para conseguir qu\u00f3rum. Objetivo que podr\u00eda facilitarle Mart\u00edn Lousteau, que anticip\u00f3 que votar\u00e1 contra el proyecto oficial e ir\u00e1 con su dictamen, lo que le da la coartada para favorecer el qu\u00f3rum, si quisiera hacerle un gesto al gobierno.<\/h3>\n<h3>Pero todo se complica para un Gobierno que aparece contra las cuerdas y queda preso de negociaciones de \u00faltimo momento: en las \u00faltimas horas trascendi\u00f3 que el radical Maximiliano Abad &#8220;a\u00fan no tiene definido&#8221; c\u00f3mo votar\u00e1. En el radicalismo oficialista contaban con su voto.<\/h3>\n<h3>Hasta este martes, el Gobierno contaba a Abad como uno de los 36 votos por la afirmativa. Si el titular de la UCR bonaerense se abstuviera, los libertarios podr\u00edan perder la votaci\u00f3n por uno.<\/h3>\n<h3>Mart\u00edn Lousteau\u00a0 anticip\u00f3 que votar\u00e1 contra el proyecto oficial e ir\u00e1 con su propio dictamen, lo que le da la coartada para favorecer el qu\u00f3rum, si quisiera hacerle un gesto al gobierno.<\/h3>\n<h3>Desde su entorno, advirtieron que &#8220;los cambios a los que accedi\u00f3 el gobierno fueron cosm\u00e9ticos&#8221;, una frase casi calcada de la que expres\u00f3 el propio Lousteau durante la \u00faltima reuni\u00f3n del plenario de comisiones en la C\u00e1mara Alta. Adem\u00e1s, recordaron que Abad no firm\u00f3 ninguno de los dict\u00e1menes.<\/h3>\n<p>&nbsp;<\/p>\n<p>&nbsp;<\/p>\n<p>&nbsp;<\/p>\n<p>&nbsp;<\/p>\n<p>&nbsp;<\/p>\n<p>&nbsp;<\/p>\n","protected":false},"excerpt":{"rendered":"<p>Los senadores santacruce\u00f1os Jos\u00e9 Mar\u00eda Carambia y Natalia Gadano anunciaron que no dar\u00e1n qu\u00f3um para&#8230;<\/p>\n","protected":false},"author":1,"featured_media":17777,"comment_status":"closed","ping_status":"closed","sticky":false,"template":"","format":"standard","meta":{"footnotes":""},"categories":[5],"tags":[],"class_list":["post-17776","post","type-post","status-publish","format-standard","has-post-thumbnail","hentry","category-nacionales-internacionales"],"yoast_head":"<!-- This site is optimized with the Yoast SEO plugin v26.1.1 - https:\/\/yoast.com\/wordpress\/plugins\/seo\/ -->\n<title>GOLPE POL\u00cdTICO: LOS SENADORES DE SANTA CRUZ ANUNCIARON QUE RECHAZAN LA LEY BASES - Apuntes de San Luis<\/title>\n<meta name=\"robots\" content=\"index, follow, max-snippet:-1, max-image-preview:large, max-video-preview:-1\" \/>\n<link rel=\"canonical\" href=\"https:\/\/apuntesdesanluis.com\/index.php\/2024\/06\/12\/golpe-politico-los-senadores-de-santa-cruz-anunciaron-que-rechazan-la-ley-bases\/\" \/>\n<meta property=\"og:locale\" content=\"es_ES\" \/>\n<meta property=\"og:type\" content=\"article\" \/>\n<meta property=\"og:title\" content=\"GOLPE POL\u00cdTICO: LOS SENADORES DE SANTA CRUZ ANUNCIARON QUE RECHAZAN LA LEY BASES - Apuntes de San Luis\" \/>\n<meta property=\"og:description\" content=\"Los senadores santacruce\u00f1os Jos\u00e9 Mar\u00eda Carambia y Natalia Gadano anunciaron que no dar\u00e1n qu\u00f3um para...\" \/>\n<meta property=\"og:url\" content=\"https:\/\/apuntesdesanluis.com\/index.php\/2024\/06\/12\/golpe-politico-los-senadores-de-santa-cruz-anunciaron-que-rechazan-la-ley-bases\/\" \/>\n<meta property=\"og:site_name\" content=\"Apuntes de San Luis\" \/>\n<meta property=\"article:published_time\" content=\"2024-06-12T10:43:58+00:00\" \/>\n<meta property=\"og:image\" content=\"https:\/\/apuntesdesanluis.com\/wp-content\/uploads\/2024\/06\/senadores-de-santa-cruz.png\" \/>\n\t<meta property=\"og:image:width\" content=\"615\" \/>\n\t<meta property=\"og:image:height\" content=\"371\" \/>\n\t<meta property=\"og:image:type\" content=\"image\/png\" \/>\n<meta name=\"author\" content=\"apuntesdesanluis.com\" \/>\n<meta name=\"twitter:card\" content=\"summary_large_image\" \/>\n<meta name=\"twitter:label1\" content=\"Escrito por\" \/>\n\t<meta name=\"twitter:data1\" content=\"apuntesdesanluis.com\" \/>\n\t<meta name=\"twitter:label2\" content=\"Tiempo de lectura\" \/>\n\t<meta name=\"twitter:data2\" content=\"3 minutos\" \/>\n<script type=\"application\/ld+json\" class=\"yoast-schema-graph\">{\"@context\":\"https:\/\/schema.org\",\"@graph\":[{\"@type\":\"Article\",\"@id\":\"https:\/\/apuntesdesanluis.com\/index.php\/2024\/06\/12\/golpe-politico-los-senadores-de-santa-cruz-anunciaron-que-rechazan-la-ley-bases\/#article\",\"isPartOf\":{\"@id\":\"https:\/\/apuntesdesanluis.com\/index.php\/2024\/06\/12\/golpe-politico-los-senadores-de-santa-cruz-anunciaron-que-rechazan-la-ley-bases\/\"},\"author\":{\"name\":\"apuntesdesanluis.com\",\"@id\":\"https:\/\/apuntesdesanluis.com\/#\/schema\/person\/b55151d52296fcce64d1a72538a70b90\"},\"headline\":\"GOLPE POL\u00cdTICO: LOS SENADORES DE SANTA CRUZ ANUNCIARON QUE RECHAZAN LA LEY BASES\",\"datePublished\":\"2024-06-12T10:43:58+00:00\",\"mainEntityOfPage\":{\"@id\":\"https:\/\/apuntesdesanluis.com\/index.php\/2024\/06\/12\/golpe-politico-los-senadores-de-santa-cruz-anunciaron-que-rechazan-la-ley-bases\/\"},\"wordCount\":672,\"publisher\":{\"@id\":\"https:\/\/apuntesdesanluis.com\/#\/schema\/person\/b55151d52296fcce64d1a72538a70b90\"},\"image\":{\"@id\":\"https:\/\/apuntesdesanluis.com\/index.php\/2024\/06\/12\/golpe-politico-los-senadores-de-santa-cruz-anunciaron-que-rechazan-la-ley-bases\/#primaryimage\"},\"thumbnailUrl\":\"https:\/\/apuntesdesanluis.com\/wp-content\/uploads\/2024\/06\/senadores-de-santa-cruz.png\",\"articleSection\":[\"Nacionales\/Internacionales\"],\"inLanguage\":\"es-AR\"},{\"@type\":\"WebPage\",\"@id\":\"https:\/\/apuntesdesanluis.com\/index.php\/2024\/06\/12\/golpe-politico-los-senadores-de-santa-cruz-anunciaron-que-rechazan-la-ley-bases\/\",\"url\":\"https:\/\/apuntesdesanluis.com\/index.php\/2024\/06\/12\/golpe-politico-los-senadores-de-santa-cruz-anunciaron-que-rechazan-la-ley-bases\/\",\"name\":\"GOLPE POL\u00cdTICO: LOS SENADORES DE SANTA CRUZ ANUNCIARON QUE RECHAZAN LA LEY BASES - Apuntes de San Luis\",\"isPartOf\":{\"@id\":\"https:\/\/apuntesdesanluis.com\/#website\"},\"primaryImageOfPage\":{\"@id\":\"https:\/\/apuntesdesanluis.com\/index.php\/2024\/06\/12\/golpe-politico-los-senadores-de-santa-cruz-anunciaron-que-rechazan-la-ley-bases\/#primaryimage\"},\"image\":{\"@id\":\"https:\/\/apuntesdesanluis.com\/index.php\/2024\/06\/12\/golpe-politico-los-senadores-de-santa-cruz-anunciaron-que-rechazan-la-ley-bases\/#primaryimage\"},\"thumbnailUrl\":\"https:\/\/apuntesdesanluis.com\/wp-content\/uploads\/2024\/06\/senadores-de-santa-cruz.png\",\"datePublished\":\"2024-06-12T10:43:58+00:00\",\"breadcrumb\":{\"@id\":\"https:\/\/apuntesdesanluis.com\/index.php\/2024\/06\/12\/golpe-politico-los-senadores-de-santa-cruz-anunciaron-que-rechazan-la-ley-bases\/#breadcrumb\"},\"inLanguage\":\"es-AR\",\"potentialAction\":[{\"@type\":\"ReadAction\",\"target\":[\"https:\/\/apuntesdesanluis.com\/index.php\/2024\/06\/12\/golpe-politico-los-senadores-de-santa-cruz-anunciaron-que-rechazan-la-ley-bases\/\"]}]},{\"@type\":\"ImageObject\",\"inLanguage\":\"es-AR\",\"@id\":\"https:\/\/apuntesdesanluis.com\/index.php\/2024\/06\/12\/golpe-politico-los-senadores-de-santa-cruz-anunciaron-que-rechazan-la-ley-bases\/#primaryimage\",\"url\":\"https:\/\/apuntesdesanluis.com\/wp-content\/uploads\/2024\/06\/senadores-de-santa-cruz.png\",\"contentUrl\":\"https:\/\/apuntesdesanluis.com\/wp-content\/uploads\/2024\/06\/senadores-de-santa-cruz.png\",\"width\":615,\"height\":371},{\"@type\":\"BreadcrumbList\",\"@id\":\"https:\/\/apuntesdesanluis.com\/index.php\/2024\/06\/12\/golpe-politico-los-senadores-de-santa-cruz-anunciaron-que-rechazan-la-ley-bases\/#breadcrumb\",\"itemListElement\":[{\"@type\":\"ListItem\",\"position\":1,\"name\":\"Inicio\",\"item\":\"https:\/\/apuntesdesanluis.com\/\"},{\"@type\":\"ListItem\",\"position\":2,\"name\":\"GOLPE POL\u00cdTICO: LOS SENADORES DE SANTA CRUZ ANUNCIARON QUE RECHAZAN LA LEY BASES\"}]},{\"@type\":\"WebSite\",\"@id\":\"https:\/\/apuntesdesanluis.com\/#website\",\"url\":\"https:\/\/apuntesdesanluis.com\/\",\"name\":\"Apuntes de San Luis\",\"description\":\"\",\"publisher\":{\"@id\":\"https:\/\/apuntesdesanluis.com\/#\/schema\/person\/b55151d52296fcce64d1a72538a70b90\"},\"potentialAction\":[{\"@type\":\"SearchAction\",\"target\":{\"@type\":\"EntryPoint\",\"urlTemplate\":\"https:\/\/apuntesdesanluis.com\/?s={search_term_string}\"},\"query-input\":{\"@type\":\"PropertyValueSpecification\",\"valueRequired\":true,\"valueName\":\"search_term_string\"}}],\"inLanguage\":\"es-AR\"},{\"@type\":[\"Person\",\"Organization\"],\"@id\":\"https:\/\/apuntesdesanluis.com\/#\/schema\/person\/b55151d52296fcce64d1a72538a70b90\",\"name\":\"apuntesdesanluis.com\",\"image\":{\"@type\":\"ImageObject\",\"inLanguage\":\"es-AR\",\"@id\":\"https:\/\/apuntesdesanluis.com\/#\/schema\/person\/image\/\",\"url\":\"https:\/\/apuntesdesanluis.com\/wp-content\/uploads\/2023\/07\/cropped-apuntesdesanluis.png\",\"contentUrl\":\"https:\/\/apuntesdesanluis.com\/wp-content\/uploads\/2023\/07\/cropped-apuntesdesanluis.png\",\"width\":450,\"height\":112,\"caption\":\"apuntesdesanluis.com\"},\"logo\":{\"@id\":\"https:\/\/apuntesdesanluis.com\/#\/schema\/person\/image\/\"},\"sameAs\":[\"https:\/\/apuntesdesanluis.com\"],\"url\":\"https:\/\/apuntesdesanluis.com\/index.php\/author\/apuntesdesanluis-com\/\"}]}<\/script>\n<!-- \/ Yoast SEO plugin. -->","yoast_head_json":{"title":"GOLPE POL\u00cdTICO: LOS SENADORES DE SANTA CRUZ ANUNCIARON QUE RECHAZAN LA LEY BASES - Apuntes de San Luis","robots":{"index":"index","follow":"follow","max-snippet":"max-snippet:-1","max-image-preview":"max-image-preview:large","max-video-preview":"max-video-preview:-1"},"canonical":"https:\/\/apuntesdesanluis.com\/index.php\/2024\/06\/12\/golpe-politico-los-senadores-de-santa-cruz-anunciaron-que-rechazan-la-ley-bases\/","og_locale":"es_ES","og_type":"article","og_title":"GOLPE POL\u00cdTICO: LOS SENADORES DE SANTA CRUZ ANUNCIARON QUE RECHAZAN LA LEY BASES - Apuntes de San Luis","og_description":"Los senadores santacruce\u00f1os Jos\u00e9 Mar\u00eda Carambia y Natalia Gadano anunciaron que no dar\u00e1n qu\u00f3um para...","og_url":"https:\/\/apuntesdesanluis.com\/index.php\/2024\/06\/12\/golpe-politico-los-senadores-de-santa-cruz-anunciaron-que-rechazan-la-ley-bases\/","og_site_name":"Apuntes de San Luis","article_published_time":"2024-06-12T10:43:58+00:00","og_image":[{"width":615,"height":371,"url":"https:\/\/apuntesdesanluis.com\/wp-content\/uploads\/2024\/06\/senadores-de-santa-cruz.png","type":"image\/png"}],"author":"apuntesdesanluis.com","twitter_card":"summary_large_image","twitter_misc":{"Escrito por":"apuntesdesanluis.com","Tiempo de lectura":"3 minutos"},"schema":{"@context":"https:\/\/schema.org","@graph":[{"@type":"Article","@id":"https:\/\/apuntesdesanluis.com\/index.php\/2024\/06\/12\/golpe-politico-los-senadores-de-santa-cruz-anunciaron-que-rechazan-la-ley-bases\/#article","isPartOf":{"@id":"https:\/\/apuntesdesanluis.com\/index.php\/2024\/06\/12\/golpe-politico-los-senadores-de-santa-cruz-anunciaron-que-rechazan-la-ley-bases\/"},"author":{"name":"apuntesdesanluis.com","@id":"https:\/\/apuntesdesanluis.com\/#\/schema\/person\/b55151d52296fcce64d1a72538a70b90"},"headline":"GOLPE POL\u00cdTICO: LOS SENADORES DE SANTA CRUZ ANUNCIARON QUE RECHAZAN LA LEY BASES","datePublished":"2024-06-12T10:43:58+00:00","mainEntityOfPage":{"@id":"https:\/\/apuntesdesanluis.com\/index.php\/2024\/06\/12\/golpe-politico-los-senadores-de-santa-cruz-anunciaron-que-rechazan-la-ley-bases\/"},"wordCount":672,"publisher":{"@id":"https:\/\/apuntesdesanluis.com\/#\/schema\/person\/b55151d52296fcce64d1a72538a70b90"},"image":{"@id":"https:\/\/apuntesdesanluis.com\/index.php\/2024\/06\/12\/golpe-politico-los-senadores-de-santa-cruz-anunciaron-que-rechazan-la-ley-bases\/#primaryimage"},"thumbnailUrl":"https:\/\/apuntesdesanluis.com\/wp-content\/uploads\/2024\/06\/senadores-de-santa-cruz.png","articleSection":["Nacionales\/Internacionales"],"inLanguage":"es-AR"},{"@type":"WebPage","@id":"https:\/\/apuntesdesanluis.com\/index.php\/2024\/06\/12\/golpe-politico-los-senadores-de-santa-cruz-anunciaron-que-rechazan-la-ley-bases\/","url":"https:\/\/apuntesdesanluis.com\/index.php\/2024\/06\/12\/golpe-politico-los-senadores-de-santa-cruz-anunciaron-que-rechazan-la-ley-bases\/","name":"GOLPE POL\u00cdTICO: LOS SENADORES DE SANTA CRUZ ANUNCIARON QUE RECHAZAN LA LEY BASES - Apuntes de San Luis","isPartOf":{"@id":"https:\/\/apuntesdesanluis.com\/#website"},"primaryImageOfPage":{"@id":"https:\/\/apuntesdesanluis.com\/index.php\/2024\/06\/12\/golpe-politico-los-senadores-de-santa-cruz-anunciaron-que-rechazan-la-ley-bases\/#primaryimage"},"image":{"@id":"https:\/\/apuntesdesanluis.com\/index.php\/2024\/06\/12\/golpe-politico-los-senadores-de-santa-cruz-anunciaron-que-rechazan-la-ley-bases\/#primaryimage"},"thumbnailUrl":"https:\/\/apuntesdesanluis.com\/wp-content\/uploads\/2024\/06\/senadores-de-santa-cruz.png","datePublished":"2024-06-12T10:43:58+00:00","breadcrumb":{"@id":"https:\/\/apuntesdesanluis.com\/index.php\/2024\/06\/12\/golpe-politico-los-senadores-de-santa-cruz-anunciaron-que-rechazan-la-ley-bases\/#breadcrumb"},"inLanguage":"es-AR","potentialAction":[{"@type":"ReadAction","target":["https:\/\/apuntesdesanluis.com\/index.php\/2024\/06\/12\/golpe-politico-los-senadores-de-santa-cruz-anunciaron-que-rechazan-la-ley-bases\/"]}]},{"@type":"ImageObject","inLanguage":"es-AR","@id":"https:\/\/apuntesdesanluis.com\/index.php\/2024\/06\/12\/golpe-politico-los-senadores-de-santa-cruz-anunciaron-que-rechazan-la-ley-bases\/#primaryimage","url":"https:\/\/apuntesdesanluis.com\/wp-content\/uploads\/2024\/06\/senadores-de-santa-cruz.png","contentUrl":"https:\/\/apuntesdesanluis.com\/wp-content\/uploads\/2024\/06\/senadores-de-santa-cruz.png","width":615,"height":371},{"@type":"BreadcrumbList","@id":"https:\/\/apuntesdesanluis.com\/index.php\/2024\/06\/12\/golpe-politico-los-senadores-de-santa-cruz-anunciaron-que-rechazan-la-ley-bases\/#breadcrumb","itemListElement":[{"@type":"ListItem","position":1,"name":"Inicio","item":"https:\/\/apuntesdesanluis.com\/"},{"@type":"ListItem","position":2,"name":"GOLPE POL\u00cdTICO: LOS SENADORES DE SANTA CRUZ ANUNCIARON QUE RECHAZAN LA LEY BASES"}]},{"@type":"WebSite","@id":"https:\/\/apuntesdesanluis.com\/#website","url":"https:\/\/apuntesdesanluis.com\/","name":"Apuntes de San Luis","description":"","publisher":{"@id":"https:\/\/apuntesdesanluis.com\/#\/schema\/person\/b55151d52296fcce64d1a72538a70b90"},"potentialAction":[{"@type":"SearchAction","target":{"@type":"EntryPoint","urlTemplate":"https:\/\/apuntesdesanluis.com\/?s={search_term_string}"},"query-input":{"@type":"PropertyValueSpecification","valueRequired":true,"valueName":"search_term_string"}}],"inLanguage":"es-AR"},{"@type":["Person","Organization"],"@id":"https:\/\/apuntesdesanluis.com\/#\/schema\/person\/b55151d52296fcce64d1a72538a70b90","name":"apuntesdesanluis.com","image":{"@type":"ImageObject","inLanguage":"es-AR","@id":"https:\/\/apuntesdesanluis.com\/#\/schema\/person\/image\/","url":"https:\/\/apuntesdesanluis.com\/wp-content\/uploads\/2023\/07\/cropped-apuntesdesanluis.png","contentUrl":"https:\/\/apuntesdesanluis.com\/wp-content\/uploads\/2023\/07\/cropped-apuntesdesanluis.png","width":450,"height":112,"caption":"apuntesdesanluis.com"},"logo":{"@id":"https:\/\/apuntesdesanluis.com\/#\/schema\/person\/image\/"},"sameAs":["https:\/\/apuntesdesanluis.com"],"url":"https:\/\/apuntesdesanluis.com\/index.php\/author\/apuntesdesanluis-com\/"}]}},"featured_image_urls":{"full":["https:\/\/apuntesdesanluis.com\/wp-content\/uploads\/2024\/06\/senadores-de-santa-cruz.png",615,371,false],"thumbnail":["https:\/\/apuntesdesanluis.com\/wp-content\/uploads\/2024\/06\/senadores-de-santa-cruz-150x150.png",150,150,true],"medium":["https:\/\/apuntesdesanluis.com\/wp-content\/uploads\/2024\/06\/senadores-de-santa-cruz-300x181.png",300,181,true],"medium_large":["https:\/\/apuntesdesanluis.com\/wp-content\/uploads\/2024\/06\/senadores-de-santa-cruz.png",615,371,false],"large":["https:\/\/apuntesdesanluis.com\/wp-content\/uploads\/2024\/06\/senadores-de-santa-cruz.png",615,371,false],"1536x1536":["https:\/\/apuntesdesanluis.com\/wp-content\/uploads\/2024\/06\/senadores-de-santa-cruz.png",615,371,false],"2048x2048":["https:\/\/apuntesdesanluis.com\/wp-content\/uploads\/2024\/06\/senadores-de-santa-cruz.png",615,371,false],"newsever-slider-full":["https:\/\/apuntesdesanluis.com\/wp-content\/uploads\/2024\/06\/senadores-de-santa-cruz.png",615,371,false],"newsever-featured":["https:\/\/apuntesdesanluis.com\/wp-content\/uploads\/2024\/06\/senadores-de-santa-cruz.png",615,371,false],"newsever-medium":["https:\/\/apuntesdesanluis.com\/wp-content\/uploads\/2024\/06\/senadores-de-santa-cruz.png",615,371,false]},"author_info":{"display_name":"apuntesdesanluis.com","author_link":"https:\/\/apuntesdesanluis.com\/index.php\/author\/apuntesdesanluis-com\/"},"category_info":"<a href=\"https:\/\/apuntesdesanluis.com\/index.php\/category\/nacionales-internacionales\/\" rel=\"category tag\">Nacionales\/Internacionales<\/a>","tag_info":"Nacionales\/Internacionales","comment_count":"0","_links":{"self":[{"href":"https:\/\/apuntesdesanluis.com\/index.php\/wp-json\/wp\/v2\/posts\/17776","targetHints":{"allow":["GET"]}}],"collection":[{"href":"https:\/\/apuntesdesanluis.com\/index.php\/wp-json\/wp\/v2\/posts"}],"about":[{"href":"https:\/\/apuntesdesanluis.com\/index.php\/wp-json\/wp\/v2\/types\/post"}],"author":[{"embeddable":true,"href":"https:\/\/apuntesdesanluis.com\/index.php\/wp-json\/wp\/v2\/users\/1"}],"replies":[{"embeddable":true,"href":"https:\/\/apuntesdesanluis.com\/index.php\/wp-json\/wp\/v2\/comments?post=17776"}],"version-history":[{"count":1,"href":"https:\/\/apuntesdesanluis.com\/index.php\/wp-json\/wp\/v2\/posts\/17776\/revisions"}],"predecessor-version":[{"id":17778,"href":"https:\/\/apuntesdesanluis.com\/index.php\/wp-json\/wp\/v2\/posts\/17776\/revisions\/17778"}],"wp:featuredmedia":[{"embeddable":true,"href":"https:\/\/apuntesdesanluis.com\/index.php\/wp-json\/wp\/v2\/media\/17777"}],"wp:attachment":[{"href":"https:\/\/apuntesdesanluis.com\/index.php\/wp-json\/wp\/v2\/media?parent=17776"}],"wp:term":[{"taxonomy":"category","embeddable":true,"href":"https:\/\/apuntesdesanluis.com\/index.php\/wp-json\/wp\/v2\/categories?post=17776"},{"taxonomy":"post_tag","embeddable":true,"href":"https:\/\/apuntesdesanluis.com\/index.php\/wp-json\/wp\/v2\/tags?post=17776"}],"curies":[{"name":"wp","href":"https:\/\/api.w.org\/{rel}","templated":true}]}}