{"id":17791,"date":"2024-06-12T13:00:27","date_gmt":"2024-06-12T16:00:27","guid":{"rendered":"https:\/\/apuntesdesanluis.com\/?p=17791"},"modified":"2024-06-12T13:00:27","modified_gmt":"2024-06-12T16:00:27","slug":"los-dolores-que-nos-quedan-son-las-libertades-que-nos-faltan","status":"publish","type":"post","link":"https:\/\/apuntesdesanluis.com\/index.php\/2024\/06\/12\/los-dolores-que-nos-quedan-son-las-libertades-que-nos-faltan\/","title":{"rendered":"\u201cLOS DOLORES QUE NOS QUEDAN, SON LAS LIBERTADES QUE NOS FALTAN\u201d"},"content":{"rendered":"<h3><strong>Por Arnoldo Pucci *<\/strong><\/h3>\n<p><img fetchpriority=\"high\" decoding=\"async\" class=\"wp-image-2077 aligncenter\" src=\"https:\/\/apuntesdesanluis.com\/wp-content\/uploads\/2023\/08\/A.Pucci_-e1706668191513-300x251.jpg\" alt=\"\" width=\"515\" height=\"431\" srcset=\"https:\/\/apuntesdesanluis.com\/wp-content\/uploads\/2023\/08\/A.Pucci_-e1706668191513-300x251.jpg 300w, https:\/\/apuntesdesanluis.com\/wp-content\/uploads\/2023\/08\/A.Pucci_-e1706668191513.jpg 499w\" sizes=\"(max-width: 515px) 100vw, 515px\" \/><\/p>\n<h3>A m\u00e1s de 100 a\u00f1os de que aquellos que forjaron la hist\u00f3rica Reforma Universitaria del \u00b418 y que escribieran la frase que encabeza esta columna, todav\u00eda resuenan las voces en los pasillos y aulas de nuestras universidades. Porque hoy, a partir de este gobierno anarco capitalista, al sistema universitario argentino le quedan muchos dolores y le faltan muchas libertades pese a un gobierno que se jacta de defender la libertad.<\/h3>\n<h3>Entre muchos de los dolores que quedan est\u00e1n docentes por debajo de la l\u00ednea de la pobreza, estudiantes sin posibilidades de becas que les permitan a aquellos m\u00e1s vulnerables la continuidad de sus estudios, sin financiamiento de nuestro sistema cient\u00edfico tecnol\u00f3gico que fuera modelo en el mundo, universidades que corren serios riesgos de subsistencia por falta de presupuesto de funcionamiento, funcionarios que ningunean a la educaci\u00f3n p\u00fablica incluidos a los alumnos, docentes, no docentes y todos los actores del sistema universitario. Tambi\u00e9n, funcionarios que se creen seres superiores que vienen de un futuro apocal\u00edptico y en nombre de ello llevan adelante el intento de destrucci\u00f3n de la <strong>EDUCACI\u00d3N PUBLICA. <\/strong><\/h3>\n<h3>Asumi\u00e9ndose graciosamente como \u201ctopos que vienen al destruir el Estado\u201d.<\/h3>\n<h3>No solo resuenan las voces de aquellos que forjaron la Reforma Universitaria del \u00b418, sino tambi\u00e9n las voces de cientos de hijos de trabajadores\/as que pudieron estudiar por la creaci\u00f3n de la Universidad Obrera Nacional en 1948 y \u00a0la gratuidad universitaria de 1949, que fueran implementada para formar profesionalmente a la clase trabajadora y favorecer su movilidad social ascendente.<\/h3>\n<h3>Tambi\u00e9n resuenan el taconeo de las fuerzas armadas que ingresaran por la fuerza a nuestras universidades en la conocida Noche de los Bastones Largos en la dictadura del Gral Ongan\u00eda en 1966. Posteriormente unos a\u00f1os m\u00e1s tarde, ante la eliminaci\u00f3n de conquistas sociales de los trabajadores y trabajadoras por parte de la dictadura que ten\u00eda como ministro de econom\u00eda Adalbert Krieger Vasena, quien derog\u00f3 la Ley del &#8220;s\u00e1bado ingl\u00e9s&#8221;.\u00a0 Se trataba de un beneficio laboral que establec\u00eda el pago doble por las horas trabajadas despu\u00e9s de las 13:00 los s\u00e1bados.<\/h3>\n<h3>Ese personaje aplicaba pol\u00edticas similares a las del actual gobierno, por lo que se generaron jornadas de lucha popular que la dictadura, aquel 29 de mayo de 1969 intent\u00f3 aplacar, ordenando sitiar la ciudad de C\u00f3rdoba en la madrugada por la polic\u00eda provincial. Las fuerzas policiales se vieron desbordadas por los manifestantes y entonces el gobierno de facto orden\u00f3 a las fuerzas armadas tomar nuevamente el control de la ciudad. Cualquier parecido con la actualidad no es una mera casualidad, los planes de ajuste feroces solo cierran con represi\u00f3n.<\/h3>\n<h3>De esa universidad plagada de luchas, resistencias y de importantes logros es de donde venimos y por reivindicaci\u00f3n de esas luchas y resistencia; es que, ante esta pol\u00edtica que tiende a destruir a la <strong>UNIVERSIDAD PUBLICA, GRATUITA, INCLUSIVA Y DE CALIDAD<\/strong>, con sueldos docentes de hambre, estudiantes que ven peligrar su continuidad en sus estudios universitarios, cient\u00edficos que tienen que emigrar ante la destrucci\u00f3n del sistema cient\u00edfico tecnol\u00f3gico, es que decimos,<\/h3>\n<ul>\n<li>\n<h3>NO AL DECRETO 70\/23.<\/h3>\n<\/li>\n<li>\n<h3>NO A LA LEY BASES.<\/h3>\n<\/li>\n<li>\n<h3>NO AL PAQUETE IMPOSITIVO.<\/h3>\n<\/li>\n<\/ul>\n<h3>Tambi\u00e9n, decimos:<\/h3>\n<ul>\n<li>\n<h3>SI A SALARIOS DIGNOS.<\/h3>\n<\/li>\n<li>\n<h3>SI A PARITARIAS LIBRES.<\/h3>\n<\/li>\n<li>\n<h3>SI A MAYOR PRESUPUESTO PARA BECAS ESTUDIANTILES.<\/h3>\n<\/li>\n<li>\n<h3>SI A MAYOR FINANCIAMIENTO DE NUESTRAS UNIVERSIDADES.<\/h3>\n<\/li>\n<li>\n<h3>SI A MAYOR FINANCIAMIENTO DEL SISTEMA CIENTIFICO TECONLOGICO.<\/h3>\n<\/li>\n<\/ul>\n<h3>Por todo esto, en defensa de la UNIVERSIDAD PUBLICA, GRATUITA, INCLUSIVA Y DE CALIDAD y de la acci\u00f3n en la resistencia porque aunque<strong> \u201c<u>Los dolores que quedan son las libertades que nos faltan<\/u>\u201d, <\/strong>les decimos que nos sobran: manos, paredes, pensamiento cr\u00edtico para reescribir nuestra historia, generar certidumbre, unidad de todas y todos los actores del sistema universitario que generan un movimiento para no estancarnos y que todo esto nos da <strong>FUERZA, ESPERANZA, Y QUE NUESTRAS MANOS Y VOCES NOS PERMITEN ESCRIBIR Y GRITAR A LOS CUATRO VIENTOS QUE ESTAMOS AQU\u00cd Y NOS QUEDAREMOS HASTA QUE:<\/strong><\/h3>\n<h3><strong>\u201c<u>NO NOS SOBREN DOLORES Y NO TENGAMOS LIBERTADES QUE NOS FALTEN<\/u>\u201d.<\/strong><\/h3>\n<p>&nbsp;<\/p>\n<p><em><strong>* Secretario General ADOI-CONADU.<\/strong><\/em><\/p>\n<p>&nbsp;<\/p>\n<p>&nbsp;<\/p>\n<p>&nbsp;<\/p>\n<p>&nbsp;<\/p>\n<p>&nbsp;<\/p>\n","protected":false},"excerpt":{"rendered":"<p>Por Arnoldo Pucci * A m\u00e1s de 100 a\u00f1os de que aquellos que forjaron la&#8230;<\/p>\n","protected":false},"author":1,"featured_media":17792,"comment_status":"closed","ping_status":"closed","sticky":false,"template":"","format":"standard","meta":{"footnotes":""},"categories":[9],"tags":[],"class_list":["post-17791","post","type-post","status-publish","format-standard","has-post-thumbnail","hentry","category-opinion"],"yoast_head":"<!-- This site is optimized with the Yoast SEO plugin v26.1.1 - https:\/\/yoast.com\/wordpress\/plugins\/seo\/ -->\n<title>\u201cLOS DOLORES QUE NOS QUEDAN, SON LAS LIBERTADES QUE NOS FALTAN\u201d - Apuntes de San Luis<\/title>\n<meta name=\"robots\" content=\"index, follow, max-snippet:-1, max-image-preview:large, max-video-preview:-1\" \/>\n<link rel=\"canonical\" href=\"https:\/\/apuntesdesanluis.com\/index.php\/2024\/06\/12\/los-dolores-que-nos-quedan-son-las-libertades-que-nos-faltan\/\" \/>\n<meta property=\"og:locale\" content=\"es_ES\" \/>\n<meta property=\"og:type\" content=\"article\" \/>\n<meta property=\"og:title\" content=\"\u201cLOS DOLORES QUE NOS QUEDAN, SON LAS LIBERTADES QUE NOS FALTAN\u201d - Apuntes de San Luis\" \/>\n<meta property=\"og:description\" content=\"Por Arnoldo Pucci * A m\u00e1s de 100 a\u00f1os de que aquellos que forjaron la...\" \/>\n<meta property=\"og:url\" content=\"https:\/\/apuntesdesanluis.com\/index.php\/2024\/06\/12\/los-dolores-que-nos-quedan-son-las-libertades-que-nos-faltan\/\" \/>\n<meta property=\"og:site_name\" content=\"Apuntes de San Luis\" \/>\n<meta property=\"article:published_time\" content=\"2024-06-12T16:00:27+00:00\" \/>\n<meta property=\"og:image\" content=\"https:\/\/apuntesdesanluis.com\/wp-content\/uploads\/2024\/06\/bastones-largos.png\" \/>\n\t<meta property=\"og:image:width\" content=\"460\" \/>\n\t<meta property=\"og:image:height\" content=\"311\" \/>\n\t<meta property=\"og:image:type\" content=\"image\/png\" \/>\n<meta name=\"author\" content=\"apuntesdesanluis.com\" \/>\n<meta name=\"twitter:card\" content=\"summary_large_image\" \/>\n<meta name=\"twitter:label1\" content=\"Escrito por\" \/>\n\t<meta name=\"twitter:data1\" content=\"apuntesdesanluis.com\" \/>\n\t<meta name=\"twitter:label2\" content=\"Tiempo de lectura\" \/>\n\t<meta name=\"twitter:data2\" content=\"4 minutos\" \/>\n<script type=\"application\/ld+json\" class=\"yoast-schema-graph\">{\"@context\":\"https:\/\/schema.org\",\"@graph\":[{\"@type\":\"Article\",\"@id\":\"https:\/\/apuntesdesanluis.com\/index.php\/2024\/06\/12\/los-dolores-que-nos-quedan-son-las-libertades-que-nos-faltan\/#article\",\"isPartOf\":{\"@id\":\"https:\/\/apuntesdesanluis.com\/index.php\/2024\/06\/12\/los-dolores-que-nos-quedan-son-las-libertades-que-nos-faltan\/\"},\"author\":{\"name\":\"apuntesdesanluis.com\",\"@id\":\"https:\/\/apuntesdesanluis.com\/#\/schema\/person\/b55151d52296fcce64d1a72538a70b90\"},\"headline\":\"\u201cLOS DOLORES QUE NOS QUEDAN, SON LAS LIBERTADES QUE NOS FALTAN\u201d\",\"datePublished\":\"2024-06-12T16:00:27+00:00\",\"mainEntityOfPage\":{\"@id\":\"https:\/\/apuntesdesanluis.com\/index.php\/2024\/06\/12\/los-dolores-que-nos-quedan-son-las-libertades-que-nos-faltan\/\"},\"wordCount\":707,\"publisher\":{\"@id\":\"https:\/\/apuntesdesanluis.com\/#\/schema\/person\/b55151d52296fcce64d1a72538a70b90\"},\"image\":{\"@id\":\"https:\/\/apuntesdesanluis.com\/index.php\/2024\/06\/12\/los-dolores-que-nos-quedan-son-las-libertades-que-nos-faltan\/#primaryimage\"},\"thumbnailUrl\":\"https:\/\/apuntesdesanluis.com\/wp-content\/uploads\/2024\/06\/bastones-largos.png\",\"articleSection\":[\"Opini\u00f3n\"],\"inLanguage\":\"es-AR\"},{\"@type\":\"WebPage\",\"@id\":\"https:\/\/apuntesdesanluis.com\/index.php\/2024\/06\/12\/los-dolores-que-nos-quedan-son-las-libertades-que-nos-faltan\/\",\"url\":\"https:\/\/apuntesdesanluis.com\/index.php\/2024\/06\/12\/los-dolores-que-nos-quedan-son-las-libertades-que-nos-faltan\/\",\"name\":\"\u201cLOS DOLORES QUE NOS QUEDAN, SON LAS LIBERTADES QUE NOS FALTAN\u201d - Apuntes de San Luis\",\"isPartOf\":{\"@id\":\"https:\/\/apuntesdesanluis.com\/#website\"},\"primaryImageOfPage\":{\"@id\":\"https:\/\/apuntesdesanluis.com\/index.php\/2024\/06\/12\/los-dolores-que-nos-quedan-son-las-libertades-que-nos-faltan\/#primaryimage\"},\"image\":{\"@id\":\"https:\/\/apuntesdesanluis.com\/index.php\/2024\/06\/12\/los-dolores-que-nos-quedan-son-las-libertades-que-nos-faltan\/#primaryimage\"},\"thumbnailUrl\":\"https:\/\/apuntesdesanluis.com\/wp-content\/uploads\/2024\/06\/bastones-largos.png\",\"datePublished\":\"2024-06-12T16:00:27+00:00\",\"breadcrumb\":{\"@id\":\"https:\/\/apuntesdesanluis.com\/index.php\/2024\/06\/12\/los-dolores-que-nos-quedan-son-las-libertades-que-nos-faltan\/#breadcrumb\"},\"inLanguage\":\"es-AR\",\"potentialAction\":[{\"@type\":\"ReadAction\",\"target\":[\"https:\/\/apuntesdesanluis.com\/index.php\/2024\/06\/12\/los-dolores-que-nos-quedan-son-las-libertades-que-nos-faltan\/\"]}]},{\"@type\":\"ImageObject\",\"inLanguage\":\"es-AR\",\"@id\":\"https:\/\/apuntesdesanluis.com\/index.php\/2024\/06\/12\/los-dolores-que-nos-quedan-son-las-libertades-que-nos-faltan\/#primaryimage\",\"url\":\"https:\/\/apuntesdesanluis.com\/wp-content\/uploads\/2024\/06\/bastones-largos.png\",\"contentUrl\":\"https:\/\/apuntesdesanluis.com\/wp-content\/uploads\/2024\/06\/bastones-largos.png\",\"width\":460,\"height\":311},{\"@type\":\"BreadcrumbList\",\"@id\":\"https:\/\/apuntesdesanluis.com\/index.php\/2024\/06\/12\/los-dolores-que-nos-quedan-son-las-libertades-que-nos-faltan\/#breadcrumb\",\"itemListElement\":[{\"@type\":\"ListItem\",\"position\":1,\"name\":\"Inicio\",\"item\":\"https:\/\/apuntesdesanluis.com\/\"},{\"@type\":\"ListItem\",\"position\":2,\"name\":\"\u201cLOS DOLORES QUE NOS QUEDAN, SON LAS LIBERTADES QUE NOS FALTAN\u201d\"}]},{\"@type\":\"WebSite\",\"@id\":\"https:\/\/apuntesdesanluis.com\/#website\",\"url\":\"https:\/\/apuntesdesanluis.com\/\",\"name\":\"Apuntes de San Luis\",\"description\":\"\",\"publisher\":{\"@id\":\"https:\/\/apuntesdesanluis.com\/#\/schema\/person\/b55151d52296fcce64d1a72538a70b90\"},\"potentialAction\":[{\"@type\":\"SearchAction\",\"target\":{\"@type\":\"EntryPoint\",\"urlTemplate\":\"https:\/\/apuntesdesanluis.com\/?s={search_term_string}\"},\"query-input\":{\"@type\":\"PropertyValueSpecification\",\"valueRequired\":true,\"valueName\":\"search_term_string\"}}],\"inLanguage\":\"es-AR\"},{\"@type\":[\"Person\",\"Organization\"],\"@id\":\"https:\/\/apuntesdesanluis.com\/#\/schema\/person\/b55151d52296fcce64d1a72538a70b90\",\"name\":\"apuntesdesanluis.com\",\"image\":{\"@type\":\"ImageObject\",\"inLanguage\":\"es-AR\",\"@id\":\"https:\/\/apuntesdesanluis.com\/#\/schema\/person\/image\/\",\"url\":\"https:\/\/apuntesdesanluis.com\/wp-content\/uploads\/2023\/07\/cropped-apuntesdesanluis.png\",\"contentUrl\":\"https:\/\/apuntesdesanluis.com\/wp-content\/uploads\/2023\/07\/cropped-apuntesdesanluis.png\",\"width\":450,\"height\":112,\"caption\":\"apuntesdesanluis.com\"},\"logo\":{\"@id\":\"https:\/\/apuntesdesanluis.com\/#\/schema\/person\/image\/\"},\"sameAs\":[\"https:\/\/apuntesdesanluis.com\"],\"url\":\"https:\/\/apuntesdesanluis.com\/index.php\/author\/apuntesdesanluis-com\/\"}]}<\/script>\n<!-- \/ Yoast SEO plugin. -->","yoast_head_json":{"title":"\u201cLOS DOLORES QUE NOS QUEDAN, SON LAS LIBERTADES QUE NOS FALTAN\u201d - Apuntes de San Luis","robots":{"index":"index","follow":"follow","max-snippet":"max-snippet:-1","max-image-preview":"max-image-preview:large","max-video-preview":"max-video-preview:-1"},"canonical":"https:\/\/apuntesdesanluis.com\/index.php\/2024\/06\/12\/los-dolores-que-nos-quedan-son-las-libertades-que-nos-faltan\/","og_locale":"es_ES","og_type":"article","og_title":"\u201cLOS DOLORES QUE NOS QUEDAN, SON LAS LIBERTADES QUE NOS FALTAN\u201d - Apuntes de San Luis","og_description":"Por Arnoldo Pucci * A m\u00e1s de 100 a\u00f1os de que aquellos que forjaron la...","og_url":"https:\/\/apuntesdesanluis.com\/index.php\/2024\/06\/12\/los-dolores-que-nos-quedan-son-las-libertades-que-nos-faltan\/","og_site_name":"Apuntes de San Luis","article_published_time":"2024-06-12T16:00:27+00:00","og_image":[{"width":460,"height":311,"url":"https:\/\/apuntesdesanluis.com\/wp-content\/uploads\/2024\/06\/bastones-largos.png","type":"image\/png"}],"author":"apuntesdesanluis.com","twitter_card":"summary_large_image","twitter_misc":{"Escrito por":"apuntesdesanluis.com","Tiempo de lectura":"4 minutos"},"schema":{"@context":"https:\/\/schema.org","@graph":[{"@type":"Article","@id":"https:\/\/apuntesdesanluis.com\/index.php\/2024\/06\/12\/los-dolores-que-nos-quedan-son-las-libertades-que-nos-faltan\/#article","isPartOf":{"@id":"https:\/\/apuntesdesanluis.com\/index.php\/2024\/06\/12\/los-dolores-que-nos-quedan-son-las-libertades-que-nos-faltan\/"},"author":{"name":"apuntesdesanluis.com","@id":"https:\/\/apuntesdesanluis.com\/#\/schema\/person\/b55151d52296fcce64d1a72538a70b90"},"headline":"\u201cLOS DOLORES QUE NOS QUEDAN, SON LAS LIBERTADES QUE NOS FALTAN\u201d","datePublished":"2024-06-12T16:00:27+00:00","mainEntityOfPage":{"@id":"https:\/\/apuntesdesanluis.com\/index.php\/2024\/06\/12\/los-dolores-que-nos-quedan-son-las-libertades-que-nos-faltan\/"},"wordCount":707,"publisher":{"@id":"https:\/\/apuntesdesanluis.com\/#\/schema\/person\/b55151d52296fcce64d1a72538a70b90"},"image":{"@id":"https:\/\/apuntesdesanluis.com\/index.php\/2024\/06\/12\/los-dolores-que-nos-quedan-son-las-libertades-que-nos-faltan\/#primaryimage"},"thumbnailUrl":"https:\/\/apuntesdesanluis.com\/wp-content\/uploads\/2024\/06\/bastones-largos.png","articleSection":["Opini\u00f3n"],"inLanguage":"es-AR"},{"@type":"WebPage","@id":"https:\/\/apuntesdesanluis.com\/index.php\/2024\/06\/12\/los-dolores-que-nos-quedan-son-las-libertades-que-nos-faltan\/","url":"https:\/\/apuntesdesanluis.com\/index.php\/2024\/06\/12\/los-dolores-que-nos-quedan-son-las-libertades-que-nos-faltan\/","name":"\u201cLOS DOLORES QUE NOS QUEDAN, SON LAS LIBERTADES QUE NOS FALTAN\u201d - Apuntes de San Luis","isPartOf":{"@id":"https:\/\/apuntesdesanluis.com\/#website"},"primaryImageOfPage":{"@id":"https:\/\/apuntesdesanluis.com\/index.php\/2024\/06\/12\/los-dolores-que-nos-quedan-son-las-libertades-que-nos-faltan\/#primaryimage"},"image":{"@id":"https:\/\/apuntesdesanluis.com\/index.php\/2024\/06\/12\/los-dolores-que-nos-quedan-son-las-libertades-que-nos-faltan\/#primaryimage"},"thumbnailUrl":"https:\/\/apuntesdesanluis.com\/wp-content\/uploads\/2024\/06\/bastones-largos.png","datePublished":"2024-06-12T16:00:27+00:00","breadcrumb":{"@id":"https:\/\/apuntesdesanluis.com\/index.php\/2024\/06\/12\/los-dolores-que-nos-quedan-son-las-libertades-que-nos-faltan\/#breadcrumb"},"inLanguage":"es-AR","potentialAction":[{"@type":"ReadAction","target":["https:\/\/apuntesdesanluis.com\/index.php\/2024\/06\/12\/los-dolores-que-nos-quedan-son-las-libertades-que-nos-faltan\/"]}]},{"@type":"ImageObject","inLanguage":"es-AR","@id":"https:\/\/apuntesdesanluis.com\/index.php\/2024\/06\/12\/los-dolores-que-nos-quedan-son-las-libertades-que-nos-faltan\/#primaryimage","url":"https:\/\/apuntesdesanluis.com\/wp-content\/uploads\/2024\/06\/bastones-largos.png","contentUrl":"https:\/\/apuntesdesanluis.com\/wp-content\/uploads\/2024\/06\/bastones-largos.png","width":460,"height":311},{"@type":"BreadcrumbList","@id":"https:\/\/apuntesdesanluis.com\/index.php\/2024\/06\/12\/los-dolores-que-nos-quedan-son-las-libertades-que-nos-faltan\/#breadcrumb","itemListElement":[{"@type":"ListItem","position":1,"name":"Inicio","item":"https:\/\/apuntesdesanluis.com\/"},{"@type":"ListItem","position":2,"name":"\u201cLOS DOLORES QUE NOS QUEDAN, SON LAS LIBERTADES QUE NOS FALTAN\u201d"}]},{"@type":"WebSite","@id":"https:\/\/apuntesdesanluis.com\/#website","url":"https:\/\/apuntesdesanluis.com\/","name":"Apuntes de San Luis","description":"","publisher":{"@id":"https:\/\/apuntesdesanluis.com\/#\/schema\/person\/b55151d52296fcce64d1a72538a70b90"},"potentialAction":[{"@type":"SearchAction","target":{"@type":"EntryPoint","urlTemplate":"https:\/\/apuntesdesanluis.com\/?s={search_term_string}"},"query-input":{"@type":"PropertyValueSpecification","valueRequired":true,"valueName":"search_term_string"}}],"inLanguage":"es-AR"},{"@type":["Person","Organization"],"@id":"https:\/\/apuntesdesanluis.com\/#\/schema\/person\/b55151d52296fcce64d1a72538a70b90","name":"apuntesdesanluis.com","image":{"@type":"ImageObject","inLanguage":"es-AR","@id":"https:\/\/apuntesdesanluis.com\/#\/schema\/person\/image\/","url":"https:\/\/apuntesdesanluis.com\/wp-content\/uploads\/2023\/07\/cropped-apuntesdesanluis.png","contentUrl":"https:\/\/apuntesdesanluis.com\/wp-content\/uploads\/2023\/07\/cropped-apuntesdesanluis.png","width":450,"height":112,"caption":"apuntesdesanluis.com"},"logo":{"@id":"https:\/\/apuntesdesanluis.com\/#\/schema\/person\/image\/"},"sameAs":["https:\/\/apuntesdesanluis.com"],"url":"https:\/\/apuntesdesanluis.com\/index.php\/author\/apuntesdesanluis-com\/"}]}},"featured_image_urls":{"full":["https:\/\/apuntesdesanluis.com\/wp-content\/uploads\/2024\/06\/bastones-largos.png",460,311,false],"thumbnail":["https:\/\/apuntesdesanluis.com\/wp-content\/uploads\/2024\/06\/bastones-largos-150x150.png",150,150,true],"medium":["https:\/\/apuntesdesanluis.com\/wp-content\/uploads\/2024\/06\/bastones-largos-300x203.png",300,203,true],"medium_large":["https:\/\/apuntesdesanluis.com\/wp-content\/uploads\/2024\/06\/bastones-largos.png",460,311,false],"large":["https:\/\/apuntesdesanluis.com\/wp-content\/uploads\/2024\/06\/bastones-largos.png",460,311,false],"1536x1536":["https:\/\/apuntesdesanluis.com\/wp-content\/uploads\/2024\/06\/bastones-largos.png",460,311,false],"2048x2048":["https:\/\/apuntesdesanluis.com\/wp-content\/uploads\/2024\/06\/bastones-largos.png",460,311,false],"newsever-slider-full":["https:\/\/apuntesdesanluis.com\/wp-content\/uploads\/2024\/06\/bastones-largos.png",460,311,false],"newsever-featured":["https:\/\/apuntesdesanluis.com\/wp-content\/uploads\/2024\/06\/bastones-largos.png",460,311,false],"newsever-medium":["https:\/\/apuntesdesanluis.com\/wp-content\/uploads\/2024\/06\/bastones-largos.png",460,311,false]},"author_info":{"display_name":"apuntesdesanluis.com","author_link":"https:\/\/apuntesdesanluis.com\/index.php\/author\/apuntesdesanluis-com\/"},"category_info":"<a href=\"https:\/\/apuntesdesanluis.com\/index.php\/category\/opinion\/\" rel=\"category tag\">Opini\u00f3n<\/a>","tag_info":"Opini\u00f3n","comment_count":"0","_links":{"self":[{"href":"https:\/\/apuntesdesanluis.com\/index.php\/wp-json\/wp\/v2\/posts\/17791","targetHints":{"allow":["GET"]}}],"collection":[{"href":"https:\/\/apuntesdesanluis.com\/index.php\/wp-json\/wp\/v2\/posts"}],"about":[{"href":"https:\/\/apuntesdesanluis.com\/index.php\/wp-json\/wp\/v2\/types\/post"}],"author":[{"embeddable":true,"href":"https:\/\/apuntesdesanluis.com\/index.php\/wp-json\/wp\/v2\/users\/1"}],"replies":[{"embeddable":true,"href":"https:\/\/apuntesdesanluis.com\/index.php\/wp-json\/wp\/v2\/comments?post=17791"}],"version-history":[{"count":1,"href":"https:\/\/apuntesdesanluis.com\/index.php\/wp-json\/wp\/v2\/posts\/17791\/revisions"}],"predecessor-version":[{"id":17793,"href":"https:\/\/apuntesdesanluis.com\/index.php\/wp-json\/wp\/v2\/posts\/17791\/revisions\/17793"}],"wp:featuredmedia":[{"embeddable":true,"href":"https:\/\/apuntesdesanluis.com\/index.php\/wp-json\/wp\/v2\/media\/17792"}],"wp:attachment":[{"href":"https:\/\/apuntesdesanluis.com\/index.php\/wp-json\/wp\/v2\/media?parent=17791"}],"wp:term":[{"taxonomy":"category","embeddable":true,"href":"https:\/\/apuntesdesanluis.com\/index.php\/wp-json\/wp\/v2\/categories?post=17791"},{"taxonomy":"post_tag","embeddable":true,"href":"https:\/\/apuntesdesanluis.com\/index.php\/wp-json\/wp\/v2\/tags?post=17791"}],"curies":[{"name":"wp","href":"https:\/\/api.w.org\/{rel}","templated":true}]}}