{"id":17794,"date":"2024-06-12T13:40:52","date_gmt":"2024-06-12T16:40:52","guid":{"rendered":"https:\/\/apuntesdesanluis.com\/?p=17794"},"modified":"2024-06-12T13:41:28","modified_gmt":"2024-06-12T16:41:28","slug":"avanzan-trabajos-de-remodelacion-de-plaza-pedernera-en-villa-mercedes","status":"publish","type":"post","link":"https:\/\/apuntesdesanluis.com\/index.php\/2024\/06\/12\/avanzan-trabajos-de-remodelacion-de-plaza-pedernera-en-villa-mercedes\/","title":{"rendered":"AVANZAN TRABAJOS DE REMODELACI\u00d3N DE PLAZA PEDERNERA EN VILLA MERCEDES"},"content":{"rendered":"<h3>Dentro del plan de embellecimiento de espacios p\u00fablicos que lleva adelante la gesti\u00f3n del intendente <strong>Maximiliano Frontera<\/strong>, luego de la reinauguraci\u00f3n de Plaza San Mart\u00edn, ahora es el turno de la c\u00e9ntrica Plaza Pedernera.<\/h3>\n<p>&nbsp;<\/p>\n<div style=\"width: 640px;\" class=\"wp-video\"><!--[if lt IE 9]><script>document.createElement('video');<\/script><![endif]-->\n<video class=\"wp-video-shortcode\" id=\"video-17794-1\" width=\"640\" height=\"361\" preload=\"metadata\" controls=\"controls\"><source type=\"video\/mp4\" src=\"https:\/\/apuntesdesanluis.com\/wp-content\/uploads\/2024\/06\/Plaza-Pedernera.mp4?_=1\" \/><a href=\"https:\/\/apuntesdesanluis.com\/wp-content\/uploads\/2024\/06\/Plaza-Pedernera.mp4\">https:\/\/apuntesdesanluis.com\/wp-content\/uploads\/2024\/06\/Plaza-Pedernera.mp4<\/a><\/video><\/div>\n<h3>A primera hora de este mi\u00e9rcoles, una cuadrilla de trabajadores municipales continu\u00f3 trabajando en el tradicional paseo p\u00fablico, interviniendo en el sector de la p\u00e9rgola que da sobre calle Hip\u00f3lito Irigoyen, bajo la supervisi\u00f3n del arquitecto <strong>Gast\u00f3n Funes<\/strong>.<\/h3>\n<h3>El funcionario explic\u00f3 a <span style=\"color: #3366ff;\"><strong>Apuntes de San Luis<\/strong><\/span> cu\u00e1les son las principales caracter\u00edsticas de la obra y cu\u00e1les ser\u00e1n las siguientes plazas p\u00fablicas que se remodelar\u00e1n.<\/h3>\n<p>&nbsp;<\/p>\n<!--[if lt IE 9]><script>document.createElement('audio');<\/script><![endif]-->\n<audio class=\"wp-audio-shortcode\" id=\"audio-17794-1\" preload=\"none\" style=\"width: 100%;\" controls=\"controls\"><source type=\"audio\/ogg\" src=\"https:\/\/apuntesdesanluis.com\/wp-content\/uploads\/2024\/06\/Arquitecto-Gaston-Funes-1.ogg?_=1\" \/><a href=\"https:\/\/apuntesdesanluis.com\/wp-content\/uploads\/2024\/06\/Arquitecto-Gaston-Funes-1.ogg\">https:\/\/apuntesdesanluis.com\/wp-content\/uploads\/2024\/06\/Arquitecto-Gaston-Funes-1.ogg<\/a><\/audio>\n<h3><img fetchpriority=\"high\" decoding=\"async\" class=\"wp-image-17801 aligncenter\" src=\"https:\/\/apuntesdesanluis.com\/wp-content\/uploads\/2024\/06\/remod.-plaza-pedernera-1-300x195.jpg\" alt=\"\" width=\"635\" height=\"413\" srcset=\"https:\/\/apuntesdesanluis.com\/wp-content\/uploads\/2024\/06\/remod.-plaza-pedernera-1-300x195.jpg 300w, https:\/\/apuntesdesanluis.com\/wp-content\/uploads\/2024\/06\/remod.-plaza-pedernera-1.jpg 600w\" sizes=\"(max-width: 635px) 100vw, 635px\" \/><\/h3>\n<h3>Tambi\u00e9n destac\u00f3 el hecho de que la obra no fue tercerizada sino que se proyect\u00f3 y se ejecuta por administraci\u00f3n municipal, lo cual abarata significativamente los costos. Destac\u00f3, en ese sentido, el compromiso y la entrega de los trabajadores municipales, los cuales tambi\u00e9n se ocuparon de la remodelaci\u00f3n de Plaza San Mart\u00edn.<\/h3>\n<p><img decoding=\"async\" class=\"wp-image-17800 aligncenter\" src=\"https:\/\/apuntesdesanluis.com\/wp-content\/uploads\/2024\/06\/Arq.-funes-con-trabajadores-300x212.jpg\" alt=\"\" width=\"635\" height=\"449\" srcset=\"https:\/\/apuntesdesanluis.com\/wp-content\/uploads\/2024\/06\/Arq.-funes-con-trabajadores-300x212.jpg 300w, https:\/\/apuntesdesanluis.com\/wp-content\/uploads\/2024\/06\/Arq.-funes-con-trabajadores.jpg 529w\" sizes=\"(max-width: 635px) 100vw, 635px\" \/><\/p>\n<audio class=\"wp-audio-shortcode\" id=\"audio-17794-2\" preload=\"none\" style=\"width: 100%;\" controls=\"controls\"><source type=\"audio\/ogg\" src=\"https:\/\/apuntesdesanluis.com\/wp-content\/uploads\/2024\/06\/Arq.-G.-Funes-2.ogg?_=2\" \/><a href=\"https:\/\/apuntesdesanluis.com\/wp-content\/uploads\/2024\/06\/Arq.-G.-Funes-2.ogg\">https:\/\/apuntesdesanluis.com\/wp-content\/uploads\/2024\/06\/Arq.-G.-Funes-2.ogg<\/a><\/audio>\n<h3><\/h3>\n<h3>Finalmente Gast\u00f3n Funes ofreci\u00f3 una serie de im\u00e1genes planteadas en el proyecto, en el que puede observarse c\u00f3mo quedar\u00e1 la remodelaci\u00f3n, desde diferentes \u00e1ngulos.<\/h3>\n<p><img decoding=\"async\" class=\"wp-image-17803 aligncenter\" src=\"https:\/\/apuntesdesanluis.com\/wp-content\/uploads\/2024\/06\/plaza-pedernera-2-300x155.png\" alt=\"\" width=\"586\" height=\"303\" srcset=\"https:\/\/apuntesdesanluis.com\/wp-content\/uploads\/2024\/06\/plaza-pedernera-2-300x155.png 300w, https:\/\/apuntesdesanluis.com\/wp-content\/uploads\/2024\/06\/plaza-pedernera-2.png 700w\" sizes=\"(max-width: 586px) 100vw, 586px\" \/><\/p>\n<p><img loading=\"lazy\" decoding=\"async\" class=\"wp-image-17804 aligncenter\" src=\"https:\/\/apuntesdesanluis.com\/wp-content\/uploads\/2024\/06\/proyecto-plaza-pedernera-1-300x167.jpg\" alt=\"\" width=\"587\" height=\"327\" srcset=\"https:\/\/apuntesdesanluis.com\/wp-content\/uploads\/2024\/06\/proyecto-plaza-pedernera-1-300x167.jpg 300w, https:\/\/apuntesdesanluis.com\/wp-content\/uploads\/2024\/06\/proyecto-plaza-pedernera-1.jpg 700w\" sizes=\"(max-width: 587px) 100vw, 587px\" \/><\/p>\n<p><img loading=\"lazy\" decoding=\"async\" class=\"wp-image-17805 aligncenter\" src=\"https:\/\/apuntesdesanluis.com\/wp-content\/uploads\/2024\/06\/p\u00b4laza-pedernera-3-300x163.png\" alt=\"\" width=\"585\" height=\"318\" srcset=\"https:\/\/apuntesdesanluis.com\/wp-content\/uploads\/2024\/06\/p\u00b4laza-pedernera-3-300x163.png 300w, https:\/\/apuntesdesanluis.com\/wp-content\/uploads\/2024\/06\/p\u00b4laza-pedernera-3.png 700w\" sizes=\"(max-width: 585px) 100vw, 585px\" \/><\/p>\n<p>&nbsp;<\/p>\n<p>&nbsp;<\/p>\n<p>&nbsp;<\/p>\n","protected":false},"excerpt":{"rendered":"<p>Dentro del plan de embellecimiento de espacios p\u00fablicos que lleva adelante la gesti\u00f3n del intendente&#8230;<\/p>\n","protected":false},"author":1,"featured_media":17796,"comment_status":"closed","ping_status":"closed","sticky":false,"template":"","format":"standard","meta":{"footnotes":""},"categories":[6],"tags":[],"class_list":["post-17794","post","type-post","status-publish","format-standard","has-post-thumbnail","hentry","category-ciudad-provincia"],"yoast_head":"<!-- This site is optimized with the Yoast SEO plugin v26.1.1 - https:\/\/yoast.com\/wordpress\/plugins\/seo\/ -->\n<title>AVANZAN TRABAJOS DE REMODELACI\u00d3N DE PLAZA PEDERNERA EN VILLA MERCEDES - Apuntes de San Luis<\/title>\n<meta name=\"robots\" content=\"index, follow, max-snippet:-1, max-image-preview:large, max-video-preview:-1\" \/>\n<link rel=\"canonical\" href=\"https:\/\/apuntesdesanluis.com\/index.php\/2024\/06\/12\/avanzan-trabajos-de-remodelacion-de-plaza-pedernera-en-villa-mercedes\/\" \/>\n<meta property=\"og:locale\" content=\"es_ES\" \/>\n<meta property=\"og:type\" content=\"article\" \/>\n<meta property=\"og:title\" content=\"AVANZAN TRABAJOS DE REMODELACI\u00d3N DE PLAZA PEDERNERA EN VILLA MERCEDES - Apuntes de San Luis\" \/>\n<meta property=\"og:description\" content=\"Dentro del plan de embellecimiento de espacios p\u00fablicos que lleva adelante la gesti\u00f3n del intendente...\" \/>\n<meta property=\"og:url\" content=\"https:\/\/apuntesdesanluis.com\/index.php\/2024\/06\/12\/avanzan-trabajos-de-remodelacion-de-plaza-pedernera-en-villa-mercedes\/\" \/>\n<meta property=\"og:site_name\" content=\"Apuntes de San Luis\" \/>\n<meta property=\"article:published_time\" content=\"2024-06-12T16:40:52+00:00\" \/>\n<meta property=\"article:modified_time\" content=\"2024-06-12T16:41:28+00:00\" \/>\n<meta property=\"og:image\" content=\"https:\/\/apuntesdesanluis.com\/wp-content\/uploads\/2024\/06\/Remod.-plaza-pedernera.jpg\" \/>\n\t<meta property=\"og:image:width\" content=\"607\" \/>\n\t<meta property=\"og:image:height\" content=\"403\" \/>\n\t<meta property=\"og:image:type\" content=\"image\/jpeg\" \/>\n<meta name=\"author\" content=\"apuntesdesanluis.com\" \/>\n<meta name=\"twitter:card\" content=\"summary_large_image\" \/>\n<meta name=\"twitter:label1\" content=\"Escrito por\" \/>\n\t<meta name=\"twitter:data1\" content=\"apuntesdesanluis.com\" \/>\n\t<meta name=\"twitter:label2\" content=\"Tiempo de lectura\" \/>\n\t<meta name=\"twitter:data2\" content=\"3 minutos\" \/>\n<script type=\"application\/ld+json\" class=\"yoast-schema-graph\">{\"@context\":\"https:\/\/schema.org\",\"@graph\":[{\"@type\":\"Article\",\"@id\":\"https:\/\/apuntesdesanluis.com\/index.php\/2024\/06\/12\/avanzan-trabajos-de-remodelacion-de-plaza-pedernera-en-villa-mercedes\/#article\",\"isPartOf\":{\"@id\":\"https:\/\/apuntesdesanluis.com\/index.php\/2024\/06\/12\/avanzan-trabajos-de-remodelacion-de-plaza-pedernera-en-villa-mercedes\/\"},\"author\":{\"name\":\"apuntesdesanluis.com\",\"@id\":\"https:\/\/apuntesdesanluis.com\/#\/schema\/person\/b55151d52296fcce64d1a72538a70b90\"},\"headline\":\"AVANZAN TRABAJOS DE REMODELACI\u00d3N DE PLAZA PEDERNERA EN VILLA MERCEDES\",\"datePublished\":\"2024-06-12T16:40:52+00:00\",\"dateModified\":\"2024-06-12T16:41:28+00:00\",\"mainEntityOfPage\":{\"@id\":\"https:\/\/apuntesdesanluis.com\/index.php\/2024\/06\/12\/avanzan-trabajos-de-remodelacion-de-plaza-pedernera-en-villa-mercedes\/\"},\"wordCount\":250,\"publisher\":{\"@id\":\"https:\/\/apuntesdesanluis.com\/#\/schema\/person\/b55151d52296fcce64d1a72538a70b90\"},\"image\":{\"@id\":\"https:\/\/apuntesdesanluis.com\/index.php\/2024\/06\/12\/avanzan-trabajos-de-remodelacion-de-plaza-pedernera-en-villa-mercedes\/#primaryimage\"},\"thumbnailUrl\":\"https:\/\/apuntesdesanluis.com\/wp-content\/uploads\/2024\/06\/Remod.-plaza-pedernera.jpg\",\"articleSection\":[\"Ciudad\/Provincia\"],\"inLanguage\":\"es-AR\"},{\"@type\":\"WebPage\",\"@id\":\"https:\/\/apuntesdesanluis.com\/index.php\/2024\/06\/12\/avanzan-trabajos-de-remodelacion-de-plaza-pedernera-en-villa-mercedes\/\",\"url\":\"https:\/\/apuntesdesanluis.com\/index.php\/2024\/06\/12\/avanzan-trabajos-de-remodelacion-de-plaza-pedernera-en-villa-mercedes\/\",\"name\":\"AVANZAN TRABAJOS DE REMODELACI\u00d3N DE PLAZA PEDERNERA EN VILLA MERCEDES - Apuntes de San Luis\",\"isPartOf\":{\"@id\":\"https:\/\/apuntesdesanluis.com\/#website\"},\"primaryImageOfPage\":{\"@id\":\"https:\/\/apuntesdesanluis.com\/index.php\/2024\/06\/12\/avanzan-trabajos-de-remodelacion-de-plaza-pedernera-en-villa-mercedes\/#primaryimage\"},\"image\":{\"@id\":\"https:\/\/apuntesdesanluis.com\/index.php\/2024\/06\/12\/avanzan-trabajos-de-remodelacion-de-plaza-pedernera-en-villa-mercedes\/#primaryimage\"},\"thumbnailUrl\":\"https:\/\/apuntesdesanluis.com\/wp-content\/uploads\/2024\/06\/Remod.-plaza-pedernera.jpg\",\"datePublished\":\"2024-06-12T16:40:52+00:00\",\"dateModified\":\"2024-06-12T16:41:28+00:00\",\"breadcrumb\":{\"@id\":\"https:\/\/apuntesdesanluis.com\/index.php\/2024\/06\/12\/avanzan-trabajos-de-remodelacion-de-plaza-pedernera-en-villa-mercedes\/#breadcrumb\"},\"inLanguage\":\"es-AR\",\"potentialAction\":[{\"@type\":\"ReadAction\",\"target\":[\"https:\/\/apuntesdesanluis.com\/index.php\/2024\/06\/12\/avanzan-trabajos-de-remodelacion-de-plaza-pedernera-en-villa-mercedes\/\"]}]},{\"@type\":\"ImageObject\",\"inLanguage\":\"es-AR\",\"@id\":\"https:\/\/apuntesdesanluis.com\/index.php\/2024\/06\/12\/avanzan-trabajos-de-remodelacion-de-plaza-pedernera-en-villa-mercedes\/#primaryimage\",\"url\":\"https:\/\/apuntesdesanluis.com\/wp-content\/uploads\/2024\/06\/Remod.-plaza-pedernera.jpg\",\"contentUrl\":\"https:\/\/apuntesdesanluis.com\/wp-content\/uploads\/2024\/06\/Remod.-plaza-pedernera.jpg\",\"width\":607,\"height\":403},{\"@type\":\"BreadcrumbList\",\"@id\":\"https:\/\/apuntesdesanluis.com\/index.php\/2024\/06\/12\/avanzan-trabajos-de-remodelacion-de-plaza-pedernera-en-villa-mercedes\/#breadcrumb\",\"itemListElement\":[{\"@type\":\"ListItem\",\"position\":1,\"name\":\"Inicio\",\"item\":\"https:\/\/apuntesdesanluis.com\/\"},{\"@type\":\"ListItem\",\"position\":2,\"name\":\"AVANZAN TRABAJOS DE REMODELACI\u00d3N DE PLAZA PEDERNERA EN VILLA MERCEDES\"}]},{\"@type\":\"WebSite\",\"@id\":\"https:\/\/apuntesdesanluis.com\/#website\",\"url\":\"https:\/\/apuntesdesanluis.com\/\",\"name\":\"Apuntes de San Luis\",\"description\":\"\",\"publisher\":{\"@id\":\"https:\/\/apuntesdesanluis.com\/#\/schema\/person\/b55151d52296fcce64d1a72538a70b90\"},\"potentialAction\":[{\"@type\":\"SearchAction\",\"target\":{\"@type\":\"EntryPoint\",\"urlTemplate\":\"https:\/\/apuntesdesanluis.com\/?s={search_term_string}\"},\"query-input\":{\"@type\":\"PropertyValueSpecification\",\"valueRequired\":true,\"valueName\":\"search_term_string\"}}],\"inLanguage\":\"es-AR\"},{\"@type\":[\"Person\",\"Organization\"],\"@id\":\"https:\/\/apuntesdesanluis.com\/#\/schema\/person\/b55151d52296fcce64d1a72538a70b90\",\"name\":\"apuntesdesanluis.com\",\"image\":{\"@type\":\"ImageObject\",\"inLanguage\":\"es-AR\",\"@id\":\"https:\/\/apuntesdesanluis.com\/#\/schema\/person\/image\/\",\"url\":\"https:\/\/apuntesdesanluis.com\/wp-content\/uploads\/2023\/07\/cropped-apuntesdesanluis.png\",\"contentUrl\":\"https:\/\/apuntesdesanluis.com\/wp-content\/uploads\/2023\/07\/cropped-apuntesdesanluis.png\",\"width\":450,\"height\":112,\"caption\":\"apuntesdesanluis.com\"},\"logo\":{\"@id\":\"https:\/\/apuntesdesanluis.com\/#\/schema\/person\/image\/\"},\"sameAs\":[\"https:\/\/apuntesdesanluis.com\"],\"url\":\"https:\/\/apuntesdesanluis.com\/index.php\/author\/apuntesdesanluis-com\/\"}]}<\/script>\n<!-- \/ Yoast SEO plugin. -->","yoast_head_json":{"title":"AVANZAN TRABAJOS DE REMODELACI\u00d3N DE PLAZA PEDERNERA EN VILLA MERCEDES - Apuntes de San Luis","robots":{"index":"index","follow":"follow","max-snippet":"max-snippet:-1","max-image-preview":"max-image-preview:large","max-video-preview":"max-video-preview:-1"},"canonical":"https:\/\/apuntesdesanluis.com\/index.php\/2024\/06\/12\/avanzan-trabajos-de-remodelacion-de-plaza-pedernera-en-villa-mercedes\/","og_locale":"es_ES","og_type":"article","og_title":"AVANZAN TRABAJOS DE REMODELACI\u00d3N DE PLAZA PEDERNERA EN VILLA MERCEDES - Apuntes de San Luis","og_description":"Dentro del plan de embellecimiento de espacios p\u00fablicos que lleva adelante la gesti\u00f3n del intendente...","og_url":"https:\/\/apuntesdesanluis.com\/index.php\/2024\/06\/12\/avanzan-trabajos-de-remodelacion-de-plaza-pedernera-en-villa-mercedes\/","og_site_name":"Apuntes de San Luis","article_published_time":"2024-06-12T16:40:52+00:00","article_modified_time":"2024-06-12T16:41:28+00:00","og_image":[{"width":607,"height":403,"url":"https:\/\/apuntesdesanluis.com\/wp-content\/uploads\/2024\/06\/Remod.-plaza-pedernera.jpg","type":"image\/jpeg"}],"author":"apuntesdesanluis.com","twitter_card":"summary_large_image","twitter_misc":{"Escrito por":"apuntesdesanluis.com","Tiempo de lectura":"3 minutos"},"schema":{"@context":"https:\/\/schema.org","@graph":[{"@type":"Article","@id":"https:\/\/apuntesdesanluis.com\/index.php\/2024\/06\/12\/avanzan-trabajos-de-remodelacion-de-plaza-pedernera-en-villa-mercedes\/#article","isPartOf":{"@id":"https:\/\/apuntesdesanluis.com\/index.php\/2024\/06\/12\/avanzan-trabajos-de-remodelacion-de-plaza-pedernera-en-villa-mercedes\/"},"author":{"name":"apuntesdesanluis.com","@id":"https:\/\/apuntesdesanluis.com\/#\/schema\/person\/b55151d52296fcce64d1a72538a70b90"},"headline":"AVANZAN TRABAJOS DE REMODELACI\u00d3N DE PLAZA PEDERNERA EN VILLA MERCEDES","datePublished":"2024-06-12T16:40:52+00:00","dateModified":"2024-06-12T16:41:28+00:00","mainEntityOfPage":{"@id":"https:\/\/apuntesdesanluis.com\/index.php\/2024\/06\/12\/avanzan-trabajos-de-remodelacion-de-plaza-pedernera-en-villa-mercedes\/"},"wordCount":250,"publisher":{"@id":"https:\/\/apuntesdesanluis.com\/#\/schema\/person\/b55151d52296fcce64d1a72538a70b90"},"image":{"@id":"https:\/\/apuntesdesanluis.com\/index.php\/2024\/06\/12\/avanzan-trabajos-de-remodelacion-de-plaza-pedernera-en-villa-mercedes\/#primaryimage"},"thumbnailUrl":"https:\/\/apuntesdesanluis.com\/wp-content\/uploads\/2024\/06\/Remod.-plaza-pedernera.jpg","articleSection":["Ciudad\/Provincia"],"inLanguage":"es-AR"},{"@type":"WebPage","@id":"https:\/\/apuntesdesanluis.com\/index.php\/2024\/06\/12\/avanzan-trabajos-de-remodelacion-de-plaza-pedernera-en-villa-mercedes\/","url":"https:\/\/apuntesdesanluis.com\/index.php\/2024\/06\/12\/avanzan-trabajos-de-remodelacion-de-plaza-pedernera-en-villa-mercedes\/","name":"AVANZAN TRABAJOS DE REMODELACI\u00d3N DE PLAZA PEDERNERA EN VILLA MERCEDES - Apuntes de San Luis","isPartOf":{"@id":"https:\/\/apuntesdesanluis.com\/#website"},"primaryImageOfPage":{"@id":"https:\/\/apuntesdesanluis.com\/index.php\/2024\/06\/12\/avanzan-trabajos-de-remodelacion-de-plaza-pedernera-en-villa-mercedes\/#primaryimage"},"image":{"@id":"https:\/\/apuntesdesanluis.com\/index.php\/2024\/06\/12\/avanzan-trabajos-de-remodelacion-de-plaza-pedernera-en-villa-mercedes\/#primaryimage"},"thumbnailUrl":"https:\/\/apuntesdesanluis.com\/wp-content\/uploads\/2024\/06\/Remod.-plaza-pedernera.jpg","datePublished":"2024-06-12T16:40:52+00:00","dateModified":"2024-06-12T16:41:28+00:00","breadcrumb":{"@id":"https:\/\/apuntesdesanluis.com\/index.php\/2024\/06\/12\/avanzan-trabajos-de-remodelacion-de-plaza-pedernera-en-villa-mercedes\/#breadcrumb"},"inLanguage":"es-AR","potentialAction":[{"@type":"ReadAction","target":["https:\/\/apuntesdesanluis.com\/index.php\/2024\/06\/12\/avanzan-trabajos-de-remodelacion-de-plaza-pedernera-en-villa-mercedes\/"]}]},{"@type":"ImageObject","inLanguage":"es-AR","@id":"https:\/\/apuntesdesanluis.com\/index.php\/2024\/06\/12\/avanzan-trabajos-de-remodelacion-de-plaza-pedernera-en-villa-mercedes\/#primaryimage","url":"https:\/\/apuntesdesanluis.com\/wp-content\/uploads\/2024\/06\/Remod.-plaza-pedernera.jpg","contentUrl":"https:\/\/apuntesdesanluis.com\/wp-content\/uploads\/2024\/06\/Remod.-plaza-pedernera.jpg","width":607,"height":403},{"@type":"BreadcrumbList","@id":"https:\/\/apuntesdesanluis.com\/index.php\/2024\/06\/12\/avanzan-trabajos-de-remodelacion-de-plaza-pedernera-en-villa-mercedes\/#breadcrumb","itemListElement":[{"@type":"ListItem","position":1,"name":"Inicio","item":"https:\/\/apuntesdesanluis.com\/"},{"@type":"ListItem","position":2,"name":"AVANZAN TRABAJOS DE REMODELACI\u00d3N DE PLAZA PEDERNERA EN VILLA MERCEDES"}]},{"@type":"WebSite","@id":"https:\/\/apuntesdesanluis.com\/#website","url":"https:\/\/apuntesdesanluis.com\/","name":"Apuntes de San Luis","description":"","publisher":{"@id":"https:\/\/apuntesdesanluis.com\/#\/schema\/person\/b55151d52296fcce64d1a72538a70b90"},"potentialAction":[{"@type":"SearchAction","target":{"@type":"EntryPoint","urlTemplate":"https:\/\/apuntesdesanluis.com\/?s={search_term_string}"},"query-input":{"@type":"PropertyValueSpecification","valueRequired":true,"valueName":"search_term_string"}}],"inLanguage":"es-AR"},{"@type":["Person","Organization"],"@id":"https:\/\/apuntesdesanluis.com\/#\/schema\/person\/b55151d52296fcce64d1a72538a70b90","name":"apuntesdesanluis.com","image":{"@type":"ImageObject","inLanguage":"es-AR","@id":"https:\/\/apuntesdesanluis.com\/#\/schema\/person\/image\/","url":"https:\/\/apuntesdesanluis.com\/wp-content\/uploads\/2023\/07\/cropped-apuntesdesanluis.png","contentUrl":"https:\/\/apuntesdesanluis.com\/wp-content\/uploads\/2023\/07\/cropped-apuntesdesanluis.png","width":450,"height":112,"caption":"apuntesdesanluis.com"},"logo":{"@id":"https:\/\/apuntesdesanluis.com\/#\/schema\/person\/image\/"},"sameAs":["https:\/\/apuntesdesanluis.com"],"url":"https:\/\/apuntesdesanluis.com\/index.php\/author\/apuntesdesanluis-com\/"}]}},"featured_image_urls":{"full":["https:\/\/apuntesdesanluis.com\/wp-content\/uploads\/2024\/06\/Remod.-plaza-pedernera.jpg",607,403,false],"thumbnail":["https:\/\/apuntesdesanluis.com\/wp-content\/uploads\/2024\/06\/Remod.-plaza-pedernera-150x150.jpg",150,150,true],"medium":["https:\/\/apuntesdesanluis.com\/wp-content\/uploads\/2024\/06\/Remod.-plaza-pedernera-300x199.jpg",300,199,true],"medium_large":["https:\/\/apuntesdesanluis.com\/wp-content\/uploads\/2024\/06\/Remod.-plaza-pedernera.jpg",607,403,false],"large":["https:\/\/apuntesdesanluis.com\/wp-content\/uploads\/2024\/06\/Remod.-plaza-pedernera.jpg",607,403,false],"1536x1536":["https:\/\/apuntesdesanluis.com\/wp-content\/uploads\/2024\/06\/Remod.-plaza-pedernera.jpg",607,403,false],"2048x2048":["https:\/\/apuntesdesanluis.com\/wp-content\/uploads\/2024\/06\/Remod.-plaza-pedernera.jpg",607,403,false],"newsever-slider-full":["https:\/\/apuntesdesanluis.com\/wp-content\/uploads\/2024\/06\/Remod.-plaza-pedernera.jpg",607,403,false],"newsever-featured":["https:\/\/apuntesdesanluis.com\/wp-content\/uploads\/2024\/06\/Remod.-plaza-pedernera.jpg",607,403,false],"newsever-medium":["https:\/\/apuntesdesanluis.com\/wp-content\/uploads\/2024\/06\/Remod.-plaza-pedernera.jpg",607,403,false]},"author_info":{"display_name":"apuntesdesanluis.com","author_link":"https:\/\/apuntesdesanluis.com\/index.php\/author\/apuntesdesanluis-com\/"},"category_info":"<a href=\"https:\/\/apuntesdesanluis.com\/index.php\/category\/ciudad-provincia\/\" rel=\"category tag\">Ciudad\/Provincia<\/a>","tag_info":"Ciudad\/Provincia","comment_count":"0","_links":{"self":[{"href":"https:\/\/apuntesdesanluis.com\/index.php\/wp-json\/wp\/v2\/posts\/17794","targetHints":{"allow":["GET"]}}],"collection":[{"href":"https:\/\/apuntesdesanluis.com\/index.php\/wp-json\/wp\/v2\/posts"}],"about":[{"href":"https:\/\/apuntesdesanluis.com\/index.php\/wp-json\/wp\/v2\/types\/post"}],"author":[{"embeddable":true,"href":"https:\/\/apuntesdesanluis.com\/index.php\/wp-json\/wp\/v2\/users\/1"}],"replies":[{"embeddable":true,"href":"https:\/\/apuntesdesanluis.com\/index.php\/wp-json\/wp\/v2\/comments?post=17794"}],"version-history":[{"count":5,"href":"https:\/\/apuntesdesanluis.com\/index.php\/wp-json\/wp\/v2\/posts\/17794\/revisions"}],"predecessor-version":[{"id":17808,"href":"https:\/\/apuntesdesanluis.com\/index.php\/wp-json\/wp\/v2\/posts\/17794\/revisions\/17808"}],"wp:featuredmedia":[{"embeddable":true,"href":"https:\/\/apuntesdesanluis.com\/index.php\/wp-json\/wp\/v2\/media\/17796"}],"wp:attachment":[{"href":"https:\/\/apuntesdesanluis.com\/index.php\/wp-json\/wp\/v2\/media?parent=17794"}],"wp:term":[{"taxonomy":"category","embeddable":true,"href":"https:\/\/apuntesdesanluis.com\/index.php\/wp-json\/wp\/v2\/categories?post=17794"},{"taxonomy":"post_tag","embeddable":true,"href":"https:\/\/apuntesdesanluis.com\/index.php\/wp-json\/wp\/v2\/tags?post=17794"}],"curies":[{"name":"wp","href":"https:\/\/api.w.org\/{rel}","templated":true}]}}