{"id":17831,"date":"2024-06-12T18:52:26","date_gmt":"2024-06-12T21:52:26","guid":{"rendered":"https:\/\/apuntesdesanluis.com\/?p=17831"},"modified":"2024-06-12T18:52:26","modified_gmt":"2024-06-12T21:52:26","slug":"el-gobierno-acepto-que-aerolineas-correo-y-canal-7-no-se-privaticen","status":"publish","type":"post","link":"https:\/\/apuntesdesanluis.com\/index.php\/2024\/06\/12\/el-gobierno-acepto-que-aerolineas-correo-y-canal-7-no-se-privaticen\/","title":{"rendered":"EL GOBIERNO ACEPT\u00d3 QUE AEROL\u00cdNEAS, CORREO Y CANAL 7 NO SE PRIVATICEN"},"content":{"rendered":"<h3>El senador <strong>Bartolom\u00e9 Abdala<\/strong> de San Luis anunci\u00f3 este mi\u00e9rcoles, a las 11:20, que el gobierno quitar\u00e1 de la lista de empresas sujetas a privatizaci\u00f3n Aerol\u00edneas, Correo Argentino y RTA.<\/h3>\n<h3>En un discurso le\u00eddo de m\u00e1s de 50 minutos, el puntano anunci\u00f3 de esa forma que el oficialismo aceptaba uno de los cambios que reclamaban los aliados.<\/h3>\n<h3>Tambi\u00e9n mencion\u00f3 que se eliminar\u00e1 de la n\u00f3mina de organismos p\u00fablicos a disposici\u00f3n de modificaciones o disoluciones resueltas por el Poder Ejecutivo a la Comisi\u00f3n Nacional de Energ\u00eda At\u00f3mica (CNEA).<\/h3>\n<h3>Asimismo, admiti\u00f3 que el proyecto que someter\u00e1n finalmente a votaci\u00f3n tampoco suprimir\u00e1 la moratoria previsional aprobada en 2023 ni las pensiones por invalidez, contempladas en los art\u00edculos 226 y 227 del expediente que obtuvo media sanci\u00f3n el 30 de abril pasado en la C\u00e1mara de Diputados.<\/h3>\n<p><img fetchpriority=\"high\" decoding=\"async\" class=\"wp-image-17833 aligncenter\" src=\"https:\/\/apuntesdesanluis.com\/wp-content\/uploads\/2024\/06\/sesion-del-senado-300x186.png\" alt=\"\" width=\"702\" height=\"435\" srcset=\"https:\/\/apuntesdesanluis.com\/wp-content\/uploads\/2024\/06\/sesion-del-senado-300x186.png 300w, https:\/\/apuntesdesanluis.com\/wp-content\/uploads\/2024\/06\/sesion-del-senado.png 700w\" sizes=\"(max-width: 702px) 100vw, 702px\" \/><\/p>\n<h3>En ese momento, pidi\u00f3 una interrupci\u00f3n la senadora peronista Silvina Garc\u00eda Larraburu y reclam\u00f3 que el proyecto volviera a comisi\u00f3n para ser debatido en profundidad, ante los cambios expresados sin que hubiera un texto de respaldo en las bancas de los legisladores. El presidente de su bancada, Jos\u00e9 Mayans, intervino despu\u00e9s reclamando &#8220;el despacho&#8221; para poder leerlo y la vicepresidenta Victoria Villarruel se comprometi\u00f3 a que se distribuyera el proyecto con las modificaciones incluidas a la brevedad.<\/h3>\n<h3>La senadora larretista Guadalupe Tagliaferri objet\u00f3 el pedido de Garc\u00eda Larraburu, alegando que durante cuatro a\u00f1os el peronismo hab\u00eda hecho lo mismo, y Villarruel otorg\u00f3 nuevamente la palabra a Abdala.<\/h3>\n<h3>Minutos despu\u00e9s, Mart\u00edn Lousteau celebr\u00f3 que sacaran del expediente la eliminaci\u00f3n de la moratoria previsional, aunque consider\u00f3 que los cambios eran insuficientes.<\/h3>\n<p>&nbsp;<\/p>\n<p>&nbsp;<\/p>\n<p>&nbsp;<\/p>\n<p>&nbsp;<\/p>\n<p>&nbsp;<\/p>\n<p>&nbsp;<\/p>\n","protected":false},"excerpt":{"rendered":"<p>El senador Bartolom\u00e9 Abdala de San Luis anunci\u00f3 este mi\u00e9rcoles, a las 11:20, que el&#8230;<\/p>\n","protected":false},"author":1,"featured_media":17832,"comment_status":"closed","ping_status":"closed","sticky":false,"template":"","format":"standard","meta":{"footnotes":""},"categories":[5],"tags":[],"class_list":["post-17831","post","type-post","status-publish","format-standard","has-post-thumbnail","hentry","category-nacionales-internacionales"],"yoast_head":"<!-- This site is optimized with the Yoast SEO plugin v26.1.1 - https:\/\/yoast.com\/wordpress\/plugins\/seo\/ -->\n<title>EL GOBIERNO ACEPT\u00d3 QUE AEROL\u00cdNEAS, CORREO Y CANAL 7 NO SE PRIVATICEN - Apuntes de San Luis<\/title>\n<meta name=\"robots\" content=\"index, follow, max-snippet:-1, max-image-preview:large, max-video-preview:-1\" \/>\n<link rel=\"canonical\" href=\"https:\/\/apuntesdesanluis.com\/index.php\/2024\/06\/12\/el-gobierno-acepto-que-aerolineas-correo-y-canal-7-no-se-privaticen\/\" \/>\n<meta property=\"og:locale\" content=\"es_ES\" \/>\n<meta property=\"og:type\" content=\"article\" \/>\n<meta property=\"og:title\" content=\"EL GOBIERNO ACEPT\u00d3 QUE AEROL\u00cdNEAS, CORREO Y CANAL 7 NO SE PRIVATICEN - Apuntes de San Luis\" \/>\n<meta property=\"og:description\" content=\"El senador Bartolom\u00e9 Abdala de San Luis anunci\u00f3 este mi\u00e9rcoles, a las 11:20, que el...\" \/>\n<meta property=\"og:url\" content=\"https:\/\/apuntesdesanluis.com\/index.php\/2024\/06\/12\/el-gobierno-acepto-que-aerolineas-correo-y-canal-7-no-se-privaticen\/\" \/>\n<meta property=\"og:site_name\" content=\"Apuntes de San Luis\" \/>\n<meta property=\"article:published_time\" content=\"2024-06-12T21:52:26+00:00\" \/>\n<meta property=\"og:image\" content=\"https:\/\/apuntesdesanluis.com\/wp-content\/uploads\/2024\/06\/bartolome-abdala.png\" \/>\n\t<meta property=\"og:image:width\" content=\"740\" \/>\n\t<meta property=\"og:image:height\" content=\"459\" \/>\n\t<meta property=\"og:image:type\" content=\"image\/png\" \/>\n<meta name=\"author\" content=\"apuntesdesanluis.com\" \/>\n<meta name=\"twitter:card\" content=\"summary_large_image\" \/>\n<meta name=\"twitter:label1\" content=\"Escrito por\" \/>\n\t<meta name=\"twitter:data1\" content=\"apuntesdesanluis.com\" \/>\n\t<meta name=\"twitter:label2\" content=\"Tiempo de lectura\" \/>\n\t<meta name=\"twitter:data2\" content=\"2 minutos\" \/>\n<script type=\"application\/ld+json\" class=\"yoast-schema-graph\">{\"@context\":\"https:\/\/schema.org\",\"@graph\":[{\"@type\":\"Article\",\"@id\":\"https:\/\/apuntesdesanluis.com\/index.php\/2024\/06\/12\/el-gobierno-acepto-que-aerolineas-correo-y-canal-7-no-se-privaticen\/#article\",\"isPartOf\":{\"@id\":\"https:\/\/apuntesdesanluis.com\/index.php\/2024\/06\/12\/el-gobierno-acepto-que-aerolineas-correo-y-canal-7-no-se-privaticen\/\"},\"author\":{\"name\":\"apuntesdesanluis.com\",\"@id\":\"https:\/\/apuntesdesanluis.com\/#\/schema\/person\/b55151d52296fcce64d1a72538a70b90\"},\"headline\":\"EL GOBIERNO ACEPT\u00d3 QUE AEROL\u00cdNEAS, CORREO Y CANAL 7 NO SE PRIVATICEN\",\"datePublished\":\"2024-06-12T21:52:26+00:00\",\"mainEntityOfPage\":{\"@id\":\"https:\/\/apuntesdesanluis.com\/index.php\/2024\/06\/12\/el-gobierno-acepto-que-aerolineas-correo-y-canal-7-no-se-privaticen\/\"},\"wordCount\":301,\"publisher\":{\"@id\":\"https:\/\/apuntesdesanluis.com\/#\/schema\/person\/b55151d52296fcce64d1a72538a70b90\"},\"image\":{\"@id\":\"https:\/\/apuntesdesanluis.com\/index.php\/2024\/06\/12\/el-gobierno-acepto-que-aerolineas-correo-y-canal-7-no-se-privaticen\/#primaryimage\"},\"thumbnailUrl\":\"https:\/\/apuntesdesanluis.com\/wp-content\/uploads\/2024\/06\/bartolome-abdala.png\",\"articleSection\":[\"Nacionales\/Internacionales\"],\"inLanguage\":\"es-AR\"},{\"@type\":\"WebPage\",\"@id\":\"https:\/\/apuntesdesanluis.com\/index.php\/2024\/06\/12\/el-gobierno-acepto-que-aerolineas-correo-y-canal-7-no-se-privaticen\/\",\"url\":\"https:\/\/apuntesdesanluis.com\/index.php\/2024\/06\/12\/el-gobierno-acepto-que-aerolineas-correo-y-canal-7-no-se-privaticen\/\",\"name\":\"EL GOBIERNO ACEPT\u00d3 QUE AEROL\u00cdNEAS, CORREO Y CANAL 7 NO SE PRIVATICEN - Apuntes de San Luis\",\"isPartOf\":{\"@id\":\"https:\/\/apuntesdesanluis.com\/#website\"},\"primaryImageOfPage\":{\"@id\":\"https:\/\/apuntesdesanluis.com\/index.php\/2024\/06\/12\/el-gobierno-acepto-que-aerolineas-correo-y-canal-7-no-se-privaticen\/#primaryimage\"},\"image\":{\"@id\":\"https:\/\/apuntesdesanluis.com\/index.php\/2024\/06\/12\/el-gobierno-acepto-que-aerolineas-correo-y-canal-7-no-se-privaticen\/#primaryimage\"},\"thumbnailUrl\":\"https:\/\/apuntesdesanluis.com\/wp-content\/uploads\/2024\/06\/bartolome-abdala.png\",\"datePublished\":\"2024-06-12T21:52:26+00:00\",\"breadcrumb\":{\"@id\":\"https:\/\/apuntesdesanluis.com\/index.php\/2024\/06\/12\/el-gobierno-acepto-que-aerolineas-correo-y-canal-7-no-se-privaticen\/#breadcrumb\"},\"inLanguage\":\"es-AR\",\"potentialAction\":[{\"@type\":\"ReadAction\",\"target\":[\"https:\/\/apuntesdesanluis.com\/index.php\/2024\/06\/12\/el-gobierno-acepto-que-aerolineas-correo-y-canal-7-no-se-privaticen\/\"]}]},{\"@type\":\"ImageObject\",\"inLanguage\":\"es-AR\",\"@id\":\"https:\/\/apuntesdesanluis.com\/index.php\/2024\/06\/12\/el-gobierno-acepto-que-aerolineas-correo-y-canal-7-no-se-privaticen\/#primaryimage\",\"url\":\"https:\/\/apuntesdesanluis.com\/wp-content\/uploads\/2024\/06\/bartolome-abdala.png\",\"contentUrl\":\"https:\/\/apuntesdesanluis.com\/wp-content\/uploads\/2024\/06\/bartolome-abdala.png\",\"width\":740,\"height\":459},{\"@type\":\"BreadcrumbList\",\"@id\":\"https:\/\/apuntesdesanluis.com\/index.php\/2024\/06\/12\/el-gobierno-acepto-que-aerolineas-correo-y-canal-7-no-se-privaticen\/#breadcrumb\",\"itemListElement\":[{\"@type\":\"ListItem\",\"position\":1,\"name\":\"Inicio\",\"item\":\"https:\/\/apuntesdesanluis.com\/\"},{\"@type\":\"ListItem\",\"position\":2,\"name\":\"EL GOBIERNO ACEPT\u00d3 QUE AEROL\u00cdNEAS, CORREO Y CANAL 7 NO SE PRIVATICEN\"}]},{\"@type\":\"WebSite\",\"@id\":\"https:\/\/apuntesdesanluis.com\/#website\",\"url\":\"https:\/\/apuntesdesanluis.com\/\",\"name\":\"Apuntes de San Luis\",\"description\":\"\",\"publisher\":{\"@id\":\"https:\/\/apuntesdesanluis.com\/#\/schema\/person\/b55151d52296fcce64d1a72538a70b90\"},\"potentialAction\":[{\"@type\":\"SearchAction\",\"target\":{\"@type\":\"EntryPoint\",\"urlTemplate\":\"https:\/\/apuntesdesanluis.com\/?s={search_term_string}\"},\"query-input\":{\"@type\":\"PropertyValueSpecification\",\"valueRequired\":true,\"valueName\":\"search_term_string\"}}],\"inLanguage\":\"es-AR\"},{\"@type\":[\"Person\",\"Organization\"],\"@id\":\"https:\/\/apuntesdesanluis.com\/#\/schema\/person\/b55151d52296fcce64d1a72538a70b90\",\"name\":\"apuntesdesanluis.com\",\"image\":{\"@type\":\"ImageObject\",\"inLanguage\":\"es-AR\",\"@id\":\"https:\/\/apuntesdesanluis.com\/#\/schema\/person\/image\/\",\"url\":\"https:\/\/apuntesdesanluis.com\/wp-content\/uploads\/2023\/07\/cropped-apuntesdesanluis.png\",\"contentUrl\":\"https:\/\/apuntesdesanluis.com\/wp-content\/uploads\/2023\/07\/cropped-apuntesdesanluis.png\",\"width\":450,\"height\":112,\"caption\":\"apuntesdesanluis.com\"},\"logo\":{\"@id\":\"https:\/\/apuntesdesanluis.com\/#\/schema\/person\/image\/\"},\"sameAs\":[\"https:\/\/apuntesdesanluis.com\"],\"url\":\"https:\/\/apuntesdesanluis.com\/index.php\/author\/apuntesdesanluis-com\/\"}]}<\/script>\n<!-- \/ Yoast SEO plugin. -->","yoast_head_json":{"title":"EL GOBIERNO ACEPT\u00d3 QUE AEROL\u00cdNEAS, CORREO Y CANAL 7 NO SE PRIVATICEN - Apuntes de San Luis","robots":{"index":"index","follow":"follow","max-snippet":"max-snippet:-1","max-image-preview":"max-image-preview:large","max-video-preview":"max-video-preview:-1"},"canonical":"https:\/\/apuntesdesanluis.com\/index.php\/2024\/06\/12\/el-gobierno-acepto-que-aerolineas-correo-y-canal-7-no-se-privaticen\/","og_locale":"es_ES","og_type":"article","og_title":"EL GOBIERNO ACEPT\u00d3 QUE AEROL\u00cdNEAS, CORREO Y CANAL 7 NO SE PRIVATICEN - Apuntes de San Luis","og_description":"El senador Bartolom\u00e9 Abdala de San Luis anunci\u00f3 este mi\u00e9rcoles, a las 11:20, que el...","og_url":"https:\/\/apuntesdesanluis.com\/index.php\/2024\/06\/12\/el-gobierno-acepto-que-aerolineas-correo-y-canal-7-no-se-privaticen\/","og_site_name":"Apuntes de San Luis","article_published_time":"2024-06-12T21:52:26+00:00","og_image":[{"width":740,"height":459,"url":"https:\/\/apuntesdesanluis.com\/wp-content\/uploads\/2024\/06\/bartolome-abdala.png","type":"image\/png"}],"author":"apuntesdesanluis.com","twitter_card":"summary_large_image","twitter_misc":{"Escrito por":"apuntesdesanluis.com","Tiempo de lectura":"2 minutos"},"schema":{"@context":"https:\/\/schema.org","@graph":[{"@type":"Article","@id":"https:\/\/apuntesdesanluis.com\/index.php\/2024\/06\/12\/el-gobierno-acepto-que-aerolineas-correo-y-canal-7-no-se-privaticen\/#article","isPartOf":{"@id":"https:\/\/apuntesdesanluis.com\/index.php\/2024\/06\/12\/el-gobierno-acepto-que-aerolineas-correo-y-canal-7-no-se-privaticen\/"},"author":{"name":"apuntesdesanluis.com","@id":"https:\/\/apuntesdesanluis.com\/#\/schema\/person\/b55151d52296fcce64d1a72538a70b90"},"headline":"EL GOBIERNO ACEPT\u00d3 QUE AEROL\u00cdNEAS, CORREO Y CANAL 7 NO SE PRIVATICEN","datePublished":"2024-06-12T21:52:26+00:00","mainEntityOfPage":{"@id":"https:\/\/apuntesdesanluis.com\/index.php\/2024\/06\/12\/el-gobierno-acepto-que-aerolineas-correo-y-canal-7-no-se-privaticen\/"},"wordCount":301,"publisher":{"@id":"https:\/\/apuntesdesanluis.com\/#\/schema\/person\/b55151d52296fcce64d1a72538a70b90"},"image":{"@id":"https:\/\/apuntesdesanluis.com\/index.php\/2024\/06\/12\/el-gobierno-acepto-que-aerolineas-correo-y-canal-7-no-se-privaticen\/#primaryimage"},"thumbnailUrl":"https:\/\/apuntesdesanluis.com\/wp-content\/uploads\/2024\/06\/bartolome-abdala.png","articleSection":["Nacionales\/Internacionales"],"inLanguage":"es-AR"},{"@type":"WebPage","@id":"https:\/\/apuntesdesanluis.com\/index.php\/2024\/06\/12\/el-gobierno-acepto-que-aerolineas-correo-y-canal-7-no-se-privaticen\/","url":"https:\/\/apuntesdesanluis.com\/index.php\/2024\/06\/12\/el-gobierno-acepto-que-aerolineas-correo-y-canal-7-no-se-privaticen\/","name":"EL GOBIERNO ACEPT\u00d3 QUE AEROL\u00cdNEAS, CORREO Y CANAL 7 NO SE PRIVATICEN - Apuntes de San Luis","isPartOf":{"@id":"https:\/\/apuntesdesanluis.com\/#website"},"primaryImageOfPage":{"@id":"https:\/\/apuntesdesanluis.com\/index.php\/2024\/06\/12\/el-gobierno-acepto-que-aerolineas-correo-y-canal-7-no-se-privaticen\/#primaryimage"},"image":{"@id":"https:\/\/apuntesdesanluis.com\/index.php\/2024\/06\/12\/el-gobierno-acepto-que-aerolineas-correo-y-canal-7-no-se-privaticen\/#primaryimage"},"thumbnailUrl":"https:\/\/apuntesdesanluis.com\/wp-content\/uploads\/2024\/06\/bartolome-abdala.png","datePublished":"2024-06-12T21:52:26+00:00","breadcrumb":{"@id":"https:\/\/apuntesdesanluis.com\/index.php\/2024\/06\/12\/el-gobierno-acepto-que-aerolineas-correo-y-canal-7-no-se-privaticen\/#breadcrumb"},"inLanguage":"es-AR","potentialAction":[{"@type":"ReadAction","target":["https:\/\/apuntesdesanluis.com\/index.php\/2024\/06\/12\/el-gobierno-acepto-que-aerolineas-correo-y-canal-7-no-se-privaticen\/"]}]},{"@type":"ImageObject","inLanguage":"es-AR","@id":"https:\/\/apuntesdesanluis.com\/index.php\/2024\/06\/12\/el-gobierno-acepto-que-aerolineas-correo-y-canal-7-no-se-privaticen\/#primaryimage","url":"https:\/\/apuntesdesanluis.com\/wp-content\/uploads\/2024\/06\/bartolome-abdala.png","contentUrl":"https:\/\/apuntesdesanluis.com\/wp-content\/uploads\/2024\/06\/bartolome-abdala.png","width":740,"height":459},{"@type":"BreadcrumbList","@id":"https:\/\/apuntesdesanluis.com\/index.php\/2024\/06\/12\/el-gobierno-acepto-que-aerolineas-correo-y-canal-7-no-se-privaticen\/#breadcrumb","itemListElement":[{"@type":"ListItem","position":1,"name":"Inicio","item":"https:\/\/apuntesdesanluis.com\/"},{"@type":"ListItem","position":2,"name":"EL GOBIERNO ACEPT\u00d3 QUE AEROL\u00cdNEAS, CORREO Y CANAL 7 NO SE PRIVATICEN"}]},{"@type":"WebSite","@id":"https:\/\/apuntesdesanluis.com\/#website","url":"https:\/\/apuntesdesanluis.com\/","name":"Apuntes de San Luis","description":"","publisher":{"@id":"https:\/\/apuntesdesanluis.com\/#\/schema\/person\/b55151d52296fcce64d1a72538a70b90"},"potentialAction":[{"@type":"SearchAction","target":{"@type":"EntryPoint","urlTemplate":"https:\/\/apuntesdesanluis.com\/?s={search_term_string}"},"query-input":{"@type":"PropertyValueSpecification","valueRequired":true,"valueName":"search_term_string"}}],"inLanguage":"es-AR"},{"@type":["Person","Organization"],"@id":"https:\/\/apuntesdesanluis.com\/#\/schema\/person\/b55151d52296fcce64d1a72538a70b90","name":"apuntesdesanluis.com","image":{"@type":"ImageObject","inLanguage":"es-AR","@id":"https:\/\/apuntesdesanluis.com\/#\/schema\/person\/image\/","url":"https:\/\/apuntesdesanluis.com\/wp-content\/uploads\/2023\/07\/cropped-apuntesdesanluis.png","contentUrl":"https:\/\/apuntesdesanluis.com\/wp-content\/uploads\/2023\/07\/cropped-apuntesdesanluis.png","width":450,"height":112,"caption":"apuntesdesanluis.com"},"logo":{"@id":"https:\/\/apuntesdesanluis.com\/#\/schema\/person\/image\/"},"sameAs":["https:\/\/apuntesdesanluis.com"],"url":"https:\/\/apuntesdesanluis.com\/index.php\/author\/apuntesdesanluis-com\/"}]}},"featured_image_urls":{"full":["https:\/\/apuntesdesanluis.com\/wp-content\/uploads\/2024\/06\/bartolome-abdala.png",740,459,false],"thumbnail":["https:\/\/apuntesdesanluis.com\/wp-content\/uploads\/2024\/06\/bartolome-abdala-150x150.png",150,150,true],"medium":["https:\/\/apuntesdesanluis.com\/wp-content\/uploads\/2024\/06\/bartolome-abdala-300x186.png",300,186,true],"medium_large":["https:\/\/apuntesdesanluis.com\/wp-content\/uploads\/2024\/06\/bartolome-abdala.png",640,397,false],"large":["https:\/\/apuntesdesanluis.com\/wp-content\/uploads\/2024\/06\/bartolome-abdala.png",640,397,false],"1536x1536":["https:\/\/apuntesdesanluis.com\/wp-content\/uploads\/2024\/06\/bartolome-abdala.png",740,459,false],"2048x2048":["https:\/\/apuntesdesanluis.com\/wp-content\/uploads\/2024\/06\/bartolome-abdala.png",740,459,false],"newsever-slider-full":["https:\/\/apuntesdesanluis.com\/wp-content\/uploads\/2024\/06\/bartolome-abdala.png",740,459,false],"newsever-featured":["https:\/\/apuntesdesanluis.com\/wp-content\/uploads\/2024\/06\/bartolome-abdala.png",740,459,false],"newsever-medium":["https:\/\/apuntesdesanluis.com\/wp-content\/uploads\/2024\/06\/bartolome-abdala-720x459.png",720,459,true]},"author_info":{"display_name":"apuntesdesanluis.com","author_link":"https:\/\/apuntesdesanluis.com\/index.php\/author\/apuntesdesanluis-com\/"},"category_info":"<a href=\"https:\/\/apuntesdesanluis.com\/index.php\/category\/nacionales-internacionales\/\" rel=\"category tag\">Nacionales\/Internacionales<\/a>","tag_info":"Nacionales\/Internacionales","comment_count":"0","_links":{"self":[{"href":"https:\/\/apuntesdesanluis.com\/index.php\/wp-json\/wp\/v2\/posts\/17831","targetHints":{"allow":["GET"]}}],"collection":[{"href":"https:\/\/apuntesdesanluis.com\/index.php\/wp-json\/wp\/v2\/posts"}],"about":[{"href":"https:\/\/apuntesdesanluis.com\/index.php\/wp-json\/wp\/v2\/types\/post"}],"author":[{"embeddable":true,"href":"https:\/\/apuntesdesanluis.com\/index.php\/wp-json\/wp\/v2\/users\/1"}],"replies":[{"embeddable":true,"href":"https:\/\/apuntesdesanluis.com\/index.php\/wp-json\/wp\/v2\/comments?post=17831"}],"version-history":[{"count":1,"href":"https:\/\/apuntesdesanluis.com\/index.php\/wp-json\/wp\/v2\/posts\/17831\/revisions"}],"predecessor-version":[{"id":17834,"href":"https:\/\/apuntesdesanluis.com\/index.php\/wp-json\/wp\/v2\/posts\/17831\/revisions\/17834"}],"wp:featuredmedia":[{"embeddable":true,"href":"https:\/\/apuntesdesanluis.com\/index.php\/wp-json\/wp\/v2\/media\/17832"}],"wp:attachment":[{"href":"https:\/\/apuntesdesanluis.com\/index.php\/wp-json\/wp\/v2\/media?parent=17831"}],"wp:term":[{"taxonomy":"category","embeddable":true,"href":"https:\/\/apuntesdesanluis.com\/index.php\/wp-json\/wp\/v2\/categories?post=17831"},{"taxonomy":"post_tag","embeddable":true,"href":"https:\/\/apuntesdesanluis.com\/index.php\/wp-json\/wp\/v2\/tags?post=17831"}],"curies":[{"name":"wp","href":"https:\/\/api.w.org\/{rel}","templated":true}]}}