{"id":17835,"date":"2024-06-12T19:15:56","date_gmt":"2024-06-12T22:15:56","guid":{"rendered":"https:\/\/apuntesdesanluis.com\/?p=17835"},"modified":"2024-06-12T19:15:56","modified_gmt":"2024-06-12T22:15:56","slug":"congreso-incidentes-media-docena-de-diputados-agredidos-entre-ellos-ernesto-pipi-ali-y-dos-autos-incendiados","status":"publish","type":"post","link":"https:\/\/apuntesdesanluis.com\/index.php\/2024\/06\/12\/congreso-incidentes-media-docena-de-diputados-agredidos-entre-ellos-ernesto-pipi-ali-y-dos-autos-incendiados\/","title":{"rendered":"CONGRESO: INCIDENTES, MEDIA DOCENA DE DIPUTADOS AGREDIDOS, ENTRE ELLOS ERNESTO \u201cPIPI\u201d AL\u00cd, Y DOS AUTOS INCENDIADOS"},"content":{"rendered":"<h3>Los incidentes ocurren frente al edificio del Poder Legislativo. Los activistas destruyeron varios veh\u00edculos y se enfrentan desde hace m\u00e1s de dos horas con las fuerzas de seguridad. Dos polic\u00edas y tres gendarmes sufrieron heridas severas y debieron ser trasladados. La sesi\u00f3n contin\u00faa dentro del recinto de la C\u00e1mara de Senadores<\/h3>\n<h3>Los alrededores del Congreso de la Naci\u00f3n se convirtieron en un campo de batalla en el que chocan manifestantes y fuerzas de seguridad, desde minutos antes de las 16 horas de este mi\u00e9rcoles 12 de junio. Organizaciones sociales, piqueteras, de izquierda, peronistas, de derechos humanos, asambleas barriales y sindicatos se manifiestan en rechazo a la Ley Bases que se debate en el Senado. El objetivo del ataque es interrumpir la sesi\u00f3n.<\/h3>\n<p><iframe title=\"INCIDENTES EN EL CONGRESO: MANIFESTANTES PRENDIERON FUEGO UN AUTO DE &quot;CADENA 3&quot;\" width=\"640\" height=\"360\" src=\"https:\/\/www.youtube.com\/embed\/E77mcjywALY?feature=oembed\" frameborder=\"0\" allow=\"accelerometer; autoplay; clipboard-write; encrypted-media; gyroscope; picture-in-picture; web-share\" referrerpolicy=\"strict-origin-when-cross-origin\" allowfullscreen><\/iframe><\/p>\n<h3>Los enfrentamientos m\u00e1s fuertes tienen lugar en el frente del hist\u00f3rico edificio, sobre la Plaza de los Dos Congresos. Cinco efectivos, dos polic\u00edas y tres gendarmes, resultaron con heridas de consideraci\u00f3n por lo que debieron ser trasladados. Al menos dos autom\u00f3viles prendidos fuego y varios m\u00e1s vandalizados, gases, y proyectiles volaron sostenidamente a lo largo de la tarde y hasta el momento 18 personas fueron detenidas en el marco de los incidentes.<\/h3>\n<h3>La polic\u00eda dispar\u00f3 balas de goma, gas pimienta y utiliza los camiones hidrantes para dispersar a los activistas que atacaron el vallado dispuesto en los alrededores del palacio que alberga al Poder Legislativo. Las esquinas de Callao y Rivadavia, por un lado, y Entre R\u00edos e Yrigoyen, por otro, fueron un verdadero polvor\u00edn.<\/h3>\n<h3>Durante m\u00e1s de dos horas la violencia rein\u00f3 en la zona, con distinta intensidad. Cada vez que la situaci\u00f3n parec\u00eda estar controlada, desde distintas arter\u00edas aparec\u00edan nuevos atacantes que reavivaban los incidentes. Los grupos dispersados retornaban por diferentes accesos al edificio del Congreso, pese a que los efectivos los esperaban con escudos, gases, balas de goma y camiones hidrantes.<\/h3>\n<p><img fetchpriority=\"high\" decoding=\"async\" class=\"wp-image-17836 aligncenter\" src=\"https:\/\/apuntesdesanluis.com\/wp-content\/uploads\/2024\/06\/incidentes-bombas-300x207.png\" alt=\"\" width=\"716\" height=\"494\" srcset=\"https:\/\/apuntesdesanluis.com\/wp-content\/uploads\/2024\/06\/incidentes-bombas-300x207.png 300w, https:\/\/apuntesdesanluis.com\/wp-content\/uploads\/2024\/06\/incidentes-bombas.png 684w\" sizes=\"(max-width: 716px) 100vw, 716px\" \/><\/p>\n<h4 style=\"text-align: center;\"><em>Activistas arrojaron piedras y bombas molotov y la polic\u00eda respondi\u00f3 con gases, balas de goma y agua.<\/em><\/h4>\n<h3>La polic\u00eda Federal, Gendarmer\u00eda Nacional, PSA y 600 efectivos de la Polic\u00eda de la Ciudad de Buenos Aires, sosten\u00edan el operativo, mientras decenas de militantes de partidos de izquierda arrojaban insistentemente piedras, palos y botellas y bombas molotov.<\/h3>\n<h3>Uno de los autom\u00f3viles que fue prendido fuego pertenec\u00eda a Cadena 3, medio de comunicaci\u00f3n de la provincia de C\u00f3rdoba que lleg\u00f3 a la Ciudad de Buenos Aires para cubrir la sesi\u00f3n en el Senado. El otro, dado vuelta en plena calle S\u00e1enz Pe\u00f1a, fue atacado frente a los m\u00f3viles de canales de televisi\u00f3n por agresores, algunos a cara descubierta.<\/h3>\n<p><img decoding=\"async\" class=\"wp-image-17840 aligncenter\" src=\"https:\/\/apuntesdesanluis.com\/wp-content\/uploads\/2024\/06\/auto-incendiado-en-el-congreso-300x161.png\" alt=\"\" width=\"660\" height=\"354\" srcset=\"https:\/\/apuntesdesanluis.com\/wp-content\/uploads\/2024\/06\/auto-incendiado-en-el-congreso-300x161.png 300w, https:\/\/apuntesdesanluis.com\/wp-content\/uploads\/2024\/06\/auto-incendiado-en-el-congreso.png 696w\" sizes=\"(max-width: 660px) 100vw, 660px\" \/><\/p>\n<h3>Pasadas las 18 horas, el reporte de las fuerzas de seguridad daba cuenta de 18 detenidos en el marco de los incidentes. Nueve de ellos fueron aprehendidos por la Polic\u00eda Federal, en tanto que a los otros nueve los apresaron efectivos de la Ciudad de Buenos Aires.<\/h3>\n<h3>Las im\u00e1genes reflejaban una lucha cuerpo a cuerpo entre la polic\u00eda, en la que volaron proyectiles de todo tipo. En la zona, el aire se torn\u00f3 irrespirable como consecuencia de los gases que utiliz\u00f3 la polic\u00eda para disuadir las agresiones de los activistas, que tienen como objetivo interrumpir la sesi\u00f3n en la que se discute la Ley Bases.<\/h3>\n<p><img decoding=\"async\" class=\"wp-image-17837 aligncenter\" src=\"https:\/\/apuntesdesanluis.com\/wp-content\/uploads\/2024\/06\/castagnetto-300x232.png\" alt=\"\" width=\"737\" height=\"570\" srcset=\"https:\/\/apuntesdesanluis.com\/wp-content\/uploads\/2024\/06\/castagnetto-300x232.png 300w, https:\/\/apuntesdesanluis.com\/wp-content\/uploads\/2024\/06\/castagnetto-768x594.png 768w, https:\/\/apuntesdesanluis.com\/wp-content\/uploads\/2024\/06\/castagnetto.png 790w\" sizes=\"(max-width: 737px) 100vw, 737px\" \/><\/p>\n<h4 style=\"text-align: center;\"><em>Carlos Castagnetto fue uno de los legisladores que debi\u00f3 ser asistido.<\/em><\/h4>\n<h3>Los incidentes fueron una continuidad de lo que hab\u00eda ocurrido cerca del mediod\u00eda, cuando manifestantes hab\u00edan logrado cortar el tr\u00e1nsito sobre avenida Callao. En ese primer momento fueron desalojados por la polic\u00eda, en una maniobra que termin\u00f3 con seis diputados opositores, que eran parte de la manifestaci\u00f3n, heridos por gases lacrim\u00f3genos. Se trata de <strong>Eduardo Vald\u00e9s, Carlos Castagnetto, Leopoldo Moreau, Juan Manuel Pedrini, Carolina Yutrovic, Ernesto &#8220;Pipi&#8221; Al\u00ed (San Luis) y Luis Basterra<\/strong>. De esa n\u00f3mina, Castagnetto debi\u00f3 ser hospitalizado. Dos horas despu\u00e9s, los disturbios regresaron.<\/h3>\n<div style=\"width: 478px;\" class=\"wp-video\"><!--[if lt IE 9]><script>document.createElement('video');<\/script><![endif]-->\n<video class=\"wp-video-shortcode\" id=\"video-17835-1\" width=\"478\" height=\"850\" preload=\"metadata\" controls=\"controls\"><source type=\"video\/mp4\" src=\"https:\/\/apuntesdesanluis.com\/wp-content\/uploads\/2024\/06\/Agresion-a-pipi-ali.mp4?_=1\" \/><a href=\"https:\/\/apuntesdesanluis.com\/wp-content\/uploads\/2024\/06\/Agresion-a-pipi-ali.mp4\">https:\/\/apuntesdesanluis.com\/wp-content\/uploads\/2024\/06\/Agresion-a-pipi-ali.mp4<\/a><\/video><\/div>\n<h3>Fue en ese mismo sitio en el que los manifestantes comenzaron a arrojar piedras y bombas molotov contra el cord\u00f3n montado por la polic\u00eda. La respuesta fue contundente: el cami\u00f3n hidrante busc\u00f3 disuadirlos y comenzaron detonaciones. La tensi\u00f3n invadi\u00f3 la escena, mientras volaban cascotes, baldosas y objetos contundentes que los agresores arrojaban a su paso.<\/h3>\n<h3>Mientras los incidentes no cesan, en el recinto de la C\u00e1mara de Senadores contin\u00faa el debate del mega proyecto que el Gobierno busca aprobar durante esta jornada, aunque los senadores no son ajenos a los disturbios y varios de ellos mocionaron para interrumpir el debate dados los incidentes que ocurren en las inmediaciones del palacio legislativo.<\/h3>\n<p>&nbsp;<\/p>\n<p>&nbsp;<\/p>\n<p>&nbsp;<\/p>\n<p>&nbsp;<\/p>\n<p>&nbsp;<\/p>\n<p>&nbsp;<\/p>\n<p>&nbsp;<\/p>\n<p>&nbsp;<\/p>\n<p>&nbsp;<\/p>\n","protected":false},"excerpt":{"rendered":"<p>Los incidentes ocurren frente al edificio del Poder Legislativo. Los activistas destruyeron varios veh\u00edculos y&#8230;<\/p>\n","protected":false},"author":1,"featured_media":17839,"comment_status":"closed","ping_status":"closed","sticky":false,"template":"","format":"standard","meta":{"footnotes":""},"categories":[5],"tags":[],"class_list":["post-17835","post","type-post","status-publish","format-standard","has-post-thumbnail","hentry","category-nacionales-internacionales"],"yoast_head":"<!-- This site is optimized with the Yoast SEO plugin v26.1.1 - https:\/\/yoast.com\/wordpress\/plugins\/seo\/ -->\n<title>CONGRESO: INCIDENTES, MEDIA DOCENA DE DIPUTADOS AGREDIDOS, ENTRE ELLOS ERNESTO \u201cPIPI\u201d AL\u00cd, Y DOS AUTOS INCENDIADOS - Apuntes de San Luis<\/title>\n<meta name=\"robots\" content=\"index, follow, max-snippet:-1, max-image-preview:large, max-video-preview:-1\" \/>\n<link rel=\"canonical\" href=\"https:\/\/apuntesdesanluis.com\/index.php\/2024\/06\/12\/congreso-incidentes-media-docena-de-diputados-agredidos-entre-ellos-ernesto-pipi-ali-y-dos-autos-incendiados\/\" \/>\n<meta property=\"og:locale\" content=\"es_ES\" \/>\n<meta property=\"og:type\" content=\"article\" \/>\n<meta property=\"og:title\" content=\"CONGRESO: INCIDENTES, MEDIA DOCENA DE DIPUTADOS AGREDIDOS, ENTRE ELLOS ERNESTO \u201cPIPI\u201d AL\u00cd, Y DOS AUTOS INCENDIADOS - Apuntes de San Luis\" \/>\n<meta property=\"og:description\" content=\"Los incidentes ocurren frente al edificio del Poder Legislativo. Los activistas destruyeron varios veh\u00edculos y...\" \/>\n<meta property=\"og:url\" content=\"https:\/\/apuntesdesanluis.com\/index.php\/2024\/06\/12\/congreso-incidentes-media-docena-de-diputados-agredidos-entre-ellos-ernesto-pipi-ali-y-dos-autos-incendiados\/\" \/>\n<meta property=\"og:site_name\" content=\"Apuntes de San Luis\" \/>\n<meta property=\"article:published_time\" content=\"2024-06-12T22:15:56+00:00\" \/>\n<meta property=\"og:image\" content=\"https:\/\/apuntesdesanluis.com\/wp-content\/uploads\/2024\/06\/incidentes-en-el-congreso.png\" \/>\n\t<meta property=\"og:image:width\" content=\"700\" \/>\n\t<meta property=\"og:image:height\" content=\"452\" \/>\n\t<meta property=\"og:image:type\" content=\"image\/png\" \/>\n<meta name=\"author\" content=\"apuntesdesanluis.com\" \/>\n<meta name=\"twitter:card\" content=\"summary_large_image\" \/>\n<meta name=\"twitter:label1\" content=\"Escrito por\" \/>\n\t<meta name=\"twitter:data1\" content=\"apuntesdesanluis.com\" \/>\n\t<meta name=\"twitter:label2\" content=\"Tiempo de lectura\" \/>\n\t<meta name=\"twitter:data2\" content=\"5 minutos\" \/>\n<script type=\"application\/ld+json\" class=\"yoast-schema-graph\">{\"@context\":\"https:\/\/schema.org\",\"@graph\":[{\"@type\":\"Article\",\"@id\":\"https:\/\/apuntesdesanluis.com\/index.php\/2024\/06\/12\/congreso-incidentes-media-docena-de-diputados-agredidos-entre-ellos-ernesto-pipi-ali-y-dos-autos-incendiados\/#article\",\"isPartOf\":{\"@id\":\"https:\/\/apuntesdesanluis.com\/index.php\/2024\/06\/12\/congreso-incidentes-media-docena-de-diputados-agredidos-entre-ellos-ernesto-pipi-ali-y-dos-autos-incendiados\/\"},\"author\":{\"name\":\"apuntesdesanluis.com\",\"@id\":\"https:\/\/apuntesdesanluis.com\/#\/schema\/person\/b55151d52296fcce64d1a72538a70b90\"},\"headline\":\"CONGRESO: INCIDENTES, MEDIA DOCENA DE DIPUTADOS AGREDIDOS, ENTRE ELLOS ERNESTO \u201cPIPI\u201d AL\u00cd, Y DOS AUTOS INCENDIADOS\",\"datePublished\":\"2024-06-12T22:15:56+00:00\",\"mainEntityOfPage\":{\"@id\":\"https:\/\/apuntesdesanluis.com\/index.php\/2024\/06\/12\/congreso-incidentes-media-docena-de-diputados-agredidos-entre-ellos-ernesto-pipi-ali-y-dos-autos-incendiados\/\"},\"wordCount\":837,\"publisher\":{\"@id\":\"https:\/\/apuntesdesanluis.com\/#\/schema\/person\/b55151d52296fcce64d1a72538a70b90\"},\"image\":{\"@id\":\"https:\/\/apuntesdesanluis.com\/index.php\/2024\/06\/12\/congreso-incidentes-media-docena-de-diputados-agredidos-entre-ellos-ernesto-pipi-ali-y-dos-autos-incendiados\/#primaryimage\"},\"thumbnailUrl\":\"https:\/\/apuntesdesanluis.com\/wp-content\/uploads\/2024\/06\/incidentes-en-el-congreso.png\",\"articleSection\":[\"Nacionales\/Internacionales\"],\"inLanguage\":\"es-AR\"},{\"@type\":\"WebPage\",\"@id\":\"https:\/\/apuntesdesanluis.com\/index.php\/2024\/06\/12\/congreso-incidentes-media-docena-de-diputados-agredidos-entre-ellos-ernesto-pipi-ali-y-dos-autos-incendiados\/\",\"url\":\"https:\/\/apuntesdesanluis.com\/index.php\/2024\/06\/12\/congreso-incidentes-media-docena-de-diputados-agredidos-entre-ellos-ernesto-pipi-ali-y-dos-autos-incendiados\/\",\"name\":\"CONGRESO: INCIDENTES, MEDIA DOCENA DE DIPUTADOS AGREDIDOS, ENTRE ELLOS ERNESTO \u201cPIPI\u201d AL\u00cd, Y DOS AUTOS INCENDIADOS - Apuntes de San Luis\",\"isPartOf\":{\"@id\":\"https:\/\/apuntesdesanluis.com\/#website\"},\"primaryImageOfPage\":{\"@id\":\"https:\/\/apuntesdesanluis.com\/index.php\/2024\/06\/12\/congreso-incidentes-media-docena-de-diputados-agredidos-entre-ellos-ernesto-pipi-ali-y-dos-autos-incendiados\/#primaryimage\"},\"image\":{\"@id\":\"https:\/\/apuntesdesanluis.com\/index.php\/2024\/06\/12\/congreso-incidentes-media-docena-de-diputados-agredidos-entre-ellos-ernesto-pipi-ali-y-dos-autos-incendiados\/#primaryimage\"},\"thumbnailUrl\":\"https:\/\/apuntesdesanluis.com\/wp-content\/uploads\/2024\/06\/incidentes-en-el-congreso.png\",\"datePublished\":\"2024-06-12T22:15:56+00:00\",\"breadcrumb\":{\"@id\":\"https:\/\/apuntesdesanluis.com\/index.php\/2024\/06\/12\/congreso-incidentes-media-docena-de-diputados-agredidos-entre-ellos-ernesto-pipi-ali-y-dos-autos-incendiados\/#breadcrumb\"},\"inLanguage\":\"es-AR\",\"potentialAction\":[{\"@type\":\"ReadAction\",\"target\":[\"https:\/\/apuntesdesanluis.com\/index.php\/2024\/06\/12\/congreso-incidentes-media-docena-de-diputados-agredidos-entre-ellos-ernesto-pipi-ali-y-dos-autos-incendiados\/\"]}]},{\"@type\":\"ImageObject\",\"inLanguage\":\"es-AR\",\"@id\":\"https:\/\/apuntesdesanluis.com\/index.php\/2024\/06\/12\/congreso-incidentes-media-docena-de-diputados-agredidos-entre-ellos-ernesto-pipi-ali-y-dos-autos-incendiados\/#primaryimage\",\"url\":\"https:\/\/apuntesdesanluis.com\/wp-content\/uploads\/2024\/06\/incidentes-en-el-congreso.png\",\"contentUrl\":\"https:\/\/apuntesdesanluis.com\/wp-content\/uploads\/2024\/06\/incidentes-en-el-congreso.png\",\"width\":700,\"height\":452},{\"@type\":\"BreadcrumbList\",\"@id\":\"https:\/\/apuntesdesanluis.com\/index.php\/2024\/06\/12\/congreso-incidentes-media-docena-de-diputados-agredidos-entre-ellos-ernesto-pipi-ali-y-dos-autos-incendiados\/#breadcrumb\",\"itemListElement\":[{\"@type\":\"ListItem\",\"position\":1,\"name\":\"Inicio\",\"item\":\"https:\/\/apuntesdesanluis.com\/\"},{\"@type\":\"ListItem\",\"position\":2,\"name\":\"CONGRESO: INCIDENTES, MEDIA DOCENA DE DIPUTADOS AGREDIDOS, ENTRE ELLOS ERNESTO \u201cPIPI\u201d AL\u00cd, Y DOS AUTOS INCENDIADOS\"}]},{\"@type\":\"WebSite\",\"@id\":\"https:\/\/apuntesdesanluis.com\/#website\",\"url\":\"https:\/\/apuntesdesanluis.com\/\",\"name\":\"Apuntes de San Luis\",\"description\":\"\",\"publisher\":{\"@id\":\"https:\/\/apuntesdesanluis.com\/#\/schema\/person\/b55151d52296fcce64d1a72538a70b90\"},\"potentialAction\":[{\"@type\":\"SearchAction\",\"target\":{\"@type\":\"EntryPoint\",\"urlTemplate\":\"https:\/\/apuntesdesanluis.com\/?s={search_term_string}\"},\"query-input\":{\"@type\":\"PropertyValueSpecification\",\"valueRequired\":true,\"valueName\":\"search_term_string\"}}],\"inLanguage\":\"es-AR\"},{\"@type\":[\"Person\",\"Organization\"],\"@id\":\"https:\/\/apuntesdesanluis.com\/#\/schema\/person\/b55151d52296fcce64d1a72538a70b90\",\"name\":\"apuntesdesanluis.com\",\"image\":{\"@type\":\"ImageObject\",\"inLanguage\":\"es-AR\",\"@id\":\"https:\/\/apuntesdesanluis.com\/#\/schema\/person\/image\/\",\"url\":\"https:\/\/apuntesdesanluis.com\/wp-content\/uploads\/2023\/07\/cropped-apuntesdesanluis.png\",\"contentUrl\":\"https:\/\/apuntesdesanluis.com\/wp-content\/uploads\/2023\/07\/cropped-apuntesdesanluis.png\",\"width\":450,\"height\":112,\"caption\":\"apuntesdesanluis.com\"},\"logo\":{\"@id\":\"https:\/\/apuntesdesanluis.com\/#\/schema\/person\/image\/\"},\"sameAs\":[\"https:\/\/apuntesdesanluis.com\"],\"url\":\"https:\/\/apuntesdesanluis.com\/index.php\/author\/apuntesdesanluis-com\/\"}]}<\/script>\n<!-- \/ Yoast SEO plugin. -->","yoast_head_json":{"title":"CONGRESO: INCIDENTES, MEDIA DOCENA DE DIPUTADOS AGREDIDOS, ENTRE ELLOS ERNESTO \u201cPIPI\u201d AL\u00cd, Y DOS AUTOS INCENDIADOS - Apuntes de San Luis","robots":{"index":"index","follow":"follow","max-snippet":"max-snippet:-1","max-image-preview":"max-image-preview:large","max-video-preview":"max-video-preview:-1"},"canonical":"https:\/\/apuntesdesanluis.com\/index.php\/2024\/06\/12\/congreso-incidentes-media-docena-de-diputados-agredidos-entre-ellos-ernesto-pipi-ali-y-dos-autos-incendiados\/","og_locale":"es_ES","og_type":"article","og_title":"CONGRESO: INCIDENTES, MEDIA DOCENA DE DIPUTADOS AGREDIDOS, ENTRE ELLOS ERNESTO \u201cPIPI\u201d AL\u00cd, Y DOS AUTOS INCENDIADOS - Apuntes de San Luis","og_description":"Los incidentes ocurren frente al edificio del Poder Legislativo. Los activistas destruyeron varios veh\u00edculos y...","og_url":"https:\/\/apuntesdesanluis.com\/index.php\/2024\/06\/12\/congreso-incidentes-media-docena-de-diputados-agredidos-entre-ellos-ernesto-pipi-ali-y-dos-autos-incendiados\/","og_site_name":"Apuntes de San Luis","article_published_time":"2024-06-12T22:15:56+00:00","og_image":[{"width":700,"height":452,"url":"https:\/\/apuntesdesanluis.com\/wp-content\/uploads\/2024\/06\/incidentes-en-el-congreso.png","type":"image\/png"}],"author":"apuntesdesanluis.com","twitter_card":"summary_large_image","twitter_misc":{"Escrito por":"apuntesdesanluis.com","Tiempo de lectura":"5 minutos"},"schema":{"@context":"https:\/\/schema.org","@graph":[{"@type":"Article","@id":"https:\/\/apuntesdesanluis.com\/index.php\/2024\/06\/12\/congreso-incidentes-media-docena-de-diputados-agredidos-entre-ellos-ernesto-pipi-ali-y-dos-autos-incendiados\/#article","isPartOf":{"@id":"https:\/\/apuntesdesanluis.com\/index.php\/2024\/06\/12\/congreso-incidentes-media-docena-de-diputados-agredidos-entre-ellos-ernesto-pipi-ali-y-dos-autos-incendiados\/"},"author":{"name":"apuntesdesanluis.com","@id":"https:\/\/apuntesdesanluis.com\/#\/schema\/person\/b55151d52296fcce64d1a72538a70b90"},"headline":"CONGRESO: INCIDENTES, MEDIA DOCENA DE DIPUTADOS AGREDIDOS, ENTRE ELLOS ERNESTO \u201cPIPI\u201d AL\u00cd, Y DOS AUTOS INCENDIADOS","datePublished":"2024-06-12T22:15:56+00:00","mainEntityOfPage":{"@id":"https:\/\/apuntesdesanluis.com\/index.php\/2024\/06\/12\/congreso-incidentes-media-docena-de-diputados-agredidos-entre-ellos-ernesto-pipi-ali-y-dos-autos-incendiados\/"},"wordCount":837,"publisher":{"@id":"https:\/\/apuntesdesanluis.com\/#\/schema\/person\/b55151d52296fcce64d1a72538a70b90"},"image":{"@id":"https:\/\/apuntesdesanluis.com\/index.php\/2024\/06\/12\/congreso-incidentes-media-docena-de-diputados-agredidos-entre-ellos-ernesto-pipi-ali-y-dos-autos-incendiados\/#primaryimage"},"thumbnailUrl":"https:\/\/apuntesdesanluis.com\/wp-content\/uploads\/2024\/06\/incidentes-en-el-congreso.png","articleSection":["Nacionales\/Internacionales"],"inLanguage":"es-AR"},{"@type":"WebPage","@id":"https:\/\/apuntesdesanluis.com\/index.php\/2024\/06\/12\/congreso-incidentes-media-docena-de-diputados-agredidos-entre-ellos-ernesto-pipi-ali-y-dos-autos-incendiados\/","url":"https:\/\/apuntesdesanluis.com\/index.php\/2024\/06\/12\/congreso-incidentes-media-docena-de-diputados-agredidos-entre-ellos-ernesto-pipi-ali-y-dos-autos-incendiados\/","name":"CONGRESO: INCIDENTES, MEDIA DOCENA DE DIPUTADOS AGREDIDOS, ENTRE ELLOS ERNESTO \u201cPIPI\u201d AL\u00cd, Y DOS AUTOS INCENDIADOS - Apuntes de San Luis","isPartOf":{"@id":"https:\/\/apuntesdesanluis.com\/#website"},"primaryImageOfPage":{"@id":"https:\/\/apuntesdesanluis.com\/index.php\/2024\/06\/12\/congreso-incidentes-media-docena-de-diputados-agredidos-entre-ellos-ernesto-pipi-ali-y-dos-autos-incendiados\/#primaryimage"},"image":{"@id":"https:\/\/apuntesdesanluis.com\/index.php\/2024\/06\/12\/congreso-incidentes-media-docena-de-diputados-agredidos-entre-ellos-ernesto-pipi-ali-y-dos-autos-incendiados\/#primaryimage"},"thumbnailUrl":"https:\/\/apuntesdesanluis.com\/wp-content\/uploads\/2024\/06\/incidentes-en-el-congreso.png","datePublished":"2024-06-12T22:15:56+00:00","breadcrumb":{"@id":"https:\/\/apuntesdesanluis.com\/index.php\/2024\/06\/12\/congreso-incidentes-media-docena-de-diputados-agredidos-entre-ellos-ernesto-pipi-ali-y-dos-autos-incendiados\/#breadcrumb"},"inLanguage":"es-AR","potentialAction":[{"@type":"ReadAction","target":["https:\/\/apuntesdesanluis.com\/index.php\/2024\/06\/12\/congreso-incidentes-media-docena-de-diputados-agredidos-entre-ellos-ernesto-pipi-ali-y-dos-autos-incendiados\/"]}]},{"@type":"ImageObject","inLanguage":"es-AR","@id":"https:\/\/apuntesdesanluis.com\/index.php\/2024\/06\/12\/congreso-incidentes-media-docena-de-diputados-agredidos-entre-ellos-ernesto-pipi-ali-y-dos-autos-incendiados\/#primaryimage","url":"https:\/\/apuntesdesanluis.com\/wp-content\/uploads\/2024\/06\/incidentes-en-el-congreso.png","contentUrl":"https:\/\/apuntesdesanluis.com\/wp-content\/uploads\/2024\/06\/incidentes-en-el-congreso.png","width":700,"height":452},{"@type":"BreadcrumbList","@id":"https:\/\/apuntesdesanluis.com\/index.php\/2024\/06\/12\/congreso-incidentes-media-docena-de-diputados-agredidos-entre-ellos-ernesto-pipi-ali-y-dos-autos-incendiados\/#breadcrumb","itemListElement":[{"@type":"ListItem","position":1,"name":"Inicio","item":"https:\/\/apuntesdesanluis.com\/"},{"@type":"ListItem","position":2,"name":"CONGRESO: INCIDENTES, MEDIA DOCENA DE DIPUTADOS AGREDIDOS, ENTRE ELLOS ERNESTO \u201cPIPI\u201d AL\u00cd, Y DOS AUTOS INCENDIADOS"}]},{"@type":"WebSite","@id":"https:\/\/apuntesdesanluis.com\/#website","url":"https:\/\/apuntesdesanluis.com\/","name":"Apuntes de San Luis","description":"","publisher":{"@id":"https:\/\/apuntesdesanluis.com\/#\/schema\/person\/b55151d52296fcce64d1a72538a70b90"},"potentialAction":[{"@type":"SearchAction","target":{"@type":"EntryPoint","urlTemplate":"https:\/\/apuntesdesanluis.com\/?s={search_term_string}"},"query-input":{"@type":"PropertyValueSpecification","valueRequired":true,"valueName":"search_term_string"}}],"inLanguage":"es-AR"},{"@type":["Person","Organization"],"@id":"https:\/\/apuntesdesanluis.com\/#\/schema\/person\/b55151d52296fcce64d1a72538a70b90","name":"apuntesdesanluis.com","image":{"@type":"ImageObject","inLanguage":"es-AR","@id":"https:\/\/apuntesdesanluis.com\/#\/schema\/person\/image\/","url":"https:\/\/apuntesdesanluis.com\/wp-content\/uploads\/2023\/07\/cropped-apuntesdesanluis.png","contentUrl":"https:\/\/apuntesdesanluis.com\/wp-content\/uploads\/2023\/07\/cropped-apuntesdesanluis.png","width":450,"height":112,"caption":"apuntesdesanluis.com"},"logo":{"@id":"https:\/\/apuntesdesanluis.com\/#\/schema\/person\/image\/"},"sameAs":["https:\/\/apuntesdesanluis.com"],"url":"https:\/\/apuntesdesanluis.com\/index.php\/author\/apuntesdesanluis-com\/"}]}},"featured_image_urls":{"full":["https:\/\/apuntesdesanluis.com\/wp-content\/uploads\/2024\/06\/incidentes-en-el-congreso.png",700,452,false],"thumbnail":["https:\/\/apuntesdesanluis.com\/wp-content\/uploads\/2024\/06\/incidentes-en-el-congreso-150x150.png",150,150,true],"medium":["https:\/\/apuntesdesanluis.com\/wp-content\/uploads\/2024\/06\/incidentes-en-el-congreso-300x194.png",300,194,true],"medium_large":["https:\/\/apuntesdesanluis.com\/wp-content\/uploads\/2024\/06\/incidentes-en-el-congreso.png",640,413,false],"large":["https:\/\/apuntesdesanluis.com\/wp-content\/uploads\/2024\/06\/incidentes-en-el-congreso.png",640,413,false],"1536x1536":["https:\/\/apuntesdesanluis.com\/wp-content\/uploads\/2024\/06\/incidentes-en-el-congreso.png",700,452,false],"2048x2048":["https:\/\/apuntesdesanluis.com\/wp-content\/uploads\/2024\/06\/incidentes-en-el-congreso.png",700,452,false],"newsever-slider-full":["https:\/\/apuntesdesanluis.com\/wp-content\/uploads\/2024\/06\/incidentes-en-el-congreso.png",700,452,false],"newsever-featured":["https:\/\/apuntesdesanluis.com\/wp-content\/uploads\/2024\/06\/incidentes-en-el-congreso.png",700,452,false],"newsever-medium":["https:\/\/apuntesdesanluis.com\/wp-content\/uploads\/2024\/06\/incidentes-en-el-congreso.png",700,452,false]},"author_info":{"display_name":"apuntesdesanluis.com","author_link":"https:\/\/apuntesdesanluis.com\/index.php\/author\/apuntesdesanluis-com\/"},"category_info":"<a href=\"https:\/\/apuntesdesanluis.com\/index.php\/category\/nacionales-internacionales\/\" rel=\"category tag\">Nacionales\/Internacionales<\/a>","tag_info":"Nacionales\/Internacionales","comment_count":"0","_links":{"self":[{"href":"https:\/\/apuntesdesanluis.com\/index.php\/wp-json\/wp\/v2\/posts\/17835","targetHints":{"allow":["GET"]}}],"collection":[{"href":"https:\/\/apuntesdesanluis.com\/index.php\/wp-json\/wp\/v2\/posts"}],"about":[{"href":"https:\/\/apuntesdesanluis.com\/index.php\/wp-json\/wp\/v2\/types\/post"}],"author":[{"embeddable":true,"href":"https:\/\/apuntesdesanluis.com\/index.php\/wp-json\/wp\/v2\/users\/1"}],"replies":[{"embeddable":true,"href":"https:\/\/apuntesdesanluis.com\/index.php\/wp-json\/wp\/v2\/comments?post=17835"}],"version-history":[{"count":1,"href":"https:\/\/apuntesdesanluis.com\/index.php\/wp-json\/wp\/v2\/posts\/17835\/revisions"}],"predecessor-version":[{"id":17841,"href":"https:\/\/apuntesdesanluis.com\/index.php\/wp-json\/wp\/v2\/posts\/17835\/revisions\/17841"}],"wp:featuredmedia":[{"embeddable":true,"href":"https:\/\/apuntesdesanluis.com\/index.php\/wp-json\/wp\/v2\/media\/17839"}],"wp:attachment":[{"href":"https:\/\/apuntesdesanluis.com\/index.php\/wp-json\/wp\/v2\/media?parent=17835"}],"wp:term":[{"taxonomy":"category","embeddable":true,"href":"https:\/\/apuntesdesanluis.com\/index.php\/wp-json\/wp\/v2\/categories?post=17835"},{"taxonomy":"post_tag","embeddable":true,"href":"https:\/\/apuntesdesanluis.com\/index.php\/wp-json\/wp\/v2\/tags?post=17835"}],"curies":[{"name":"wp","href":"https:\/\/api.w.org\/{rel}","templated":true}]}}