{"id":17842,"date":"2024-06-12T19:22:03","date_gmt":"2024-06-12T22:22:03","guid":{"rendered":"https:\/\/apuntesdesanluis.com\/?p=17842"},"modified":"2024-06-12T19:22:03","modified_gmt":"2024-06-12T22:22:03","slug":"el-gobierno-dicto-la-conciliacion-obligatoria-y-se-levanto-el-paro-de-aceiteros-en-rechazo-a-la-ley-bases","status":"publish","type":"post","link":"https:\/\/apuntesdesanluis.com\/index.php\/2024\/06\/12\/el-gobierno-dicto-la-conciliacion-obligatoria-y-se-levanto-el-paro-de-aceiteros-en-rechazo-a-la-ley-bases\/","title":{"rendered":"EL GOBIERNO DICT\u00d3 LA CONCILIACI\u00d3N OBLIGATORIA Y SE LEVANT\u00d3 EL PARO DE ACEITEROS EN RECHAZO A LA LEY BASES"},"content":{"rendered":"<h3>Desde el gremio aceitero cuestionaron duramente la decisi\u00f3n del Ejecutivo y pidieron que la CGT convoque a un nuevo paro general.<\/h3>\n<h3>La <strong>Secretar\u00eda de Trabajo<\/strong>, a trav\u00e9s de la Direcci\u00f3n Nacional de Relaciones y Regulaciones del Trabajo, dict\u00f3 la conciliaci\u00f3n obligatoria ante el paro por tiempo indeterminado del sector aceitero en rechazo a la Ley Bases, por lo que la medida de fuerza qued\u00f3 suspendida.<\/h3>\n<h3>El cese de actividades anunciado por la <strong>Federaci\u00f3n de Trabajadores del Complejo Industrial Oleaginoso, Desmotadores de Algod\u00f3n y Afines de la Rep\u00fablica Argentina<\/strong> (FTCIODyARA) y el Sindicato de Obreros y Empleados Aceiteros de San Lorenzo (SOEA), estaba estipulado desde la primera hora de este mi\u00e9rcoles, en paralelo con la jornada donde se debate la Ley Bases en el Senado.<\/h3>\n<h3>Ante el pedido elevado por las representaciones empresarias para que se evitara la paralizaci\u00f3n de la actividad, desde el Gobierno dispusieron un periodo de conciliaci\u00f3n obligatoria por el t\u00e9rmino de cinco d\u00edas.<\/h3>\n<h3>En ese marco, intim\u00f3 a los gremios y a los trabajadores aceiteros \u201ca dejar sin efecto, durante el per\u00edodo indicado, toda medida de acci\u00f3n directa que estuviesen implementando y\/o tuvieran previsto implementar, prestando servicios de manera normal y habitual\u201d.<\/h3>\n<h3>La decisi\u00f3n de la secretar\u00eda dependiente del Ministerio de Capital Humano fue justificada en base a que \u201cel objetivo primordial de dicho procedimiento no s\u00f3lo es tratar de avenir a las partes para que lleguen a un acuerdo que solucione el conflicto de origen sino, y en primer t\u00e9rmino, garantizar la paz social atendiendo a la necesidad p\u00fablica de contrarrestar eventuales desbordes que pudieran suscitar las acciones de las partes\u201d.<\/h3>\n<h3>Desde FTCIODyARA acusaron recibo de la notificaci\u00f3n cursada por Trabajo y cuestionaron la implementaci\u00f3n de la conciliaci\u00f3n considerando que fue dispuesta \u201ccon el objetivo de cercenar el derecho a huelga y limitar el alcance de la protesta contra la Ley Bases\u201d.<\/h3>\n<h3>El gremio aceitero sostuvo que \u201ccon esta medida coercitiva que acaba de tomar el Poder Ejecutivo, se condiciona la posibilidad de las y los trabajadores aceiteros y desmotadores de algod\u00f3n a expresarse democr\u00e1ticamente en las movilizaciones ante el Congreso y en las distintas localidades de nuestro territorio nacional\u201d.<\/h3>\n<h3>Al mismo tiempo, record\u00f3 que \u201cla huelga por tiempo indeterminado, que deb\u00eda comenzar esta medianoche, era parte de las protestas contra el proyecto de Ley \u00d3mnibus, denominado \u201cBases\u201d, en particular, y contra la pol\u00edtica econ\u00f3mica del gobierno nacional que tienen como principal enemigo a la clase trabajadora, a los sindicatos, a las organizaciones sociales y a las y los jubilados\u201d.<\/h3>\n<h3>Ante esto, el sindicato pidi\u00f3 la realizaci\u00f3n de un nuevo paro general, expresando que \u201creafirmamos la necesidad de poner en marcha un plan de lucha que incluya una nueva Huelga General convocada por la CGT\u201d, considerando que \u201cse debe profundizar en medidas de fuerza para frenar la pol\u00edtica de un gobierno que ataca a quienes trabajamos, que busca destruir la industria nacional y liberar a los m\u00e1s ricos del pago de impuestos\u201d.<\/h3>\n<p>&nbsp;<\/p>\n<p>&nbsp;<\/p>\n<p>&nbsp;<\/p>\n<p>&nbsp;<\/p>\n<p>&nbsp;<\/p>\n<p>&nbsp;<\/p>\n<p>&nbsp;<\/p>\n","protected":false},"excerpt":{"rendered":"<p>Desde el gremio aceitero cuestionaron duramente la decisi\u00f3n del Ejecutivo y pidieron que la CGT&#8230;<\/p>\n","protected":false},"author":1,"featured_media":17843,"comment_status":"closed","ping_status":"closed","sticky":false,"template":"","format":"standard","meta":{"footnotes":""},"categories":[5],"tags":[],"class_list":["post-17842","post","type-post","status-publish","format-standard","has-post-thumbnail","hentry","category-nacionales-internacionales"],"yoast_head":"<!-- This site is optimized with the Yoast SEO plugin v26.1.1 - https:\/\/yoast.com\/wordpress\/plugins\/seo\/ -->\n<title>EL GOBIERNO DICT\u00d3 LA CONCILIACI\u00d3N OBLIGATORIA Y SE LEVANT\u00d3 EL PARO DE ACEITEROS EN RECHAZO A LA LEY BASES - Apuntes de San Luis<\/title>\n<meta name=\"robots\" content=\"index, follow, max-snippet:-1, max-image-preview:large, max-video-preview:-1\" \/>\n<link rel=\"canonical\" href=\"https:\/\/apuntesdesanluis.com\/index.php\/2024\/06\/12\/el-gobierno-dicto-la-conciliacion-obligatoria-y-se-levanto-el-paro-de-aceiteros-en-rechazo-a-la-ley-bases\/\" \/>\n<meta property=\"og:locale\" content=\"es_ES\" \/>\n<meta property=\"og:type\" content=\"article\" \/>\n<meta property=\"og:title\" content=\"EL GOBIERNO DICT\u00d3 LA CONCILIACI\u00d3N OBLIGATORIA Y SE LEVANT\u00d3 EL PARO DE ACEITEROS EN RECHAZO A LA LEY BASES - Apuntes de San Luis\" \/>\n<meta property=\"og:description\" content=\"Desde el gremio aceitero cuestionaron duramente la decisi\u00f3n del Ejecutivo y pidieron que la CGT...\" \/>\n<meta property=\"og:url\" content=\"https:\/\/apuntesdesanluis.com\/index.php\/2024\/06\/12\/el-gobierno-dicto-la-conciliacion-obligatoria-y-se-levanto-el-paro-de-aceiteros-en-rechazo-a-la-ley-bases\/\" \/>\n<meta property=\"og:site_name\" content=\"Apuntes de San Luis\" \/>\n<meta property=\"article:published_time\" content=\"2024-06-12T22:22:03+00:00\" \/>\n<meta property=\"og:image\" content=\"https:\/\/apuntesdesanluis.com\/wp-content\/uploads\/2024\/06\/aceites.png\" \/>\n\t<meta property=\"og:image:width\" content=\"703\" \/>\n\t<meta property=\"og:image:height\" content=\"402\" \/>\n\t<meta property=\"og:image:type\" content=\"image\/png\" \/>\n<meta name=\"author\" content=\"apuntesdesanluis.com\" \/>\n<meta name=\"twitter:card\" content=\"summary_large_image\" \/>\n<meta name=\"twitter:label1\" content=\"Escrito por\" \/>\n\t<meta name=\"twitter:data1\" content=\"apuntesdesanluis.com\" \/>\n\t<meta name=\"twitter:label2\" content=\"Tiempo de lectura\" \/>\n\t<meta name=\"twitter:data2\" content=\"3 minutos\" \/>\n<script type=\"application\/ld+json\" class=\"yoast-schema-graph\">{\"@context\":\"https:\/\/schema.org\",\"@graph\":[{\"@type\":\"Article\",\"@id\":\"https:\/\/apuntesdesanluis.com\/index.php\/2024\/06\/12\/el-gobierno-dicto-la-conciliacion-obligatoria-y-se-levanto-el-paro-de-aceiteros-en-rechazo-a-la-ley-bases\/#article\",\"isPartOf\":{\"@id\":\"https:\/\/apuntesdesanluis.com\/index.php\/2024\/06\/12\/el-gobierno-dicto-la-conciliacion-obligatoria-y-se-levanto-el-paro-de-aceiteros-en-rechazo-a-la-ley-bases\/\"},\"author\":{\"name\":\"apuntesdesanluis.com\",\"@id\":\"https:\/\/apuntesdesanluis.com\/#\/schema\/person\/b55151d52296fcce64d1a72538a70b90\"},\"headline\":\"EL GOBIERNO DICT\u00d3 LA CONCILIACI\u00d3N OBLIGATORIA Y SE LEVANT\u00d3 EL PARO DE ACEITEROS EN RECHAZO A LA LEY BASES\",\"datePublished\":\"2024-06-12T22:22:03+00:00\",\"mainEntityOfPage\":{\"@id\":\"https:\/\/apuntesdesanluis.com\/index.php\/2024\/06\/12\/el-gobierno-dicto-la-conciliacion-obligatoria-y-se-levanto-el-paro-de-aceiteros-en-rechazo-a-la-ley-bases\/\"},\"wordCount\":545,\"publisher\":{\"@id\":\"https:\/\/apuntesdesanluis.com\/#\/schema\/person\/b55151d52296fcce64d1a72538a70b90\"},\"image\":{\"@id\":\"https:\/\/apuntesdesanluis.com\/index.php\/2024\/06\/12\/el-gobierno-dicto-la-conciliacion-obligatoria-y-se-levanto-el-paro-de-aceiteros-en-rechazo-a-la-ley-bases\/#primaryimage\"},\"thumbnailUrl\":\"https:\/\/apuntesdesanluis.com\/wp-content\/uploads\/2024\/06\/aceites.png\",\"articleSection\":[\"Nacionales\/Internacionales\"],\"inLanguage\":\"es-AR\"},{\"@type\":\"WebPage\",\"@id\":\"https:\/\/apuntesdesanluis.com\/index.php\/2024\/06\/12\/el-gobierno-dicto-la-conciliacion-obligatoria-y-se-levanto-el-paro-de-aceiteros-en-rechazo-a-la-ley-bases\/\",\"url\":\"https:\/\/apuntesdesanluis.com\/index.php\/2024\/06\/12\/el-gobierno-dicto-la-conciliacion-obligatoria-y-se-levanto-el-paro-de-aceiteros-en-rechazo-a-la-ley-bases\/\",\"name\":\"EL GOBIERNO DICT\u00d3 LA CONCILIACI\u00d3N OBLIGATORIA Y SE LEVANT\u00d3 EL PARO DE ACEITEROS EN RECHAZO A LA LEY BASES - Apuntes de San Luis\",\"isPartOf\":{\"@id\":\"https:\/\/apuntesdesanluis.com\/#website\"},\"primaryImageOfPage\":{\"@id\":\"https:\/\/apuntesdesanluis.com\/index.php\/2024\/06\/12\/el-gobierno-dicto-la-conciliacion-obligatoria-y-se-levanto-el-paro-de-aceiteros-en-rechazo-a-la-ley-bases\/#primaryimage\"},\"image\":{\"@id\":\"https:\/\/apuntesdesanluis.com\/index.php\/2024\/06\/12\/el-gobierno-dicto-la-conciliacion-obligatoria-y-se-levanto-el-paro-de-aceiteros-en-rechazo-a-la-ley-bases\/#primaryimage\"},\"thumbnailUrl\":\"https:\/\/apuntesdesanluis.com\/wp-content\/uploads\/2024\/06\/aceites.png\",\"datePublished\":\"2024-06-12T22:22:03+00:00\",\"breadcrumb\":{\"@id\":\"https:\/\/apuntesdesanluis.com\/index.php\/2024\/06\/12\/el-gobierno-dicto-la-conciliacion-obligatoria-y-se-levanto-el-paro-de-aceiteros-en-rechazo-a-la-ley-bases\/#breadcrumb\"},\"inLanguage\":\"es-AR\",\"potentialAction\":[{\"@type\":\"ReadAction\",\"target\":[\"https:\/\/apuntesdesanluis.com\/index.php\/2024\/06\/12\/el-gobierno-dicto-la-conciliacion-obligatoria-y-se-levanto-el-paro-de-aceiteros-en-rechazo-a-la-ley-bases\/\"]}]},{\"@type\":\"ImageObject\",\"inLanguage\":\"es-AR\",\"@id\":\"https:\/\/apuntesdesanluis.com\/index.php\/2024\/06\/12\/el-gobierno-dicto-la-conciliacion-obligatoria-y-se-levanto-el-paro-de-aceiteros-en-rechazo-a-la-ley-bases\/#primaryimage\",\"url\":\"https:\/\/apuntesdesanluis.com\/wp-content\/uploads\/2024\/06\/aceites.png\",\"contentUrl\":\"https:\/\/apuntesdesanluis.com\/wp-content\/uploads\/2024\/06\/aceites.png\",\"width\":703,\"height\":402},{\"@type\":\"BreadcrumbList\",\"@id\":\"https:\/\/apuntesdesanluis.com\/index.php\/2024\/06\/12\/el-gobierno-dicto-la-conciliacion-obligatoria-y-se-levanto-el-paro-de-aceiteros-en-rechazo-a-la-ley-bases\/#breadcrumb\",\"itemListElement\":[{\"@type\":\"ListItem\",\"position\":1,\"name\":\"Inicio\",\"item\":\"https:\/\/apuntesdesanluis.com\/\"},{\"@type\":\"ListItem\",\"position\":2,\"name\":\"EL GOBIERNO DICT\u00d3 LA CONCILIACI\u00d3N OBLIGATORIA Y SE LEVANT\u00d3 EL PARO DE ACEITEROS EN RECHAZO A LA LEY BASES\"}]},{\"@type\":\"WebSite\",\"@id\":\"https:\/\/apuntesdesanluis.com\/#website\",\"url\":\"https:\/\/apuntesdesanluis.com\/\",\"name\":\"Apuntes de San Luis\",\"description\":\"\",\"publisher\":{\"@id\":\"https:\/\/apuntesdesanluis.com\/#\/schema\/person\/b55151d52296fcce64d1a72538a70b90\"},\"potentialAction\":[{\"@type\":\"SearchAction\",\"target\":{\"@type\":\"EntryPoint\",\"urlTemplate\":\"https:\/\/apuntesdesanluis.com\/?s={search_term_string}\"},\"query-input\":{\"@type\":\"PropertyValueSpecification\",\"valueRequired\":true,\"valueName\":\"search_term_string\"}}],\"inLanguage\":\"es-AR\"},{\"@type\":[\"Person\",\"Organization\"],\"@id\":\"https:\/\/apuntesdesanluis.com\/#\/schema\/person\/b55151d52296fcce64d1a72538a70b90\",\"name\":\"apuntesdesanluis.com\",\"image\":{\"@type\":\"ImageObject\",\"inLanguage\":\"es-AR\",\"@id\":\"https:\/\/apuntesdesanluis.com\/#\/schema\/person\/image\/\",\"url\":\"https:\/\/apuntesdesanluis.com\/wp-content\/uploads\/2023\/07\/cropped-apuntesdesanluis.png\",\"contentUrl\":\"https:\/\/apuntesdesanluis.com\/wp-content\/uploads\/2023\/07\/cropped-apuntesdesanluis.png\",\"width\":450,\"height\":112,\"caption\":\"apuntesdesanluis.com\"},\"logo\":{\"@id\":\"https:\/\/apuntesdesanluis.com\/#\/schema\/person\/image\/\"},\"sameAs\":[\"https:\/\/apuntesdesanluis.com\"],\"url\":\"https:\/\/apuntesdesanluis.com\/index.php\/author\/apuntesdesanluis-com\/\"}]}<\/script>\n<!-- \/ Yoast SEO plugin. -->","yoast_head_json":{"title":"EL GOBIERNO DICT\u00d3 LA CONCILIACI\u00d3N OBLIGATORIA Y SE LEVANT\u00d3 EL PARO DE ACEITEROS EN RECHAZO A LA LEY BASES - Apuntes de San Luis","robots":{"index":"index","follow":"follow","max-snippet":"max-snippet:-1","max-image-preview":"max-image-preview:large","max-video-preview":"max-video-preview:-1"},"canonical":"https:\/\/apuntesdesanluis.com\/index.php\/2024\/06\/12\/el-gobierno-dicto-la-conciliacion-obligatoria-y-se-levanto-el-paro-de-aceiteros-en-rechazo-a-la-ley-bases\/","og_locale":"es_ES","og_type":"article","og_title":"EL GOBIERNO DICT\u00d3 LA CONCILIACI\u00d3N OBLIGATORIA Y SE LEVANT\u00d3 EL PARO DE ACEITEROS EN RECHAZO A LA LEY BASES - Apuntes de San Luis","og_description":"Desde el gremio aceitero cuestionaron duramente la decisi\u00f3n del Ejecutivo y pidieron que la CGT...","og_url":"https:\/\/apuntesdesanluis.com\/index.php\/2024\/06\/12\/el-gobierno-dicto-la-conciliacion-obligatoria-y-se-levanto-el-paro-de-aceiteros-en-rechazo-a-la-ley-bases\/","og_site_name":"Apuntes de San Luis","article_published_time":"2024-06-12T22:22:03+00:00","og_image":[{"width":703,"height":402,"url":"https:\/\/apuntesdesanluis.com\/wp-content\/uploads\/2024\/06\/aceites.png","type":"image\/png"}],"author":"apuntesdesanluis.com","twitter_card":"summary_large_image","twitter_misc":{"Escrito por":"apuntesdesanluis.com","Tiempo de lectura":"3 minutos"},"schema":{"@context":"https:\/\/schema.org","@graph":[{"@type":"Article","@id":"https:\/\/apuntesdesanluis.com\/index.php\/2024\/06\/12\/el-gobierno-dicto-la-conciliacion-obligatoria-y-se-levanto-el-paro-de-aceiteros-en-rechazo-a-la-ley-bases\/#article","isPartOf":{"@id":"https:\/\/apuntesdesanluis.com\/index.php\/2024\/06\/12\/el-gobierno-dicto-la-conciliacion-obligatoria-y-se-levanto-el-paro-de-aceiteros-en-rechazo-a-la-ley-bases\/"},"author":{"name":"apuntesdesanluis.com","@id":"https:\/\/apuntesdesanluis.com\/#\/schema\/person\/b55151d52296fcce64d1a72538a70b90"},"headline":"EL GOBIERNO DICT\u00d3 LA CONCILIACI\u00d3N OBLIGATORIA Y SE LEVANT\u00d3 EL PARO DE ACEITEROS EN RECHAZO A LA LEY BASES","datePublished":"2024-06-12T22:22:03+00:00","mainEntityOfPage":{"@id":"https:\/\/apuntesdesanluis.com\/index.php\/2024\/06\/12\/el-gobierno-dicto-la-conciliacion-obligatoria-y-se-levanto-el-paro-de-aceiteros-en-rechazo-a-la-ley-bases\/"},"wordCount":545,"publisher":{"@id":"https:\/\/apuntesdesanluis.com\/#\/schema\/person\/b55151d52296fcce64d1a72538a70b90"},"image":{"@id":"https:\/\/apuntesdesanluis.com\/index.php\/2024\/06\/12\/el-gobierno-dicto-la-conciliacion-obligatoria-y-se-levanto-el-paro-de-aceiteros-en-rechazo-a-la-ley-bases\/#primaryimage"},"thumbnailUrl":"https:\/\/apuntesdesanluis.com\/wp-content\/uploads\/2024\/06\/aceites.png","articleSection":["Nacionales\/Internacionales"],"inLanguage":"es-AR"},{"@type":"WebPage","@id":"https:\/\/apuntesdesanluis.com\/index.php\/2024\/06\/12\/el-gobierno-dicto-la-conciliacion-obligatoria-y-se-levanto-el-paro-de-aceiteros-en-rechazo-a-la-ley-bases\/","url":"https:\/\/apuntesdesanluis.com\/index.php\/2024\/06\/12\/el-gobierno-dicto-la-conciliacion-obligatoria-y-se-levanto-el-paro-de-aceiteros-en-rechazo-a-la-ley-bases\/","name":"EL GOBIERNO DICT\u00d3 LA CONCILIACI\u00d3N OBLIGATORIA Y SE LEVANT\u00d3 EL PARO DE ACEITEROS EN RECHAZO A LA LEY BASES - Apuntes de San Luis","isPartOf":{"@id":"https:\/\/apuntesdesanluis.com\/#website"},"primaryImageOfPage":{"@id":"https:\/\/apuntesdesanluis.com\/index.php\/2024\/06\/12\/el-gobierno-dicto-la-conciliacion-obligatoria-y-se-levanto-el-paro-de-aceiteros-en-rechazo-a-la-ley-bases\/#primaryimage"},"image":{"@id":"https:\/\/apuntesdesanluis.com\/index.php\/2024\/06\/12\/el-gobierno-dicto-la-conciliacion-obligatoria-y-se-levanto-el-paro-de-aceiteros-en-rechazo-a-la-ley-bases\/#primaryimage"},"thumbnailUrl":"https:\/\/apuntesdesanluis.com\/wp-content\/uploads\/2024\/06\/aceites.png","datePublished":"2024-06-12T22:22:03+00:00","breadcrumb":{"@id":"https:\/\/apuntesdesanluis.com\/index.php\/2024\/06\/12\/el-gobierno-dicto-la-conciliacion-obligatoria-y-se-levanto-el-paro-de-aceiteros-en-rechazo-a-la-ley-bases\/#breadcrumb"},"inLanguage":"es-AR","potentialAction":[{"@type":"ReadAction","target":["https:\/\/apuntesdesanluis.com\/index.php\/2024\/06\/12\/el-gobierno-dicto-la-conciliacion-obligatoria-y-se-levanto-el-paro-de-aceiteros-en-rechazo-a-la-ley-bases\/"]}]},{"@type":"ImageObject","inLanguage":"es-AR","@id":"https:\/\/apuntesdesanluis.com\/index.php\/2024\/06\/12\/el-gobierno-dicto-la-conciliacion-obligatoria-y-se-levanto-el-paro-de-aceiteros-en-rechazo-a-la-ley-bases\/#primaryimage","url":"https:\/\/apuntesdesanluis.com\/wp-content\/uploads\/2024\/06\/aceites.png","contentUrl":"https:\/\/apuntesdesanluis.com\/wp-content\/uploads\/2024\/06\/aceites.png","width":703,"height":402},{"@type":"BreadcrumbList","@id":"https:\/\/apuntesdesanluis.com\/index.php\/2024\/06\/12\/el-gobierno-dicto-la-conciliacion-obligatoria-y-se-levanto-el-paro-de-aceiteros-en-rechazo-a-la-ley-bases\/#breadcrumb","itemListElement":[{"@type":"ListItem","position":1,"name":"Inicio","item":"https:\/\/apuntesdesanluis.com\/"},{"@type":"ListItem","position":2,"name":"EL GOBIERNO DICT\u00d3 LA CONCILIACI\u00d3N OBLIGATORIA Y SE LEVANT\u00d3 EL PARO DE ACEITEROS EN RECHAZO A LA LEY BASES"}]},{"@type":"WebSite","@id":"https:\/\/apuntesdesanluis.com\/#website","url":"https:\/\/apuntesdesanluis.com\/","name":"Apuntes de San Luis","description":"","publisher":{"@id":"https:\/\/apuntesdesanluis.com\/#\/schema\/person\/b55151d52296fcce64d1a72538a70b90"},"potentialAction":[{"@type":"SearchAction","target":{"@type":"EntryPoint","urlTemplate":"https:\/\/apuntesdesanluis.com\/?s={search_term_string}"},"query-input":{"@type":"PropertyValueSpecification","valueRequired":true,"valueName":"search_term_string"}}],"inLanguage":"es-AR"},{"@type":["Person","Organization"],"@id":"https:\/\/apuntesdesanluis.com\/#\/schema\/person\/b55151d52296fcce64d1a72538a70b90","name":"apuntesdesanluis.com","image":{"@type":"ImageObject","inLanguage":"es-AR","@id":"https:\/\/apuntesdesanluis.com\/#\/schema\/person\/image\/","url":"https:\/\/apuntesdesanluis.com\/wp-content\/uploads\/2023\/07\/cropped-apuntesdesanluis.png","contentUrl":"https:\/\/apuntesdesanluis.com\/wp-content\/uploads\/2023\/07\/cropped-apuntesdesanluis.png","width":450,"height":112,"caption":"apuntesdesanluis.com"},"logo":{"@id":"https:\/\/apuntesdesanluis.com\/#\/schema\/person\/image\/"},"sameAs":["https:\/\/apuntesdesanluis.com"],"url":"https:\/\/apuntesdesanluis.com\/index.php\/author\/apuntesdesanluis-com\/"}]}},"featured_image_urls":{"full":["https:\/\/apuntesdesanluis.com\/wp-content\/uploads\/2024\/06\/aceites.png",703,402,false],"thumbnail":["https:\/\/apuntesdesanluis.com\/wp-content\/uploads\/2024\/06\/aceites-150x150.png",150,150,true],"medium":["https:\/\/apuntesdesanluis.com\/wp-content\/uploads\/2024\/06\/aceites-300x172.png",300,172,true],"medium_large":["https:\/\/apuntesdesanluis.com\/wp-content\/uploads\/2024\/06\/aceites.png",640,366,false],"large":["https:\/\/apuntesdesanluis.com\/wp-content\/uploads\/2024\/06\/aceites.png",640,366,false],"1536x1536":["https:\/\/apuntesdesanluis.com\/wp-content\/uploads\/2024\/06\/aceites.png",703,402,false],"2048x2048":["https:\/\/apuntesdesanluis.com\/wp-content\/uploads\/2024\/06\/aceites.png",703,402,false],"newsever-slider-full":["https:\/\/apuntesdesanluis.com\/wp-content\/uploads\/2024\/06\/aceites.png",703,402,false],"newsever-featured":["https:\/\/apuntesdesanluis.com\/wp-content\/uploads\/2024\/06\/aceites.png",703,402,false],"newsever-medium":["https:\/\/apuntesdesanluis.com\/wp-content\/uploads\/2024\/06\/aceites.png",703,402,false]},"author_info":{"display_name":"apuntesdesanluis.com","author_link":"https:\/\/apuntesdesanluis.com\/index.php\/author\/apuntesdesanluis-com\/"},"category_info":"<a href=\"https:\/\/apuntesdesanluis.com\/index.php\/category\/nacionales-internacionales\/\" rel=\"category tag\">Nacionales\/Internacionales<\/a>","tag_info":"Nacionales\/Internacionales","comment_count":"0","_links":{"self":[{"href":"https:\/\/apuntesdesanluis.com\/index.php\/wp-json\/wp\/v2\/posts\/17842","targetHints":{"allow":["GET"]}}],"collection":[{"href":"https:\/\/apuntesdesanluis.com\/index.php\/wp-json\/wp\/v2\/posts"}],"about":[{"href":"https:\/\/apuntesdesanluis.com\/index.php\/wp-json\/wp\/v2\/types\/post"}],"author":[{"embeddable":true,"href":"https:\/\/apuntesdesanluis.com\/index.php\/wp-json\/wp\/v2\/users\/1"}],"replies":[{"embeddable":true,"href":"https:\/\/apuntesdesanluis.com\/index.php\/wp-json\/wp\/v2\/comments?post=17842"}],"version-history":[{"count":1,"href":"https:\/\/apuntesdesanluis.com\/index.php\/wp-json\/wp\/v2\/posts\/17842\/revisions"}],"predecessor-version":[{"id":17844,"href":"https:\/\/apuntesdesanluis.com\/index.php\/wp-json\/wp\/v2\/posts\/17842\/revisions\/17844"}],"wp:featuredmedia":[{"embeddable":true,"href":"https:\/\/apuntesdesanluis.com\/index.php\/wp-json\/wp\/v2\/media\/17843"}],"wp:attachment":[{"href":"https:\/\/apuntesdesanluis.com\/index.php\/wp-json\/wp\/v2\/media?parent=17842"}],"wp:term":[{"taxonomy":"category","embeddable":true,"href":"https:\/\/apuntesdesanluis.com\/index.php\/wp-json\/wp\/v2\/categories?post=17842"},{"taxonomy":"post_tag","embeddable":true,"href":"https:\/\/apuntesdesanluis.com\/index.php\/wp-json\/wp\/v2\/tags?post=17842"}],"curies":[{"name":"wp","href":"https:\/\/api.w.org\/{rel}","templated":true}]}}