{"id":17845,"date":"2024-06-12T18:26:25","date_gmt":"2024-06-12T21:26:25","guid":{"rendered":"https:\/\/apuntesdesanluis.com\/?p=17845"},"modified":"2024-06-12T19:27:51","modified_gmt":"2024-06-12T22:27:51","slug":"afuera-el-gobierno-elimino-el-capitulo-previsional-de-la-ley-bases-y-se-mantiene-la-moratoria","status":"publish","type":"post","link":"https:\/\/apuntesdesanluis.com\/index.php\/2024\/06\/12\/afuera-el-gobierno-elimino-el-capitulo-previsional-de-la-ley-bases-y-se-mantiene-la-moratoria\/","title":{"rendered":"AFUERA: EL GOBIERNO ELIMIN\u00d3 EL CAP\u00cdTULO PREVISIONAL DE LA LEY BASES Y SE MANTIENE LA MORATORIA"},"content":{"rendered":"<h3>La reforma propuesta en la Ley de Bases buscaba reemplazar la moratoria previsional con la Prestaci\u00f3n de Retiro Proporcional, sin embargo el oficialismo decidi\u00f3 eliminar ese cap\u00edtulo para evitar una derrota en el Senado.<\/h3>\n<h3>Apenas comenzado el tratamiento de la Ley Bases en el Senado, el gobierno dio marcha atr\u00e1s con el cap\u00edtulo previsional y sac\u00f3 dos art\u00edculos del dictamen de mayor\u00eda, a saber el 227 y 228 que buscaban terminar con la moratoria previsional y que ser\u00eda reemplazada por una nueva figura de la Prestaci\u00f3n de Retiro Proporcional.<\/h3>\n<h3>Por caso, el art\u00edculo 227 era el que justamente contemplaba\u00a0 la derogaci\u00f3n de la ley 27.705 de Plan de Pago de la Deuda Previsional, es decir el mecanismo de moratoria aprobado en 2023 para permitir el acceso a la jubilaci\u00f3n de quienes cuentan con la edad necesaria pero no con los aportes de 30 a\u00f1os.<\/h3>\n<h3>En el caso del art\u00edculo 228, con su eliminaci\u00f3n se dio por tierra con la propuesta de crear una prestaci\u00f3n proporcional para aquellas personas que no hab\u00edan podido cubrir la cantidad de a\u00f1os de aportes necesarios para acceder a la jubilaci\u00f3n plena.<\/h3>\n<h3>Vale recordar que, bajo la Prestaci\u00f3n de Retiro Proporcional, quienes no hubieran completado sus aportes recibir\u00edan un haber m\u00ednimo equivalente a la Pensi\u00f3n Universal al Adulto Mayor (PUAM), que actualmente es el 80% del haber m\u00ednimo. Para junio 2024, este n\u00famero ser\u00eda de $ 235.000 (contemplando el bono de 70 mil pesos).<\/h3>\n<h3>Adem\u00e1s, dependiendo de los a\u00f1os de aportes al Sistema Integrado Previsional Argentino (SIPA), se recibir\u00eda un adicional cuyo monto ser\u00eda definido por el Ejecutivo.<\/h3>\n<h3>La Prestaci\u00f3n de Retiro Proporcional establecida por la Ley de Bases estaba destinada a personas que, por diversas razones, no pod\u00edan acreditar los 30 a\u00f1os de servicios con aportes. Aquellos sin historial de trabajo formal y pago de aportes podr\u00edan aspirar a la PUAM, mientras que quienes hubieran contribuido podr\u00edan recibir beneficios mayores al haber m\u00ednimo, dependiendo de su historial laboral y salarial.<\/h3>\n<h3>Abogados especializados en temas previsionales hab\u00edan plasmado que la derogaci\u00f3n de la moratoria anticipada afectar\u00eda principalmente a las mujeres, ya que solo el 10% completa los 30 a\u00f1os de aportes al alcanzar la edad jubilatoria.<\/h3>\n<p>&nbsp;<\/p>\n<p>&nbsp;<\/p>\n<p>&nbsp;<\/p>\n<p>&nbsp;<\/p>\n<p>&nbsp;<\/p>\n<p>&nbsp;<\/p>\n","protected":false},"excerpt":{"rendered":"<p>La reforma propuesta en la Ley de Bases buscaba reemplazar la moratoria previsional con la&#8230;<\/p>\n","protected":false},"author":1,"featured_media":613,"comment_status":"closed","ping_status":"closed","sticky":false,"template":"","format":"standard","meta":{"footnotes":""},"categories":[5],"tags":[],"class_list":["post-17845","post","type-post","status-publish","format-standard","has-post-thumbnail","hentry","category-nacionales-internacionales"],"yoast_head":"<!-- This site is optimized with the Yoast SEO plugin v26.1.1 - https:\/\/yoast.com\/wordpress\/plugins\/seo\/ -->\n<title>AFUERA: EL GOBIERNO ELIMIN\u00d3 EL CAP\u00cdTULO PREVISIONAL DE LA LEY BASES Y SE MANTIENE LA MORATORIA - Apuntes de San Luis<\/title>\n<meta name=\"robots\" content=\"index, follow, max-snippet:-1, max-image-preview:large, max-video-preview:-1\" \/>\n<link rel=\"canonical\" href=\"https:\/\/apuntesdesanluis.com\/index.php\/2024\/06\/12\/afuera-el-gobierno-elimino-el-capitulo-previsional-de-la-ley-bases-y-se-mantiene-la-moratoria\/\" \/>\n<meta property=\"og:locale\" content=\"es_ES\" \/>\n<meta property=\"og:type\" content=\"article\" \/>\n<meta property=\"og:title\" content=\"AFUERA: EL GOBIERNO ELIMIN\u00d3 EL CAP\u00cdTULO PREVISIONAL DE LA LEY BASES Y SE MANTIENE LA MORATORIA - Apuntes de San Luis\" \/>\n<meta property=\"og:description\" content=\"La reforma propuesta en la Ley de Bases buscaba reemplazar la moratoria previsional con la...\" \/>\n<meta property=\"og:url\" content=\"https:\/\/apuntesdesanluis.com\/index.php\/2024\/06\/12\/afuera-el-gobierno-elimino-el-capitulo-previsional-de-la-ley-bases-y-se-mantiene-la-moratoria\/\" \/>\n<meta property=\"og:site_name\" content=\"Apuntes de San Luis\" \/>\n<meta property=\"article:published_time\" content=\"2024-06-12T21:26:25+00:00\" \/>\n<meta property=\"article:modified_time\" content=\"2024-06-12T22:27:51+00:00\" \/>\n<meta property=\"og:image\" content=\"https:\/\/apuntesdesanluis.com\/wp-content\/uploads\/2023\/07\/anses.webp\" \/>\n\t<meta property=\"og:image:width\" content=\"1200\" \/>\n\t<meta property=\"og:image:height\" content=\"675\" \/>\n\t<meta property=\"og:image:type\" content=\"image\/webp\" \/>\n<meta name=\"author\" content=\"apuntesdesanluis.com\" \/>\n<meta name=\"twitter:card\" content=\"summary_large_image\" \/>\n<meta name=\"twitter:label1\" content=\"Escrito por\" \/>\n\t<meta name=\"twitter:data1\" content=\"apuntesdesanluis.com\" \/>\n\t<meta name=\"twitter:label2\" content=\"Tiempo de lectura\" \/>\n\t<meta name=\"twitter:data2\" content=\"2 minutos\" \/>\n<script type=\"application\/ld+json\" class=\"yoast-schema-graph\">{\"@context\":\"https:\/\/schema.org\",\"@graph\":[{\"@type\":\"Article\",\"@id\":\"https:\/\/apuntesdesanluis.com\/index.php\/2024\/06\/12\/afuera-el-gobierno-elimino-el-capitulo-previsional-de-la-ley-bases-y-se-mantiene-la-moratoria\/#article\",\"isPartOf\":{\"@id\":\"https:\/\/apuntesdesanluis.com\/index.php\/2024\/06\/12\/afuera-el-gobierno-elimino-el-capitulo-previsional-de-la-ley-bases-y-se-mantiene-la-moratoria\/\"},\"author\":{\"name\":\"apuntesdesanluis.com\",\"@id\":\"https:\/\/apuntesdesanluis.com\/#\/schema\/person\/b55151d52296fcce64d1a72538a70b90\"},\"headline\":\"AFUERA: EL GOBIERNO ELIMIN\u00d3 EL CAP\u00cdTULO PREVISIONAL DE LA LEY BASES Y SE MANTIENE LA MORATORIA\",\"datePublished\":\"2024-06-12T21:26:25+00:00\",\"dateModified\":\"2024-06-12T22:27:51+00:00\",\"mainEntityOfPage\":{\"@id\":\"https:\/\/apuntesdesanluis.com\/index.php\/2024\/06\/12\/afuera-el-gobierno-elimino-el-capitulo-previsional-de-la-ley-bases-y-se-mantiene-la-moratoria\/\"},\"wordCount\":407,\"publisher\":{\"@id\":\"https:\/\/apuntesdesanluis.com\/#\/schema\/person\/b55151d52296fcce64d1a72538a70b90\"},\"image\":{\"@id\":\"https:\/\/apuntesdesanluis.com\/index.php\/2024\/06\/12\/afuera-el-gobierno-elimino-el-capitulo-previsional-de-la-ley-bases-y-se-mantiene-la-moratoria\/#primaryimage\"},\"thumbnailUrl\":\"https:\/\/apuntesdesanluis.com\/wp-content\/uploads\/2023\/07\/anses.webp\",\"articleSection\":[\"Nacionales\/Internacionales\"],\"inLanguage\":\"es-AR\"},{\"@type\":\"WebPage\",\"@id\":\"https:\/\/apuntesdesanluis.com\/index.php\/2024\/06\/12\/afuera-el-gobierno-elimino-el-capitulo-previsional-de-la-ley-bases-y-se-mantiene-la-moratoria\/\",\"url\":\"https:\/\/apuntesdesanluis.com\/index.php\/2024\/06\/12\/afuera-el-gobierno-elimino-el-capitulo-previsional-de-la-ley-bases-y-se-mantiene-la-moratoria\/\",\"name\":\"AFUERA: EL GOBIERNO ELIMIN\u00d3 EL CAP\u00cdTULO PREVISIONAL DE LA LEY BASES Y SE MANTIENE LA MORATORIA - Apuntes de San Luis\",\"isPartOf\":{\"@id\":\"https:\/\/apuntesdesanluis.com\/#website\"},\"primaryImageOfPage\":{\"@id\":\"https:\/\/apuntesdesanluis.com\/index.php\/2024\/06\/12\/afuera-el-gobierno-elimino-el-capitulo-previsional-de-la-ley-bases-y-se-mantiene-la-moratoria\/#primaryimage\"},\"image\":{\"@id\":\"https:\/\/apuntesdesanluis.com\/index.php\/2024\/06\/12\/afuera-el-gobierno-elimino-el-capitulo-previsional-de-la-ley-bases-y-se-mantiene-la-moratoria\/#primaryimage\"},\"thumbnailUrl\":\"https:\/\/apuntesdesanluis.com\/wp-content\/uploads\/2023\/07\/anses.webp\",\"datePublished\":\"2024-06-12T21:26:25+00:00\",\"dateModified\":\"2024-06-12T22:27:51+00:00\",\"breadcrumb\":{\"@id\":\"https:\/\/apuntesdesanluis.com\/index.php\/2024\/06\/12\/afuera-el-gobierno-elimino-el-capitulo-previsional-de-la-ley-bases-y-se-mantiene-la-moratoria\/#breadcrumb\"},\"inLanguage\":\"es-AR\",\"potentialAction\":[{\"@type\":\"ReadAction\",\"target\":[\"https:\/\/apuntesdesanluis.com\/index.php\/2024\/06\/12\/afuera-el-gobierno-elimino-el-capitulo-previsional-de-la-ley-bases-y-se-mantiene-la-moratoria\/\"]}]},{\"@type\":\"ImageObject\",\"inLanguage\":\"es-AR\",\"@id\":\"https:\/\/apuntesdesanluis.com\/index.php\/2024\/06\/12\/afuera-el-gobierno-elimino-el-capitulo-previsional-de-la-ley-bases-y-se-mantiene-la-moratoria\/#primaryimage\",\"url\":\"https:\/\/apuntesdesanluis.com\/wp-content\/uploads\/2023\/07\/anses.webp\",\"contentUrl\":\"https:\/\/apuntesdesanluis.com\/wp-content\/uploads\/2023\/07\/anses.webp\",\"width\":1200,\"height\":675},{\"@type\":\"BreadcrumbList\",\"@id\":\"https:\/\/apuntesdesanluis.com\/index.php\/2024\/06\/12\/afuera-el-gobierno-elimino-el-capitulo-previsional-de-la-ley-bases-y-se-mantiene-la-moratoria\/#breadcrumb\",\"itemListElement\":[{\"@type\":\"ListItem\",\"position\":1,\"name\":\"Inicio\",\"item\":\"https:\/\/apuntesdesanluis.com\/\"},{\"@type\":\"ListItem\",\"position\":2,\"name\":\"AFUERA: EL GOBIERNO ELIMIN\u00d3 EL CAP\u00cdTULO PREVISIONAL DE LA LEY BASES Y SE MANTIENE LA MORATORIA\"}]},{\"@type\":\"WebSite\",\"@id\":\"https:\/\/apuntesdesanluis.com\/#website\",\"url\":\"https:\/\/apuntesdesanluis.com\/\",\"name\":\"Apuntes de San Luis\",\"description\":\"\",\"publisher\":{\"@id\":\"https:\/\/apuntesdesanluis.com\/#\/schema\/person\/b55151d52296fcce64d1a72538a70b90\"},\"potentialAction\":[{\"@type\":\"SearchAction\",\"target\":{\"@type\":\"EntryPoint\",\"urlTemplate\":\"https:\/\/apuntesdesanluis.com\/?s={search_term_string}\"},\"query-input\":{\"@type\":\"PropertyValueSpecification\",\"valueRequired\":true,\"valueName\":\"search_term_string\"}}],\"inLanguage\":\"es-AR\"},{\"@type\":[\"Person\",\"Organization\"],\"@id\":\"https:\/\/apuntesdesanluis.com\/#\/schema\/person\/b55151d52296fcce64d1a72538a70b90\",\"name\":\"apuntesdesanluis.com\",\"image\":{\"@type\":\"ImageObject\",\"inLanguage\":\"es-AR\",\"@id\":\"https:\/\/apuntesdesanluis.com\/#\/schema\/person\/image\/\",\"url\":\"https:\/\/apuntesdesanluis.com\/wp-content\/uploads\/2023\/07\/cropped-apuntesdesanluis.png\",\"contentUrl\":\"https:\/\/apuntesdesanluis.com\/wp-content\/uploads\/2023\/07\/cropped-apuntesdesanluis.png\",\"width\":450,\"height\":112,\"caption\":\"apuntesdesanluis.com\"},\"logo\":{\"@id\":\"https:\/\/apuntesdesanluis.com\/#\/schema\/person\/image\/\"},\"sameAs\":[\"https:\/\/apuntesdesanluis.com\"],\"url\":\"https:\/\/apuntesdesanluis.com\/index.php\/author\/apuntesdesanluis-com\/\"}]}<\/script>\n<!-- \/ Yoast SEO plugin. -->","yoast_head_json":{"title":"AFUERA: EL GOBIERNO ELIMIN\u00d3 EL CAP\u00cdTULO PREVISIONAL DE LA LEY BASES Y SE MANTIENE LA MORATORIA - Apuntes de San Luis","robots":{"index":"index","follow":"follow","max-snippet":"max-snippet:-1","max-image-preview":"max-image-preview:large","max-video-preview":"max-video-preview:-1"},"canonical":"https:\/\/apuntesdesanluis.com\/index.php\/2024\/06\/12\/afuera-el-gobierno-elimino-el-capitulo-previsional-de-la-ley-bases-y-se-mantiene-la-moratoria\/","og_locale":"es_ES","og_type":"article","og_title":"AFUERA: EL GOBIERNO ELIMIN\u00d3 EL CAP\u00cdTULO PREVISIONAL DE LA LEY BASES Y SE MANTIENE LA MORATORIA - Apuntes de San Luis","og_description":"La reforma propuesta en la Ley de Bases buscaba reemplazar la moratoria previsional con la...","og_url":"https:\/\/apuntesdesanluis.com\/index.php\/2024\/06\/12\/afuera-el-gobierno-elimino-el-capitulo-previsional-de-la-ley-bases-y-se-mantiene-la-moratoria\/","og_site_name":"Apuntes de San Luis","article_published_time":"2024-06-12T21:26:25+00:00","article_modified_time":"2024-06-12T22:27:51+00:00","og_image":[{"width":1200,"height":675,"url":"https:\/\/apuntesdesanluis.com\/wp-content\/uploads\/2023\/07\/anses.webp","type":"image\/webp"}],"author":"apuntesdesanluis.com","twitter_card":"summary_large_image","twitter_misc":{"Escrito por":"apuntesdesanluis.com","Tiempo de lectura":"2 minutos"},"schema":{"@context":"https:\/\/schema.org","@graph":[{"@type":"Article","@id":"https:\/\/apuntesdesanluis.com\/index.php\/2024\/06\/12\/afuera-el-gobierno-elimino-el-capitulo-previsional-de-la-ley-bases-y-se-mantiene-la-moratoria\/#article","isPartOf":{"@id":"https:\/\/apuntesdesanluis.com\/index.php\/2024\/06\/12\/afuera-el-gobierno-elimino-el-capitulo-previsional-de-la-ley-bases-y-se-mantiene-la-moratoria\/"},"author":{"name":"apuntesdesanluis.com","@id":"https:\/\/apuntesdesanluis.com\/#\/schema\/person\/b55151d52296fcce64d1a72538a70b90"},"headline":"AFUERA: EL GOBIERNO ELIMIN\u00d3 EL CAP\u00cdTULO PREVISIONAL DE LA LEY BASES Y SE MANTIENE LA MORATORIA","datePublished":"2024-06-12T21:26:25+00:00","dateModified":"2024-06-12T22:27:51+00:00","mainEntityOfPage":{"@id":"https:\/\/apuntesdesanluis.com\/index.php\/2024\/06\/12\/afuera-el-gobierno-elimino-el-capitulo-previsional-de-la-ley-bases-y-se-mantiene-la-moratoria\/"},"wordCount":407,"publisher":{"@id":"https:\/\/apuntesdesanluis.com\/#\/schema\/person\/b55151d52296fcce64d1a72538a70b90"},"image":{"@id":"https:\/\/apuntesdesanluis.com\/index.php\/2024\/06\/12\/afuera-el-gobierno-elimino-el-capitulo-previsional-de-la-ley-bases-y-se-mantiene-la-moratoria\/#primaryimage"},"thumbnailUrl":"https:\/\/apuntesdesanluis.com\/wp-content\/uploads\/2023\/07\/anses.webp","articleSection":["Nacionales\/Internacionales"],"inLanguage":"es-AR"},{"@type":"WebPage","@id":"https:\/\/apuntesdesanluis.com\/index.php\/2024\/06\/12\/afuera-el-gobierno-elimino-el-capitulo-previsional-de-la-ley-bases-y-se-mantiene-la-moratoria\/","url":"https:\/\/apuntesdesanluis.com\/index.php\/2024\/06\/12\/afuera-el-gobierno-elimino-el-capitulo-previsional-de-la-ley-bases-y-se-mantiene-la-moratoria\/","name":"AFUERA: EL GOBIERNO ELIMIN\u00d3 EL CAP\u00cdTULO PREVISIONAL DE LA LEY BASES Y SE MANTIENE LA MORATORIA - Apuntes de San Luis","isPartOf":{"@id":"https:\/\/apuntesdesanluis.com\/#website"},"primaryImageOfPage":{"@id":"https:\/\/apuntesdesanluis.com\/index.php\/2024\/06\/12\/afuera-el-gobierno-elimino-el-capitulo-previsional-de-la-ley-bases-y-se-mantiene-la-moratoria\/#primaryimage"},"image":{"@id":"https:\/\/apuntesdesanluis.com\/index.php\/2024\/06\/12\/afuera-el-gobierno-elimino-el-capitulo-previsional-de-la-ley-bases-y-se-mantiene-la-moratoria\/#primaryimage"},"thumbnailUrl":"https:\/\/apuntesdesanluis.com\/wp-content\/uploads\/2023\/07\/anses.webp","datePublished":"2024-06-12T21:26:25+00:00","dateModified":"2024-06-12T22:27:51+00:00","breadcrumb":{"@id":"https:\/\/apuntesdesanluis.com\/index.php\/2024\/06\/12\/afuera-el-gobierno-elimino-el-capitulo-previsional-de-la-ley-bases-y-se-mantiene-la-moratoria\/#breadcrumb"},"inLanguage":"es-AR","potentialAction":[{"@type":"ReadAction","target":["https:\/\/apuntesdesanluis.com\/index.php\/2024\/06\/12\/afuera-el-gobierno-elimino-el-capitulo-previsional-de-la-ley-bases-y-se-mantiene-la-moratoria\/"]}]},{"@type":"ImageObject","inLanguage":"es-AR","@id":"https:\/\/apuntesdesanluis.com\/index.php\/2024\/06\/12\/afuera-el-gobierno-elimino-el-capitulo-previsional-de-la-ley-bases-y-se-mantiene-la-moratoria\/#primaryimage","url":"https:\/\/apuntesdesanluis.com\/wp-content\/uploads\/2023\/07\/anses.webp","contentUrl":"https:\/\/apuntesdesanluis.com\/wp-content\/uploads\/2023\/07\/anses.webp","width":1200,"height":675},{"@type":"BreadcrumbList","@id":"https:\/\/apuntesdesanluis.com\/index.php\/2024\/06\/12\/afuera-el-gobierno-elimino-el-capitulo-previsional-de-la-ley-bases-y-se-mantiene-la-moratoria\/#breadcrumb","itemListElement":[{"@type":"ListItem","position":1,"name":"Inicio","item":"https:\/\/apuntesdesanluis.com\/"},{"@type":"ListItem","position":2,"name":"AFUERA: EL GOBIERNO ELIMIN\u00d3 EL CAP\u00cdTULO PREVISIONAL DE LA LEY BASES Y SE MANTIENE LA MORATORIA"}]},{"@type":"WebSite","@id":"https:\/\/apuntesdesanluis.com\/#website","url":"https:\/\/apuntesdesanluis.com\/","name":"Apuntes de San Luis","description":"","publisher":{"@id":"https:\/\/apuntesdesanluis.com\/#\/schema\/person\/b55151d52296fcce64d1a72538a70b90"},"potentialAction":[{"@type":"SearchAction","target":{"@type":"EntryPoint","urlTemplate":"https:\/\/apuntesdesanluis.com\/?s={search_term_string}"},"query-input":{"@type":"PropertyValueSpecification","valueRequired":true,"valueName":"search_term_string"}}],"inLanguage":"es-AR"},{"@type":["Person","Organization"],"@id":"https:\/\/apuntesdesanluis.com\/#\/schema\/person\/b55151d52296fcce64d1a72538a70b90","name":"apuntesdesanluis.com","image":{"@type":"ImageObject","inLanguage":"es-AR","@id":"https:\/\/apuntesdesanluis.com\/#\/schema\/person\/image\/","url":"https:\/\/apuntesdesanluis.com\/wp-content\/uploads\/2023\/07\/cropped-apuntesdesanluis.png","contentUrl":"https:\/\/apuntesdesanluis.com\/wp-content\/uploads\/2023\/07\/cropped-apuntesdesanluis.png","width":450,"height":112,"caption":"apuntesdesanluis.com"},"logo":{"@id":"https:\/\/apuntesdesanluis.com\/#\/schema\/person\/image\/"},"sameAs":["https:\/\/apuntesdesanluis.com"],"url":"https:\/\/apuntesdesanluis.com\/index.php\/author\/apuntesdesanluis-com\/"}]}},"featured_image_urls":{"full":["https:\/\/apuntesdesanluis.com\/wp-content\/uploads\/2023\/07\/anses.webp",1200,675,false],"thumbnail":["https:\/\/apuntesdesanluis.com\/wp-content\/uploads\/2023\/07\/anses-150x150.webp",150,150,true],"medium":["https:\/\/apuntesdesanluis.com\/wp-content\/uploads\/2023\/07\/anses-300x169.webp",300,169,true],"medium_large":["https:\/\/apuntesdesanluis.com\/wp-content\/uploads\/2023\/07\/anses-768x432.webp",640,360,true],"large":["https:\/\/apuntesdesanluis.com\/wp-content\/uploads\/2023\/07\/anses-1024x576.webp",640,360,true],"1536x1536":["https:\/\/apuntesdesanluis.com\/wp-content\/uploads\/2023\/07\/anses.webp",1200,675,false],"2048x2048":["https:\/\/apuntesdesanluis.com\/wp-content\/uploads\/2023\/07\/anses.webp",1200,675,false],"newsever-slider-full":["https:\/\/apuntesdesanluis.com\/wp-content\/uploads\/2023\/07\/anses.webp",1200,675,false],"newsever-featured":["https:\/\/apuntesdesanluis.com\/wp-content\/uploads\/2023\/07\/anses-1024x576.webp",1024,576,true],"newsever-medium":["https:\/\/apuntesdesanluis.com\/wp-content\/uploads\/2023\/07\/anses-720x475.webp",720,475,true]},"author_info":{"display_name":"apuntesdesanluis.com","author_link":"https:\/\/apuntesdesanluis.com\/index.php\/author\/apuntesdesanluis-com\/"},"category_info":"<a href=\"https:\/\/apuntesdesanluis.com\/index.php\/category\/nacionales-internacionales\/\" rel=\"category tag\">Nacionales\/Internacionales<\/a>","tag_info":"Nacionales\/Internacionales","comment_count":"0","_links":{"self":[{"href":"https:\/\/apuntesdesanluis.com\/index.php\/wp-json\/wp\/v2\/posts\/17845","targetHints":{"allow":["GET"]}}],"collection":[{"href":"https:\/\/apuntesdesanluis.com\/index.php\/wp-json\/wp\/v2\/posts"}],"about":[{"href":"https:\/\/apuntesdesanluis.com\/index.php\/wp-json\/wp\/v2\/types\/post"}],"author":[{"embeddable":true,"href":"https:\/\/apuntesdesanluis.com\/index.php\/wp-json\/wp\/v2\/users\/1"}],"replies":[{"embeddable":true,"href":"https:\/\/apuntesdesanluis.com\/index.php\/wp-json\/wp\/v2\/comments?post=17845"}],"version-history":[{"count":1,"href":"https:\/\/apuntesdesanluis.com\/index.php\/wp-json\/wp\/v2\/posts\/17845\/revisions"}],"predecessor-version":[{"id":17846,"href":"https:\/\/apuntesdesanluis.com\/index.php\/wp-json\/wp\/v2\/posts\/17845\/revisions\/17846"}],"wp:featuredmedia":[{"embeddable":true,"href":"https:\/\/apuntesdesanluis.com\/index.php\/wp-json\/wp\/v2\/media\/613"}],"wp:attachment":[{"href":"https:\/\/apuntesdesanluis.com\/index.php\/wp-json\/wp\/v2\/media?parent=17845"}],"wp:term":[{"taxonomy":"category","embeddable":true,"href":"https:\/\/apuntesdesanluis.com\/index.php\/wp-json\/wp\/v2\/categories?post=17845"},{"taxonomy":"post_tag","embeddable":true,"href":"https:\/\/apuntesdesanluis.com\/index.php\/wp-json\/wp\/v2\/tags?post=17845"}],"curies":[{"name":"wp","href":"https:\/\/api.w.org\/{rel}","templated":true}]}}