{"id":17847,"date":"2024-06-12T19:44:34","date_gmt":"2024-06-12T22:44:34","guid":{"rendered":"https:\/\/apuntesdesanluis.com\/?p=17847"},"modified":"2024-06-12T19:46:45","modified_gmt":"2024-06-12T22:46:45","slug":"diputados-aprobo-la-venta-de-la-casa-de-san-luis-en-capital-federal","status":"publish","type":"post","link":"https:\/\/apuntesdesanluis.com\/index.php\/2024\/06\/12\/diputados-aprobo-la-venta-de-la-casa-de-san-luis-en-capital-federal\/","title":{"rendered":"DIPUTADOS APROB\u00d3 LA VENTA DE LA CASA DE SAN LUIS EN CAPITAL FEDERAL"},"content":{"rendered":"<h3>Luego de un extenso debate y por el voto de la mayor\u00eda (24 votos afirmativos y 17 votos negativos) la C\u00e1mara de Diputados de la provincia dio media sanci\u00f3n al Proyecto de Ley enviado por el Ejecutivo Provincial, en el que solicita autorizaci\u00f3n para a efectuar la venta del inmueble situado en calle Azcu\u00e9naga 1083\/87 de la Ciudad Aut\u00f3noma de Buenos Aires, afectado al funcionamiento de la Casa de San Luis.<\/h3>\n<p><img fetchpriority=\"high\" decoding=\"async\" class=\"wp-image-17850 aligncenter\" src=\"https:\/\/apuntesdesanluis.com\/wp-content\/uploads\/2024\/06\/DIPUTADOS-2-300x225.png\" alt=\"\" width=\"647\" height=\"485\" srcset=\"https:\/\/apuntesdesanluis.com\/wp-content\/uploads\/2024\/06\/DIPUTADOS-2-300x225.png 300w, https:\/\/apuntesdesanluis.com\/wp-content\/uploads\/2024\/06\/DIPUTADOS-2.png 600w\" sizes=\"(max-width: 647px) 100vw, 647px\" \/><\/p>\n<h3>La miembro informante fue la diputada <strong>Eugenia Gallardo<\/strong>, presidente de la comisi\u00f3n de Finanzas, Obras P\u00fablicas y Econom\u00eda, quien remarc\u00f3 la importancia de su aprobaci\u00f3n y transmiti\u00f3 las prioridades que tendr\u00e1 la futura venta del inmueble y el destino de lo recaudado: poner en valor al Policl\u00ednico Regional Juan Domingo Per\u00f3n de la ciudad de Villa Mercedes e infraestructura hospitalaria o sanitaria del sistema p\u00fablico provincial.<\/h3>\n<h3>El proyecto pasar\u00e1 ahora para tratamiento de la C\u00e1mara de Senadores, donde en principio el oficialismo contar\u00eda con al menos cinco (5) voluntades dispuestas a aprobarlo y darle la media sanci\u00f3n restante.<\/h3>\n<h3>Tambi\u00e9n se aprob\u00f3 un Proyecto de Solicitud de Informe, referido a la Situaci\u00f3n de Inseguridad en la provincia de San Luis. El mismo proveniente con dos despachos de la comisi\u00f3n de Seguridad, fueron expuestos por la presidenta de la Comisi\u00f3n Marisa Patafio (Despacho de Mayor\u00eda) y la autora del proyecto Fernanda Spinuzza (Despacho de Minor\u00eda). Finalmente fue aprobado el de mayor\u00eda.<\/h3>\n<h3>Pasaron a sus respectivas comisiones los proyectos presentados para la 9\u00b0 Sesi\u00f3n Ordinaria.<\/h3>\n<p>&nbsp;<\/p>\n<h3><span style=\"color: #3366ff;\"><strong>NOTA RELACIONADA:<\/strong><\/span><\/h3>\n<p><a href=\"https:\/\/apuntesdesanluis.com\/index.php\/2024\/06\/04\/diputados-pidieron-detalles-sobre-la-venta-de-la-suntuosa-casa-de-san-luis-en-buenos-aires\/\" target=\"_blank\" rel=\"noopener\"><img decoding=\"async\" class=\"alignnone wp-image-17848\" src=\"https:\/\/apuntesdesanluis.com\/wp-content\/uploads\/2024\/06\/POSTEO-300x249.png\" alt=\"\" width=\"552\" height=\"458\" srcset=\"https:\/\/apuntesdesanluis.com\/wp-content\/uploads\/2024\/06\/POSTEO-300x249.png 300w, https:\/\/apuntesdesanluis.com\/wp-content\/uploads\/2024\/06\/POSTEO.png 583w\" sizes=\"(max-width: 552px) 100vw, 552px\" \/><\/a><\/p>\n<p>&nbsp;<\/p>\n<p>&nbsp;<\/p>\n<p>&nbsp;<\/p>\n<p>&nbsp;<\/p>\n<p>&nbsp;<\/p>\n<p>&nbsp;<\/p>\n<p>&nbsp;<\/p>\n","protected":false},"excerpt":{"rendered":"<p>Luego de un extenso debate y por el voto de la mayor\u00eda (24 votos afirmativos&#8230;<\/p>\n","protected":false},"author":1,"featured_media":17852,"comment_status":"closed","ping_status":"closed","sticky":false,"template":"","format":"standard","meta":{"footnotes":""},"categories":[6],"tags":[],"class_list":["post-17847","post","type-post","status-publish","format-standard","has-post-thumbnail","hentry","category-ciudad-provincia"],"yoast_head":"<!-- This site is optimized with the Yoast SEO plugin v26.1.1 - https:\/\/yoast.com\/wordpress\/plugins\/seo\/ -->\n<title>DIPUTADOS APROB\u00d3 LA VENTA DE LA CASA DE SAN LUIS EN CAPITAL FEDERAL - Apuntes de San Luis<\/title>\n<meta name=\"robots\" content=\"index, follow, max-snippet:-1, max-image-preview:large, max-video-preview:-1\" \/>\n<link rel=\"canonical\" href=\"https:\/\/apuntesdesanluis.com\/index.php\/2024\/06\/12\/diputados-aprobo-la-venta-de-la-casa-de-san-luis-en-capital-federal\/\" \/>\n<meta property=\"og:locale\" content=\"es_ES\" \/>\n<meta property=\"og:type\" content=\"article\" \/>\n<meta property=\"og:title\" content=\"DIPUTADOS APROB\u00d3 LA VENTA DE LA CASA DE SAN LUIS EN CAPITAL FEDERAL - Apuntes de San Luis\" \/>\n<meta property=\"og:description\" content=\"Luego de un extenso debate y por el voto de la mayor\u00eda (24 votos afirmativos...\" \/>\n<meta property=\"og:url\" content=\"https:\/\/apuntesdesanluis.com\/index.php\/2024\/06\/12\/diputados-aprobo-la-venta-de-la-casa-de-san-luis-en-capital-federal\/\" \/>\n<meta property=\"og:site_name\" content=\"Apuntes de San Luis\" \/>\n<meta property=\"article:published_time\" content=\"2024-06-12T22:44:34+00:00\" \/>\n<meta property=\"article:modified_time\" content=\"2024-06-12T22:46:45+00:00\" \/>\n<meta property=\"og:image\" content=\"https:\/\/apuntesdesanluis.com\/wp-content\/uploads\/2024\/06\/casa-de-san-luis-1.png\" \/>\n\t<meta property=\"og:image:width\" content=\"741\" \/>\n\t<meta property=\"og:image:height\" content=\"517\" \/>\n\t<meta property=\"og:image:type\" content=\"image\/png\" \/>\n<meta name=\"author\" content=\"apuntesdesanluis.com\" \/>\n<meta name=\"twitter:card\" content=\"summary_large_image\" \/>\n<meta name=\"twitter:label1\" content=\"Escrito por\" \/>\n\t<meta name=\"twitter:data1\" content=\"apuntesdesanluis.com\" \/>\n\t<meta name=\"twitter:label2\" content=\"Tiempo de lectura\" \/>\n\t<meta name=\"twitter:data2\" content=\"2 minutos\" \/>\n<script type=\"application\/ld+json\" class=\"yoast-schema-graph\">{\"@context\":\"https:\/\/schema.org\",\"@graph\":[{\"@type\":\"Article\",\"@id\":\"https:\/\/apuntesdesanluis.com\/index.php\/2024\/06\/12\/diputados-aprobo-la-venta-de-la-casa-de-san-luis-en-capital-federal\/#article\",\"isPartOf\":{\"@id\":\"https:\/\/apuntesdesanluis.com\/index.php\/2024\/06\/12\/diputados-aprobo-la-venta-de-la-casa-de-san-luis-en-capital-federal\/\"},\"author\":{\"name\":\"apuntesdesanluis.com\",\"@id\":\"https:\/\/apuntesdesanluis.com\/#\/schema\/person\/b55151d52296fcce64d1a72538a70b90\"},\"headline\":\"DIPUTADOS APROB\u00d3 LA VENTA DE LA CASA DE SAN LUIS EN CAPITAL FEDERAL\",\"datePublished\":\"2024-06-12T22:44:34+00:00\",\"dateModified\":\"2024-06-12T22:46:45+00:00\",\"mainEntityOfPage\":{\"@id\":\"https:\/\/apuntesdesanluis.com\/index.php\/2024\/06\/12\/diputados-aprobo-la-venta-de-la-casa-de-san-luis-en-capital-federal\/\"},\"wordCount\":285,\"publisher\":{\"@id\":\"https:\/\/apuntesdesanluis.com\/#\/schema\/person\/b55151d52296fcce64d1a72538a70b90\"},\"image\":{\"@id\":\"https:\/\/apuntesdesanluis.com\/index.php\/2024\/06\/12\/diputados-aprobo-la-venta-de-la-casa-de-san-luis-en-capital-federal\/#primaryimage\"},\"thumbnailUrl\":\"https:\/\/apuntesdesanluis.com\/wp-content\/uploads\/2024\/06\/casa-de-san-luis-1.png\",\"articleSection\":[\"Ciudad\/Provincia\"],\"inLanguage\":\"es-AR\"},{\"@type\":\"WebPage\",\"@id\":\"https:\/\/apuntesdesanluis.com\/index.php\/2024\/06\/12\/diputados-aprobo-la-venta-de-la-casa-de-san-luis-en-capital-federal\/\",\"url\":\"https:\/\/apuntesdesanluis.com\/index.php\/2024\/06\/12\/diputados-aprobo-la-venta-de-la-casa-de-san-luis-en-capital-federal\/\",\"name\":\"DIPUTADOS APROB\u00d3 LA VENTA DE LA CASA DE SAN LUIS EN CAPITAL FEDERAL - Apuntes de San Luis\",\"isPartOf\":{\"@id\":\"https:\/\/apuntesdesanluis.com\/#website\"},\"primaryImageOfPage\":{\"@id\":\"https:\/\/apuntesdesanluis.com\/index.php\/2024\/06\/12\/diputados-aprobo-la-venta-de-la-casa-de-san-luis-en-capital-federal\/#primaryimage\"},\"image\":{\"@id\":\"https:\/\/apuntesdesanluis.com\/index.php\/2024\/06\/12\/diputados-aprobo-la-venta-de-la-casa-de-san-luis-en-capital-federal\/#primaryimage\"},\"thumbnailUrl\":\"https:\/\/apuntesdesanluis.com\/wp-content\/uploads\/2024\/06\/casa-de-san-luis-1.png\",\"datePublished\":\"2024-06-12T22:44:34+00:00\",\"dateModified\":\"2024-06-12T22:46:45+00:00\",\"breadcrumb\":{\"@id\":\"https:\/\/apuntesdesanluis.com\/index.php\/2024\/06\/12\/diputados-aprobo-la-venta-de-la-casa-de-san-luis-en-capital-federal\/#breadcrumb\"},\"inLanguage\":\"es-AR\",\"potentialAction\":[{\"@type\":\"ReadAction\",\"target\":[\"https:\/\/apuntesdesanluis.com\/index.php\/2024\/06\/12\/diputados-aprobo-la-venta-de-la-casa-de-san-luis-en-capital-federal\/\"]}]},{\"@type\":\"ImageObject\",\"inLanguage\":\"es-AR\",\"@id\":\"https:\/\/apuntesdesanluis.com\/index.php\/2024\/06\/12\/diputados-aprobo-la-venta-de-la-casa-de-san-luis-en-capital-federal\/#primaryimage\",\"url\":\"https:\/\/apuntesdesanluis.com\/wp-content\/uploads\/2024\/06\/casa-de-san-luis-1.png\",\"contentUrl\":\"https:\/\/apuntesdesanluis.com\/wp-content\/uploads\/2024\/06\/casa-de-san-luis-1.png\",\"width\":741,\"height\":517},{\"@type\":\"BreadcrumbList\",\"@id\":\"https:\/\/apuntesdesanluis.com\/index.php\/2024\/06\/12\/diputados-aprobo-la-venta-de-la-casa-de-san-luis-en-capital-federal\/#breadcrumb\",\"itemListElement\":[{\"@type\":\"ListItem\",\"position\":1,\"name\":\"Inicio\",\"item\":\"https:\/\/apuntesdesanluis.com\/\"},{\"@type\":\"ListItem\",\"position\":2,\"name\":\"DIPUTADOS APROB\u00d3 LA VENTA DE LA CASA DE SAN LUIS EN CAPITAL FEDERAL\"}]},{\"@type\":\"WebSite\",\"@id\":\"https:\/\/apuntesdesanluis.com\/#website\",\"url\":\"https:\/\/apuntesdesanluis.com\/\",\"name\":\"Apuntes de San Luis\",\"description\":\"\",\"publisher\":{\"@id\":\"https:\/\/apuntesdesanluis.com\/#\/schema\/person\/b55151d52296fcce64d1a72538a70b90\"},\"potentialAction\":[{\"@type\":\"SearchAction\",\"target\":{\"@type\":\"EntryPoint\",\"urlTemplate\":\"https:\/\/apuntesdesanluis.com\/?s={search_term_string}\"},\"query-input\":{\"@type\":\"PropertyValueSpecification\",\"valueRequired\":true,\"valueName\":\"search_term_string\"}}],\"inLanguage\":\"es-AR\"},{\"@type\":[\"Person\",\"Organization\"],\"@id\":\"https:\/\/apuntesdesanluis.com\/#\/schema\/person\/b55151d52296fcce64d1a72538a70b90\",\"name\":\"apuntesdesanluis.com\",\"image\":{\"@type\":\"ImageObject\",\"inLanguage\":\"es-AR\",\"@id\":\"https:\/\/apuntesdesanluis.com\/#\/schema\/person\/image\/\",\"url\":\"https:\/\/apuntesdesanluis.com\/wp-content\/uploads\/2023\/07\/cropped-apuntesdesanluis.png\",\"contentUrl\":\"https:\/\/apuntesdesanluis.com\/wp-content\/uploads\/2023\/07\/cropped-apuntesdesanluis.png\",\"width\":450,\"height\":112,\"caption\":\"apuntesdesanluis.com\"},\"logo\":{\"@id\":\"https:\/\/apuntesdesanluis.com\/#\/schema\/person\/image\/\"},\"sameAs\":[\"https:\/\/apuntesdesanluis.com\"],\"url\":\"https:\/\/apuntesdesanluis.com\/index.php\/author\/apuntesdesanluis-com\/\"}]}<\/script>\n<!-- \/ Yoast SEO plugin. -->","yoast_head_json":{"title":"DIPUTADOS APROB\u00d3 LA VENTA DE LA CASA DE SAN LUIS EN CAPITAL FEDERAL - Apuntes de San Luis","robots":{"index":"index","follow":"follow","max-snippet":"max-snippet:-1","max-image-preview":"max-image-preview:large","max-video-preview":"max-video-preview:-1"},"canonical":"https:\/\/apuntesdesanluis.com\/index.php\/2024\/06\/12\/diputados-aprobo-la-venta-de-la-casa-de-san-luis-en-capital-federal\/","og_locale":"es_ES","og_type":"article","og_title":"DIPUTADOS APROB\u00d3 LA VENTA DE LA CASA DE SAN LUIS EN CAPITAL FEDERAL - Apuntes de San Luis","og_description":"Luego de un extenso debate y por el voto de la mayor\u00eda (24 votos afirmativos...","og_url":"https:\/\/apuntesdesanluis.com\/index.php\/2024\/06\/12\/diputados-aprobo-la-venta-de-la-casa-de-san-luis-en-capital-federal\/","og_site_name":"Apuntes de San Luis","article_published_time":"2024-06-12T22:44:34+00:00","article_modified_time":"2024-06-12T22:46:45+00:00","og_image":[{"width":741,"height":517,"url":"https:\/\/apuntesdesanluis.com\/wp-content\/uploads\/2024\/06\/casa-de-san-luis-1.png","type":"image\/png"}],"author":"apuntesdesanluis.com","twitter_card":"summary_large_image","twitter_misc":{"Escrito por":"apuntesdesanluis.com","Tiempo de lectura":"2 minutos"},"schema":{"@context":"https:\/\/schema.org","@graph":[{"@type":"Article","@id":"https:\/\/apuntesdesanluis.com\/index.php\/2024\/06\/12\/diputados-aprobo-la-venta-de-la-casa-de-san-luis-en-capital-federal\/#article","isPartOf":{"@id":"https:\/\/apuntesdesanluis.com\/index.php\/2024\/06\/12\/diputados-aprobo-la-venta-de-la-casa-de-san-luis-en-capital-federal\/"},"author":{"name":"apuntesdesanluis.com","@id":"https:\/\/apuntesdesanluis.com\/#\/schema\/person\/b55151d52296fcce64d1a72538a70b90"},"headline":"DIPUTADOS APROB\u00d3 LA VENTA DE LA CASA DE SAN LUIS EN CAPITAL FEDERAL","datePublished":"2024-06-12T22:44:34+00:00","dateModified":"2024-06-12T22:46:45+00:00","mainEntityOfPage":{"@id":"https:\/\/apuntesdesanluis.com\/index.php\/2024\/06\/12\/diputados-aprobo-la-venta-de-la-casa-de-san-luis-en-capital-federal\/"},"wordCount":285,"publisher":{"@id":"https:\/\/apuntesdesanluis.com\/#\/schema\/person\/b55151d52296fcce64d1a72538a70b90"},"image":{"@id":"https:\/\/apuntesdesanluis.com\/index.php\/2024\/06\/12\/diputados-aprobo-la-venta-de-la-casa-de-san-luis-en-capital-federal\/#primaryimage"},"thumbnailUrl":"https:\/\/apuntesdesanluis.com\/wp-content\/uploads\/2024\/06\/casa-de-san-luis-1.png","articleSection":["Ciudad\/Provincia"],"inLanguage":"es-AR"},{"@type":"WebPage","@id":"https:\/\/apuntesdesanluis.com\/index.php\/2024\/06\/12\/diputados-aprobo-la-venta-de-la-casa-de-san-luis-en-capital-federal\/","url":"https:\/\/apuntesdesanluis.com\/index.php\/2024\/06\/12\/diputados-aprobo-la-venta-de-la-casa-de-san-luis-en-capital-federal\/","name":"DIPUTADOS APROB\u00d3 LA VENTA DE LA CASA DE SAN LUIS EN CAPITAL FEDERAL - Apuntes de San Luis","isPartOf":{"@id":"https:\/\/apuntesdesanluis.com\/#website"},"primaryImageOfPage":{"@id":"https:\/\/apuntesdesanluis.com\/index.php\/2024\/06\/12\/diputados-aprobo-la-venta-de-la-casa-de-san-luis-en-capital-federal\/#primaryimage"},"image":{"@id":"https:\/\/apuntesdesanluis.com\/index.php\/2024\/06\/12\/diputados-aprobo-la-venta-de-la-casa-de-san-luis-en-capital-federal\/#primaryimage"},"thumbnailUrl":"https:\/\/apuntesdesanluis.com\/wp-content\/uploads\/2024\/06\/casa-de-san-luis-1.png","datePublished":"2024-06-12T22:44:34+00:00","dateModified":"2024-06-12T22:46:45+00:00","breadcrumb":{"@id":"https:\/\/apuntesdesanluis.com\/index.php\/2024\/06\/12\/diputados-aprobo-la-venta-de-la-casa-de-san-luis-en-capital-federal\/#breadcrumb"},"inLanguage":"es-AR","potentialAction":[{"@type":"ReadAction","target":["https:\/\/apuntesdesanluis.com\/index.php\/2024\/06\/12\/diputados-aprobo-la-venta-de-la-casa-de-san-luis-en-capital-federal\/"]}]},{"@type":"ImageObject","inLanguage":"es-AR","@id":"https:\/\/apuntesdesanluis.com\/index.php\/2024\/06\/12\/diputados-aprobo-la-venta-de-la-casa-de-san-luis-en-capital-federal\/#primaryimage","url":"https:\/\/apuntesdesanluis.com\/wp-content\/uploads\/2024\/06\/casa-de-san-luis-1.png","contentUrl":"https:\/\/apuntesdesanluis.com\/wp-content\/uploads\/2024\/06\/casa-de-san-luis-1.png","width":741,"height":517},{"@type":"BreadcrumbList","@id":"https:\/\/apuntesdesanluis.com\/index.php\/2024\/06\/12\/diputados-aprobo-la-venta-de-la-casa-de-san-luis-en-capital-federal\/#breadcrumb","itemListElement":[{"@type":"ListItem","position":1,"name":"Inicio","item":"https:\/\/apuntesdesanluis.com\/"},{"@type":"ListItem","position":2,"name":"DIPUTADOS APROB\u00d3 LA VENTA DE LA CASA DE SAN LUIS EN CAPITAL FEDERAL"}]},{"@type":"WebSite","@id":"https:\/\/apuntesdesanluis.com\/#website","url":"https:\/\/apuntesdesanluis.com\/","name":"Apuntes de San Luis","description":"","publisher":{"@id":"https:\/\/apuntesdesanluis.com\/#\/schema\/person\/b55151d52296fcce64d1a72538a70b90"},"potentialAction":[{"@type":"SearchAction","target":{"@type":"EntryPoint","urlTemplate":"https:\/\/apuntesdesanluis.com\/?s={search_term_string}"},"query-input":{"@type":"PropertyValueSpecification","valueRequired":true,"valueName":"search_term_string"}}],"inLanguage":"es-AR"},{"@type":["Person","Organization"],"@id":"https:\/\/apuntesdesanluis.com\/#\/schema\/person\/b55151d52296fcce64d1a72538a70b90","name":"apuntesdesanluis.com","image":{"@type":"ImageObject","inLanguage":"es-AR","@id":"https:\/\/apuntesdesanluis.com\/#\/schema\/person\/image\/","url":"https:\/\/apuntesdesanluis.com\/wp-content\/uploads\/2023\/07\/cropped-apuntesdesanluis.png","contentUrl":"https:\/\/apuntesdesanluis.com\/wp-content\/uploads\/2023\/07\/cropped-apuntesdesanluis.png","width":450,"height":112,"caption":"apuntesdesanluis.com"},"logo":{"@id":"https:\/\/apuntesdesanluis.com\/#\/schema\/person\/image\/"},"sameAs":["https:\/\/apuntesdesanluis.com"],"url":"https:\/\/apuntesdesanluis.com\/index.php\/author\/apuntesdesanluis-com\/"}]}},"featured_image_urls":{"full":["https:\/\/apuntesdesanluis.com\/wp-content\/uploads\/2024\/06\/casa-de-san-luis-1.png",741,517,false],"thumbnail":["https:\/\/apuntesdesanluis.com\/wp-content\/uploads\/2024\/06\/casa-de-san-luis-1-150x150.png",150,150,true],"medium":["https:\/\/apuntesdesanluis.com\/wp-content\/uploads\/2024\/06\/casa-de-san-luis-1-300x209.png",300,209,true],"medium_large":["https:\/\/apuntesdesanluis.com\/wp-content\/uploads\/2024\/06\/casa-de-san-luis-1.png",640,447,false],"large":["https:\/\/apuntesdesanluis.com\/wp-content\/uploads\/2024\/06\/casa-de-san-luis-1.png",640,447,false],"1536x1536":["https:\/\/apuntesdesanluis.com\/wp-content\/uploads\/2024\/06\/casa-de-san-luis-1.png",741,517,false],"2048x2048":["https:\/\/apuntesdesanluis.com\/wp-content\/uploads\/2024\/06\/casa-de-san-luis-1.png",741,517,false],"newsever-slider-full":["https:\/\/apuntesdesanluis.com\/wp-content\/uploads\/2024\/06\/casa-de-san-luis-1.png",741,517,false],"newsever-featured":["https:\/\/apuntesdesanluis.com\/wp-content\/uploads\/2024\/06\/casa-de-san-luis-1.png",741,517,false],"newsever-medium":["https:\/\/apuntesdesanluis.com\/wp-content\/uploads\/2024\/06\/casa-de-san-luis-1-720x475.png",720,475,true]},"author_info":{"display_name":"apuntesdesanluis.com","author_link":"https:\/\/apuntesdesanluis.com\/index.php\/author\/apuntesdesanluis-com\/"},"category_info":"<a href=\"https:\/\/apuntesdesanluis.com\/index.php\/category\/ciudad-provincia\/\" rel=\"category tag\">Ciudad\/Provincia<\/a>","tag_info":"Ciudad\/Provincia","comment_count":"0","_links":{"self":[{"href":"https:\/\/apuntesdesanluis.com\/index.php\/wp-json\/wp\/v2\/posts\/17847","targetHints":{"allow":["GET"]}}],"collection":[{"href":"https:\/\/apuntesdesanluis.com\/index.php\/wp-json\/wp\/v2\/posts"}],"about":[{"href":"https:\/\/apuntesdesanluis.com\/index.php\/wp-json\/wp\/v2\/types\/post"}],"author":[{"embeddable":true,"href":"https:\/\/apuntesdesanluis.com\/index.php\/wp-json\/wp\/v2\/users\/1"}],"replies":[{"embeddable":true,"href":"https:\/\/apuntesdesanluis.com\/index.php\/wp-json\/wp\/v2\/comments?post=17847"}],"version-history":[{"count":2,"href":"https:\/\/apuntesdesanluis.com\/index.php\/wp-json\/wp\/v2\/posts\/17847\/revisions"}],"predecessor-version":[{"id":17853,"href":"https:\/\/apuntesdesanluis.com\/index.php\/wp-json\/wp\/v2\/posts\/17847\/revisions\/17853"}],"wp:featuredmedia":[{"embeddable":true,"href":"https:\/\/apuntesdesanluis.com\/index.php\/wp-json\/wp\/v2\/media\/17852"}],"wp:attachment":[{"href":"https:\/\/apuntesdesanluis.com\/index.php\/wp-json\/wp\/v2\/media?parent=17847"}],"wp:term":[{"taxonomy":"category","embeddable":true,"href":"https:\/\/apuntesdesanluis.com\/index.php\/wp-json\/wp\/v2\/categories?post=17847"},{"taxonomy":"post_tag","embeddable":true,"href":"https:\/\/apuntesdesanluis.com\/index.php\/wp-json\/wp\/v2\/tags?post=17847"}],"curies":[{"name":"wp","href":"https:\/\/api.w.org\/{rel}","templated":true}]}}