{"id":17854,"date":"2024-06-13T02:04:10","date_gmt":"2024-06-13T05:04:10","guid":{"rendered":"https:\/\/apuntesdesanluis.com\/?p=17854"},"modified":"2024-06-13T02:05:22","modified_gmt":"2024-06-13T05:05:22","slug":"ley-bases-el-senado-aprobo-el-mega-proyecto-en-general-con-el-desempate-de-villarruel","status":"publish","type":"post","link":"https:\/\/apuntesdesanluis.com\/index.php\/2024\/06\/13\/ley-bases-el-senado-aprobo-el-mega-proyecto-en-general-con-el-desempate-de-villarruel\/","title":{"rendered":"LEY BASES: EL SENADO APROB\u00d3 EL MEGA PROYECTO EN GENERAL CON EL DESEMPATE DE VILLARRUEL"},"content":{"rendered":"<h3>El Senado Ley de Bases aprob\u00f3 este mi\u00e9rcoles por la noche la ley de Bases en general con 37 votos positivos contra 36 negativos, tras el desempate propinado por vicepresidenta de la Naci\u00f3n y titular del cuerpo, Victoria Villarruel, en medio de un clima de tensi\u00f3n dentro y fuera del recinto.<\/h3>\n<h3>En el hemiciclo senatorial, el nerviosismo se reflejaba por el ajustado &#8220;poroteo&#8221; con el que oficialismo encar\u00f3 la votaci\u00f3n en general. En tanto, fuera del Congreso de la Naci\u00f3n el eje de tensi\u00f3n se dio por los serios incidentes entre las fuerzas de seguridad federales y manifestantes de izquierda y sindicatos afines al kirchnerismo.<\/h3>\n<h3>La composici\u00f3n del voto de rechazo contra la ley Bases fue formada por el bloque Unidad Ciudadana, que conduce Juliana Di Tullio (Buenos Aires), y el Frente Nacional y Popular, que lidera Jos\u00e9 Mayans (Formosa). Ambos conforman un interbloque de 33 senadores a los que se les pleg\u00f3 el bloque santacruce\u00f1o, que integran Jos\u00e9 Mar\u00eda Carambia y Natalia Gadano, y el radical Mart\u00edn Lousteau (CABA).<\/h3>\n<h3>En la vereda del frente, LLA logr\u00f3 aglomerar y sellar 36 voluntades, tras la maniobra de Carambia y Gadano que el martes dieron la sorpresa al romper el piso de 38 votos con el que contaba la Casa Rosada, ya que Lousteau ya hab\u00eda advertido que presentar\u00eda su propio dictamen, dejando en claro que votar\u00eda en contra del proyecto y defender\u00eda su propio texto en la sesi\u00f3n.<\/h3>\n<p><img fetchpriority=\"high\" decoding=\"async\" class=\"wp-image-17858 aligncenter\" src=\"https:\/\/apuntesdesanluis.com\/wp-content\/uploads\/2024\/06\/ermpate-300x190.png\" alt=\"\" width=\"690\" height=\"437\" srcset=\"https:\/\/apuntesdesanluis.com\/wp-content\/uploads\/2024\/06\/ermpate-300x190.png 300w, https:\/\/apuntesdesanluis.com\/wp-content\/uploads\/2024\/06\/ermpate.png 661w\" sizes=\"(max-width: 690px) 100vw, 690px\" \/><\/p>\n<h3>Los esca\u00f1os que apoyaron a LLA vinieron por parte del radicalismo, que aport\u00f3 12 votos para la general; seis del PRO; tres de Cambio Federal; uno de Comunidad Neuqu\u00e9n, con la zigzagueante Lucila Crexell; dos del Frente Renovador de la Concordia; uno de Juntos Somos R\u00edo Negro; uno de Por la Justicia Social; tres de Unidad Federal; y los siete libertarios. A este n\u00famero se le sum\u00f3 el voto de Villarruel para llegar a los 37 contra los 36 opositores.<\/h3>\n<h3>Una de las dudas marchaba sobre si la vice estar\u00eda o no al momento de votaci\u00f3n presidiendo la sesi\u00f3n. La inc\u00f3gnita radica en el viaje que ten\u00eda planeado realizar el presidente Javier Milei este jueves por la madrugada a Italia para participar de la cumbre del G7. Si esto suced\u00eda, Villarruel deber\u00eda hacerse cargo del Poder Ejecutivo nacional.<\/h3>\n<p><iframe title=\"SDOR. BARTOLOM\u00c9 ABDALA 6 - SESI\u00d3N  P\u00daBLICA ESPECIAL 12-06-24\" width=\"640\" height=\"360\" src=\"https:\/\/www.youtube.com\/embed\/Tv-Qm1_hysg?feature=oembed\" frameborder=\"0\" allow=\"accelerometer; autoplay; clipboard-write; encrypted-media; gyroscope; picture-in-picture; web-share\" referrerpolicy=\"strict-origin-when-cross-origin\" allowfullscreen><\/iframe><\/p>\n<h3>En este caso, el presidente Provisional del Senado, <strong>Bartolom\u00e9 Abdala<\/strong>, tendr\u00eda voto doble; es decir, votar\u00eda primero en su calidad de senador en ejercicio y, posteriormente, lo har\u00eda como titular de la C\u00e1mara alta en reemplazo de Villarruel. Despejada esta duda, este escenario podr\u00eda aplicarse en la del paquete fiscal, cuyo debate estaba previsto para iniciarse al t\u00e9rmino de la votaci\u00f3n en particular de Bases.<\/h3>\n<h3>Seg\u00fan fuentes consultadas por Noticias Argentinas en Balcarce 50, el jefe de Estado no ten\u00eda una hora fijada para partir hacia Europa. A su vez, no se descartaba la posibilidad de que se demorara la salida del vuelo para que Villarruel pudiera desempatar la votaci\u00f3n en la C\u00e1mara alta en Bases, de ser necesario.<\/h3>\n<h3>M\u00c1S CAMBIOS EN EL DICTAMEN DE MAYOR\u00cdA<\/h3>\n<h3>El debate de la ley de Bases inici\u00f3 pasadas las 10 de este mi\u00e9rcoles con la lectura por parte Abdala del dictamen de mayor\u00eda. En su alocuci\u00f3n, el senador riojano expuso las primeras modificaciones que realiz\u00f3 el oficialismo para contentar a varios legisladores dialoguistas, pero que iban a votar contra las facultades delegadas y el cap\u00edtulo de privatizaciones.<\/h3>\n<h3>Las compa\u00f1\u00edas estatales que quitaron fueron Aerol\u00edneas Argentinas, Correo Argentino y Radio y Televisi\u00f3n Argentina (RTA). Otro cambio fue la prohibici\u00f3n de la disoluci\u00f3n de los organismos de cultura en el art\u00edculo 3. M\u00e1s tarde, ya entrada la noche, profundiz\u00f3 en m\u00e1s retoques, pero esta vez en el cuestionado R\u00e9gimen de Incentivo para Grandes Inversiones (RIGI) referidos a la liquidaci\u00f3n de divisas, entre otros. Otro punto en el que el oficialismo debi\u00f3 ceder es en el plano previsional.<\/h3>\n<h3>En esta l\u00ednea, la senadora cordobesa Alejandra Vigo propuso la eliminaci\u00f3n del cap\u00edtulo alusivo y la Casa Rosada acept\u00f3. De esta manera, se mantendr\u00e1 la moratoria que permit\u00eda hacer un plan de pagos para comprar aportes para llegar hasta los 30 a\u00f1os, y se elimina el mecanismo para jubilarse cobrando una prestaci\u00f3n proporcional menor al haber m\u00ednimo.<\/h3>\n<h3>El Gobierno tambi\u00e9n accedi\u00f3 a incluir un art\u00edculo para que se terminen las obras p\u00fablicas que estuvieran ejecutadas en un 80 por ciento o que cuenten con financiamiento internacional para su concreci\u00f3n, en un claro gui\u00f1o a Lousteau, dado que fue un expreso pedido del correligionario.<\/h3>\n<p>&nbsp;<\/p>\n<p>&nbsp;<\/p>\n<h3><\/h3>\n<p>&nbsp;<\/p>\n<p>&nbsp;<\/p>\n","protected":false},"excerpt":{"rendered":"<p>El Senado Ley de Bases aprob\u00f3 este mi\u00e9rcoles por la noche la ley de Bases&#8230;<\/p>\n","protected":false},"author":1,"featured_media":17855,"comment_status":"closed","ping_status":"closed","sticky":false,"template":"","format":"standard","meta":{"footnotes":""},"categories":[5],"tags":[],"class_list":["post-17854","post","type-post","status-publish","format-standard","has-post-thumbnail","hentry","category-nacionales-internacionales"],"yoast_head":"<!-- This site is optimized with the Yoast SEO plugin v26.1.1 - https:\/\/yoast.com\/wordpress\/plugins\/seo\/ -->\n<title>LEY BASES: EL SENADO APROB\u00d3 EL MEGA PROYECTO EN GENERAL CON EL DESEMPATE DE VILLARRUEL - Apuntes de San Luis<\/title>\n<meta name=\"robots\" content=\"index, follow, max-snippet:-1, max-image-preview:large, max-video-preview:-1\" \/>\n<link rel=\"canonical\" href=\"https:\/\/apuntesdesanluis.com\/index.php\/2024\/06\/13\/ley-bases-el-senado-aprobo-el-mega-proyecto-en-general-con-el-desempate-de-villarruel\/\" \/>\n<meta property=\"og:locale\" content=\"es_ES\" \/>\n<meta property=\"og:type\" content=\"article\" \/>\n<meta property=\"og:title\" content=\"LEY BASES: EL SENADO APROB\u00d3 EL MEGA PROYECTO EN GENERAL CON EL DESEMPATE DE VILLARRUEL - Apuntes de San Luis\" \/>\n<meta property=\"og:description\" content=\"El Senado Ley de Bases aprob\u00f3 este mi\u00e9rcoles por la noche la ley de Bases...\" \/>\n<meta property=\"og:url\" content=\"https:\/\/apuntesdesanluis.com\/index.php\/2024\/06\/13\/ley-bases-el-senado-aprobo-el-mega-proyecto-en-general-con-el-desempate-de-villarruel\/\" \/>\n<meta property=\"og:site_name\" content=\"Apuntes de San Luis\" \/>\n<meta property=\"article:published_time\" content=\"2024-06-13T05:04:10+00:00\" \/>\n<meta property=\"article:modified_time\" content=\"2024-06-13T05:05:22+00:00\" \/>\n<meta property=\"og:image\" content=\"https:\/\/apuntesdesanluis.com\/wp-content\/uploads\/2024\/06\/villarruel.png\" \/>\n\t<meta property=\"og:image:width\" content=\"956\" \/>\n\t<meta property=\"og:image:height\" content=\"616\" \/>\n\t<meta property=\"og:image:type\" content=\"image\/png\" \/>\n<meta name=\"author\" content=\"apuntesdesanluis.com\" \/>\n<meta name=\"twitter:card\" content=\"summary_large_image\" \/>\n<meta name=\"twitter:label1\" content=\"Escrito por\" \/>\n\t<meta name=\"twitter:data1\" content=\"apuntesdesanluis.com\" \/>\n\t<meta name=\"twitter:label2\" content=\"Tiempo de lectura\" \/>\n\t<meta name=\"twitter:data2\" content=\"4 minutos\" \/>\n<script type=\"application\/ld+json\" class=\"yoast-schema-graph\">{\"@context\":\"https:\/\/schema.org\",\"@graph\":[{\"@type\":\"Article\",\"@id\":\"https:\/\/apuntesdesanluis.com\/index.php\/2024\/06\/13\/ley-bases-el-senado-aprobo-el-mega-proyecto-en-general-con-el-desempate-de-villarruel\/#article\",\"isPartOf\":{\"@id\":\"https:\/\/apuntesdesanluis.com\/index.php\/2024\/06\/13\/ley-bases-el-senado-aprobo-el-mega-proyecto-en-general-con-el-desempate-de-villarruel\/\"},\"author\":{\"name\":\"apuntesdesanluis.com\",\"@id\":\"https:\/\/apuntesdesanluis.com\/#\/schema\/person\/b55151d52296fcce64d1a72538a70b90\"},\"headline\":\"LEY BASES: EL SENADO APROB\u00d3 EL MEGA PROYECTO EN GENERAL CON EL DESEMPATE DE VILLARRUEL\",\"datePublished\":\"2024-06-13T05:04:10+00:00\",\"dateModified\":\"2024-06-13T05:05:22+00:00\",\"mainEntityOfPage\":{\"@id\":\"https:\/\/apuntesdesanluis.com\/index.php\/2024\/06\/13\/ley-bases-el-senado-aprobo-el-mega-proyecto-en-general-con-el-desempate-de-villarruel\/\"},\"wordCount\":821,\"publisher\":{\"@id\":\"https:\/\/apuntesdesanluis.com\/#\/schema\/person\/b55151d52296fcce64d1a72538a70b90\"},\"image\":{\"@id\":\"https:\/\/apuntesdesanluis.com\/index.php\/2024\/06\/13\/ley-bases-el-senado-aprobo-el-mega-proyecto-en-general-con-el-desempate-de-villarruel\/#primaryimage\"},\"thumbnailUrl\":\"https:\/\/apuntesdesanluis.com\/wp-content\/uploads\/2024\/06\/villarruel.png\",\"articleSection\":[\"Nacionales\/Internacionales\"],\"inLanguage\":\"es-AR\"},{\"@type\":\"WebPage\",\"@id\":\"https:\/\/apuntesdesanluis.com\/index.php\/2024\/06\/13\/ley-bases-el-senado-aprobo-el-mega-proyecto-en-general-con-el-desempate-de-villarruel\/\",\"url\":\"https:\/\/apuntesdesanluis.com\/index.php\/2024\/06\/13\/ley-bases-el-senado-aprobo-el-mega-proyecto-en-general-con-el-desempate-de-villarruel\/\",\"name\":\"LEY BASES: EL SENADO APROB\u00d3 EL MEGA PROYECTO EN GENERAL CON EL DESEMPATE DE VILLARRUEL - Apuntes de San Luis\",\"isPartOf\":{\"@id\":\"https:\/\/apuntesdesanluis.com\/#website\"},\"primaryImageOfPage\":{\"@id\":\"https:\/\/apuntesdesanluis.com\/index.php\/2024\/06\/13\/ley-bases-el-senado-aprobo-el-mega-proyecto-en-general-con-el-desempate-de-villarruel\/#primaryimage\"},\"image\":{\"@id\":\"https:\/\/apuntesdesanluis.com\/index.php\/2024\/06\/13\/ley-bases-el-senado-aprobo-el-mega-proyecto-en-general-con-el-desempate-de-villarruel\/#primaryimage\"},\"thumbnailUrl\":\"https:\/\/apuntesdesanluis.com\/wp-content\/uploads\/2024\/06\/villarruel.png\",\"datePublished\":\"2024-06-13T05:04:10+00:00\",\"dateModified\":\"2024-06-13T05:05:22+00:00\",\"breadcrumb\":{\"@id\":\"https:\/\/apuntesdesanluis.com\/index.php\/2024\/06\/13\/ley-bases-el-senado-aprobo-el-mega-proyecto-en-general-con-el-desempate-de-villarruel\/#breadcrumb\"},\"inLanguage\":\"es-AR\",\"potentialAction\":[{\"@type\":\"ReadAction\",\"target\":[\"https:\/\/apuntesdesanluis.com\/index.php\/2024\/06\/13\/ley-bases-el-senado-aprobo-el-mega-proyecto-en-general-con-el-desempate-de-villarruel\/\"]}]},{\"@type\":\"ImageObject\",\"inLanguage\":\"es-AR\",\"@id\":\"https:\/\/apuntesdesanluis.com\/index.php\/2024\/06\/13\/ley-bases-el-senado-aprobo-el-mega-proyecto-en-general-con-el-desempate-de-villarruel\/#primaryimage\",\"url\":\"https:\/\/apuntesdesanluis.com\/wp-content\/uploads\/2024\/06\/villarruel.png\",\"contentUrl\":\"https:\/\/apuntesdesanluis.com\/wp-content\/uploads\/2024\/06\/villarruel.png\",\"width\":956,\"height\":616},{\"@type\":\"BreadcrumbList\",\"@id\":\"https:\/\/apuntesdesanluis.com\/index.php\/2024\/06\/13\/ley-bases-el-senado-aprobo-el-mega-proyecto-en-general-con-el-desempate-de-villarruel\/#breadcrumb\",\"itemListElement\":[{\"@type\":\"ListItem\",\"position\":1,\"name\":\"Inicio\",\"item\":\"https:\/\/apuntesdesanluis.com\/\"},{\"@type\":\"ListItem\",\"position\":2,\"name\":\"LEY BASES: EL SENADO APROB\u00d3 EL MEGA PROYECTO EN GENERAL CON EL DESEMPATE DE VILLARRUEL\"}]},{\"@type\":\"WebSite\",\"@id\":\"https:\/\/apuntesdesanluis.com\/#website\",\"url\":\"https:\/\/apuntesdesanluis.com\/\",\"name\":\"Apuntes de San Luis\",\"description\":\"\",\"publisher\":{\"@id\":\"https:\/\/apuntesdesanluis.com\/#\/schema\/person\/b55151d52296fcce64d1a72538a70b90\"},\"potentialAction\":[{\"@type\":\"SearchAction\",\"target\":{\"@type\":\"EntryPoint\",\"urlTemplate\":\"https:\/\/apuntesdesanluis.com\/?s={search_term_string}\"},\"query-input\":{\"@type\":\"PropertyValueSpecification\",\"valueRequired\":true,\"valueName\":\"search_term_string\"}}],\"inLanguage\":\"es-AR\"},{\"@type\":[\"Person\",\"Organization\"],\"@id\":\"https:\/\/apuntesdesanluis.com\/#\/schema\/person\/b55151d52296fcce64d1a72538a70b90\",\"name\":\"apuntesdesanluis.com\",\"image\":{\"@type\":\"ImageObject\",\"inLanguage\":\"es-AR\",\"@id\":\"https:\/\/apuntesdesanluis.com\/#\/schema\/person\/image\/\",\"url\":\"https:\/\/apuntesdesanluis.com\/wp-content\/uploads\/2023\/07\/cropped-apuntesdesanluis.png\",\"contentUrl\":\"https:\/\/apuntesdesanluis.com\/wp-content\/uploads\/2023\/07\/cropped-apuntesdesanluis.png\",\"width\":450,\"height\":112,\"caption\":\"apuntesdesanluis.com\"},\"logo\":{\"@id\":\"https:\/\/apuntesdesanluis.com\/#\/schema\/person\/image\/\"},\"sameAs\":[\"https:\/\/apuntesdesanluis.com\"],\"url\":\"https:\/\/apuntesdesanluis.com\/index.php\/author\/apuntesdesanluis-com\/\"}]}<\/script>\n<!-- \/ Yoast SEO plugin. -->","yoast_head_json":{"title":"LEY BASES: EL SENADO APROB\u00d3 EL MEGA PROYECTO EN GENERAL CON EL DESEMPATE DE VILLARRUEL - Apuntes de San Luis","robots":{"index":"index","follow":"follow","max-snippet":"max-snippet:-1","max-image-preview":"max-image-preview:large","max-video-preview":"max-video-preview:-1"},"canonical":"https:\/\/apuntesdesanluis.com\/index.php\/2024\/06\/13\/ley-bases-el-senado-aprobo-el-mega-proyecto-en-general-con-el-desempate-de-villarruel\/","og_locale":"es_ES","og_type":"article","og_title":"LEY BASES: EL SENADO APROB\u00d3 EL MEGA PROYECTO EN GENERAL CON EL DESEMPATE DE VILLARRUEL - Apuntes de San Luis","og_description":"El Senado Ley de Bases aprob\u00f3 este mi\u00e9rcoles por la noche la ley de Bases...","og_url":"https:\/\/apuntesdesanluis.com\/index.php\/2024\/06\/13\/ley-bases-el-senado-aprobo-el-mega-proyecto-en-general-con-el-desempate-de-villarruel\/","og_site_name":"Apuntes de San Luis","article_published_time":"2024-06-13T05:04:10+00:00","article_modified_time":"2024-06-13T05:05:22+00:00","og_image":[{"width":956,"height":616,"url":"https:\/\/apuntesdesanluis.com\/wp-content\/uploads\/2024\/06\/villarruel.png","type":"image\/png"}],"author":"apuntesdesanluis.com","twitter_card":"summary_large_image","twitter_misc":{"Escrito por":"apuntesdesanluis.com","Tiempo de lectura":"4 minutos"},"schema":{"@context":"https:\/\/schema.org","@graph":[{"@type":"Article","@id":"https:\/\/apuntesdesanluis.com\/index.php\/2024\/06\/13\/ley-bases-el-senado-aprobo-el-mega-proyecto-en-general-con-el-desempate-de-villarruel\/#article","isPartOf":{"@id":"https:\/\/apuntesdesanluis.com\/index.php\/2024\/06\/13\/ley-bases-el-senado-aprobo-el-mega-proyecto-en-general-con-el-desempate-de-villarruel\/"},"author":{"name":"apuntesdesanluis.com","@id":"https:\/\/apuntesdesanluis.com\/#\/schema\/person\/b55151d52296fcce64d1a72538a70b90"},"headline":"LEY BASES: EL SENADO APROB\u00d3 EL MEGA PROYECTO EN GENERAL CON EL DESEMPATE DE VILLARRUEL","datePublished":"2024-06-13T05:04:10+00:00","dateModified":"2024-06-13T05:05:22+00:00","mainEntityOfPage":{"@id":"https:\/\/apuntesdesanluis.com\/index.php\/2024\/06\/13\/ley-bases-el-senado-aprobo-el-mega-proyecto-en-general-con-el-desempate-de-villarruel\/"},"wordCount":821,"publisher":{"@id":"https:\/\/apuntesdesanluis.com\/#\/schema\/person\/b55151d52296fcce64d1a72538a70b90"},"image":{"@id":"https:\/\/apuntesdesanluis.com\/index.php\/2024\/06\/13\/ley-bases-el-senado-aprobo-el-mega-proyecto-en-general-con-el-desempate-de-villarruel\/#primaryimage"},"thumbnailUrl":"https:\/\/apuntesdesanluis.com\/wp-content\/uploads\/2024\/06\/villarruel.png","articleSection":["Nacionales\/Internacionales"],"inLanguage":"es-AR"},{"@type":"WebPage","@id":"https:\/\/apuntesdesanluis.com\/index.php\/2024\/06\/13\/ley-bases-el-senado-aprobo-el-mega-proyecto-en-general-con-el-desempate-de-villarruel\/","url":"https:\/\/apuntesdesanluis.com\/index.php\/2024\/06\/13\/ley-bases-el-senado-aprobo-el-mega-proyecto-en-general-con-el-desempate-de-villarruel\/","name":"LEY BASES: EL SENADO APROB\u00d3 EL MEGA PROYECTO EN GENERAL CON EL DESEMPATE DE VILLARRUEL - Apuntes de San Luis","isPartOf":{"@id":"https:\/\/apuntesdesanluis.com\/#website"},"primaryImageOfPage":{"@id":"https:\/\/apuntesdesanluis.com\/index.php\/2024\/06\/13\/ley-bases-el-senado-aprobo-el-mega-proyecto-en-general-con-el-desempate-de-villarruel\/#primaryimage"},"image":{"@id":"https:\/\/apuntesdesanluis.com\/index.php\/2024\/06\/13\/ley-bases-el-senado-aprobo-el-mega-proyecto-en-general-con-el-desempate-de-villarruel\/#primaryimage"},"thumbnailUrl":"https:\/\/apuntesdesanluis.com\/wp-content\/uploads\/2024\/06\/villarruel.png","datePublished":"2024-06-13T05:04:10+00:00","dateModified":"2024-06-13T05:05:22+00:00","breadcrumb":{"@id":"https:\/\/apuntesdesanluis.com\/index.php\/2024\/06\/13\/ley-bases-el-senado-aprobo-el-mega-proyecto-en-general-con-el-desempate-de-villarruel\/#breadcrumb"},"inLanguage":"es-AR","potentialAction":[{"@type":"ReadAction","target":["https:\/\/apuntesdesanluis.com\/index.php\/2024\/06\/13\/ley-bases-el-senado-aprobo-el-mega-proyecto-en-general-con-el-desempate-de-villarruel\/"]}]},{"@type":"ImageObject","inLanguage":"es-AR","@id":"https:\/\/apuntesdesanluis.com\/index.php\/2024\/06\/13\/ley-bases-el-senado-aprobo-el-mega-proyecto-en-general-con-el-desempate-de-villarruel\/#primaryimage","url":"https:\/\/apuntesdesanluis.com\/wp-content\/uploads\/2024\/06\/villarruel.png","contentUrl":"https:\/\/apuntesdesanluis.com\/wp-content\/uploads\/2024\/06\/villarruel.png","width":956,"height":616},{"@type":"BreadcrumbList","@id":"https:\/\/apuntesdesanluis.com\/index.php\/2024\/06\/13\/ley-bases-el-senado-aprobo-el-mega-proyecto-en-general-con-el-desempate-de-villarruel\/#breadcrumb","itemListElement":[{"@type":"ListItem","position":1,"name":"Inicio","item":"https:\/\/apuntesdesanluis.com\/"},{"@type":"ListItem","position":2,"name":"LEY BASES: EL SENADO APROB\u00d3 EL MEGA PROYECTO EN GENERAL CON EL DESEMPATE DE VILLARRUEL"}]},{"@type":"WebSite","@id":"https:\/\/apuntesdesanluis.com\/#website","url":"https:\/\/apuntesdesanluis.com\/","name":"Apuntes de San Luis","description":"","publisher":{"@id":"https:\/\/apuntesdesanluis.com\/#\/schema\/person\/b55151d52296fcce64d1a72538a70b90"},"potentialAction":[{"@type":"SearchAction","target":{"@type":"EntryPoint","urlTemplate":"https:\/\/apuntesdesanluis.com\/?s={search_term_string}"},"query-input":{"@type":"PropertyValueSpecification","valueRequired":true,"valueName":"search_term_string"}}],"inLanguage":"es-AR"},{"@type":["Person","Organization"],"@id":"https:\/\/apuntesdesanluis.com\/#\/schema\/person\/b55151d52296fcce64d1a72538a70b90","name":"apuntesdesanluis.com","image":{"@type":"ImageObject","inLanguage":"es-AR","@id":"https:\/\/apuntesdesanluis.com\/#\/schema\/person\/image\/","url":"https:\/\/apuntesdesanluis.com\/wp-content\/uploads\/2023\/07\/cropped-apuntesdesanluis.png","contentUrl":"https:\/\/apuntesdesanluis.com\/wp-content\/uploads\/2023\/07\/cropped-apuntesdesanluis.png","width":450,"height":112,"caption":"apuntesdesanluis.com"},"logo":{"@id":"https:\/\/apuntesdesanluis.com\/#\/schema\/person\/image\/"},"sameAs":["https:\/\/apuntesdesanluis.com"],"url":"https:\/\/apuntesdesanluis.com\/index.php\/author\/apuntesdesanluis-com\/"}]}},"featured_image_urls":{"full":["https:\/\/apuntesdesanluis.com\/wp-content\/uploads\/2024\/06\/villarruel.png",956,616,false],"thumbnail":["https:\/\/apuntesdesanluis.com\/wp-content\/uploads\/2024\/06\/villarruel-150x150.png",150,150,true],"medium":["https:\/\/apuntesdesanluis.com\/wp-content\/uploads\/2024\/06\/villarruel-300x193.png",300,193,true],"medium_large":["https:\/\/apuntesdesanluis.com\/wp-content\/uploads\/2024\/06\/villarruel-768x495.png",640,413,true],"large":["https:\/\/apuntesdesanluis.com\/wp-content\/uploads\/2024\/06\/villarruel.png",640,412,false],"1536x1536":["https:\/\/apuntesdesanluis.com\/wp-content\/uploads\/2024\/06\/villarruel.png",956,616,false],"2048x2048":["https:\/\/apuntesdesanluis.com\/wp-content\/uploads\/2024\/06\/villarruel.png",956,616,false],"newsever-slider-full":["https:\/\/apuntesdesanluis.com\/wp-content\/uploads\/2024\/06\/villarruel.png",956,616,false],"newsever-featured":["https:\/\/apuntesdesanluis.com\/wp-content\/uploads\/2024\/06\/villarruel.png",956,616,false],"newsever-medium":["https:\/\/apuntesdesanluis.com\/wp-content\/uploads\/2024\/06\/villarruel-720x475.png",720,475,true]},"author_info":{"display_name":"apuntesdesanluis.com","author_link":"https:\/\/apuntesdesanluis.com\/index.php\/author\/apuntesdesanluis-com\/"},"category_info":"<a href=\"https:\/\/apuntesdesanluis.com\/index.php\/category\/nacionales-internacionales\/\" rel=\"category tag\">Nacionales\/Internacionales<\/a>","tag_info":"Nacionales\/Internacionales","comment_count":"0","_links":{"self":[{"href":"https:\/\/apuntesdesanluis.com\/index.php\/wp-json\/wp\/v2\/posts\/17854","targetHints":{"allow":["GET"]}}],"collection":[{"href":"https:\/\/apuntesdesanluis.com\/index.php\/wp-json\/wp\/v2\/posts"}],"about":[{"href":"https:\/\/apuntesdesanluis.com\/index.php\/wp-json\/wp\/v2\/types\/post"}],"author":[{"embeddable":true,"href":"https:\/\/apuntesdesanluis.com\/index.php\/wp-json\/wp\/v2\/users\/1"}],"replies":[{"embeddable":true,"href":"https:\/\/apuntesdesanluis.com\/index.php\/wp-json\/wp\/v2\/comments?post=17854"}],"version-history":[{"count":3,"href":"https:\/\/apuntesdesanluis.com\/index.php\/wp-json\/wp\/v2\/posts\/17854\/revisions"}],"predecessor-version":[{"id":17859,"href":"https:\/\/apuntesdesanluis.com\/index.php\/wp-json\/wp\/v2\/posts\/17854\/revisions\/17859"}],"wp:featuredmedia":[{"embeddable":true,"href":"https:\/\/apuntesdesanluis.com\/index.php\/wp-json\/wp\/v2\/media\/17855"}],"wp:attachment":[{"href":"https:\/\/apuntesdesanluis.com\/index.php\/wp-json\/wp\/v2\/media?parent=17854"}],"wp:term":[{"taxonomy":"category","embeddable":true,"href":"https:\/\/apuntesdesanluis.com\/index.php\/wp-json\/wp\/v2\/categories?post=17854"},{"taxonomy":"post_tag","embeddable":true,"href":"https:\/\/apuntesdesanluis.com\/index.php\/wp-json\/wp\/v2\/tags?post=17854"}],"curies":[{"name":"wp","href":"https:\/\/api.w.org\/{rel}","templated":true}]}}