{"id":17863,"date":"2024-06-13T16:17:51","date_gmt":"2024-06-13T19:17:51","guid":{"rendered":"https:\/\/apuntesdesanluis.com\/?p=17863"},"modified":"2024-06-13T16:17:51","modified_gmt":"2024-06-13T19:17:51","slug":"el-senado-aprobo-el-rigi-privatizaciones-y-la-delegacion-de-facultades","status":"publish","type":"post","link":"https:\/\/apuntesdesanluis.com\/index.php\/2024\/06\/13\/el-senado-aprobo-el-rigi-privatizaciones-y-la-delegacion-de-facultades\/","title":{"rendered":"EL SENADO APROB\u00d3 EL RIGI, PRIVATIZACIONES Y LA DELEGACI\u00d3N DE FACULTADES"},"content":{"rendered":"<h3>De esta manera, el oficialismo logr\u00f3 luz verde en los ejes m\u00e1s conflictivos.<\/h3>\n<h3>El Senado de la Naci\u00f3n aprob\u00f3 anoche el R\u00e9gimen de Incentivos para Grandes Inversiones (RIGI), facultades delegadas, impuestos al tabaco y el paquete de privatizaciones, los puntos que mayor conflicto suscitaron en la discusi\u00f3n de la Ley de Bases.<\/h3>\n<h3>El RIGI fue acompa\u00f1ado, inclusive, por tres senadores kirchneristas: Guillermo Andrada (Catamarca), Carolina Mois\u00e9s (Jujuy) y Sandra Mendoza (Mendoza). Por lo tanto, el oficialismo alcanz\u00f3 los 38 votos positivos.<\/h3>\n<h3>De la mayor\u00eda que hab\u00eda consolidado el oficialismo, con 36 voluntades, no acompa\u00f1\u00f3 en este punto el senador Edgardo Kueider (Entre R\u00edos). En este contexto, la minor\u00eda qued\u00f3 con 32 votos negativos.<\/h3>\n<h3>En facultades delegadas, los senadores radicales Mart\u00edn Lousteau y Maximiliano Abad votaron en contra, pero los zigzagueantes santacruce\u00f1os Jos\u00e9 Mar\u00eda Carambia y Natalia Gadano fueron la garant\u00eda para el oficialismo, tras hacerle temblar el quorum ayer, al levantarse de sus asientos.<\/h3>\n<h3>De esta manera, la votaci\u00f3n qued\u00f3 35 a 35 y volvi\u00f3 a desempatar la vicepresidenta y titular del Senado, Victoria Villarruel, como en la votaci\u00f3n en general, ya que Lousteau y Abad quedaron del lado del kirchnerismo que aglomera 33 esca\u00f1os.<\/h3>\n<h3>La misma maniobra replicaron Carambia y Gadano durante la votaci\u00f3n del paquete de empresas a sujetas a privatizar o de privatizaci\u00f3n parcial. En tabaco, el kirchnerismo volvi\u00f3 a aportarle porotos al oficialismo, algo similar ocurri\u00f3 en Diputados.<\/h3>\n<h3>El t\u00edtulo que le impone incrementos en los aranceles al tabaco sali\u00f3 con 33 votos a favor, 10 en contra y 27 abstenciones, varias de ellas motorizadas por el kirchnerismo duro, al igual que los votos negativos.<\/h3>\n<p>&nbsp;<\/p>\n<p>&nbsp;<\/p>\n<p>&nbsp;<\/p>\n<p>&nbsp;<\/p>\n<p>&nbsp;<\/p>\n<p>&nbsp;<\/p>\n","protected":false},"excerpt":{"rendered":"<p>De esta manera, el oficialismo logr\u00f3 luz verde en los ejes m\u00e1s conflictivos. El Senado&#8230;<\/p>\n","protected":false},"author":1,"featured_media":17864,"comment_status":"closed","ping_status":"closed","sticky":false,"template":"","format":"standard","meta":{"footnotes":""},"categories":[5],"tags":[],"class_list":["post-17863","post","type-post","status-publish","format-standard","has-post-thumbnail","hentry","category-nacionales-internacionales"],"yoast_head":"<!-- This site is optimized with the Yoast SEO plugin v26.1.1 - https:\/\/yoast.com\/wordpress\/plugins\/seo\/ -->\n<title>EL SENADO APROB\u00d3 EL RIGI, PRIVATIZACIONES Y LA DELEGACI\u00d3N DE FACULTADES - Apuntes de San Luis<\/title>\n<meta name=\"robots\" content=\"index, follow, max-snippet:-1, max-image-preview:large, max-video-preview:-1\" \/>\n<link rel=\"canonical\" href=\"https:\/\/apuntesdesanluis.com\/index.php\/2024\/06\/13\/el-senado-aprobo-el-rigi-privatizaciones-y-la-delegacion-de-facultades\/\" \/>\n<meta property=\"og:locale\" content=\"es_ES\" \/>\n<meta property=\"og:type\" content=\"article\" \/>\n<meta property=\"og:title\" content=\"EL SENADO APROB\u00d3 EL RIGI, PRIVATIZACIONES Y LA DELEGACI\u00d3N DE FACULTADES - Apuntes de San Luis\" \/>\n<meta property=\"og:description\" content=\"De esta manera, el oficialismo logr\u00f3 luz verde en los ejes m\u00e1s conflictivos. El Senado...\" \/>\n<meta property=\"og:url\" content=\"https:\/\/apuntesdesanluis.com\/index.php\/2024\/06\/13\/el-senado-aprobo-el-rigi-privatizaciones-y-la-delegacion-de-facultades\/\" \/>\n<meta property=\"og:site_name\" content=\"Apuntes de San Luis\" \/>\n<meta property=\"article:published_time\" content=\"2024-06-13T19:17:51+00:00\" \/>\n<meta property=\"og:image\" content=\"https:\/\/apuntesdesanluis.com\/wp-content\/uploads\/2024\/06\/bartolo-abdala.png\" \/>\n\t<meta property=\"og:image:width\" content=\"981\" \/>\n\t<meta property=\"og:image:height\" content=\"616\" \/>\n\t<meta property=\"og:image:type\" content=\"image\/png\" \/>\n<meta name=\"author\" content=\"apuntesdesanluis.com\" \/>\n<meta name=\"twitter:card\" content=\"summary_large_image\" \/>\n<meta name=\"twitter:label1\" content=\"Escrito por\" \/>\n\t<meta name=\"twitter:data1\" content=\"apuntesdesanluis.com\" \/>\n\t<meta name=\"twitter:label2\" content=\"Tiempo de lectura\" \/>\n\t<meta name=\"twitter:data2\" content=\"2 minutos\" \/>\n<script type=\"application\/ld+json\" class=\"yoast-schema-graph\">{\"@context\":\"https:\/\/schema.org\",\"@graph\":[{\"@type\":\"Article\",\"@id\":\"https:\/\/apuntesdesanluis.com\/index.php\/2024\/06\/13\/el-senado-aprobo-el-rigi-privatizaciones-y-la-delegacion-de-facultades\/#article\",\"isPartOf\":{\"@id\":\"https:\/\/apuntesdesanluis.com\/index.php\/2024\/06\/13\/el-senado-aprobo-el-rigi-privatizaciones-y-la-delegacion-de-facultades\/\"},\"author\":{\"name\":\"apuntesdesanluis.com\",\"@id\":\"https:\/\/apuntesdesanluis.com\/#\/schema\/person\/b55151d52296fcce64d1a72538a70b90\"},\"headline\":\"EL SENADO APROB\u00d3 EL RIGI, PRIVATIZACIONES Y LA DELEGACI\u00d3N DE FACULTADES\",\"datePublished\":\"2024-06-13T19:17:51+00:00\",\"mainEntityOfPage\":{\"@id\":\"https:\/\/apuntesdesanluis.com\/index.php\/2024\/06\/13\/el-senado-aprobo-el-rigi-privatizaciones-y-la-delegacion-de-facultades\/\"},\"wordCount\":298,\"publisher\":{\"@id\":\"https:\/\/apuntesdesanluis.com\/#\/schema\/person\/b55151d52296fcce64d1a72538a70b90\"},\"image\":{\"@id\":\"https:\/\/apuntesdesanluis.com\/index.php\/2024\/06\/13\/el-senado-aprobo-el-rigi-privatizaciones-y-la-delegacion-de-facultades\/#primaryimage\"},\"thumbnailUrl\":\"https:\/\/apuntesdesanluis.com\/wp-content\/uploads\/2024\/06\/bartolo-abdala.png\",\"articleSection\":[\"Nacionales\/Internacionales\"],\"inLanguage\":\"es-AR\"},{\"@type\":\"WebPage\",\"@id\":\"https:\/\/apuntesdesanluis.com\/index.php\/2024\/06\/13\/el-senado-aprobo-el-rigi-privatizaciones-y-la-delegacion-de-facultades\/\",\"url\":\"https:\/\/apuntesdesanluis.com\/index.php\/2024\/06\/13\/el-senado-aprobo-el-rigi-privatizaciones-y-la-delegacion-de-facultades\/\",\"name\":\"EL SENADO APROB\u00d3 EL RIGI, PRIVATIZACIONES Y LA DELEGACI\u00d3N DE FACULTADES - Apuntes de San Luis\",\"isPartOf\":{\"@id\":\"https:\/\/apuntesdesanluis.com\/#website\"},\"primaryImageOfPage\":{\"@id\":\"https:\/\/apuntesdesanluis.com\/index.php\/2024\/06\/13\/el-senado-aprobo-el-rigi-privatizaciones-y-la-delegacion-de-facultades\/#primaryimage\"},\"image\":{\"@id\":\"https:\/\/apuntesdesanluis.com\/index.php\/2024\/06\/13\/el-senado-aprobo-el-rigi-privatizaciones-y-la-delegacion-de-facultades\/#primaryimage\"},\"thumbnailUrl\":\"https:\/\/apuntesdesanluis.com\/wp-content\/uploads\/2024\/06\/bartolo-abdala.png\",\"datePublished\":\"2024-06-13T19:17:51+00:00\",\"breadcrumb\":{\"@id\":\"https:\/\/apuntesdesanluis.com\/index.php\/2024\/06\/13\/el-senado-aprobo-el-rigi-privatizaciones-y-la-delegacion-de-facultades\/#breadcrumb\"},\"inLanguage\":\"es-AR\",\"potentialAction\":[{\"@type\":\"ReadAction\",\"target\":[\"https:\/\/apuntesdesanluis.com\/index.php\/2024\/06\/13\/el-senado-aprobo-el-rigi-privatizaciones-y-la-delegacion-de-facultades\/\"]}]},{\"@type\":\"ImageObject\",\"inLanguage\":\"es-AR\",\"@id\":\"https:\/\/apuntesdesanluis.com\/index.php\/2024\/06\/13\/el-senado-aprobo-el-rigi-privatizaciones-y-la-delegacion-de-facultades\/#primaryimage\",\"url\":\"https:\/\/apuntesdesanluis.com\/wp-content\/uploads\/2024\/06\/bartolo-abdala.png\",\"contentUrl\":\"https:\/\/apuntesdesanluis.com\/wp-content\/uploads\/2024\/06\/bartolo-abdala.png\",\"width\":981,\"height\":616},{\"@type\":\"BreadcrumbList\",\"@id\":\"https:\/\/apuntesdesanluis.com\/index.php\/2024\/06\/13\/el-senado-aprobo-el-rigi-privatizaciones-y-la-delegacion-de-facultades\/#breadcrumb\",\"itemListElement\":[{\"@type\":\"ListItem\",\"position\":1,\"name\":\"Inicio\",\"item\":\"https:\/\/apuntesdesanluis.com\/\"},{\"@type\":\"ListItem\",\"position\":2,\"name\":\"EL SENADO APROB\u00d3 EL RIGI, PRIVATIZACIONES Y LA DELEGACI\u00d3N DE FACULTADES\"}]},{\"@type\":\"WebSite\",\"@id\":\"https:\/\/apuntesdesanluis.com\/#website\",\"url\":\"https:\/\/apuntesdesanluis.com\/\",\"name\":\"Apuntes de San Luis\",\"description\":\"\",\"publisher\":{\"@id\":\"https:\/\/apuntesdesanluis.com\/#\/schema\/person\/b55151d52296fcce64d1a72538a70b90\"},\"potentialAction\":[{\"@type\":\"SearchAction\",\"target\":{\"@type\":\"EntryPoint\",\"urlTemplate\":\"https:\/\/apuntesdesanluis.com\/?s={search_term_string}\"},\"query-input\":{\"@type\":\"PropertyValueSpecification\",\"valueRequired\":true,\"valueName\":\"search_term_string\"}}],\"inLanguage\":\"es-AR\"},{\"@type\":[\"Person\",\"Organization\"],\"@id\":\"https:\/\/apuntesdesanluis.com\/#\/schema\/person\/b55151d52296fcce64d1a72538a70b90\",\"name\":\"apuntesdesanluis.com\",\"image\":{\"@type\":\"ImageObject\",\"inLanguage\":\"es-AR\",\"@id\":\"https:\/\/apuntesdesanluis.com\/#\/schema\/person\/image\/\",\"url\":\"https:\/\/apuntesdesanluis.com\/wp-content\/uploads\/2023\/07\/cropped-apuntesdesanluis.png\",\"contentUrl\":\"https:\/\/apuntesdesanluis.com\/wp-content\/uploads\/2023\/07\/cropped-apuntesdesanluis.png\",\"width\":450,\"height\":112,\"caption\":\"apuntesdesanluis.com\"},\"logo\":{\"@id\":\"https:\/\/apuntesdesanluis.com\/#\/schema\/person\/image\/\"},\"sameAs\":[\"https:\/\/apuntesdesanluis.com\"],\"url\":\"https:\/\/apuntesdesanluis.com\/index.php\/author\/apuntesdesanluis-com\/\"}]}<\/script>\n<!-- \/ Yoast SEO plugin. -->","yoast_head_json":{"title":"EL SENADO APROB\u00d3 EL RIGI, PRIVATIZACIONES Y LA DELEGACI\u00d3N DE FACULTADES - Apuntes de San Luis","robots":{"index":"index","follow":"follow","max-snippet":"max-snippet:-1","max-image-preview":"max-image-preview:large","max-video-preview":"max-video-preview:-1"},"canonical":"https:\/\/apuntesdesanluis.com\/index.php\/2024\/06\/13\/el-senado-aprobo-el-rigi-privatizaciones-y-la-delegacion-de-facultades\/","og_locale":"es_ES","og_type":"article","og_title":"EL SENADO APROB\u00d3 EL RIGI, PRIVATIZACIONES Y LA DELEGACI\u00d3N DE FACULTADES - Apuntes de San Luis","og_description":"De esta manera, el oficialismo logr\u00f3 luz verde en los ejes m\u00e1s conflictivos. El Senado...","og_url":"https:\/\/apuntesdesanluis.com\/index.php\/2024\/06\/13\/el-senado-aprobo-el-rigi-privatizaciones-y-la-delegacion-de-facultades\/","og_site_name":"Apuntes de San Luis","article_published_time":"2024-06-13T19:17:51+00:00","og_image":[{"width":981,"height":616,"url":"https:\/\/apuntesdesanluis.com\/wp-content\/uploads\/2024\/06\/bartolo-abdala.png","type":"image\/png"}],"author":"apuntesdesanluis.com","twitter_card":"summary_large_image","twitter_misc":{"Escrito por":"apuntesdesanluis.com","Tiempo de lectura":"2 minutos"},"schema":{"@context":"https:\/\/schema.org","@graph":[{"@type":"Article","@id":"https:\/\/apuntesdesanluis.com\/index.php\/2024\/06\/13\/el-senado-aprobo-el-rigi-privatizaciones-y-la-delegacion-de-facultades\/#article","isPartOf":{"@id":"https:\/\/apuntesdesanluis.com\/index.php\/2024\/06\/13\/el-senado-aprobo-el-rigi-privatizaciones-y-la-delegacion-de-facultades\/"},"author":{"name":"apuntesdesanluis.com","@id":"https:\/\/apuntesdesanluis.com\/#\/schema\/person\/b55151d52296fcce64d1a72538a70b90"},"headline":"EL SENADO APROB\u00d3 EL RIGI, PRIVATIZACIONES Y LA DELEGACI\u00d3N DE FACULTADES","datePublished":"2024-06-13T19:17:51+00:00","mainEntityOfPage":{"@id":"https:\/\/apuntesdesanluis.com\/index.php\/2024\/06\/13\/el-senado-aprobo-el-rigi-privatizaciones-y-la-delegacion-de-facultades\/"},"wordCount":298,"publisher":{"@id":"https:\/\/apuntesdesanluis.com\/#\/schema\/person\/b55151d52296fcce64d1a72538a70b90"},"image":{"@id":"https:\/\/apuntesdesanluis.com\/index.php\/2024\/06\/13\/el-senado-aprobo-el-rigi-privatizaciones-y-la-delegacion-de-facultades\/#primaryimage"},"thumbnailUrl":"https:\/\/apuntesdesanluis.com\/wp-content\/uploads\/2024\/06\/bartolo-abdala.png","articleSection":["Nacionales\/Internacionales"],"inLanguage":"es-AR"},{"@type":"WebPage","@id":"https:\/\/apuntesdesanluis.com\/index.php\/2024\/06\/13\/el-senado-aprobo-el-rigi-privatizaciones-y-la-delegacion-de-facultades\/","url":"https:\/\/apuntesdesanluis.com\/index.php\/2024\/06\/13\/el-senado-aprobo-el-rigi-privatizaciones-y-la-delegacion-de-facultades\/","name":"EL SENADO APROB\u00d3 EL RIGI, PRIVATIZACIONES Y LA DELEGACI\u00d3N DE FACULTADES - Apuntes de San Luis","isPartOf":{"@id":"https:\/\/apuntesdesanluis.com\/#website"},"primaryImageOfPage":{"@id":"https:\/\/apuntesdesanluis.com\/index.php\/2024\/06\/13\/el-senado-aprobo-el-rigi-privatizaciones-y-la-delegacion-de-facultades\/#primaryimage"},"image":{"@id":"https:\/\/apuntesdesanluis.com\/index.php\/2024\/06\/13\/el-senado-aprobo-el-rigi-privatizaciones-y-la-delegacion-de-facultades\/#primaryimage"},"thumbnailUrl":"https:\/\/apuntesdesanluis.com\/wp-content\/uploads\/2024\/06\/bartolo-abdala.png","datePublished":"2024-06-13T19:17:51+00:00","breadcrumb":{"@id":"https:\/\/apuntesdesanluis.com\/index.php\/2024\/06\/13\/el-senado-aprobo-el-rigi-privatizaciones-y-la-delegacion-de-facultades\/#breadcrumb"},"inLanguage":"es-AR","potentialAction":[{"@type":"ReadAction","target":["https:\/\/apuntesdesanluis.com\/index.php\/2024\/06\/13\/el-senado-aprobo-el-rigi-privatizaciones-y-la-delegacion-de-facultades\/"]}]},{"@type":"ImageObject","inLanguage":"es-AR","@id":"https:\/\/apuntesdesanluis.com\/index.php\/2024\/06\/13\/el-senado-aprobo-el-rigi-privatizaciones-y-la-delegacion-de-facultades\/#primaryimage","url":"https:\/\/apuntesdesanluis.com\/wp-content\/uploads\/2024\/06\/bartolo-abdala.png","contentUrl":"https:\/\/apuntesdesanluis.com\/wp-content\/uploads\/2024\/06\/bartolo-abdala.png","width":981,"height":616},{"@type":"BreadcrumbList","@id":"https:\/\/apuntesdesanluis.com\/index.php\/2024\/06\/13\/el-senado-aprobo-el-rigi-privatizaciones-y-la-delegacion-de-facultades\/#breadcrumb","itemListElement":[{"@type":"ListItem","position":1,"name":"Inicio","item":"https:\/\/apuntesdesanluis.com\/"},{"@type":"ListItem","position":2,"name":"EL SENADO APROB\u00d3 EL RIGI, PRIVATIZACIONES Y LA DELEGACI\u00d3N DE FACULTADES"}]},{"@type":"WebSite","@id":"https:\/\/apuntesdesanluis.com\/#website","url":"https:\/\/apuntesdesanluis.com\/","name":"Apuntes de San Luis","description":"","publisher":{"@id":"https:\/\/apuntesdesanluis.com\/#\/schema\/person\/b55151d52296fcce64d1a72538a70b90"},"potentialAction":[{"@type":"SearchAction","target":{"@type":"EntryPoint","urlTemplate":"https:\/\/apuntesdesanluis.com\/?s={search_term_string}"},"query-input":{"@type":"PropertyValueSpecification","valueRequired":true,"valueName":"search_term_string"}}],"inLanguage":"es-AR"},{"@type":["Person","Organization"],"@id":"https:\/\/apuntesdesanluis.com\/#\/schema\/person\/b55151d52296fcce64d1a72538a70b90","name":"apuntesdesanluis.com","image":{"@type":"ImageObject","inLanguage":"es-AR","@id":"https:\/\/apuntesdesanluis.com\/#\/schema\/person\/image\/","url":"https:\/\/apuntesdesanluis.com\/wp-content\/uploads\/2023\/07\/cropped-apuntesdesanluis.png","contentUrl":"https:\/\/apuntesdesanluis.com\/wp-content\/uploads\/2023\/07\/cropped-apuntesdesanluis.png","width":450,"height":112,"caption":"apuntesdesanluis.com"},"logo":{"@id":"https:\/\/apuntesdesanluis.com\/#\/schema\/person\/image\/"},"sameAs":["https:\/\/apuntesdesanluis.com"],"url":"https:\/\/apuntesdesanluis.com\/index.php\/author\/apuntesdesanluis-com\/"}]}},"featured_image_urls":{"full":["https:\/\/apuntesdesanluis.com\/wp-content\/uploads\/2024\/06\/bartolo-abdala.png",981,616,false],"thumbnail":["https:\/\/apuntesdesanluis.com\/wp-content\/uploads\/2024\/06\/bartolo-abdala-150x150.png",150,150,true],"medium":["https:\/\/apuntesdesanluis.com\/wp-content\/uploads\/2024\/06\/bartolo-abdala-300x188.png",300,188,true],"medium_large":["https:\/\/apuntesdesanluis.com\/wp-content\/uploads\/2024\/06\/bartolo-abdala-768x482.png",640,402,true],"large":["https:\/\/apuntesdesanluis.com\/wp-content\/uploads\/2024\/06\/bartolo-abdala.png",640,402,false],"1536x1536":["https:\/\/apuntesdesanluis.com\/wp-content\/uploads\/2024\/06\/bartolo-abdala.png",981,616,false],"2048x2048":["https:\/\/apuntesdesanluis.com\/wp-content\/uploads\/2024\/06\/bartolo-abdala.png",981,616,false],"newsever-slider-full":["https:\/\/apuntesdesanluis.com\/wp-content\/uploads\/2024\/06\/bartolo-abdala.png",981,616,false],"newsever-featured":["https:\/\/apuntesdesanluis.com\/wp-content\/uploads\/2024\/06\/bartolo-abdala.png",981,616,false],"newsever-medium":["https:\/\/apuntesdesanluis.com\/wp-content\/uploads\/2024\/06\/bartolo-abdala-720x475.png",720,475,true]},"author_info":{"display_name":"apuntesdesanluis.com","author_link":"https:\/\/apuntesdesanluis.com\/index.php\/author\/apuntesdesanluis-com\/"},"category_info":"<a href=\"https:\/\/apuntesdesanluis.com\/index.php\/category\/nacionales-internacionales\/\" rel=\"category tag\">Nacionales\/Internacionales<\/a>","tag_info":"Nacionales\/Internacionales","comment_count":"0","_links":{"self":[{"href":"https:\/\/apuntesdesanluis.com\/index.php\/wp-json\/wp\/v2\/posts\/17863","targetHints":{"allow":["GET"]}}],"collection":[{"href":"https:\/\/apuntesdesanluis.com\/index.php\/wp-json\/wp\/v2\/posts"}],"about":[{"href":"https:\/\/apuntesdesanluis.com\/index.php\/wp-json\/wp\/v2\/types\/post"}],"author":[{"embeddable":true,"href":"https:\/\/apuntesdesanluis.com\/index.php\/wp-json\/wp\/v2\/users\/1"}],"replies":[{"embeddable":true,"href":"https:\/\/apuntesdesanluis.com\/index.php\/wp-json\/wp\/v2\/comments?post=17863"}],"version-history":[{"count":1,"href":"https:\/\/apuntesdesanluis.com\/index.php\/wp-json\/wp\/v2\/posts\/17863\/revisions"}],"predecessor-version":[{"id":17865,"href":"https:\/\/apuntesdesanluis.com\/index.php\/wp-json\/wp\/v2\/posts\/17863\/revisions\/17865"}],"wp:featuredmedia":[{"embeddable":true,"href":"https:\/\/apuntesdesanluis.com\/index.php\/wp-json\/wp\/v2\/media\/17864"}],"wp:attachment":[{"href":"https:\/\/apuntesdesanluis.com\/index.php\/wp-json\/wp\/v2\/media?parent=17863"}],"wp:term":[{"taxonomy":"category","embeddable":true,"href":"https:\/\/apuntesdesanluis.com\/index.php\/wp-json\/wp\/v2\/categories?post=17863"},{"taxonomy":"post_tag","embeddable":true,"href":"https:\/\/apuntesdesanluis.com\/index.php\/wp-json\/wp\/v2\/tags?post=17863"}],"curies":[{"name":"wp","href":"https:\/\/api.w.org\/{rel}","templated":true}]}}