{"id":17866,"date":"2024-06-13T16:36:33","date_gmt":"2024-06-13T19:36:33","guid":{"rendered":"https:\/\/apuntesdesanluis.com\/?p=17866"},"modified":"2024-06-13T16:36:33","modified_gmt":"2024-06-13T19:36:33","slug":"la-justicia-ordeno-el-desalojo-de-los-intrusos-del-campo-recuperado-el-cabure","status":"publish","type":"post","link":"https:\/\/apuntesdesanluis.com\/index.php\/2024\/06\/13\/la-justicia-ordeno-el-desalojo-de-los-intrusos-del-campo-recuperado-el-cabure\/","title":{"rendered":"LA JUSTICIA ORDEN\u00d3 EL DESALOJO DE LOS INTRUSOS DEL CAMPO RECUPERADO \u2018EL CABUR\u00c9\u2019"},"content":{"rendered":"<h3>Por orden del agente fiscal, <strong>Jos\u00e9 Olgu\u00edn<\/strong>, de Villa Mercedes, hoy fue desalojado un grupo de intrusos que ilegalmente hab\u00edan ocupado el campo conocido como <strong>\u2018El Cabur\u00e9\u2019<\/strong>, que recientemente fue recuperado por el Gobierno de la Provincia.<\/h3>\n<h3>A ra\u00edz de una denuncia interpuesta desde la secretar\u00eda de \u00c9tica P\u00fablica y Control de Gesti\u00f3n, el abogado <strong>Dar\u00edo Oviedo<\/strong>, director de Legalidad, llev\u00f3 adelante las gestiones que culminaron con la orden del fiscal Olgu\u00edn, quien dispuso que la polic\u00eda de Buena Esperanza notificara a los ilegales moradores que deb\u00edan retirarse del campo de dos mil hect\u00e1reas, propiedad del Estado provincial.<\/h3>\n<h3>Los ocupantes acataron la orden judicial y se retiraron del lugar. La Polic\u00eda adopt\u00f3 medidas de seguridad en protecci\u00f3n del patrimonio de la Provincia. Oviedo tambi\u00e9n radic\u00f3 una denuncia contra un supuesto productor agropecuario que pretende apropiarse de las dos mil hect\u00e1reas ubicadas en el sur provincial.<\/h3>\n<p><img fetchpriority=\"high\" decoding=\"async\" class=\"wp-image-17868 aligncenter\" src=\"https:\/\/apuntesdesanluis.com\/wp-content\/uploads\/2024\/06\/puesto-policial-300x181.png\" alt=\"\" width=\"635\" height=\"383\" srcset=\"https:\/\/apuntesdesanluis.com\/wp-content\/uploads\/2024\/06\/puesto-policial-300x181.png 300w, https:\/\/apuntesdesanluis.com\/wp-content\/uploads\/2024\/06\/puesto-policial.png 600w\" sizes=\"(max-width: 635px) 100vw, 635px\" \/><\/p>\n<h3>Por su parte, <strong>Ricardo Bazla<\/strong>, titular de \u00c9tica P\u00fablica y Control de Gesti\u00f3n, dijo que \u201cla medida ordenada por el fiscal Jos\u00e9 Olgu\u00edn reafirma los derechos del Gobierno de ejercer la posesi\u00f3n de un campo propiedad de la Provincia y deja atr\u00e1s a los aprovechados del Estado que ilegalmente pretenden enriquecerse con dineros que nos pertenecen a todos los sanluise\u00f1os\u201d.<\/h3>\n<h3>\u201cEl doctor Olgu\u00edn advirti\u00f3 que quien pretenda ingresar de manera ilegal a la propiedad del Gobierno ser\u00e1 detenido y sometido al proceso judicial de usurpaci\u00f3n\u201d, asegur\u00f3 Bazla.<\/h3>\n<p>&nbsp;<\/p>\n<p>&nbsp;<\/p>\n<p>&nbsp;<\/p>\n<h3><\/h3>\n<p>&nbsp;<\/p>\n<p>&nbsp;<\/p>\n","protected":false},"excerpt":{"rendered":"<p>Por orden del agente fiscal, Jos\u00e9 Olgu\u00edn, de Villa Mercedes, hoy fue desalojado un grupo&#8230;<\/p>\n","protected":false},"author":1,"featured_media":17867,"comment_status":"closed","ping_status":"closed","sticky":false,"template":"","format":"standard","meta":{"footnotes":""},"categories":[6],"tags":[],"class_list":["post-17866","post","type-post","status-publish","format-standard","has-post-thumbnail","hentry","category-ciudad-provincia"],"yoast_head":"<!-- This site is optimized with the Yoast SEO plugin v26.1.1 - https:\/\/yoast.com\/wordpress\/plugins\/seo\/ -->\n<title>LA JUSTICIA ORDEN\u00d3 EL DESALOJO DE LOS INTRUSOS DEL CAMPO RECUPERADO \u2018EL CABUR\u00c9\u2019 - Apuntes de San Luis<\/title>\n<meta name=\"robots\" content=\"index, follow, max-snippet:-1, max-image-preview:large, max-video-preview:-1\" \/>\n<link rel=\"canonical\" href=\"https:\/\/apuntesdesanluis.com\/index.php\/2024\/06\/13\/la-justicia-ordeno-el-desalojo-de-los-intrusos-del-campo-recuperado-el-cabure\/\" \/>\n<meta property=\"og:locale\" content=\"es_ES\" \/>\n<meta property=\"og:type\" content=\"article\" \/>\n<meta property=\"og:title\" content=\"LA JUSTICIA ORDEN\u00d3 EL DESALOJO DE LOS INTRUSOS DEL CAMPO RECUPERADO \u2018EL CABUR\u00c9\u2019 - Apuntes de San Luis\" \/>\n<meta property=\"og:description\" content=\"Por orden del agente fiscal, Jos\u00e9 Olgu\u00edn, de Villa Mercedes, hoy fue desalojado un grupo...\" \/>\n<meta property=\"og:url\" content=\"https:\/\/apuntesdesanluis.com\/index.php\/2024\/06\/13\/la-justicia-ordeno-el-desalojo-de-los-intrusos-del-campo-recuperado-el-cabure\/\" \/>\n<meta property=\"og:site_name\" content=\"Apuntes de San Luis\" \/>\n<meta property=\"article:published_time\" content=\"2024-06-13T19:36:33+00:00\" \/>\n<meta property=\"og:image\" content=\"https:\/\/apuntesdesanluis.com\/wp-content\/uploads\/2024\/06\/cabure.png\" \/>\n\t<meta property=\"og:image:width\" content=\"780\" \/>\n\t<meta property=\"og:image:height\" content=\"440\" \/>\n\t<meta property=\"og:image:type\" content=\"image\/png\" \/>\n<meta name=\"author\" content=\"apuntesdesanluis.com\" \/>\n<meta name=\"twitter:card\" content=\"summary_large_image\" \/>\n<meta name=\"twitter:label1\" content=\"Escrito por\" \/>\n\t<meta name=\"twitter:data1\" content=\"apuntesdesanluis.com\" \/>\n\t<meta name=\"twitter:label2\" content=\"Tiempo de lectura\" \/>\n\t<meta name=\"twitter:data2\" content=\"2 minutos\" \/>\n<script type=\"application\/ld+json\" class=\"yoast-schema-graph\">{\"@context\":\"https:\/\/schema.org\",\"@graph\":[{\"@type\":\"Article\",\"@id\":\"https:\/\/apuntesdesanluis.com\/index.php\/2024\/06\/13\/la-justicia-ordeno-el-desalojo-de-los-intrusos-del-campo-recuperado-el-cabure\/#article\",\"isPartOf\":{\"@id\":\"https:\/\/apuntesdesanluis.com\/index.php\/2024\/06\/13\/la-justicia-ordeno-el-desalojo-de-los-intrusos-del-campo-recuperado-el-cabure\/\"},\"author\":{\"name\":\"apuntesdesanluis.com\",\"@id\":\"https:\/\/apuntesdesanluis.com\/#\/schema\/person\/b55151d52296fcce64d1a72538a70b90\"},\"headline\":\"LA JUSTICIA ORDEN\u00d3 EL DESALOJO DE LOS INTRUSOS DEL CAMPO RECUPERADO \u2018EL CABUR\u00c9\u2019\",\"datePublished\":\"2024-06-13T19:36:33+00:00\",\"mainEntityOfPage\":{\"@id\":\"https:\/\/apuntesdesanluis.com\/index.php\/2024\/06\/13\/la-justicia-ordeno-el-desalojo-de-los-intrusos-del-campo-recuperado-el-cabure\/\"},\"wordCount\":273,\"publisher\":{\"@id\":\"https:\/\/apuntesdesanluis.com\/#\/schema\/person\/b55151d52296fcce64d1a72538a70b90\"},\"image\":{\"@id\":\"https:\/\/apuntesdesanluis.com\/index.php\/2024\/06\/13\/la-justicia-ordeno-el-desalojo-de-los-intrusos-del-campo-recuperado-el-cabure\/#primaryimage\"},\"thumbnailUrl\":\"https:\/\/apuntesdesanluis.com\/wp-content\/uploads\/2024\/06\/cabure.png\",\"articleSection\":[\"Ciudad\/Provincia\"],\"inLanguage\":\"es-AR\"},{\"@type\":\"WebPage\",\"@id\":\"https:\/\/apuntesdesanluis.com\/index.php\/2024\/06\/13\/la-justicia-ordeno-el-desalojo-de-los-intrusos-del-campo-recuperado-el-cabure\/\",\"url\":\"https:\/\/apuntesdesanluis.com\/index.php\/2024\/06\/13\/la-justicia-ordeno-el-desalojo-de-los-intrusos-del-campo-recuperado-el-cabure\/\",\"name\":\"LA JUSTICIA ORDEN\u00d3 EL DESALOJO DE LOS INTRUSOS DEL CAMPO RECUPERADO \u2018EL CABUR\u00c9\u2019 - Apuntes de San Luis\",\"isPartOf\":{\"@id\":\"https:\/\/apuntesdesanluis.com\/#website\"},\"primaryImageOfPage\":{\"@id\":\"https:\/\/apuntesdesanluis.com\/index.php\/2024\/06\/13\/la-justicia-ordeno-el-desalojo-de-los-intrusos-del-campo-recuperado-el-cabure\/#primaryimage\"},\"image\":{\"@id\":\"https:\/\/apuntesdesanluis.com\/index.php\/2024\/06\/13\/la-justicia-ordeno-el-desalojo-de-los-intrusos-del-campo-recuperado-el-cabure\/#primaryimage\"},\"thumbnailUrl\":\"https:\/\/apuntesdesanluis.com\/wp-content\/uploads\/2024\/06\/cabure.png\",\"datePublished\":\"2024-06-13T19:36:33+00:00\",\"breadcrumb\":{\"@id\":\"https:\/\/apuntesdesanluis.com\/index.php\/2024\/06\/13\/la-justicia-ordeno-el-desalojo-de-los-intrusos-del-campo-recuperado-el-cabure\/#breadcrumb\"},\"inLanguage\":\"es-AR\",\"potentialAction\":[{\"@type\":\"ReadAction\",\"target\":[\"https:\/\/apuntesdesanluis.com\/index.php\/2024\/06\/13\/la-justicia-ordeno-el-desalojo-de-los-intrusos-del-campo-recuperado-el-cabure\/\"]}]},{\"@type\":\"ImageObject\",\"inLanguage\":\"es-AR\",\"@id\":\"https:\/\/apuntesdesanluis.com\/index.php\/2024\/06\/13\/la-justicia-ordeno-el-desalojo-de-los-intrusos-del-campo-recuperado-el-cabure\/#primaryimage\",\"url\":\"https:\/\/apuntesdesanluis.com\/wp-content\/uploads\/2024\/06\/cabure.png\",\"contentUrl\":\"https:\/\/apuntesdesanluis.com\/wp-content\/uploads\/2024\/06\/cabure.png\",\"width\":780,\"height\":440},{\"@type\":\"BreadcrumbList\",\"@id\":\"https:\/\/apuntesdesanluis.com\/index.php\/2024\/06\/13\/la-justicia-ordeno-el-desalojo-de-los-intrusos-del-campo-recuperado-el-cabure\/#breadcrumb\",\"itemListElement\":[{\"@type\":\"ListItem\",\"position\":1,\"name\":\"Inicio\",\"item\":\"https:\/\/apuntesdesanluis.com\/\"},{\"@type\":\"ListItem\",\"position\":2,\"name\":\"LA JUSTICIA ORDEN\u00d3 EL DESALOJO DE LOS INTRUSOS DEL CAMPO RECUPERADO \u2018EL CABUR\u00c9\u2019\"}]},{\"@type\":\"WebSite\",\"@id\":\"https:\/\/apuntesdesanluis.com\/#website\",\"url\":\"https:\/\/apuntesdesanluis.com\/\",\"name\":\"Apuntes de San Luis\",\"description\":\"\",\"publisher\":{\"@id\":\"https:\/\/apuntesdesanluis.com\/#\/schema\/person\/b55151d52296fcce64d1a72538a70b90\"},\"potentialAction\":[{\"@type\":\"SearchAction\",\"target\":{\"@type\":\"EntryPoint\",\"urlTemplate\":\"https:\/\/apuntesdesanluis.com\/?s={search_term_string}\"},\"query-input\":{\"@type\":\"PropertyValueSpecification\",\"valueRequired\":true,\"valueName\":\"search_term_string\"}}],\"inLanguage\":\"es-AR\"},{\"@type\":[\"Person\",\"Organization\"],\"@id\":\"https:\/\/apuntesdesanluis.com\/#\/schema\/person\/b55151d52296fcce64d1a72538a70b90\",\"name\":\"apuntesdesanluis.com\",\"image\":{\"@type\":\"ImageObject\",\"inLanguage\":\"es-AR\",\"@id\":\"https:\/\/apuntesdesanluis.com\/#\/schema\/person\/image\/\",\"url\":\"https:\/\/apuntesdesanluis.com\/wp-content\/uploads\/2023\/07\/cropped-apuntesdesanluis.png\",\"contentUrl\":\"https:\/\/apuntesdesanluis.com\/wp-content\/uploads\/2023\/07\/cropped-apuntesdesanluis.png\",\"width\":450,\"height\":112,\"caption\":\"apuntesdesanluis.com\"},\"logo\":{\"@id\":\"https:\/\/apuntesdesanluis.com\/#\/schema\/person\/image\/\"},\"sameAs\":[\"https:\/\/apuntesdesanluis.com\"],\"url\":\"https:\/\/apuntesdesanluis.com\/index.php\/author\/apuntesdesanluis-com\/\"}]}<\/script>\n<!-- \/ Yoast SEO plugin. -->","yoast_head_json":{"title":"LA JUSTICIA ORDEN\u00d3 EL DESALOJO DE LOS INTRUSOS DEL CAMPO RECUPERADO \u2018EL CABUR\u00c9\u2019 - Apuntes de San Luis","robots":{"index":"index","follow":"follow","max-snippet":"max-snippet:-1","max-image-preview":"max-image-preview:large","max-video-preview":"max-video-preview:-1"},"canonical":"https:\/\/apuntesdesanluis.com\/index.php\/2024\/06\/13\/la-justicia-ordeno-el-desalojo-de-los-intrusos-del-campo-recuperado-el-cabure\/","og_locale":"es_ES","og_type":"article","og_title":"LA JUSTICIA ORDEN\u00d3 EL DESALOJO DE LOS INTRUSOS DEL CAMPO RECUPERADO \u2018EL CABUR\u00c9\u2019 - Apuntes de San Luis","og_description":"Por orden del agente fiscal, Jos\u00e9 Olgu\u00edn, de Villa Mercedes, hoy fue desalojado un grupo...","og_url":"https:\/\/apuntesdesanluis.com\/index.php\/2024\/06\/13\/la-justicia-ordeno-el-desalojo-de-los-intrusos-del-campo-recuperado-el-cabure\/","og_site_name":"Apuntes de San Luis","article_published_time":"2024-06-13T19:36:33+00:00","og_image":[{"width":780,"height":440,"url":"https:\/\/apuntesdesanluis.com\/wp-content\/uploads\/2024\/06\/cabure.png","type":"image\/png"}],"author":"apuntesdesanluis.com","twitter_card":"summary_large_image","twitter_misc":{"Escrito por":"apuntesdesanluis.com","Tiempo de lectura":"2 minutos"},"schema":{"@context":"https:\/\/schema.org","@graph":[{"@type":"Article","@id":"https:\/\/apuntesdesanluis.com\/index.php\/2024\/06\/13\/la-justicia-ordeno-el-desalojo-de-los-intrusos-del-campo-recuperado-el-cabure\/#article","isPartOf":{"@id":"https:\/\/apuntesdesanluis.com\/index.php\/2024\/06\/13\/la-justicia-ordeno-el-desalojo-de-los-intrusos-del-campo-recuperado-el-cabure\/"},"author":{"name":"apuntesdesanluis.com","@id":"https:\/\/apuntesdesanluis.com\/#\/schema\/person\/b55151d52296fcce64d1a72538a70b90"},"headline":"LA JUSTICIA ORDEN\u00d3 EL DESALOJO DE LOS INTRUSOS DEL CAMPO RECUPERADO \u2018EL CABUR\u00c9\u2019","datePublished":"2024-06-13T19:36:33+00:00","mainEntityOfPage":{"@id":"https:\/\/apuntesdesanluis.com\/index.php\/2024\/06\/13\/la-justicia-ordeno-el-desalojo-de-los-intrusos-del-campo-recuperado-el-cabure\/"},"wordCount":273,"publisher":{"@id":"https:\/\/apuntesdesanluis.com\/#\/schema\/person\/b55151d52296fcce64d1a72538a70b90"},"image":{"@id":"https:\/\/apuntesdesanluis.com\/index.php\/2024\/06\/13\/la-justicia-ordeno-el-desalojo-de-los-intrusos-del-campo-recuperado-el-cabure\/#primaryimage"},"thumbnailUrl":"https:\/\/apuntesdesanluis.com\/wp-content\/uploads\/2024\/06\/cabure.png","articleSection":["Ciudad\/Provincia"],"inLanguage":"es-AR"},{"@type":"WebPage","@id":"https:\/\/apuntesdesanluis.com\/index.php\/2024\/06\/13\/la-justicia-ordeno-el-desalojo-de-los-intrusos-del-campo-recuperado-el-cabure\/","url":"https:\/\/apuntesdesanluis.com\/index.php\/2024\/06\/13\/la-justicia-ordeno-el-desalojo-de-los-intrusos-del-campo-recuperado-el-cabure\/","name":"LA JUSTICIA ORDEN\u00d3 EL DESALOJO DE LOS INTRUSOS DEL CAMPO RECUPERADO \u2018EL CABUR\u00c9\u2019 - Apuntes de San Luis","isPartOf":{"@id":"https:\/\/apuntesdesanluis.com\/#website"},"primaryImageOfPage":{"@id":"https:\/\/apuntesdesanluis.com\/index.php\/2024\/06\/13\/la-justicia-ordeno-el-desalojo-de-los-intrusos-del-campo-recuperado-el-cabure\/#primaryimage"},"image":{"@id":"https:\/\/apuntesdesanluis.com\/index.php\/2024\/06\/13\/la-justicia-ordeno-el-desalojo-de-los-intrusos-del-campo-recuperado-el-cabure\/#primaryimage"},"thumbnailUrl":"https:\/\/apuntesdesanluis.com\/wp-content\/uploads\/2024\/06\/cabure.png","datePublished":"2024-06-13T19:36:33+00:00","breadcrumb":{"@id":"https:\/\/apuntesdesanluis.com\/index.php\/2024\/06\/13\/la-justicia-ordeno-el-desalojo-de-los-intrusos-del-campo-recuperado-el-cabure\/#breadcrumb"},"inLanguage":"es-AR","potentialAction":[{"@type":"ReadAction","target":["https:\/\/apuntesdesanluis.com\/index.php\/2024\/06\/13\/la-justicia-ordeno-el-desalojo-de-los-intrusos-del-campo-recuperado-el-cabure\/"]}]},{"@type":"ImageObject","inLanguage":"es-AR","@id":"https:\/\/apuntesdesanluis.com\/index.php\/2024\/06\/13\/la-justicia-ordeno-el-desalojo-de-los-intrusos-del-campo-recuperado-el-cabure\/#primaryimage","url":"https:\/\/apuntesdesanluis.com\/wp-content\/uploads\/2024\/06\/cabure.png","contentUrl":"https:\/\/apuntesdesanluis.com\/wp-content\/uploads\/2024\/06\/cabure.png","width":780,"height":440},{"@type":"BreadcrumbList","@id":"https:\/\/apuntesdesanluis.com\/index.php\/2024\/06\/13\/la-justicia-ordeno-el-desalojo-de-los-intrusos-del-campo-recuperado-el-cabure\/#breadcrumb","itemListElement":[{"@type":"ListItem","position":1,"name":"Inicio","item":"https:\/\/apuntesdesanluis.com\/"},{"@type":"ListItem","position":2,"name":"LA JUSTICIA ORDEN\u00d3 EL DESALOJO DE LOS INTRUSOS DEL CAMPO RECUPERADO \u2018EL CABUR\u00c9\u2019"}]},{"@type":"WebSite","@id":"https:\/\/apuntesdesanluis.com\/#website","url":"https:\/\/apuntesdesanluis.com\/","name":"Apuntes de San Luis","description":"","publisher":{"@id":"https:\/\/apuntesdesanluis.com\/#\/schema\/person\/b55151d52296fcce64d1a72538a70b90"},"potentialAction":[{"@type":"SearchAction","target":{"@type":"EntryPoint","urlTemplate":"https:\/\/apuntesdesanluis.com\/?s={search_term_string}"},"query-input":{"@type":"PropertyValueSpecification","valueRequired":true,"valueName":"search_term_string"}}],"inLanguage":"es-AR"},{"@type":["Person","Organization"],"@id":"https:\/\/apuntesdesanluis.com\/#\/schema\/person\/b55151d52296fcce64d1a72538a70b90","name":"apuntesdesanluis.com","image":{"@type":"ImageObject","inLanguage":"es-AR","@id":"https:\/\/apuntesdesanluis.com\/#\/schema\/person\/image\/","url":"https:\/\/apuntesdesanluis.com\/wp-content\/uploads\/2023\/07\/cropped-apuntesdesanluis.png","contentUrl":"https:\/\/apuntesdesanluis.com\/wp-content\/uploads\/2023\/07\/cropped-apuntesdesanluis.png","width":450,"height":112,"caption":"apuntesdesanluis.com"},"logo":{"@id":"https:\/\/apuntesdesanluis.com\/#\/schema\/person\/image\/"},"sameAs":["https:\/\/apuntesdesanluis.com"],"url":"https:\/\/apuntesdesanluis.com\/index.php\/author\/apuntesdesanluis-com\/"}]}},"featured_image_urls":{"full":["https:\/\/apuntesdesanluis.com\/wp-content\/uploads\/2024\/06\/cabure.png",780,440,false],"thumbnail":["https:\/\/apuntesdesanluis.com\/wp-content\/uploads\/2024\/06\/cabure-150x150.png",150,150,true],"medium":["https:\/\/apuntesdesanluis.com\/wp-content\/uploads\/2024\/06\/cabure-300x169.png",300,169,true],"medium_large":["https:\/\/apuntesdesanluis.com\/wp-content\/uploads\/2024\/06\/cabure-768x433.png",640,361,true],"large":["https:\/\/apuntesdesanluis.com\/wp-content\/uploads\/2024\/06\/cabure.png",640,361,false],"1536x1536":["https:\/\/apuntesdesanluis.com\/wp-content\/uploads\/2024\/06\/cabure.png",780,440,false],"2048x2048":["https:\/\/apuntesdesanluis.com\/wp-content\/uploads\/2024\/06\/cabure.png",780,440,false],"newsever-slider-full":["https:\/\/apuntesdesanluis.com\/wp-content\/uploads\/2024\/06\/cabure.png",780,440,false],"newsever-featured":["https:\/\/apuntesdesanluis.com\/wp-content\/uploads\/2024\/06\/cabure.png",780,440,false],"newsever-medium":["https:\/\/apuntesdesanluis.com\/wp-content\/uploads\/2024\/06\/cabure-720x440.png",720,440,true]},"author_info":{"display_name":"apuntesdesanluis.com","author_link":"https:\/\/apuntesdesanluis.com\/index.php\/author\/apuntesdesanluis-com\/"},"category_info":"<a href=\"https:\/\/apuntesdesanluis.com\/index.php\/category\/ciudad-provincia\/\" rel=\"category tag\">Ciudad\/Provincia<\/a>","tag_info":"Ciudad\/Provincia","comment_count":"0","_links":{"self":[{"href":"https:\/\/apuntesdesanluis.com\/index.php\/wp-json\/wp\/v2\/posts\/17866","targetHints":{"allow":["GET"]}}],"collection":[{"href":"https:\/\/apuntesdesanluis.com\/index.php\/wp-json\/wp\/v2\/posts"}],"about":[{"href":"https:\/\/apuntesdesanluis.com\/index.php\/wp-json\/wp\/v2\/types\/post"}],"author":[{"embeddable":true,"href":"https:\/\/apuntesdesanluis.com\/index.php\/wp-json\/wp\/v2\/users\/1"}],"replies":[{"embeddable":true,"href":"https:\/\/apuntesdesanluis.com\/index.php\/wp-json\/wp\/v2\/comments?post=17866"}],"version-history":[{"count":1,"href":"https:\/\/apuntesdesanluis.com\/index.php\/wp-json\/wp\/v2\/posts\/17866\/revisions"}],"predecessor-version":[{"id":17869,"href":"https:\/\/apuntesdesanluis.com\/index.php\/wp-json\/wp\/v2\/posts\/17866\/revisions\/17869"}],"wp:featuredmedia":[{"embeddable":true,"href":"https:\/\/apuntesdesanluis.com\/index.php\/wp-json\/wp\/v2\/media\/17867"}],"wp:attachment":[{"href":"https:\/\/apuntesdesanluis.com\/index.php\/wp-json\/wp\/v2\/media?parent=17866"}],"wp:term":[{"taxonomy":"category","embeddable":true,"href":"https:\/\/apuntesdesanluis.com\/index.php\/wp-json\/wp\/v2\/categories?post=17866"},{"taxonomy":"post_tag","embeddable":true,"href":"https:\/\/apuntesdesanluis.com\/index.php\/wp-json\/wp\/v2\/tags?post=17866"}],"curies":[{"name":"wp","href":"https:\/\/api.w.org\/{rel}","templated":true}]}}