{"id":17870,"date":"2024-06-13T16:49:25","date_gmt":"2024-06-13T19:49:25","guid":{"rendered":"https:\/\/apuntesdesanluis.com\/?p=17870"},"modified":"2024-06-13T16:49:25","modified_gmt":"2024-06-13T19:49:25","slug":"piden-condenar-a-6-anos-de-prision-a-dos-cazadores-furtivos","status":"publish","type":"post","link":"https:\/\/apuntesdesanluis.com\/index.php\/2024\/06\/13\/piden-condenar-a-6-anos-de-prision-a-dos-cazadores-furtivos\/","title":{"rendered":"PIDEN CONDENAR A 6 A\u00d1OS DE PRISI\u00d3N A DOS CAZADORES FURTIVOS"},"content":{"rendered":"<h3>En una audiencia de control de acusaci\u00f3n, desarrollada en el Juzgado de Garant\u00eda N\u00ba 1, se resolvi\u00f3 elevar una causa a juicio oral en donde se juzgar\u00e1 a dos personas por el delito de abigeato, caza furtiva y tenencia de arma de fuego de uso civil y uso civil condicional.<\/h3>\n<h3>Participaron de la audiencia el Dr. Jos\u00e9 Olgu\u00edn \u2013Fiscal de Instrucci\u00f3n-, el Dr. Marcelo Palacio \u2013Fiscal Adjunto-, el Dr. Flavio \u00c1vila \u2013Defensor de los imputados-\u00a0 y el Dr. Fabi\u00e1n Aguilar \u2013Secretario-.<\/h3>\n<h3>El Ministerio P\u00fablico Fiscal efectu\u00f3 la acusaci\u00f3n relatando los hechos y las evidencias incorporadas, solicit\u00f3 que a uno de los imputados se lo considere co autor penalmente responsable de los delitos de abigeato, caza furtiva y tenencia de arma de fuego de uso civil y uso condicional en concurso real y la condena de 4 a\u00f1os de prisi\u00f3n.<\/h3>\n<h3>Para el otro imputado, la fiscal\u00eda solicit\u00f3 la pena de seis a\u00f1os de prisi\u00f3n por ser autor penalmente responsable de los delitos de abigeato, caza furtiva, tenencia de arma de fuego de uso civil y uso condicional y coautor del delito de caza furtiva, agravado por el n\u00famero de participantes y por la participaci\u00f3n de un menor de edad por el hecho ocurrido el pasado 24 de marzo. Esta \u00faltima causa fue remitida desde el Juzgado de Garant\u00eda N\u00ba 4 a los fines de realizar una \u00fanica acusaci\u00f3n (Ver aqu\u00ed: <span style=\"color: #3366ff;\"><a style=\"color: #3366ff;\" href=\"https:\/\/www.periodicojudicial.gov.ar\/villa-mercedes-novedades-en-causa-por-caza-furtiva\/\">https:\/\/www.periodicojudicial.gov.ar\/villa-mercedes-novedades-en-causa-por-caza-furtiva\/<\/a><\/span>).<\/h3>\n<h3>Luego de las exposiciones de las partes, el Dr. Alfredo Cuello \u2013Juez de Garant\u00eda N\u00ba 1- dispuso la apertura a juicio en contra de los dos imputados y orden\u00f3 la remisi\u00f3n de la causa a la oficina del Colegio de Jueces.<\/h3>\n<h3>El hecho por el que est\u00e1n acusados ambos imputados, ocurri\u00f3 en el sur de la provincia el 1 de febrero de 2024, la formulaci\u00f3n de cargos se desarroll\u00f3 el 2 de febrero (ver aqu\u00ed: <span style=\"color: #3366ff;\"><a style=\"color: #3366ff;\" href=\"https:\/\/www.periodicojudicial.gov.ar\/imputaron-a-dos-hombres-por-abigeato-caza-furtiva-y-tenencia-ilegal-de-arma\/\">https:\/\/www.periodicojudicial.gov.ar\/imputaron-a-dos-hombres-por-abigeato-caza-furtiva-y-tenencia-ilegal-de-arma\/<\/a>)<\/span><\/h3>\n<h3>En esa oportunidad, la polic\u00eda quien ya estaba informada por los due\u00f1os del campo que hab\u00edan ingresado personas sin autorizaci\u00f3n, identific\u00f3 a los imputados y advirti\u00f3 sangre en el veh\u00edculo y en la ropa. A metros del lugar, el personal policial encontr\u00f3 un bulto que correspond\u00eda a un animal vacuno despostado. Adem\u00e1s, se encontraron armas de fuego, cuchillos y sierras para despostar como as\u00ed\u00a0 tambi\u00e9n, animales de caza furtiva (vizcachas). El animal, explic\u00f3 el fiscal, pertenec\u00eda a un campo contiguo al establecimiento donde fueron detenidos.<\/h3>\n<h3>Asimismo, al otro imputado se le formularon cargos por otro hecho sucedido el 24 de marzo pasado (ver aqu\u00ed: <span style=\"color: #3366ff;\"><a style=\"color: #3366ff;\" href=\"https:\/\/www.periodicojudicial.gov.ar\/siete-personas-continuaran-detenidas-en-causa-por-abigeato\/\">https:\/\/www.periodicojudicial.gov.ar\/siete-personas-continuaran-detenidas-en-causa-por-abigeato\/<\/a><\/span>).<\/h3>\n<p>&nbsp;<\/p>\n<p>&nbsp;<\/p>\n<p>&nbsp;<\/p>\n<p>&nbsp;<\/p>\n<p>&nbsp;<\/p>\n<p>&nbsp;<\/p>\n","protected":false},"excerpt":{"rendered":"<p>En una audiencia de control de acusaci\u00f3n, desarrollada en el Juzgado de Garant\u00eda N\u00ba 1,&#8230;<\/p>\n","protected":false},"author":1,"featured_media":17871,"comment_status":"closed","ping_status":"closed","sticky":false,"template":"","format":"standard","meta":{"footnotes":""},"categories":[6],"tags":[],"class_list":["post-17870","post","type-post","status-publish","format-standard","has-post-thumbnail","hentry","category-ciudad-provincia"],"yoast_head":"<!-- This site is optimized with the Yoast SEO plugin v26.1.1 - https:\/\/yoast.com\/wordpress\/plugins\/seo\/ -->\n<title>PIDEN CONDENAR A 6 A\u00d1OS DE PRISI\u00d3N A DOS CAZADORES FURTIVOS - Apuntes de San Luis<\/title>\n<meta name=\"robots\" content=\"index, follow, max-snippet:-1, max-image-preview:large, max-video-preview:-1\" \/>\n<link rel=\"canonical\" href=\"https:\/\/apuntesdesanluis.com\/index.php\/2024\/06\/13\/piden-condenar-a-6-anos-de-prision-a-dos-cazadores-furtivos\/\" \/>\n<meta property=\"og:locale\" content=\"es_ES\" \/>\n<meta property=\"og:type\" content=\"article\" \/>\n<meta property=\"og:title\" content=\"PIDEN CONDENAR A 6 A\u00d1OS DE PRISI\u00d3N A DOS CAZADORES FURTIVOS - Apuntes de San Luis\" \/>\n<meta property=\"og:description\" content=\"En una audiencia de control de acusaci\u00f3n, desarrollada en el Juzgado de Garant\u00eda N\u00ba 1,...\" \/>\n<meta property=\"og:url\" content=\"https:\/\/apuntesdesanluis.com\/index.php\/2024\/06\/13\/piden-condenar-a-6-anos-de-prision-a-dos-cazadores-furtivos\/\" \/>\n<meta property=\"og:site_name\" content=\"Apuntes de San Luis\" \/>\n<meta property=\"article:published_time\" content=\"2024-06-13T19:49:25+00:00\" \/>\n<meta property=\"og:image\" content=\"https:\/\/apuntesdesanluis.com\/wp-content\/uploads\/2024\/06\/CUELLO.png\" \/>\n\t<meta property=\"og:image:width\" content=\"843\" \/>\n\t<meta property=\"og:image:height\" content=\"547\" \/>\n\t<meta property=\"og:image:type\" content=\"image\/png\" \/>\n<meta name=\"author\" content=\"apuntesdesanluis.com\" \/>\n<meta name=\"twitter:card\" content=\"summary_large_image\" \/>\n<meta name=\"twitter:label1\" content=\"Escrito por\" \/>\n\t<meta name=\"twitter:data1\" content=\"apuntesdesanluis.com\" \/>\n\t<meta name=\"twitter:label2\" content=\"Tiempo de lectura\" \/>\n\t<meta name=\"twitter:data2\" content=\"3 minutos\" \/>\n<script type=\"application\/ld+json\" class=\"yoast-schema-graph\">{\"@context\":\"https:\/\/schema.org\",\"@graph\":[{\"@type\":\"Article\",\"@id\":\"https:\/\/apuntesdesanluis.com\/index.php\/2024\/06\/13\/piden-condenar-a-6-anos-de-prision-a-dos-cazadores-furtivos\/#article\",\"isPartOf\":{\"@id\":\"https:\/\/apuntesdesanluis.com\/index.php\/2024\/06\/13\/piden-condenar-a-6-anos-de-prision-a-dos-cazadores-furtivos\/\"},\"author\":{\"name\":\"apuntesdesanluis.com\",\"@id\":\"https:\/\/apuntesdesanluis.com\/#\/schema\/person\/b55151d52296fcce64d1a72538a70b90\"},\"headline\":\"PIDEN CONDENAR A 6 A\u00d1OS DE PRISI\u00d3N A DOS CAZADORES FURTIVOS\",\"datePublished\":\"2024-06-13T19:49:25+00:00\",\"mainEntityOfPage\":{\"@id\":\"https:\/\/apuntesdesanluis.com\/index.php\/2024\/06\/13\/piden-condenar-a-6-anos-de-prision-a-dos-cazadores-furtivos\/\"},\"wordCount\":465,\"publisher\":{\"@id\":\"https:\/\/apuntesdesanluis.com\/#\/schema\/person\/b55151d52296fcce64d1a72538a70b90\"},\"image\":{\"@id\":\"https:\/\/apuntesdesanluis.com\/index.php\/2024\/06\/13\/piden-condenar-a-6-anos-de-prision-a-dos-cazadores-furtivos\/#primaryimage\"},\"thumbnailUrl\":\"https:\/\/apuntesdesanluis.com\/wp-content\/uploads\/2024\/06\/CUELLO.png\",\"articleSection\":[\"Ciudad\/Provincia\"],\"inLanguage\":\"es-AR\"},{\"@type\":\"WebPage\",\"@id\":\"https:\/\/apuntesdesanluis.com\/index.php\/2024\/06\/13\/piden-condenar-a-6-anos-de-prision-a-dos-cazadores-furtivos\/\",\"url\":\"https:\/\/apuntesdesanluis.com\/index.php\/2024\/06\/13\/piden-condenar-a-6-anos-de-prision-a-dos-cazadores-furtivos\/\",\"name\":\"PIDEN CONDENAR A 6 A\u00d1OS DE PRISI\u00d3N A DOS CAZADORES FURTIVOS - Apuntes de San Luis\",\"isPartOf\":{\"@id\":\"https:\/\/apuntesdesanluis.com\/#website\"},\"primaryImageOfPage\":{\"@id\":\"https:\/\/apuntesdesanluis.com\/index.php\/2024\/06\/13\/piden-condenar-a-6-anos-de-prision-a-dos-cazadores-furtivos\/#primaryimage\"},\"image\":{\"@id\":\"https:\/\/apuntesdesanluis.com\/index.php\/2024\/06\/13\/piden-condenar-a-6-anos-de-prision-a-dos-cazadores-furtivos\/#primaryimage\"},\"thumbnailUrl\":\"https:\/\/apuntesdesanluis.com\/wp-content\/uploads\/2024\/06\/CUELLO.png\",\"datePublished\":\"2024-06-13T19:49:25+00:00\",\"breadcrumb\":{\"@id\":\"https:\/\/apuntesdesanluis.com\/index.php\/2024\/06\/13\/piden-condenar-a-6-anos-de-prision-a-dos-cazadores-furtivos\/#breadcrumb\"},\"inLanguage\":\"es-AR\",\"potentialAction\":[{\"@type\":\"ReadAction\",\"target\":[\"https:\/\/apuntesdesanluis.com\/index.php\/2024\/06\/13\/piden-condenar-a-6-anos-de-prision-a-dos-cazadores-furtivos\/\"]}]},{\"@type\":\"ImageObject\",\"inLanguage\":\"es-AR\",\"@id\":\"https:\/\/apuntesdesanluis.com\/index.php\/2024\/06\/13\/piden-condenar-a-6-anos-de-prision-a-dos-cazadores-furtivos\/#primaryimage\",\"url\":\"https:\/\/apuntesdesanluis.com\/wp-content\/uploads\/2024\/06\/CUELLO.png\",\"contentUrl\":\"https:\/\/apuntesdesanluis.com\/wp-content\/uploads\/2024\/06\/CUELLO.png\",\"width\":843,\"height\":547},{\"@type\":\"BreadcrumbList\",\"@id\":\"https:\/\/apuntesdesanluis.com\/index.php\/2024\/06\/13\/piden-condenar-a-6-anos-de-prision-a-dos-cazadores-furtivos\/#breadcrumb\",\"itemListElement\":[{\"@type\":\"ListItem\",\"position\":1,\"name\":\"Inicio\",\"item\":\"https:\/\/apuntesdesanluis.com\/\"},{\"@type\":\"ListItem\",\"position\":2,\"name\":\"PIDEN CONDENAR A 6 A\u00d1OS DE PRISI\u00d3N A DOS CAZADORES FURTIVOS\"}]},{\"@type\":\"WebSite\",\"@id\":\"https:\/\/apuntesdesanluis.com\/#website\",\"url\":\"https:\/\/apuntesdesanluis.com\/\",\"name\":\"Apuntes de San Luis\",\"description\":\"\",\"publisher\":{\"@id\":\"https:\/\/apuntesdesanluis.com\/#\/schema\/person\/b55151d52296fcce64d1a72538a70b90\"},\"potentialAction\":[{\"@type\":\"SearchAction\",\"target\":{\"@type\":\"EntryPoint\",\"urlTemplate\":\"https:\/\/apuntesdesanluis.com\/?s={search_term_string}\"},\"query-input\":{\"@type\":\"PropertyValueSpecification\",\"valueRequired\":true,\"valueName\":\"search_term_string\"}}],\"inLanguage\":\"es-AR\"},{\"@type\":[\"Person\",\"Organization\"],\"@id\":\"https:\/\/apuntesdesanluis.com\/#\/schema\/person\/b55151d52296fcce64d1a72538a70b90\",\"name\":\"apuntesdesanluis.com\",\"image\":{\"@type\":\"ImageObject\",\"inLanguage\":\"es-AR\",\"@id\":\"https:\/\/apuntesdesanluis.com\/#\/schema\/person\/image\/\",\"url\":\"https:\/\/apuntesdesanluis.com\/wp-content\/uploads\/2023\/07\/cropped-apuntesdesanluis.png\",\"contentUrl\":\"https:\/\/apuntesdesanluis.com\/wp-content\/uploads\/2023\/07\/cropped-apuntesdesanluis.png\",\"width\":450,\"height\":112,\"caption\":\"apuntesdesanluis.com\"},\"logo\":{\"@id\":\"https:\/\/apuntesdesanluis.com\/#\/schema\/person\/image\/\"},\"sameAs\":[\"https:\/\/apuntesdesanluis.com\"],\"url\":\"https:\/\/apuntesdesanluis.com\/index.php\/author\/apuntesdesanluis-com\/\"}]}<\/script>\n<!-- \/ Yoast SEO plugin. -->","yoast_head_json":{"title":"PIDEN CONDENAR A 6 A\u00d1OS DE PRISI\u00d3N A DOS CAZADORES FURTIVOS - Apuntes de San Luis","robots":{"index":"index","follow":"follow","max-snippet":"max-snippet:-1","max-image-preview":"max-image-preview:large","max-video-preview":"max-video-preview:-1"},"canonical":"https:\/\/apuntesdesanluis.com\/index.php\/2024\/06\/13\/piden-condenar-a-6-anos-de-prision-a-dos-cazadores-furtivos\/","og_locale":"es_ES","og_type":"article","og_title":"PIDEN CONDENAR A 6 A\u00d1OS DE PRISI\u00d3N A DOS CAZADORES FURTIVOS - Apuntes de San Luis","og_description":"En una audiencia de control de acusaci\u00f3n, desarrollada en el Juzgado de Garant\u00eda N\u00ba 1,...","og_url":"https:\/\/apuntesdesanluis.com\/index.php\/2024\/06\/13\/piden-condenar-a-6-anos-de-prision-a-dos-cazadores-furtivos\/","og_site_name":"Apuntes de San Luis","article_published_time":"2024-06-13T19:49:25+00:00","og_image":[{"width":843,"height":547,"url":"https:\/\/apuntesdesanluis.com\/wp-content\/uploads\/2024\/06\/CUELLO.png","type":"image\/png"}],"author":"apuntesdesanluis.com","twitter_card":"summary_large_image","twitter_misc":{"Escrito por":"apuntesdesanluis.com","Tiempo de lectura":"3 minutos"},"schema":{"@context":"https:\/\/schema.org","@graph":[{"@type":"Article","@id":"https:\/\/apuntesdesanluis.com\/index.php\/2024\/06\/13\/piden-condenar-a-6-anos-de-prision-a-dos-cazadores-furtivos\/#article","isPartOf":{"@id":"https:\/\/apuntesdesanluis.com\/index.php\/2024\/06\/13\/piden-condenar-a-6-anos-de-prision-a-dos-cazadores-furtivos\/"},"author":{"name":"apuntesdesanluis.com","@id":"https:\/\/apuntesdesanluis.com\/#\/schema\/person\/b55151d52296fcce64d1a72538a70b90"},"headline":"PIDEN CONDENAR A 6 A\u00d1OS DE PRISI\u00d3N A DOS CAZADORES FURTIVOS","datePublished":"2024-06-13T19:49:25+00:00","mainEntityOfPage":{"@id":"https:\/\/apuntesdesanluis.com\/index.php\/2024\/06\/13\/piden-condenar-a-6-anos-de-prision-a-dos-cazadores-furtivos\/"},"wordCount":465,"publisher":{"@id":"https:\/\/apuntesdesanluis.com\/#\/schema\/person\/b55151d52296fcce64d1a72538a70b90"},"image":{"@id":"https:\/\/apuntesdesanluis.com\/index.php\/2024\/06\/13\/piden-condenar-a-6-anos-de-prision-a-dos-cazadores-furtivos\/#primaryimage"},"thumbnailUrl":"https:\/\/apuntesdesanluis.com\/wp-content\/uploads\/2024\/06\/CUELLO.png","articleSection":["Ciudad\/Provincia"],"inLanguage":"es-AR"},{"@type":"WebPage","@id":"https:\/\/apuntesdesanluis.com\/index.php\/2024\/06\/13\/piden-condenar-a-6-anos-de-prision-a-dos-cazadores-furtivos\/","url":"https:\/\/apuntesdesanluis.com\/index.php\/2024\/06\/13\/piden-condenar-a-6-anos-de-prision-a-dos-cazadores-furtivos\/","name":"PIDEN CONDENAR A 6 A\u00d1OS DE PRISI\u00d3N A DOS CAZADORES FURTIVOS - Apuntes de San Luis","isPartOf":{"@id":"https:\/\/apuntesdesanluis.com\/#website"},"primaryImageOfPage":{"@id":"https:\/\/apuntesdesanluis.com\/index.php\/2024\/06\/13\/piden-condenar-a-6-anos-de-prision-a-dos-cazadores-furtivos\/#primaryimage"},"image":{"@id":"https:\/\/apuntesdesanluis.com\/index.php\/2024\/06\/13\/piden-condenar-a-6-anos-de-prision-a-dos-cazadores-furtivos\/#primaryimage"},"thumbnailUrl":"https:\/\/apuntesdesanluis.com\/wp-content\/uploads\/2024\/06\/CUELLO.png","datePublished":"2024-06-13T19:49:25+00:00","breadcrumb":{"@id":"https:\/\/apuntesdesanluis.com\/index.php\/2024\/06\/13\/piden-condenar-a-6-anos-de-prision-a-dos-cazadores-furtivos\/#breadcrumb"},"inLanguage":"es-AR","potentialAction":[{"@type":"ReadAction","target":["https:\/\/apuntesdesanluis.com\/index.php\/2024\/06\/13\/piden-condenar-a-6-anos-de-prision-a-dos-cazadores-furtivos\/"]}]},{"@type":"ImageObject","inLanguage":"es-AR","@id":"https:\/\/apuntesdesanluis.com\/index.php\/2024\/06\/13\/piden-condenar-a-6-anos-de-prision-a-dos-cazadores-furtivos\/#primaryimage","url":"https:\/\/apuntesdesanluis.com\/wp-content\/uploads\/2024\/06\/CUELLO.png","contentUrl":"https:\/\/apuntesdesanluis.com\/wp-content\/uploads\/2024\/06\/CUELLO.png","width":843,"height":547},{"@type":"BreadcrumbList","@id":"https:\/\/apuntesdesanluis.com\/index.php\/2024\/06\/13\/piden-condenar-a-6-anos-de-prision-a-dos-cazadores-furtivos\/#breadcrumb","itemListElement":[{"@type":"ListItem","position":1,"name":"Inicio","item":"https:\/\/apuntesdesanluis.com\/"},{"@type":"ListItem","position":2,"name":"PIDEN CONDENAR A 6 A\u00d1OS DE PRISI\u00d3N A DOS CAZADORES FURTIVOS"}]},{"@type":"WebSite","@id":"https:\/\/apuntesdesanluis.com\/#website","url":"https:\/\/apuntesdesanluis.com\/","name":"Apuntes de San Luis","description":"","publisher":{"@id":"https:\/\/apuntesdesanluis.com\/#\/schema\/person\/b55151d52296fcce64d1a72538a70b90"},"potentialAction":[{"@type":"SearchAction","target":{"@type":"EntryPoint","urlTemplate":"https:\/\/apuntesdesanluis.com\/?s={search_term_string}"},"query-input":{"@type":"PropertyValueSpecification","valueRequired":true,"valueName":"search_term_string"}}],"inLanguage":"es-AR"},{"@type":["Person","Organization"],"@id":"https:\/\/apuntesdesanluis.com\/#\/schema\/person\/b55151d52296fcce64d1a72538a70b90","name":"apuntesdesanluis.com","image":{"@type":"ImageObject","inLanguage":"es-AR","@id":"https:\/\/apuntesdesanluis.com\/#\/schema\/person\/image\/","url":"https:\/\/apuntesdesanluis.com\/wp-content\/uploads\/2023\/07\/cropped-apuntesdesanluis.png","contentUrl":"https:\/\/apuntesdesanluis.com\/wp-content\/uploads\/2023\/07\/cropped-apuntesdesanluis.png","width":450,"height":112,"caption":"apuntesdesanluis.com"},"logo":{"@id":"https:\/\/apuntesdesanluis.com\/#\/schema\/person\/image\/"},"sameAs":["https:\/\/apuntesdesanluis.com"],"url":"https:\/\/apuntesdesanluis.com\/index.php\/author\/apuntesdesanluis-com\/"}]}},"featured_image_urls":{"full":["https:\/\/apuntesdesanluis.com\/wp-content\/uploads\/2024\/06\/CUELLO.png",843,547,false],"thumbnail":["https:\/\/apuntesdesanluis.com\/wp-content\/uploads\/2024\/06\/CUELLO-150x150.png",150,150,true],"medium":["https:\/\/apuntesdesanluis.com\/wp-content\/uploads\/2024\/06\/CUELLO-300x195.png",300,195,true],"medium_large":["https:\/\/apuntesdesanluis.com\/wp-content\/uploads\/2024\/06\/CUELLO-768x498.png",640,415,true],"large":["https:\/\/apuntesdesanluis.com\/wp-content\/uploads\/2024\/06\/CUELLO.png",640,415,false],"1536x1536":["https:\/\/apuntesdesanluis.com\/wp-content\/uploads\/2024\/06\/CUELLO.png",843,547,false],"2048x2048":["https:\/\/apuntesdesanluis.com\/wp-content\/uploads\/2024\/06\/CUELLO.png",843,547,false],"newsever-slider-full":["https:\/\/apuntesdesanluis.com\/wp-content\/uploads\/2024\/06\/CUELLO.png",843,547,false],"newsever-featured":["https:\/\/apuntesdesanluis.com\/wp-content\/uploads\/2024\/06\/CUELLO.png",843,547,false],"newsever-medium":["https:\/\/apuntesdesanluis.com\/wp-content\/uploads\/2024\/06\/CUELLO-720x475.png",720,475,true]},"author_info":{"display_name":"apuntesdesanluis.com","author_link":"https:\/\/apuntesdesanluis.com\/index.php\/author\/apuntesdesanluis-com\/"},"category_info":"<a href=\"https:\/\/apuntesdesanluis.com\/index.php\/category\/ciudad-provincia\/\" rel=\"category tag\">Ciudad\/Provincia<\/a>","tag_info":"Ciudad\/Provincia","comment_count":"0","_links":{"self":[{"href":"https:\/\/apuntesdesanluis.com\/index.php\/wp-json\/wp\/v2\/posts\/17870","targetHints":{"allow":["GET"]}}],"collection":[{"href":"https:\/\/apuntesdesanluis.com\/index.php\/wp-json\/wp\/v2\/posts"}],"about":[{"href":"https:\/\/apuntesdesanluis.com\/index.php\/wp-json\/wp\/v2\/types\/post"}],"author":[{"embeddable":true,"href":"https:\/\/apuntesdesanluis.com\/index.php\/wp-json\/wp\/v2\/users\/1"}],"replies":[{"embeddable":true,"href":"https:\/\/apuntesdesanluis.com\/index.php\/wp-json\/wp\/v2\/comments?post=17870"}],"version-history":[{"count":1,"href":"https:\/\/apuntesdesanluis.com\/index.php\/wp-json\/wp\/v2\/posts\/17870\/revisions"}],"predecessor-version":[{"id":17872,"href":"https:\/\/apuntesdesanluis.com\/index.php\/wp-json\/wp\/v2\/posts\/17870\/revisions\/17872"}],"wp:featuredmedia":[{"embeddable":true,"href":"https:\/\/apuntesdesanluis.com\/index.php\/wp-json\/wp\/v2\/media\/17871"}],"wp:attachment":[{"href":"https:\/\/apuntesdesanluis.com\/index.php\/wp-json\/wp\/v2\/media?parent=17870"}],"wp:term":[{"taxonomy":"category","embeddable":true,"href":"https:\/\/apuntesdesanluis.com\/index.php\/wp-json\/wp\/v2\/categories?post=17870"},{"taxonomy":"post_tag","embeddable":true,"href":"https:\/\/apuntesdesanluis.com\/index.php\/wp-json\/wp\/v2\/tags?post=17870"}],"curies":[{"name":"wp","href":"https:\/\/api.w.org\/{rel}","templated":true}]}}