{"id":17883,"date":"2024-06-14T19:16:22","date_gmt":"2024-06-14T22:16:22","guid":{"rendered":"https:\/\/apuntesdesanluis.com\/?p=17883"},"modified":"2024-06-14T19:16:22","modified_gmt":"2024-06-14T22:16:22","slug":"la-unsl-se-suma-a-la-modernizacion-del-sistema-electoral-provincial","status":"publish","type":"post","link":"https:\/\/apuntesdesanluis.com\/index.php\/2024\/06\/14\/la-unsl-se-suma-a-la-modernizacion-del-sistema-electoral-provincial\/","title":{"rendered":"LA UNSL SE SUMA A LA MODERNIZACI\u00d3N DEL SISTEMA ELECTORAL PROVINCIAL"},"content":{"rendered":"<h3>La universidad colaborar\u00e1 en el desarrollo de una plataforma para implementar el voto electr\u00f3nico en San Luis y hacer m\u00e1s transparentes los procesos electorales.<\/h3>\n<h3>Tras un encuentro entre el secretario de Asuntos Institucionales y Enlace Parlamentario, <strong>Jos\u00e9 Giraudo<\/strong>, y el rector de la Universidad Nacional de San Luis (UNSL), <strong>Victor Mori\u00f1igo<\/strong>, la universidad se sum\u00f3 a participar en el desarrollo de un software que permitir\u00e1 la implementaci\u00f3n del voto electr\u00f3nico en la provincia, simplificando la participaci\u00f3n ciudadana.<\/h3>\n<h3>A trav\u00e9s de su Departamento de Inform\u00e1tica, la UNSL se une a los esfuerzos de la Agencia Ciencia, Tecnolog\u00eda y Sociedad, dirigida por Pablo Guerreiro, y la Universidad Nacional de Villa Mercedes, cuyo rector, Marcelo Sosa, expres\u00f3 la \u201ctotal predisposici\u00f3n de la universidad para colaborar con esta iniciativa gubernamental\u201d.<\/h3>\n<h3>Giraudo se mostr\u00f3 optimista ante esta colaboraci\u00f3n, dado que la UNSL cuenta con una destacada posici\u00f3n en materia inform\u00e1tica a nivel nacional, ubic\u00e1ndola dentro de las cinco mejores facultades del pa\u00eds.<\/h3>\n<h3><img fetchpriority=\"high\" decoding=\"async\" class=\"wp-image-17885 aligncenter\" src=\"https:\/\/apuntesdesanluis.com\/wp-content\/uploads\/2024\/06\/Jose-giraudo-moriigo-300x191.jpg\" alt=\"\" width=\"649\" height=\"413\" srcset=\"https:\/\/apuntesdesanluis.com\/wp-content\/uploads\/2024\/06\/Jose-giraudo-moriigo-300x191.jpg 300w, https:\/\/apuntesdesanluis.com\/wp-content\/uploads\/2024\/06\/Jose-giraudo-moriigo.jpg 698w\" sizes=\"(max-width: 649px) 100vw, 649px\" \/><\/h3>\n<h3>Por su parte, Mori\u00f1igo consider\u00f3 la propuesta como una excelente iniciativa para avanzar en la modernizaci\u00f3n del sistema electoral y se comprometi\u00f3 a intercambiar informaci\u00f3n con la directora de Inform\u00e1tica de la universidad para avanzar en este proyecto.<\/h3>\n<h3>En pa\u00edses como Brasil, Estados Unidos y B\u00e9lgica, el voto electr\u00f3nico ya es una realidad y los ciudadanos pueden participar en las elecciones sin necesidad de salir de casa. En esta l\u00ednea, Giraudo, Guerreiro y los rectores Mori\u00f1igo y Sosa consideraron la posibilidad de implementar este nuevo sistema gradualmente en localidades con baja densidad demogr\u00e1fica, como Zanjitas, Juan Jorba y Lavaisse, para luego extenderlo por toda la provincia.<\/h3>\n<p>&nbsp;<\/p>\n<p>&nbsp;<\/p>\n<p>&nbsp;<\/p>\n<p>&nbsp;<\/p>\n<p>&nbsp;<\/p>\n<p>&nbsp;<\/p>\n","protected":false},"excerpt":{"rendered":"<p>La universidad colaborar\u00e1 en el desarrollo de una plataforma para implementar el voto electr\u00f3nico en&#8230;<\/p>\n","protected":false},"author":1,"featured_media":17884,"comment_status":"closed","ping_status":"closed","sticky":false,"template":"","format":"standard","meta":{"footnotes":""},"categories":[6],"tags":[],"class_list":["post-17883","post","type-post","status-publish","format-standard","has-post-thumbnail","hentry","category-ciudad-provincia"],"yoast_head":"<!-- This site is optimized with the Yoast SEO plugin v26.1.1 - https:\/\/yoast.com\/wordpress\/plugins\/seo\/ -->\n<title>LA UNSL SE SUMA A LA MODERNIZACI\u00d3N DEL SISTEMA ELECTORAL PROVINCIAL - Apuntes de San Luis<\/title>\n<meta name=\"robots\" content=\"index, follow, max-snippet:-1, max-image-preview:large, max-video-preview:-1\" \/>\n<link rel=\"canonical\" href=\"https:\/\/apuntesdesanluis.com\/index.php\/2024\/06\/14\/la-unsl-se-suma-a-la-modernizacion-del-sistema-electoral-provincial\/\" \/>\n<meta property=\"og:locale\" content=\"es_ES\" \/>\n<meta property=\"og:type\" content=\"article\" \/>\n<meta property=\"og:title\" content=\"LA UNSL SE SUMA A LA MODERNIZACI\u00d3N DEL SISTEMA ELECTORAL PROVINCIAL - Apuntes de San Luis\" \/>\n<meta property=\"og:description\" content=\"La universidad colaborar\u00e1 en el desarrollo de una plataforma para implementar el voto electr\u00f3nico en...\" \/>\n<meta property=\"og:url\" content=\"https:\/\/apuntesdesanluis.com\/index.php\/2024\/06\/14\/la-unsl-se-suma-a-la-modernizacion-del-sistema-electoral-provincial\/\" \/>\n<meta property=\"og:site_name\" content=\"Apuntes de San Luis\" \/>\n<meta property=\"article:published_time\" content=\"2024-06-14T22:16:22+00:00\" \/>\n<meta property=\"og:image\" content=\"https:\/\/apuntesdesanluis.com\/wp-content\/uploads\/2024\/06\/giraudo-morinigo.jpg\" \/>\n\t<meta property=\"og:image:width\" content=\"600\" \/>\n\t<meta property=\"og:image:height\" content=\"382\" \/>\n\t<meta property=\"og:image:type\" content=\"image\/jpeg\" \/>\n<meta name=\"author\" content=\"apuntesdesanluis.com\" \/>\n<meta name=\"twitter:card\" content=\"summary_large_image\" \/>\n<meta name=\"twitter:label1\" content=\"Escrito por\" \/>\n\t<meta name=\"twitter:data1\" content=\"apuntesdesanluis.com\" \/>\n\t<meta name=\"twitter:label2\" content=\"Tiempo de lectura\" \/>\n\t<meta name=\"twitter:data2\" content=\"2 minutos\" \/>\n<script type=\"application\/ld+json\" class=\"yoast-schema-graph\">{\"@context\":\"https:\/\/schema.org\",\"@graph\":[{\"@type\":\"Article\",\"@id\":\"https:\/\/apuntesdesanluis.com\/index.php\/2024\/06\/14\/la-unsl-se-suma-a-la-modernizacion-del-sistema-electoral-provincial\/#article\",\"isPartOf\":{\"@id\":\"https:\/\/apuntesdesanluis.com\/index.php\/2024\/06\/14\/la-unsl-se-suma-a-la-modernizacion-del-sistema-electoral-provincial\/\"},\"author\":{\"name\":\"apuntesdesanluis.com\",\"@id\":\"https:\/\/apuntesdesanluis.com\/#\/schema\/person\/b55151d52296fcce64d1a72538a70b90\"},\"headline\":\"LA UNSL SE SUMA A LA MODERNIZACI\u00d3N DEL SISTEMA ELECTORAL PROVINCIAL\",\"datePublished\":\"2024-06-14T22:16:22+00:00\",\"mainEntityOfPage\":{\"@id\":\"https:\/\/apuntesdesanluis.com\/index.php\/2024\/06\/14\/la-unsl-se-suma-a-la-modernizacion-del-sistema-electoral-provincial\/\"},\"wordCount\":306,\"publisher\":{\"@id\":\"https:\/\/apuntesdesanluis.com\/#\/schema\/person\/b55151d52296fcce64d1a72538a70b90\"},\"image\":{\"@id\":\"https:\/\/apuntesdesanluis.com\/index.php\/2024\/06\/14\/la-unsl-se-suma-a-la-modernizacion-del-sistema-electoral-provincial\/#primaryimage\"},\"thumbnailUrl\":\"https:\/\/apuntesdesanluis.com\/wp-content\/uploads\/2024\/06\/giraudo-morinigo.jpg\",\"articleSection\":[\"Ciudad\/Provincia\"],\"inLanguage\":\"es-AR\"},{\"@type\":\"WebPage\",\"@id\":\"https:\/\/apuntesdesanluis.com\/index.php\/2024\/06\/14\/la-unsl-se-suma-a-la-modernizacion-del-sistema-electoral-provincial\/\",\"url\":\"https:\/\/apuntesdesanluis.com\/index.php\/2024\/06\/14\/la-unsl-se-suma-a-la-modernizacion-del-sistema-electoral-provincial\/\",\"name\":\"LA UNSL SE SUMA A LA MODERNIZACI\u00d3N DEL SISTEMA ELECTORAL PROVINCIAL - Apuntes de San Luis\",\"isPartOf\":{\"@id\":\"https:\/\/apuntesdesanluis.com\/#website\"},\"primaryImageOfPage\":{\"@id\":\"https:\/\/apuntesdesanluis.com\/index.php\/2024\/06\/14\/la-unsl-se-suma-a-la-modernizacion-del-sistema-electoral-provincial\/#primaryimage\"},\"image\":{\"@id\":\"https:\/\/apuntesdesanluis.com\/index.php\/2024\/06\/14\/la-unsl-se-suma-a-la-modernizacion-del-sistema-electoral-provincial\/#primaryimage\"},\"thumbnailUrl\":\"https:\/\/apuntesdesanluis.com\/wp-content\/uploads\/2024\/06\/giraudo-morinigo.jpg\",\"datePublished\":\"2024-06-14T22:16:22+00:00\",\"breadcrumb\":{\"@id\":\"https:\/\/apuntesdesanluis.com\/index.php\/2024\/06\/14\/la-unsl-se-suma-a-la-modernizacion-del-sistema-electoral-provincial\/#breadcrumb\"},\"inLanguage\":\"es-AR\",\"potentialAction\":[{\"@type\":\"ReadAction\",\"target\":[\"https:\/\/apuntesdesanluis.com\/index.php\/2024\/06\/14\/la-unsl-se-suma-a-la-modernizacion-del-sistema-electoral-provincial\/\"]}]},{\"@type\":\"ImageObject\",\"inLanguage\":\"es-AR\",\"@id\":\"https:\/\/apuntesdesanluis.com\/index.php\/2024\/06\/14\/la-unsl-se-suma-a-la-modernizacion-del-sistema-electoral-provincial\/#primaryimage\",\"url\":\"https:\/\/apuntesdesanluis.com\/wp-content\/uploads\/2024\/06\/giraudo-morinigo.jpg\",\"contentUrl\":\"https:\/\/apuntesdesanluis.com\/wp-content\/uploads\/2024\/06\/giraudo-morinigo.jpg\",\"width\":600,\"height\":382},{\"@type\":\"BreadcrumbList\",\"@id\":\"https:\/\/apuntesdesanluis.com\/index.php\/2024\/06\/14\/la-unsl-se-suma-a-la-modernizacion-del-sistema-electoral-provincial\/#breadcrumb\",\"itemListElement\":[{\"@type\":\"ListItem\",\"position\":1,\"name\":\"Inicio\",\"item\":\"https:\/\/apuntesdesanluis.com\/\"},{\"@type\":\"ListItem\",\"position\":2,\"name\":\"LA UNSL SE SUMA A LA MODERNIZACI\u00d3N DEL SISTEMA ELECTORAL PROVINCIAL\"}]},{\"@type\":\"WebSite\",\"@id\":\"https:\/\/apuntesdesanluis.com\/#website\",\"url\":\"https:\/\/apuntesdesanluis.com\/\",\"name\":\"Apuntes de San Luis\",\"description\":\"\",\"publisher\":{\"@id\":\"https:\/\/apuntesdesanluis.com\/#\/schema\/person\/b55151d52296fcce64d1a72538a70b90\"},\"potentialAction\":[{\"@type\":\"SearchAction\",\"target\":{\"@type\":\"EntryPoint\",\"urlTemplate\":\"https:\/\/apuntesdesanluis.com\/?s={search_term_string}\"},\"query-input\":{\"@type\":\"PropertyValueSpecification\",\"valueRequired\":true,\"valueName\":\"search_term_string\"}}],\"inLanguage\":\"es-AR\"},{\"@type\":[\"Person\",\"Organization\"],\"@id\":\"https:\/\/apuntesdesanluis.com\/#\/schema\/person\/b55151d52296fcce64d1a72538a70b90\",\"name\":\"apuntesdesanluis.com\",\"image\":{\"@type\":\"ImageObject\",\"inLanguage\":\"es-AR\",\"@id\":\"https:\/\/apuntesdesanluis.com\/#\/schema\/person\/image\/\",\"url\":\"https:\/\/apuntesdesanluis.com\/wp-content\/uploads\/2023\/07\/cropped-apuntesdesanluis.png\",\"contentUrl\":\"https:\/\/apuntesdesanluis.com\/wp-content\/uploads\/2023\/07\/cropped-apuntesdesanluis.png\",\"width\":450,\"height\":112,\"caption\":\"apuntesdesanluis.com\"},\"logo\":{\"@id\":\"https:\/\/apuntesdesanluis.com\/#\/schema\/person\/image\/\"},\"sameAs\":[\"https:\/\/apuntesdesanluis.com\"],\"url\":\"https:\/\/apuntesdesanluis.com\/index.php\/author\/apuntesdesanluis-com\/\"}]}<\/script>\n<!-- \/ Yoast SEO plugin. -->","yoast_head_json":{"title":"LA UNSL SE SUMA A LA MODERNIZACI\u00d3N DEL SISTEMA ELECTORAL PROVINCIAL - Apuntes de San Luis","robots":{"index":"index","follow":"follow","max-snippet":"max-snippet:-1","max-image-preview":"max-image-preview:large","max-video-preview":"max-video-preview:-1"},"canonical":"https:\/\/apuntesdesanluis.com\/index.php\/2024\/06\/14\/la-unsl-se-suma-a-la-modernizacion-del-sistema-electoral-provincial\/","og_locale":"es_ES","og_type":"article","og_title":"LA UNSL SE SUMA A LA MODERNIZACI\u00d3N DEL SISTEMA ELECTORAL PROVINCIAL - Apuntes de San Luis","og_description":"La universidad colaborar\u00e1 en el desarrollo de una plataforma para implementar el voto electr\u00f3nico en...","og_url":"https:\/\/apuntesdesanluis.com\/index.php\/2024\/06\/14\/la-unsl-se-suma-a-la-modernizacion-del-sistema-electoral-provincial\/","og_site_name":"Apuntes de San Luis","article_published_time":"2024-06-14T22:16:22+00:00","og_image":[{"width":600,"height":382,"url":"https:\/\/apuntesdesanluis.com\/wp-content\/uploads\/2024\/06\/giraudo-morinigo.jpg","type":"image\/jpeg"}],"author":"apuntesdesanluis.com","twitter_card":"summary_large_image","twitter_misc":{"Escrito por":"apuntesdesanluis.com","Tiempo de lectura":"2 minutos"},"schema":{"@context":"https:\/\/schema.org","@graph":[{"@type":"Article","@id":"https:\/\/apuntesdesanluis.com\/index.php\/2024\/06\/14\/la-unsl-se-suma-a-la-modernizacion-del-sistema-electoral-provincial\/#article","isPartOf":{"@id":"https:\/\/apuntesdesanluis.com\/index.php\/2024\/06\/14\/la-unsl-se-suma-a-la-modernizacion-del-sistema-electoral-provincial\/"},"author":{"name":"apuntesdesanluis.com","@id":"https:\/\/apuntesdesanluis.com\/#\/schema\/person\/b55151d52296fcce64d1a72538a70b90"},"headline":"LA UNSL SE SUMA A LA MODERNIZACI\u00d3N DEL SISTEMA ELECTORAL PROVINCIAL","datePublished":"2024-06-14T22:16:22+00:00","mainEntityOfPage":{"@id":"https:\/\/apuntesdesanluis.com\/index.php\/2024\/06\/14\/la-unsl-se-suma-a-la-modernizacion-del-sistema-electoral-provincial\/"},"wordCount":306,"publisher":{"@id":"https:\/\/apuntesdesanluis.com\/#\/schema\/person\/b55151d52296fcce64d1a72538a70b90"},"image":{"@id":"https:\/\/apuntesdesanluis.com\/index.php\/2024\/06\/14\/la-unsl-se-suma-a-la-modernizacion-del-sistema-electoral-provincial\/#primaryimage"},"thumbnailUrl":"https:\/\/apuntesdesanluis.com\/wp-content\/uploads\/2024\/06\/giraudo-morinigo.jpg","articleSection":["Ciudad\/Provincia"],"inLanguage":"es-AR"},{"@type":"WebPage","@id":"https:\/\/apuntesdesanluis.com\/index.php\/2024\/06\/14\/la-unsl-se-suma-a-la-modernizacion-del-sistema-electoral-provincial\/","url":"https:\/\/apuntesdesanluis.com\/index.php\/2024\/06\/14\/la-unsl-se-suma-a-la-modernizacion-del-sistema-electoral-provincial\/","name":"LA UNSL SE SUMA A LA MODERNIZACI\u00d3N DEL SISTEMA ELECTORAL PROVINCIAL - Apuntes de San Luis","isPartOf":{"@id":"https:\/\/apuntesdesanluis.com\/#website"},"primaryImageOfPage":{"@id":"https:\/\/apuntesdesanluis.com\/index.php\/2024\/06\/14\/la-unsl-se-suma-a-la-modernizacion-del-sistema-electoral-provincial\/#primaryimage"},"image":{"@id":"https:\/\/apuntesdesanluis.com\/index.php\/2024\/06\/14\/la-unsl-se-suma-a-la-modernizacion-del-sistema-electoral-provincial\/#primaryimage"},"thumbnailUrl":"https:\/\/apuntesdesanluis.com\/wp-content\/uploads\/2024\/06\/giraudo-morinigo.jpg","datePublished":"2024-06-14T22:16:22+00:00","breadcrumb":{"@id":"https:\/\/apuntesdesanluis.com\/index.php\/2024\/06\/14\/la-unsl-se-suma-a-la-modernizacion-del-sistema-electoral-provincial\/#breadcrumb"},"inLanguage":"es-AR","potentialAction":[{"@type":"ReadAction","target":["https:\/\/apuntesdesanluis.com\/index.php\/2024\/06\/14\/la-unsl-se-suma-a-la-modernizacion-del-sistema-electoral-provincial\/"]}]},{"@type":"ImageObject","inLanguage":"es-AR","@id":"https:\/\/apuntesdesanluis.com\/index.php\/2024\/06\/14\/la-unsl-se-suma-a-la-modernizacion-del-sistema-electoral-provincial\/#primaryimage","url":"https:\/\/apuntesdesanluis.com\/wp-content\/uploads\/2024\/06\/giraudo-morinigo.jpg","contentUrl":"https:\/\/apuntesdesanluis.com\/wp-content\/uploads\/2024\/06\/giraudo-morinigo.jpg","width":600,"height":382},{"@type":"BreadcrumbList","@id":"https:\/\/apuntesdesanluis.com\/index.php\/2024\/06\/14\/la-unsl-se-suma-a-la-modernizacion-del-sistema-electoral-provincial\/#breadcrumb","itemListElement":[{"@type":"ListItem","position":1,"name":"Inicio","item":"https:\/\/apuntesdesanluis.com\/"},{"@type":"ListItem","position":2,"name":"LA UNSL SE SUMA A LA MODERNIZACI\u00d3N DEL SISTEMA ELECTORAL PROVINCIAL"}]},{"@type":"WebSite","@id":"https:\/\/apuntesdesanluis.com\/#website","url":"https:\/\/apuntesdesanluis.com\/","name":"Apuntes de San Luis","description":"","publisher":{"@id":"https:\/\/apuntesdesanluis.com\/#\/schema\/person\/b55151d52296fcce64d1a72538a70b90"},"potentialAction":[{"@type":"SearchAction","target":{"@type":"EntryPoint","urlTemplate":"https:\/\/apuntesdesanluis.com\/?s={search_term_string}"},"query-input":{"@type":"PropertyValueSpecification","valueRequired":true,"valueName":"search_term_string"}}],"inLanguage":"es-AR"},{"@type":["Person","Organization"],"@id":"https:\/\/apuntesdesanluis.com\/#\/schema\/person\/b55151d52296fcce64d1a72538a70b90","name":"apuntesdesanluis.com","image":{"@type":"ImageObject","inLanguage":"es-AR","@id":"https:\/\/apuntesdesanluis.com\/#\/schema\/person\/image\/","url":"https:\/\/apuntesdesanluis.com\/wp-content\/uploads\/2023\/07\/cropped-apuntesdesanluis.png","contentUrl":"https:\/\/apuntesdesanluis.com\/wp-content\/uploads\/2023\/07\/cropped-apuntesdesanluis.png","width":450,"height":112,"caption":"apuntesdesanluis.com"},"logo":{"@id":"https:\/\/apuntesdesanluis.com\/#\/schema\/person\/image\/"},"sameAs":["https:\/\/apuntesdesanluis.com"],"url":"https:\/\/apuntesdesanluis.com\/index.php\/author\/apuntesdesanluis-com\/"}]}},"featured_image_urls":{"full":["https:\/\/apuntesdesanluis.com\/wp-content\/uploads\/2024\/06\/giraudo-morinigo.jpg",600,382,false],"thumbnail":["https:\/\/apuntesdesanluis.com\/wp-content\/uploads\/2024\/06\/giraudo-morinigo-150x150.jpg",150,150,true],"medium":["https:\/\/apuntesdesanluis.com\/wp-content\/uploads\/2024\/06\/giraudo-morinigo-300x191.jpg",300,191,true],"medium_large":["https:\/\/apuntesdesanluis.com\/wp-content\/uploads\/2024\/06\/giraudo-morinigo.jpg",600,382,false],"large":["https:\/\/apuntesdesanluis.com\/wp-content\/uploads\/2024\/06\/giraudo-morinigo.jpg",600,382,false],"1536x1536":["https:\/\/apuntesdesanluis.com\/wp-content\/uploads\/2024\/06\/giraudo-morinigo.jpg",600,382,false],"2048x2048":["https:\/\/apuntesdesanluis.com\/wp-content\/uploads\/2024\/06\/giraudo-morinigo.jpg",600,382,false],"newsever-slider-full":["https:\/\/apuntesdesanluis.com\/wp-content\/uploads\/2024\/06\/giraudo-morinigo.jpg",600,382,false],"newsever-featured":["https:\/\/apuntesdesanluis.com\/wp-content\/uploads\/2024\/06\/giraudo-morinigo.jpg",600,382,false],"newsever-medium":["https:\/\/apuntesdesanluis.com\/wp-content\/uploads\/2024\/06\/giraudo-morinigo.jpg",600,382,false]},"author_info":{"display_name":"apuntesdesanluis.com","author_link":"https:\/\/apuntesdesanluis.com\/index.php\/author\/apuntesdesanluis-com\/"},"category_info":"<a href=\"https:\/\/apuntesdesanluis.com\/index.php\/category\/ciudad-provincia\/\" rel=\"category tag\">Ciudad\/Provincia<\/a>","tag_info":"Ciudad\/Provincia","comment_count":"0","_links":{"self":[{"href":"https:\/\/apuntesdesanluis.com\/index.php\/wp-json\/wp\/v2\/posts\/17883","targetHints":{"allow":["GET"]}}],"collection":[{"href":"https:\/\/apuntesdesanluis.com\/index.php\/wp-json\/wp\/v2\/posts"}],"about":[{"href":"https:\/\/apuntesdesanluis.com\/index.php\/wp-json\/wp\/v2\/types\/post"}],"author":[{"embeddable":true,"href":"https:\/\/apuntesdesanluis.com\/index.php\/wp-json\/wp\/v2\/users\/1"}],"replies":[{"embeddable":true,"href":"https:\/\/apuntesdesanluis.com\/index.php\/wp-json\/wp\/v2\/comments?post=17883"}],"version-history":[{"count":1,"href":"https:\/\/apuntesdesanluis.com\/index.php\/wp-json\/wp\/v2\/posts\/17883\/revisions"}],"predecessor-version":[{"id":17886,"href":"https:\/\/apuntesdesanluis.com\/index.php\/wp-json\/wp\/v2\/posts\/17883\/revisions\/17886"}],"wp:featuredmedia":[{"embeddable":true,"href":"https:\/\/apuntesdesanluis.com\/index.php\/wp-json\/wp\/v2\/media\/17884"}],"wp:attachment":[{"href":"https:\/\/apuntesdesanluis.com\/index.php\/wp-json\/wp\/v2\/media?parent=17883"}],"wp:term":[{"taxonomy":"category","embeddable":true,"href":"https:\/\/apuntesdesanluis.com\/index.php\/wp-json\/wp\/v2\/categories?post=17883"},{"taxonomy":"post_tag","embeddable":true,"href":"https:\/\/apuntesdesanluis.com\/index.php\/wp-json\/wp\/v2\/tags?post=17883"}],"curies":[{"name":"wp","href":"https:\/\/api.w.org\/{rel}","templated":true}]}}