{"id":17904,"date":"2024-06-14T21:16:11","date_gmt":"2024-06-15T00:16:11","guid":{"rendered":"https:\/\/apuntesdesanluis.com\/?p=17904"},"modified":"2024-06-14T21:16:11","modified_gmt":"2024-06-15T00:16:11","slug":"odio-y-brujeria-18-y-15-anos-de-prision-para-la-pareja-acusada-de-homicidio","status":"publish","type":"post","link":"https:\/\/apuntesdesanluis.com\/index.php\/2024\/06\/14\/odio-y-brujeria-18-y-15-anos-de-prision-para-la-pareja-acusada-de-homicidio\/","title":{"rendered":"ODIO Y BRUJER\u00cdA: 18 Y 15 A\u00d1OS DE PRISI\u00d3N PARA LA PAREJA ACUSADA DE HOMICIDIO"},"content":{"rendered":"<h3>Este viernes, el Colegio de Jueces de la Primera Circunscripci\u00f3n Judicial declar\u00f3 culpable a <strong>Mat\u00edas Balada<\/strong> por ser autor material y penalmente responsable del delito de homicidio simple agravado por el uso de arma de fuego (un hecho) y a Sandra P\u00e1ez Gitto, por resultar instigadora de homicidio simple agravado por el uso de arma de fuego (un hecho), conden\u00e1ndolos a sufrir la pena de 18 y 15 a\u00f1os de prisi\u00f3n, respectivamente.<\/h3>\n<h3>El hecho ocurri\u00f3 el 25 de abril de 2020, cuando <strong>Julio Alberto Olariaga<\/strong> recibi\u00f3 tres impactos de bala calibre 22 en la puerta de su casa. De acuerdo con la acusaci\u00f3n fiscal, esa noche la v\u00edctima de 53 a\u00f1os se encontraba con su pareja Silvia Fern\u00e1ndez cuando tocaron el timbre de su vivienda, ubicada sobre Abelardo Figueroa al 800, y sali\u00f3 a atender. A una corta distancia, dos balazos rozaron su abdomen, pero un tercer proyectil lo alcanz\u00f3 a la altura del pecho. El hombre falleci\u00f3 a los pocos minutos por un shock hipovol\u00e9mico.<\/h3>\n<p><img fetchpriority=\"high\" decoding=\"async\" class=\"wp-image-17905 aligncenter\" src=\"https:\/\/apuntesdesanluis.com\/wp-content\/uploads\/2024\/06\/DETENIDOS-300x160.png\" alt=\"\" width=\"681\" height=\"363\" srcset=\"https:\/\/apuntesdesanluis.com\/wp-content\/uploads\/2024\/06\/DETENIDOS-300x160.png 300w, https:\/\/apuntesdesanluis.com\/wp-content\/uploads\/2024\/06\/DETENIDOS.png 600w\" sizes=\"(max-width: 681px) 100vw, 681px\" \/><\/p>\n<h3>En su alegato de cierre, la Fiscal de Juicio N\u00ba 1, <strong>Virginia Palacios<\/strong>, reafirm\u00f3 el plan en com\u00fan de los acusados, planteado en la primera audiencia del debate oral y denominado \u201cfamilia por familia\u201d, cuyo fin era terminar con la vida de la v\u00edctima.<\/h3>\n<h3>El Ministerio P\u00fablico Fiscal sostuvo que para llevar adelante la acci\u00f3n realizaron una serie de maniobras y diligencias \u201cconducentes a llegar a la v\u00edctima y as\u00ed poder ejecutar de mano propia el hecho en cuesti\u00f3n. Ese plan ten\u00eda un escenario en el que P\u00e1ez Gitto ten\u00eda una relaci\u00f3n amorosa que se habr\u00eda frustrado con Olariaga y que, a su vez, Balada hab\u00eda acudido a sus servicios espirituales para que pueda volver con su familia\u201d. En este sentido, estableci\u00f3 el grado de participaci\u00f3n de cada imputado: Balada en calidad de autor material y P\u00e1ez Gitto en calidad de instigadora, cuyo medio de ejecuci\u00f3n de conexi\u00f3n fue la existencia de promesa de \u201cfamilia por familia\u201d.<\/h3>\n<h3>Como circunstancia agravante para Balada hall\u00f3 la existencia de antecedentes penales, sin encontrar atenuantes para los dos acusados. Asimismo, como circunstancias agravantes en com\u00fan a ambos imputados, la Fiscal detall\u00f3: la naturaleza de la acci\u00f3n; los medios empleados; la extensi\u00f3n del da\u00f1o; la pluralidad de intervinientes; los conocimientos espec\u00edficos en el uso de arma. Por este motivo, solicit\u00f3 la pena de 20 a\u00f1os de prisi\u00f3n para Balada y 19 a\u00f1os para P\u00e1ez Gitto.<\/h3>\n<h3>La Defensora de Juicio N\u00b0 2, Cecilia Cabello, representante de P\u00e1ez Gitto, manifest\u00f3 que no se pudo advertir el motivo por el cual su representada est\u00e1 acusada del hecho. Asimismo, hizo hincapi\u00e9 en que la imputada \u201cno mat\u00f3, no dispar\u00f3 y nunca tuvo la intenci\u00f3n de matar a Julio Olariaga\u201d.<\/h3>\n<h3>Cabello asegur\u00f3 que su defendida tuvo encuentros con la v\u00edctima y se enamor\u00f3. Ese amor no era correspondido, por lo que su intenci\u00f3n era tener una relaci\u00f3n y se torn\u00f3 una obsesi\u00f3n, \u201cquer\u00eda tener una relaci\u00f3n que no ten\u00eda, quer\u00eda amarrarlo (asegurarlo). Ella lo amaba, no hay ning\u00fan indicio o prueba de un hechizo para mandarlo a matar, todas las invocaciones eran de amor\u201d.<\/h3>\n<h3>La Defensora asegur\u00f3 que la finalidad de la mujer era asustar a la v\u00edctima, e hizo referencia a que no existen mensajes que indiquen la intenci\u00f3n de matar. Como agravante se refiri\u00f3 a que se desacredit\u00f3 la relaci\u00f3n de pareja y no hubo promesa de pago. Respecto al uso del arma de fuego insisti\u00f3 en que no hubo relaci\u00f3n con su defendida, como as\u00ed tampoco se acredit\u00f3 la manipulaci\u00f3n psicol\u00f3gica y sostuvo que no corresponde la extensi\u00f3n de da\u00f1o.<\/h3>\n<h3>Antes de finalizar, la representante de la P\u00e1ez Gitto, pidi\u00f3 la absoluci\u00f3n por el beneficio de la duda y en su defecto, solicit\u00f3 el m\u00ednimo de la pena.<\/h3>\n<h3>Por su parte, el Defensor de Juicio N\u00ba 1, Esteban Sala se refiri\u00f3 a su representado y dijo que no iban a discutir la autor\u00eda material de Mat\u00edas Balada. Pero si asegur\u00f3 que no hab\u00eda ning\u00fan plan homicida, sino que hab\u00eda alguien que mandaba.<\/h3>\n<h3>Pidi\u00f3 tener en cuenta que no existe el agravante de promesa remuneratoria, que no se pudo acreditar el v\u00ednculo de pareja entre P\u00e1ez Gitto y Olariaga y tampoco que Balada conociera a la v\u00edctima, \u201clo que estaba haciendo era asustar e intimar para que pague algo a P\u00e1ez Gitto\u201d. Tambi\u00e9n agreg\u00f3 que la imputada le encomend\u00f3 a su defendido causarle una molestia, pero no quitarle la vida.<\/h3>\n<h3>En este punto, Sala sostuvo que no existe dolo directo, sino un dolo eventual, debido a las \u00f3rdenes que recib\u00eda Balada de asustar, no de matar.<\/h3>\n<h3>Como atenuante consider\u00f3 la vulnerabilidad de su representado, que prest\u00f3 declaraci\u00f3n y reconoci\u00f3 su autor\u00eda. Adem\u00e1s, agreg\u00f3 que usar el arma es parte del agravante y asegur\u00f3 que la naturaleza de la acci\u00f3n no es una agravante, como tampoco las tareas de inteligencia y la pluralidad de intervinientes. Por lo expuesto, el Defensor de Juicio solicit\u00f3 una pena justa, conforme a lo rese\u00f1ado y a la actitud de su defendido durante el proceso, cercana a los m\u00ednimos legales, esto es: 10 a\u00f1os y 8 meses de prisi\u00f3n.<\/h3>\n<h3>El debate oral y p\u00fablico estuvo a cargo de los jueces del Colegio de la ciudad de San Luis, Mar\u00eda Eugenia Zabala Chacur, Adriana Lucero Alfonso y Ariel Parrillis. Este se extendi\u00f3 a lo largo de cinco jornadas.<\/h3>\n<p>&nbsp;<\/p>\n<h3><span style=\"color: #3366ff;\">NOTICIA RELACIONADA:<\/span><\/h3>\n<p><a href=\"https:\/\/apuntesdesanluis.com\/index.php\/2024\/06\/11\/develan-una-oscura-trama-de-odio-y-brujeria-detras-del-homicidio-de-un-hombre-de-53-anos\/\" target=\"_blank\" rel=\"noopener\"><img decoding=\"async\" class=\"alignnone  wp-image-17906\" src=\"https:\/\/apuntesdesanluis.com\/wp-content\/uploads\/2024\/06\/POSTEO-1-300x234.png\" alt=\"\" width=\"505\" height=\"394\" srcset=\"https:\/\/apuntesdesanluis.com\/wp-content\/uploads\/2024\/06\/POSTEO-1-300x234.png 300w, https:\/\/apuntesdesanluis.com\/wp-content\/uploads\/2024\/06\/POSTEO-1.png 619w\" sizes=\"(max-width: 505px) 100vw, 505px\" \/><\/a><\/p>\n<p>&nbsp;<\/p>\n<p>&nbsp;<\/p>\n<p>&nbsp;<\/p>\n<p>&nbsp;<\/p>\n","protected":false},"excerpt":{"rendered":"<p>Este viernes, el Colegio de Jueces de la Primera Circunscripci\u00f3n Judicial declar\u00f3 culpable a Mat\u00edas&#8230;<\/p>\n","protected":false},"author":1,"featured_media":17690,"comment_status":"closed","ping_status":"closed","sticky":false,"template":"","format":"standard","meta":{"footnotes":""},"categories":[6],"tags":[],"class_list":["post-17904","post","type-post","status-publish","format-standard","has-post-thumbnail","hentry","category-ciudad-provincia"],"yoast_head":"<!-- This site is optimized with the Yoast SEO plugin v26.1.1 - https:\/\/yoast.com\/wordpress\/plugins\/seo\/ -->\n<title>ODIO Y BRUJER\u00cdA: 18 Y 15 A\u00d1OS DE PRISI\u00d3N PARA LA PAREJA ACUSADA DE HOMICIDIO - Apuntes de San Luis<\/title>\n<meta name=\"robots\" content=\"index, follow, max-snippet:-1, max-image-preview:large, max-video-preview:-1\" \/>\n<link rel=\"canonical\" href=\"https:\/\/apuntesdesanluis.com\/index.php\/2024\/06\/14\/odio-y-brujeria-18-y-15-anos-de-prision-para-la-pareja-acusada-de-homicidio\/\" \/>\n<meta property=\"og:locale\" content=\"es_ES\" \/>\n<meta property=\"og:type\" content=\"article\" \/>\n<meta property=\"og:title\" content=\"ODIO Y BRUJER\u00cdA: 18 Y 15 A\u00d1OS DE PRISI\u00d3N PARA LA PAREJA ACUSADA DE HOMICIDIO - Apuntes de San Luis\" \/>\n<meta property=\"og:description\" content=\"Este viernes, el Colegio de Jueces de la Primera Circunscripci\u00f3n Judicial declar\u00f3 culpable a Mat\u00edas...\" \/>\n<meta property=\"og:url\" content=\"https:\/\/apuntesdesanluis.com\/index.php\/2024\/06\/14\/odio-y-brujeria-18-y-15-anos-de-prision-para-la-pareja-acusada-de-homicidio\/\" \/>\n<meta property=\"og:site_name\" content=\"Apuntes de San Luis\" \/>\n<meta property=\"article:published_time\" content=\"2024-06-15T00:16:11+00:00\" \/>\n<meta property=\"og:image\" content=\"https:\/\/apuntesdesanluis.com\/wp-content\/uploads\/2024\/06\/juicio-1.png\" \/>\n\t<meta property=\"og:image:width\" content=\"717\" \/>\n\t<meta property=\"og:image:height\" content=\"405\" \/>\n\t<meta property=\"og:image:type\" content=\"image\/png\" \/>\n<meta name=\"author\" content=\"apuntesdesanluis.com\" \/>\n<meta name=\"twitter:card\" content=\"summary_large_image\" \/>\n<meta name=\"twitter:label1\" content=\"Escrito por\" \/>\n\t<meta name=\"twitter:data1\" content=\"apuntesdesanluis.com\" \/>\n\t<meta name=\"twitter:label2\" content=\"Tiempo de lectura\" \/>\n\t<meta name=\"twitter:data2\" content=\"5 minutos\" \/>\n<script type=\"application\/ld+json\" class=\"yoast-schema-graph\">{\"@context\":\"https:\/\/schema.org\",\"@graph\":[{\"@type\":\"Article\",\"@id\":\"https:\/\/apuntesdesanluis.com\/index.php\/2024\/06\/14\/odio-y-brujeria-18-y-15-anos-de-prision-para-la-pareja-acusada-de-homicidio\/#article\",\"isPartOf\":{\"@id\":\"https:\/\/apuntesdesanluis.com\/index.php\/2024\/06\/14\/odio-y-brujeria-18-y-15-anos-de-prision-para-la-pareja-acusada-de-homicidio\/\"},\"author\":{\"name\":\"apuntesdesanluis.com\",\"@id\":\"https:\/\/apuntesdesanluis.com\/#\/schema\/person\/b55151d52296fcce64d1a72538a70b90\"},\"headline\":\"ODIO Y BRUJER\u00cdA: 18 Y 15 A\u00d1OS DE PRISI\u00d3N PARA LA PAREJA ACUSADA DE HOMICIDIO\",\"datePublished\":\"2024-06-15T00:16:11+00:00\",\"mainEntityOfPage\":{\"@id\":\"https:\/\/apuntesdesanluis.com\/index.php\/2024\/06\/14\/odio-y-brujeria-18-y-15-anos-de-prision-para-la-pareja-acusada-de-homicidio\/\"},\"wordCount\":967,\"publisher\":{\"@id\":\"https:\/\/apuntesdesanluis.com\/#\/schema\/person\/b55151d52296fcce64d1a72538a70b90\"},\"image\":{\"@id\":\"https:\/\/apuntesdesanluis.com\/index.php\/2024\/06\/14\/odio-y-brujeria-18-y-15-anos-de-prision-para-la-pareja-acusada-de-homicidio\/#primaryimage\"},\"thumbnailUrl\":\"https:\/\/apuntesdesanluis.com\/wp-content\/uploads\/2024\/06\/juicio-1.png\",\"articleSection\":[\"Ciudad\/Provincia\"],\"inLanguage\":\"es-AR\"},{\"@type\":\"WebPage\",\"@id\":\"https:\/\/apuntesdesanluis.com\/index.php\/2024\/06\/14\/odio-y-brujeria-18-y-15-anos-de-prision-para-la-pareja-acusada-de-homicidio\/\",\"url\":\"https:\/\/apuntesdesanluis.com\/index.php\/2024\/06\/14\/odio-y-brujeria-18-y-15-anos-de-prision-para-la-pareja-acusada-de-homicidio\/\",\"name\":\"ODIO Y BRUJER\u00cdA: 18 Y 15 A\u00d1OS DE PRISI\u00d3N PARA LA PAREJA ACUSADA DE HOMICIDIO - Apuntes de San Luis\",\"isPartOf\":{\"@id\":\"https:\/\/apuntesdesanluis.com\/#website\"},\"primaryImageOfPage\":{\"@id\":\"https:\/\/apuntesdesanluis.com\/index.php\/2024\/06\/14\/odio-y-brujeria-18-y-15-anos-de-prision-para-la-pareja-acusada-de-homicidio\/#primaryimage\"},\"image\":{\"@id\":\"https:\/\/apuntesdesanluis.com\/index.php\/2024\/06\/14\/odio-y-brujeria-18-y-15-anos-de-prision-para-la-pareja-acusada-de-homicidio\/#primaryimage\"},\"thumbnailUrl\":\"https:\/\/apuntesdesanluis.com\/wp-content\/uploads\/2024\/06\/juicio-1.png\",\"datePublished\":\"2024-06-15T00:16:11+00:00\",\"breadcrumb\":{\"@id\":\"https:\/\/apuntesdesanluis.com\/index.php\/2024\/06\/14\/odio-y-brujeria-18-y-15-anos-de-prision-para-la-pareja-acusada-de-homicidio\/#breadcrumb\"},\"inLanguage\":\"es-AR\",\"potentialAction\":[{\"@type\":\"ReadAction\",\"target\":[\"https:\/\/apuntesdesanluis.com\/index.php\/2024\/06\/14\/odio-y-brujeria-18-y-15-anos-de-prision-para-la-pareja-acusada-de-homicidio\/\"]}]},{\"@type\":\"ImageObject\",\"inLanguage\":\"es-AR\",\"@id\":\"https:\/\/apuntesdesanluis.com\/index.php\/2024\/06\/14\/odio-y-brujeria-18-y-15-anos-de-prision-para-la-pareja-acusada-de-homicidio\/#primaryimage\",\"url\":\"https:\/\/apuntesdesanluis.com\/wp-content\/uploads\/2024\/06\/juicio-1.png\",\"contentUrl\":\"https:\/\/apuntesdesanluis.com\/wp-content\/uploads\/2024\/06\/juicio-1.png\",\"width\":717,\"height\":405},{\"@type\":\"BreadcrumbList\",\"@id\":\"https:\/\/apuntesdesanluis.com\/index.php\/2024\/06\/14\/odio-y-brujeria-18-y-15-anos-de-prision-para-la-pareja-acusada-de-homicidio\/#breadcrumb\",\"itemListElement\":[{\"@type\":\"ListItem\",\"position\":1,\"name\":\"Inicio\",\"item\":\"https:\/\/apuntesdesanluis.com\/\"},{\"@type\":\"ListItem\",\"position\":2,\"name\":\"ODIO Y BRUJER\u00cdA: 18 Y 15 A\u00d1OS DE PRISI\u00d3N PARA LA PAREJA ACUSADA DE HOMICIDIO\"}]},{\"@type\":\"WebSite\",\"@id\":\"https:\/\/apuntesdesanluis.com\/#website\",\"url\":\"https:\/\/apuntesdesanluis.com\/\",\"name\":\"Apuntes de San Luis\",\"description\":\"\",\"publisher\":{\"@id\":\"https:\/\/apuntesdesanluis.com\/#\/schema\/person\/b55151d52296fcce64d1a72538a70b90\"},\"potentialAction\":[{\"@type\":\"SearchAction\",\"target\":{\"@type\":\"EntryPoint\",\"urlTemplate\":\"https:\/\/apuntesdesanluis.com\/?s={search_term_string}\"},\"query-input\":{\"@type\":\"PropertyValueSpecification\",\"valueRequired\":true,\"valueName\":\"search_term_string\"}}],\"inLanguage\":\"es-AR\"},{\"@type\":[\"Person\",\"Organization\"],\"@id\":\"https:\/\/apuntesdesanluis.com\/#\/schema\/person\/b55151d52296fcce64d1a72538a70b90\",\"name\":\"apuntesdesanluis.com\",\"image\":{\"@type\":\"ImageObject\",\"inLanguage\":\"es-AR\",\"@id\":\"https:\/\/apuntesdesanluis.com\/#\/schema\/person\/image\/\",\"url\":\"https:\/\/apuntesdesanluis.com\/wp-content\/uploads\/2023\/07\/cropped-apuntesdesanluis.png\",\"contentUrl\":\"https:\/\/apuntesdesanluis.com\/wp-content\/uploads\/2023\/07\/cropped-apuntesdesanluis.png\",\"width\":450,\"height\":112,\"caption\":\"apuntesdesanluis.com\"},\"logo\":{\"@id\":\"https:\/\/apuntesdesanluis.com\/#\/schema\/person\/image\/\"},\"sameAs\":[\"https:\/\/apuntesdesanluis.com\"],\"url\":\"https:\/\/apuntesdesanluis.com\/index.php\/author\/apuntesdesanluis-com\/\"}]}<\/script>\n<!-- \/ Yoast SEO plugin. -->","yoast_head_json":{"title":"ODIO Y BRUJER\u00cdA: 18 Y 15 A\u00d1OS DE PRISI\u00d3N PARA LA PAREJA ACUSADA DE HOMICIDIO - Apuntes de San Luis","robots":{"index":"index","follow":"follow","max-snippet":"max-snippet:-1","max-image-preview":"max-image-preview:large","max-video-preview":"max-video-preview:-1"},"canonical":"https:\/\/apuntesdesanluis.com\/index.php\/2024\/06\/14\/odio-y-brujeria-18-y-15-anos-de-prision-para-la-pareja-acusada-de-homicidio\/","og_locale":"es_ES","og_type":"article","og_title":"ODIO Y BRUJER\u00cdA: 18 Y 15 A\u00d1OS DE PRISI\u00d3N PARA LA PAREJA ACUSADA DE HOMICIDIO - Apuntes de San Luis","og_description":"Este viernes, el Colegio de Jueces de la Primera Circunscripci\u00f3n Judicial declar\u00f3 culpable a Mat\u00edas...","og_url":"https:\/\/apuntesdesanluis.com\/index.php\/2024\/06\/14\/odio-y-brujeria-18-y-15-anos-de-prision-para-la-pareja-acusada-de-homicidio\/","og_site_name":"Apuntes de San Luis","article_published_time":"2024-06-15T00:16:11+00:00","og_image":[{"width":717,"height":405,"url":"https:\/\/apuntesdesanluis.com\/wp-content\/uploads\/2024\/06\/juicio-1.png","type":"image\/png"}],"author":"apuntesdesanluis.com","twitter_card":"summary_large_image","twitter_misc":{"Escrito por":"apuntesdesanluis.com","Tiempo de lectura":"5 minutos"},"schema":{"@context":"https:\/\/schema.org","@graph":[{"@type":"Article","@id":"https:\/\/apuntesdesanluis.com\/index.php\/2024\/06\/14\/odio-y-brujeria-18-y-15-anos-de-prision-para-la-pareja-acusada-de-homicidio\/#article","isPartOf":{"@id":"https:\/\/apuntesdesanluis.com\/index.php\/2024\/06\/14\/odio-y-brujeria-18-y-15-anos-de-prision-para-la-pareja-acusada-de-homicidio\/"},"author":{"name":"apuntesdesanluis.com","@id":"https:\/\/apuntesdesanluis.com\/#\/schema\/person\/b55151d52296fcce64d1a72538a70b90"},"headline":"ODIO Y BRUJER\u00cdA: 18 Y 15 A\u00d1OS DE PRISI\u00d3N PARA LA PAREJA ACUSADA DE HOMICIDIO","datePublished":"2024-06-15T00:16:11+00:00","mainEntityOfPage":{"@id":"https:\/\/apuntesdesanluis.com\/index.php\/2024\/06\/14\/odio-y-brujeria-18-y-15-anos-de-prision-para-la-pareja-acusada-de-homicidio\/"},"wordCount":967,"publisher":{"@id":"https:\/\/apuntesdesanluis.com\/#\/schema\/person\/b55151d52296fcce64d1a72538a70b90"},"image":{"@id":"https:\/\/apuntesdesanluis.com\/index.php\/2024\/06\/14\/odio-y-brujeria-18-y-15-anos-de-prision-para-la-pareja-acusada-de-homicidio\/#primaryimage"},"thumbnailUrl":"https:\/\/apuntesdesanluis.com\/wp-content\/uploads\/2024\/06\/juicio-1.png","articleSection":["Ciudad\/Provincia"],"inLanguage":"es-AR"},{"@type":"WebPage","@id":"https:\/\/apuntesdesanluis.com\/index.php\/2024\/06\/14\/odio-y-brujeria-18-y-15-anos-de-prision-para-la-pareja-acusada-de-homicidio\/","url":"https:\/\/apuntesdesanluis.com\/index.php\/2024\/06\/14\/odio-y-brujeria-18-y-15-anos-de-prision-para-la-pareja-acusada-de-homicidio\/","name":"ODIO Y BRUJER\u00cdA: 18 Y 15 A\u00d1OS DE PRISI\u00d3N PARA LA PAREJA ACUSADA DE HOMICIDIO - Apuntes de San Luis","isPartOf":{"@id":"https:\/\/apuntesdesanluis.com\/#website"},"primaryImageOfPage":{"@id":"https:\/\/apuntesdesanluis.com\/index.php\/2024\/06\/14\/odio-y-brujeria-18-y-15-anos-de-prision-para-la-pareja-acusada-de-homicidio\/#primaryimage"},"image":{"@id":"https:\/\/apuntesdesanluis.com\/index.php\/2024\/06\/14\/odio-y-brujeria-18-y-15-anos-de-prision-para-la-pareja-acusada-de-homicidio\/#primaryimage"},"thumbnailUrl":"https:\/\/apuntesdesanluis.com\/wp-content\/uploads\/2024\/06\/juicio-1.png","datePublished":"2024-06-15T00:16:11+00:00","breadcrumb":{"@id":"https:\/\/apuntesdesanluis.com\/index.php\/2024\/06\/14\/odio-y-brujeria-18-y-15-anos-de-prision-para-la-pareja-acusada-de-homicidio\/#breadcrumb"},"inLanguage":"es-AR","potentialAction":[{"@type":"ReadAction","target":["https:\/\/apuntesdesanluis.com\/index.php\/2024\/06\/14\/odio-y-brujeria-18-y-15-anos-de-prision-para-la-pareja-acusada-de-homicidio\/"]}]},{"@type":"ImageObject","inLanguage":"es-AR","@id":"https:\/\/apuntesdesanluis.com\/index.php\/2024\/06\/14\/odio-y-brujeria-18-y-15-anos-de-prision-para-la-pareja-acusada-de-homicidio\/#primaryimage","url":"https:\/\/apuntesdesanluis.com\/wp-content\/uploads\/2024\/06\/juicio-1.png","contentUrl":"https:\/\/apuntesdesanluis.com\/wp-content\/uploads\/2024\/06\/juicio-1.png","width":717,"height":405},{"@type":"BreadcrumbList","@id":"https:\/\/apuntesdesanluis.com\/index.php\/2024\/06\/14\/odio-y-brujeria-18-y-15-anos-de-prision-para-la-pareja-acusada-de-homicidio\/#breadcrumb","itemListElement":[{"@type":"ListItem","position":1,"name":"Inicio","item":"https:\/\/apuntesdesanluis.com\/"},{"@type":"ListItem","position":2,"name":"ODIO Y BRUJER\u00cdA: 18 Y 15 A\u00d1OS DE PRISI\u00d3N PARA LA PAREJA ACUSADA DE HOMICIDIO"}]},{"@type":"WebSite","@id":"https:\/\/apuntesdesanluis.com\/#website","url":"https:\/\/apuntesdesanluis.com\/","name":"Apuntes de San Luis","description":"","publisher":{"@id":"https:\/\/apuntesdesanluis.com\/#\/schema\/person\/b55151d52296fcce64d1a72538a70b90"},"potentialAction":[{"@type":"SearchAction","target":{"@type":"EntryPoint","urlTemplate":"https:\/\/apuntesdesanluis.com\/?s={search_term_string}"},"query-input":{"@type":"PropertyValueSpecification","valueRequired":true,"valueName":"search_term_string"}}],"inLanguage":"es-AR"},{"@type":["Person","Organization"],"@id":"https:\/\/apuntesdesanluis.com\/#\/schema\/person\/b55151d52296fcce64d1a72538a70b90","name":"apuntesdesanluis.com","image":{"@type":"ImageObject","inLanguage":"es-AR","@id":"https:\/\/apuntesdesanluis.com\/#\/schema\/person\/image\/","url":"https:\/\/apuntesdesanluis.com\/wp-content\/uploads\/2023\/07\/cropped-apuntesdesanluis.png","contentUrl":"https:\/\/apuntesdesanluis.com\/wp-content\/uploads\/2023\/07\/cropped-apuntesdesanluis.png","width":450,"height":112,"caption":"apuntesdesanluis.com"},"logo":{"@id":"https:\/\/apuntesdesanluis.com\/#\/schema\/person\/image\/"},"sameAs":["https:\/\/apuntesdesanluis.com"],"url":"https:\/\/apuntesdesanluis.com\/index.php\/author\/apuntesdesanluis-com\/"}]}},"featured_image_urls":{"full":["https:\/\/apuntesdesanluis.com\/wp-content\/uploads\/2024\/06\/juicio-1.png",717,405,false],"thumbnail":["https:\/\/apuntesdesanluis.com\/wp-content\/uploads\/2024\/06\/juicio-1-150x150.png",150,150,true],"medium":["https:\/\/apuntesdesanluis.com\/wp-content\/uploads\/2024\/06\/juicio-1-300x169.png",300,169,true],"medium_large":["https:\/\/apuntesdesanluis.com\/wp-content\/uploads\/2024\/06\/juicio-1.png",640,362,false],"large":["https:\/\/apuntesdesanluis.com\/wp-content\/uploads\/2024\/06\/juicio-1.png",640,362,false],"1536x1536":["https:\/\/apuntesdesanluis.com\/wp-content\/uploads\/2024\/06\/juicio-1.png",717,405,false],"2048x2048":["https:\/\/apuntesdesanluis.com\/wp-content\/uploads\/2024\/06\/juicio-1.png",717,405,false],"newsever-slider-full":["https:\/\/apuntesdesanluis.com\/wp-content\/uploads\/2024\/06\/juicio-1.png",717,405,false],"newsever-featured":["https:\/\/apuntesdesanluis.com\/wp-content\/uploads\/2024\/06\/juicio-1.png",717,405,false],"newsever-medium":["https:\/\/apuntesdesanluis.com\/wp-content\/uploads\/2024\/06\/juicio-1.png",717,405,false]},"author_info":{"display_name":"apuntesdesanluis.com","author_link":"https:\/\/apuntesdesanluis.com\/index.php\/author\/apuntesdesanluis-com\/"},"category_info":"<a href=\"https:\/\/apuntesdesanluis.com\/index.php\/category\/ciudad-provincia\/\" rel=\"category tag\">Ciudad\/Provincia<\/a>","tag_info":"Ciudad\/Provincia","comment_count":"0","_links":{"self":[{"href":"https:\/\/apuntesdesanluis.com\/index.php\/wp-json\/wp\/v2\/posts\/17904","targetHints":{"allow":["GET"]}}],"collection":[{"href":"https:\/\/apuntesdesanluis.com\/index.php\/wp-json\/wp\/v2\/posts"}],"about":[{"href":"https:\/\/apuntesdesanluis.com\/index.php\/wp-json\/wp\/v2\/types\/post"}],"author":[{"embeddable":true,"href":"https:\/\/apuntesdesanluis.com\/index.php\/wp-json\/wp\/v2\/users\/1"}],"replies":[{"embeddable":true,"href":"https:\/\/apuntesdesanluis.com\/index.php\/wp-json\/wp\/v2\/comments?post=17904"}],"version-history":[{"count":1,"href":"https:\/\/apuntesdesanluis.com\/index.php\/wp-json\/wp\/v2\/posts\/17904\/revisions"}],"predecessor-version":[{"id":17907,"href":"https:\/\/apuntesdesanluis.com\/index.php\/wp-json\/wp\/v2\/posts\/17904\/revisions\/17907"}],"wp:featuredmedia":[{"embeddable":true,"href":"https:\/\/apuntesdesanluis.com\/index.php\/wp-json\/wp\/v2\/media\/17690"}],"wp:attachment":[{"href":"https:\/\/apuntesdesanluis.com\/index.php\/wp-json\/wp\/v2\/media?parent=17904"}],"wp:term":[{"taxonomy":"category","embeddable":true,"href":"https:\/\/apuntesdesanluis.com\/index.php\/wp-json\/wp\/v2\/categories?post=17904"},{"taxonomy":"post_tag","embeddable":true,"href":"https:\/\/apuntesdesanluis.com\/index.php\/wp-json\/wp\/v2\/tags?post=17904"}],"curies":[{"name":"wp","href":"https:\/\/api.w.org\/{rel}","templated":true}]}}