{"id":17908,"date":"2024-06-14T21:20:59","date_gmt":"2024-06-15T00:20:59","guid":{"rendered":"https:\/\/apuntesdesanluis.com\/?p=17908"},"modified":"2024-06-14T21:20:59","modified_gmt":"2024-06-15T00:20:59","slug":"hay-314-cargos-jerarquicos-a-concursar-en-escuelas-de-toda-la-provincia","status":"publish","type":"post","link":"https:\/\/apuntesdesanluis.com\/index.php\/2024\/06\/14\/hay-314-cargos-jerarquicos-a-concursar-en-escuelas-de-toda-la-provincia\/","title":{"rendered":"HAY 314 CARGOS JER\u00c1RQUICOS A CONCURSAR EN ESCUELAS DE TODA LA PROVINCIA"},"content":{"rendered":"<h3>Para consolidar y completar los equipos de conducci\u00f3n de las escuelas, el ministerio de Educaci\u00f3n comenz\u00f3 el proceso de llamado a concurso de 314 cargos jer\u00e1rquicos (director\/a, vicedirector\/a y regente) en toda la provincia. \u201cLos establecimientos que van a participar de este concurso son 170\u201d, precis\u00f3 el ministro de Educaci\u00f3n, <strong>Guillermo Araujo<\/strong>, este viernes, en rueda de prensa.<\/h3>\n<h3>\u201cEl concurso de cargos directivos en escuelas de toda la provincia es un procedimiento que comenz\u00f3 el 3 de junio, con la firma del decreto por parte del Gobernador, en el que le ped\u00eda al ministerio de Educaci\u00f3n que dictara las resoluciones de los actos administrativos necesarios para llevarlo adelante\u201d, resumi\u00f3. El mi\u00e9rcoles 12, la cartera emiti\u00f3 las resoluciones para dar inicio al proceso, con el detalle de las escuelas que participar\u00e1n de los concursos, los cargos, el cronograma, los requisitos y la ficha de inscripci\u00f3n. La informaci\u00f3n est\u00e1 a disposici\u00f3n de todos los docentes, en la p\u00e1gina web del Ministerio.<\/h3>\n<h3>\u201cEl cronograma establece todas las etapas que tiene este concurso, que va a durar un a\u00f1o. Es decir que en mayo del 2025 culminar\u00eda el procedimiento, con el inicio de las designaciones de quienes hayan ganado el concurso\u201d, dijo.<\/h3>\n<h3>Y sum\u00f3 que la fecha m\u00e1s pr\u00f3xima y m\u00e1s importante es la inscripci\u00f3n de los aspirantes a concursar, del 24 al 28 de junio. Es presencial, de 9:00 a 13:00 y de 15:00 a 18:00, en la sede de la Junta de Clasificaci\u00f3n Docente que les corresponde. En San Luis se inscriben los aspirantes de las regiones educativas I y VI; en la de Villa Mercedes, los de las regiones II y III; y en la de Concar\u00e1n, los de las regiones IV y V. La documentaci\u00f3n que figura en la resoluci\u00f3n debe llevarse impresa.<\/h3>\n<h3>Aclar\u00f3 que, aunque se contempl\u00f3 esa opci\u00f3n, la documentaci\u00f3n no se recibir\u00e1 en formato digital \u201cpor una cuesti\u00f3n de transparencia\u201d y de tiempo. Esta instancia de la inscripci\u00f3n permitir\u00e1 tener un contacto cara a cara con el aspirante, lo que habilitar\u00e1 la posibilidad de resolver inquietudes que surjan en el momento.<\/h3>\n<h3>\u201cHay una buena recepci\u00f3n del llamado a concurso porque es algo que los docentes ped\u00edan y que es necesario. Tiene como objetivo jerarquizar la funci\u00f3n directiva, ordenar nuestro sistema educativo y, por supuesto, revalorizar el m\u00e9rito y la carrera docente\u201c, sintetiz\u00f3 el ministro.<\/h3>\n<p><iframe title=\"Guillermo Araujo, Ministro de Educaci\u00f3n\" width=\"640\" height=\"360\" src=\"https:\/\/www.youtube.com\/embed\/-92gLOpjhr0?feature=oembed\" frameborder=\"0\" allow=\"accelerometer; autoplay; clipboard-write; encrypted-media; gyroscope; picture-in-picture; web-share\" referrerpolicy=\"strict-origin-when-cross-origin\" allowfullscreen><\/iframe><\/p>\n<p>&nbsp;<\/p>\n<p>&nbsp;<\/p>\n<p>&nbsp;<\/p>\n","protected":false},"excerpt":{"rendered":"<p>Para consolidar y completar los equipos de conducci\u00f3n de las escuelas, el ministerio de Educaci\u00f3n&#8230;<\/p>\n","protected":false},"author":1,"featured_media":17909,"comment_status":"closed","ping_status":"closed","sticky":false,"template":"","format":"standard","meta":{"footnotes":""},"categories":[6],"tags":[],"class_list":["post-17908","post","type-post","status-publish","format-standard","has-post-thumbnail","hentry","category-ciudad-provincia"],"yoast_head":"<!-- This site is optimized with the Yoast SEO plugin v26.1.1 - https:\/\/yoast.com\/wordpress\/plugins\/seo\/ -->\n<title>HAY 314 CARGOS JER\u00c1RQUICOS A CONCURSAR EN ESCUELAS DE TODA LA PROVINCIA - Apuntes de San Luis<\/title>\n<meta name=\"robots\" content=\"index, follow, max-snippet:-1, max-image-preview:large, max-video-preview:-1\" \/>\n<link rel=\"canonical\" href=\"https:\/\/apuntesdesanluis.com\/index.php\/2024\/06\/14\/hay-314-cargos-jerarquicos-a-concursar-en-escuelas-de-toda-la-provincia\/\" \/>\n<meta property=\"og:locale\" content=\"es_ES\" \/>\n<meta property=\"og:type\" content=\"article\" \/>\n<meta property=\"og:title\" content=\"HAY 314 CARGOS JER\u00c1RQUICOS A CONCURSAR EN ESCUELAS DE TODA LA PROVINCIA - Apuntes de San Luis\" \/>\n<meta property=\"og:description\" content=\"Para consolidar y completar los equipos de conducci\u00f3n de las escuelas, el ministerio de Educaci\u00f3n...\" \/>\n<meta property=\"og:url\" content=\"https:\/\/apuntesdesanluis.com\/index.php\/2024\/06\/14\/hay-314-cargos-jerarquicos-a-concursar-en-escuelas-de-toda-la-provincia\/\" \/>\n<meta property=\"og:site_name\" content=\"Apuntes de San Luis\" \/>\n<meta property=\"article:published_time\" content=\"2024-06-15T00:20:59+00:00\" \/>\n<meta property=\"og:image\" content=\"https:\/\/apuntesdesanluis.com\/wp-content\/uploads\/2024\/06\/guillermo-araujo.png\" \/>\n\t<meta property=\"og:image:width\" content=\"600\" \/>\n\t<meta property=\"og:image:height\" content=\"365\" \/>\n\t<meta property=\"og:image:type\" content=\"image\/png\" \/>\n<meta name=\"author\" content=\"apuntesdesanluis.com\" \/>\n<meta name=\"twitter:card\" content=\"summary_large_image\" \/>\n<meta name=\"twitter:label1\" content=\"Escrito por\" \/>\n\t<meta name=\"twitter:data1\" content=\"apuntesdesanluis.com\" \/>\n\t<meta name=\"twitter:label2\" content=\"Tiempo de lectura\" \/>\n\t<meta name=\"twitter:data2\" content=\"2 minutos\" \/>\n<script type=\"application\/ld+json\" class=\"yoast-schema-graph\">{\"@context\":\"https:\/\/schema.org\",\"@graph\":[{\"@type\":\"Article\",\"@id\":\"https:\/\/apuntesdesanluis.com\/index.php\/2024\/06\/14\/hay-314-cargos-jerarquicos-a-concursar-en-escuelas-de-toda-la-provincia\/#article\",\"isPartOf\":{\"@id\":\"https:\/\/apuntesdesanluis.com\/index.php\/2024\/06\/14\/hay-314-cargos-jerarquicos-a-concursar-en-escuelas-de-toda-la-provincia\/\"},\"author\":{\"name\":\"apuntesdesanluis.com\",\"@id\":\"https:\/\/apuntesdesanluis.com\/#\/schema\/person\/b55151d52296fcce64d1a72538a70b90\"},\"headline\":\"HAY 314 CARGOS JER\u00c1RQUICOS A CONCURSAR EN ESCUELAS DE TODA LA PROVINCIA\",\"datePublished\":\"2024-06-15T00:20:59+00:00\",\"mainEntityOfPage\":{\"@id\":\"https:\/\/apuntesdesanluis.com\/index.php\/2024\/06\/14\/hay-314-cargos-jerarquicos-a-concursar-en-escuelas-de-toda-la-provincia\/\"},\"wordCount\":430,\"publisher\":{\"@id\":\"https:\/\/apuntesdesanluis.com\/#\/schema\/person\/b55151d52296fcce64d1a72538a70b90\"},\"image\":{\"@id\":\"https:\/\/apuntesdesanluis.com\/index.php\/2024\/06\/14\/hay-314-cargos-jerarquicos-a-concursar-en-escuelas-de-toda-la-provincia\/#primaryimage\"},\"thumbnailUrl\":\"https:\/\/apuntesdesanluis.com\/wp-content\/uploads\/2024\/06\/guillermo-araujo.png\",\"articleSection\":[\"Ciudad\/Provincia\"],\"inLanguage\":\"es-AR\"},{\"@type\":\"WebPage\",\"@id\":\"https:\/\/apuntesdesanluis.com\/index.php\/2024\/06\/14\/hay-314-cargos-jerarquicos-a-concursar-en-escuelas-de-toda-la-provincia\/\",\"url\":\"https:\/\/apuntesdesanluis.com\/index.php\/2024\/06\/14\/hay-314-cargos-jerarquicos-a-concursar-en-escuelas-de-toda-la-provincia\/\",\"name\":\"HAY 314 CARGOS JER\u00c1RQUICOS A CONCURSAR EN ESCUELAS DE TODA LA PROVINCIA - Apuntes de San Luis\",\"isPartOf\":{\"@id\":\"https:\/\/apuntesdesanluis.com\/#website\"},\"primaryImageOfPage\":{\"@id\":\"https:\/\/apuntesdesanluis.com\/index.php\/2024\/06\/14\/hay-314-cargos-jerarquicos-a-concursar-en-escuelas-de-toda-la-provincia\/#primaryimage\"},\"image\":{\"@id\":\"https:\/\/apuntesdesanluis.com\/index.php\/2024\/06\/14\/hay-314-cargos-jerarquicos-a-concursar-en-escuelas-de-toda-la-provincia\/#primaryimage\"},\"thumbnailUrl\":\"https:\/\/apuntesdesanluis.com\/wp-content\/uploads\/2024\/06\/guillermo-araujo.png\",\"datePublished\":\"2024-06-15T00:20:59+00:00\",\"breadcrumb\":{\"@id\":\"https:\/\/apuntesdesanluis.com\/index.php\/2024\/06\/14\/hay-314-cargos-jerarquicos-a-concursar-en-escuelas-de-toda-la-provincia\/#breadcrumb\"},\"inLanguage\":\"es-AR\",\"potentialAction\":[{\"@type\":\"ReadAction\",\"target\":[\"https:\/\/apuntesdesanluis.com\/index.php\/2024\/06\/14\/hay-314-cargos-jerarquicos-a-concursar-en-escuelas-de-toda-la-provincia\/\"]}]},{\"@type\":\"ImageObject\",\"inLanguage\":\"es-AR\",\"@id\":\"https:\/\/apuntesdesanluis.com\/index.php\/2024\/06\/14\/hay-314-cargos-jerarquicos-a-concursar-en-escuelas-de-toda-la-provincia\/#primaryimage\",\"url\":\"https:\/\/apuntesdesanluis.com\/wp-content\/uploads\/2024\/06\/guillermo-araujo.png\",\"contentUrl\":\"https:\/\/apuntesdesanluis.com\/wp-content\/uploads\/2024\/06\/guillermo-araujo.png\",\"width\":600,\"height\":365},{\"@type\":\"BreadcrumbList\",\"@id\":\"https:\/\/apuntesdesanluis.com\/index.php\/2024\/06\/14\/hay-314-cargos-jerarquicos-a-concursar-en-escuelas-de-toda-la-provincia\/#breadcrumb\",\"itemListElement\":[{\"@type\":\"ListItem\",\"position\":1,\"name\":\"Inicio\",\"item\":\"https:\/\/apuntesdesanluis.com\/\"},{\"@type\":\"ListItem\",\"position\":2,\"name\":\"HAY 314 CARGOS JER\u00c1RQUICOS A CONCURSAR EN ESCUELAS DE TODA LA PROVINCIA\"}]},{\"@type\":\"WebSite\",\"@id\":\"https:\/\/apuntesdesanluis.com\/#website\",\"url\":\"https:\/\/apuntesdesanluis.com\/\",\"name\":\"Apuntes de San Luis\",\"description\":\"\",\"publisher\":{\"@id\":\"https:\/\/apuntesdesanluis.com\/#\/schema\/person\/b55151d52296fcce64d1a72538a70b90\"},\"potentialAction\":[{\"@type\":\"SearchAction\",\"target\":{\"@type\":\"EntryPoint\",\"urlTemplate\":\"https:\/\/apuntesdesanluis.com\/?s={search_term_string}\"},\"query-input\":{\"@type\":\"PropertyValueSpecification\",\"valueRequired\":true,\"valueName\":\"search_term_string\"}}],\"inLanguage\":\"es-AR\"},{\"@type\":[\"Person\",\"Organization\"],\"@id\":\"https:\/\/apuntesdesanluis.com\/#\/schema\/person\/b55151d52296fcce64d1a72538a70b90\",\"name\":\"apuntesdesanluis.com\",\"image\":{\"@type\":\"ImageObject\",\"inLanguage\":\"es-AR\",\"@id\":\"https:\/\/apuntesdesanluis.com\/#\/schema\/person\/image\/\",\"url\":\"https:\/\/apuntesdesanluis.com\/wp-content\/uploads\/2023\/07\/cropped-apuntesdesanluis.png\",\"contentUrl\":\"https:\/\/apuntesdesanluis.com\/wp-content\/uploads\/2023\/07\/cropped-apuntesdesanluis.png\",\"width\":450,\"height\":112,\"caption\":\"apuntesdesanluis.com\"},\"logo\":{\"@id\":\"https:\/\/apuntesdesanluis.com\/#\/schema\/person\/image\/\"},\"sameAs\":[\"https:\/\/apuntesdesanluis.com\"],\"url\":\"https:\/\/apuntesdesanluis.com\/index.php\/author\/apuntesdesanluis-com\/\"}]}<\/script>\n<!-- \/ Yoast SEO plugin. -->","yoast_head_json":{"title":"HAY 314 CARGOS JER\u00c1RQUICOS A CONCURSAR EN ESCUELAS DE TODA LA PROVINCIA - Apuntes de San Luis","robots":{"index":"index","follow":"follow","max-snippet":"max-snippet:-1","max-image-preview":"max-image-preview:large","max-video-preview":"max-video-preview:-1"},"canonical":"https:\/\/apuntesdesanluis.com\/index.php\/2024\/06\/14\/hay-314-cargos-jerarquicos-a-concursar-en-escuelas-de-toda-la-provincia\/","og_locale":"es_ES","og_type":"article","og_title":"HAY 314 CARGOS JER\u00c1RQUICOS A CONCURSAR EN ESCUELAS DE TODA LA PROVINCIA - Apuntes de San Luis","og_description":"Para consolidar y completar los equipos de conducci\u00f3n de las escuelas, el ministerio de Educaci\u00f3n...","og_url":"https:\/\/apuntesdesanluis.com\/index.php\/2024\/06\/14\/hay-314-cargos-jerarquicos-a-concursar-en-escuelas-de-toda-la-provincia\/","og_site_name":"Apuntes de San Luis","article_published_time":"2024-06-15T00:20:59+00:00","og_image":[{"width":600,"height":365,"url":"https:\/\/apuntesdesanluis.com\/wp-content\/uploads\/2024\/06\/guillermo-araujo.png","type":"image\/png"}],"author":"apuntesdesanluis.com","twitter_card":"summary_large_image","twitter_misc":{"Escrito por":"apuntesdesanluis.com","Tiempo de lectura":"2 minutos"},"schema":{"@context":"https:\/\/schema.org","@graph":[{"@type":"Article","@id":"https:\/\/apuntesdesanluis.com\/index.php\/2024\/06\/14\/hay-314-cargos-jerarquicos-a-concursar-en-escuelas-de-toda-la-provincia\/#article","isPartOf":{"@id":"https:\/\/apuntesdesanluis.com\/index.php\/2024\/06\/14\/hay-314-cargos-jerarquicos-a-concursar-en-escuelas-de-toda-la-provincia\/"},"author":{"name":"apuntesdesanluis.com","@id":"https:\/\/apuntesdesanluis.com\/#\/schema\/person\/b55151d52296fcce64d1a72538a70b90"},"headline":"HAY 314 CARGOS JER\u00c1RQUICOS A CONCURSAR EN ESCUELAS DE TODA LA PROVINCIA","datePublished":"2024-06-15T00:20:59+00:00","mainEntityOfPage":{"@id":"https:\/\/apuntesdesanluis.com\/index.php\/2024\/06\/14\/hay-314-cargos-jerarquicos-a-concursar-en-escuelas-de-toda-la-provincia\/"},"wordCount":430,"publisher":{"@id":"https:\/\/apuntesdesanluis.com\/#\/schema\/person\/b55151d52296fcce64d1a72538a70b90"},"image":{"@id":"https:\/\/apuntesdesanluis.com\/index.php\/2024\/06\/14\/hay-314-cargos-jerarquicos-a-concursar-en-escuelas-de-toda-la-provincia\/#primaryimage"},"thumbnailUrl":"https:\/\/apuntesdesanluis.com\/wp-content\/uploads\/2024\/06\/guillermo-araujo.png","articleSection":["Ciudad\/Provincia"],"inLanguage":"es-AR"},{"@type":"WebPage","@id":"https:\/\/apuntesdesanluis.com\/index.php\/2024\/06\/14\/hay-314-cargos-jerarquicos-a-concursar-en-escuelas-de-toda-la-provincia\/","url":"https:\/\/apuntesdesanluis.com\/index.php\/2024\/06\/14\/hay-314-cargos-jerarquicos-a-concursar-en-escuelas-de-toda-la-provincia\/","name":"HAY 314 CARGOS JER\u00c1RQUICOS A CONCURSAR EN ESCUELAS DE TODA LA PROVINCIA - Apuntes de San Luis","isPartOf":{"@id":"https:\/\/apuntesdesanluis.com\/#website"},"primaryImageOfPage":{"@id":"https:\/\/apuntesdesanluis.com\/index.php\/2024\/06\/14\/hay-314-cargos-jerarquicos-a-concursar-en-escuelas-de-toda-la-provincia\/#primaryimage"},"image":{"@id":"https:\/\/apuntesdesanluis.com\/index.php\/2024\/06\/14\/hay-314-cargos-jerarquicos-a-concursar-en-escuelas-de-toda-la-provincia\/#primaryimage"},"thumbnailUrl":"https:\/\/apuntesdesanluis.com\/wp-content\/uploads\/2024\/06\/guillermo-araujo.png","datePublished":"2024-06-15T00:20:59+00:00","breadcrumb":{"@id":"https:\/\/apuntesdesanluis.com\/index.php\/2024\/06\/14\/hay-314-cargos-jerarquicos-a-concursar-en-escuelas-de-toda-la-provincia\/#breadcrumb"},"inLanguage":"es-AR","potentialAction":[{"@type":"ReadAction","target":["https:\/\/apuntesdesanluis.com\/index.php\/2024\/06\/14\/hay-314-cargos-jerarquicos-a-concursar-en-escuelas-de-toda-la-provincia\/"]}]},{"@type":"ImageObject","inLanguage":"es-AR","@id":"https:\/\/apuntesdesanluis.com\/index.php\/2024\/06\/14\/hay-314-cargos-jerarquicos-a-concursar-en-escuelas-de-toda-la-provincia\/#primaryimage","url":"https:\/\/apuntesdesanluis.com\/wp-content\/uploads\/2024\/06\/guillermo-araujo.png","contentUrl":"https:\/\/apuntesdesanluis.com\/wp-content\/uploads\/2024\/06\/guillermo-araujo.png","width":600,"height":365},{"@type":"BreadcrumbList","@id":"https:\/\/apuntesdesanluis.com\/index.php\/2024\/06\/14\/hay-314-cargos-jerarquicos-a-concursar-en-escuelas-de-toda-la-provincia\/#breadcrumb","itemListElement":[{"@type":"ListItem","position":1,"name":"Inicio","item":"https:\/\/apuntesdesanluis.com\/"},{"@type":"ListItem","position":2,"name":"HAY 314 CARGOS JER\u00c1RQUICOS A CONCURSAR EN ESCUELAS DE TODA LA PROVINCIA"}]},{"@type":"WebSite","@id":"https:\/\/apuntesdesanluis.com\/#website","url":"https:\/\/apuntesdesanluis.com\/","name":"Apuntes de San Luis","description":"","publisher":{"@id":"https:\/\/apuntesdesanluis.com\/#\/schema\/person\/b55151d52296fcce64d1a72538a70b90"},"potentialAction":[{"@type":"SearchAction","target":{"@type":"EntryPoint","urlTemplate":"https:\/\/apuntesdesanluis.com\/?s={search_term_string}"},"query-input":{"@type":"PropertyValueSpecification","valueRequired":true,"valueName":"search_term_string"}}],"inLanguage":"es-AR"},{"@type":["Person","Organization"],"@id":"https:\/\/apuntesdesanluis.com\/#\/schema\/person\/b55151d52296fcce64d1a72538a70b90","name":"apuntesdesanluis.com","image":{"@type":"ImageObject","inLanguage":"es-AR","@id":"https:\/\/apuntesdesanluis.com\/#\/schema\/person\/image\/","url":"https:\/\/apuntesdesanluis.com\/wp-content\/uploads\/2023\/07\/cropped-apuntesdesanluis.png","contentUrl":"https:\/\/apuntesdesanluis.com\/wp-content\/uploads\/2023\/07\/cropped-apuntesdesanluis.png","width":450,"height":112,"caption":"apuntesdesanluis.com"},"logo":{"@id":"https:\/\/apuntesdesanluis.com\/#\/schema\/person\/image\/"},"sameAs":["https:\/\/apuntesdesanluis.com"],"url":"https:\/\/apuntesdesanluis.com\/index.php\/author\/apuntesdesanluis-com\/"}]}},"featured_image_urls":{"full":["https:\/\/apuntesdesanluis.com\/wp-content\/uploads\/2024\/06\/guillermo-araujo.png",600,365,false],"thumbnail":["https:\/\/apuntesdesanluis.com\/wp-content\/uploads\/2024\/06\/guillermo-araujo-150x150.png",150,150,true],"medium":["https:\/\/apuntesdesanluis.com\/wp-content\/uploads\/2024\/06\/guillermo-araujo-300x183.png",300,183,true],"medium_large":["https:\/\/apuntesdesanluis.com\/wp-content\/uploads\/2024\/06\/guillermo-araujo.png",600,365,false],"large":["https:\/\/apuntesdesanluis.com\/wp-content\/uploads\/2024\/06\/guillermo-araujo.png",600,365,false],"1536x1536":["https:\/\/apuntesdesanluis.com\/wp-content\/uploads\/2024\/06\/guillermo-araujo.png",600,365,false],"2048x2048":["https:\/\/apuntesdesanluis.com\/wp-content\/uploads\/2024\/06\/guillermo-araujo.png",600,365,false],"newsever-slider-full":["https:\/\/apuntesdesanluis.com\/wp-content\/uploads\/2024\/06\/guillermo-araujo.png",600,365,false],"newsever-featured":["https:\/\/apuntesdesanluis.com\/wp-content\/uploads\/2024\/06\/guillermo-araujo.png",600,365,false],"newsever-medium":["https:\/\/apuntesdesanluis.com\/wp-content\/uploads\/2024\/06\/guillermo-araujo.png",600,365,false]},"author_info":{"display_name":"apuntesdesanluis.com","author_link":"https:\/\/apuntesdesanluis.com\/index.php\/author\/apuntesdesanluis-com\/"},"category_info":"<a href=\"https:\/\/apuntesdesanluis.com\/index.php\/category\/ciudad-provincia\/\" rel=\"category tag\">Ciudad\/Provincia<\/a>","tag_info":"Ciudad\/Provincia","comment_count":"0","_links":{"self":[{"href":"https:\/\/apuntesdesanluis.com\/index.php\/wp-json\/wp\/v2\/posts\/17908","targetHints":{"allow":["GET"]}}],"collection":[{"href":"https:\/\/apuntesdesanluis.com\/index.php\/wp-json\/wp\/v2\/posts"}],"about":[{"href":"https:\/\/apuntesdesanluis.com\/index.php\/wp-json\/wp\/v2\/types\/post"}],"author":[{"embeddable":true,"href":"https:\/\/apuntesdesanluis.com\/index.php\/wp-json\/wp\/v2\/users\/1"}],"replies":[{"embeddable":true,"href":"https:\/\/apuntesdesanluis.com\/index.php\/wp-json\/wp\/v2\/comments?post=17908"}],"version-history":[{"count":1,"href":"https:\/\/apuntesdesanluis.com\/index.php\/wp-json\/wp\/v2\/posts\/17908\/revisions"}],"predecessor-version":[{"id":17910,"href":"https:\/\/apuntesdesanluis.com\/index.php\/wp-json\/wp\/v2\/posts\/17908\/revisions\/17910"}],"wp:featuredmedia":[{"embeddable":true,"href":"https:\/\/apuntesdesanluis.com\/index.php\/wp-json\/wp\/v2\/media\/17909"}],"wp:attachment":[{"href":"https:\/\/apuntesdesanluis.com\/index.php\/wp-json\/wp\/v2\/media?parent=17908"}],"wp:term":[{"taxonomy":"category","embeddable":true,"href":"https:\/\/apuntesdesanluis.com\/index.php\/wp-json\/wp\/v2\/categories?post=17908"},{"taxonomy":"post_tag","embeddable":true,"href":"https:\/\/apuntesdesanluis.com\/index.php\/wp-json\/wp\/v2\/tags?post=17908"}],"curies":[{"name":"wp","href":"https:\/\/api.w.org\/{rel}","templated":true}]}}