{"id":17924,"date":"2024-06-15T00:35:32","date_gmt":"2024-06-15T03:35:32","guid":{"rendered":"https:\/\/apuntesdesanluis.com\/?p=17924"},"modified":"2024-06-15T00:35:32","modified_gmt":"2024-06-15T03:35:32","slug":"jorge-lanata-sufrio-un-paro-cardiaco-y-esta-internado-en-el-hospital-italiano","status":"publish","type":"post","link":"https:\/\/apuntesdesanluis.com\/index.php\/2024\/06\/15\/jorge-lanata-sufrio-un-paro-cardiaco-y-esta-internado-en-el-hospital-italiano\/","title":{"rendered":"JORGE LANATA SUFRI\u00d3 UN PARO CARD\u00cdACO Y EST\u00c1 INTERNADO EN EL HOSPITAL ITALIANO"},"content":{"rendered":"<h3>Lanata, de 63 a\u00f1os, fue este viernes a la cl\u00ednica privada para realizarse una resonancia, pero qued\u00f3 hospitalizado por un \u201cpeque\u00f1o susto\u201d, inform\u00f3 Marcela Tauro en Intrusos.<\/h3>\n<h3>&#8220;Le tuvieron que poner anestesia, se demor\u00f3 m\u00e1s de lo previsto en la resonancia por un peque\u00f1o susto que pasaron, pero est\u00e1 todo en orden\u201d, manifest\u00f3 Tauro.<\/h3>\n<h3>El conductor es paciente de riesgo y viene sufriendo desde hace varios a\u00f1os diferentes problemas de salud. Incluso, recibi\u00f3 dos trasplantes de ri\u00f1\u00f3n en la Fundaci\u00f3n Favaloro.<\/h3>\n<h3>La periodista sostuvo que Lanata ten\u00eda previsto una tomograf\u00eda de pulm\u00f3n y por ese motivo no estuvo en la radio. &#8220;La operaci\u00f3n se demor\u00f3 m\u00e1s de la cuenta\u201d, cont\u00f3.<\/h3>\n<h3>En abril hab\u00eda estado internado en la Fundaci\u00f3n Favaloro debido a un problema respiratorio. \u201cTuvo una dificultad respiratoria pero ya est\u00e1 bien; est\u00e1 en Favaloro y en cualquier momento sale, as\u00ed que le mandamos un beso grande desde ac\u00e1\u201d, hab\u00eda se\u00f1alado en ese momento J\u00e9sica Bossi, periodista que se queda a carga de su programa radial.<\/h3>\n<p>&nbsp;<\/p>\n<p>&nbsp;<\/p>\n<p>&nbsp;<\/p>\n<p>&nbsp;<\/p>\n<p>&nbsp;<\/p>\n<p>&nbsp;<\/p>\n<p>&nbsp;<\/p>\n<p>&nbsp;<\/p>\n<p>&nbsp;<\/p>\n","protected":false},"excerpt":{"rendered":"<p>Lanata, de 63 a\u00f1os, fue este viernes a la cl\u00ednica privada para realizarse una resonancia,&#8230;<\/p>\n","protected":false},"author":1,"featured_media":17925,"comment_status":"closed","ping_status":"closed","sticky":false,"template":"","format":"standard","meta":{"footnotes":""},"categories":[5],"tags":[],"class_list":["post-17924","post","type-post","status-publish","format-standard","has-post-thumbnail","hentry","category-nacionales-internacionales"],"yoast_head":"<!-- This site is optimized with the Yoast SEO plugin v26.1.1 - https:\/\/yoast.com\/wordpress\/plugins\/seo\/ -->\n<title>JORGE LANATA SUFRI\u00d3 UN PARO CARD\u00cdACO Y EST\u00c1 INTERNADO EN EL HOSPITAL ITALIANO - Apuntes de San Luis<\/title>\n<meta name=\"robots\" content=\"index, follow, max-snippet:-1, max-image-preview:large, max-video-preview:-1\" \/>\n<link rel=\"canonical\" href=\"https:\/\/apuntesdesanluis.com\/index.php\/2024\/06\/15\/jorge-lanata-sufrio-un-paro-cardiaco-y-esta-internado-en-el-hospital-italiano\/\" \/>\n<meta property=\"og:locale\" content=\"es_ES\" \/>\n<meta property=\"og:type\" content=\"article\" \/>\n<meta property=\"og:title\" content=\"JORGE LANATA SUFRI\u00d3 UN PARO CARD\u00cdACO Y EST\u00c1 INTERNADO EN EL HOSPITAL ITALIANO - Apuntes de San Luis\" \/>\n<meta property=\"og:description\" content=\"Lanata, de 63 a\u00f1os, fue este viernes a la cl\u00ednica privada para realizarse una resonancia,...\" \/>\n<meta property=\"og:url\" content=\"https:\/\/apuntesdesanluis.com\/index.php\/2024\/06\/15\/jorge-lanata-sufrio-un-paro-cardiaco-y-esta-internado-en-el-hospital-italiano\/\" \/>\n<meta property=\"og:site_name\" content=\"Apuntes de San Luis\" \/>\n<meta property=\"article:published_time\" content=\"2024-06-15T03:35:32+00:00\" \/>\n<meta property=\"og:image\" content=\"https:\/\/apuntesdesanluis.com\/wp-content\/uploads\/2024\/06\/jorge-lanata.png\" \/>\n\t<meta property=\"og:image:width\" content=\"708\" \/>\n\t<meta property=\"og:image:height\" content=\"445\" \/>\n\t<meta property=\"og:image:type\" content=\"image\/png\" \/>\n<meta name=\"author\" content=\"apuntesdesanluis.com\" \/>\n<meta name=\"twitter:card\" content=\"summary_large_image\" \/>\n<meta name=\"twitter:label1\" content=\"Escrito por\" \/>\n\t<meta name=\"twitter:data1\" content=\"apuntesdesanluis.com\" \/>\n\t<meta name=\"twitter:label2\" content=\"Tiempo de lectura\" \/>\n\t<meta name=\"twitter:data2\" content=\"1 minuto\" \/>\n<script type=\"application\/ld+json\" class=\"yoast-schema-graph\">{\"@context\":\"https:\/\/schema.org\",\"@graph\":[{\"@type\":\"Article\",\"@id\":\"https:\/\/apuntesdesanluis.com\/index.php\/2024\/06\/15\/jorge-lanata-sufrio-un-paro-cardiaco-y-esta-internado-en-el-hospital-italiano\/#article\",\"isPartOf\":{\"@id\":\"https:\/\/apuntesdesanluis.com\/index.php\/2024\/06\/15\/jorge-lanata-sufrio-un-paro-cardiaco-y-esta-internado-en-el-hospital-italiano\/\"},\"author\":{\"name\":\"apuntesdesanluis.com\",\"@id\":\"https:\/\/apuntesdesanluis.com\/#\/schema\/person\/b55151d52296fcce64d1a72538a70b90\"},\"headline\":\"JORGE LANATA SUFRI\u00d3 UN PARO CARD\u00cdACO Y EST\u00c1 INTERNADO EN EL HOSPITAL ITALIANO\",\"datePublished\":\"2024-06-15T03:35:32+00:00\",\"mainEntityOfPage\":{\"@id\":\"https:\/\/apuntesdesanluis.com\/index.php\/2024\/06\/15\/jorge-lanata-sufrio-un-paro-cardiaco-y-esta-internado-en-el-hospital-italiano\/\"},\"wordCount\":206,\"publisher\":{\"@id\":\"https:\/\/apuntesdesanluis.com\/#\/schema\/person\/b55151d52296fcce64d1a72538a70b90\"},\"image\":{\"@id\":\"https:\/\/apuntesdesanluis.com\/index.php\/2024\/06\/15\/jorge-lanata-sufrio-un-paro-cardiaco-y-esta-internado-en-el-hospital-italiano\/#primaryimage\"},\"thumbnailUrl\":\"https:\/\/apuntesdesanluis.com\/wp-content\/uploads\/2024\/06\/jorge-lanata.png\",\"articleSection\":[\"Nacionales\/Internacionales\"],\"inLanguage\":\"es-AR\"},{\"@type\":\"WebPage\",\"@id\":\"https:\/\/apuntesdesanluis.com\/index.php\/2024\/06\/15\/jorge-lanata-sufrio-un-paro-cardiaco-y-esta-internado-en-el-hospital-italiano\/\",\"url\":\"https:\/\/apuntesdesanluis.com\/index.php\/2024\/06\/15\/jorge-lanata-sufrio-un-paro-cardiaco-y-esta-internado-en-el-hospital-italiano\/\",\"name\":\"JORGE LANATA SUFRI\u00d3 UN PARO CARD\u00cdACO Y EST\u00c1 INTERNADO EN EL HOSPITAL ITALIANO - Apuntes de San Luis\",\"isPartOf\":{\"@id\":\"https:\/\/apuntesdesanluis.com\/#website\"},\"primaryImageOfPage\":{\"@id\":\"https:\/\/apuntesdesanluis.com\/index.php\/2024\/06\/15\/jorge-lanata-sufrio-un-paro-cardiaco-y-esta-internado-en-el-hospital-italiano\/#primaryimage\"},\"image\":{\"@id\":\"https:\/\/apuntesdesanluis.com\/index.php\/2024\/06\/15\/jorge-lanata-sufrio-un-paro-cardiaco-y-esta-internado-en-el-hospital-italiano\/#primaryimage\"},\"thumbnailUrl\":\"https:\/\/apuntesdesanluis.com\/wp-content\/uploads\/2024\/06\/jorge-lanata.png\",\"datePublished\":\"2024-06-15T03:35:32+00:00\",\"breadcrumb\":{\"@id\":\"https:\/\/apuntesdesanluis.com\/index.php\/2024\/06\/15\/jorge-lanata-sufrio-un-paro-cardiaco-y-esta-internado-en-el-hospital-italiano\/#breadcrumb\"},\"inLanguage\":\"es-AR\",\"potentialAction\":[{\"@type\":\"ReadAction\",\"target\":[\"https:\/\/apuntesdesanluis.com\/index.php\/2024\/06\/15\/jorge-lanata-sufrio-un-paro-cardiaco-y-esta-internado-en-el-hospital-italiano\/\"]}]},{\"@type\":\"ImageObject\",\"inLanguage\":\"es-AR\",\"@id\":\"https:\/\/apuntesdesanluis.com\/index.php\/2024\/06\/15\/jorge-lanata-sufrio-un-paro-cardiaco-y-esta-internado-en-el-hospital-italiano\/#primaryimage\",\"url\":\"https:\/\/apuntesdesanluis.com\/wp-content\/uploads\/2024\/06\/jorge-lanata.png\",\"contentUrl\":\"https:\/\/apuntesdesanluis.com\/wp-content\/uploads\/2024\/06\/jorge-lanata.png\",\"width\":708,\"height\":445},{\"@type\":\"BreadcrumbList\",\"@id\":\"https:\/\/apuntesdesanluis.com\/index.php\/2024\/06\/15\/jorge-lanata-sufrio-un-paro-cardiaco-y-esta-internado-en-el-hospital-italiano\/#breadcrumb\",\"itemListElement\":[{\"@type\":\"ListItem\",\"position\":1,\"name\":\"Inicio\",\"item\":\"https:\/\/apuntesdesanluis.com\/\"},{\"@type\":\"ListItem\",\"position\":2,\"name\":\"JORGE LANATA SUFRI\u00d3 UN PARO CARD\u00cdACO Y EST\u00c1 INTERNADO EN EL HOSPITAL ITALIANO\"}]},{\"@type\":\"WebSite\",\"@id\":\"https:\/\/apuntesdesanluis.com\/#website\",\"url\":\"https:\/\/apuntesdesanluis.com\/\",\"name\":\"Apuntes de San Luis\",\"description\":\"\",\"publisher\":{\"@id\":\"https:\/\/apuntesdesanluis.com\/#\/schema\/person\/b55151d52296fcce64d1a72538a70b90\"},\"potentialAction\":[{\"@type\":\"SearchAction\",\"target\":{\"@type\":\"EntryPoint\",\"urlTemplate\":\"https:\/\/apuntesdesanluis.com\/?s={search_term_string}\"},\"query-input\":{\"@type\":\"PropertyValueSpecification\",\"valueRequired\":true,\"valueName\":\"search_term_string\"}}],\"inLanguage\":\"es-AR\"},{\"@type\":[\"Person\",\"Organization\"],\"@id\":\"https:\/\/apuntesdesanluis.com\/#\/schema\/person\/b55151d52296fcce64d1a72538a70b90\",\"name\":\"apuntesdesanluis.com\",\"image\":{\"@type\":\"ImageObject\",\"inLanguage\":\"es-AR\",\"@id\":\"https:\/\/apuntesdesanluis.com\/#\/schema\/person\/image\/\",\"url\":\"https:\/\/apuntesdesanluis.com\/wp-content\/uploads\/2023\/07\/cropped-apuntesdesanluis.png\",\"contentUrl\":\"https:\/\/apuntesdesanluis.com\/wp-content\/uploads\/2023\/07\/cropped-apuntesdesanluis.png\",\"width\":450,\"height\":112,\"caption\":\"apuntesdesanluis.com\"},\"logo\":{\"@id\":\"https:\/\/apuntesdesanluis.com\/#\/schema\/person\/image\/\"},\"sameAs\":[\"https:\/\/apuntesdesanluis.com\"],\"url\":\"https:\/\/apuntesdesanluis.com\/index.php\/author\/apuntesdesanluis-com\/\"}]}<\/script>\n<!-- \/ Yoast SEO plugin. -->","yoast_head_json":{"title":"JORGE LANATA SUFRI\u00d3 UN PARO CARD\u00cdACO Y EST\u00c1 INTERNADO EN EL HOSPITAL ITALIANO - Apuntes de San Luis","robots":{"index":"index","follow":"follow","max-snippet":"max-snippet:-1","max-image-preview":"max-image-preview:large","max-video-preview":"max-video-preview:-1"},"canonical":"https:\/\/apuntesdesanluis.com\/index.php\/2024\/06\/15\/jorge-lanata-sufrio-un-paro-cardiaco-y-esta-internado-en-el-hospital-italiano\/","og_locale":"es_ES","og_type":"article","og_title":"JORGE LANATA SUFRI\u00d3 UN PARO CARD\u00cdACO Y EST\u00c1 INTERNADO EN EL HOSPITAL ITALIANO - Apuntes de San Luis","og_description":"Lanata, de 63 a\u00f1os, fue este viernes a la cl\u00ednica privada para realizarse una resonancia,...","og_url":"https:\/\/apuntesdesanluis.com\/index.php\/2024\/06\/15\/jorge-lanata-sufrio-un-paro-cardiaco-y-esta-internado-en-el-hospital-italiano\/","og_site_name":"Apuntes de San Luis","article_published_time":"2024-06-15T03:35:32+00:00","og_image":[{"width":708,"height":445,"url":"https:\/\/apuntesdesanluis.com\/wp-content\/uploads\/2024\/06\/jorge-lanata.png","type":"image\/png"}],"author":"apuntesdesanluis.com","twitter_card":"summary_large_image","twitter_misc":{"Escrito por":"apuntesdesanluis.com","Tiempo de lectura":"1 minuto"},"schema":{"@context":"https:\/\/schema.org","@graph":[{"@type":"Article","@id":"https:\/\/apuntesdesanluis.com\/index.php\/2024\/06\/15\/jorge-lanata-sufrio-un-paro-cardiaco-y-esta-internado-en-el-hospital-italiano\/#article","isPartOf":{"@id":"https:\/\/apuntesdesanluis.com\/index.php\/2024\/06\/15\/jorge-lanata-sufrio-un-paro-cardiaco-y-esta-internado-en-el-hospital-italiano\/"},"author":{"name":"apuntesdesanluis.com","@id":"https:\/\/apuntesdesanluis.com\/#\/schema\/person\/b55151d52296fcce64d1a72538a70b90"},"headline":"JORGE LANATA SUFRI\u00d3 UN PARO CARD\u00cdACO Y EST\u00c1 INTERNADO EN EL HOSPITAL ITALIANO","datePublished":"2024-06-15T03:35:32+00:00","mainEntityOfPage":{"@id":"https:\/\/apuntesdesanluis.com\/index.php\/2024\/06\/15\/jorge-lanata-sufrio-un-paro-cardiaco-y-esta-internado-en-el-hospital-italiano\/"},"wordCount":206,"publisher":{"@id":"https:\/\/apuntesdesanluis.com\/#\/schema\/person\/b55151d52296fcce64d1a72538a70b90"},"image":{"@id":"https:\/\/apuntesdesanluis.com\/index.php\/2024\/06\/15\/jorge-lanata-sufrio-un-paro-cardiaco-y-esta-internado-en-el-hospital-italiano\/#primaryimage"},"thumbnailUrl":"https:\/\/apuntesdesanluis.com\/wp-content\/uploads\/2024\/06\/jorge-lanata.png","articleSection":["Nacionales\/Internacionales"],"inLanguage":"es-AR"},{"@type":"WebPage","@id":"https:\/\/apuntesdesanluis.com\/index.php\/2024\/06\/15\/jorge-lanata-sufrio-un-paro-cardiaco-y-esta-internado-en-el-hospital-italiano\/","url":"https:\/\/apuntesdesanluis.com\/index.php\/2024\/06\/15\/jorge-lanata-sufrio-un-paro-cardiaco-y-esta-internado-en-el-hospital-italiano\/","name":"JORGE LANATA SUFRI\u00d3 UN PARO CARD\u00cdACO Y EST\u00c1 INTERNADO EN EL HOSPITAL ITALIANO - Apuntes de San Luis","isPartOf":{"@id":"https:\/\/apuntesdesanluis.com\/#website"},"primaryImageOfPage":{"@id":"https:\/\/apuntesdesanluis.com\/index.php\/2024\/06\/15\/jorge-lanata-sufrio-un-paro-cardiaco-y-esta-internado-en-el-hospital-italiano\/#primaryimage"},"image":{"@id":"https:\/\/apuntesdesanluis.com\/index.php\/2024\/06\/15\/jorge-lanata-sufrio-un-paro-cardiaco-y-esta-internado-en-el-hospital-italiano\/#primaryimage"},"thumbnailUrl":"https:\/\/apuntesdesanluis.com\/wp-content\/uploads\/2024\/06\/jorge-lanata.png","datePublished":"2024-06-15T03:35:32+00:00","breadcrumb":{"@id":"https:\/\/apuntesdesanluis.com\/index.php\/2024\/06\/15\/jorge-lanata-sufrio-un-paro-cardiaco-y-esta-internado-en-el-hospital-italiano\/#breadcrumb"},"inLanguage":"es-AR","potentialAction":[{"@type":"ReadAction","target":["https:\/\/apuntesdesanluis.com\/index.php\/2024\/06\/15\/jorge-lanata-sufrio-un-paro-cardiaco-y-esta-internado-en-el-hospital-italiano\/"]}]},{"@type":"ImageObject","inLanguage":"es-AR","@id":"https:\/\/apuntesdesanluis.com\/index.php\/2024\/06\/15\/jorge-lanata-sufrio-un-paro-cardiaco-y-esta-internado-en-el-hospital-italiano\/#primaryimage","url":"https:\/\/apuntesdesanluis.com\/wp-content\/uploads\/2024\/06\/jorge-lanata.png","contentUrl":"https:\/\/apuntesdesanluis.com\/wp-content\/uploads\/2024\/06\/jorge-lanata.png","width":708,"height":445},{"@type":"BreadcrumbList","@id":"https:\/\/apuntesdesanluis.com\/index.php\/2024\/06\/15\/jorge-lanata-sufrio-un-paro-cardiaco-y-esta-internado-en-el-hospital-italiano\/#breadcrumb","itemListElement":[{"@type":"ListItem","position":1,"name":"Inicio","item":"https:\/\/apuntesdesanluis.com\/"},{"@type":"ListItem","position":2,"name":"JORGE LANATA SUFRI\u00d3 UN PARO CARD\u00cdACO Y EST\u00c1 INTERNADO EN EL HOSPITAL ITALIANO"}]},{"@type":"WebSite","@id":"https:\/\/apuntesdesanluis.com\/#website","url":"https:\/\/apuntesdesanluis.com\/","name":"Apuntes de San Luis","description":"","publisher":{"@id":"https:\/\/apuntesdesanluis.com\/#\/schema\/person\/b55151d52296fcce64d1a72538a70b90"},"potentialAction":[{"@type":"SearchAction","target":{"@type":"EntryPoint","urlTemplate":"https:\/\/apuntesdesanluis.com\/?s={search_term_string}"},"query-input":{"@type":"PropertyValueSpecification","valueRequired":true,"valueName":"search_term_string"}}],"inLanguage":"es-AR"},{"@type":["Person","Organization"],"@id":"https:\/\/apuntesdesanluis.com\/#\/schema\/person\/b55151d52296fcce64d1a72538a70b90","name":"apuntesdesanluis.com","image":{"@type":"ImageObject","inLanguage":"es-AR","@id":"https:\/\/apuntesdesanluis.com\/#\/schema\/person\/image\/","url":"https:\/\/apuntesdesanluis.com\/wp-content\/uploads\/2023\/07\/cropped-apuntesdesanluis.png","contentUrl":"https:\/\/apuntesdesanluis.com\/wp-content\/uploads\/2023\/07\/cropped-apuntesdesanluis.png","width":450,"height":112,"caption":"apuntesdesanluis.com"},"logo":{"@id":"https:\/\/apuntesdesanluis.com\/#\/schema\/person\/image\/"},"sameAs":["https:\/\/apuntesdesanluis.com"],"url":"https:\/\/apuntesdesanluis.com\/index.php\/author\/apuntesdesanluis-com\/"}]}},"featured_image_urls":{"full":["https:\/\/apuntesdesanluis.com\/wp-content\/uploads\/2024\/06\/jorge-lanata.png",708,445,false],"thumbnail":["https:\/\/apuntesdesanluis.com\/wp-content\/uploads\/2024\/06\/jorge-lanata-150x150.png",150,150,true],"medium":["https:\/\/apuntesdesanluis.com\/wp-content\/uploads\/2024\/06\/jorge-lanata-300x189.png",300,189,true],"medium_large":["https:\/\/apuntesdesanluis.com\/wp-content\/uploads\/2024\/06\/jorge-lanata.png",640,402,false],"large":["https:\/\/apuntesdesanluis.com\/wp-content\/uploads\/2024\/06\/jorge-lanata.png",640,402,false],"1536x1536":["https:\/\/apuntesdesanluis.com\/wp-content\/uploads\/2024\/06\/jorge-lanata.png",708,445,false],"2048x2048":["https:\/\/apuntesdesanluis.com\/wp-content\/uploads\/2024\/06\/jorge-lanata.png",708,445,false],"newsever-slider-full":["https:\/\/apuntesdesanluis.com\/wp-content\/uploads\/2024\/06\/jorge-lanata.png",708,445,false],"newsever-featured":["https:\/\/apuntesdesanluis.com\/wp-content\/uploads\/2024\/06\/jorge-lanata.png",708,445,false],"newsever-medium":["https:\/\/apuntesdesanluis.com\/wp-content\/uploads\/2024\/06\/jorge-lanata.png",708,445,false]},"author_info":{"display_name":"apuntesdesanluis.com","author_link":"https:\/\/apuntesdesanluis.com\/index.php\/author\/apuntesdesanluis-com\/"},"category_info":"<a href=\"https:\/\/apuntesdesanluis.com\/index.php\/category\/nacionales-internacionales\/\" rel=\"category tag\">Nacionales\/Internacionales<\/a>","tag_info":"Nacionales\/Internacionales","comment_count":"0","_links":{"self":[{"href":"https:\/\/apuntesdesanluis.com\/index.php\/wp-json\/wp\/v2\/posts\/17924","targetHints":{"allow":["GET"]}}],"collection":[{"href":"https:\/\/apuntesdesanluis.com\/index.php\/wp-json\/wp\/v2\/posts"}],"about":[{"href":"https:\/\/apuntesdesanluis.com\/index.php\/wp-json\/wp\/v2\/types\/post"}],"author":[{"embeddable":true,"href":"https:\/\/apuntesdesanluis.com\/index.php\/wp-json\/wp\/v2\/users\/1"}],"replies":[{"embeddable":true,"href":"https:\/\/apuntesdesanluis.com\/index.php\/wp-json\/wp\/v2\/comments?post=17924"}],"version-history":[{"count":1,"href":"https:\/\/apuntesdesanluis.com\/index.php\/wp-json\/wp\/v2\/posts\/17924\/revisions"}],"predecessor-version":[{"id":17926,"href":"https:\/\/apuntesdesanluis.com\/index.php\/wp-json\/wp\/v2\/posts\/17924\/revisions\/17926"}],"wp:featuredmedia":[{"embeddable":true,"href":"https:\/\/apuntesdesanluis.com\/index.php\/wp-json\/wp\/v2\/media\/17925"}],"wp:attachment":[{"href":"https:\/\/apuntesdesanluis.com\/index.php\/wp-json\/wp\/v2\/media?parent=17924"}],"wp:term":[{"taxonomy":"category","embeddable":true,"href":"https:\/\/apuntesdesanluis.com\/index.php\/wp-json\/wp\/v2\/categories?post=17924"},{"taxonomy":"post_tag","embeddable":true,"href":"https:\/\/apuntesdesanluis.com\/index.php\/wp-json\/wp\/v2\/tags?post=17924"}],"curies":[{"name":"wp","href":"https:\/\/api.w.org\/{rel}","templated":true}]}}