{"id":17937,"date":"2024-06-15T01:22:30","date_gmt":"2024-06-15T04:22:30","guid":{"rendered":"https:\/\/apuntesdesanluis.com\/?p=17937"},"modified":"2024-06-15T01:22:30","modified_gmt":"2024-06-15T04:22:30","slug":"corte-interamericana-de-derechos-humanos-declaro-al-estado-argentino-responsable-del-atentado-a-la-amia","status":"publish","type":"post","link":"https:\/\/apuntesdesanluis.com\/index.php\/2024\/06\/15\/corte-interamericana-de-derechos-humanos-declaro-al-estado-argentino-responsable-del-atentado-a-la-amia\/","title":{"rendered":"CORTE INTERAMERICANA DE DERECHOS HUMANOS DECLAR\u00d3 AL ESTADO ARGENTINO RESPONSABLE DEL ATENTADO A LA AMIA"},"content":{"rendered":"<h3>La Corte Interamericana de Derechos Humanos declar\u00f3 responsable a la Argentina por la violaci\u00f3n a los derechos de las v\u00edctimas en el esclarecimiento al atentado a la AMIA, perpetrado hace casi 30 a\u00f1os. En el mismo fallo, orden\u00f3 al Estado a indemnizar a las v\u00edctimas.<\/h3>\n<h3>El fallo se ampara en la aceptaci\u00f3n del Estado durante los gobiernos de N\u00e9stor Kirchner y Alberto Fern\u00e1ndez y sostiene: &#8220;Esta Corte concluye que el Estado incurri\u00f3 en una falta grave a su deber de investigar uno de los mayores atentados terroristas en la historia de la regi\u00f3n&#8221;<\/h3>\n<h3>&#8220;Las faltas del Estado a su deber de investigar, las dilaciones injustificadas al proceso y, en general, la falta de esclarecimiento y la situaci\u00f3n de impunidad, han provocado en los familiares de las v\u00edctimas sentimientos de angustia, tristeza y frustraci\u00f3n&#8221;, agrega.<\/h3>\n<h3>El texto contin\u00faa: &#8220;La Corte Interamericana de Derechos Humanos supervisar\u00e1 el cumplimiento \u00edntegro de la Sentencia, en ejercicio de sus atribuciones y en cumplimiento de sus deberes conforme a la Convenci\u00f3n Americana sobre Derechos Humanos, y dar\u00e1 por concluido el caso una vez que el Estado haya dado cabal cumplimiento a lo dispuesto en la sentencia&#8221;.<\/h3>\n<h3>Asimismo, exhorto al pa\u00eds a &#8220;clasificar toda la informaci\u00f3n de los servicios de inteligencia como reservada es contraria al derecho a buscar, recibir informaci\u00f3n consagrado en la Convenci\u00f3n Americana de Derechos Humanos y remover todos los obst\u00e1culos que mantienen la impunidad&#8221;.<\/h3>\n<h3>La Corte Interamericana de Derechos Humanos supervisar\u00e1 el cumplimiento \u00edntegro de la Sentencia, en ejercicio de sus atribuciones y en cumplimiento de sus deberes conforme a la Convenci\u00f3n Americana sobre Derechos Humanos, y dar\u00e1 por concluido el caso una vez que el Estado haya dado cabal cumplimiento a lo dispuesto en la sentencia<\/h3>\n<h3>En abril pasado, la C\u00e1mara de Casaci\u00f3n concluy\u00f3 que los atentados perpetrados contra la Embajada de Israel y la AMIA fueron ejecutados por la organizaci\u00f3n terrorista Hezbol\u00e1, ordenados por el gobierno de Ir\u00e1n.<\/h3>\n<p><img fetchpriority=\"high\" decoding=\"async\" class=\"wp-image-17939 aligncenter\" src=\"https:\/\/apuntesdesanluis.com\/wp-content\/uploads\/2024\/06\/AMIA-300x194.png\" alt=\"\" width=\"719\" height=\"465\" srcset=\"https:\/\/apuntesdesanluis.com\/wp-content\/uploads\/2024\/06\/AMIA-300x194.png 300w, https:\/\/apuntesdesanluis.com\/wp-content\/uploads\/2024\/06\/AMIA.png 600w\" sizes=\"(max-width: 719px) 100vw, 719px\" \/><\/p>\n<h3>El fallo declar\u00f3 que ambos episodios deben ser considerados como delitos de lesa humanidad, lo que implica que las investigaciones no prescriben pese al paso del tiempo y la carencia de resultados judiciales. La resoluci\u00f3n exhorta al Estado argentino a formular un reclamo formal en tribunales internacionales contra Ir\u00e1n.<\/h3>\n<h3>Los jueces Carlos Mahiques, \u00c1ngela Ledesma y Diego Barroetave\u00f1a determinaron que ambos atentados fueron planificados desde Ir\u00e1n y ejecutados por Hezbollah, organizaci\u00f3n a la que definieron como un virtual brazo armado para acciones terroristas.<\/h3>\n<h3>Los jueces ratificaron el car\u00e1cter de lesa humanidad, que en el caso de la AMIA ya hab\u00eda sido declarado por el juez Rodolfo Canicoba Corral hace casi dos d\u00e9cadas.<\/h3>\n<h3>El tribunal rebaj\u00f3, por otra parte, la condena contra el ex juez Juan Jos\u00e9 Galeano, quien pas\u00f3 de seis a cuatro a\u00f1os de c\u00e1rcel por el presunto pago ilegal al desarmador de autos Carlos Telleld\u00edn para que involucrara falsamente a polic\u00edas bonaerenses en el atentado contra la mutual jud\u00eda que dej\u00f3 85 muertos.<\/h3>\n<p>&nbsp;<\/p>\n<p>&nbsp;<\/p>\n<p>&nbsp;<\/p>\n<p>&nbsp;<\/p>\n<p>&nbsp;<\/p>\n<p>&nbsp;<\/p>\n","protected":false},"excerpt":{"rendered":"<p>La Corte Interamericana de Derechos Humanos declar\u00f3 responsable a la Argentina por la violaci\u00f3n a&#8230;<\/p>\n","protected":false},"author":1,"featured_media":17938,"comment_status":"closed","ping_status":"closed","sticky":false,"template":"","format":"standard","meta":{"footnotes":""},"categories":[5],"tags":[],"class_list":["post-17937","post","type-post","status-publish","format-standard","has-post-thumbnail","hentry","category-nacionales-internacionales"],"yoast_head":"<!-- This site is optimized with the Yoast SEO plugin v26.1.1 - https:\/\/yoast.com\/wordpress\/plugins\/seo\/ -->\n<title>CORTE INTERAMERICANA DE DERECHOS HUMANOS DECLAR\u00d3 AL ESTADO ARGENTINO RESPONSABLE DEL ATENTADO A LA AMIA - Apuntes de San Luis<\/title>\n<meta name=\"robots\" content=\"index, follow, max-snippet:-1, max-image-preview:large, max-video-preview:-1\" \/>\n<link rel=\"canonical\" href=\"https:\/\/apuntesdesanluis.com\/index.php\/2024\/06\/15\/corte-interamericana-de-derechos-humanos-declaro-al-estado-argentino-responsable-del-atentado-a-la-amia\/\" \/>\n<meta property=\"og:locale\" content=\"es_ES\" \/>\n<meta property=\"og:type\" content=\"article\" \/>\n<meta property=\"og:title\" content=\"CORTE INTERAMERICANA DE DERECHOS HUMANOS DECLAR\u00d3 AL ESTADO ARGENTINO RESPONSABLE DEL ATENTADO A LA AMIA - Apuntes de San Luis\" \/>\n<meta property=\"og:description\" content=\"La Corte Interamericana de Derechos Humanos declar\u00f3 responsable a la Argentina por la violaci\u00f3n a...\" \/>\n<meta property=\"og:url\" content=\"https:\/\/apuntesdesanluis.com\/index.php\/2024\/06\/15\/corte-interamericana-de-derechos-humanos-declaro-al-estado-argentino-responsable-del-atentado-a-la-amia\/\" \/>\n<meta property=\"og:site_name\" content=\"Apuntes de San Luis\" \/>\n<meta property=\"article:published_time\" content=\"2024-06-15T04:22:30+00:00\" \/>\n<meta property=\"og:image\" content=\"https:\/\/apuntesdesanluis.com\/wp-content\/uploads\/2024\/06\/CORTE-INTERAMERICANA.png\" \/>\n\t<meta property=\"og:image:width\" content=\"700\" \/>\n\t<meta property=\"og:image:height\" content=\"444\" \/>\n\t<meta property=\"og:image:type\" content=\"image\/png\" \/>\n<meta name=\"author\" content=\"apuntesdesanluis.com\" \/>\n<meta name=\"twitter:card\" content=\"summary_large_image\" \/>\n<meta name=\"twitter:label1\" content=\"Escrito por\" \/>\n\t<meta name=\"twitter:data1\" content=\"apuntesdesanluis.com\" \/>\n\t<meta name=\"twitter:label2\" content=\"Tiempo de lectura\" \/>\n\t<meta name=\"twitter:data2\" content=\"3 minutos\" \/>\n<script type=\"application\/ld+json\" class=\"yoast-schema-graph\">{\"@context\":\"https:\/\/schema.org\",\"@graph\":[{\"@type\":\"Article\",\"@id\":\"https:\/\/apuntesdesanluis.com\/index.php\/2024\/06\/15\/corte-interamericana-de-derechos-humanos-declaro-al-estado-argentino-responsable-del-atentado-a-la-amia\/#article\",\"isPartOf\":{\"@id\":\"https:\/\/apuntesdesanluis.com\/index.php\/2024\/06\/15\/corte-interamericana-de-derechos-humanos-declaro-al-estado-argentino-responsable-del-atentado-a-la-amia\/\"},\"author\":{\"name\":\"apuntesdesanluis.com\",\"@id\":\"https:\/\/apuntesdesanluis.com\/#\/schema\/person\/b55151d52296fcce64d1a72538a70b90\"},\"headline\":\"CORTE INTERAMERICANA DE DERECHOS HUMANOS DECLAR\u00d3 AL ESTADO ARGENTINO RESPONSABLE DEL ATENTADO A LA AMIA\",\"datePublished\":\"2024-06-15T04:22:30+00:00\",\"mainEntityOfPage\":{\"@id\":\"https:\/\/apuntesdesanluis.com\/index.php\/2024\/06\/15\/corte-interamericana-de-derechos-humanos-declaro-al-estado-argentino-responsable-del-atentado-a-la-amia\/\"},\"wordCount\":537,\"publisher\":{\"@id\":\"https:\/\/apuntesdesanluis.com\/#\/schema\/person\/b55151d52296fcce64d1a72538a70b90\"},\"image\":{\"@id\":\"https:\/\/apuntesdesanluis.com\/index.php\/2024\/06\/15\/corte-interamericana-de-derechos-humanos-declaro-al-estado-argentino-responsable-del-atentado-a-la-amia\/#primaryimage\"},\"thumbnailUrl\":\"https:\/\/apuntesdesanluis.com\/wp-content\/uploads\/2024\/06\/CORTE-INTERAMERICANA.png\",\"articleSection\":[\"Nacionales\/Internacionales\"],\"inLanguage\":\"es-AR\"},{\"@type\":\"WebPage\",\"@id\":\"https:\/\/apuntesdesanluis.com\/index.php\/2024\/06\/15\/corte-interamericana-de-derechos-humanos-declaro-al-estado-argentino-responsable-del-atentado-a-la-amia\/\",\"url\":\"https:\/\/apuntesdesanluis.com\/index.php\/2024\/06\/15\/corte-interamericana-de-derechos-humanos-declaro-al-estado-argentino-responsable-del-atentado-a-la-amia\/\",\"name\":\"CORTE INTERAMERICANA DE DERECHOS HUMANOS DECLAR\u00d3 AL ESTADO ARGENTINO RESPONSABLE DEL ATENTADO A LA AMIA - Apuntes de San Luis\",\"isPartOf\":{\"@id\":\"https:\/\/apuntesdesanluis.com\/#website\"},\"primaryImageOfPage\":{\"@id\":\"https:\/\/apuntesdesanluis.com\/index.php\/2024\/06\/15\/corte-interamericana-de-derechos-humanos-declaro-al-estado-argentino-responsable-del-atentado-a-la-amia\/#primaryimage\"},\"image\":{\"@id\":\"https:\/\/apuntesdesanluis.com\/index.php\/2024\/06\/15\/corte-interamericana-de-derechos-humanos-declaro-al-estado-argentino-responsable-del-atentado-a-la-amia\/#primaryimage\"},\"thumbnailUrl\":\"https:\/\/apuntesdesanluis.com\/wp-content\/uploads\/2024\/06\/CORTE-INTERAMERICANA.png\",\"datePublished\":\"2024-06-15T04:22:30+00:00\",\"breadcrumb\":{\"@id\":\"https:\/\/apuntesdesanluis.com\/index.php\/2024\/06\/15\/corte-interamericana-de-derechos-humanos-declaro-al-estado-argentino-responsable-del-atentado-a-la-amia\/#breadcrumb\"},\"inLanguage\":\"es-AR\",\"potentialAction\":[{\"@type\":\"ReadAction\",\"target\":[\"https:\/\/apuntesdesanluis.com\/index.php\/2024\/06\/15\/corte-interamericana-de-derechos-humanos-declaro-al-estado-argentino-responsable-del-atentado-a-la-amia\/\"]}]},{\"@type\":\"ImageObject\",\"inLanguage\":\"es-AR\",\"@id\":\"https:\/\/apuntesdesanluis.com\/index.php\/2024\/06\/15\/corte-interamericana-de-derechos-humanos-declaro-al-estado-argentino-responsable-del-atentado-a-la-amia\/#primaryimage\",\"url\":\"https:\/\/apuntesdesanluis.com\/wp-content\/uploads\/2024\/06\/CORTE-INTERAMERICANA.png\",\"contentUrl\":\"https:\/\/apuntesdesanluis.com\/wp-content\/uploads\/2024\/06\/CORTE-INTERAMERICANA.png\",\"width\":700,\"height\":444},{\"@type\":\"BreadcrumbList\",\"@id\":\"https:\/\/apuntesdesanluis.com\/index.php\/2024\/06\/15\/corte-interamericana-de-derechos-humanos-declaro-al-estado-argentino-responsable-del-atentado-a-la-amia\/#breadcrumb\",\"itemListElement\":[{\"@type\":\"ListItem\",\"position\":1,\"name\":\"Inicio\",\"item\":\"https:\/\/apuntesdesanluis.com\/\"},{\"@type\":\"ListItem\",\"position\":2,\"name\":\"CORTE INTERAMERICANA DE DERECHOS HUMANOS DECLAR\u00d3 AL ESTADO ARGENTINO RESPONSABLE DEL ATENTADO A LA AMIA\"}]},{\"@type\":\"WebSite\",\"@id\":\"https:\/\/apuntesdesanluis.com\/#website\",\"url\":\"https:\/\/apuntesdesanluis.com\/\",\"name\":\"Apuntes de San Luis\",\"description\":\"\",\"publisher\":{\"@id\":\"https:\/\/apuntesdesanluis.com\/#\/schema\/person\/b55151d52296fcce64d1a72538a70b90\"},\"potentialAction\":[{\"@type\":\"SearchAction\",\"target\":{\"@type\":\"EntryPoint\",\"urlTemplate\":\"https:\/\/apuntesdesanluis.com\/?s={search_term_string}\"},\"query-input\":{\"@type\":\"PropertyValueSpecification\",\"valueRequired\":true,\"valueName\":\"search_term_string\"}}],\"inLanguage\":\"es-AR\"},{\"@type\":[\"Person\",\"Organization\"],\"@id\":\"https:\/\/apuntesdesanluis.com\/#\/schema\/person\/b55151d52296fcce64d1a72538a70b90\",\"name\":\"apuntesdesanluis.com\",\"image\":{\"@type\":\"ImageObject\",\"inLanguage\":\"es-AR\",\"@id\":\"https:\/\/apuntesdesanluis.com\/#\/schema\/person\/image\/\",\"url\":\"https:\/\/apuntesdesanluis.com\/wp-content\/uploads\/2023\/07\/cropped-apuntesdesanluis.png\",\"contentUrl\":\"https:\/\/apuntesdesanluis.com\/wp-content\/uploads\/2023\/07\/cropped-apuntesdesanluis.png\",\"width\":450,\"height\":112,\"caption\":\"apuntesdesanluis.com\"},\"logo\":{\"@id\":\"https:\/\/apuntesdesanluis.com\/#\/schema\/person\/image\/\"},\"sameAs\":[\"https:\/\/apuntesdesanluis.com\"],\"url\":\"https:\/\/apuntesdesanluis.com\/index.php\/author\/apuntesdesanluis-com\/\"}]}<\/script>\n<!-- \/ Yoast SEO plugin. -->","yoast_head_json":{"title":"CORTE INTERAMERICANA DE DERECHOS HUMANOS DECLAR\u00d3 AL ESTADO ARGENTINO RESPONSABLE DEL ATENTADO A LA AMIA - Apuntes de San Luis","robots":{"index":"index","follow":"follow","max-snippet":"max-snippet:-1","max-image-preview":"max-image-preview:large","max-video-preview":"max-video-preview:-1"},"canonical":"https:\/\/apuntesdesanluis.com\/index.php\/2024\/06\/15\/corte-interamericana-de-derechos-humanos-declaro-al-estado-argentino-responsable-del-atentado-a-la-amia\/","og_locale":"es_ES","og_type":"article","og_title":"CORTE INTERAMERICANA DE DERECHOS HUMANOS DECLAR\u00d3 AL ESTADO ARGENTINO RESPONSABLE DEL ATENTADO A LA AMIA - Apuntes de San Luis","og_description":"La Corte Interamericana de Derechos Humanos declar\u00f3 responsable a la Argentina por la violaci\u00f3n a...","og_url":"https:\/\/apuntesdesanluis.com\/index.php\/2024\/06\/15\/corte-interamericana-de-derechos-humanos-declaro-al-estado-argentino-responsable-del-atentado-a-la-amia\/","og_site_name":"Apuntes de San Luis","article_published_time":"2024-06-15T04:22:30+00:00","og_image":[{"width":700,"height":444,"url":"https:\/\/apuntesdesanluis.com\/wp-content\/uploads\/2024\/06\/CORTE-INTERAMERICANA.png","type":"image\/png"}],"author":"apuntesdesanluis.com","twitter_card":"summary_large_image","twitter_misc":{"Escrito por":"apuntesdesanluis.com","Tiempo de lectura":"3 minutos"},"schema":{"@context":"https:\/\/schema.org","@graph":[{"@type":"Article","@id":"https:\/\/apuntesdesanluis.com\/index.php\/2024\/06\/15\/corte-interamericana-de-derechos-humanos-declaro-al-estado-argentino-responsable-del-atentado-a-la-amia\/#article","isPartOf":{"@id":"https:\/\/apuntesdesanluis.com\/index.php\/2024\/06\/15\/corte-interamericana-de-derechos-humanos-declaro-al-estado-argentino-responsable-del-atentado-a-la-amia\/"},"author":{"name":"apuntesdesanluis.com","@id":"https:\/\/apuntesdesanluis.com\/#\/schema\/person\/b55151d52296fcce64d1a72538a70b90"},"headline":"CORTE INTERAMERICANA DE DERECHOS HUMANOS DECLAR\u00d3 AL ESTADO ARGENTINO RESPONSABLE DEL ATENTADO A LA AMIA","datePublished":"2024-06-15T04:22:30+00:00","mainEntityOfPage":{"@id":"https:\/\/apuntesdesanluis.com\/index.php\/2024\/06\/15\/corte-interamericana-de-derechos-humanos-declaro-al-estado-argentino-responsable-del-atentado-a-la-amia\/"},"wordCount":537,"publisher":{"@id":"https:\/\/apuntesdesanluis.com\/#\/schema\/person\/b55151d52296fcce64d1a72538a70b90"},"image":{"@id":"https:\/\/apuntesdesanluis.com\/index.php\/2024\/06\/15\/corte-interamericana-de-derechos-humanos-declaro-al-estado-argentino-responsable-del-atentado-a-la-amia\/#primaryimage"},"thumbnailUrl":"https:\/\/apuntesdesanluis.com\/wp-content\/uploads\/2024\/06\/CORTE-INTERAMERICANA.png","articleSection":["Nacionales\/Internacionales"],"inLanguage":"es-AR"},{"@type":"WebPage","@id":"https:\/\/apuntesdesanluis.com\/index.php\/2024\/06\/15\/corte-interamericana-de-derechos-humanos-declaro-al-estado-argentino-responsable-del-atentado-a-la-amia\/","url":"https:\/\/apuntesdesanluis.com\/index.php\/2024\/06\/15\/corte-interamericana-de-derechos-humanos-declaro-al-estado-argentino-responsable-del-atentado-a-la-amia\/","name":"CORTE INTERAMERICANA DE DERECHOS HUMANOS DECLAR\u00d3 AL ESTADO ARGENTINO RESPONSABLE DEL ATENTADO A LA AMIA - Apuntes de San Luis","isPartOf":{"@id":"https:\/\/apuntesdesanluis.com\/#website"},"primaryImageOfPage":{"@id":"https:\/\/apuntesdesanluis.com\/index.php\/2024\/06\/15\/corte-interamericana-de-derechos-humanos-declaro-al-estado-argentino-responsable-del-atentado-a-la-amia\/#primaryimage"},"image":{"@id":"https:\/\/apuntesdesanluis.com\/index.php\/2024\/06\/15\/corte-interamericana-de-derechos-humanos-declaro-al-estado-argentino-responsable-del-atentado-a-la-amia\/#primaryimage"},"thumbnailUrl":"https:\/\/apuntesdesanluis.com\/wp-content\/uploads\/2024\/06\/CORTE-INTERAMERICANA.png","datePublished":"2024-06-15T04:22:30+00:00","breadcrumb":{"@id":"https:\/\/apuntesdesanluis.com\/index.php\/2024\/06\/15\/corte-interamericana-de-derechos-humanos-declaro-al-estado-argentino-responsable-del-atentado-a-la-amia\/#breadcrumb"},"inLanguage":"es-AR","potentialAction":[{"@type":"ReadAction","target":["https:\/\/apuntesdesanluis.com\/index.php\/2024\/06\/15\/corte-interamericana-de-derechos-humanos-declaro-al-estado-argentino-responsable-del-atentado-a-la-amia\/"]}]},{"@type":"ImageObject","inLanguage":"es-AR","@id":"https:\/\/apuntesdesanluis.com\/index.php\/2024\/06\/15\/corte-interamericana-de-derechos-humanos-declaro-al-estado-argentino-responsable-del-atentado-a-la-amia\/#primaryimage","url":"https:\/\/apuntesdesanluis.com\/wp-content\/uploads\/2024\/06\/CORTE-INTERAMERICANA.png","contentUrl":"https:\/\/apuntesdesanluis.com\/wp-content\/uploads\/2024\/06\/CORTE-INTERAMERICANA.png","width":700,"height":444},{"@type":"BreadcrumbList","@id":"https:\/\/apuntesdesanluis.com\/index.php\/2024\/06\/15\/corte-interamericana-de-derechos-humanos-declaro-al-estado-argentino-responsable-del-atentado-a-la-amia\/#breadcrumb","itemListElement":[{"@type":"ListItem","position":1,"name":"Inicio","item":"https:\/\/apuntesdesanluis.com\/"},{"@type":"ListItem","position":2,"name":"CORTE INTERAMERICANA DE DERECHOS HUMANOS DECLAR\u00d3 AL ESTADO ARGENTINO RESPONSABLE DEL ATENTADO A LA AMIA"}]},{"@type":"WebSite","@id":"https:\/\/apuntesdesanluis.com\/#website","url":"https:\/\/apuntesdesanluis.com\/","name":"Apuntes de San Luis","description":"","publisher":{"@id":"https:\/\/apuntesdesanluis.com\/#\/schema\/person\/b55151d52296fcce64d1a72538a70b90"},"potentialAction":[{"@type":"SearchAction","target":{"@type":"EntryPoint","urlTemplate":"https:\/\/apuntesdesanluis.com\/?s={search_term_string}"},"query-input":{"@type":"PropertyValueSpecification","valueRequired":true,"valueName":"search_term_string"}}],"inLanguage":"es-AR"},{"@type":["Person","Organization"],"@id":"https:\/\/apuntesdesanluis.com\/#\/schema\/person\/b55151d52296fcce64d1a72538a70b90","name":"apuntesdesanluis.com","image":{"@type":"ImageObject","inLanguage":"es-AR","@id":"https:\/\/apuntesdesanluis.com\/#\/schema\/person\/image\/","url":"https:\/\/apuntesdesanluis.com\/wp-content\/uploads\/2023\/07\/cropped-apuntesdesanluis.png","contentUrl":"https:\/\/apuntesdesanluis.com\/wp-content\/uploads\/2023\/07\/cropped-apuntesdesanluis.png","width":450,"height":112,"caption":"apuntesdesanluis.com"},"logo":{"@id":"https:\/\/apuntesdesanluis.com\/#\/schema\/person\/image\/"},"sameAs":["https:\/\/apuntesdesanluis.com"],"url":"https:\/\/apuntesdesanluis.com\/index.php\/author\/apuntesdesanluis-com\/"}]}},"featured_image_urls":{"full":["https:\/\/apuntesdesanluis.com\/wp-content\/uploads\/2024\/06\/CORTE-INTERAMERICANA.png",700,444,false],"thumbnail":["https:\/\/apuntesdesanluis.com\/wp-content\/uploads\/2024\/06\/CORTE-INTERAMERICANA-150x150.png",150,150,true],"medium":["https:\/\/apuntesdesanluis.com\/wp-content\/uploads\/2024\/06\/CORTE-INTERAMERICANA-300x190.png",300,190,true],"medium_large":["https:\/\/apuntesdesanluis.com\/wp-content\/uploads\/2024\/06\/CORTE-INTERAMERICANA.png",640,406,false],"large":["https:\/\/apuntesdesanluis.com\/wp-content\/uploads\/2024\/06\/CORTE-INTERAMERICANA.png",640,406,false],"1536x1536":["https:\/\/apuntesdesanluis.com\/wp-content\/uploads\/2024\/06\/CORTE-INTERAMERICANA.png",700,444,false],"2048x2048":["https:\/\/apuntesdesanluis.com\/wp-content\/uploads\/2024\/06\/CORTE-INTERAMERICANA.png",700,444,false],"newsever-slider-full":["https:\/\/apuntesdesanluis.com\/wp-content\/uploads\/2024\/06\/CORTE-INTERAMERICANA.png",700,444,false],"newsever-featured":["https:\/\/apuntesdesanluis.com\/wp-content\/uploads\/2024\/06\/CORTE-INTERAMERICANA.png",700,444,false],"newsever-medium":["https:\/\/apuntesdesanluis.com\/wp-content\/uploads\/2024\/06\/CORTE-INTERAMERICANA.png",700,444,false]},"author_info":{"display_name":"apuntesdesanluis.com","author_link":"https:\/\/apuntesdesanluis.com\/index.php\/author\/apuntesdesanluis-com\/"},"category_info":"<a href=\"https:\/\/apuntesdesanluis.com\/index.php\/category\/nacionales-internacionales\/\" rel=\"category tag\">Nacionales\/Internacionales<\/a>","tag_info":"Nacionales\/Internacionales","comment_count":"0","_links":{"self":[{"href":"https:\/\/apuntesdesanluis.com\/index.php\/wp-json\/wp\/v2\/posts\/17937","targetHints":{"allow":["GET"]}}],"collection":[{"href":"https:\/\/apuntesdesanluis.com\/index.php\/wp-json\/wp\/v2\/posts"}],"about":[{"href":"https:\/\/apuntesdesanluis.com\/index.php\/wp-json\/wp\/v2\/types\/post"}],"author":[{"embeddable":true,"href":"https:\/\/apuntesdesanluis.com\/index.php\/wp-json\/wp\/v2\/users\/1"}],"replies":[{"embeddable":true,"href":"https:\/\/apuntesdesanluis.com\/index.php\/wp-json\/wp\/v2\/comments?post=17937"}],"version-history":[{"count":1,"href":"https:\/\/apuntesdesanluis.com\/index.php\/wp-json\/wp\/v2\/posts\/17937\/revisions"}],"predecessor-version":[{"id":17940,"href":"https:\/\/apuntesdesanluis.com\/index.php\/wp-json\/wp\/v2\/posts\/17937\/revisions\/17940"}],"wp:featuredmedia":[{"embeddable":true,"href":"https:\/\/apuntesdesanluis.com\/index.php\/wp-json\/wp\/v2\/media\/17938"}],"wp:attachment":[{"href":"https:\/\/apuntesdesanluis.com\/index.php\/wp-json\/wp\/v2\/media?parent=17937"}],"wp:term":[{"taxonomy":"category","embeddable":true,"href":"https:\/\/apuntesdesanluis.com\/index.php\/wp-json\/wp\/v2\/categories?post=17937"},{"taxonomy":"post_tag","embeddable":true,"href":"https:\/\/apuntesdesanluis.com\/index.php\/wp-json\/wp\/v2\/tags?post=17937"}],"curies":[{"name":"wp","href":"https:\/\/api.w.org\/{rel}","templated":true}]}}