{"id":17941,"date":"2024-06-15T20:17:40","date_gmt":"2024-06-15T23:17:40","guid":{"rendered":"https:\/\/apuntesdesanluis.com\/?p=17941"},"modified":"2024-06-15T20:20:57","modified_gmt":"2024-06-15T23:20:57","slug":"poggi-sin-cambios-significativos-en-su-salud-pasara-el-dia-del-padre-internado","status":"publish","type":"post","link":"https:\/\/apuntesdesanluis.com\/index.php\/2024\/06\/15\/poggi-sin-cambios-significativos-en-su-salud-pasara-el-dia-del-padre-internado\/","title":{"rendered":"POGGI, &#8220;SIN CAMBIOS SIGNIFICATIVOS\u201d EN SU SALUD, PASAR\u00c1 EL D\u00cdA DEL PADRE INTERNADO"},"content":{"rendered":"<h3>El gobernador de la provincia cumple este s\u00e1bado su segundo d\u00eda de internaci\u00f3n, afectado por un \u201ccuadro de neumon\u00eda bilateral viral por sincitial respiratorio leve, sin cambios significativos en su evoluci\u00f3n\u201d.<\/h3>\n<h3>As\u00ed lo se\u00f1ala el parte m\u00e9dico emitido este s\u00e1bado a las 19:00 h por el Hospital Central Dr. Ram\u00f3n Carrillo.<\/h3>\n<h3>Agrega que <strong>Claudio Poggi<\/strong> \u201ccontin\u00faa en buen estado general, de buen \u00e1nimo, se moviliza sin asistencia y no requiere ox\u00edgeno\u201d.<\/h3>\n<h3>El hecho de que no presente cambios significativos puede leerse en dos sentidos: por un lado, que la infecci\u00f3n respiratoria no ha avanzado ni agravado su estado; por otro \u2013tal vez- contin\u00faa internado porque persiste la fiebre o los dolores que lo aquejan.<\/h3>\n<h3>La informaci\u00f3n oficial es la \u00fanica v\u00eda directa a trav\u00e9s de la cual el gobierno comunica la salud del mandatario, por lo que reina cierta incertidumbre en la ciudadan\u00eda, acostumbrada a recibir noticias a trav\u00e9s de posteos, fotos o videos grabados por el propio Claudio Poggi.<\/h3>\n<h3>El comunicado del nosocomio puntano nada dice sobre la fecha en que se le dar\u00eda el alta a Poggi, quien se intern\u00f3 el pasado viernes a las 6 de la ma\u00f1ana y atravesar\u00e1 su primer <strong>D\u00eda del Padre<\/strong> como gobernador, pero en el hospital.<\/h3>\n<h3>El pr\u00f3ximo parte oficial se dar\u00e1 a conocer este domingo a las 10:00 h.<\/h3>\n<p>&nbsp;<\/p>\n<p><img fetchpriority=\"high\" decoding=\"async\" class=\"wp-image-17942 aligncenter\" src=\"https:\/\/apuntesdesanluis.com\/wp-content\/uploads\/2024\/06\/comunicado-sobre-poggi-300x271.png\" alt=\"\" width=\"583\" height=\"527\" srcset=\"https:\/\/apuntesdesanluis.com\/wp-content\/uploads\/2024\/06\/comunicado-sobre-poggi-300x271.png 300w, https:\/\/apuntesdesanluis.com\/wp-content\/uploads\/2024\/06\/comunicado-sobre-poggi.png 599w\" sizes=\"(max-width: 583px) 100vw, 583px\" \/><\/p>\n<h3><\/h3>\n<h3><span style=\"color: #3366ff;\">NOTICIA RELACIONADA:<\/span><\/h3>\n<p><a href=\"https:\/\/apuntesdesanluis.com\/index.php\/2024\/06\/14\/informe-el-gobernador-claudio-poggi-continua-internado-y-preocupa-su-estado-de-salud\/\" target=\"_blank\" rel=\"noopener\"><img decoding=\"async\" class=\"alignnone wp-image-17946\" src=\"https:\/\/apuntesdesanluis.com\/wp-content\/uploads\/2024\/06\/posteo-2-300x212.png\" alt=\"\" width=\"444\" height=\"314\" srcset=\"https:\/\/apuntesdesanluis.com\/wp-content\/uploads\/2024\/06\/posteo-2-300x212.png 300w, https:\/\/apuntesdesanluis.com\/wp-content\/uploads\/2024\/06\/posteo-2.png 559w\" sizes=\"(max-width: 444px) 100vw, 444px\" \/><\/a><\/p>\n<p>&nbsp;<\/p>\n<p>&nbsp;<\/p>\n<p>&nbsp;<\/p>\n<p>&nbsp;<\/p>\n<p>&nbsp;<\/p>\n","protected":false},"excerpt":{"rendered":"<p>El gobernador de la provincia cumple este s\u00e1bado su segundo d\u00eda de internaci\u00f3n, afectado por&#8230;<\/p>\n","protected":false},"author":1,"featured_media":17945,"comment_status":"closed","ping_status":"closed","sticky":false,"template":"","format":"standard","meta":{"footnotes":""},"categories":[6],"tags":[],"class_list":["post-17941","post","type-post","status-publish","format-standard","has-post-thumbnail","hentry","category-ciudad-provincia"],"yoast_head":"<!-- This site is optimized with the Yoast SEO plugin v26.1.1 - https:\/\/yoast.com\/wordpress\/plugins\/seo\/ -->\n<title>POGGI, &quot;SIN CAMBIOS SIGNIFICATIVOS\u201d EN SU SALUD, PASAR\u00c1 EL D\u00cdA DEL PADRE INTERNADO - Apuntes de San Luis<\/title>\n<meta name=\"robots\" content=\"index, follow, max-snippet:-1, max-image-preview:large, max-video-preview:-1\" \/>\n<link rel=\"canonical\" href=\"https:\/\/apuntesdesanluis.com\/index.php\/2024\/06\/15\/poggi-sin-cambios-significativos-en-su-salud-pasara-el-dia-del-padre-internado\/\" \/>\n<meta property=\"og:locale\" content=\"es_ES\" \/>\n<meta property=\"og:type\" content=\"article\" \/>\n<meta property=\"og:title\" content=\"POGGI, &quot;SIN CAMBIOS SIGNIFICATIVOS\u201d EN SU SALUD, PASAR\u00c1 EL D\u00cdA DEL PADRE INTERNADO - Apuntes de San Luis\" \/>\n<meta property=\"og:description\" content=\"El gobernador de la provincia cumple este s\u00e1bado su segundo d\u00eda de internaci\u00f3n, afectado por...\" \/>\n<meta property=\"og:url\" content=\"https:\/\/apuntesdesanluis.com\/index.php\/2024\/06\/15\/poggi-sin-cambios-significativos-en-su-salud-pasara-el-dia-del-padre-internado\/\" \/>\n<meta property=\"og:site_name\" content=\"Apuntes de San Luis\" \/>\n<meta property=\"article:published_time\" content=\"2024-06-15T23:17:40+00:00\" \/>\n<meta property=\"article:modified_time\" content=\"2024-06-15T23:20:57+00:00\" \/>\n<meta property=\"og:image\" content=\"https:\/\/apuntesdesanluis.com\/wp-content\/uploads\/2024\/06\/poggi-2.png\" \/>\n\t<meta property=\"og:image:width\" content=\"658\" \/>\n\t<meta property=\"og:image:height\" content=\"396\" \/>\n\t<meta property=\"og:image:type\" content=\"image\/png\" \/>\n<meta name=\"author\" content=\"apuntesdesanluis.com\" \/>\n<meta name=\"twitter:card\" content=\"summary_large_image\" \/>\n<meta name=\"twitter:label1\" content=\"Escrito por\" \/>\n\t<meta name=\"twitter:data1\" content=\"apuntesdesanluis.com\" \/>\n\t<meta name=\"twitter:label2\" content=\"Tiempo de lectura\" \/>\n\t<meta name=\"twitter:data2\" content=\"2 minutos\" \/>\n<script type=\"application\/ld+json\" class=\"yoast-schema-graph\">{\"@context\":\"https:\/\/schema.org\",\"@graph\":[{\"@type\":\"Article\",\"@id\":\"https:\/\/apuntesdesanluis.com\/index.php\/2024\/06\/15\/poggi-sin-cambios-significativos-en-su-salud-pasara-el-dia-del-padre-internado\/#article\",\"isPartOf\":{\"@id\":\"https:\/\/apuntesdesanluis.com\/index.php\/2024\/06\/15\/poggi-sin-cambios-significativos-en-su-salud-pasara-el-dia-del-padre-internado\/\"},\"author\":{\"name\":\"apuntesdesanluis.com\",\"@id\":\"https:\/\/apuntesdesanluis.com\/#\/schema\/person\/b55151d52296fcce64d1a72538a70b90\"},\"headline\":\"POGGI, &#8220;SIN CAMBIOS SIGNIFICATIVOS\u201d EN SU SALUD, PASAR\u00c1 EL D\u00cdA DEL PADRE INTERNADO\",\"datePublished\":\"2024-06-15T23:17:40+00:00\",\"dateModified\":\"2024-06-15T23:20:57+00:00\",\"mainEntityOfPage\":{\"@id\":\"https:\/\/apuntesdesanluis.com\/index.php\/2024\/06\/15\/poggi-sin-cambios-significativos-en-su-salud-pasara-el-dia-del-padre-internado\/\"},\"wordCount\":259,\"publisher\":{\"@id\":\"https:\/\/apuntesdesanluis.com\/#\/schema\/person\/b55151d52296fcce64d1a72538a70b90\"},\"image\":{\"@id\":\"https:\/\/apuntesdesanluis.com\/index.php\/2024\/06\/15\/poggi-sin-cambios-significativos-en-su-salud-pasara-el-dia-del-padre-internado\/#primaryimage\"},\"thumbnailUrl\":\"https:\/\/apuntesdesanluis.com\/wp-content\/uploads\/2024\/06\/poggi-2.png\",\"articleSection\":[\"Ciudad\/Provincia\"],\"inLanguage\":\"es-AR\"},{\"@type\":\"WebPage\",\"@id\":\"https:\/\/apuntesdesanluis.com\/index.php\/2024\/06\/15\/poggi-sin-cambios-significativos-en-su-salud-pasara-el-dia-del-padre-internado\/\",\"url\":\"https:\/\/apuntesdesanluis.com\/index.php\/2024\/06\/15\/poggi-sin-cambios-significativos-en-su-salud-pasara-el-dia-del-padre-internado\/\",\"name\":\"POGGI, \\\"SIN CAMBIOS SIGNIFICATIVOS\u201d EN SU SALUD, PASAR\u00c1 EL D\u00cdA DEL PADRE INTERNADO - Apuntes de San Luis\",\"isPartOf\":{\"@id\":\"https:\/\/apuntesdesanluis.com\/#website\"},\"primaryImageOfPage\":{\"@id\":\"https:\/\/apuntesdesanluis.com\/index.php\/2024\/06\/15\/poggi-sin-cambios-significativos-en-su-salud-pasara-el-dia-del-padre-internado\/#primaryimage\"},\"image\":{\"@id\":\"https:\/\/apuntesdesanluis.com\/index.php\/2024\/06\/15\/poggi-sin-cambios-significativos-en-su-salud-pasara-el-dia-del-padre-internado\/#primaryimage\"},\"thumbnailUrl\":\"https:\/\/apuntesdesanluis.com\/wp-content\/uploads\/2024\/06\/poggi-2.png\",\"datePublished\":\"2024-06-15T23:17:40+00:00\",\"dateModified\":\"2024-06-15T23:20:57+00:00\",\"breadcrumb\":{\"@id\":\"https:\/\/apuntesdesanluis.com\/index.php\/2024\/06\/15\/poggi-sin-cambios-significativos-en-su-salud-pasara-el-dia-del-padre-internado\/#breadcrumb\"},\"inLanguage\":\"es-AR\",\"potentialAction\":[{\"@type\":\"ReadAction\",\"target\":[\"https:\/\/apuntesdesanluis.com\/index.php\/2024\/06\/15\/poggi-sin-cambios-significativos-en-su-salud-pasara-el-dia-del-padre-internado\/\"]}]},{\"@type\":\"ImageObject\",\"inLanguage\":\"es-AR\",\"@id\":\"https:\/\/apuntesdesanluis.com\/index.php\/2024\/06\/15\/poggi-sin-cambios-significativos-en-su-salud-pasara-el-dia-del-padre-internado\/#primaryimage\",\"url\":\"https:\/\/apuntesdesanluis.com\/wp-content\/uploads\/2024\/06\/poggi-2.png\",\"contentUrl\":\"https:\/\/apuntesdesanluis.com\/wp-content\/uploads\/2024\/06\/poggi-2.png\",\"width\":658,\"height\":396},{\"@type\":\"BreadcrumbList\",\"@id\":\"https:\/\/apuntesdesanluis.com\/index.php\/2024\/06\/15\/poggi-sin-cambios-significativos-en-su-salud-pasara-el-dia-del-padre-internado\/#breadcrumb\",\"itemListElement\":[{\"@type\":\"ListItem\",\"position\":1,\"name\":\"Inicio\",\"item\":\"https:\/\/apuntesdesanluis.com\/\"},{\"@type\":\"ListItem\",\"position\":2,\"name\":\"POGGI, &#8220;SIN CAMBIOS SIGNIFICATIVOS\u201d EN SU SALUD, PASAR\u00c1 EL D\u00cdA DEL PADRE INTERNADO\"}]},{\"@type\":\"WebSite\",\"@id\":\"https:\/\/apuntesdesanluis.com\/#website\",\"url\":\"https:\/\/apuntesdesanluis.com\/\",\"name\":\"Apuntes de San Luis\",\"description\":\"\",\"publisher\":{\"@id\":\"https:\/\/apuntesdesanluis.com\/#\/schema\/person\/b55151d52296fcce64d1a72538a70b90\"},\"potentialAction\":[{\"@type\":\"SearchAction\",\"target\":{\"@type\":\"EntryPoint\",\"urlTemplate\":\"https:\/\/apuntesdesanluis.com\/?s={search_term_string}\"},\"query-input\":{\"@type\":\"PropertyValueSpecification\",\"valueRequired\":true,\"valueName\":\"search_term_string\"}}],\"inLanguage\":\"es-AR\"},{\"@type\":[\"Person\",\"Organization\"],\"@id\":\"https:\/\/apuntesdesanluis.com\/#\/schema\/person\/b55151d52296fcce64d1a72538a70b90\",\"name\":\"apuntesdesanluis.com\",\"image\":{\"@type\":\"ImageObject\",\"inLanguage\":\"es-AR\",\"@id\":\"https:\/\/apuntesdesanluis.com\/#\/schema\/person\/image\/\",\"url\":\"https:\/\/apuntesdesanluis.com\/wp-content\/uploads\/2023\/07\/cropped-apuntesdesanluis.png\",\"contentUrl\":\"https:\/\/apuntesdesanluis.com\/wp-content\/uploads\/2023\/07\/cropped-apuntesdesanluis.png\",\"width\":450,\"height\":112,\"caption\":\"apuntesdesanluis.com\"},\"logo\":{\"@id\":\"https:\/\/apuntesdesanluis.com\/#\/schema\/person\/image\/\"},\"sameAs\":[\"https:\/\/apuntesdesanluis.com\"],\"url\":\"https:\/\/apuntesdesanluis.com\/index.php\/author\/apuntesdesanluis-com\/\"}]}<\/script>\n<!-- \/ Yoast SEO plugin. -->","yoast_head_json":{"title":"POGGI, \"SIN CAMBIOS SIGNIFICATIVOS\u201d EN SU SALUD, PASAR\u00c1 EL D\u00cdA DEL PADRE INTERNADO - Apuntes de San Luis","robots":{"index":"index","follow":"follow","max-snippet":"max-snippet:-1","max-image-preview":"max-image-preview:large","max-video-preview":"max-video-preview:-1"},"canonical":"https:\/\/apuntesdesanluis.com\/index.php\/2024\/06\/15\/poggi-sin-cambios-significativos-en-su-salud-pasara-el-dia-del-padre-internado\/","og_locale":"es_ES","og_type":"article","og_title":"POGGI, \"SIN CAMBIOS SIGNIFICATIVOS\u201d EN SU SALUD, PASAR\u00c1 EL D\u00cdA DEL PADRE INTERNADO - Apuntes de San Luis","og_description":"El gobernador de la provincia cumple este s\u00e1bado su segundo d\u00eda de internaci\u00f3n, afectado por...","og_url":"https:\/\/apuntesdesanluis.com\/index.php\/2024\/06\/15\/poggi-sin-cambios-significativos-en-su-salud-pasara-el-dia-del-padre-internado\/","og_site_name":"Apuntes de San Luis","article_published_time":"2024-06-15T23:17:40+00:00","article_modified_time":"2024-06-15T23:20:57+00:00","og_image":[{"width":658,"height":396,"url":"https:\/\/apuntesdesanluis.com\/wp-content\/uploads\/2024\/06\/poggi-2.png","type":"image\/png"}],"author":"apuntesdesanluis.com","twitter_card":"summary_large_image","twitter_misc":{"Escrito por":"apuntesdesanluis.com","Tiempo de lectura":"2 minutos"},"schema":{"@context":"https:\/\/schema.org","@graph":[{"@type":"Article","@id":"https:\/\/apuntesdesanluis.com\/index.php\/2024\/06\/15\/poggi-sin-cambios-significativos-en-su-salud-pasara-el-dia-del-padre-internado\/#article","isPartOf":{"@id":"https:\/\/apuntesdesanluis.com\/index.php\/2024\/06\/15\/poggi-sin-cambios-significativos-en-su-salud-pasara-el-dia-del-padre-internado\/"},"author":{"name":"apuntesdesanluis.com","@id":"https:\/\/apuntesdesanluis.com\/#\/schema\/person\/b55151d52296fcce64d1a72538a70b90"},"headline":"POGGI, &#8220;SIN CAMBIOS SIGNIFICATIVOS\u201d EN SU SALUD, PASAR\u00c1 EL D\u00cdA DEL PADRE INTERNADO","datePublished":"2024-06-15T23:17:40+00:00","dateModified":"2024-06-15T23:20:57+00:00","mainEntityOfPage":{"@id":"https:\/\/apuntesdesanluis.com\/index.php\/2024\/06\/15\/poggi-sin-cambios-significativos-en-su-salud-pasara-el-dia-del-padre-internado\/"},"wordCount":259,"publisher":{"@id":"https:\/\/apuntesdesanluis.com\/#\/schema\/person\/b55151d52296fcce64d1a72538a70b90"},"image":{"@id":"https:\/\/apuntesdesanluis.com\/index.php\/2024\/06\/15\/poggi-sin-cambios-significativos-en-su-salud-pasara-el-dia-del-padre-internado\/#primaryimage"},"thumbnailUrl":"https:\/\/apuntesdesanluis.com\/wp-content\/uploads\/2024\/06\/poggi-2.png","articleSection":["Ciudad\/Provincia"],"inLanguage":"es-AR"},{"@type":"WebPage","@id":"https:\/\/apuntesdesanluis.com\/index.php\/2024\/06\/15\/poggi-sin-cambios-significativos-en-su-salud-pasara-el-dia-del-padre-internado\/","url":"https:\/\/apuntesdesanluis.com\/index.php\/2024\/06\/15\/poggi-sin-cambios-significativos-en-su-salud-pasara-el-dia-del-padre-internado\/","name":"POGGI, \"SIN CAMBIOS SIGNIFICATIVOS\u201d EN SU SALUD, PASAR\u00c1 EL D\u00cdA DEL PADRE INTERNADO - Apuntes de San Luis","isPartOf":{"@id":"https:\/\/apuntesdesanluis.com\/#website"},"primaryImageOfPage":{"@id":"https:\/\/apuntesdesanluis.com\/index.php\/2024\/06\/15\/poggi-sin-cambios-significativos-en-su-salud-pasara-el-dia-del-padre-internado\/#primaryimage"},"image":{"@id":"https:\/\/apuntesdesanluis.com\/index.php\/2024\/06\/15\/poggi-sin-cambios-significativos-en-su-salud-pasara-el-dia-del-padre-internado\/#primaryimage"},"thumbnailUrl":"https:\/\/apuntesdesanluis.com\/wp-content\/uploads\/2024\/06\/poggi-2.png","datePublished":"2024-06-15T23:17:40+00:00","dateModified":"2024-06-15T23:20:57+00:00","breadcrumb":{"@id":"https:\/\/apuntesdesanluis.com\/index.php\/2024\/06\/15\/poggi-sin-cambios-significativos-en-su-salud-pasara-el-dia-del-padre-internado\/#breadcrumb"},"inLanguage":"es-AR","potentialAction":[{"@type":"ReadAction","target":["https:\/\/apuntesdesanluis.com\/index.php\/2024\/06\/15\/poggi-sin-cambios-significativos-en-su-salud-pasara-el-dia-del-padre-internado\/"]}]},{"@type":"ImageObject","inLanguage":"es-AR","@id":"https:\/\/apuntesdesanluis.com\/index.php\/2024\/06\/15\/poggi-sin-cambios-significativos-en-su-salud-pasara-el-dia-del-padre-internado\/#primaryimage","url":"https:\/\/apuntesdesanluis.com\/wp-content\/uploads\/2024\/06\/poggi-2.png","contentUrl":"https:\/\/apuntesdesanluis.com\/wp-content\/uploads\/2024\/06\/poggi-2.png","width":658,"height":396},{"@type":"BreadcrumbList","@id":"https:\/\/apuntesdesanluis.com\/index.php\/2024\/06\/15\/poggi-sin-cambios-significativos-en-su-salud-pasara-el-dia-del-padre-internado\/#breadcrumb","itemListElement":[{"@type":"ListItem","position":1,"name":"Inicio","item":"https:\/\/apuntesdesanluis.com\/"},{"@type":"ListItem","position":2,"name":"POGGI, &#8220;SIN CAMBIOS SIGNIFICATIVOS\u201d EN SU SALUD, PASAR\u00c1 EL D\u00cdA DEL PADRE INTERNADO"}]},{"@type":"WebSite","@id":"https:\/\/apuntesdesanluis.com\/#website","url":"https:\/\/apuntesdesanluis.com\/","name":"Apuntes de San Luis","description":"","publisher":{"@id":"https:\/\/apuntesdesanluis.com\/#\/schema\/person\/b55151d52296fcce64d1a72538a70b90"},"potentialAction":[{"@type":"SearchAction","target":{"@type":"EntryPoint","urlTemplate":"https:\/\/apuntesdesanluis.com\/?s={search_term_string}"},"query-input":{"@type":"PropertyValueSpecification","valueRequired":true,"valueName":"search_term_string"}}],"inLanguage":"es-AR"},{"@type":["Person","Organization"],"@id":"https:\/\/apuntesdesanluis.com\/#\/schema\/person\/b55151d52296fcce64d1a72538a70b90","name":"apuntesdesanluis.com","image":{"@type":"ImageObject","inLanguage":"es-AR","@id":"https:\/\/apuntesdesanluis.com\/#\/schema\/person\/image\/","url":"https:\/\/apuntesdesanluis.com\/wp-content\/uploads\/2023\/07\/cropped-apuntesdesanluis.png","contentUrl":"https:\/\/apuntesdesanluis.com\/wp-content\/uploads\/2023\/07\/cropped-apuntesdesanluis.png","width":450,"height":112,"caption":"apuntesdesanluis.com"},"logo":{"@id":"https:\/\/apuntesdesanluis.com\/#\/schema\/person\/image\/"},"sameAs":["https:\/\/apuntesdesanluis.com"],"url":"https:\/\/apuntesdesanluis.com\/index.php\/author\/apuntesdesanluis-com\/"}]}},"featured_image_urls":{"full":["https:\/\/apuntesdesanluis.com\/wp-content\/uploads\/2024\/06\/poggi-2.png",658,396,false],"thumbnail":["https:\/\/apuntesdesanluis.com\/wp-content\/uploads\/2024\/06\/poggi-2-150x150.png",150,150,true],"medium":["https:\/\/apuntesdesanluis.com\/wp-content\/uploads\/2024\/06\/poggi-2-300x181.png",300,181,true],"medium_large":["https:\/\/apuntesdesanluis.com\/wp-content\/uploads\/2024\/06\/poggi-2.png",640,385,false],"large":["https:\/\/apuntesdesanluis.com\/wp-content\/uploads\/2024\/06\/poggi-2.png",640,385,false],"1536x1536":["https:\/\/apuntesdesanluis.com\/wp-content\/uploads\/2024\/06\/poggi-2.png",658,396,false],"2048x2048":["https:\/\/apuntesdesanluis.com\/wp-content\/uploads\/2024\/06\/poggi-2.png",658,396,false],"newsever-slider-full":["https:\/\/apuntesdesanluis.com\/wp-content\/uploads\/2024\/06\/poggi-2.png",658,396,false],"newsever-featured":["https:\/\/apuntesdesanluis.com\/wp-content\/uploads\/2024\/06\/poggi-2.png",658,396,false],"newsever-medium":["https:\/\/apuntesdesanluis.com\/wp-content\/uploads\/2024\/06\/poggi-2.png",658,396,false]},"author_info":{"display_name":"apuntesdesanluis.com","author_link":"https:\/\/apuntesdesanluis.com\/index.php\/author\/apuntesdesanluis-com\/"},"category_info":"<a href=\"https:\/\/apuntesdesanluis.com\/index.php\/category\/ciudad-provincia\/\" rel=\"category tag\">Ciudad\/Provincia<\/a>","tag_info":"Ciudad\/Provincia","comment_count":"0","_links":{"self":[{"href":"https:\/\/apuntesdesanluis.com\/index.php\/wp-json\/wp\/v2\/posts\/17941","targetHints":{"allow":["GET"]}}],"collection":[{"href":"https:\/\/apuntesdesanluis.com\/index.php\/wp-json\/wp\/v2\/posts"}],"about":[{"href":"https:\/\/apuntesdesanluis.com\/index.php\/wp-json\/wp\/v2\/types\/post"}],"author":[{"embeddable":true,"href":"https:\/\/apuntesdesanluis.com\/index.php\/wp-json\/wp\/v2\/users\/1"}],"replies":[{"embeddable":true,"href":"https:\/\/apuntesdesanluis.com\/index.php\/wp-json\/wp\/v2\/comments?post=17941"}],"version-history":[{"count":4,"href":"https:\/\/apuntesdesanluis.com\/index.php\/wp-json\/wp\/v2\/posts\/17941\/revisions"}],"predecessor-version":[{"id":17948,"href":"https:\/\/apuntesdesanluis.com\/index.php\/wp-json\/wp\/v2\/posts\/17941\/revisions\/17948"}],"wp:featuredmedia":[{"embeddable":true,"href":"https:\/\/apuntesdesanluis.com\/index.php\/wp-json\/wp\/v2\/media\/17945"}],"wp:attachment":[{"href":"https:\/\/apuntesdesanluis.com\/index.php\/wp-json\/wp\/v2\/media?parent=17941"}],"wp:term":[{"taxonomy":"category","embeddable":true,"href":"https:\/\/apuntesdesanluis.com\/index.php\/wp-json\/wp\/v2\/categories?post=17941"},{"taxonomy":"post_tag","embeddable":true,"href":"https:\/\/apuntesdesanluis.com\/index.php\/wp-json\/wp\/v2\/tags?post=17941"}],"curies":[{"name":"wp","href":"https:\/\/api.w.org\/{rel}","templated":true}]}}