{"id":17952,"date":"2024-06-15T16:03:36","date_gmt":"2024-06-15T19:03:36","guid":{"rendered":"https:\/\/apuntesdesanluis.com\/?p=17952"},"modified":"2024-06-17T16:11:58","modified_gmt":"2024-06-17T19:11:58","slug":"realizaron-exitosas-jornadas-sobre-el-autismo-en-justo-daract","status":"publish","type":"post","link":"https:\/\/apuntesdesanluis.com\/index.php\/2024\/06\/15\/realizaron-exitosas-jornadas-sobre-el-autismo-en-justo-daract\/","title":{"rendered":"REALIZARON EXITOSAS JORNADAS SOBRE EL AUTISMO EN JUSTO DARACT"},"content":{"rendered":"<h3>Con la organizaci\u00f3n conjunta de la Escuela de Ciencias Sociales y Educaci\u00f3n de la UNViMe, el Concejo Deliberante y la Municipalidad daractenses, se realizaron el viernes \u00faltimo las <strong>\u201cPrimeras Jornadas de Promoci\u00f3n y Concientizaci\u00f3n del Autismo: Una Mirada desde lo Local\u201d<\/strong>.<\/h3>\n<h3>La actividad se desarroll\u00f3 en el Aula Magna de la ECSE en Justo Daract, entre las 08:00 y las 13:00 h, pero la gran cantidad de asistentes oblig\u00f3 a habilitar un aula anexa donde se proyect\u00f3 en simult\u00e1neo el evento, para albergar al p\u00fablico que desbord\u00f3 las instalaciones.<\/h3>\n<h3>Docentes, profesionales que trabajan con personas que padecen TEA, representantes de establecimientos educativos, de la municipalidad y del Concejo Deliberante, estudiantes e instituciones intermedias se dieron cita desde hora temprana dispuestos a participar de esta productiva jornada.<\/h3>\n<p><img fetchpriority=\"high\" decoding=\"async\" class=\"wp-image-17954 aligncenter\" src=\"https:\/\/apuntesdesanluis.com\/wp-content\/uploads\/2024\/06\/jornadas-.autortidades-300x191.png\" alt=\"\" width=\"653\" height=\"416\" srcset=\"https:\/\/apuntesdesanluis.com\/wp-content\/uploads\/2024\/06\/jornadas-.autortidades-300x191.png 300w, https:\/\/apuntesdesanluis.com\/wp-content\/uploads\/2024\/06\/jornadas-.autortidades-768x488.png 768w, https:\/\/apuntesdesanluis.com\/wp-content\/uploads\/2024\/06\/jornadas-.autortidades.png 805w\" sizes=\"(max-width: 653px) 100vw, 653px\" \/><\/p>\n<h3>En la apertura estuvieron presentes el vicerrector Santiago Farenga, el Secretario de Innovaci\u00f3n y Articulaci\u00f3n Tecnol\u00f3gico Mat\u00edas Mu\u00f1oz, el Secretario de Personas con Discapacidad Luis Giraudo, la directora de la Escuela de Ciencias Sociales y Educaci\u00f3n Roxana Tropich, la diputada provincial Claudia D\u00edaz, directivos e integrantes del Hospital local y autoridades municipales y legislativas de Justo Daract.<\/h3>\n<h3><strong>SALUTACI\u00d3N<\/strong><\/h3>\n<h3>Se dio lectura a una salutaci\u00f3n enviada desde Tucum\u00e1n por el Rector de la UNViMe, Dr. Marcelo Sosa, dirigida a la directora de la ECSE, Roxana Tropich, deseando \u201c\u00e9xito en esta importante Jornada de Concientizaci\u00f3n y Promoci\u00f3n del Autismo, a partir de la cual diferentes actores de la comunidad refuerzan la visibilizaci\u00f3n y el compromiso en torno de esta tem\u00e1tica\u201d.<\/h3>\n<h3>\u201cDebido a que me encuentro participando como invitado especial en las Jornadas de la Red de Asesores Jur\u00eddicos de Universidades Nacionales, que se desarrollan en Tucum\u00e1n, me veo imposibilitado de acompa\u00f1arlos en forma presencial. Pero sepan que a la distancia mi coraz\u00f3n est\u00e1 con ustedes\u201d.<\/h3>\n<h3>\u201cValoro y agradezco el compromiso de las autoridades municipales de Justo Dract, Intendencia y concejales, como asimismo el acompa\u00f1amiento del Gobierno de la Provincia, de mancomunar esfuerzos con nuestra Escuela, en pos de consolidar la vinculaci\u00f3n institucional para trabajar temas y problem\u00e1ticas sociales, \u201cdesde una mirada local\u201d.<\/h3>\n<h3>\u201cTransmita mis saludos a todos los presentes y reitero mi reconocimiento a todos los actores comprometidos en este evento tan convocante que, estoy seguro, constituye un hecho movilizante que nos desaf\u00eda como comunidad, a continuar profundizando las acciones de inclusi\u00f3n e igualdad social de las personas que padecen alg\u00fan tipo de discapacidad\u201d, finaliz\u00f3 el Dr. Marcelo Sosa.<\/h3>\n<h3><strong>PROGRAMA<\/strong><\/h3>\n<h3>El comienzo de las jornadas fue altamente emotivo, porque se inici\u00f3 con el\u00a0 Himno Nacional Argentino interpretado por alumnos del Taller de Lengua de Se\u00f1as de la Biblioteca Popular \u201cDomingo Faustino Sarmiento\u201d, que dirige Gianella Cargemel.<\/h3>\n<h3><img decoding=\"async\" class=\"wp-image-17955 aligncenter\" src=\"https:\/\/apuntesdesanluis.com\/wp-content\/uploads\/2024\/06\/himno-300x186.png\" alt=\"\" width=\"653\" height=\"405\" srcset=\"https:\/\/apuntesdesanluis.com\/wp-content\/uploads\/2024\/06\/himno-300x186.png 300w, https:\/\/apuntesdesanluis.com\/wp-content\/uploads\/2024\/06\/himno.png 728w\" sizes=\"(max-width: 653px) 100vw, 653px\" \/><\/h3>\n<h3>Posteriormente se dio lectura y se hizo entrega de copias de la Declaraci\u00f3n de Inter\u00e9s Legislativo del 2 de abril, \u00abD\u00eda Internacional de Concientizaci\u00f3n sobre el Autismo\u00bb, aprobada por el Honorable Concejo Deliberante de Justo Daract. Esta declaraci\u00f3n subraya el compromiso institucional y comunitario de esta ciudad con la concientizaci\u00f3n y el apoyo a las personas con TEA, impulsando acciones concretas hacia una sociedad m\u00e1s inclusiva.<\/h3>\n<h3>En consonancia con la Resoluci\u00f3n 62\/139 de la Asamblea General de las Naciones Unidas que declara el 2 de abril como D\u00eda Mundial de Concientizaci\u00f3n sobre el Autismo, y la Ley Nacional N\u00b027.043 que declara de Inter\u00e9s Nacional el abordaje integral del Trastorno del Espectro Autista (TEA), esta jornada busca mejorar las condiciones de vida de las personas con TEA y promover su inclusi\u00f3n en todos los \u00e1mbitos de la sociedad.<\/h3>\n<h3>El TEA es un trastorno neurobiol\u00f3gico del desarrollo que se manifiesta en los primeros tres a\u00f1os de vida y perdura a lo largo del ciclo vital, afectando la comunicaci\u00f3n social y la flexibilidad en el razonamiento y comportamiento. La Organizaci\u00f3n Mundial de la Salud destaca la importancia de la intervenci\u00f3n temprana para optimizar el desarrollo y bienestar de las personas con TEA. Por ello, es crucial ofrecer informaci\u00f3n y servicios adecuados a las familias y derivar a especialistas seg\u00fan las necesidades individuales.<\/h3>\n<h3>La Directora de la Escuela de Ciencias Sociales y Educaci\u00f3n, Lic. Roxana Tropich, destac\u00f3 la importancia de esta jornada: \u00abNuestro objetivo principal es promover acciones de concientizaci\u00f3n del autismo en las instituciones educativas y capacitar a directivos y docentes en discapacidad para fomentar una verdadera educaci\u00f3n inclusiva. Tambi\u00e9n queremos generar reflexiones sobre la educaci\u00f3n inclusiva y el contexto social de Justo Daract en torno al autismo, para que cada persona pueda ser un agente de cambio hacia una sociedad m\u00e1s inclusiva.\u00bb<\/h3>\n<h3>La jornada estuvo dirigida a docentes de todos los niveles educativos, estudiantes universitarios, personal no docente, profesionales de la salud, acompa\u00f1antes terap\u00e9uticos, familias de personas con autismo, personal de ADAD, profesores de instituciones culturales y deportivas, y el p\u00fablico en general.<\/h3>\n<p><img decoding=\"async\" class=\"wp-image-17956 aligncenter\" src=\"https:\/\/apuntesdesanluis.com\/wp-content\/uploads\/2024\/06\/jornadas-certificados-300x209.png\" alt=\"\" width=\"639\" height=\"445\" srcset=\"https:\/\/apuntesdesanluis.com\/wp-content\/uploads\/2024\/06\/jornadas-certificados-300x209.png 300w, https:\/\/apuntesdesanluis.com\/wp-content\/uploads\/2024\/06\/jornadas-certificados.png 560w\" sizes=\"(max-width: 639px) 100vw, 639px\" \/><\/p>\n<h3><strong>CONFERENCIAS<\/strong><\/h3>\n<h3>&#8211; Panel \u00abPensar el autismo desde la experiencia de los Profesionales de la Salud y la Educaci\u00f3n\u00bb.<\/h3>\n<h3>\u00abLas Familias y el Diagn\u00f3stico de Autismo: intervenciones y acompa\u00f1amiento desde el \u00e1mbito de la salud\u00bb \u2013 Lic. J\u00e9sica Dalmagro y Lic. Lorena Escudero, Hospital E. Borzani Justo Daract.<\/h3>\n<h3>\u00abEl Alumno con Autismo: un sujeto activo en el sistema educativo\u00bb \u2013 Lic. en Fonoaudiolog\u00eda Claudia Carranza.<\/h3>\n<p><img loading=\"lazy\" decoding=\"async\" class=\"wp-image-17957 aligncenter\" src=\"https:\/\/apuntesdesanluis.com\/wp-content\/uploads\/2024\/06\/jornaDAS-CLAUDIA-300x209.png\" alt=\"\" width=\"637\" height=\"444\" srcset=\"https:\/\/apuntesdesanluis.com\/wp-content\/uploads\/2024\/06\/jornaDAS-CLAUDIA-300x209.png 300w, https:\/\/apuntesdesanluis.com\/wp-content\/uploads\/2024\/06\/jornaDAS-CLAUDIA.png 572w\" sizes=\"(max-width: 637px) 100vw, 637px\" \/><\/p>\n<h3>&#8211; Panel \u00abVisibilizar el Autismo: Una propuesta de Campa\u00f1as de Promoci\u00f3n y Concientizaci\u00f3n del Autismo\u00bb<\/h3>\n<h3>\u00abUniverso Diverso: Visibilizando el TEA dentro del \u00e1mbito universitario. Una mirada desde el Dise\u00f1o de Comunicaci\u00f3n\u00bb, propuesta de concientizaci\u00f3n y difusi\u00f3n del autismo a cargo de estudiantes de la Licenciatura en Dise\u00f1o de Comunicaci\u00f3n de la UNViMe.<\/h3>\n<h3>&#8211; Charla Central \u00abAutismo Cerca de Ti\u00bb<\/h3>\n<h3>Mgter. Lic. Marcela Funes, profesional de reconocida trayectoria en la formaci\u00f3n y trabajo con personas con Autismo.<\/h3>\n<h3>&#8211; Panel \u00abReflexionar Nociones y Estrategias de Ense\u00f1anza-Aprendizaje para trabajar el Autismo\u00bb<\/h3>\n<h3>\u00abInclusi\u00f3n y Autismo. \u00bfUN CAMINO POSIBLE? Problematizar la inclusi\u00f3n, desde una mirada integral\u00bb \u2013 Lic. Amanda Andrada y Lic. Neftali Navarro, docentes de la UNViMe.<\/h3>\n<h3>&#8211; Panel \u00abAportes del Centro T\u00e9cnico de Apoyo al Aprendizaje (CETAAP)\u00bb<\/h3>\n<h3>\u00abAutismo: una mirada desde la Logoterapia\u00bb \u2013 Lic. Pablo Mangieri, psic\u00f3logo, y Lic. Natalia Raimundo, psicopedagoga del CETAAP Regi\u00f3n Educativa 2.<\/h3>\n<p><img loading=\"lazy\" decoding=\"async\" class=\"wp-image-17958 aligncenter\" src=\"https:\/\/apuntesdesanluis.com\/wp-content\/uploads\/2024\/06\/asistentes-300x225.png\" alt=\"\" width=\"627\" height=\"470\" srcset=\"https:\/\/apuntesdesanluis.com\/wp-content\/uploads\/2024\/06\/asistentes-300x225.png 300w, https:\/\/apuntesdesanluis.com\/wp-content\/uploads\/2024\/06\/asistentes.png 600w\" sizes=\"(max-width: 627px) 100vw, 627px\" \/><\/p>\n<h3>El cierre de la jornada fue una suelta de Globos Azules, para simbolizar: \u00abJusto Daract habla de AUTISMO\u00bb.<\/h3>\n<p>&nbsp;<\/p>\n<p>&nbsp;<\/p>\n<p>&nbsp;<\/p>\n","protected":false},"excerpt":{"rendered":"<p>Con la organizaci\u00f3n conjunta de la Escuela de Ciencias Sociales y Educaci\u00f3n de la UNViMe,&#8230;<\/p>\n","protected":false},"author":1,"featured_media":17953,"comment_status":"closed","ping_status":"closed","sticky":false,"template":"","format":"standard","meta":{"footnotes":""},"categories":[6],"tags":[],"class_list":["post-17952","post","type-post","status-publish","format-standard","has-post-thumbnail","hentry","category-ciudad-provincia"],"yoast_head":"<!-- This site is optimized with the Yoast SEO plugin v26.1.1 - https:\/\/yoast.com\/wordpress\/plugins\/seo\/ -->\n<title>REALIZARON EXITOSAS JORNADAS SOBRE EL AUTISMO EN JUSTO DARACT - Apuntes de San Luis<\/title>\n<meta name=\"robots\" content=\"index, follow, max-snippet:-1, max-image-preview:large, max-video-preview:-1\" \/>\n<link rel=\"canonical\" href=\"https:\/\/apuntesdesanluis.com\/index.php\/2024\/06\/15\/realizaron-exitosas-jornadas-sobre-el-autismo-en-justo-daract\/\" \/>\n<meta property=\"og:locale\" content=\"es_ES\" \/>\n<meta property=\"og:type\" content=\"article\" \/>\n<meta property=\"og:title\" content=\"REALIZARON EXITOSAS JORNADAS SOBRE EL AUTISMO EN JUSTO DARACT - Apuntes de San Luis\" \/>\n<meta property=\"og:description\" content=\"Con la organizaci\u00f3n conjunta de la Escuela de Ciencias Sociales y Educaci\u00f3n de la UNViMe,...\" \/>\n<meta property=\"og:url\" content=\"https:\/\/apuntesdesanluis.com\/index.php\/2024\/06\/15\/realizaron-exitosas-jornadas-sobre-el-autismo-en-justo-daract\/\" \/>\n<meta property=\"og:site_name\" content=\"Apuntes de San Luis\" \/>\n<meta property=\"article:published_time\" content=\"2024-06-15T19:03:36+00:00\" \/>\n<meta property=\"article:modified_time\" content=\"2024-06-17T19:11:58+00:00\" \/>\n<meta property=\"og:image\" content=\"https:\/\/apuntesdesanluis.com\/wp-content\/uploads\/2024\/06\/jornadas-tapa.png\" \/>\n\t<meta property=\"og:image:width\" content=\"700\" \/>\n\t<meta property=\"og:image:height\" content=\"454\" \/>\n\t<meta property=\"og:image:type\" content=\"image\/png\" \/>\n<meta name=\"author\" content=\"apuntesdesanluis.com\" \/>\n<meta name=\"twitter:card\" content=\"summary_large_image\" \/>\n<meta name=\"twitter:label1\" content=\"Escrito por\" \/>\n\t<meta name=\"twitter:data1\" content=\"apuntesdesanluis.com\" \/>\n\t<meta name=\"twitter:label2\" content=\"Tiempo de lectura\" \/>\n\t<meta name=\"twitter:data2\" content=\"6 minutos\" \/>\n<script type=\"application\/ld+json\" class=\"yoast-schema-graph\">{\"@context\":\"https:\/\/schema.org\",\"@graph\":[{\"@type\":\"Article\",\"@id\":\"https:\/\/apuntesdesanluis.com\/index.php\/2024\/06\/15\/realizaron-exitosas-jornadas-sobre-el-autismo-en-justo-daract\/#article\",\"isPartOf\":{\"@id\":\"https:\/\/apuntesdesanluis.com\/index.php\/2024\/06\/15\/realizaron-exitosas-jornadas-sobre-el-autismo-en-justo-daract\/\"},\"author\":{\"name\":\"apuntesdesanluis.com\",\"@id\":\"https:\/\/apuntesdesanluis.com\/#\/schema\/person\/b55151d52296fcce64d1a72538a70b90\"},\"headline\":\"REALIZARON EXITOSAS JORNADAS SOBRE EL AUTISMO EN JUSTO DARACT\",\"datePublished\":\"2024-06-15T19:03:36+00:00\",\"dateModified\":\"2024-06-17T19:11:58+00:00\",\"mainEntityOfPage\":{\"@id\":\"https:\/\/apuntesdesanluis.com\/index.php\/2024\/06\/15\/realizaron-exitosas-jornadas-sobre-el-autismo-en-justo-daract\/\"},\"wordCount\":1080,\"publisher\":{\"@id\":\"https:\/\/apuntesdesanluis.com\/#\/schema\/person\/b55151d52296fcce64d1a72538a70b90\"},\"image\":{\"@id\":\"https:\/\/apuntesdesanluis.com\/index.php\/2024\/06\/15\/realizaron-exitosas-jornadas-sobre-el-autismo-en-justo-daract\/#primaryimage\"},\"thumbnailUrl\":\"https:\/\/apuntesdesanluis.com\/wp-content\/uploads\/2024\/06\/jornadas-tapa.png\",\"articleSection\":[\"Ciudad\/Provincia\"],\"inLanguage\":\"es-AR\"},{\"@type\":\"WebPage\",\"@id\":\"https:\/\/apuntesdesanluis.com\/index.php\/2024\/06\/15\/realizaron-exitosas-jornadas-sobre-el-autismo-en-justo-daract\/\",\"url\":\"https:\/\/apuntesdesanluis.com\/index.php\/2024\/06\/15\/realizaron-exitosas-jornadas-sobre-el-autismo-en-justo-daract\/\",\"name\":\"REALIZARON EXITOSAS JORNADAS SOBRE EL AUTISMO EN JUSTO DARACT - Apuntes de San Luis\",\"isPartOf\":{\"@id\":\"https:\/\/apuntesdesanluis.com\/#website\"},\"primaryImageOfPage\":{\"@id\":\"https:\/\/apuntesdesanluis.com\/index.php\/2024\/06\/15\/realizaron-exitosas-jornadas-sobre-el-autismo-en-justo-daract\/#primaryimage\"},\"image\":{\"@id\":\"https:\/\/apuntesdesanluis.com\/index.php\/2024\/06\/15\/realizaron-exitosas-jornadas-sobre-el-autismo-en-justo-daract\/#primaryimage\"},\"thumbnailUrl\":\"https:\/\/apuntesdesanluis.com\/wp-content\/uploads\/2024\/06\/jornadas-tapa.png\",\"datePublished\":\"2024-06-15T19:03:36+00:00\",\"dateModified\":\"2024-06-17T19:11:58+00:00\",\"breadcrumb\":{\"@id\":\"https:\/\/apuntesdesanluis.com\/index.php\/2024\/06\/15\/realizaron-exitosas-jornadas-sobre-el-autismo-en-justo-daract\/#breadcrumb\"},\"inLanguage\":\"es-AR\",\"potentialAction\":[{\"@type\":\"ReadAction\",\"target\":[\"https:\/\/apuntesdesanluis.com\/index.php\/2024\/06\/15\/realizaron-exitosas-jornadas-sobre-el-autismo-en-justo-daract\/\"]}]},{\"@type\":\"ImageObject\",\"inLanguage\":\"es-AR\",\"@id\":\"https:\/\/apuntesdesanluis.com\/index.php\/2024\/06\/15\/realizaron-exitosas-jornadas-sobre-el-autismo-en-justo-daract\/#primaryimage\",\"url\":\"https:\/\/apuntesdesanluis.com\/wp-content\/uploads\/2024\/06\/jornadas-tapa.png\",\"contentUrl\":\"https:\/\/apuntesdesanluis.com\/wp-content\/uploads\/2024\/06\/jornadas-tapa.png\",\"width\":700,\"height\":454},{\"@type\":\"BreadcrumbList\",\"@id\":\"https:\/\/apuntesdesanluis.com\/index.php\/2024\/06\/15\/realizaron-exitosas-jornadas-sobre-el-autismo-en-justo-daract\/#breadcrumb\",\"itemListElement\":[{\"@type\":\"ListItem\",\"position\":1,\"name\":\"Inicio\",\"item\":\"https:\/\/apuntesdesanluis.com\/\"},{\"@type\":\"ListItem\",\"position\":2,\"name\":\"REALIZARON EXITOSAS JORNADAS SOBRE EL AUTISMO EN JUSTO DARACT\"}]},{\"@type\":\"WebSite\",\"@id\":\"https:\/\/apuntesdesanluis.com\/#website\",\"url\":\"https:\/\/apuntesdesanluis.com\/\",\"name\":\"Apuntes de San Luis\",\"description\":\"\",\"publisher\":{\"@id\":\"https:\/\/apuntesdesanluis.com\/#\/schema\/person\/b55151d52296fcce64d1a72538a70b90\"},\"potentialAction\":[{\"@type\":\"SearchAction\",\"target\":{\"@type\":\"EntryPoint\",\"urlTemplate\":\"https:\/\/apuntesdesanluis.com\/?s={search_term_string}\"},\"query-input\":{\"@type\":\"PropertyValueSpecification\",\"valueRequired\":true,\"valueName\":\"search_term_string\"}}],\"inLanguage\":\"es-AR\"},{\"@type\":[\"Person\",\"Organization\"],\"@id\":\"https:\/\/apuntesdesanluis.com\/#\/schema\/person\/b55151d52296fcce64d1a72538a70b90\",\"name\":\"apuntesdesanluis.com\",\"image\":{\"@type\":\"ImageObject\",\"inLanguage\":\"es-AR\",\"@id\":\"https:\/\/apuntesdesanluis.com\/#\/schema\/person\/image\/\",\"url\":\"https:\/\/apuntesdesanluis.com\/wp-content\/uploads\/2023\/07\/cropped-apuntesdesanluis.png\",\"contentUrl\":\"https:\/\/apuntesdesanluis.com\/wp-content\/uploads\/2023\/07\/cropped-apuntesdesanluis.png\",\"width\":450,\"height\":112,\"caption\":\"apuntesdesanluis.com\"},\"logo\":{\"@id\":\"https:\/\/apuntesdesanluis.com\/#\/schema\/person\/image\/\"},\"sameAs\":[\"https:\/\/apuntesdesanluis.com\"],\"url\":\"https:\/\/apuntesdesanluis.com\/index.php\/author\/apuntesdesanluis-com\/\"}]}<\/script>\n<!-- \/ Yoast SEO plugin. -->","yoast_head_json":{"title":"REALIZARON EXITOSAS JORNADAS SOBRE EL AUTISMO EN JUSTO DARACT - Apuntes de San Luis","robots":{"index":"index","follow":"follow","max-snippet":"max-snippet:-1","max-image-preview":"max-image-preview:large","max-video-preview":"max-video-preview:-1"},"canonical":"https:\/\/apuntesdesanluis.com\/index.php\/2024\/06\/15\/realizaron-exitosas-jornadas-sobre-el-autismo-en-justo-daract\/","og_locale":"es_ES","og_type":"article","og_title":"REALIZARON EXITOSAS JORNADAS SOBRE EL AUTISMO EN JUSTO DARACT - Apuntes de San Luis","og_description":"Con la organizaci\u00f3n conjunta de la Escuela de Ciencias Sociales y Educaci\u00f3n de la UNViMe,...","og_url":"https:\/\/apuntesdesanluis.com\/index.php\/2024\/06\/15\/realizaron-exitosas-jornadas-sobre-el-autismo-en-justo-daract\/","og_site_name":"Apuntes de San Luis","article_published_time":"2024-06-15T19:03:36+00:00","article_modified_time":"2024-06-17T19:11:58+00:00","og_image":[{"width":700,"height":454,"url":"https:\/\/apuntesdesanluis.com\/wp-content\/uploads\/2024\/06\/jornadas-tapa.png","type":"image\/png"}],"author":"apuntesdesanluis.com","twitter_card":"summary_large_image","twitter_misc":{"Escrito por":"apuntesdesanluis.com","Tiempo de lectura":"6 minutos"},"schema":{"@context":"https:\/\/schema.org","@graph":[{"@type":"Article","@id":"https:\/\/apuntesdesanluis.com\/index.php\/2024\/06\/15\/realizaron-exitosas-jornadas-sobre-el-autismo-en-justo-daract\/#article","isPartOf":{"@id":"https:\/\/apuntesdesanluis.com\/index.php\/2024\/06\/15\/realizaron-exitosas-jornadas-sobre-el-autismo-en-justo-daract\/"},"author":{"name":"apuntesdesanluis.com","@id":"https:\/\/apuntesdesanluis.com\/#\/schema\/person\/b55151d52296fcce64d1a72538a70b90"},"headline":"REALIZARON EXITOSAS JORNADAS SOBRE EL AUTISMO EN JUSTO DARACT","datePublished":"2024-06-15T19:03:36+00:00","dateModified":"2024-06-17T19:11:58+00:00","mainEntityOfPage":{"@id":"https:\/\/apuntesdesanluis.com\/index.php\/2024\/06\/15\/realizaron-exitosas-jornadas-sobre-el-autismo-en-justo-daract\/"},"wordCount":1080,"publisher":{"@id":"https:\/\/apuntesdesanluis.com\/#\/schema\/person\/b55151d52296fcce64d1a72538a70b90"},"image":{"@id":"https:\/\/apuntesdesanluis.com\/index.php\/2024\/06\/15\/realizaron-exitosas-jornadas-sobre-el-autismo-en-justo-daract\/#primaryimage"},"thumbnailUrl":"https:\/\/apuntesdesanluis.com\/wp-content\/uploads\/2024\/06\/jornadas-tapa.png","articleSection":["Ciudad\/Provincia"],"inLanguage":"es-AR"},{"@type":"WebPage","@id":"https:\/\/apuntesdesanluis.com\/index.php\/2024\/06\/15\/realizaron-exitosas-jornadas-sobre-el-autismo-en-justo-daract\/","url":"https:\/\/apuntesdesanluis.com\/index.php\/2024\/06\/15\/realizaron-exitosas-jornadas-sobre-el-autismo-en-justo-daract\/","name":"REALIZARON EXITOSAS JORNADAS SOBRE EL AUTISMO EN JUSTO DARACT - Apuntes de San Luis","isPartOf":{"@id":"https:\/\/apuntesdesanluis.com\/#website"},"primaryImageOfPage":{"@id":"https:\/\/apuntesdesanluis.com\/index.php\/2024\/06\/15\/realizaron-exitosas-jornadas-sobre-el-autismo-en-justo-daract\/#primaryimage"},"image":{"@id":"https:\/\/apuntesdesanluis.com\/index.php\/2024\/06\/15\/realizaron-exitosas-jornadas-sobre-el-autismo-en-justo-daract\/#primaryimage"},"thumbnailUrl":"https:\/\/apuntesdesanluis.com\/wp-content\/uploads\/2024\/06\/jornadas-tapa.png","datePublished":"2024-06-15T19:03:36+00:00","dateModified":"2024-06-17T19:11:58+00:00","breadcrumb":{"@id":"https:\/\/apuntesdesanluis.com\/index.php\/2024\/06\/15\/realizaron-exitosas-jornadas-sobre-el-autismo-en-justo-daract\/#breadcrumb"},"inLanguage":"es-AR","potentialAction":[{"@type":"ReadAction","target":["https:\/\/apuntesdesanluis.com\/index.php\/2024\/06\/15\/realizaron-exitosas-jornadas-sobre-el-autismo-en-justo-daract\/"]}]},{"@type":"ImageObject","inLanguage":"es-AR","@id":"https:\/\/apuntesdesanluis.com\/index.php\/2024\/06\/15\/realizaron-exitosas-jornadas-sobre-el-autismo-en-justo-daract\/#primaryimage","url":"https:\/\/apuntesdesanluis.com\/wp-content\/uploads\/2024\/06\/jornadas-tapa.png","contentUrl":"https:\/\/apuntesdesanluis.com\/wp-content\/uploads\/2024\/06\/jornadas-tapa.png","width":700,"height":454},{"@type":"BreadcrumbList","@id":"https:\/\/apuntesdesanluis.com\/index.php\/2024\/06\/15\/realizaron-exitosas-jornadas-sobre-el-autismo-en-justo-daract\/#breadcrumb","itemListElement":[{"@type":"ListItem","position":1,"name":"Inicio","item":"https:\/\/apuntesdesanluis.com\/"},{"@type":"ListItem","position":2,"name":"REALIZARON EXITOSAS JORNADAS SOBRE EL AUTISMO EN JUSTO DARACT"}]},{"@type":"WebSite","@id":"https:\/\/apuntesdesanluis.com\/#website","url":"https:\/\/apuntesdesanluis.com\/","name":"Apuntes de San Luis","description":"","publisher":{"@id":"https:\/\/apuntesdesanluis.com\/#\/schema\/person\/b55151d52296fcce64d1a72538a70b90"},"potentialAction":[{"@type":"SearchAction","target":{"@type":"EntryPoint","urlTemplate":"https:\/\/apuntesdesanluis.com\/?s={search_term_string}"},"query-input":{"@type":"PropertyValueSpecification","valueRequired":true,"valueName":"search_term_string"}}],"inLanguage":"es-AR"},{"@type":["Person","Organization"],"@id":"https:\/\/apuntesdesanluis.com\/#\/schema\/person\/b55151d52296fcce64d1a72538a70b90","name":"apuntesdesanluis.com","image":{"@type":"ImageObject","inLanguage":"es-AR","@id":"https:\/\/apuntesdesanluis.com\/#\/schema\/person\/image\/","url":"https:\/\/apuntesdesanluis.com\/wp-content\/uploads\/2023\/07\/cropped-apuntesdesanluis.png","contentUrl":"https:\/\/apuntesdesanluis.com\/wp-content\/uploads\/2023\/07\/cropped-apuntesdesanluis.png","width":450,"height":112,"caption":"apuntesdesanluis.com"},"logo":{"@id":"https:\/\/apuntesdesanluis.com\/#\/schema\/person\/image\/"},"sameAs":["https:\/\/apuntesdesanluis.com"],"url":"https:\/\/apuntesdesanluis.com\/index.php\/author\/apuntesdesanluis-com\/"}]}},"featured_image_urls":{"full":["https:\/\/apuntesdesanluis.com\/wp-content\/uploads\/2024\/06\/jornadas-tapa.png",700,454,false],"thumbnail":["https:\/\/apuntesdesanluis.com\/wp-content\/uploads\/2024\/06\/jornadas-tapa-150x150.png",150,150,true],"medium":["https:\/\/apuntesdesanluis.com\/wp-content\/uploads\/2024\/06\/jornadas-tapa-300x195.png",300,195,true],"medium_large":["https:\/\/apuntesdesanluis.com\/wp-content\/uploads\/2024\/06\/jornadas-tapa.png",640,415,false],"large":["https:\/\/apuntesdesanluis.com\/wp-content\/uploads\/2024\/06\/jornadas-tapa.png",640,415,false],"1536x1536":["https:\/\/apuntesdesanluis.com\/wp-content\/uploads\/2024\/06\/jornadas-tapa.png",700,454,false],"2048x2048":["https:\/\/apuntesdesanluis.com\/wp-content\/uploads\/2024\/06\/jornadas-tapa.png",700,454,false],"newsever-slider-full":["https:\/\/apuntesdesanluis.com\/wp-content\/uploads\/2024\/06\/jornadas-tapa.png",700,454,false],"newsever-featured":["https:\/\/apuntesdesanluis.com\/wp-content\/uploads\/2024\/06\/jornadas-tapa.png",700,454,false],"newsever-medium":["https:\/\/apuntesdesanluis.com\/wp-content\/uploads\/2024\/06\/jornadas-tapa.png",700,454,false]},"author_info":{"display_name":"apuntesdesanluis.com","author_link":"https:\/\/apuntesdesanluis.com\/index.php\/author\/apuntesdesanluis-com\/"},"category_info":"<a href=\"https:\/\/apuntesdesanluis.com\/index.php\/category\/ciudad-provincia\/\" rel=\"category tag\">Ciudad\/Provincia<\/a>","tag_info":"Ciudad\/Provincia","comment_count":"0","_links":{"self":[{"href":"https:\/\/apuntesdesanluis.com\/index.php\/wp-json\/wp\/v2\/posts\/17952","targetHints":{"allow":["GET"]}}],"collection":[{"href":"https:\/\/apuntesdesanluis.com\/index.php\/wp-json\/wp\/v2\/posts"}],"about":[{"href":"https:\/\/apuntesdesanluis.com\/index.php\/wp-json\/wp\/v2\/types\/post"}],"author":[{"embeddable":true,"href":"https:\/\/apuntesdesanluis.com\/index.php\/wp-json\/wp\/v2\/users\/1"}],"replies":[{"embeddable":true,"href":"https:\/\/apuntesdesanluis.com\/index.php\/wp-json\/wp\/v2\/comments?post=17952"}],"version-history":[{"count":1,"href":"https:\/\/apuntesdesanluis.com\/index.php\/wp-json\/wp\/v2\/posts\/17952\/revisions"}],"predecessor-version":[{"id":17959,"href":"https:\/\/apuntesdesanluis.com\/index.php\/wp-json\/wp\/v2\/posts\/17952\/revisions\/17959"}],"wp:featuredmedia":[{"embeddable":true,"href":"https:\/\/apuntesdesanluis.com\/index.php\/wp-json\/wp\/v2\/media\/17953"}],"wp:attachment":[{"href":"https:\/\/apuntesdesanluis.com\/index.php\/wp-json\/wp\/v2\/media?parent=17952"}],"wp:term":[{"taxonomy":"category","embeddable":true,"href":"https:\/\/apuntesdesanluis.com\/index.php\/wp-json\/wp\/v2\/categories?post=17952"},{"taxonomy":"post_tag","embeddable":true,"href":"https:\/\/apuntesdesanluis.com\/index.php\/wp-json\/wp\/v2\/tags?post=17952"}],"curies":[{"name":"wp","href":"https:\/\/api.w.org\/{rel}","templated":true}]}}