{"id":17964,"date":"2024-06-16T16:00:47","date_gmt":"2024-06-16T19:00:47","guid":{"rendered":"https:\/\/apuntesdesanluis.com\/?p=17964"},"modified":"2024-06-17T17:13:34","modified_gmt":"2024-06-17T20:13:34","slug":"los-trabajadores-de-la-carne-disfrutaron-su-dia-en-un-encuentro-inolvidable","status":"publish","type":"post","link":"https:\/\/apuntesdesanluis.com\/index.php\/2024\/06\/16\/los-trabajadores-de-la-carne-disfrutaron-su-dia-en-un-encuentro-inolvidable\/","title":{"rendered":"LOS TRABAJADORES DE LA CARNE DISFRUTARON SU D\u00cdA EN UN ENCUENTRO INOLVIDABLE"},"content":{"rendered":"<h3>La tradicional celebraci\u00f3n que organiza el <strong>Sindicato de Trabajadores de la Carne<\/strong> se realiz\u00f3 el s\u00e1bado por la noche, en el sal\u00f3n de fiestas de la Sociedad Rural R\u00edo Quinto.<\/h3>\n<h3>Asistieron aproximadamente 500 trabajadores con sus familias, los que disfrutaron la excelente comida, muy bien regada, se emocionaron con los reconocimientos y despu\u00e9s dieron rienda suelta al baile y la diversi\u00f3n.<\/h3>\n<h3>Entre las autoridades presentes participaron <strong>Juan Carlos Boriosi<\/strong>, Director de Industria Frigor\u00edfico, y <strong>Gustavo del Bosco<\/strong>, Director de Desarrollo Agropecuario, en representaci\u00f3n del gobierno provincial; la viceintendenta <strong>Silvina Galetto<\/strong> y el diputado provincial <strong>Nicol\u00e1s Gonz\u00e1lez Ferro<\/strong>.<\/h3>\n<p><img fetchpriority=\"high\" decoding=\"async\" class=\"wp-image-17966 aligncenter\" src=\"https:\/\/apuntesdesanluis.com\/wp-content\/uploads\/2024\/06\/MESA-PRINCIPAL-300x193.png\" alt=\"\" width=\"616\" height=\"396\" srcset=\"https:\/\/apuntesdesanluis.com\/wp-content\/uploads\/2024\/06\/MESA-PRINCIPAL-300x193.png 300w, https:\/\/apuntesdesanluis.com\/wp-content\/uploads\/2024\/06\/MESA-PRINCIPAL-768x494.png 768w, https:\/\/apuntesdesanluis.com\/wp-content\/uploads\/2024\/06\/MESA-PRINCIPAL.png 847w\" sizes=\"(max-width: 616px) 100vw, 616px\" \/><\/p>\n<h3>El secretario General del Sindicato de la Carne, <strong>Marcelo Periale<\/strong>, agradeci\u00f3 a las autoridades presentes y salud\u00f3 a sus compa\u00f1eros del rubro, reconociendo el permanente acompa\u00f1amiento hacia el gremio, como asimismo la confianza depositada hacia quienes integran la comisi\u00f3n directiva.<\/h3>\n<h3>\u201cSabemos que los trabajadores no la estamos pasando bien, hay muchas dificultades y desde el gobierno se pretende conculcar nuestros derechos adquiridos, pero en esta ocasi\u00f3n nos tomamos una pausa para reencontrarnos y festejar nuestro d\u00eda, junto a nuestros seres queridos\u201d, expres\u00f3 el dirigente gremial.<\/h3>\n<p><img decoding=\"async\" class=\"wp-image-17967 aligncenter\" src=\"https:\/\/apuntesdesanluis.com\/wp-content\/uploads\/2024\/06\/CENA-300x160.png\" alt=\"\" width=\"624\" height=\"333\" srcset=\"https:\/\/apuntesdesanluis.com\/wp-content\/uploads\/2024\/06\/CENA-300x160.png 300w, https:\/\/apuntesdesanluis.com\/wp-content\/uploads\/2024\/06\/CENA-1024x546.png 1024w, https:\/\/apuntesdesanluis.com\/wp-content\/uploads\/2024\/06\/CENA-768x409.png 768w, https:\/\/apuntesdesanluis.com\/wp-content\/uploads\/2024\/06\/CENA.png 1326w\" sizes=\"(max-width: 624px) 100vw, 624px\" \/><\/p>\n<h3>Agreg\u00f3 que \u201ccomo siempre decimos, nuestra unidad es la principal fortaleza que tenemos para enfrentar las adversidades. Y este festejo que organizamos con mucho esfuerzo, es para consolidar el afecto y retribuir la confianza de nuestros compa\u00f1eros\u201d, concluy\u00f3 Periale.<\/h3>\n<p><img decoding=\"async\" class=\"wp-image-17968 aligncenter\" src=\"https:\/\/apuntesdesanluis.com\/wp-content\/uploads\/2024\/06\/PERIALE-300x207.png\" alt=\"\" width=\"622\" height=\"429\" srcset=\"https:\/\/apuntesdesanluis.com\/wp-content\/uploads\/2024\/06\/PERIALE-300x207.png 300w, https:\/\/apuntesdesanluis.com\/wp-content\/uploads\/2024\/06\/PERIALE-768x530.png 768w, https:\/\/apuntesdesanluis.com\/wp-content\/uploads\/2024\/06\/PERIALE.png 942w\" sizes=\"(max-width: 622px) 100vw, 622px\" \/><\/p>\n<h3><strong>DATO<\/strong><\/h3>\n<h3>El 10 de junio se celebr\u00f3 el \u00abD\u00eda del trabajador de la carne\u00bb, fecha establecida en el Art\u00edculo 58\u00b0 del CCT 56\/75, en homenaje a la constituci\u00f3n de la Federaci\u00f3n Gremial del Personal de la Industria de la Carne, en el a\u00f1o 1947.<\/h3>\n<p><img loading=\"lazy\" decoding=\"async\" class=\"wp-image-17969 aligncenter\" src=\"https:\/\/apuntesdesanluis.com\/wp-content\/uploads\/2024\/06\/autoridades-300x175.jpg\" alt=\"\" width=\"626\" height=\"365\" srcset=\"https:\/\/apuntesdesanluis.com\/wp-content\/uploads\/2024\/06\/autoridades-300x175.jpg 300w, https:\/\/apuntesdesanluis.com\/wp-content\/uploads\/2024\/06\/autoridades.jpg 600w\" sizes=\"(max-width: 626px) 100vw, 626px\" \/><\/p>\n<p><img loading=\"lazy\" decoding=\"async\" class=\"wp-image-17970 aligncenter\" src=\"https:\/\/apuntesdesanluis.com\/wp-content\/uploads\/2024\/06\/brindis-mesa-300x168.png\" alt=\"\" width=\"627\" height=\"351\" srcset=\"https:\/\/apuntesdesanluis.com\/wp-content\/uploads\/2024\/06\/brindis-mesa-300x168.png 300w, https:\/\/apuntesdesanluis.com\/wp-content\/uploads\/2024\/06\/brindis-mesa.png 600w\" sizes=\"(max-width: 627px) 100vw, 627px\" \/><\/p>\n<p><img loading=\"lazy\" decoding=\"async\" class=\"wp-image-17971 aligncenter\" src=\"https:\/\/apuntesdesanluis.com\/wp-content\/uploads\/2024\/06\/baile-300x182.png\" alt=\"\" width=\"625\" height=\"379\" srcset=\"https:\/\/apuntesdesanluis.com\/wp-content\/uploads\/2024\/06\/baile-300x182.png 300w, https:\/\/apuntesdesanluis.com\/wp-content\/uploads\/2024\/06\/baile.png 600w\" sizes=\"(max-width: 625px) 100vw, 625px\" \/><\/p>\n<p><img loading=\"lazy\" decoding=\"async\" class=\"wp-image-17972 aligncenter\" src=\"https:\/\/apuntesdesanluis.com\/wp-content\/uploads\/2024\/06\/copado-300x190.png\" alt=\"\" width=\"625\" height=\"396\" srcset=\"https:\/\/apuntesdesanluis.com\/wp-content\/uploads\/2024\/06\/copado-300x190.png 300w, https:\/\/apuntesdesanluis.com\/wp-content\/uploads\/2024\/06\/copado.png 600w\" sizes=\"(max-width: 625px) 100vw, 625px\" \/><\/p>\n<p>&nbsp;<\/p>\n<p>&nbsp;<\/p>\n<p>&nbsp;<\/p>\n<p>&nbsp;<\/p>\n<p>&nbsp;<\/p>\n<p>&nbsp;<\/p>\n","protected":false},"excerpt":{"rendered":"<p>La tradicional celebraci\u00f3n que organiza el Sindicato de Trabajadores de la Carne se realiz\u00f3 el&#8230;<\/p>\n","protected":false},"author":1,"featured_media":17965,"comment_status":"closed","ping_status":"closed","sticky":false,"template":"","format":"standard","meta":{"footnotes":""},"categories":[6],"tags":[],"class_list":["post-17964","post","type-post","status-publish","format-standard","has-post-thumbnail","hentry","category-ciudad-provincia"],"yoast_head":"<!-- This site is optimized with the Yoast SEO plugin v26.1.1 - https:\/\/yoast.com\/wordpress\/plugins\/seo\/ -->\n<title>LOS TRABAJADORES DE LA CARNE DISFRUTARON SU D\u00cdA EN UN ENCUENTRO INOLVIDABLE - Apuntes de San Luis<\/title>\n<meta name=\"robots\" content=\"index, follow, max-snippet:-1, max-image-preview:large, max-video-preview:-1\" \/>\n<link rel=\"canonical\" href=\"https:\/\/apuntesdesanluis.com\/index.php\/2024\/06\/16\/los-trabajadores-de-la-carne-disfrutaron-su-dia-en-un-encuentro-inolvidable\/\" \/>\n<meta property=\"og:locale\" content=\"es_ES\" \/>\n<meta property=\"og:type\" content=\"article\" \/>\n<meta property=\"og:title\" content=\"LOS TRABAJADORES DE LA CARNE DISFRUTARON SU D\u00cdA EN UN ENCUENTRO INOLVIDABLE - Apuntes de San Luis\" \/>\n<meta property=\"og:description\" content=\"La tradicional celebraci\u00f3n que organiza el Sindicato de Trabajadores de la Carne se realiz\u00f3 el...\" \/>\n<meta property=\"og:url\" content=\"https:\/\/apuntesdesanluis.com\/index.php\/2024\/06\/16\/los-trabajadores-de-la-carne-disfrutaron-su-dia-en-un-encuentro-inolvidable\/\" \/>\n<meta property=\"og:site_name\" content=\"Apuntes de San Luis\" \/>\n<meta property=\"article:published_time\" content=\"2024-06-16T19:00:47+00:00\" \/>\n<meta property=\"article:modified_time\" content=\"2024-06-17T20:13:34+00:00\" \/>\n<meta property=\"og:image\" content=\"https:\/\/apuntesdesanluis.com\/wp-content\/uploads\/2024\/06\/BRINDIS.png\" \/>\n\t<meta property=\"og:image:width\" content=\"734\" \/>\n\t<meta property=\"og:image:height\" content=\"407\" \/>\n\t<meta property=\"og:image:type\" content=\"image\/png\" \/>\n<meta name=\"author\" content=\"apuntesdesanluis.com\" \/>\n<meta name=\"twitter:card\" content=\"summary_large_image\" \/>\n<meta name=\"twitter:label1\" content=\"Escrito por\" \/>\n\t<meta name=\"twitter:data1\" content=\"apuntesdesanluis.com\" \/>\n\t<meta name=\"twitter:label2\" content=\"Tiempo de lectura\" \/>\n\t<meta name=\"twitter:data2\" content=\"3 minutos\" \/>\n<script type=\"application\/ld+json\" class=\"yoast-schema-graph\">{\"@context\":\"https:\/\/schema.org\",\"@graph\":[{\"@type\":\"Article\",\"@id\":\"https:\/\/apuntesdesanluis.com\/index.php\/2024\/06\/16\/los-trabajadores-de-la-carne-disfrutaron-su-dia-en-un-encuentro-inolvidable\/#article\",\"isPartOf\":{\"@id\":\"https:\/\/apuntesdesanluis.com\/index.php\/2024\/06\/16\/los-trabajadores-de-la-carne-disfrutaron-su-dia-en-un-encuentro-inolvidable\/\"},\"author\":{\"name\":\"apuntesdesanluis.com\",\"@id\":\"https:\/\/apuntesdesanluis.com\/#\/schema\/person\/b55151d52296fcce64d1a72538a70b90\"},\"headline\":\"LOS TRABAJADORES DE LA CARNE DISFRUTARON SU D\u00cdA EN UN ENCUENTRO INOLVIDABLE\",\"datePublished\":\"2024-06-16T19:00:47+00:00\",\"dateModified\":\"2024-06-17T20:13:34+00:00\",\"mainEntityOfPage\":{\"@id\":\"https:\/\/apuntesdesanluis.com\/index.php\/2024\/06\/16\/los-trabajadores-de-la-carne-disfrutaron-su-dia-en-un-encuentro-inolvidable\/\"},\"wordCount\":300,\"publisher\":{\"@id\":\"https:\/\/apuntesdesanluis.com\/#\/schema\/person\/b55151d52296fcce64d1a72538a70b90\"},\"image\":{\"@id\":\"https:\/\/apuntesdesanluis.com\/index.php\/2024\/06\/16\/los-trabajadores-de-la-carne-disfrutaron-su-dia-en-un-encuentro-inolvidable\/#primaryimage\"},\"thumbnailUrl\":\"https:\/\/apuntesdesanluis.com\/wp-content\/uploads\/2024\/06\/BRINDIS.png\",\"articleSection\":[\"Ciudad\/Provincia\"],\"inLanguage\":\"es-AR\"},{\"@type\":\"WebPage\",\"@id\":\"https:\/\/apuntesdesanluis.com\/index.php\/2024\/06\/16\/los-trabajadores-de-la-carne-disfrutaron-su-dia-en-un-encuentro-inolvidable\/\",\"url\":\"https:\/\/apuntesdesanluis.com\/index.php\/2024\/06\/16\/los-trabajadores-de-la-carne-disfrutaron-su-dia-en-un-encuentro-inolvidable\/\",\"name\":\"LOS TRABAJADORES DE LA CARNE DISFRUTARON SU D\u00cdA EN UN ENCUENTRO INOLVIDABLE - Apuntes de San Luis\",\"isPartOf\":{\"@id\":\"https:\/\/apuntesdesanluis.com\/#website\"},\"primaryImageOfPage\":{\"@id\":\"https:\/\/apuntesdesanluis.com\/index.php\/2024\/06\/16\/los-trabajadores-de-la-carne-disfrutaron-su-dia-en-un-encuentro-inolvidable\/#primaryimage\"},\"image\":{\"@id\":\"https:\/\/apuntesdesanluis.com\/index.php\/2024\/06\/16\/los-trabajadores-de-la-carne-disfrutaron-su-dia-en-un-encuentro-inolvidable\/#primaryimage\"},\"thumbnailUrl\":\"https:\/\/apuntesdesanluis.com\/wp-content\/uploads\/2024\/06\/BRINDIS.png\",\"datePublished\":\"2024-06-16T19:00:47+00:00\",\"dateModified\":\"2024-06-17T20:13:34+00:00\",\"breadcrumb\":{\"@id\":\"https:\/\/apuntesdesanluis.com\/index.php\/2024\/06\/16\/los-trabajadores-de-la-carne-disfrutaron-su-dia-en-un-encuentro-inolvidable\/#breadcrumb\"},\"inLanguage\":\"es-AR\",\"potentialAction\":[{\"@type\":\"ReadAction\",\"target\":[\"https:\/\/apuntesdesanluis.com\/index.php\/2024\/06\/16\/los-trabajadores-de-la-carne-disfrutaron-su-dia-en-un-encuentro-inolvidable\/\"]}]},{\"@type\":\"ImageObject\",\"inLanguage\":\"es-AR\",\"@id\":\"https:\/\/apuntesdesanluis.com\/index.php\/2024\/06\/16\/los-trabajadores-de-la-carne-disfrutaron-su-dia-en-un-encuentro-inolvidable\/#primaryimage\",\"url\":\"https:\/\/apuntesdesanluis.com\/wp-content\/uploads\/2024\/06\/BRINDIS.png\",\"contentUrl\":\"https:\/\/apuntesdesanluis.com\/wp-content\/uploads\/2024\/06\/BRINDIS.png\",\"width\":734,\"height\":407},{\"@type\":\"BreadcrumbList\",\"@id\":\"https:\/\/apuntesdesanluis.com\/index.php\/2024\/06\/16\/los-trabajadores-de-la-carne-disfrutaron-su-dia-en-un-encuentro-inolvidable\/#breadcrumb\",\"itemListElement\":[{\"@type\":\"ListItem\",\"position\":1,\"name\":\"Inicio\",\"item\":\"https:\/\/apuntesdesanluis.com\/\"},{\"@type\":\"ListItem\",\"position\":2,\"name\":\"LOS TRABAJADORES DE LA CARNE DISFRUTARON SU D\u00cdA EN UN ENCUENTRO INOLVIDABLE\"}]},{\"@type\":\"WebSite\",\"@id\":\"https:\/\/apuntesdesanluis.com\/#website\",\"url\":\"https:\/\/apuntesdesanluis.com\/\",\"name\":\"Apuntes de San Luis\",\"description\":\"\",\"publisher\":{\"@id\":\"https:\/\/apuntesdesanluis.com\/#\/schema\/person\/b55151d52296fcce64d1a72538a70b90\"},\"potentialAction\":[{\"@type\":\"SearchAction\",\"target\":{\"@type\":\"EntryPoint\",\"urlTemplate\":\"https:\/\/apuntesdesanluis.com\/?s={search_term_string}\"},\"query-input\":{\"@type\":\"PropertyValueSpecification\",\"valueRequired\":true,\"valueName\":\"search_term_string\"}}],\"inLanguage\":\"es-AR\"},{\"@type\":[\"Person\",\"Organization\"],\"@id\":\"https:\/\/apuntesdesanluis.com\/#\/schema\/person\/b55151d52296fcce64d1a72538a70b90\",\"name\":\"apuntesdesanluis.com\",\"image\":{\"@type\":\"ImageObject\",\"inLanguage\":\"es-AR\",\"@id\":\"https:\/\/apuntesdesanluis.com\/#\/schema\/person\/image\/\",\"url\":\"https:\/\/apuntesdesanluis.com\/wp-content\/uploads\/2023\/07\/cropped-apuntesdesanluis.png\",\"contentUrl\":\"https:\/\/apuntesdesanluis.com\/wp-content\/uploads\/2023\/07\/cropped-apuntesdesanluis.png\",\"width\":450,\"height\":112,\"caption\":\"apuntesdesanluis.com\"},\"logo\":{\"@id\":\"https:\/\/apuntesdesanluis.com\/#\/schema\/person\/image\/\"},\"sameAs\":[\"https:\/\/apuntesdesanluis.com\"],\"url\":\"https:\/\/apuntesdesanluis.com\/index.php\/author\/apuntesdesanluis-com\/\"}]}<\/script>\n<!-- \/ Yoast SEO plugin. -->","yoast_head_json":{"title":"LOS TRABAJADORES DE LA CARNE DISFRUTARON SU D\u00cdA EN UN ENCUENTRO INOLVIDABLE - Apuntes de San Luis","robots":{"index":"index","follow":"follow","max-snippet":"max-snippet:-1","max-image-preview":"max-image-preview:large","max-video-preview":"max-video-preview:-1"},"canonical":"https:\/\/apuntesdesanluis.com\/index.php\/2024\/06\/16\/los-trabajadores-de-la-carne-disfrutaron-su-dia-en-un-encuentro-inolvidable\/","og_locale":"es_ES","og_type":"article","og_title":"LOS TRABAJADORES DE LA CARNE DISFRUTARON SU D\u00cdA EN UN ENCUENTRO INOLVIDABLE - Apuntes de San Luis","og_description":"La tradicional celebraci\u00f3n que organiza el Sindicato de Trabajadores de la Carne se realiz\u00f3 el...","og_url":"https:\/\/apuntesdesanluis.com\/index.php\/2024\/06\/16\/los-trabajadores-de-la-carne-disfrutaron-su-dia-en-un-encuentro-inolvidable\/","og_site_name":"Apuntes de San Luis","article_published_time":"2024-06-16T19:00:47+00:00","article_modified_time":"2024-06-17T20:13:34+00:00","og_image":[{"width":734,"height":407,"url":"https:\/\/apuntesdesanluis.com\/wp-content\/uploads\/2024\/06\/BRINDIS.png","type":"image\/png"}],"author":"apuntesdesanluis.com","twitter_card":"summary_large_image","twitter_misc":{"Escrito por":"apuntesdesanluis.com","Tiempo de lectura":"3 minutos"},"schema":{"@context":"https:\/\/schema.org","@graph":[{"@type":"Article","@id":"https:\/\/apuntesdesanluis.com\/index.php\/2024\/06\/16\/los-trabajadores-de-la-carne-disfrutaron-su-dia-en-un-encuentro-inolvidable\/#article","isPartOf":{"@id":"https:\/\/apuntesdesanluis.com\/index.php\/2024\/06\/16\/los-trabajadores-de-la-carne-disfrutaron-su-dia-en-un-encuentro-inolvidable\/"},"author":{"name":"apuntesdesanluis.com","@id":"https:\/\/apuntesdesanluis.com\/#\/schema\/person\/b55151d52296fcce64d1a72538a70b90"},"headline":"LOS TRABAJADORES DE LA CARNE DISFRUTARON SU D\u00cdA EN UN ENCUENTRO INOLVIDABLE","datePublished":"2024-06-16T19:00:47+00:00","dateModified":"2024-06-17T20:13:34+00:00","mainEntityOfPage":{"@id":"https:\/\/apuntesdesanluis.com\/index.php\/2024\/06\/16\/los-trabajadores-de-la-carne-disfrutaron-su-dia-en-un-encuentro-inolvidable\/"},"wordCount":300,"publisher":{"@id":"https:\/\/apuntesdesanluis.com\/#\/schema\/person\/b55151d52296fcce64d1a72538a70b90"},"image":{"@id":"https:\/\/apuntesdesanluis.com\/index.php\/2024\/06\/16\/los-trabajadores-de-la-carne-disfrutaron-su-dia-en-un-encuentro-inolvidable\/#primaryimage"},"thumbnailUrl":"https:\/\/apuntesdesanluis.com\/wp-content\/uploads\/2024\/06\/BRINDIS.png","articleSection":["Ciudad\/Provincia"],"inLanguage":"es-AR"},{"@type":"WebPage","@id":"https:\/\/apuntesdesanluis.com\/index.php\/2024\/06\/16\/los-trabajadores-de-la-carne-disfrutaron-su-dia-en-un-encuentro-inolvidable\/","url":"https:\/\/apuntesdesanluis.com\/index.php\/2024\/06\/16\/los-trabajadores-de-la-carne-disfrutaron-su-dia-en-un-encuentro-inolvidable\/","name":"LOS TRABAJADORES DE LA CARNE DISFRUTARON SU D\u00cdA EN UN ENCUENTRO INOLVIDABLE - Apuntes de San Luis","isPartOf":{"@id":"https:\/\/apuntesdesanluis.com\/#website"},"primaryImageOfPage":{"@id":"https:\/\/apuntesdesanluis.com\/index.php\/2024\/06\/16\/los-trabajadores-de-la-carne-disfrutaron-su-dia-en-un-encuentro-inolvidable\/#primaryimage"},"image":{"@id":"https:\/\/apuntesdesanluis.com\/index.php\/2024\/06\/16\/los-trabajadores-de-la-carne-disfrutaron-su-dia-en-un-encuentro-inolvidable\/#primaryimage"},"thumbnailUrl":"https:\/\/apuntesdesanluis.com\/wp-content\/uploads\/2024\/06\/BRINDIS.png","datePublished":"2024-06-16T19:00:47+00:00","dateModified":"2024-06-17T20:13:34+00:00","breadcrumb":{"@id":"https:\/\/apuntesdesanluis.com\/index.php\/2024\/06\/16\/los-trabajadores-de-la-carne-disfrutaron-su-dia-en-un-encuentro-inolvidable\/#breadcrumb"},"inLanguage":"es-AR","potentialAction":[{"@type":"ReadAction","target":["https:\/\/apuntesdesanluis.com\/index.php\/2024\/06\/16\/los-trabajadores-de-la-carne-disfrutaron-su-dia-en-un-encuentro-inolvidable\/"]}]},{"@type":"ImageObject","inLanguage":"es-AR","@id":"https:\/\/apuntesdesanluis.com\/index.php\/2024\/06\/16\/los-trabajadores-de-la-carne-disfrutaron-su-dia-en-un-encuentro-inolvidable\/#primaryimage","url":"https:\/\/apuntesdesanluis.com\/wp-content\/uploads\/2024\/06\/BRINDIS.png","contentUrl":"https:\/\/apuntesdesanluis.com\/wp-content\/uploads\/2024\/06\/BRINDIS.png","width":734,"height":407},{"@type":"BreadcrumbList","@id":"https:\/\/apuntesdesanluis.com\/index.php\/2024\/06\/16\/los-trabajadores-de-la-carne-disfrutaron-su-dia-en-un-encuentro-inolvidable\/#breadcrumb","itemListElement":[{"@type":"ListItem","position":1,"name":"Inicio","item":"https:\/\/apuntesdesanluis.com\/"},{"@type":"ListItem","position":2,"name":"LOS TRABAJADORES DE LA CARNE DISFRUTARON SU D\u00cdA EN UN ENCUENTRO INOLVIDABLE"}]},{"@type":"WebSite","@id":"https:\/\/apuntesdesanluis.com\/#website","url":"https:\/\/apuntesdesanluis.com\/","name":"Apuntes de San Luis","description":"","publisher":{"@id":"https:\/\/apuntesdesanluis.com\/#\/schema\/person\/b55151d52296fcce64d1a72538a70b90"},"potentialAction":[{"@type":"SearchAction","target":{"@type":"EntryPoint","urlTemplate":"https:\/\/apuntesdesanluis.com\/?s={search_term_string}"},"query-input":{"@type":"PropertyValueSpecification","valueRequired":true,"valueName":"search_term_string"}}],"inLanguage":"es-AR"},{"@type":["Person","Organization"],"@id":"https:\/\/apuntesdesanluis.com\/#\/schema\/person\/b55151d52296fcce64d1a72538a70b90","name":"apuntesdesanluis.com","image":{"@type":"ImageObject","inLanguage":"es-AR","@id":"https:\/\/apuntesdesanluis.com\/#\/schema\/person\/image\/","url":"https:\/\/apuntesdesanluis.com\/wp-content\/uploads\/2023\/07\/cropped-apuntesdesanluis.png","contentUrl":"https:\/\/apuntesdesanluis.com\/wp-content\/uploads\/2023\/07\/cropped-apuntesdesanluis.png","width":450,"height":112,"caption":"apuntesdesanluis.com"},"logo":{"@id":"https:\/\/apuntesdesanluis.com\/#\/schema\/person\/image\/"},"sameAs":["https:\/\/apuntesdesanluis.com"],"url":"https:\/\/apuntesdesanluis.com\/index.php\/author\/apuntesdesanluis-com\/"}]}},"featured_image_urls":{"full":["https:\/\/apuntesdesanluis.com\/wp-content\/uploads\/2024\/06\/BRINDIS.png",734,407,false],"thumbnail":["https:\/\/apuntesdesanluis.com\/wp-content\/uploads\/2024\/06\/BRINDIS-150x150.png",150,150,true],"medium":["https:\/\/apuntesdesanluis.com\/wp-content\/uploads\/2024\/06\/BRINDIS-300x166.png",300,166,true],"medium_large":["https:\/\/apuntesdesanluis.com\/wp-content\/uploads\/2024\/06\/BRINDIS.png",640,355,false],"large":["https:\/\/apuntesdesanluis.com\/wp-content\/uploads\/2024\/06\/BRINDIS.png",640,355,false],"1536x1536":["https:\/\/apuntesdesanluis.com\/wp-content\/uploads\/2024\/06\/BRINDIS.png",734,407,false],"2048x2048":["https:\/\/apuntesdesanluis.com\/wp-content\/uploads\/2024\/06\/BRINDIS.png",734,407,false],"newsever-slider-full":["https:\/\/apuntesdesanluis.com\/wp-content\/uploads\/2024\/06\/BRINDIS.png",734,407,false],"newsever-featured":["https:\/\/apuntesdesanluis.com\/wp-content\/uploads\/2024\/06\/BRINDIS.png",734,407,false],"newsever-medium":["https:\/\/apuntesdesanluis.com\/wp-content\/uploads\/2024\/06\/BRINDIS-720x407.png",720,407,true]},"author_info":{"display_name":"apuntesdesanluis.com","author_link":"https:\/\/apuntesdesanluis.com\/index.php\/author\/apuntesdesanluis-com\/"},"category_info":"<a href=\"https:\/\/apuntesdesanluis.com\/index.php\/category\/ciudad-provincia\/\" rel=\"category tag\">Ciudad\/Provincia<\/a>","tag_info":"Ciudad\/Provincia","comment_count":"0","_links":{"self":[{"href":"https:\/\/apuntesdesanluis.com\/index.php\/wp-json\/wp\/v2\/posts\/17964","targetHints":{"allow":["GET"]}}],"collection":[{"href":"https:\/\/apuntesdesanluis.com\/index.php\/wp-json\/wp\/v2\/posts"}],"about":[{"href":"https:\/\/apuntesdesanluis.com\/index.php\/wp-json\/wp\/v2\/types\/post"}],"author":[{"embeddable":true,"href":"https:\/\/apuntesdesanluis.com\/index.php\/wp-json\/wp\/v2\/users\/1"}],"replies":[{"embeddable":true,"href":"https:\/\/apuntesdesanluis.com\/index.php\/wp-json\/wp\/v2\/comments?post=17964"}],"version-history":[{"count":2,"href":"https:\/\/apuntesdesanluis.com\/index.php\/wp-json\/wp\/v2\/posts\/17964\/revisions"}],"predecessor-version":[{"id":17974,"href":"https:\/\/apuntesdesanluis.com\/index.php\/wp-json\/wp\/v2\/posts\/17964\/revisions\/17974"}],"wp:featuredmedia":[{"embeddable":true,"href":"https:\/\/apuntesdesanluis.com\/index.php\/wp-json\/wp\/v2\/media\/17965"}],"wp:attachment":[{"href":"https:\/\/apuntesdesanluis.com\/index.php\/wp-json\/wp\/v2\/media?parent=17964"}],"wp:term":[{"taxonomy":"category","embeddable":true,"href":"https:\/\/apuntesdesanluis.com\/index.php\/wp-json\/wp\/v2\/categories?post=17964"},{"taxonomy":"post_tag","embeddable":true,"href":"https:\/\/apuntesdesanluis.com\/index.php\/wp-json\/wp\/v2\/tags?post=17964"}],"curies":[{"name":"wp","href":"https:\/\/api.w.org\/{rel}","templated":true}]}}