{"id":17986,"date":"2024-06-17T17:47:58","date_gmt":"2024-06-17T20:47:58","guid":{"rendered":"https:\/\/apuntesdesanluis.com\/?p=17986"},"modified":"2024-06-17T17:47:58","modified_gmt":"2024-06-17T20:47:58","slug":"fin-de-semana-largo-la-cantidad-de-turistas-cayo-un-65-y-el-gasto-bajo-un-80-con-relacion-al-mismo-feriado-del-ano-pasado","status":"publish","type":"post","link":"https:\/\/apuntesdesanluis.com\/index.php\/2024\/06\/17\/fin-de-semana-largo-la-cantidad-de-turistas-cayo-un-65-y-el-gasto-bajo-un-80-con-relacion-al-mismo-feriado-del-ano-pasado\/","title":{"rendered":"FIN DE SEMANA LARGO: LA CANTIDAD DE TURISTAS CAY\u00d3 UN 65% Y EL GASTO BAJ\u00d3 UN 80% CON RELACI\u00d3N AL MISMO FERIADO DEL A\u00d1O PASADO"},"content":{"rendered":"<h3>Durante los tres d\u00edas del fin de semana largo que finaliza hoy viajaron 802 mil turistas, un 64,3% menos que en la misma fecha del a\u00f1o pasado. Seg\u00fan la<strong> Confederaci\u00f3n Argentina de la Mediana Empresa<\/strong> (CAME), esto se debe a que en 2023 el mismo feriado (en el que se conmemora la vida y lucha del General G\u00fcemes), el fin de semana tuvo 4 d\u00edas y no coincid\u00eda con que en dos d\u00edas llegar\u00eda otro feriado largo, como s\u00ed suceder\u00e1 entre el pr\u00f3ximo jueves 20 y el domingo 23.<\/h3>\n<h3>Los turistas gastaron $81.464 millones en alimentos, bebidas, alojamiento, transporte, recreaci\u00f3n y compras diversas. Esta cifra muestra una ca\u00edda del 79,7% respecto al a\u00f1o pasado. Con el D\u00eda del Padre como atractivo principal, hubo primordialmente movimiento hacia lugares cercanos y visitas m\u00e1s familiares que vacacionales.<\/h3>\n<h3>El gasto promedio diario fue de $50.788, 3,4% menos que en la misma fecha de 2023 (a precios reales) y tuvo una estad\u00eda media de 2 d\u00edas, que tambi\u00e9n result\u00f3 por debajo de lo que es habitual en un fin de semana de 3 d\u00edas (suele ser entre 2,2 y 2,5).<\/h3>\n<h3>En lo que va del a\u00f1o hubo 3 fines de semana largos, donde se movilizaron 6,6 millones de personas y desembolsaron $1.065.990 millones (USD 1.169 millones al d\u00f3lar oficial). \u201cUn factor que rest\u00f3 dinamismo al movimiento del fin de semana fue la ca\u00edda del turismo internacional, que, si bien sigue latente, no se lo ve en las magnitudes de meses anteriores\u201d, se\u00f1al\u00f3 CAME.<\/h3>\n<h3>En la Provincia de Buenos Aires, \u201cel turismo no brill\u00f3 como otras veces y se movi\u00f3 en funci\u00f3n de algunos encuentros deportivos y art\u00edsticos. Los arribos a la provincia fueron desde distancias cercanas, con muchas llegadas a \u00faltimo momento\u201d, precis\u00f3 CAME.<\/h3>\n<h3>La Ciudad de Buenos Aires no escap\u00f3 a la tendencia general del fin de semana, pero fiel a su estilo se prepar\u00f3 una agenda para turistas, excursionistas y locales, especialmente para el D\u00eda del Padre<\/h3>\n<h3>En el caso de C\u00f3rdoba, con una estad\u00eda promedio de 2 noches y un gasto diario por persona de $52.355, se estima unos 167.000 ingresos al distrito. Una de los polos m\u00e1s concurridos fue la capital, que alcanz\u00f3 un pico de hospedaje del 75% durante la noche del s\u00e1bado, con shows de masiva convocatoria como el del DJ Hern\u00e1n Catt\u00e1neo y La Renga. Tambi\u00e9n la Cumbre Mundial de Econom\u00eda Circular y el congreso FOPE. Los hoteles de alta categor\u00eda reportaron una ocupaci\u00f3n de 90%.<\/h3>\n<h3>Con una ocupaci\u00f3n hotelera de 40% y una estad\u00eda promedio de 3 d\u00edas, los turistas que llegaron a Chubut fueron mayormente de lugares cercanos o internacionales. Lago Puelo, Puerto Madryn, Puerto Pir\u00e1mides, Gaim\u00e1n, Esquel, Trevel\u00edn y El Hoyo, fueron los m\u00e1s populosos.<\/h3>\n<h3>En Corrientes, el alojamiento hotelero promedi\u00f3 el 50%, con una estad\u00eda de 2 noches. Los Esteros del Iber\u00e1 fue lo m\u00e1s concurrido, con 60% de ocupaci\u00f3n. \u201cHubo muchas consultas previas, pero las reservas aparecieron sobre el fin de semana, incluso muchos visitantes llegaron a buscar hospedaje en el lugar\u201d, precis\u00f3 CAME.<\/h3>\n<h3>El alojamiento en Jujuy rond\u00f3 el 65% con Quebrada (83%) entre los puntos m\u00e1s populosos, seguido por la capital (80%). En tanto, Purmamarca alcanz\u00f3 el 88%, con la inauguraci\u00f3n del tren solar como gran atractivo.<\/h3>\n<h3>\u201cUn factor que rest\u00f3 dinamismo al movimiento del fin de semana fue la ca\u00edda del turismo internacional, que, si bien sigue latente, no se lo ve en las magnitudes de meses anteriores\u201d (CAME)<\/h3>\n<h3>En Mendoza la ocupaci\u00f3n promedio finaliz\u00f3 en 60%. Las localidades m\u00e1s populosas fueron San Rafael, Potrerillos, Valle de Uco, Tupungato, Malarg\u00fce, San Rafael y la capital. La provincia puso a disposici\u00f3n casi 5.000 espacios gastron\u00f3micos con diferentes categor\u00edas y particularidades.<\/h3>\n<h3>Para el caso de Misiones, Puerto Iguaz\u00fa fue una de las ciudades m\u00e1s elegidas del pa\u00eds, seg\u00fan una encuesta del portal de viajes Despegar. Aprovechando ese flujo habitual que llega a la zona de las Cataratas, la provincia organiz\u00f3 propuestas para tentarlo a recorrer sus diferentes localidades, paisajes, historia, cultura y gastronom\u00eda. En el balance final, la ocupaci\u00f3n se ubic\u00f3 en un 75% en los principales destinos, con los niveles m\u00e1s altos en Iguaz\u00fa. En tanto, en Posadas el hospedaje lleg\u00f3 al 65%, y en el Soberbio, a 55%.<\/h3>\n<h3>A dos semanas del inicio de la temporada de invierno, la ocupaci\u00f3n en Neuqu\u00e9n tuvo un promedio del 50%. \u201cLos n\u00fameros fueron modestos, aunque en l\u00ednea con lo esperado. Destinos como Villa la Angostura y San Mart\u00edn de los Andes, generalmente los m\u00e1s concurridos, estuvieron tranquilos, pero con un n\u00facleo de turistas espont\u00e1neos que aprovecharon los descuentos de precios y planes de financiaci\u00f3n, a trav\u00e9s de tarjetas de cr\u00e9dito en cuotas sin inter\u00e9s, de algunos alojamientos\u201d, indic\u00f3 el informe.<\/h3>\n<h3>En R\u00edo Negro, con un promedio de hospedaje modesto, lo m\u00e1s concurrido fue Bariloche, con casi 70% de ocupaci\u00f3n y turistas que llegaron desde distintos puntos del pa\u00eds a disfrutar de la nieve.<\/h3>\n<h3>El Calafate, Puerto San Juli\u00e1n, El Chalt\u00e9n, R\u00edo Gallegos, Los Antiguos, Caleta Olivia y Perito Moreno, fueron las ciudades m\u00e1s visitadas de Santa Cruz, aunque con poco movimiento de turismo nacional.<\/h3>\n<p>&nbsp;<\/p>\n<p>&nbsp;<\/p>\n<p>&nbsp;<\/p>\n<p>&nbsp;<\/p>\n<p>&nbsp;<\/p>\n<p>&nbsp;<\/p>\n","protected":false},"excerpt":{"rendered":"<p>Durante los tres d\u00edas del fin de semana largo que finaliza hoy viajaron 802 mil&#8230;<\/p>\n","protected":false},"author":1,"featured_media":17987,"comment_status":"closed","ping_status":"closed","sticky":false,"template":"","format":"standard","meta":{"footnotes":""},"categories":[5],"tags":[],"class_list":["post-17986","post","type-post","status-publish","format-standard","has-post-thumbnail","hentry","category-nacionales-internacionales"],"yoast_head":"<!-- This site is optimized with the Yoast SEO plugin v26.1.1 - https:\/\/yoast.com\/wordpress\/plugins\/seo\/ -->\n<title>FIN DE SEMANA LARGO: LA CANTIDAD DE TURISTAS CAY\u00d3 UN 65% Y EL GASTO BAJ\u00d3 UN 80% CON RELACI\u00d3N AL MISMO FERIADO DEL A\u00d1O PASADO - Apuntes de San Luis<\/title>\n<meta name=\"robots\" content=\"index, follow, max-snippet:-1, max-image-preview:large, max-video-preview:-1\" \/>\n<link rel=\"canonical\" href=\"https:\/\/apuntesdesanluis.com\/index.php\/2024\/06\/17\/fin-de-semana-largo-la-cantidad-de-turistas-cayo-un-65-y-el-gasto-bajo-un-80-con-relacion-al-mismo-feriado-del-ano-pasado\/\" \/>\n<meta property=\"og:locale\" content=\"es_ES\" \/>\n<meta property=\"og:type\" content=\"article\" \/>\n<meta property=\"og:title\" content=\"FIN DE SEMANA LARGO: LA CANTIDAD DE TURISTAS CAY\u00d3 UN 65% Y EL GASTO BAJ\u00d3 UN 80% CON RELACI\u00d3N AL MISMO FERIADO DEL A\u00d1O PASADO - Apuntes de San Luis\" \/>\n<meta property=\"og:description\" content=\"Durante los tres d\u00edas del fin de semana largo que finaliza hoy viajaron 802 mil...\" \/>\n<meta property=\"og:url\" content=\"https:\/\/apuntesdesanluis.com\/index.php\/2024\/06\/17\/fin-de-semana-largo-la-cantidad-de-turistas-cayo-un-65-y-el-gasto-bajo-un-80-con-relacion-al-mismo-feriado-del-ano-pasado\/\" \/>\n<meta property=\"og:site_name\" content=\"Apuntes de San Luis\" \/>\n<meta property=\"article:published_time\" content=\"2024-06-17T20:47:58+00:00\" \/>\n<meta property=\"og:image\" content=\"https:\/\/apuntesdesanluis.com\/wp-content\/uploads\/2024\/06\/VACACIONES-SIERRAS.png\" \/>\n\t<meta property=\"og:image:width\" content=\"728\" \/>\n\t<meta property=\"og:image:height\" content=\"427\" \/>\n\t<meta property=\"og:image:type\" content=\"image\/png\" \/>\n<meta name=\"author\" content=\"apuntesdesanluis.com\" \/>\n<meta name=\"twitter:card\" content=\"summary_large_image\" \/>\n<meta name=\"twitter:label1\" content=\"Escrito por\" \/>\n\t<meta name=\"twitter:data1\" content=\"apuntesdesanluis.com\" \/>\n\t<meta name=\"twitter:label2\" content=\"Tiempo de lectura\" \/>\n\t<meta name=\"twitter:data2\" content=\"5 minutos\" \/>\n<script type=\"application\/ld+json\" class=\"yoast-schema-graph\">{\"@context\":\"https:\/\/schema.org\",\"@graph\":[{\"@type\":\"Article\",\"@id\":\"https:\/\/apuntesdesanluis.com\/index.php\/2024\/06\/17\/fin-de-semana-largo-la-cantidad-de-turistas-cayo-un-65-y-el-gasto-bajo-un-80-con-relacion-al-mismo-feriado-del-ano-pasado\/#article\",\"isPartOf\":{\"@id\":\"https:\/\/apuntesdesanluis.com\/index.php\/2024\/06\/17\/fin-de-semana-largo-la-cantidad-de-turistas-cayo-un-65-y-el-gasto-bajo-un-80-con-relacion-al-mismo-feriado-del-ano-pasado\/\"},\"author\":{\"name\":\"apuntesdesanluis.com\",\"@id\":\"https:\/\/apuntesdesanluis.com\/#\/schema\/person\/b55151d52296fcce64d1a72538a70b90\"},\"headline\":\"FIN DE SEMANA LARGO: LA CANTIDAD DE TURISTAS CAY\u00d3 UN 65% Y EL GASTO BAJ\u00d3 UN 80% CON RELACI\u00d3N AL MISMO FERIADO DEL A\u00d1O PASADO\",\"datePublished\":\"2024-06-17T20:47:58+00:00\",\"mainEntityOfPage\":{\"@id\":\"https:\/\/apuntesdesanluis.com\/index.php\/2024\/06\/17\/fin-de-semana-largo-la-cantidad-de-turistas-cayo-un-65-y-el-gasto-bajo-un-80-con-relacion-al-mismo-feriado-del-ano-pasado\/\"},\"wordCount\":913,\"publisher\":{\"@id\":\"https:\/\/apuntesdesanluis.com\/#\/schema\/person\/b55151d52296fcce64d1a72538a70b90\"},\"image\":{\"@id\":\"https:\/\/apuntesdesanluis.com\/index.php\/2024\/06\/17\/fin-de-semana-largo-la-cantidad-de-turistas-cayo-un-65-y-el-gasto-bajo-un-80-con-relacion-al-mismo-feriado-del-ano-pasado\/#primaryimage\"},\"thumbnailUrl\":\"https:\/\/apuntesdesanluis.com\/wp-content\/uploads\/2024\/06\/VACACIONES-SIERRAS.png\",\"articleSection\":[\"Nacionales\/Internacionales\"],\"inLanguage\":\"es-AR\"},{\"@type\":\"WebPage\",\"@id\":\"https:\/\/apuntesdesanluis.com\/index.php\/2024\/06\/17\/fin-de-semana-largo-la-cantidad-de-turistas-cayo-un-65-y-el-gasto-bajo-un-80-con-relacion-al-mismo-feriado-del-ano-pasado\/\",\"url\":\"https:\/\/apuntesdesanluis.com\/index.php\/2024\/06\/17\/fin-de-semana-largo-la-cantidad-de-turistas-cayo-un-65-y-el-gasto-bajo-un-80-con-relacion-al-mismo-feriado-del-ano-pasado\/\",\"name\":\"FIN DE SEMANA LARGO: LA CANTIDAD DE TURISTAS CAY\u00d3 UN 65% Y EL GASTO BAJ\u00d3 UN 80% CON RELACI\u00d3N AL MISMO FERIADO DEL A\u00d1O PASADO - Apuntes de San Luis\",\"isPartOf\":{\"@id\":\"https:\/\/apuntesdesanluis.com\/#website\"},\"primaryImageOfPage\":{\"@id\":\"https:\/\/apuntesdesanluis.com\/index.php\/2024\/06\/17\/fin-de-semana-largo-la-cantidad-de-turistas-cayo-un-65-y-el-gasto-bajo-un-80-con-relacion-al-mismo-feriado-del-ano-pasado\/#primaryimage\"},\"image\":{\"@id\":\"https:\/\/apuntesdesanluis.com\/index.php\/2024\/06\/17\/fin-de-semana-largo-la-cantidad-de-turistas-cayo-un-65-y-el-gasto-bajo-un-80-con-relacion-al-mismo-feriado-del-ano-pasado\/#primaryimage\"},\"thumbnailUrl\":\"https:\/\/apuntesdesanluis.com\/wp-content\/uploads\/2024\/06\/VACACIONES-SIERRAS.png\",\"datePublished\":\"2024-06-17T20:47:58+00:00\",\"breadcrumb\":{\"@id\":\"https:\/\/apuntesdesanluis.com\/index.php\/2024\/06\/17\/fin-de-semana-largo-la-cantidad-de-turistas-cayo-un-65-y-el-gasto-bajo-un-80-con-relacion-al-mismo-feriado-del-ano-pasado\/#breadcrumb\"},\"inLanguage\":\"es-AR\",\"potentialAction\":[{\"@type\":\"ReadAction\",\"target\":[\"https:\/\/apuntesdesanluis.com\/index.php\/2024\/06\/17\/fin-de-semana-largo-la-cantidad-de-turistas-cayo-un-65-y-el-gasto-bajo-un-80-con-relacion-al-mismo-feriado-del-ano-pasado\/\"]}]},{\"@type\":\"ImageObject\",\"inLanguage\":\"es-AR\",\"@id\":\"https:\/\/apuntesdesanluis.com\/index.php\/2024\/06\/17\/fin-de-semana-largo-la-cantidad-de-turistas-cayo-un-65-y-el-gasto-bajo-un-80-con-relacion-al-mismo-feriado-del-ano-pasado\/#primaryimage\",\"url\":\"https:\/\/apuntesdesanluis.com\/wp-content\/uploads\/2024\/06\/VACACIONES-SIERRAS.png\",\"contentUrl\":\"https:\/\/apuntesdesanluis.com\/wp-content\/uploads\/2024\/06\/VACACIONES-SIERRAS.png\",\"width\":728,\"height\":427},{\"@type\":\"BreadcrumbList\",\"@id\":\"https:\/\/apuntesdesanluis.com\/index.php\/2024\/06\/17\/fin-de-semana-largo-la-cantidad-de-turistas-cayo-un-65-y-el-gasto-bajo-un-80-con-relacion-al-mismo-feriado-del-ano-pasado\/#breadcrumb\",\"itemListElement\":[{\"@type\":\"ListItem\",\"position\":1,\"name\":\"Inicio\",\"item\":\"https:\/\/apuntesdesanluis.com\/\"},{\"@type\":\"ListItem\",\"position\":2,\"name\":\"FIN DE SEMANA LARGO: LA CANTIDAD DE TURISTAS CAY\u00d3 UN 65% Y EL GASTO BAJ\u00d3 UN 80% CON RELACI\u00d3N AL MISMO FERIADO DEL A\u00d1O PASADO\"}]},{\"@type\":\"WebSite\",\"@id\":\"https:\/\/apuntesdesanluis.com\/#website\",\"url\":\"https:\/\/apuntesdesanluis.com\/\",\"name\":\"Apuntes de San Luis\",\"description\":\"\",\"publisher\":{\"@id\":\"https:\/\/apuntesdesanluis.com\/#\/schema\/person\/b55151d52296fcce64d1a72538a70b90\"},\"potentialAction\":[{\"@type\":\"SearchAction\",\"target\":{\"@type\":\"EntryPoint\",\"urlTemplate\":\"https:\/\/apuntesdesanluis.com\/?s={search_term_string}\"},\"query-input\":{\"@type\":\"PropertyValueSpecification\",\"valueRequired\":true,\"valueName\":\"search_term_string\"}}],\"inLanguage\":\"es-AR\"},{\"@type\":[\"Person\",\"Organization\"],\"@id\":\"https:\/\/apuntesdesanluis.com\/#\/schema\/person\/b55151d52296fcce64d1a72538a70b90\",\"name\":\"apuntesdesanluis.com\",\"image\":{\"@type\":\"ImageObject\",\"inLanguage\":\"es-AR\",\"@id\":\"https:\/\/apuntesdesanluis.com\/#\/schema\/person\/image\/\",\"url\":\"https:\/\/apuntesdesanluis.com\/wp-content\/uploads\/2023\/07\/cropped-apuntesdesanluis.png\",\"contentUrl\":\"https:\/\/apuntesdesanluis.com\/wp-content\/uploads\/2023\/07\/cropped-apuntesdesanluis.png\",\"width\":450,\"height\":112,\"caption\":\"apuntesdesanluis.com\"},\"logo\":{\"@id\":\"https:\/\/apuntesdesanluis.com\/#\/schema\/person\/image\/\"},\"sameAs\":[\"https:\/\/apuntesdesanluis.com\"],\"url\":\"https:\/\/apuntesdesanluis.com\/index.php\/author\/apuntesdesanluis-com\/\"}]}<\/script>\n<!-- \/ Yoast SEO plugin. -->","yoast_head_json":{"title":"FIN DE SEMANA LARGO: LA CANTIDAD DE TURISTAS CAY\u00d3 UN 65% Y EL GASTO BAJ\u00d3 UN 80% CON RELACI\u00d3N AL MISMO FERIADO DEL A\u00d1O PASADO - Apuntes de San Luis","robots":{"index":"index","follow":"follow","max-snippet":"max-snippet:-1","max-image-preview":"max-image-preview:large","max-video-preview":"max-video-preview:-1"},"canonical":"https:\/\/apuntesdesanluis.com\/index.php\/2024\/06\/17\/fin-de-semana-largo-la-cantidad-de-turistas-cayo-un-65-y-el-gasto-bajo-un-80-con-relacion-al-mismo-feriado-del-ano-pasado\/","og_locale":"es_ES","og_type":"article","og_title":"FIN DE SEMANA LARGO: LA CANTIDAD DE TURISTAS CAY\u00d3 UN 65% Y EL GASTO BAJ\u00d3 UN 80% CON RELACI\u00d3N AL MISMO FERIADO DEL A\u00d1O PASADO - Apuntes de San Luis","og_description":"Durante los tres d\u00edas del fin de semana largo que finaliza hoy viajaron 802 mil...","og_url":"https:\/\/apuntesdesanluis.com\/index.php\/2024\/06\/17\/fin-de-semana-largo-la-cantidad-de-turistas-cayo-un-65-y-el-gasto-bajo-un-80-con-relacion-al-mismo-feriado-del-ano-pasado\/","og_site_name":"Apuntes de San Luis","article_published_time":"2024-06-17T20:47:58+00:00","og_image":[{"width":728,"height":427,"url":"https:\/\/apuntesdesanluis.com\/wp-content\/uploads\/2024\/06\/VACACIONES-SIERRAS.png","type":"image\/png"}],"author":"apuntesdesanluis.com","twitter_card":"summary_large_image","twitter_misc":{"Escrito por":"apuntesdesanluis.com","Tiempo de lectura":"5 minutos"},"schema":{"@context":"https:\/\/schema.org","@graph":[{"@type":"Article","@id":"https:\/\/apuntesdesanluis.com\/index.php\/2024\/06\/17\/fin-de-semana-largo-la-cantidad-de-turistas-cayo-un-65-y-el-gasto-bajo-un-80-con-relacion-al-mismo-feriado-del-ano-pasado\/#article","isPartOf":{"@id":"https:\/\/apuntesdesanluis.com\/index.php\/2024\/06\/17\/fin-de-semana-largo-la-cantidad-de-turistas-cayo-un-65-y-el-gasto-bajo-un-80-con-relacion-al-mismo-feriado-del-ano-pasado\/"},"author":{"name":"apuntesdesanluis.com","@id":"https:\/\/apuntesdesanluis.com\/#\/schema\/person\/b55151d52296fcce64d1a72538a70b90"},"headline":"FIN DE SEMANA LARGO: LA CANTIDAD DE TURISTAS CAY\u00d3 UN 65% Y EL GASTO BAJ\u00d3 UN 80% CON RELACI\u00d3N AL MISMO FERIADO DEL A\u00d1O PASADO","datePublished":"2024-06-17T20:47:58+00:00","mainEntityOfPage":{"@id":"https:\/\/apuntesdesanluis.com\/index.php\/2024\/06\/17\/fin-de-semana-largo-la-cantidad-de-turistas-cayo-un-65-y-el-gasto-bajo-un-80-con-relacion-al-mismo-feriado-del-ano-pasado\/"},"wordCount":913,"publisher":{"@id":"https:\/\/apuntesdesanluis.com\/#\/schema\/person\/b55151d52296fcce64d1a72538a70b90"},"image":{"@id":"https:\/\/apuntesdesanluis.com\/index.php\/2024\/06\/17\/fin-de-semana-largo-la-cantidad-de-turistas-cayo-un-65-y-el-gasto-bajo-un-80-con-relacion-al-mismo-feriado-del-ano-pasado\/#primaryimage"},"thumbnailUrl":"https:\/\/apuntesdesanluis.com\/wp-content\/uploads\/2024\/06\/VACACIONES-SIERRAS.png","articleSection":["Nacionales\/Internacionales"],"inLanguage":"es-AR"},{"@type":"WebPage","@id":"https:\/\/apuntesdesanluis.com\/index.php\/2024\/06\/17\/fin-de-semana-largo-la-cantidad-de-turistas-cayo-un-65-y-el-gasto-bajo-un-80-con-relacion-al-mismo-feriado-del-ano-pasado\/","url":"https:\/\/apuntesdesanluis.com\/index.php\/2024\/06\/17\/fin-de-semana-largo-la-cantidad-de-turistas-cayo-un-65-y-el-gasto-bajo-un-80-con-relacion-al-mismo-feriado-del-ano-pasado\/","name":"FIN DE SEMANA LARGO: LA CANTIDAD DE TURISTAS CAY\u00d3 UN 65% Y EL GASTO BAJ\u00d3 UN 80% CON RELACI\u00d3N AL MISMO FERIADO DEL A\u00d1O PASADO - Apuntes de San Luis","isPartOf":{"@id":"https:\/\/apuntesdesanluis.com\/#website"},"primaryImageOfPage":{"@id":"https:\/\/apuntesdesanluis.com\/index.php\/2024\/06\/17\/fin-de-semana-largo-la-cantidad-de-turistas-cayo-un-65-y-el-gasto-bajo-un-80-con-relacion-al-mismo-feriado-del-ano-pasado\/#primaryimage"},"image":{"@id":"https:\/\/apuntesdesanluis.com\/index.php\/2024\/06\/17\/fin-de-semana-largo-la-cantidad-de-turistas-cayo-un-65-y-el-gasto-bajo-un-80-con-relacion-al-mismo-feriado-del-ano-pasado\/#primaryimage"},"thumbnailUrl":"https:\/\/apuntesdesanluis.com\/wp-content\/uploads\/2024\/06\/VACACIONES-SIERRAS.png","datePublished":"2024-06-17T20:47:58+00:00","breadcrumb":{"@id":"https:\/\/apuntesdesanluis.com\/index.php\/2024\/06\/17\/fin-de-semana-largo-la-cantidad-de-turistas-cayo-un-65-y-el-gasto-bajo-un-80-con-relacion-al-mismo-feriado-del-ano-pasado\/#breadcrumb"},"inLanguage":"es-AR","potentialAction":[{"@type":"ReadAction","target":["https:\/\/apuntesdesanluis.com\/index.php\/2024\/06\/17\/fin-de-semana-largo-la-cantidad-de-turistas-cayo-un-65-y-el-gasto-bajo-un-80-con-relacion-al-mismo-feriado-del-ano-pasado\/"]}]},{"@type":"ImageObject","inLanguage":"es-AR","@id":"https:\/\/apuntesdesanluis.com\/index.php\/2024\/06\/17\/fin-de-semana-largo-la-cantidad-de-turistas-cayo-un-65-y-el-gasto-bajo-un-80-con-relacion-al-mismo-feriado-del-ano-pasado\/#primaryimage","url":"https:\/\/apuntesdesanluis.com\/wp-content\/uploads\/2024\/06\/VACACIONES-SIERRAS.png","contentUrl":"https:\/\/apuntesdesanluis.com\/wp-content\/uploads\/2024\/06\/VACACIONES-SIERRAS.png","width":728,"height":427},{"@type":"BreadcrumbList","@id":"https:\/\/apuntesdesanluis.com\/index.php\/2024\/06\/17\/fin-de-semana-largo-la-cantidad-de-turistas-cayo-un-65-y-el-gasto-bajo-un-80-con-relacion-al-mismo-feriado-del-ano-pasado\/#breadcrumb","itemListElement":[{"@type":"ListItem","position":1,"name":"Inicio","item":"https:\/\/apuntesdesanluis.com\/"},{"@type":"ListItem","position":2,"name":"FIN DE SEMANA LARGO: LA CANTIDAD DE TURISTAS CAY\u00d3 UN 65% Y EL GASTO BAJ\u00d3 UN 80% CON RELACI\u00d3N AL MISMO FERIADO DEL A\u00d1O PASADO"}]},{"@type":"WebSite","@id":"https:\/\/apuntesdesanluis.com\/#website","url":"https:\/\/apuntesdesanluis.com\/","name":"Apuntes de San Luis","description":"","publisher":{"@id":"https:\/\/apuntesdesanluis.com\/#\/schema\/person\/b55151d52296fcce64d1a72538a70b90"},"potentialAction":[{"@type":"SearchAction","target":{"@type":"EntryPoint","urlTemplate":"https:\/\/apuntesdesanluis.com\/?s={search_term_string}"},"query-input":{"@type":"PropertyValueSpecification","valueRequired":true,"valueName":"search_term_string"}}],"inLanguage":"es-AR"},{"@type":["Person","Organization"],"@id":"https:\/\/apuntesdesanluis.com\/#\/schema\/person\/b55151d52296fcce64d1a72538a70b90","name":"apuntesdesanluis.com","image":{"@type":"ImageObject","inLanguage":"es-AR","@id":"https:\/\/apuntesdesanluis.com\/#\/schema\/person\/image\/","url":"https:\/\/apuntesdesanluis.com\/wp-content\/uploads\/2023\/07\/cropped-apuntesdesanluis.png","contentUrl":"https:\/\/apuntesdesanluis.com\/wp-content\/uploads\/2023\/07\/cropped-apuntesdesanluis.png","width":450,"height":112,"caption":"apuntesdesanluis.com"},"logo":{"@id":"https:\/\/apuntesdesanluis.com\/#\/schema\/person\/image\/"},"sameAs":["https:\/\/apuntesdesanluis.com"],"url":"https:\/\/apuntesdesanluis.com\/index.php\/author\/apuntesdesanluis-com\/"}]}},"featured_image_urls":{"full":["https:\/\/apuntesdesanluis.com\/wp-content\/uploads\/2024\/06\/VACACIONES-SIERRAS.png",728,427,false],"thumbnail":["https:\/\/apuntesdesanluis.com\/wp-content\/uploads\/2024\/06\/VACACIONES-SIERRAS-150x150.png",150,150,true],"medium":["https:\/\/apuntesdesanluis.com\/wp-content\/uploads\/2024\/06\/VACACIONES-SIERRAS-300x176.png",300,176,true],"medium_large":["https:\/\/apuntesdesanluis.com\/wp-content\/uploads\/2024\/06\/VACACIONES-SIERRAS.png",640,375,false],"large":["https:\/\/apuntesdesanluis.com\/wp-content\/uploads\/2024\/06\/VACACIONES-SIERRAS.png",640,375,false],"1536x1536":["https:\/\/apuntesdesanluis.com\/wp-content\/uploads\/2024\/06\/VACACIONES-SIERRAS.png",728,427,false],"2048x2048":["https:\/\/apuntesdesanluis.com\/wp-content\/uploads\/2024\/06\/VACACIONES-SIERRAS.png",728,427,false],"newsever-slider-full":["https:\/\/apuntesdesanluis.com\/wp-content\/uploads\/2024\/06\/VACACIONES-SIERRAS.png",728,427,false],"newsever-featured":["https:\/\/apuntesdesanluis.com\/wp-content\/uploads\/2024\/06\/VACACIONES-SIERRAS.png",728,427,false],"newsever-medium":["https:\/\/apuntesdesanluis.com\/wp-content\/uploads\/2024\/06\/VACACIONES-SIERRAS-720x427.png",720,427,true]},"author_info":{"display_name":"apuntesdesanluis.com","author_link":"https:\/\/apuntesdesanluis.com\/index.php\/author\/apuntesdesanluis-com\/"},"category_info":"<a href=\"https:\/\/apuntesdesanluis.com\/index.php\/category\/nacionales-internacionales\/\" rel=\"category tag\">Nacionales\/Internacionales<\/a>","tag_info":"Nacionales\/Internacionales","comment_count":"0","_links":{"self":[{"href":"https:\/\/apuntesdesanluis.com\/index.php\/wp-json\/wp\/v2\/posts\/17986","targetHints":{"allow":["GET"]}}],"collection":[{"href":"https:\/\/apuntesdesanluis.com\/index.php\/wp-json\/wp\/v2\/posts"}],"about":[{"href":"https:\/\/apuntesdesanluis.com\/index.php\/wp-json\/wp\/v2\/types\/post"}],"author":[{"embeddable":true,"href":"https:\/\/apuntesdesanluis.com\/index.php\/wp-json\/wp\/v2\/users\/1"}],"replies":[{"embeddable":true,"href":"https:\/\/apuntesdesanluis.com\/index.php\/wp-json\/wp\/v2\/comments?post=17986"}],"version-history":[{"count":1,"href":"https:\/\/apuntesdesanluis.com\/index.php\/wp-json\/wp\/v2\/posts\/17986\/revisions"}],"predecessor-version":[{"id":17988,"href":"https:\/\/apuntesdesanluis.com\/index.php\/wp-json\/wp\/v2\/posts\/17986\/revisions\/17988"}],"wp:featuredmedia":[{"embeddable":true,"href":"https:\/\/apuntesdesanluis.com\/index.php\/wp-json\/wp\/v2\/media\/17987"}],"wp:attachment":[{"href":"https:\/\/apuntesdesanluis.com\/index.php\/wp-json\/wp\/v2\/media?parent=17986"}],"wp:term":[{"taxonomy":"category","embeddable":true,"href":"https:\/\/apuntesdesanluis.com\/index.php\/wp-json\/wp\/v2\/categories?post=17986"},{"taxonomy":"post_tag","embeddable":true,"href":"https:\/\/apuntesdesanluis.com\/index.php\/wp-json\/wp\/v2\/tags?post=17986"}],"curies":[{"name":"wp","href":"https:\/\/api.w.org\/{rel}","templated":true}]}}