{"id":17989,"date":"2024-06-17T17:52:17","date_gmt":"2024-06-17T20:52:17","guid":{"rendered":"https:\/\/apuntesdesanluis.com\/?p=17989"},"modified":"2024-06-17T17:52:17","modified_gmt":"2024-06-17T20:52:17","slug":"milei-viajara-a-rosario-para-los-festejos-del-dia-de-la-bandera","status":"publish","type":"post","link":"https:\/\/apuntesdesanluis.com\/index.php\/2024\/06\/17\/milei-viajara-a-rosario-para-los-festejos-del-dia-de-la-bandera\/","title":{"rendered":"MILEI VIAJAR\u00c1 A ROSARIO PARA LOS FESTEJOS DEL D\u00cdA DE LA BANDERA"},"content":{"rendered":"<h3>El presidente<strong> Javier Milei<\/strong> viajar\u00e1 a la ciudad de Rosario para estar presente el pr\u00f3ximo jueves en los festejos por el D\u00eda de la Bandera, seg\u00fan confirm\u00f3 el vocero <strong>Manuel Adorni<\/strong> en una de sus redes sociales<\/h3>\n<h3>&#8220;El pr\u00f3ximo 20 de junio el presidente de la Naci\u00f3n, Javier Milei, viajar\u00e1 a Rosario para conmemorar el d\u00eda de la Bandera&#8221;, fue el escueto mensaje que puso Adorni en su canal de WhatsApp.<\/h3>\n<h3>La invitaci\u00f3n formal para que Milei participe del acto oficial por el D\u00eda de la Bandera en Rosario ya hab\u00eda sido cursada a trav\u00e9s de los canales protocolares, pero el municipio no hab\u00eda recibido a\u00fan la confirmaci\u00f3n de que el mandatario ir\u00eda al acto.<\/h3>\n<h3>Seg\u00fan inform\u00f3 La Capital, el secretario de Gobierno de la Municipalidad, Sebasti\u00e1n Chale dijo: \u201cEso lo debe confirmar Casa Militar y Protocolo de Presidencia de la Naci\u00f3n. Como todos los a\u00f1os fueron invitadas todas las autoridades nacionales\u201d.<\/h3>\n<h3>En tanto, se indic\u00f3 que entidades y asociaciones de Rosario convocaron a Milei,\u00a0 al intendente, Pablo Javkin, y al gobernador, Maximiliano Pullaro a participar en el Monumento del 204\u00ba aniversario del paso a la inmortalidad del general Manuel Belgrano.<\/h3>\n<h3>&#8220;Celebremos al hombre, al pr\u00f3cer y a nuestra bandera nacional, s\u00edmbolo de uni\u00f3n e identidad&#8221;, indicaron en un comunicado desde Valor Rosario, Foro Regional Rosario, Sociedad Rural de Rosario, Asociaci\u00f3n Rosarina de Entidades Deportivas Amateurs (Areda), Fundaci\u00f3n Apertura, Asociaci\u00f3n Pro Rosario y Movimiento Nacional Pyme (Monapy).<\/h3>\n<p>&nbsp;<\/p>\n<p>&nbsp;<\/p>\n<p>&nbsp;<\/p>\n<h3><\/h3>\n<p>&nbsp;<\/p>\n<p>&nbsp;<\/p>\n","protected":false},"excerpt":{"rendered":"<p>El presidente Javier Milei viajar\u00e1 a la ciudad de Rosario para estar presente el pr\u00f3ximo&#8230;<\/p>\n","protected":false},"author":1,"featured_media":12315,"comment_status":"closed","ping_status":"closed","sticky":false,"template":"","format":"standard","meta":{"footnotes":""},"categories":[5],"tags":[],"class_list":["post-17989","post","type-post","status-publish","format-standard","has-post-thumbnail","hentry","category-nacionales-internacionales"],"yoast_head":"<!-- This site is optimized with the Yoast SEO plugin v26.1.1 - https:\/\/yoast.com\/wordpress\/plugins\/seo\/ -->\n<title>MILEI VIAJAR\u00c1 A ROSARIO PARA LOS FESTEJOS DEL D\u00cdA DE LA BANDERA - Apuntes de San Luis<\/title>\n<meta name=\"robots\" content=\"index, follow, max-snippet:-1, max-image-preview:large, max-video-preview:-1\" \/>\n<link rel=\"canonical\" href=\"https:\/\/apuntesdesanluis.com\/index.php\/2024\/06\/17\/milei-viajara-a-rosario-para-los-festejos-del-dia-de-la-bandera\/\" \/>\n<meta property=\"og:locale\" content=\"es_ES\" \/>\n<meta property=\"og:type\" content=\"article\" \/>\n<meta property=\"og:title\" content=\"MILEI VIAJAR\u00c1 A ROSARIO PARA LOS FESTEJOS DEL D\u00cdA DE LA BANDERA - Apuntes de San Luis\" \/>\n<meta property=\"og:description\" content=\"El presidente Javier Milei viajar\u00e1 a la ciudad de Rosario para estar presente el pr\u00f3ximo...\" \/>\n<meta property=\"og:url\" content=\"https:\/\/apuntesdesanluis.com\/index.php\/2024\/06\/17\/milei-viajara-a-rosario-para-los-festejos-del-dia-de-la-bandera\/\" \/>\n<meta property=\"og:site_name\" content=\"Apuntes de San Luis\" \/>\n<meta property=\"article:published_time\" content=\"2024-06-17T20:52:17+00:00\" \/>\n<meta property=\"og:image\" content=\"https:\/\/apuntesdesanluis.com\/wp-content\/uploads\/2024\/02\/milei-4.png\" \/>\n\t<meta property=\"og:image:width\" content=\"600\" \/>\n\t<meta property=\"og:image:height\" content=\"360\" \/>\n\t<meta property=\"og:image:type\" content=\"image\/png\" \/>\n<meta name=\"author\" content=\"apuntesdesanluis.com\" \/>\n<meta name=\"twitter:card\" content=\"summary_large_image\" \/>\n<meta name=\"twitter:label1\" content=\"Escrito por\" \/>\n\t<meta name=\"twitter:data1\" content=\"apuntesdesanluis.com\" \/>\n\t<meta name=\"twitter:label2\" content=\"Tiempo de lectura\" \/>\n\t<meta name=\"twitter:data2\" content=\"2 minutos\" \/>\n<script type=\"application\/ld+json\" class=\"yoast-schema-graph\">{\"@context\":\"https:\/\/schema.org\",\"@graph\":[{\"@type\":\"Article\",\"@id\":\"https:\/\/apuntesdesanluis.com\/index.php\/2024\/06\/17\/milei-viajara-a-rosario-para-los-festejos-del-dia-de-la-bandera\/#article\",\"isPartOf\":{\"@id\":\"https:\/\/apuntesdesanluis.com\/index.php\/2024\/06\/17\/milei-viajara-a-rosario-para-los-festejos-del-dia-de-la-bandera\/\"},\"author\":{\"name\":\"apuntesdesanluis.com\",\"@id\":\"https:\/\/apuntesdesanluis.com\/#\/schema\/person\/b55151d52296fcce64d1a72538a70b90\"},\"headline\":\"MILEI VIAJAR\u00c1 A ROSARIO PARA LOS FESTEJOS DEL D\u00cdA DE LA BANDERA\",\"datePublished\":\"2024-06-17T20:52:17+00:00\",\"mainEntityOfPage\":{\"@id\":\"https:\/\/apuntesdesanluis.com\/index.php\/2024\/06\/17\/milei-viajara-a-rosario-para-los-festejos-del-dia-de-la-bandera\/\"},\"wordCount\":277,\"publisher\":{\"@id\":\"https:\/\/apuntesdesanluis.com\/#\/schema\/person\/b55151d52296fcce64d1a72538a70b90\"},\"image\":{\"@id\":\"https:\/\/apuntesdesanluis.com\/index.php\/2024\/06\/17\/milei-viajara-a-rosario-para-los-festejos-del-dia-de-la-bandera\/#primaryimage\"},\"thumbnailUrl\":\"https:\/\/apuntesdesanluis.com\/wp-content\/uploads\/2024\/02\/milei-4.png\",\"articleSection\":[\"Nacionales\/Internacionales\"],\"inLanguage\":\"es-AR\"},{\"@type\":\"WebPage\",\"@id\":\"https:\/\/apuntesdesanluis.com\/index.php\/2024\/06\/17\/milei-viajara-a-rosario-para-los-festejos-del-dia-de-la-bandera\/\",\"url\":\"https:\/\/apuntesdesanluis.com\/index.php\/2024\/06\/17\/milei-viajara-a-rosario-para-los-festejos-del-dia-de-la-bandera\/\",\"name\":\"MILEI VIAJAR\u00c1 A ROSARIO PARA LOS FESTEJOS DEL D\u00cdA DE LA BANDERA - Apuntes de San Luis\",\"isPartOf\":{\"@id\":\"https:\/\/apuntesdesanluis.com\/#website\"},\"primaryImageOfPage\":{\"@id\":\"https:\/\/apuntesdesanluis.com\/index.php\/2024\/06\/17\/milei-viajara-a-rosario-para-los-festejos-del-dia-de-la-bandera\/#primaryimage\"},\"image\":{\"@id\":\"https:\/\/apuntesdesanluis.com\/index.php\/2024\/06\/17\/milei-viajara-a-rosario-para-los-festejos-del-dia-de-la-bandera\/#primaryimage\"},\"thumbnailUrl\":\"https:\/\/apuntesdesanluis.com\/wp-content\/uploads\/2024\/02\/milei-4.png\",\"datePublished\":\"2024-06-17T20:52:17+00:00\",\"breadcrumb\":{\"@id\":\"https:\/\/apuntesdesanluis.com\/index.php\/2024\/06\/17\/milei-viajara-a-rosario-para-los-festejos-del-dia-de-la-bandera\/#breadcrumb\"},\"inLanguage\":\"es-AR\",\"potentialAction\":[{\"@type\":\"ReadAction\",\"target\":[\"https:\/\/apuntesdesanluis.com\/index.php\/2024\/06\/17\/milei-viajara-a-rosario-para-los-festejos-del-dia-de-la-bandera\/\"]}]},{\"@type\":\"ImageObject\",\"inLanguage\":\"es-AR\",\"@id\":\"https:\/\/apuntesdesanluis.com\/index.php\/2024\/06\/17\/milei-viajara-a-rosario-para-los-festejos-del-dia-de-la-bandera\/#primaryimage\",\"url\":\"https:\/\/apuntesdesanluis.com\/wp-content\/uploads\/2024\/02\/milei-4.png\",\"contentUrl\":\"https:\/\/apuntesdesanluis.com\/wp-content\/uploads\/2024\/02\/milei-4.png\",\"width\":600,\"height\":360},{\"@type\":\"BreadcrumbList\",\"@id\":\"https:\/\/apuntesdesanluis.com\/index.php\/2024\/06\/17\/milei-viajara-a-rosario-para-los-festejos-del-dia-de-la-bandera\/#breadcrumb\",\"itemListElement\":[{\"@type\":\"ListItem\",\"position\":1,\"name\":\"Inicio\",\"item\":\"https:\/\/apuntesdesanluis.com\/\"},{\"@type\":\"ListItem\",\"position\":2,\"name\":\"MILEI VIAJAR\u00c1 A ROSARIO PARA LOS FESTEJOS DEL D\u00cdA DE LA BANDERA\"}]},{\"@type\":\"WebSite\",\"@id\":\"https:\/\/apuntesdesanluis.com\/#website\",\"url\":\"https:\/\/apuntesdesanluis.com\/\",\"name\":\"Apuntes de San Luis\",\"description\":\"\",\"publisher\":{\"@id\":\"https:\/\/apuntesdesanluis.com\/#\/schema\/person\/b55151d52296fcce64d1a72538a70b90\"},\"potentialAction\":[{\"@type\":\"SearchAction\",\"target\":{\"@type\":\"EntryPoint\",\"urlTemplate\":\"https:\/\/apuntesdesanluis.com\/?s={search_term_string}\"},\"query-input\":{\"@type\":\"PropertyValueSpecification\",\"valueRequired\":true,\"valueName\":\"search_term_string\"}}],\"inLanguage\":\"es-AR\"},{\"@type\":[\"Person\",\"Organization\"],\"@id\":\"https:\/\/apuntesdesanluis.com\/#\/schema\/person\/b55151d52296fcce64d1a72538a70b90\",\"name\":\"apuntesdesanluis.com\",\"image\":{\"@type\":\"ImageObject\",\"inLanguage\":\"es-AR\",\"@id\":\"https:\/\/apuntesdesanluis.com\/#\/schema\/person\/image\/\",\"url\":\"https:\/\/apuntesdesanluis.com\/wp-content\/uploads\/2023\/07\/cropped-apuntesdesanluis.png\",\"contentUrl\":\"https:\/\/apuntesdesanluis.com\/wp-content\/uploads\/2023\/07\/cropped-apuntesdesanluis.png\",\"width\":450,\"height\":112,\"caption\":\"apuntesdesanluis.com\"},\"logo\":{\"@id\":\"https:\/\/apuntesdesanluis.com\/#\/schema\/person\/image\/\"},\"sameAs\":[\"https:\/\/apuntesdesanluis.com\"],\"url\":\"https:\/\/apuntesdesanluis.com\/index.php\/author\/apuntesdesanluis-com\/\"}]}<\/script>\n<!-- \/ Yoast SEO plugin. -->","yoast_head_json":{"title":"MILEI VIAJAR\u00c1 A ROSARIO PARA LOS FESTEJOS DEL D\u00cdA DE LA BANDERA - Apuntes de San Luis","robots":{"index":"index","follow":"follow","max-snippet":"max-snippet:-1","max-image-preview":"max-image-preview:large","max-video-preview":"max-video-preview:-1"},"canonical":"https:\/\/apuntesdesanluis.com\/index.php\/2024\/06\/17\/milei-viajara-a-rosario-para-los-festejos-del-dia-de-la-bandera\/","og_locale":"es_ES","og_type":"article","og_title":"MILEI VIAJAR\u00c1 A ROSARIO PARA LOS FESTEJOS DEL D\u00cdA DE LA BANDERA - Apuntes de San Luis","og_description":"El presidente Javier Milei viajar\u00e1 a la ciudad de Rosario para estar presente el pr\u00f3ximo...","og_url":"https:\/\/apuntesdesanluis.com\/index.php\/2024\/06\/17\/milei-viajara-a-rosario-para-los-festejos-del-dia-de-la-bandera\/","og_site_name":"Apuntes de San Luis","article_published_time":"2024-06-17T20:52:17+00:00","og_image":[{"width":600,"height":360,"url":"https:\/\/apuntesdesanluis.com\/wp-content\/uploads\/2024\/02\/milei-4.png","type":"image\/png"}],"author":"apuntesdesanluis.com","twitter_card":"summary_large_image","twitter_misc":{"Escrito por":"apuntesdesanluis.com","Tiempo de lectura":"2 minutos"},"schema":{"@context":"https:\/\/schema.org","@graph":[{"@type":"Article","@id":"https:\/\/apuntesdesanluis.com\/index.php\/2024\/06\/17\/milei-viajara-a-rosario-para-los-festejos-del-dia-de-la-bandera\/#article","isPartOf":{"@id":"https:\/\/apuntesdesanluis.com\/index.php\/2024\/06\/17\/milei-viajara-a-rosario-para-los-festejos-del-dia-de-la-bandera\/"},"author":{"name":"apuntesdesanluis.com","@id":"https:\/\/apuntesdesanluis.com\/#\/schema\/person\/b55151d52296fcce64d1a72538a70b90"},"headline":"MILEI VIAJAR\u00c1 A ROSARIO PARA LOS FESTEJOS DEL D\u00cdA DE LA BANDERA","datePublished":"2024-06-17T20:52:17+00:00","mainEntityOfPage":{"@id":"https:\/\/apuntesdesanluis.com\/index.php\/2024\/06\/17\/milei-viajara-a-rosario-para-los-festejos-del-dia-de-la-bandera\/"},"wordCount":277,"publisher":{"@id":"https:\/\/apuntesdesanluis.com\/#\/schema\/person\/b55151d52296fcce64d1a72538a70b90"},"image":{"@id":"https:\/\/apuntesdesanluis.com\/index.php\/2024\/06\/17\/milei-viajara-a-rosario-para-los-festejos-del-dia-de-la-bandera\/#primaryimage"},"thumbnailUrl":"https:\/\/apuntesdesanluis.com\/wp-content\/uploads\/2024\/02\/milei-4.png","articleSection":["Nacionales\/Internacionales"],"inLanguage":"es-AR"},{"@type":"WebPage","@id":"https:\/\/apuntesdesanluis.com\/index.php\/2024\/06\/17\/milei-viajara-a-rosario-para-los-festejos-del-dia-de-la-bandera\/","url":"https:\/\/apuntesdesanluis.com\/index.php\/2024\/06\/17\/milei-viajara-a-rosario-para-los-festejos-del-dia-de-la-bandera\/","name":"MILEI VIAJAR\u00c1 A ROSARIO PARA LOS FESTEJOS DEL D\u00cdA DE LA BANDERA - Apuntes de San Luis","isPartOf":{"@id":"https:\/\/apuntesdesanluis.com\/#website"},"primaryImageOfPage":{"@id":"https:\/\/apuntesdesanluis.com\/index.php\/2024\/06\/17\/milei-viajara-a-rosario-para-los-festejos-del-dia-de-la-bandera\/#primaryimage"},"image":{"@id":"https:\/\/apuntesdesanluis.com\/index.php\/2024\/06\/17\/milei-viajara-a-rosario-para-los-festejos-del-dia-de-la-bandera\/#primaryimage"},"thumbnailUrl":"https:\/\/apuntesdesanluis.com\/wp-content\/uploads\/2024\/02\/milei-4.png","datePublished":"2024-06-17T20:52:17+00:00","breadcrumb":{"@id":"https:\/\/apuntesdesanluis.com\/index.php\/2024\/06\/17\/milei-viajara-a-rosario-para-los-festejos-del-dia-de-la-bandera\/#breadcrumb"},"inLanguage":"es-AR","potentialAction":[{"@type":"ReadAction","target":["https:\/\/apuntesdesanluis.com\/index.php\/2024\/06\/17\/milei-viajara-a-rosario-para-los-festejos-del-dia-de-la-bandera\/"]}]},{"@type":"ImageObject","inLanguage":"es-AR","@id":"https:\/\/apuntesdesanluis.com\/index.php\/2024\/06\/17\/milei-viajara-a-rosario-para-los-festejos-del-dia-de-la-bandera\/#primaryimage","url":"https:\/\/apuntesdesanluis.com\/wp-content\/uploads\/2024\/02\/milei-4.png","contentUrl":"https:\/\/apuntesdesanluis.com\/wp-content\/uploads\/2024\/02\/milei-4.png","width":600,"height":360},{"@type":"BreadcrumbList","@id":"https:\/\/apuntesdesanluis.com\/index.php\/2024\/06\/17\/milei-viajara-a-rosario-para-los-festejos-del-dia-de-la-bandera\/#breadcrumb","itemListElement":[{"@type":"ListItem","position":1,"name":"Inicio","item":"https:\/\/apuntesdesanluis.com\/"},{"@type":"ListItem","position":2,"name":"MILEI VIAJAR\u00c1 A ROSARIO PARA LOS FESTEJOS DEL D\u00cdA DE LA BANDERA"}]},{"@type":"WebSite","@id":"https:\/\/apuntesdesanluis.com\/#website","url":"https:\/\/apuntesdesanluis.com\/","name":"Apuntes de San Luis","description":"","publisher":{"@id":"https:\/\/apuntesdesanluis.com\/#\/schema\/person\/b55151d52296fcce64d1a72538a70b90"},"potentialAction":[{"@type":"SearchAction","target":{"@type":"EntryPoint","urlTemplate":"https:\/\/apuntesdesanluis.com\/?s={search_term_string}"},"query-input":{"@type":"PropertyValueSpecification","valueRequired":true,"valueName":"search_term_string"}}],"inLanguage":"es-AR"},{"@type":["Person","Organization"],"@id":"https:\/\/apuntesdesanluis.com\/#\/schema\/person\/b55151d52296fcce64d1a72538a70b90","name":"apuntesdesanluis.com","image":{"@type":"ImageObject","inLanguage":"es-AR","@id":"https:\/\/apuntesdesanluis.com\/#\/schema\/person\/image\/","url":"https:\/\/apuntesdesanluis.com\/wp-content\/uploads\/2023\/07\/cropped-apuntesdesanluis.png","contentUrl":"https:\/\/apuntesdesanluis.com\/wp-content\/uploads\/2023\/07\/cropped-apuntesdesanluis.png","width":450,"height":112,"caption":"apuntesdesanluis.com"},"logo":{"@id":"https:\/\/apuntesdesanluis.com\/#\/schema\/person\/image\/"},"sameAs":["https:\/\/apuntesdesanluis.com"],"url":"https:\/\/apuntesdesanluis.com\/index.php\/author\/apuntesdesanluis-com\/"}]}},"featured_image_urls":{"full":["https:\/\/apuntesdesanluis.com\/wp-content\/uploads\/2024\/02\/milei-4.png",600,360,false],"thumbnail":["https:\/\/apuntesdesanluis.com\/wp-content\/uploads\/2024\/02\/milei-4-150x150.png",150,150,true],"medium":["https:\/\/apuntesdesanluis.com\/wp-content\/uploads\/2024\/02\/milei-4-300x180.png",300,180,true],"medium_large":["https:\/\/apuntesdesanluis.com\/wp-content\/uploads\/2024\/02\/milei-4.png",600,360,false],"large":["https:\/\/apuntesdesanluis.com\/wp-content\/uploads\/2024\/02\/milei-4.png",600,360,false],"1536x1536":["https:\/\/apuntesdesanluis.com\/wp-content\/uploads\/2024\/02\/milei-4.png",600,360,false],"2048x2048":["https:\/\/apuntesdesanluis.com\/wp-content\/uploads\/2024\/02\/milei-4.png",600,360,false],"newsever-slider-full":["https:\/\/apuntesdesanluis.com\/wp-content\/uploads\/2024\/02\/milei-4.png",600,360,false],"newsever-featured":["https:\/\/apuntesdesanluis.com\/wp-content\/uploads\/2024\/02\/milei-4.png",600,360,false],"newsever-medium":["https:\/\/apuntesdesanluis.com\/wp-content\/uploads\/2024\/02\/milei-4.png",600,360,false]},"author_info":{"display_name":"apuntesdesanluis.com","author_link":"https:\/\/apuntesdesanluis.com\/index.php\/author\/apuntesdesanluis-com\/"},"category_info":"<a href=\"https:\/\/apuntesdesanluis.com\/index.php\/category\/nacionales-internacionales\/\" rel=\"category tag\">Nacionales\/Internacionales<\/a>","tag_info":"Nacionales\/Internacionales","comment_count":"0","_links":{"self":[{"href":"https:\/\/apuntesdesanluis.com\/index.php\/wp-json\/wp\/v2\/posts\/17989","targetHints":{"allow":["GET"]}}],"collection":[{"href":"https:\/\/apuntesdesanluis.com\/index.php\/wp-json\/wp\/v2\/posts"}],"about":[{"href":"https:\/\/apuntesdesanluis.com\/index.php\/wp-json\/wp\/v2\/types\/post"}],"author":[{"embeddable":true,"href":"https:\/\/apuntesdesanluis.com\/index.php\/wp-json\/wp\/v2\/users\/1"}],"replies":[{"embeddable":true,"href":"https:\/\/apuntesdesanluis.com\/index.php\/wp-json\/wp\/v2\/comments?post=17989"}],"version-history":[{"count":1,"href":"https:\/\/apuntesdesanluis.com\/index.php\/wp-json\/wp\/v2\/posts\/17989\/revisions"}],"predecessor-version":[{"id":17990,"href":"https:\/\/apuntesdesanluis.com\/index.php\/wp-json\/wp\/v2\/posts\/17989\/revisions\/17990"}],"wp:featuredmedia":[{"embeddable":true,"href":"https:\/\/apuntesdesanluis.com\/index.php\/wp-json\/wp\/v2\/media\/12315"}],"wp:attachment":[{"href":"https:\/\/apuntesdesanluis.com\/index.php\/wp-json\/wp\/v2\/media?parent=17989"}],"wp:term":[{"taxonomy":"category","embeddable":true,"href":"https:\/\/apuntesdesanluis.com\/index.php\/wp-json\/wp\/v2\/categories?post=17989"},{"taxonomy":"post_tag","embeddable":true,"href":"https:\/\/apuntesdesanluis.com\/index.php\/wp-json\/wp\/v2\/tags?post=17989"}],"curies":[{"name":"wp","href":"https:\/\/api.w.org\/{rel}","templated":true}]}}