{"id":17994,"date":"2024-06-17T18:45:45","date_gmt":"2024-06-17T21:45:45","guid":{"rendered":"https:\/\/apuntesdesanluis.com\/?p=17994"},"modified":"2024-06-17T18:46:15","modified_gmt":"2024-06-17T21:46:15","slug":"tenemos-que-adaptarnos-a-los-nuevos-desafios-y-aceptar-lo-que-tenemos-y-lo-que-nos-pasa","status":"publish","type":"post","link":"https:\/\/apuntesdesanluis.com\/index.php\/2024\/06\/17\/tenemos-que-adaptarnos-a-los-nuevos-desafios-y-aceptar-lo-que-tenemos-y-lo-que-nos-pasa\/","title":{"rendered":"\u201cTENEMOS QUE ADAPTARNOS A LOS NUEVOS DESAF\u00cdOS Y ACEPTAR LO QUE TENEMOS Y LO QUE NOS PASA\u201d"},"content":{"rendered":"<h3>El Secretario General del Sindicato de Trabajadores de Obras Sanitarias, <strong>Jos\u00e9 Ucelay<\/strong>, analiza la situaci\u00f3n socioecon\u00f3mica actual con preocupaci\u00f3n, ratifica la defensa del Convenio Colectivo, aunque no niega que \u201ces necesario en algunos casos actualizarlo\u201d.<\/h3>\n<h3>Tampoco se opone a que pueda discutirse una \u201creforma laboral ajustada por ejemplo para las PyMES que tienen pocos empleados\u201d, pero discrepa con la visi\u00f3n del gobierno nacional en torno \u201cdel poder exorbitante que dicen manejar los gremios\u201d.<\/h3>\n<h3>Cuestiona en ese sentido que \u201cdentro de la grieta social \u00a0el gobierno ha instalado que el empleado p\u00fablico es el c\u00e1ncer de la Argentina y que los diputados y senadores son el mal de la democracia\u201d. Anteriormente, la dicotom\u00eda entre \u201cpopulismo y capitalismo. Esto se ha ido acumulando y ha generado un rechazo a todo\u201d, sostuvo.<\/h3>\n<p><img fetchpriority=\"high\" decoding=\"async\" class=\"wp-image-15754 aligncenter\" src=\"https:\/\/apuntesdesanluis.com\/wp-content\/uploads\/2024\/05\/dejame-un-titulo-1-300x193.png\" alt=\"\" width=\"682\" height=\"439\" srcset=\"https:\/\/apuntesdesanluis.com\/wp-content\/uploads\/2024\/05\/dejame-un-titulo-1-300x193.png 300w, https:\/\/apuntesdesanluis.com\/wp-content\/uploads\/2024\/05\/dejame-un-titulo-1.png 673w\" sizes=\"(max-width: 682px) 100vw, 682px\" \/><\/p>\n<h3>En otra parte de la entrevista con<span style=\"color: #3366ff;\"><strong> \u201cDejame un T\u00edtulo\u201d<\/strong><\/span>, se refiri\u00f3 a la relaci\u00f3n con la gesti\u00f3n municipal, que al principio se caracteriz\u00f3 por un fuerte enfrentamiento. Considera que \u201calgunos funcionarios se equivocaron, porque creyeron que el sindicato manejaba la empresa\u201d, pero afirma que en la actualidad \u201clas aguas est\u00e1n tranquilas\u201d y mantiene una buena relaci\u00f3n con el intendente Maximiliano Frontera.<\/h3>\n<h3>Ucelay tambi\u00e9n se refiri\u00f3 al costado social de la actividad gremial, indicando que \u201cel sindicato es un sentido de pertenencia y una identidad\u201d, para los trabajadores, explicando los diferentes servicios y beneficios que se brinda a los afiliados.<\/h3>\n<h3>A la hora de dejar un t\u00edtulo, reflexiona: \u201cTenemos que adaptarnos a los nuevos desaf\u00edo, sin tener miedo, y aceptar lo que tenemos y lo que nos pasa\u201d.<\/h3>\n<p>&nbsp;<\/p>\n<p><iframe title=\"JOS\u00c9 UCELAY. Sec. Gral Sindicato Trabajadores de OSM.\" width=\"640\" height=\"360\" src=\"https:\/\/www.youtube.com\/embed\/HXJEmN-5byw?feature=oembed\" frameborder=\"0\" allow=\"accelerometer; autoplay; clipboard-write; encrypted-media; gyroscope; picture-in-picture; web-share\" referrerpolicy=\"strict-origin-when-cross-origin\" allowfullscreen><\/iframe><\/p>\n<p>&nbsp;<\/p>\n<p>&nbsp;<\/p>\n<p>&nbsp;<\/p>\n<h3><\/h3>\n","protected":false},"excerpt":{"rendered":"<p>El Secretario General del Sindicato de Trabajadores de Obras Sanitarias, Jos\u00e9 Ucelay, analiza la situaci\u00f3n&#8230;<\/p>\n","protected":false},"author":1,"featured_media":17995,"comment_status":"closed","ping_status":"closed","sticky":false,"template":"","format":"standard","meta":{"footnotes":""},"categories":[9],"tags":[],"class_list":["post-17994","post","type-post","status-publish","format-standard","has-post-thumbnail","hentry","category-opinion"],"yoast_head":"<!-- This site is optimized with the Yoast SEO plugin v26.1.1 - https:\/\/yoast.com\/wordpress\/plugins\/seo\/ -->\n<title>\u201cTENEMOS QUE ADAPTARNOS A LOS NUEVOS DESAF\u00cdOS Y ACEPTAR LO QUE TENEMOS Y LO QUE NOS PASA\u201d - Apuntes de San Luis<\/title>\n<meta name=\"robots\" content=\"index, follow, max-snippet:-1, max-image-preview:large, max-video-preview:-1\" \/>\n<link rel=\"canonical\" href=\"https:\/\/apuntesdesanluis.com\/index.php\/2024\/06\/17\/tenemos-que-adaptarnos-a-los-nuevos-desafios-y-aceptar-lo-que-tenemos-y-lo-que-nos-pasa\/\" \/>\n<meta property=\"og:locale\" content=\"es_ES\" \/>\n<meta property=\"og:type\" content=\"article\" \/>\n<meta property=\"og:title\" content=\"\u201cTENEMOS QUE ADAPTARNOS A LOS NUEVOS DESAF\u00cdOS Y ACEPTAR LO QUE TENEMOS Y LO QUE NOS PASA\u201d - Apuntes de San Luis\" \/>\n<meta property=\"og:description\" content=\"El Secretario General del Sindicato de Trabajadores de Obras Sanitarias, Jos\u00e9 Ucelay, analiza la situaci\u00f3n...\" \/>\n<meta property=\"og:url\" content=\"https:\/\/apuntesdesanluis.com\/index.php\/2024\/06\/17\/tenemos-que-adaptarnos-a-los-nuevos-desafios-y-aceptar-lo-que-tenemos-y-lo-que-nos-pasa\/\" \/>\n<meta property=\"og:site_name\" content=\"Apuntes de San Luis\" \/>\n<meta property=\"article:published_time\" content=\"2024-06-17T21:45:45+00:00\" \/>\n<meta property=\"article:modified_time\" content=\"2024-06-17T21:46:15+00:00\" \/>\n<meta property=\"og:image\" content=\"https:\/\/apuntesdesanluis.com\/wp-content\/uploads\/2024\/06\/jose-ucelay.png\" \/>\n\t<meta property=\"og:image:width\" content=\"870\" \/>\n\t<meta property=\"og:image:height\" content=\"490\" \/>\n\t<meta property=\"og:image:type\" content=\"image\/png\" \/>\n<meta name=\"author\" content=\"apuntesdesanluis.com\" \/>\n<meta name=\"twitter:card\" content=\"summary_large_image\" \/>\n<meta name=\"twitter:label1\" content=\"Escrito por\" \/>\n\t<meta name=\"twitter:data1\" content=\"apuntesdesanluis.com\" \/>\n\t<meta name=\"twitter:label2\" content=\"Tiempo de lectura\" \/>\n\t<meta name=\"twitter:data2\" content=\"2 minutos\" \/>\n<script type=\"application\/ld+json\" class=\"yoast-schema-graph\">{\"@context\":\"https:\/\/schema.org\",\"@graph\":[{\"@type\":\"Article\",\"@id\":\"https:\/\/apuntesdesanluis.com\/index.php\/2024\/06\/17\/tenemos-que-adaptarnos-a-los-nuevos-desafios-y-aceptar-lo-que-tenemos-y-lo-que-nos-pasa\/#article\",\"isPartOf\":{\"@id\":\"https:\/\/apuntesdesanluis.com\/index.php\/2024\/06\/17\/tenemos-que-adaptarnos-a-los-nuevos-desafios-y-aceptar-lo-que-tenemos-y-lo-que-nos-pasa\/\"},\"author\":{\"name\":\"apuntesdesanluis.com\",\"@id\":\"https:\/\/apuntesdesanluis.com\/#\/schema\/person\/b55151d52296fcce64d1a72538a70b90\"},\"headline\":\"\u201cTENEMOS QUE ADAPTARNOS A LOS NUEVOS DESAF\u00cdOS Y ACEPTAR LO QUE TENEMOS Y LO QUE NOS PASA\u201d\",\"datePublished\":\"2024-06-17T21:45:45+00:00\",\"dateModified\":\"2024-06-17T21:46:15+00:00\",\"mainEntityOfPage\":{\"@id\":\"https:\/\/apuntesdesanluis.com\/index.php\/2024\/06\/17\/tenemos-que-adaptarnos-a-los-nuevos-desafios-y-aceptar-lo-que-tenemos-y-lo-que-nos-pasa\/\"},\"wordCount\":304,\"publisher\":{\"@id\":\"https:\/\/apuntesdesanluis.com\/#\/schema\/person\/b55151d52296fcce64d1a72538a70b90\"},\"image\":{\"@id\":\"https:\/\/apuntesdesanluis.com\/index.php\/2024\/06\/17\/tenemos-que-adaptarnos-a-los-nuevos-desafios-y-aceptar-lo-que-tenemos-y-lo-que-nos-pasa\/#primaryimage\"},\"thumbnailUrl\":\"https:\/\/apuntesdesanluis.com\/wp-content\/uploads\/2024\/06\/jose-ucelay.png\",\"articleSection\":[\"Opini\u00f3n\"],\"inLanguage\":\"es-AR\"},{\"@type\":\"WebPage\",\"@id\":\"https:\/\/apuntesdesanluis.com\/index.php\/2024\/06\/17\/tenemos-que-adaptarnos-a-los-nuevos-desafios-y-aceptar-lo-que-tenemos-y-lo-que-nos-pasa\/\",\"url\":\"https:\/\/apuntesdesanluis.com\/index.php\/2024\/06\/17\/tenemos-que-adaptarnos-a-los-nuevos-desafios-y-aceptar-lo-que-tenemos-y-lo-que-nos-pasa\/\",\"name\":\"\u201cTENEMOS QUE ADAPTARNOS A LOS NUEVOS DESAF\u00cdOS Y ACEPTAR LO QUE TENEMOS Y LO QUE NOS PASA\u201d - Apuntes de San Luis\",\"isPartOf\":{\"@id\":\"https:\/\/apuntesdesanluis.com\/#website\"},\"primaryImageOfPage\":{\"@id\":\"https:\/\/apuntesdesanluis.com\/index.php\/2024\/06\/17\/tenemos-que-adaptarnos-a-los-nuevos-desafios-y-aceptar-lo-que-tenemos-y-lo-que-nos-pasa\/#primaryimage\"},\"image\":{\"@id\":\"https:\/\/apuntesdesanluis.com\/index.php\/2024\/06\/17\/tenemos-que-adaptarnos-a-los-nuevos-desafios-y-aceptar-lo-que-tenemos-y-lo-que-nos-pasa\/#primaryimage\"},\"thumbnailUrl\":\"https:\/\/apuntesdesanluis.com\/wp-content\/uploads\/2024\/06\/jose-ucelay.png\",\"datePublished\":\"2024-06-17T21:45:45+00:00\",\"dateModified\":\"2024-06-17T21:46:15+00:00\",\"breadcrumb\":{\"@id\":\"https:\/\/apuntesdesanluis.com\/index.php\/2024\/06\/17\/tenemos-que-adaptarnos-a-los-nuevos-desafios-y-aceptar-lo-que-tenemos-y-lo-que-nos-pasa\/#breadcrumb\"},\"inLanguage\":\"es-AR\",\"potentialAction\":[{\"@type\":\"ReadAction\",\"target\":[\"https:\/\/apuntesdesanluis.com\/index.php\/2024\/06\/17\/tenemos-que-adaptarnos-a-los-nuevos-desafios-y-aceptar-lo-que-tenemos-y-lo-que-nos-pasa\/\"]}]},{\"@type\":\"ImageObject\",\"inLanguage\":\"es-AR\",\"@id\":\"https:\/\/apuntesdesanluis.com\/index.php\/2024\/06\/17\/tenemos-que-adaptarnos-a-los-nuevos-desafios-y-aceptar-lo-que-tenemos-y-lo-que-nos-pasa\/#primaryimage\",\"url\":\"https:\/\/apuntesdesanluis.com\/wp-content\/uploads\/2024\/06\/jose-ucelay.png\",\"contentUrl\":\"https:\/\/apuntesdesanluis.com\/wp-content\/uploads\/2024\/06\/jose-ucelay.png\",\"width\":870,\"height\":490},{\"@type\":\"BreadcrumbList\",\"@id\":\"https:\/\/apuntesdesanluis.com\/index.php\/2024\/06\/17\/tenemos-que-adaptarnos-a-los-nuevos-desafios-y-aceptar-lo-que-tenemos-y-lo-que-nos-pasa\/#breadcrumb\",\"itemListElement\":[{\"@type\":\"ListItem\",\"position\":1,\"name\":\"Inicio\",\"item\":\"https:\/\/apuntesdesanluis.com\/\"},{\"@type\":\"ListItem\",\"position\":2,\"name\":\"\u201cTENEMOS QUE ADAPTARNOS A LOS NUEVOS DESAF\u00cdOS Y ACEPTAR LO QUE TENEMOS Y LO QUE NOS PASA\u201d\"}]},{\"@type\":\"WebSite\",\"@id\":\"https:\/\/apuntesdesanluis.com\/#website\",\"url\":\"https:\/\/apuntesdesanluis.com\/\",\"name\":\"Apuntes de San Luis\",\"description\":\"\",\"publisher\":{\"@id\":\"https:\/\/apuntesdesanluis.com\/#\/schema\/person\/b55151d52296fcce64d1a72538a70b90\"},\"potentialAction\":[{\"@type\":\"SearchAction\",\"target\":{\"@type\":\"EntryPoint\",\"urlTemplate\":\"https:\/\/apuntesdesanluis.com\/?s={search_term_string}\"},\"query-input\":{\"@type\":\"PropertyValueSpecification\",\"valueRequired\":true,\"valueName\":\"search_term_string\"}}],\"inLanguage\":\"es-AR\"},{\"@type\":[\"Person\",\"Organization\"],\"@id\":\"https:\/\/apuntesdesanluis.com\/#\/schema\/person\/b55151d52296fcce64d1a72538a70b90\",\"name\":\"apuntesdesanluis.com\",\"image\":{\"@type\":\"ImageObject\",\"inLanguage\":\"es-AR\",\"@id\":\"https:\/\/apuntesdesanluis.com\/#\/schema\/person\/image\/\",\"url\":\"https:\/\/apuntesdesanluis.com\/wp-content\/uploads\/2023\/07\/cropped-apuntesdesanluis.png\",\"contentUrl\":\"https:\/\/apuntesdesanluis.com\/wp-content\/uploads\/2023\/07\/cropped-apuntesdesanluis.png\",\"width\":450,\"height\":112,\"caption\":\"apuntesdesanluis.com\"},\"logo\":{\"@id\":\"https:\/\/apuntesdesanluis.com\/#\/schema\/person\/image\/\"},\"sameAs\":[\"https:\/\/apuntesdesanluis.com\"],\"url\":\"https:\/\/apuntesdesanluis.com\/index.php\/author\/apuntesdesanluis-com\/\"}]}<\/script>\n<!-- \/ Yoast SEO plugin. -->","yoast_head_json":{"title":"\u201cTENEMOS QUE ADAPTARNOS A LOS NUEVOS DESAF\u00cdOS Y ACEPTAR LO QUE TENEMOS Y LO QUE NOS PASA\u201d - Apuntes de San Luis","robots":{"index":"index","follow":"follow","max-snippet":"max-snippet:-1","max-image-preview":"max-image-preview:large","max-video-preview":"max-video-preview:-1"},"canonical":"https:\/\/apuntesdesanluis.com\/index.php\/2024\/06\/17\/tenemos-que-adaptarnos-a-los-nuevos-desafios-y-aceptar-lo-que-tenemos-y-lo-que-nos-pasa\/","og_locale":"es_ES","og_type":"article","og_title":"\u201cTENEMOS QUE ADAPTARNOS A LOS NUEVOS DESAF\u00cdOS Y ACEPTAR LO QUE TENEMOS Y LO QUE NOS PASA\u201d - Apuntes de San Luis","og_description":"El Secretario General del Sindicato de Trabajadores de Obras Sanitarias, Jos\u00e9 Ucelay, analiza la situaci\u00f3n...","og_url":"https:\/\/apuntesdesanluis.com\/index.php\/2024\/06\/17\/tenemos-que-adaptarnos-a-los-nuevos-desafios-y-aceptar-lo-que-tenemos-y-lo-que-nos-pasa\/","og_site_name":"Apuntes de San Luis","article_published_time":"2024-06-17T21:45:45+00:00","article_modified_time":"2024-06-17T21:46:15+00:00","og_image":[{"width":870,"height":490,"url":"https:\/\/apuntesdesanluis.com\/wp-content\/uploads\/2024\/06\/jose-ucelay.png","type":"image\/png"}],"author":"apuntesdesanluis.com","twitter_card":"summary_large_image","twitter_misc":{"Escrito por":"apuntesdesanluis.com","Tiempo de lectura":"2 minutos"},"schema":{"@context":"https:\/\/schema.org","@graph":[{"@type":"Article","@id":"https:\/\/apuntesdesanluis.com\/index.php\/2024\/06\/17\/tenemos-que-adaptarnos-a-los-nuevos-desafios-y-aceptar-lo-que-tenemos-y-lo-que-nos-pasa\/#article","isPartOf":{"@id":"https:\/\/apuntesdesanluis.com\/index.php\/2024\/06\/17\/tenemos-que-adaptarnos-a-los-nuevos-desafios-y-aceptar-lo-que-tenemos-y-lo-que-nos-pasa\/"},"author":{"name":"apuntesdesanluis.com","@id":"https:\/\/apuntesdesanluis.com\/#\/schema\/person\/b55151d52296fcce64d1a72538a70b90"},"headline":"\u201cTENEMOS QUE ADAPTARNOS A LOS NUEVOS DESAF\u00cdOS Y ACEPTAR LO QUE TENEMOS Y LO QUE NOS PASA\u201d","datePublished":"2024-06-17T21:45:45+00:00","dateModified":"2024-06-17T21:46:15+00:00","mainEntityOfPage":{"@id":"https:\/\/apuntesdesanluis.com\/index.php\/2024\/06\/17\/tenemos-que-adaptarnos-a-los-nuevos-desafios-y-aceptar-lo-que-tenemos-y-lo-que-nos-pasa\/"},"wordCount":304,"publisher":{"@id":"https:\/\/apuntesdesanluis.com\/#\/schema\/person\/b55151d52296fcce64d1a72538a70b90"},"image":{"@id":"https:\/\/apuntesdesanluis.com\/index.php\/2024\/06\/17\/tenemos-que-adaptarnos-a-los-nuevos-desafios-y-aceptar-lo-que-tenemos-y-lo-que-nos-pasa\/#primaryimage"},"thumbnailUrl":"https:\/\/apuntesdesanluis.com\/wp-content\/uploads\/2024\/06\/jose-ucelay.png","articleSection":["Opini\u00f3n"],"inLanguage":"es-AR"},{"@type":"WebPage","@id":"https:\/\/apuntesdesanluis.com\/index.php\/2024\/06\/17\/tenemos-que-adaptarnos-a-los-nuevos-desafios-y-aceptar-lo-que-tenemos-y-lo-que-nos-pasa\/","url":"https:\/\/apuntesdesanluis.com\/index.php\/2024\/06\/17\/tenemos-que-adaptarnos-a-los-nuevos-desafios-y-aceptar-lo-que-tenemos-y-lo-que-nos-pasa\/","name":"\u201cTENEMOS QUE ADAPTARNOS A LOS NUEVOS DESAF\u00cdOS Y ACEPTAR LO QUE TENEMOS Y LO QUE NOS PASA\u201d - Apuntes de San Luis","isPartOf":{"@id":"https:\/\/apuntesdesanluis.com\/#website"},"primaryImageOfPage":{"@id":"https:\/\/apuntesdesanluis.com\/index.php\/2024\/06\/17\/tenemos-que-adaptarnos-a-los-nuevos-desafios-y-aceptar-lo-que-tenemos-y-lo-que-nos-pasa\/#primaryimage"},"image":{"@id":"https:\/\/apuntesdesanluis.com\/index.php\/2024\/06\/17\/tenemos-que-adaptarnos-a-los-nuevos-desafios-y-aceptar-lo-que-tenemos-y-lo-que-nos-pasa\/#primaryimage"},"thumbnailUrl":"https:\/\/apuntesdesanluis.com\/wp-content\/uploads\/2024\/06\/jose-ucelay.png","datePublished":"2024-06-17T21:45:45+00:00","dateModified":"2024-06-17T21:46:15+00:00","breadcrumb":{"@id":"https:\/\/apuntesdesanluis.com\/index.php\/2024\/06\/17\/tenemos-que-adaptarnos-a-los-nuevos-desafios-y-aceptar-lo-que-tenemos-y-lo-que-nos-pasa\/#breadcrumb"},"inLanguage":"es-AR","potentialAction":[{"@type":"ReadAction","target":["https:\/\/apuntesdesanluis.com\/index.php\/2024\/06\/17\/tenemos-que-adaptarnos-a-los-nuevos-desafios-y-aceptar-lo-que-tenemos-y-lo-que-nos-pasa\/"]}]},{"@type":"ImageObject","inLanguage":"es-AR","@id":"https:\/\/apuntesdesanluis.com\/index.php\/2024\/06\/17\/tenemos-que-adaptarnos-a-los-nuevos-desafios-y-aceptar-lo-que-tenemos-y-lo-que-nos-pasa\/#primaryimage","url":"https:\/\/apuntesdesanluis.com\/wp-content\/uploads\/2024\/06\/jose-ucelay.png","contentUrl":"https:\/\/apuntesdesanluis.com\/wp-content\/uploads\/2024\/06\/jose-ucelay.png","width":870,"height":490},{"@type":"BreadcrumbList","@id":"https:\/\/apuntesdesanluis.com\/index.php\/2024\/06\/17\/tenemos-que-adaptarnos-a-los-nuevos-desafios-y-aceptar-lo-que-tenemos-y-lo-que-nos-pasa\/#breadcrumb","itemListElement":[{"@type":"ListItem","position":1,"name":"Inicio","item":"https:\/\/apuntesdesanluis.com\/"},{"@type":"ListItem","position":2,"name":"\u201cTENEMOS QUE ADAPTARNOS A LOS NUEVOS DESAF\u00cdOS Y ACEPTAR LO QUE TENEMOS Y LO QUE NOS PASA\u201d"}]},{"@type":"WebSite","@id":"https:\/\/apuntesdesanluis.com\/#website","url":"https:\/\/apuntesdesanluis.com\/","name":"Apuntes de San Luis","description":"","publisher":{"@id":"https:\/\/apuntesdesanluis.com\/#\/schema\/person\/b55151d52296fcce64d1a72538a70b90"},"potentialAction":[{"@type":"SearchAction","target":{"@type":"EntryPoint","urlTemplate":"https:\/\/apuntesdesanluis.com\/?s={search_term_string}"},"query-input":{"@type":"PropertyValueSpecification","valueRequired":true,"valueName":"search_term_string"}}],"inLanguage":"es-AR"},{"@type":["Person","Organization"],"@id":"https:\/\/apuntesdesanluis.com\/#\/schema\/person\/b55151d52296fcce64d1a72538a70b90","name":"apuntesdesanluis.com","image":{"@type":"ImageObject","inLanguage":"es-AR","@id":"https:\/\/apuntesdesanluis.com\/#\/schema\/person\/image\/","url":"https:\/\/apuntesdesanluis.com\/wp-content\/uploads\/2023\/07\/cropped-apuntesdesanluis.png","contentUrl":"https:\/\/apuntesdesanluis.com\/wp-content\/uploads\/2023\/07\/cropped-apuntesdesanluis.png","width":450,"height":112,"caption":"apuntesdesanluis.com"},"logo":{"@id":"https:\/\/apuntesdesanluis.com\/#\/schema\/person\/image\/"},"sameAs":["https:\/\/apuntesdesanluis.com"],"url":"https:\/\/apuntesdesanluis.com\/index.php\/author\/apuntesdesanluis-com\/"}]}},"featured_image_urls":{"full":["https:\/\/apuntesdesanluis.com\/wp-content\/uploads\/2024\/06\/jose-ucelay.png",870,490,false],"thumbnail":["https:\/\/apuntesdesanluis.com\/wp-content\/uploads\/2024\/06\/jose-ucelay-150x150.png",150,150,true],"medium":["https:\/\/apuntesdesanluis.com\/wp-content\/uploads\/2024\/06\/jose-ucelay-300x169.png",300,169,true],"medium_large":["https:\/\/apuntesdesanluis.com\/wp-content\/uploads\/2024\/06\/jose-ucelay-768x433.png",640,361,true],"large":["https:\/\/apuntesdesanluis.com\/wp-content\/uploads\/2024\/06\/jose-ucelay.png",640,360,false],"1536x1536":["https:\/\/apuntesdesanluis.com\/wp-content\/uploads\/2024\/06\/jose-ucelay.png",870,490,false],"2048x2048":["https:\/\/apuntesdesanluis.com\/wp-content\/uploads\/2024\/06\/jose-ucelay.png",870,490,false],"newsever-slider-full":["https:\/\/apuntesdesanluis.com\/wp-content\/uploads\/2024\/06\/jose-ucelay.png",870,490,false],"newsever-featured":["https:\/\/apuntesdesanluis.com\/wp-content\/uploads\/2024\/06\/jose-ucelay.png",870,490,false],"newsever-medium":["https:\/\/apuntesdesanluis.com\/wp-content\/uploads\/2024\/06\/jose-ucelay-720x475.png",720,475,true]},"author_info":{"display_name":"apuntesdesanluis.com","author_link":"https:\/\/apuntesdesanluis.com\/index.php\/author\/apuntesdesanluis-com\/"},"category_info":"<a href=\"https:\/\/apuntesdesanluis.com\/index.php\/category\/opinion\/\" rel=\"category tag\">Opini\u00f3n<\/a>","tag_info":"Opini\u00f3n","comment_count":"0","_links":{"self":[{"href":"https:\/\/apuntesdesanluis.com\/index.php\/wp-json\/wp\/v2\/posts\/17994","targetHints":{"allow":["GET"]}}],"collection":[{"href":"https:\/\/apuntesdesanluis.com\/index.php\/wp-json\/wp\/v2\/posts"}],"about":[{"href":"https:\/\/apuntesdesanluis.com\/index.php\/wp-json\/wp\/v2\/types\/post"}],"author":[{"embeddable":true,"href":"https:\/\/apuntesdesanluis.com\/index.php\/wp-json\/wp\/v2\/users\/1"}],"replies":[{"embeddable":true,"href":"https:\/\/apuntesdesanluis.com\/index.php\/wp-json\/wp\/v2\/comments?post=17994"}],"version-history":[{"count":2,"href":"https:\/\/apuntesdesanluis.com\/index.php\/wp-json\/wp\/v2\/posts\/17994\/revisions"}],"predecessor-version":[{"id":17997,"href":"https:\/\/apuntesdesanluis.com\/index.php\/wp-json\/wp\/v2\/posts\/17994\/revisions\/17997"}],"wp:featuredmedia":[{"embeddable":true,"href":"https:\/\/apuntesdesanluis.com\/index.php\/wp-json\/wp\/v2\/media\/17995"}],"wp:attachment":[{"href":"https:\/\/apuntesdesanluis.com\/index.php\/wp-json\/wp\/v2\/media?parent=17994"}],"wp:term":[{"taxonomy":"category","embeddable":true,"href":"https:\/\/apuntesdesanluis.com\/index.php\/wp-json\/wp\/v2\/categories?post=17994"},{"taxonomy":"post_tag","embeddable":true,"href":"https:\/\/apuntesdesanluis.com\/index.php\/wp-json\/wp\/v2\/tags?post=17994"}],"curies":[{"name":"wp","href":"https:\/\/api.w.org\/{rel}","templated":true}]}}