{"id":18005,"date":"2024-06-18T18:01:45","date_gmt":"2024-06-18T21:01:45","guid":{"rendered":"https:\/\/apuntesdesanluis.com\/?p=18005"},"modified":"2024-06-18T18:02:41","modified_gmt":"2024-06-18T21:02:41","slug":"convocan-a-elecciones-a-magistrados-y-funcionarios-de-la-3ra-circunscripcion","status":"publish","type":"post","link":"https:\/\/apuntesdesanluis.com\/index.php\/2024\/06\/18\/convocan-a-elecciones-a-magistrados-y-funcionarios-de-la-3ra-circunscripcion\/","title":{"rendered":"CONVOCAN A ELECCIONES A MAGISTRADOS Y FUNCIONARIOS DE LA 3RA. CIRCUNSCRIPCI\u00d3N"},"content":{"rendered":"<h3>El Superior Tribunal de Justicia convoc\u00f3 a elecci\u00f3n directa y secreta a Magistrados y Funcionarios de los Ministerios P\u00fablicos de la Tercera Circunscripci\u00f3n Judicial, para el pr\u00f3ximo 1\u00ba de julio de 08:30 a 11:30 hs.<\/h3>\n<h3>El acto eleccionario se llevar\u00e1 a cabo en el Centro de Mediaci\u00f3n Judicial y Extrajudicial de Concar\u00e1n para los Magistrados y Funcionarios de los Ministerios P\u00fablicos con tal asiento, y en el Edificio \u201cDr. Tom\u00e1s Jofr\u00e9\u201d para los Magistrados y Funcionarios de los Ministerios P\u00fablicos con tal asiento.<\/h3>\n<h3>El llamado es para cubrir la vacante que se ha generado en el cargo de representante suplente de Magistrados y Funcionarios de los Ministerios P\u00fablicos de la Tercera Circunscripci\u00f3n Judicial, generada por la designaci\u00f3n del Dr. Jos\u00e9 Luis Gui\u00f1az\u00fa como Defensor Oficial en lo Penal N\u00ba 3 de la Primera Circunscripci\u00f3n Judicial (con asiento en la ciudad de San Luis), hasta el 6 de noviembre de 2025.<\/h3>\n<h3>Por Acuerdo 136-STJSL-SA-2024 se estableci\u00f3 que para la mesa de Concar\u00e1n, actuar\u00e1 como autoridad de mesa Titular la Dra. Marta In\u00e9s Gonz\u00e1lez, Coordinadora del Centro de Mediaci\u00f3n Judicial y Extrajudicial, y como Suplentes\u00a0 la Dra. Vilma Graciela Simioli, y\/o la Dra. Rosana Elizabeth Cuevas, Secretarias de Primera Instancia del Juzgado en lo Civil, Comercial, Ambiental y Laboral N\u00b0 1 de la Tercera Circunscripci\u00f3n Judicial; en tanto que para la mesa del Edificio \u201cDr. Tom\u00e1s Jofr\u00e9\u201d, se design\u00f3 como Titular al Dr. Jorge Alejandro Rodr\u00edguez, Secretario Laboral del Juzgado de Primera Instancia en lo Civil, Comercial, Ambiental y Laboral N\u00b0 2 de la Tercera Circunscripci\u00f3n Judicial, y como Suplente al Dr. Fernando Scarso, Secretario de la Secretar\u00eda Civil, Comercial y Ambiental del Juzgado de Primera Instancia en lo Civil, Comercial, Ambiental y Laboral N\u00b0 2, de la Tercera Circunscripci\u00f3n Judicial.<\/h3>\n<h3>Asimismo se determin\u00f3 que el escrutinio provisorio se realizar\u00e1 al cierre del acto eleccionario por los Titulares de Mesa o Suplentes, labr\u00e1ndose el acta correspondiente y con la presencia de los candidatos, Magistrados y Funcionarios que deseen hacerlo.<\/h3>\n<h3>Por otro lado, el escrutinio definitivo se llevar\u00e1 a cabo por Presidencia del Superior Tribunal en la Sala de Acuerdos del Palacio de Justicia, el d\u00eda 2 de Julio de 2024 a las 12:30 hs. con la presencia de los candidatos, Magistrados y Funcionarios de los Ministerios P\u00fablicos que deseen participar. Posteriormente, el Superior Tribunal de Justicia efectuar\u00e1 la proclamaci\u00f3n correspondiente.<\/h3>\n<p>&nbsp;<\/p>\n<p>&nbsp;<\/p>\n<p>&nbsp;<\/p>\n","protected":false},"excerpt":{"rendered":"<p>El Superior Tribunal de Justicia convoc\u00f3 a elecci\u00f3n directa y secreta a Magistrados y Funcionarios&#8230;<\/p>\n","protected":false},"author":1,"featured_media":785,"comment_status":"closed","ping_status":"closed","sticky":false,"template":"","format":"standard","meta":{"footnotes":""},"categories":[6],"tags":[],"class_list":["post-18005","post","type-post","status-publish","format-standard","has-post-thumbnail","hentry","category-ciudad-provincia"],"yoast_head":"<!-- This site is optimized with the Yoast SEO plugin v26.1.1 - https:\/\/yoast.com\/wordpress\/plugins\/seo\/ -->\n<title>CONVOCAN A ELECCIONES A MAGISTRADOS Y FUNCIONARIOS DE LA 3RA. CIRCUNSCRIPCI\u00d3N - Apuntes de San Luis<\/title>\n<meta name=\"robots\" content=\"index, follow, max-snippet:-1, max-image-preview:large, max-video-preview:-1\" \/>\n<link rel=\"canonical\" href=\"https:\/\/apuntesdesanluis.com\/index.php\/2024\/06\/18\/convocan-a-elecciones-a-magistrados-y-funcionarios-de-la-3ra-circunscripcion\/\" \/>\n<meta property=\"og:locale\" content=\"es_ES\" \/>\n<meta property=\"og:type\" content=\"article\" \/>\n<meta property=\"og:title\" content=\"CONVOCAN A ELECCIONES A MAGISTRADOS Y FUNCIONARIOS DE LA 3RA. CIRCUNSCRIPCI\u00d3N - Apuntes de San Luis\" \/>\n<meta property=\"og:description\" content=\"El Superior Tribunal de Justicia convoc\u00f3 a elecci\u00f3n directa y secreta a Magistrados y Funcionarios...\" \/>\n<meta property=\"og:url\" content=\"https:\/\/apuntesdesanluis.com\/index.php\/2024\/06\/18\/convocan-a-elecciones-a-magistrados-y-funcionarios-de-la-3ra-circunscripcion\/\" \/>\n<meta property=\"og:site_name\" content=\"Apuntes de San Luis\" \/>\n<meta property=\"article:published_time\" content=\"2024-06-18T21:01:45+00:00\" \/>\n<meta property=\"article:modified_time\" content=\"2024-06-18T21:02:41+00:00\" \/>\n<meta property=\"og:image\" content=\"https:\/\/apuntesdesanluis.com\/wp-content\/uploads\/2023\/07\/TRIBUNALES-DE-CONCARAN.png\" \/>\n\t<meta property=\"og:image:width\" content=\"764\" \/>\n\t<meta property=\"og:image:height\" content=\"463\" \/>\n\t<meta property=\"og:image:type\" content=\"image\/png\" \/>\n<meta name=\"author\" content=\"apuntesdesanluis.com\" \/>\n<meta name=\"twitter:card\" content=\"summary_large_image\" \/>\n<meta name=\"twitter:label1\" content=\"Escrito por\" \/>\n\t<meta name=\"twitter:data1\" content=\"apuntesdesanluis.com\" \/>\n\t<meta name=\"twitter:label2\" content=\"Tiempo de lectura\" \/>\n\t<meta name=\"twitter:data2\" content=\"2 minutos\" \/>\n<script type=\"application\/ld+json\" class=\"yoast-schema-graph\">{\"@context\":\"https:\/\/schema.org\",\"@graph\":[{\"@type\":\"Article\",\"@id\":\"https:\/\/apuntesdesanluis.com\/index.php\/2024\/06\/18\/convocan-a-elecciones-a-magistrados-y-funcionarios-de-la-3ra-circunscripcion\/#article\",\"isPartOf\":{\"@id\":\"https:\/\/apuntesdesanluis.com\/index.php\/2024\/06\/18\/convocan-a-elecciones-a-magistrados-y-funcionarios-de-la-3ra-circunscripcion\/\"},\"author\":{\"name\":\"apuntesdesanluis.com\",\"@id\":\"https:\/\/apuntesdesanluis.com\/#\/schema\/person\/b55151d52296fcce64d1a72538a70b90\"},\"headline\":\"CONVOCAN A ELECCIONES A MAGISTRADOS Y FUNCIONARIOS DE LA 3RA. CIRCUNSCRIPCI\u00d3N\",\"datePublished\":\"2024-06-18T21:01:45+00:00\",\"dateModified\":\"2024-06-18T21:02:41+00:00\",\"mainEntityOfPage\":{\"@id\":\"https:\/\/apuntesdesanluis.com\/index.php\/2024\/06\/18\/convocan-a-elecciones-a-magistrados-y-funcionarios-de-la-3ra-circunscripcion\/\"},\"wordCount\":420,\"publisher\":{\"@id\":\"https:\/\/apuntesdesanluis.com\/#\/schema\/person\/b55151d52296fcce64d1a72538a70b90\"},\"image\":{\"@id\":\"https:\/\/apuntesdesanluis.com\/index.php\/2024\/06\/18\/convocan-a-elecciones-a-magistrados-y-funcionarios-de-la-3ra-circunscripcion\/#primaryimage\"},\"thumbnailUrl\":\"https:\/\/apuntesdesanluis.com\/wp-content\/uploads\/2023\/07\/TRIBUNALES-DE-CONCARAN.png\",\"articleSection\":[\"Ciudad\/Provincia\"],\"inLanguage\":\"es-AR\"},{\"@type\":\"WebPage\",\"@id\":\"https:\/\/apuntesdesanluis.com\/index.php\/2024\/06\/18\/convocan-a-elecciones-a-magistrados-y-funcionarios-de-la-3ra-circunscripcion\/\",\"url\":\"https:\/\/apuntesdesanluis.com\/index.php\/2024\/06\/18\/convocan-a-elecciones-a-magistrados-y-funcionarios-de-la-3ra-circunscripcion\/\",\"name\":\"CONVOCAN A ELECCIONES A MAGISTRADOS Y FUNCIONARIOS DE LA 3RA. CIRCUNSCRIPCI\u00d3N - Apuntes de San Luis\",\"isPartOf\":{\"@id\":\"https:\/\/apuntesdesanluis.com\/#website\"},\"primaryImageOfPage\":{\"@id\":\"https:\/\/apuntesdesanluis.com\/index.php\/2024\/06\/18\/convocan-a-elecciones-a-magistrados-y-funcionarios-de-la-3ra-circunscripcion\/#primaryimage\"},\"image\":{\"@id\":\"https:\/\/apuntesdesanluis.com\/index.php\/2024\/06\/18\/convocan-a-elecciones-a-magistrados-y-funcionarios-de-la-3ra-circunscripcion\/#primaryimage\"},\"thumbnailUrl\":\"https:\/\/apuntesdesanluis.com\/wp-content\/uploads\/2023\/07\/TRIBUNALES-DE-CONCARAN.png\",\"datePublished\":\"2024-06-18T21:01:45+00:00\",\"dateModified\":\"2024-06-18T21:02:41+00:00\",\"breadcrumb\":{\"@id\":\"https:\/\/apuntesdesanluis.com\/index.php\/2024\/06\/18\/convocan-a-elecciones-a-magistrados-y-funcionarios-de-la-3ra-circunscripcion\/#breadcrumb\"},\"inLanguage\":\"es-AR\",\"potentialAction\":[{\"@type\":\"ReadAction\",\"target\":[\"https:\/\/apuntesdesanluis.com\/index.php\/2024\/06\/18\/convocan-a-elecciones-a-magistrados-y-funcionarios-de-la-3ra-circunscripcion\/\"]}]},{\"@type\":\"ImageObject\",\"inLanguage\":\"es-AR\",\"@id\":\"https:\/\/apuntesdesanluis.com\/index.php\/2024\/06\/18\/convocan-a-elecciones-a-magistrados-y-funcionarios-de-la-3ra-circunscripcion\/#primaryimage\",\"url\":\"https:\/\/apuntesdesanluis.com\/wp-content\/uploads\/2023\/07\/TRIBUNALES-DE-CONCARAN.png\",\"contentUrl\":\"https:\/\/apuntesdesanluis.com\/wp-content\/uploads\/2023\/07\/TRIBUNALES-DE-CONCARAN.png\",\"width\":764,\"height\":463},{\"@type\":\"BreadcrumbList\",\"@id\":\"https:\/\/apuntesdesanluis.com\/index.php\/2024\/06\/18\/convocan-a-elecciones-a-magistrados-y-funcionarios-de-la-3ra-circunscripcion\/#breadcrumb\",\"itemListElement\":[{\"@type\":\"ListItem\",\"position\":1,\"name\":\"Inicio\",\"item\":\"https:\/\/apuntesdesanluis.com\/\"},{\"@type\":\"ListItem\",\"position\":2,\"name\":\"CONVOCAN A ELECCIONES A MAGISTRADOS Y FUNCIONARIOS DE LA 3RA. CIRCUNSCRIPCI\u00d3N\"}]},{\"@type\":\"WebSite\",\"@id\":\"https:\/\/apuntesdesanluis.com\/#website\",\"url\":\"https:\/\/apuntesdesanluis.com\/\",\"name\":\"Apuntes de San Luis\",\"description\":\"\",\"publisher\":{\"@id\":\"https:\/\/apuntesdesanluis.com\/#\/schema\/person\/b55151d52296fcce64d1a72538a70b90\"},\"potentialAction\":[{\"@type\":\"SearchAction\",\"target\":{\"@type\":\"EntryPoint\",\"urlTemplate\":\"https:\/\/apuntesdesanluis.com\/?s={search_term_string}\"},\"query-input\":{\"@type\":\"PropertyValueSpecification\",\"valueRequired\":true,\"valueName\":\"search_term_string\"}}],\"inLanguage\":\"es-AR\"},{\"@type\":[\"Person\",\"Organization\"],\"@id\":\"https:\/\/apuntesdesanluis.com\/#\/schema\/person\/b55151d52296fcce64d1a72538a70b90\",\"name\":\"apuntesdesanluis.com\",\"image\":{\"@type\":\"ImageObject\",\"inLanguage\":\"es-AR\",\"@id\":\"https:\/\/apuntesdesanluis.com\/#\/schema\/person\/image\/\",\"url\":\"https:\/\/apuntesdesanluis.com\/wp-content\/uploads\/2023\/07\/cropped-apuntesdesanluis.png\",\"contentUrl\":\"https:\/\/apuntesdesanluis.com\/wp-content\/uploads\/2023\/07\/cropped-apuntesdesanluis.png\",\"width\":450,\"height\":112,\"caption\":\"apuntesdesanluis.com\"},\"logo\":{\"@id\":\"https:\/\/apuntesdesanluis.com\/#\/schema\/person\/image\/\"},\"sameAs\":[\"https:\/\/apuntesdesanluis.com\"],\"url\":\"https:\/\/apuntesdesanluis.com\/index.php\/author\/apuntesdesanluis-com\/\"}]}<\/script>\n<!-- \/ Yoast SEO plugin. -->","yoast_head_json":{"title":"CONVOCAN A ELECCIONES A MAGISTRADOS Y FUNCIONARIOS DE LA 3RA. CIRCUNSCRIPCI\u00d3N - Apuntes de San Luis","robots":{"index":"index","follow":"follow","max-snippet":"max-snippet:-1","max-image-preview":"max-image-preview:large","max-video-preview":"max-video-preview:-1"},"canonical":"https:\/\/apuntesdesanluis.com\/index.php\/2024\/06\/18\/convocan-a-elecciones-a-magistrados-y-funcionarios-de-la-3ra-circunscripcion\/","og_locale":"es_ES","og_type":"article","og_title":"CONVOCAN A ELECCIONES A MAGISTRADOS Y FUNCIONARIOS DE LA 3RA. CIRCUNSCRIPCI\u00d3N - Apuntes de San Luis","og_description":"El Superior Tribunal de Justicia convoc\u00f3 a elecci\u00f3n directa y secreta a Magistrados y Funcionarios...","og_url":"https:\/\/apuntesdesanluis.com\/index.php\/2024\/06\/18\/convocan-a-elecciones-a-magistrados-y-funcionarios-de-la-3ra-circunscripcion\/","og_site_name":"Apuntes de San Luis","article_published_time":"2024-06-18T21:01:45+00:00","article_modified_time":"2024-06-18T21:02:41+00:00","og_image":[{"width":764,"height":463,"url":"https:\/\/apuntesdesanluis.com\/wp-content\/uploads\/2023\/07\/TRIBUNALES-DE-CONCARAN.png","type":"image\/png"}],"author":"apuntesdesanluis.com","twitter_card":"summary_large_image","twitter_misc":{"Escrito por":"apuntesdesanluis.com","Tiempo de lectura":"2 minutos"},"schema":{"@context":"https:\/\/schema.org","@graph":[{"@type":"Article","@id":"https:\/\/apuntesdesanluis.com\/index.php\/2024\/06\/18\/convocan-a-elecciones-a-magistrados-y-funcionarios-de-la-3ra-circunscripcion\/#article","isPartOf":{"@id":"https:\/\/apuntesdesanluis.com\/index.php\/2024\/06\/18\/convocan-a-elecciones-a-magistrados-y-funcionarios-de-la-3ra-circunscripcion\/"},"author":{"name":"apuntesdesanluis.com","@id":"https:\/\/apuntesdesanluis.com\/#\/schema\/person\/b55151d52296fcce64d1a72538a70b90"},"headline":"CONVOCAN A ELECCIONES A MAGISTRADOS Y FUNCIONARIOS DE LA 3RA. CIRCUNSCRIPCI\u00d3N","datePublished":"2024-06-18T21:01:45+00:00","dateModified":"2024-06-18T21:02:41+00:00","mainEntityOfPage":{"@id":"https:\/\/apuntesdesanluis.com\/index.php\/2024\/06\/18\/convocan-a-elecciones-a-magistrados-y-funcionarios-de-la-3ra-circunscripcion\/"},"wordCount":420,"publisher":{"@id":"https:\/\/apuntesdesanluis.com\/#\/schema\/person\/b55151d52296fcce64d1a72538a70b90"},"image":{"@id":"https:\/\/apuntesdesanluis.com\/index.php\/2024\/06\/18\/convocan-a-elecciones-a-magistrados-y-funcionarios-de-la-3ra-circunscripcion\/#primaryimage"},"thumbnailUrl":"https:\/\/apuntesdesanluis.com\/wp-content\/uploads\/2023\/07\/TRIBUNALES-DE-CONCARAN.png","articleSection":["Ciudad\/Provincia"],"inLanguage":"es-AR"},{"@type":"WebPage","@id":"https:\/\/apuntesdesanluis.com\/index.php\/2024\/06\/18\/convocan-a-elecciones-a-magistrados-y-funcionarios-de-la-3ra-circunscripcion\/","url":"https:\/\/apuntesdesanluis.com\/index.php\/2024\/06\/18\/convocan-a-elecciones-a-magistrados-y-funcionarios-de-la-3ra-circunscripcion\/","name":"CONVOCAN A ELECCIONES A MAGISTRADOS Y FUNCIONARIOS DE LA 3RA. CIRCUNSCRIPCI\u00d3N - Apuntes de San Luis","isPartOf":{"@id":"https:\/\/apuntesdesanluis.com\/#website"},"primaryImageOfPage":{"@id":"https:\/\/apuntesdesanluis.com\/index.php\/2024\/06\/18\/convocan-a-elecciones-a-magistrados-y-funcionarios-de-la-3ra-circunscripcion\/#primaryimage"},"image":{"@id":"https:\/\/apuntesdesanluis.com\/index.php\/2024\/06\/18\/convocan-a-elecciones-a-magistrados-y-funcionarios-de-la-3ra-circunscripcion\/#primaryimage"},"thumbnailUrl":"https:\/\/apuntesdesanluis.com\/wp-content\/uploads\/2023\/07\/TRIBUNALES-DE-CONCARAN.png","datePublished":"2024-06-18T21:01:45+00:00","dateModified":"2024-06-18T21:02:41+00:00","breadcrumb":{"@id":"https:\/\/apuntesdesanluis.com\/index.php\/2024\/06\/18\/convocan-a-elecciones-a-magistrados-y-funcionarios-de-la-3ra-circunscripcion\/#breadcrumb"},"inLanguage":"es-AR","potentialAction":[{"@type":"ReadAction","target":["https:\/\/apuntesdesanluis.com\/index.php\/2024\/06\/18\/convocan-a-elecciones-a-magistrados-y-funcionarios-de-la-3ra-circunscripcion\/"]}]},{"@type":"ImageObject","inLanguage":"es-AR","@id":"https:\/\/apuntesdesanluis.com\/index.php\/2024\/06\/18\/convocan-a-elecciones-a-magistrados-y-funcionarios-de-la-3ra-circunscripcion\/#primaryimage","url":"https:\/\/apuntesdesanluis.com\/wp-content\/uploads\/2023\/07\/TRIBUNALES-DE-CONCARAN.png","contentUrl":"https:\/\/apuntesdesanluis.com\/wp-content\/uploads\/2023\/07\/TRIBUNALES-DE-CONCARAN.png","width":764,"height":463},{"@type":"BreadcrumbList","@id":"https:\/\/apuntesdesanluis.com\/index.php\/2024\/06\/18\/convocan-a-elecciones-a-magistrados-y-funcionarios-de-la-3ra-circunscripcion\/#breadcrumb","itemListElement":[{"@type":"ListItem","position":1,"name":"Inicio","item":"https:\/\/apuntesdesanluis.com\/"},{"@type":"ListItem","position":2,"name":"CONVOCAN A ELECCIONES A MAGISTRADOS Y FUNCIONARIOS DE LA 3RA. CIRCUNSCRIPCI\u00d3N"}]},{"@type":"WebSite","@id":"https:\/\/apuntesdesanluis.com\/#website","url":"https:\/\/apuntesdesanluis.com\/","name":"Apuntes de San Luis","description":"","publisher":{"@id":"https:\/\/apuntesdesanluis.com\/#\/schema\/person\/b55151d52296fcce64d1a72538a70b90"},"potentialAction":[{"@type":"SearchAction","target":{"@type":"EntryPoint","urlTemplate":"https:\/\/apuntesdesanluis.com\/?s={search_term_string}"},"query-input":{"@type":"PropertyValueSpecification","valueRequired":true,"valueName":"search_term_string"}}],"inLanguage":"es-AR"},{"@type":["Person","Organization"],"@id":"https:\/\/apuntesdesanluis.com\/#\/schema\/person\/b55151d52296fcce64d1a72538a70b90","name":"apuntesdesanluis.com","image":{"@type":"ImageObject","inLanguage":"es-AR","@id":"https:\/\/apuntesdesanluis.com\/#\/schema\/person\/image\/","url":"https:\/\/apuntesdesanluis.com\/wp-content\/uploads\/2023\/07\/cropped-apuntesdesanluis.png","contentUrl":"https:\/\/apuntesdesanluis.com\/wp-content\/uploads\/2023\/07\/cropped-apuntesdesanluis.png","width":450,"height":112,"caption":"apuntesdesanluis.com"},"logo":{"@id":"https:\/\/apuntesdesanluis.com\/#\/schema\/person\/image\/"},"sameAs":["https:\/\/apuntesdesanluis.com"],"url":"https:\/\/apuntesdesanluis.com\/index.php\/author\/apuntesdesanluis-com\/"}]}},"featured_image_urls":{"full":["https:\/\/apuntesdesanluis.com\/wp-content\/uploads\/2023\/07\/TRIBUNALES-DE-CONCARAN.png",764,463,false],"thumbnail":["https:\/\/apuntesdesanluis.com\/wp-content\/uploads\/2023\/07\/TRIBUNALES-DE-CONCARAN-150x150.png",150,150,true],"medium":["https:\/\/apuntesdesanluis.com\/wp-content\/uploads\/2023\/07\/TRIBUNALES-DE-CONCARAN-300x182.png",300,182,true],"medium_large":["https:\/\/apuntesdesanluis.com\/wp-content\/uploads\/2023\/07\/TRIBUNALES-DE-CONCARAN.png",640,388,false],"large":["https:\/\/apuntesdesanluis.com\/wp-content\/uploads\/2023\/07\/TRIBUNALES-DE-CONCARAN.png",640,388,false],"1536x1536":["https:\/\/apuntesdesanluis.com\/wp-content\/uploads\/2023\/07\/TRIBUNALES-DE-CONCARAN.png",764,463,false],"2048x2048":["https:\/\/apuntesdesanluis.com\/wp-content\/uploads\/2023\/07\/TRIBUNALES-DE-CONCARAN.png",764,463,false],"newsever-slider-full":["https:\/\/apuntesdesanluis.com\/wp-content\/uploads\/2023\/07\/TRIBUNALES-DE-CONCARAN.png",764,463,false],"newsever-featured":["https:\/\/apuntesdesanluis.com\/wp-content\/uploads\/2023\/07\/TRIBUNALES-DE-CONCARAN.png",764,463,false],"newsever-medium":["https:\/\/apuntesdesanluis.com\/wp-content\/uploads\/2023\/07\/TRIBUNALES-DE-CONCARAN-720x463.png",720,463,true]},"author_info":{"display_name":"apuntesdesanluis.com","author_link":"https:\/\/apuntesdesanluis.com\/index.php\/author\/apuntesdesanluis-com\/"},"category_info":"<a href=\"https:\/\/apuntesdesanluis.com\/index.php\/category\/ciudad-provincia\/\" rel=\"category tag\">Ciudad\/Provincia<\/a>","tag_info":"Ciudad\/Provincia","comment_count":"0","_links":{"self":[{"href":"https:\/\/apuntesdesanluis.com\/index.php\/wp-json\/wp\/v2\/posts\/18005","targetHints":{"allow":["GET"]}}],"collection":[{"href":"https:\/\/apuntesdesanluis.com\/index.php\/wp-json\/wp\/v2\/posts"}],"about":[{"href":"https:\/\/apuntesdesanluis.com\/index.php\/wp-json\/wp\/v2\/types\/post"}],"author":[{"embeddable":true,"href":"https:\/\/apuntesdesanluis.com\/index.php\/wp-json\/wp\/v2\/users\/1"}],"replies":[{"embeddable":true,"href":"https:\/\/apuntesdesanluis.com\/index.php\/wp-json\/wp\/v2\/comments?post=18005"}],"version-history":[{"count":3,"href":"https:\/\/apuntesdesanluis.com\/index.php\/wp-json\/wp\/v2\/posts\/18005\/revisions"}],"predecessor-version":[{"id":18008,"href":"https:\/\/apuntesdesanluis.com\/index.php\/wp-json\/wp\/v2\/posts\/18005\/revisions\/18008"}],"wp:featuredmedia":[{"embeddable":true,"href":"https:\/\/apuntesdesanluis.com\/index.php\/wp-json\/wp\/v2\/media\/785"}],"wp:attachment":[{"href":"https:\/\/apuntesdesanluis.com\/index.php\/wp-json\/wp\/v2\/media?parent=18005"}],"wp:term":[{"taxonomy":"category","embeddable":true,"href":"https:\/\/apuntesdesanluis.com\/index.php\/wp-json\/wp\/v2\/categories?post=18005"},{"taxonomy":"post_tag","embeddable":true,"href":"https:\/\/apuntesdesanluis.com\/index.php\/wp-json\/wp\/v2\/tags?post=18005"}],"curies":[{"name":"wp","href":"https:\/\/api.w.org\/{rel}","templated":true}]}}