{"id":18019,"date":"2024-06-18T19:46:05","date_gmt":"2024-06-18T22:46:05","guid":{"rendered":"https:\/\/apuntesdesanluis.com\/?p=18019"},"modified":"2024-06-18T19:46:05","modified_gmt":"2024-06-18T22:46:05","slug":"el-gobernador-retomo-actividades-desde-su-casa-via-zoom","status":"publish","type":"post","link":"https:\/\/apuntesdesanluis.com\/index.php\/2024\/06\/18\/el-gobernador-retomo-actividades-desde-su-casa-via-zoom\/","title":{"rendered":"EL GOBERNADOR RETOM\u00d3 ACTIVIDADES DESDE SU CASA, VIA ZOOM"},"content":{"rendered":"<h3><strong>Claudio Poggi<\/strong> est\u00e1 con alta hospitalaria pero no m\u00e9dica. Realiza reuniones virtuales con ministros y secretarios para interiorizarse de la continuidad de las pol\u00edticas que llevan adelante.<\/h3>\n<h3>El gobernador Claudio Poggi aun transita un cuadro de neumon\u00eda bilateral leve por el que estuvo internado tres d\u00edas en el Hospital Central \u2018Ram\u00f3n Carrillo\u2019 y contin\u00faa recuper\u00e1ndose en su casa.<\/h3>\n<h3>\u201cAyer (por el domingo) obtuvo el alta hospitalaria y a partir de ese momento realiza reposo en su domicilio. Est\u00e1 a cargo del Ejecutivo, trabajando con normalidad, en home office\u201d, detall\u00f3 este lunes en conferencia de prensa el secretario de Comunicaci\u00f3n, <strong>Diego Masci<\/strong>.<\/h3>\n<p><iframe title=\"Diego Masci, secretario de Comunicaci\u00f3n\" width=\"640\" height=\"360\" src=\"https:\/\/www.youtube.com\/embed\/vcVByPI2vMc?feature=oembed\" frameborder=\"0\" allow=\"accelerometer; autoplay; clipboard-write; encrypted-media; gyroscope; picture-in-picture; web-share\" referrerpolicy=\"strict-origin-when-cross-origin\" allowfullscreen><\/iframe><\/p>\n<h3>Puntualiz\u00f3 que el Primer mandatario realiza el monitoreo de los equipos del Gobierno. \u201cEst\u00e1 con una agenda predeterminada de encuentros v\u00eda Zoom u otras plataformas virtuales. Al mediod\u00eda se reunir\u00e1 con el ministro de Desarrollo Productivo, Federico Trombotto, para hacer un seguimiento de los microcr\u00e9ditos que otorgan. Luego continuar\u00e1 con un encuentro con la Secretaria General de la Gobernaci\u00f3n, Romina Carbonell, para hacer un monitoreo de la agenda de los pr\u00f3ximos d\u00edas. Y tambi\u00e9n se reunir\u00e1 de modo virtual con el ministro de Hacienda y Obra P\u00fablica, N\u00e9stor Ord\u00f3\u00f1ez, para hacer un control y un seguimiento de las finanzas p\u00fablicas\u201d, detall\u00f3.<\/h3>\n<h3>Masci dijo que a estas tareas oficiales el Gobernador las encara con todas las medidas de precauci\u00f3n necesarias. \u201cEl Gobernador en todo momento atendi\u00f3 las indicaciones m\u00e9dicas y contin\u00faa con el tratamiento. Lo que debe hacer es cuidarse de no estar en contacto con mucha gente, estar en su casa, rodeado de su c\u00edrculo \u00edntimo, con los cuidados que le da su familia. Est\u00e1 de buen \u00e1nimo\u201d, cont\u00f3.<\/h3>\n<h3>Sobre la gira institucional por las localidades de la provincia \u2013que debi\u00f3 ser suspendida la semana pasada, ante un cuadro gripal que luego deriv\u00f3 en la neumon\u00eda bilateral\u2013 aclar\u00f3 que a\u00fan no se ha reprogramado.<\/h3>\n<h3>\u201cEl Gobernador hoy tiene el alta hospitalaria, y el 24 es el d\u00eda que tendr\u00e1 el alta m\u00e9dica. Para esa fecha no estaba programada la gira institucional. Est\u00e1 planificada una actividad en el Parque Industrial, referida a una inversi\u00f3n de una empresa radicada all\u00ed. Y despu\u00e9s tiene previsto viajar a Buenos Aires. Hace unos meses fue invitado por el rabino de la AMIA a un acto con gobernadores de todo el pa\u00eds, por los 30 a\u00f1os del atentado\u201d, inform\u00f3 el secretario de Comunicaci\u00f3n, quien estim\u00f3 que, en la reuni\u00f3n con la secretaria General de Gobernaci\u00f3n, se analizar\u00e1 c\u00f3mo proseguir\u00e1 la gira.<\/h3>\n<h3>El Gobernador hizo un pedido puntual: no poner en pausa en estos d\u00edas la firma de los acuerdos de \u2018Construyendo con tu Pueblo\u2019. Por ello, en su representaci\u00f3n, el vicegobernador, Ricardo Endeiza, participar\u00e1 de los actos de firma de convenios. \u201cEl inicio de las obras es a partir del 1\u00b0 de julio, y al haberse suspendido la gira institucional no se pod\u00edan firmar los acuerdos individuales. La agenda prevista para hoy est\u00e1 disponible <strong>aqu\u00ed<\/strong>.<\/h3>\n<h3>\u201cAl resto de las localidades se las ha invitado ma\u00f1ana al Sal\u00f3n Blanco, a las 16:00, a firmar estos convenios. La preocupaci\u00f3n que tiene el Gobernador es que r\u00e1pidamente se pueden empezar a hacer los desembolsos de dinero y comenzar con las obras previstas en cada localidad\u201d, explic\u00f3.<\/h3>\n<h3>Masci destac\u00f3 que esta situaci\u00f3n pone de relieve un cambio cultural, \u201cuna recuperaci\u00f3n de la cultura republicana\u201d.<\/h3>\n<h3>\u201cEl Gobernador entiende que, as\u00ed como cualquiera de nosotros, cuando tenemos alg\u00fan cuadro febril o alg\u00fan problema de salud, le informamos a nuestro superior o a quienes nos tienen a cargo que no vamos a ir a trabajar, el ciudadano que lo ha colocado al frente del Poder Ejecutivo necesita explicaciones cuando \u00e9l no va a trabajar. Por eso, \u00e9l informa constantemente c\u00f3mo se encuentra\u201d, dijo. Y ahond\u00f3: \u201cEntonces se empieza a tornar normal que si el Gobernador un d\u00eda no viene a trabajar porque tiene un cuadro gripal, lo informa. Probablemente antes pasaban semanas donde el Gobernador no ven\u00eda y nadie se enteraba. Esto tiene que ver con una cultura republicana y ciudadana que se est\u00e1 recuperando, con el cambio que los ciudadanos de San Luis votaron el 11 de junio del a\u00f1o pasado\u201d, consider\u00f3.<\/h3>\n<h3><\/h3>\n<h3><\/h3>\n<h3><\/h3>\n<h3><\/h3>\n","protected":false},"excerpt":{"rendered":"<p>Claudio Poggi est\u00e1 con alta hospitalaria pero no m\u00e9dica. Realiza reuniones virtuales con ministros y&#8230;<\/p>\n","protected":false},"author":1,"featured_media":18020,"comment_status":"closed","ping_status":"closed","sticky":false,"template":"","format":"standard","meta":{"footnotes":""},"categories":[6],"tags":[],"class_list":["post-18019","post","type-post","status-publish","format-standard","has-post-thumbnail","hentry","category-ciudad-provincia"],"yoast_head":"<!-- This site is optimized with the Yoast SEO plugin v26.1.1 - https:\/\/yoast.com\/wordpress\/plugins\/seo\/ -->\n<title>EL GOBERNADOR RETOM\u00d3 ACTIVIDADES DESDE SU CASA, VIA ZOOM - Apuntes de San Luis<\/title>\n<meta name=\"robots\" content=\"index, follow, max-snippet:-1, max-image-preview:large, max-video-preview:-1\" \/>\n<link rel=\"canonical\" href=\"https:\/\/apuntesdesanluis.com\/index.php\/2024\/06\/18\/el-gobernador-retomo-actividades-desde-su-casa-via-zoom\/\" \/>\n<meta property=\"og:locale\" content=\"es_ES\" \/>\n<meta property=\"og:type\" content=\"article\" \/>\n<meta property=\"og:title\" content=\"EL GOBERNADOR RETOM\u00d3 ACTIVIDADES DESDE SU CASA, VIA ZOOM - Apuntes de San Luis\" \/>\n<meta property=\"og:description\" content=\"Claudio Poggi est\u00e1 con alta hospitalaria pero no m\u00e9dica. Realiza reuniones virtuales con ministros y...\" \/>\n<meta property=\"og:url\" content=\"https:\/\/apuntesdesanluis.com\/index.php\/2024\/06\/18\/el-gobernador-retomo-actividades-desde-su-casa-via-zoom\/\" \/>\n<meta property=\"og:site_name\" content=\"Apuntes de San Luis\" \/>\n<meta property=\"article:published_time\" content=\"2024-06-18T22:46:05+00:00\" \/>\n<meta property=\"og:image\" content=\"https:\/\/apuntesdesanluis.com\/wp-content\/uploads\/2024\/06\/diego-masci.png\" \/>\n\t<meta property=\"og:image:width\" content=\"600\" \/>\n\t<meta property=\"og:image:height\" content=\"327\" \/>\n\t<meta property=\"og:image:type\" content=\"image\/png\" \/>\n<meta name=\"author\" content=\"apuntesdesanluis.com\" \/>\n<meta name=\"twitter:card\" content=\"summary_large_image\" \/>\n<meta name=\"twitter:label1\" content=\"Escrito por\" \/>\n\t<meta name=\"twitter:data1\" content=\"apuntesdesanluis.com\" \/>\n\t<meta name=\"twitter:label2\" content=\"Tiempo de lectura\" \/>\n\t<meta name=\"twitter:data2\" content=\"4 minutos\" \/>\n<script type=\"application\/ld+json\" class=\"yoast-schema-graph\">{\"@context\":\"https:\/\/schema.org\",\"@graph\":[{\"@type\":\"Article\",\"@id\":\"https:\/\/apuntesdesanluis.com\/index.php\/2024\/06\/18\/el-gobernador-retomo-actividades-desde-su-casa-via-zoom\/#article\",\"isPartOf\":{\"@id\":\"https:\/\/apuntesdesanluis.com\/index.php\/2024\/06\/18\/el-gobernador-retomo-actividades-desde-su-casa-via-zoom\/\"},\"author\":{\"name\":\"apuntesdesanluis.com\",\"@id\":\"https:\/\/apuntesdesanluis.com\/#\/schema\/person\/b55151d52296fcce64d1a72538a70b90\"},\"headline\":\"EL GOBERNADOR RETOM\u00d3 ACTIVIDADES DESDE SU CASA, VIA ZOOM\",\"datePublished\":\"2024-06-18T22:46:05+00:00\",\"mainEntityOfPage\":{\"@id\":\"https:\/\/apuntesdesanluis.com\/index.php\/2024\/06\/18\/el-gobernador-retomo-actividades-desde-su-casa-via-zoom\/\"},\"wordCount\":742,\"publisher\":{\"@id\":\"https:\/\/apuntesdesanluis.com\/#\/schema\/person\/b55151d52296fcce64d1a72538a70b90\"},\"image\":{\"@id\":\"https:\/\/apuntesdesanluis.com\/index.php\/2024\/06\/18\/el-gobernador-retomo-actividades-desde-su-casa-via-zoom\/#primaryimage\"},\"thumbnailUrl\":\"https:\/\/apuntesdesanluis.com\/wp-content\/uploads\/2024\/06\/diego-masci.png\",\"articleSection\":[\"Ciudad\/Provincia\"],\"inLanguage\":\"es-AR\"},{\"@type\":\"WebPage\",\"@id\":\"https:\/\/apuntesdesanluis.com\/index.php\/2024\/06\/18\/el-gobernador-retomo-actividades-desde-su-casa-via-zoom\/\",\"url\":\"https:\/\/apuntesdesanluis.com\/index.php\/2024\/06\/18\/el-gobernador-retomo-actividades-desde-su-casa-via-zoom\/\",\"name\":\"EL GOBERNADOR RETOM\u00d3 ACTIVIDADES DESDE SU CASA, VIA ZOOM - Apuntes de San Luis\",\"isPartOf\":{\"@id\":\"https:\/\/apuntesdesanluis.com\/#website\"},\"primaryImageOfPage\":{\"@id\":\"https:\/\/apuntesdesanluis.com\/index.php\/2024\/06\/18\/el-gobernador-retomo-actividades-desde-su-casa-via-zoom\/#primaryimage\"},\"image\":{\"@id\":\"https:\/\/apuntesdesanluis.com\/index.php\/2024\/06\/18\/el-gobernador-retomo-actividades-desde-su-casa-via-zoom\/#primaryimage\"},\"thumbnailUrl\":\"https:\/\/apuntesdesanluis.com\/wp-content\/uploads\/2024\/06\/diego-masci.png\",\"datePublished\":\"2024-06-18T22:46:05+00:00\",\"breadcrumb\":{\"@id\":\"https:\/\/apuntesdesanluis.com\/index.php\/2024\/06\/18\/el-gobernador-retomo-actividades-desde-su-casa-via-zoom\/#breadcrumb\"},\"inLanguage\":\"es-AR\",\"potentialAction\":[{\"@type\":\"ReadAction\",\"target\":[\"https:\/\/apuntesdesanluis.com\/index.php\/2024\/06\/18\/el-gobernador-retomo-actividades-desde-su-casa-via-zoom\/\"]}]},{\"@type\":\"ImageObject\",\"inLanguage\":\"es-AR\",\"@id\":\"https:\/\/apuntesdesanluis.com\/index.php\/2024\/06\/18\/el-gobernador-retomo-actividades-desde-su-casa-via-zoom\/#primaryimage\",\"url\":\"https:\/\/apuntesdesanluis.com\/wp-content\/uploads\/2024\/06\/diego-masci.png\",\"contentUrl\":\"https:\/\/apuntesdesanluis.com\/wp-content\/uploads\/2024\/06\/diego-masci.png\",\"width\":600,\"height\":327},{\"@type\":\"BreadcrumbList\",\"@id\":\"https:\/\/apuntesdesanluis.com\/index.php\/2024\/06\/18\/el-gobernador-retomo-actividades-desde-su-casa-via-zoom\/#breadcrumb\",\"itemListElement\":[{\"@type\":\"ListItem\",\"position\":1,\"name\":\"Inicio\",\"item\":\"https:\/\/apuntesdesanluis.com\/\"},{\"@type\":\"ListItem\",\"position\":2,\"name\":\"EL GOBERNADOR RETOM\u00d3 ACTIVIDADES DESDE SU CASA, VIA ZOOM\"}]},{\"@type\":\"WebSite\",\"@id\":\"https:\/\/apuntesdesanluis.com\/#website\",\"url\":\"https:\/\/apuntesdesanluis.com\/\",\"name\":\"Apuntes de San Luis\",\"description\":\"\",\"publisher\":{\"@id\":\"https:\/\/apuntesdesanluis.com\/#\/schema\/person\/b55151d52296fcce64d1a72538a70b90\"},\"potentialAction\":[{\"@type\":\"SearchAction\",\"target\":{\"@type\":\"EntryPoint\",\"urlTemplate\":\"https:\/\/apuntesdesanluis.com\/?s={search_term_string}\"},\"query-input\":{\"@type\":\"PropertyValueSpecification\",\"valueRequired\":true,\"valueName\":\"search_term_string\"}}],\"inLanguage\":\"es-AR\"},{\"@type\":[\"Person\",\"Organization\"],\"@id\":\"https:\/\/apuntesdesanluis.com\/#\/schema\/person\/b55151d52296fcce64d1a72538a70b90\",\"name\":\"apuntesdesanluis.com\",\"image\":{\"@type\":\"ImageObject\",\"inLanguage\":\"es-AR\",\"@id\":\"https:\/\/apuntesdesanluis.com\/#\/schema\/person\/image\/\",\"url\":\"https:\/\/apuntesdesanluis.com\/wp-content\/uploads\/2023\/07\/cropped-apuntesdesanluis.png\",\"contentUrl\":\"https:\/\/apuntesdesanluis.com\/wp-content\/uploads\/2023\/07\/cropped-apuntesdesanluis.png\",\"width\":450,\"height\":112,\"caption\":\"apuntesdesanluis.com\"},\"logo\":{\"@id\":\"https:\/\/apuntesdesanluis.com\/#\/schema\/person\/image\/\"},\"sameAs\":[\"https:\/\/apuntesdesanluis.com\"],\"url\":\"https:\/\/apuntesdesanluis.com\/index.php\/author\/apuntesdesanluis-com\/\"}]}<\/script>\n<!-- \/ Yoast SEO plugin. -->","yoast_head_json":{"title":"EL GOBERNADOR RETOM\u00d3 ACTIVIDADES DESDE SU CASA, VIA ZOOM - Apuntes de San Luis","robots":{"index":"index","follow":"follow","max-snippet":"max-snippet:-1","max-image-preview":"max-image-preview:large","max-video-preview":"max-video-preview:-1"},"canonical":"https:\/\/apuntesdesanluis.com\/index.php\/2024\/06\/18\/el-gobernador-retomo-actividades-desde-su-casa-via-zoom\/","og_locale":"es_ES","og_type":"article","og_title":"EL GOBERNADOR RETOM\u00d3 ACTIVIDADES DESDE SU CASA, VIA ZOOM - Apuntes de San Luis","og_description":"Claudio Poggi est\u00e1 con alta hospitalaria pero no m\u00e9dica. Realiza reuniones virtuales con ministros y...","og_url":"https:\/\/apuntesdesanluis.com\/index.php\/2024\/06\/18\/el-gobernador-retomo-actividades-desde-su-casa-via-zoom\/","og_site_name":"Apuntes de San Luis","article_published_time":"2024-06-18T22:46:05+00:00","og_image":[{"width":600,"height":327,"url":"https:\/\/apuntesdesanluis.com\/wp-content\/uploads\/2024\/06\/diego-masci.png","type":"image\/png"}],"author":"apuntesdesanluis.com","twitter_card":"summary_large_image","twitter_misc":{"Escrito por":"apuntesdesanluis.com","Tiempo de lectura":"4 minutos"},"schema":{"@context":"https:\/\/schema.org","@graph":[{"@type":"Article","@id":"https:\/\/apuntesdesanluis.com\/index.php\/2024\/06\/18\/el-gobernador-retomo-actividades-desde-su-casa-via-zoom\/#article","isPartOf":{"@id":"https:\/\/apuntesdesanluis.com\/index.php\/2024\/06\/18\/el-gobernador-retomo-actividades-desde-su-casa-via-zoom\/"},"author":{"name":"apuntesdesanluis.com","@id":"https:\/\/apuntesdesanluis.com\/#\/schema\/person\/b55151d52296fcce64d1a72538a70b90"},"headline":"EL GOBERNADOR RETOM\u00d3 ACTIVIDADES DESDE SU CASA, VIA ZOOM","datePublished":"2024-06-18T22:46:05+00:00","mainEntityOfPage":{"@id":"https:\/\/apuntesdesanluis.com\/index.php\/2024\/06\/18\/el-gobernador-retomo-actividades-desde-su-casa-via-zoom\/"},"wordCount":742,"publisher":{"@id":"https:\/\/apuntesdesanluis.com\/#\/schema\/person\/b55151d52296fcce64d1a72538a70b90"},"image":{"@id":"https:\/\/apuntesdesanluis.com\/index.php\/2024\/06\/18\/el-gobernador-retomo-actividades-desde-su-casa-via-zoom\/#primaryimage"},"thumbnailUrl":"https:\/\/apuntesdesanluis.com\/wp-content\/uploads\/2024\/06\/diego-masci.png","articleSection":["Ciudad\/Provincia"],"inLanguage":"es-AR"},{"@type":"WebPage","@id":"https:\/\/apuntesdesanluis.com\/index.php\/2024\/06\/18\/el-gobernador-retomo-actividades-desde-su-casa-via-zoom\/","url":"https:\/\/apuntesdesanluis.com\/index.php\/2024\/06\/18\/el-gobernador-retomo-actividades-desde-su-casa-via-zoom\/","name":"EL GOBERNADOR RETOM\u00d3 ACTIVIDADES DESDE SU CASA, VIA ZOOM - Apuntes de San Luis","isPartOf":{"@id":"https:\/\/apuntesdesanluis.com\/#website"},"primaryImageOfPage":{"@id":"https:\/\/apuntesdesanluis.com\/index.php\/2024\/06\/18\/el-gobernador-retomo-actividades-desde-su-casa-via-zoom\/#primaryimage"},"image":{"@id":"https:\/\/apuntesdesanluis.com\/index.php\/2024\/06\/18\/el-gobernador-retomo-actividades-desde-su-casa-via-zoom\/#primaryimage"},"thumbnailUrl":"https:\/\/apuntesdesanluis.com\/wp-content\/uploads\/2024\/06\/diego-masci.png","datePublished":"2024-06-18T22:46:05+00:00","breadcrumb":{"@id":"https:\/\/apuntesdesanluis.com\/index.php\/2024\/06\/18\/el-gobernador-retomo-actividades-desde-su-casa-via-zoom\/#breadcrumb"},"inLanguage":"es-AR","potentialAction":[{"@type":"ReadAction","target":["https:\/\/apuntesdesanluis.com\/index.php\/2024\/06\/18\/el-gobernador-retomo-actividades-desde-su-casa-via-zoom\/"]}]},{"@type":"ImageObject","inLanguage":"es-AR","@id":"https:\/\/apuntesdesanluis.com\/index.php\/2024\/06\/18\/el-gobernador-retomo-actividades-desde-su-casa-via-zoom\/#primaryimage","url":"https:\/\/apuntesdesanluis.com\/wp-content\/uploads\/2024\/06\/diego-masci.png","contentUrl":"https:\/\/apuntesdesanluis.com\/wp-content\/uploads\/2024\/06\/diego-masci.png","width":600,"height":327},{"@type":"BreadcrumbList","@id":"https:\/\/apuntesdesanluis.com\/index.php\/2024\/06\/18\/el-gobernador-retomo-actividades-desde-su-casa-via-zoom\/#breadcrumb","itemListElement":[{"@type":"ListItem","position":1,"name":"Inicio","item":"https:\/\/apuntesdesanluis.com\/"},{"@type":"ListItem","position":2,"name":"EL GOBERNADOR RETOM\u00d3 ACTIVIDADES DESDE SU CASA, VIA ZOOM"}]},{"@type":"WebSite","@id":"https:\/\/apuntesdesanluis.com\/#website","url":"https:\/\/apuntesdesanluis.com\/","name":"Apuntes de San Luis","description":"","publisher":{"@id":"https:\/\/apuntesdesanluis.com\/#\/schema\/person\/b55151d52296fcce64d1a72538a70b90"},"potentialAction":[{"@type":"SearchAction","target":{"@type":"EntryPoint","urlTemplate":"https:\/\/apuntesdesanluis.com\/?s={search_term_string}"},"query-input":{"@type":"PropertyValueSpecification","valueRequired":true,"valueName":"search_term_string"}}],"inLanguage":"es-AR"},{"@type":["Person","Organization"],"@id":"https:\/\/apuntesdesanluis.com\/#\/schema\/person\/b55151d52296fcce64d1a72538a70b90","name":"apuntesdesanluis.com","image":{"@type":"ImageObject","inLanguage":"es-AR","@id":"https:\/\/apuntesdesanluis.com\/#\/schema\/person\/image\/","url":"https:\/\/apuntesdesanluis.com\/wp-content\/uploads\/2023\/07\/cropped-apuntesdesanluis.png","contentUrl":"https:\/\/apuntesdesanluis.com\/wp-content\/uploads\/2023\/07\/cropped-apuntesdesanluis.png","width":450,"height":112,"caption":"apuntesdesanluis.com"},"logo":{"@id":"https:\/\/apuntesdesanluis.com\/#\/schema\/person\/image\/"},"sameAs":["https:\/\/apuntesdesanluis.com"],"url":"https:\/\/apuntesdesanluis.com\/index.php\/author\/apuntesdesanluis-com\/"}]}},"featured_image_urls":{"full":["https:\/\/apuntesdesanluis.com\/wp-content\/uploads\/2024\/06\/diego-masci.png",600,327,false],"thumbnail":["https:\/\/apuntesdesanluis.com\/wp-content\/uploads\/2024\/06\/diego-masci-150x150.png",150,150,true],"medium":["https:\/\/apuntesdesanluis.com\/wp-content\/uploads\/2024\/06\/diego-masci-300x164.png",300,164,true],"medium_large":["https:\/\/apuntesdesanluis.com\/wp-content\/uploads\/2024\/06\/diego-masci.png",600,327,false],"large":["https:\/\/apuntesdesanluis.com\/wp-content\/uploads\/2024\/06\/diego-masci.png",600,327,false],"1536x1536":["https:\/\/apuntesdesanluis.com\/wp-content\/uploads\/2024\/06\/diego-masci.png",600,327,false],"2048x2048":["https:\/\/apuntesdesanluis.com\/wp-content\/uploads\/2024\/06\/diego-masci.png",600,327,false],"newsever-slider-full":["https:\/\/apuntesdesanluis.com\/wp-content\/uploads\/2024\/06\/diego-masci.png",600,327,false],"newsever-featured":["https:\/\/apuntesdesanluis.com\/wp-content\/uploads\/2024\/06\/diego-masci.png",600,327,false],"newsever-medium":["https:\/\/apuntesdesanluis.com\/wp-content\/uploads\/2024\/06\/diego-masci.png",600,327,false]},"author_info":{"display_name":"apuntesdesanluis.com","author_link":"https:\/\/apuntesdesanluis.com\/index.php\/author\/apuntesdesanluis-com\/"},"category_info":"<a href=\"https:\/\/apuntesdesanluis.com\/index.php\/category\/ciudad-provincia\/\" rel=\"category tag\">Ciudad\/Provincia<\/a>","tag_info":"Ciudad\/Provincia","comment_count":"0","_links":{"self":[{"href":"https:\/\/apuntesdesanluis.com\/index.php\/wp-json\/wp\/v2\/posts\/18019","targetHints":{"allow":["GET"]}}],"collection":[{"href":"https:\/\/apuntesdesanluis.com\/index.php\/wp-json\/wp\/v2\/posts"}],"about":[{"href":"https:\/\/apuntesdesanluis.com\/index.php\/wp-json\/wp\/v2\/types\/post"}],"author":[{"embeddable":true,"href":"https:\/\/apuntesdesanluis.com\/index.php\/wp-json\/wp\/v2\/users\/1"}],"replies":[{"embeddable":true,"href":"https:\/\/apuntesdesanluis.com\/index.php\/wp-json\/wp\/v2\/comments?post=18019"}],"version-history":[{"count":1,"href":"https:\/\/apuntesdesanluis.com\/index.php\/wp-json\/wp\/v2\/posts\/18019\/revisions"}],"predecessor-version":[{"id":18021,"href":"https:\/\/apuntesdesanluis.com\/index.php\/wp-json\/wp\/v2\/posts\/18019\/revisions\/18021"}],"wp:featuredmedia":[{"embeddable":true,"href":"https:\/\/apuntesdesanluis.com\/index.php\/wp-json\/wp\/v2\/media\/18020"}],"wp:attachment":[{"href":"https:\/\/apuntesdesanluis.com\/index.php\/wp-json\/wp\/v2\/media?parent=18019"}],"wp:term":[{"taxonomy":"category","embeddable":true,"href":"https:\/\/apuntesdesanluis.com\/index.php\/wp-json\/wp\/v2\/categories?post=18019"},{"taxonomy":"post_tag","embeddable":true,"href":"https:\/\/apuntesdesanluis.com\/index.php\/wp-json\/wp\/v2\/tags?post=18019"}],"curies":[{"name":"wp","href":"https:\/\/api.w.org\/{rel}","templated":true}]}}