{"id":18025,"date":"2024-06-18T19:58:30","date_gmt":"2024-06-18T22:58:30","guid":{"rendered":"https:\/\/apuntesdesanluis.com\/?p=18025"},"modified":"2024-06-18T19:59:05","modified_gmt":"2024-06-18T22:59:05","slug":"informaron-un-caso-sospechoso-de-sarampion-en-una-nena-de-3-anos","status":"publish","type":"post","link":"https:\/\/apuntesdesanluis.com\/index.php\/2024\/06\/18\/informaron-un-caso-sospechoso-de-sarampion-en-una-nena-de-3-anos\/","title":{"rendered":"INFORMARON UN CASO SOSPECHOSO DE SARAMPI\u00d3N EN UNA NENA DE 3 A\u00d1OS"},"content":{"rendered":"<h3><strong>Edgar Ribba<\/strong>, director de Epidemiolog\u00eda y Bioestad\u00edstica, se refiri\u00f3 a un posible caso de sarampi\u00f3n que est\u00e1n tratando en el Hospital Pedi\u00e1trico de San Luis. Detall\u00f3 que como todas las enfermedades de notificaci\u00f3n obligatoria, ante la sospecha se procede a una serie de acciones a fin de controlar un posible brote: \u201cToda enfermedad que se presenta con fiebre y una erupci\u00f3n es notificada. Hay varias enfermedades y son pocas las de inter\u00e9s en salud p\u00fablica. Una de ellas es el sarampi\u00f3n\u201d, asever\u00f3.<\/h3>\n<h3>Se trata de una nena de tres a\u00f1os que presenta calendario de vacunaci\u00f3n completo: \u201cLa \u00faltima vacuna fue aplicada en octubre de 2022, tiene dos dosis, as\u00ed que se considera que est\u00e1 con vacunaci\u00f3n completa. Seguido a esto, se le realiza el examen de laboratorio correspondiente, dando posible caso de sarampi\u00f3n. Lo que hay que confirmarlo por un laboratorio especial que se realiza en el instituto Malbr\u00e1n. Estamos esperando la respuesta, porque puede haber interferido otros virus en el desarrollo de este primer laboratorio\u201d.<\/h3>\n<p>&nbsp;<\/p>\n<p><iframe title=\"Edgar Ribba, Direcci\u00f3n Epidemiolog\u00eda y Bioestad\u00edstica\" width=\"640\" height=\"360\" src=\"https:\/\/www.youtube.com\/embed\/k30CCFxiXts?feature=oembed\" frameborder=\"0\" allow=\"accelerometer; autoplay; clipboard-write; encrypted-media; gyroscope; picture-in-picture; web-share\" referrerpolicy=\"strict-origin-when-cross-origin\" allowfullscreen><\/iframe><\/p>\n<h3>No obstante, y sin esperar estos resultados, Vigilancia Epidemiol\u00f3gica comenz\u00f3 una serie de acciones: \u201cDurante el fin de semana se procedi\u00f3 a controlar las libretas de todos los contactos posibles, comprobando que el estado de vacunaci\u00f3n estuviera completo, lo cual fue as\u00ed. Y tambi\u00e9n se procedi\u00f3 a hacer una b\u00fasqueda activa de casos alrededor del domicilio donde ella habitualmente asist\u00eda. Tres domicilios. Se busc\u00f3 casa por casa durante alrededor de cinco manzanas. El resultado fue negativo, no hubo ning\u00fan caso sospechoso. Se contin\u00faa la vigilancia por si llega a aparecer alg\u00fan caso\u201d.<\/h3>\n<h3><strong>ANTECEDENTE<\/strong><\/h3>\n<h3>San Luis registr\u00f3 su \u00faltimo caso de sarampi\u00f3n entre los a\u00f1os 1997 y 1998, Argentina decret\u00f3 el fin de su circulaci\u00f3n en el a\u00f1o 2000. Reci\u00e9n hubo brotes en 2019 y 2020 en la provincia de Buenos Aires y CABA. Y este a\u00f1o en enero hubo un caso en Salta, un ni\u00f1o de 19 meses sin vacuna, y otro en CABA de un paciente de 6 a\u00f1os proveniente de Espa\u00f1a con una sola dosis.<\/h3>\n<h3>\u201cEs bueno remarcar la importancia de tener el calendario completo, la triple viral es la que corresponde a sarampi\u00f3n, rub\u00e9ola y paperas, se aplica al a\u00f1o y al ingreso escolar, esta nena no ten\u00eda la del ingreso, pero hubo una campa\u00f1a en 2022 en la cual se aplic\u00f3 la segunda dosis, por eso se considera completo. Esta familia no ha salido del pa\u00eds, no hay motivo para sospechar que haya sido contra\u00edda fuera\u201d, remarc\u00f3.<\/h3>\n<h3>El especialista agreg\u00f3 que el sarampi\u00f3n, \u201ccomo cualquier enfermedad febril exantem\u00e1tica, provoca fiebre y una erupci\u00f3n, un exantema en la piel, caracter\u00edstico. Aparte puede haber conjuntivitis, rinorrea, o sea, mucosidad, tos. Puede producir, sin la vacunaci\u00f3n, cuadros graves de neumon\u00eda, tipo hemorr\u00e1gica, por eso se hace hincapi\u00e9 en la vacunaci\u00f3n\u201d.<\/h3>\n<p>&nbsp;<\/p>\n<p>&nbsp;<\/p>\n<p>&nbsp;<\/p>\n<p>&nbsp;<\/p>\n<p>&nbsp;<\/p>\n<p>&nbsp;<\/p>\n","protected":false},"excerpt":{"rendered":"<p>Edgar Ribba, director de Epidemiolog\u00eda y Bioestad\u00edstica, se refiri\u00f3 a un posible caso de sarampi\u00f3n&#8230;<\/p>\n","protected":false},"author":1,"featured_media":18026,"comment_status":"closed","ping_status":"closed","sticky":false,"template":"","format":"standard","meta":{"footnotes":""},"categories":[6],"tags":[],"class_list":["post-18025","post","type-post","status-publish","format-standard","has-post-thumbnail","hentry","category-ciudad-provincia"],"yoast_head":"<!-- This site is optimized with the Yoast SEO plugin v26.1.1 - https:\/\/yoast.com\/wordpress\/plugins\/seo\/ -->\n<title>INFORMARON UN CASO SOSPECHOSO DE SARAMPI\u00d3N EN UNA NENA DE 3 A\u00d1OS - Apuntes de San Luis<\/title>\n<meta name=\"robots\" content=\"index, follow, max-snippet:-1, max-image-preview:large, max-video-preview:-1\" \/>\n<link rel=\"canonical\" href=\"https:\/\/apuntesdesanluis.com\/index.php\/2024\/06\/18\/informaron-un-caso-sospechoso-de-sarampion-en-una-nena-de-3-anos\/\" \/>\n<meta property=\"og:locale\" content=\"es_ES\" \/>\n<meta property=\"og:type\" content=\"article\" \/>\n<meta property=\"og:title\" content=\"INFORMARON UN CASO SOSPECHOSO DE SARAMPI\u00d3N EN UNA NENA DE 3 A\u00d1OS - Apuntes de San Luis\" \/>\n<meta property=\"og:description\" content=\"Edgar Ribba, director de Epidemiolog\u00eda y Bioestad\u00edstica, se refiri\u00f3 a un posible caso de sarampi\u00f3n...\" \/>\n<meta property=\"og:url\" content=\"https:\/\/apuntesdesanluis.com\/index.php\/2024\/06\/18\/informaron-un-caso-sospechoso-de-sarampion-en-una-nena-de-3-anos\/\" \/>\n<meta property=\"og:site_name\" content=\"Apuntes de San Luis\" \/>\n<meta property=\"article:published_time\" content=\"2024-06-18T22:58:30+00:00\" \/>\n<meta property=\"article:modified_time\" content=\"2024-06-18T22:59:05+00:00\" \/>\n<meta property=\"og:image\" content=\"https:\/\/apuntesdesanluis.com\/wp-content\/uploads\/2024\/06\/EDGAR-RIBBA.png\" \/>\n\t<meta property=\"og:image:width\" content=\"600\" \/>\n\t<meta property=\"og:image:height\" content=\"361\" \/>\n\t<meta property=\"og:image:type\" content=\"image\/png\" \/>\n<meta name=\"author\" content=\"apuntesdesanluis.com\" \/>\n<meta name=\"twitter:card\" content=\"summary_large_image\" \/>\n<meta name=\"twitter:label1\" content=\"Escrito por\" \/>\n\t<meta name=\"twitter:data1\" content=\"apuntesdesanluis.com\" \/>\n\t<meta name=\"twitter:label2\" content=\"Tiempo de lectura\" \/>\n\t<meta name=\"twitter:data2\" content=\"3 minutos\" \/>\n<script type=\"application\/ld+json\" class=\"yoast-schema-graph\">{\"@context\":\"https:\/\/schema.org\",\"@graph\":[{\"@type\":\"Article\",\"@id\":\"https:\/\/apuntesdesanluis.com\/index.php\/2024\/06\/18\/informaron-un-caso-sospechoso-de-sarampion-en-una-nena-de-3-anos\/#article\",\"isPartOf\":{\"@id\":\"https:\/\/apuntesdesanluis.com\/index.php\/2024\/06\/18\/informaron-un-caso-sospechoso-de-sarampion-en-una-nena-de-3-anos\/\"},\"author\":{\"name\":\"apuntesdesanluis.com\",\"@id\":\"https:\/\/apuntesdesanluis.com\/#\/schema\/person\/b55151d52296fcce64d1a72538a70b90\"},\"headline\":\"INFORMARON UN CASO SOSPECHOSO DE SARAMPI\u00d3N EN UNA NENA DE 3 A\u00d1OS\",\"datePublished\":\"2024-06-18T22:58:30+00:00\",\"dateModified\":\"2024-06-18T22:59:05+00:00\",\"mainEntityOfPage\":{\"@id\":\"https:\/\/apuntesdesanluis.com\/index.php\/2024\/06\/18\/informaron-un-caso-sospechoso-de-sarampion-en-una-nena-de-3-anos\/\"},\"wordCount\":522,\"publisher\":{\"@id\":\"https:\/\/apuntesdesanluis.com\/#\/schema\/person\/b55151d52296fcce64d1a72538a70b90\"},\"image\":{\"@id\":\"https:\/\/apuntesdesanluis.com\/index.php\/2024\/06\/18\/informaron-un-caso-sospechoso-de-sarampion-en-una-nena-de-3-anos\/#primaryimage\"},\"thumbnailUrl\":\"https:\/\/apuntesdesanluis.com\/wp-content\/uploads\/2024\/06\/EDGAR-RIBBA.png\",\"articleSection\":[\"Ciudad\/Provincia\"],\"inLanguage\":\"es-AR\"},{\"@type\":\"WebPage\",\"@id\":\"https:\/\/apuntesdesanluis.com\/index.php\/2024\/06\/18\/informaron-un-caso-sospechoso-de-sarampion-en-una-nena-de-3-anos\/\",\"url\":\"https:\/\/apuntesdesanluis.com\/index.php\/2024\/06\/18\/informaron-un-caso-sospechoso-de-sarampion-en-una-nena-de-3-anos\/\",\"name\":\"INFORMARON UN CASO SOSPECHOSO DE SARAMPI\u00d3N EN UNA NENA DE 3 A\u00d1OS - Apuntes de San Luis\",\"isPartOf\":{\"@id\":\"https:\/\/apuntesdesanluis.com\/#website\"},\"primaryImageOfPage\":{\"@id\":\"https:\/\/apuntesdesanluis.com\/index.php\/2024\/06\/18\/informaron-un-caso-sospechoso-de-sarampion-en-una-nena-de-3-anos\/#primaryimage\"},\"image\":{\"@id\":\"https:\/\/apuntesdesanluis.com\/index.php\/2024\/06\/18\/informaron-un-caso-sospechoso-de-sarampion-en-una-nena-de-3-anos\/#primaryimage\"},\"thumbnailUrl\":\"https:\/\/apuntesdesanluis.com\/wp-content\/uploads\/2024\/06\/EDGAR-RIBBA.png\",\"datePublished\":\"2024-06-18T22:58:30+00:00\",\"dateModified\":\"2024-06-18T22:59:05+00:00\",\"breadcrumb\":{\"@id\":\"https:\/\/apuntesdesanluis.com\/index.php\/2024\/06\/18\/informaron-un-caso-sospechoso-de-sarampion-en-una-nena-de-3-anos\/#breadcrumb\"},\"inLanguage\":\"es-AR\",\"potentialAction\":[{\"@type\":\"ReadAction\",\"target\":[\"https:\/\/apuntesdesanluis.com\/index.php\/2024\/06\/18\/informaron-un-caso-sospechoso-de-sarampion-en-una-nena-de-3-anos\/\"]}]},{\"@type\":\"ImageObject\",\"inLanguage\":\"es-AR\",\"@id\":\"https:\/\/apuntesdesanluis.com\/index.php\/2024\/06\/18\/informaron-un-caso-sospechoso-de-sarampion-en-una-nena-de-3-anos\/#primaryimage\",\"url\":\"https:\/\/apuntesdesanluis.com\/wp-content\/uploads\/2024\/06\/EDGAR-RIBBA.png\",\"contentUrl\":\"https:\/\/apuntesdesanluis.com\/wp-content\/uploads\/2024\/06\/EDGAR-RIBBA.png\",\"width\":600,\"height\":361},{\"@type\":\"BreadcrumbList\",\"@id\":\"https:\/\/apuntesdesanluis.com\/index.php\/2024\/06\/18\/informaron-un-caso-sospechoso-de-sarampion-en-una-nena-de-3-anos\/#breadcrumb\",\"itemListElement\":[{\"@type\":\"ListItem\",\"position\":1,\"name\":\"Inicio\",\"item\":\"https:\/\/apuntesdesanluis.com\/\"},{\"@type\":\"ListItem\",\"position\":2,\"name\":\"INFORMARON UN CASO SOSPECHOSO DE SARAMPI\u00d3N EN UNA NENA DE 3 A\u00d1OS\"}]},{\"@type\":\"WebSite\",\"@id\":\"https:\/\/apuntesdesanluis.com\/#website\",\"url\":\"https:\/\/apuntesdesanluis.com\/\",\"name\":\"Apuntes de San Luis\",\"description\":\"\",\"publisher\":{\"@id\":\"https:\/\/apuntesdesanluis.com\/#\/schema\/person\/b55151d52296fcce64d1a72538a70b90\"},\"potentialAction\":[{\"@type\":\"SearchAction\",\"target\":{\"@type\":\"EntryPoint\",\"urlTemplate\":\"https:\/\/apuntesdesanluis.com\/?s={search_term_string}\"},\"query-input\":{\"@type\":\"PropertyValueSpecification\",\"valueRequired\":true,\"valueName\":\"search_term_string\"}}],\"inLanguage\":\"es-AR\"},{\"@type\":[\"Person\",\"Organization\"],\"@id\":\"https:\/\/apuntesdesanluis.com\/#\/schema\/person\/b55151d52296fcce64d1a72538a70b90\",\"name\":\"apuntesdesanluis.com\",\"image\":{\"@type\":\"ImageObject\",\"inLanguage\":\"es-AR\",\"@id\":\"https:\/\/apuntesdesanluis.com\/#\/schema\/person\/image\/\",\"url\":\"https:\/\/apuntesdesanluis.com\/wp-content\/uploads\/2023\/07\/cropped-apuntesdesanluis.png\",\"contentUrl\":\"https:\/\/apuntesdesanluis.com\/wp-content\/uploads\/2023\/07\/cropped-apuntesdesanluis.png\",\"width\":450,\"height\":112,\"caption\":\"apuntesdesanluis.com\"},\"logo\":{\"@id\":\"https:\/\/apuntesdesanluis.com\/#\/schema\/person\/image\/\"},\"sameAs\":[\"https:\/\/apuntesdesanluis.com\"],\"url\":\"https:\/\/apuntesdesanluis.com\/index.php\/author\/apuntesdesanluis-com\/\"}]}<\/script>\n<!-- \/ Yoast SEO plugin. -->","yoast_head_json":{"title":"INFORMARON UN CASO SOSPECHOSO DE SARAMPI\u00d3N EN UNA NENA DE 3 A\u00d1OS - Apuntes de San Luis","robots":{"index":"index","follow":"follow","max-snippet":"max-snippet:-1","max-image-preview":"max-image-preview:large","max-video-preview":"max-video-preview:-1"},"canonical":"https:\/\/apuntesdesanluis.com\/index.php\/2024\/06\/18\/informaron-un-caso-sospechoso-de-sarampion-en-una-nena-de-3-anos\/","og_locale":"es_ES","og_type":"article","og_title":"INFORMARON UN CASO SOSPECHOSO DE SARAMPI\u00d3N EN UNA NENA DE 3 A\u00d1OS - Apuntes de San Luis","og_description":"Edgar Ribba, director de Epidemiolog\u00eda y Bioestad\u00edstica, se refiri\u00f3 a un posible caso de sarampi\u00f3n...","og_url":"https:\/\/apuntesdesanluis.com\/index.php\/2024\/06\/18\/informaron-un-caso-sospechoso-de-sarampion-en-una-nena-de-3-anos\/","og_site_name":"Apuntes de San Luis","article_published_time":"2024-06-18T22:58:30+00:00","article_modified_time":"2024-06-18T22:59:05+00:00","og_image":[{"width":600,"height":361,"url":"https:\/\/apuntesdesanluis.com\/wp-content\/uploads\/2024\/06\/EDGAR-RIBBA.png","type":"image\/png"}],"author":"apuntesdesanluis.com","twitter_card":"summary_large_image","twitter_misc":{"Escrito por":"apuntesdesanluis.com","Tiempo de lectura":"3 minutos"},"schema":{"@context":"https:\/\/schema.org","@graph":[{"@type":"Article","@id":"https:\/\/apuntesdesanluis.com\/index.php\/2024\/06\/18\/informaron-un-caso-sospechoso-de-sarampion-en-una-nena-de-3-anos\/#article","isPartOf":{"@id":"https:\/\/apuntesdesanluis.com\/index.php\/2024\/06\/18\/informaron-un-caso-sospechoso-de-sarampion-en-una-nena-de-3-anos\/"},"author":{"name":"apuntesdesanluis.com","@id":"https:\/\/apuntesdesanluis.com\/#\/schema\/person\/b55151d52296fcce64d1a72538a70b90"},"headline":"INFORMARON UN CASO SOSPECHOSO DE SARAMPI\u00d3N EN UNA NENA DE 3 A\u00d1OS","datePublished":"2024-06-18T22:58:30+00:00","dateModified":"2024-06-18T22:59:05+00:00","mainEntityOfPage":{"@id":"https:\/\/apuntesdesanluis.com\/index.php\/2024\/06\/18\/informaron-un-caso-sospechoso-de-sarampion-en-una-nena-de-3-anos\/"},"wordCount":522,"publisher":{"@id":"https:\/\/apuntesdesanluis.com\/#\/schema\/person\/b55151d52296fcce64d1a72538a70b90"},"image":{"@id":"https:\/\/apuntesdesanluis.com\/index.php\/2024\/06\/18\/informaron-un-caso-sospechoso-de-sarampion-en-una-nena-de-3-anos\/#primaryimage"},"thumbnailUrl":"https:\/\/apuntesdesanluis.com\/wp-content\/uploads\/2024\/06\/EDGAR-RIBBA.png","articleSection":["Ciudad\/Provincia"],"inLanguage":"es-AR"},{"@type":"WebPage","@id":"https:\/\/apuntesdesanluis.com\/index.php\/2024\/06\/18\/informaron-un-caso-sospechoso-de-sarampion-en-una-nena-de-3-anos\/","url":"https:\/\/apuntesdesanluis.com\/index.php\/2024\/06\/18\/informaron-un-caso-sospechoso-de-sarampion-en-una-nena-de-3-anos\/","name":"INFORMARON UN CASO SOSPECHOSO DE SARAMPI\u00d3N EN UNA NENA DE 3 A\u00d1OS - Apuntes de San Luis","isPartOf":{"@id":"https:\/\/apuntesdesanluis.com\/#website"},"primaryImageOfPage":{"@id":"https:\/\/apuntesdesanluis.com\/index.php\/2024\/06\/18\/informaron-un-caso-sospechoso-de-sarampion-en-una-nena-de-3-anos\/#primaryimage"},"image":{"@id":"https:\/\/apuntesdesanluis.com\/index.php\/2024\/06\/18\/informaron-un-caso-sospechoso-de-sarampion-en-una-nena-de-3-anos\/#primaryimage"},"thumbnailUrl":"https:\/\/apuntesdesanluis.com\/wp-content\/uploads\/2024\/06\/EDGAR-RIBBA.png","datePublished":"2024-06-18T22:58:30+00:00","dateModified":"2024-06-18T22:59:05+00:00","breadcrumb":{"@id":"https:\/\/apuntesdesanluis.com\/index.php\/2024\/06\/18\/informaron-un-caso-sospechoso-de-sarampion-en-una-nena-de-3-anos\/#breadcrumb"},"inLanguage":"es-AR","potentialAction":[{"@type":"ReadAction","target":["https:\/\/apuntesdesanluis.com\/index.php\/2024\/06\/18\/informaron-un-caso-sospechoso-de-sarampion-en-una-nena-de-3-anos\/"]}]},{"@type":"ImageObject","inLanguage":"es-AR","@id":"https:\/\/apuntesdesanluis.com\/index.php\/2024\/06\/18\/informaron-un-caso-sospechoso-de-sarampion-en-una-nena-de-3-anos\/#primaryimage","url":"https:\/\/apuntesdesanluis.com\/wp-content\/uploads\/2024\/06\/EDGAR-RIBBA.png","contentUrl":"https:\/\/apuntesdesanluis.com\/wp-content\/uploads\/2024\/06\/EDGAR-RIBBA.png","width":600,"height":361},{"@type":"BreadcrumbList","@id":"https:\/\/apuntesdesanluis.com\/index.php\/2024\/06\/18\/informaron-un-caso-sospechoso-de-sarampion-en-una-nena-de-3-anos\/#breadcrumb","itemListElement":[{"@type":"ListItem","position":1,"name":"Inicio","item":"https:\/\/apuntesdesanluis.com\/"},{"@type":"ListItem","position":2,"name":"INFORMARON UN CASO SOSPECHOSO DE SARAMPI\u00d3N EN UNA NENA DE 3 A\u00d1OS"}]},{"@type":"WebSite","@id":"https:\/\/apuntesdesanluis.com\/#website","url":"https:\/\/apuntesdesanluis.com\/","name":"Apuntes de San Luis","description":"","publisher":{"@id":"https:\/\/apuntesdesanluis.com\/#\/schema\/person\/b55151d52296fcce64d1a72538a70b90"},"potentialAction":[{"@type":"SearchAction","target":{"@type":"EntryPoint","urlTemplate":"https:\/\/apuntesdesanluis.com\/?s={search_term_string}"},"query-input":{"@type":"PropertyValueSpecification","valueRequired":true,"valueName":"search_term_string"}}],"inLanguage":"es-AR"},{"@type":["Person","Organization"],"@id":"https:\/\/apuntesdesanluis.com\/#\/schema\/person\/b55151d52296fcce64d1a72538a70b90","name":"apuntesdesanluis.com","image":{"@type":"ImageObject","inLanguage":"es-AR","@id":"https:\/\/apuntesdesanluis.com\/#\/schema\/person\/image\/","url":"https:\/\/apuntesdesanluis.com\/wp-content\/uploads\/2023\/07\/cropped-apuntesdesanluis.png","contentUrl":"https:\/\/apuntesdesanluis.com\/wp-content\/uploads\/2023\/07\/cropped-apuntesdesanluis.png","width":450,"height":112,"caption":"apuntesdesanluis.com"},"logo":{"@id":"https:\/\/apuntesdesanluis.com\/#\/schema\/person\/image\/"},"sameAs":["https:\/\/apuntesdesanluis.com"],"url":"https:\/\/apuntesdesanluis.com\/index.php\/author\/apuntesdesanluis-com\/"}]}},"featured_image_urls":{"full":["https:\/\/apuntesdesanluis.com\/wp-content\/uploads\/2024\/06\/EDGAR-RIBBA.png",600,361,false],"thumbnail":["https:\/\/apuntesdesanluis.com\/wp-content\/uploads\/2024\/06\/EDGAR-RIBBA-150x150.png",150,150,true],"medium":["https:\/\/apuntesdesanluis.com\/wp-content\/uploads\/2024\/06\/EDGAR-RIBBA-300x181.png",300,181,true],"medium_large":["https:\/\/apuntesdesanluis.com\/wp-content\/uploads\/2024\/06\/EDGAR-RIBBA.png",600,361,false],"large":["https:\/\/apuntesdesanluis.com\/wp-content\/uploads\/2024\/06\/EDGAR-RIBBA.png",600,361,false],"1536x1536":["https:\/\/apuntesdesanluis.com\/wp-content\/uploads\/2024\/06\/EDGAR-RIBBA.png",600,361,false],"2048x2048":["https:\/\/apuntesdesanluis.com\/wp-content\/uploads\/2024\/06\/EDGAR-RIBBA.png",600,361,false],"newsever-slider-full":["https:\/\/apuntesdesanluis.com\/wp-content\/uploads\/2024\/06\/EDGAR-RIBBA.png",600,361,false],"newsever-featured":["https:\/\/apuntesdesanluis.com\/wp-content\/uploads\/2024\/06\/EDGAR-RIBBA.png",600,361,false],"newsever-medium":["https:\/\/apuntesdesanluis.com\/wp-content\/uploads\/2024\/06\/EDGAR-RIBBA.png",600,361,false]},"author_info":{"display_name":"apuntesdesanluis.com","author_link":"https:\/\/apuntesdesanluis.com\/index.php\/author\/apuntesdesanluis-com\/"},"category_info":"<a href=\"https:\/\/apuntesdesanluis.com\/index.php\/category\/ciudad-provincia\/\" rel=\"category tag\">Ciudad\/Provincia<\/a>","tag_info":"Ciudad\/Provincia","comment_count":"0","_links":{"self":[{"href":"https:\/\/apuntesdesanluis.com\/index.php\/wp-json\/wp\/v2\/posts\/18025","targetHints":{"allow":["GET"]}}],"collection":[{"href":"https:\/\/apuntesdesanluis.com\/index.php\/wp-json\/wp\/v2\/posts"}],"about":[{"href":"https:\/\/apuntesdesanluis.com\/index.php\/wp-json\/wp\/v2\/types\/post"}],"author":[{"embeddable":true,"href":"https:\/\/apuntesdesanluis.com\/index.php\/wp-json\/wp\/v2\/users\/1"}],"replies":[{"embeddable":true,"href":"https:\/\/apuntesdesanluis.com\/index.php\/wp-json\/wp\/v2\/comments?post=18025"}],"version-history":[{"count":2,"href":"https:\/\/apuntesdesanluis.com\/index.php\/wp-json\/wp\/v2\/posts\/18025\/revisions"}],"predecessor-version":[{"id":18028,"href":"https:\/\/apuntesdesanluis.com\/index.php\/wp-json\/wp\/v2\/posts\/18025\/revisions\/18028"}],"wp:featuredmedia":[{"embeddable":true,"href":"https:\/\/apuntesdesanluis.com\/index.php\/wp-json\/wp\/v2\/media\/18026"}],"wp:attachment":[{"href":"https:\/\/apuntesdesanluis.com\/index.php\/wp-json\/wp\/v2\/media?parent=18025"}],"wp:term":[{"taxonomy":"category","embeddable":true,"href":"https:\/\/apuntesdesanluis.com\/index.php\/wp-json\/wp\/v2\/categories?post=18025"},{"taxonomy":"post_tag","embeddable":true,"href":"https:\/\/apuntesdesanluis.com\/index.php\/wp-json\/wp\/v2\/tags?post=18025"}],"curies":[{"name":"wp","href":"https:\/\/api.w.org\/{rel}","templated":true}]}}