{"id":18029,"date":"2024-06-18T19:02:39","date_gmt":"2024-06-18T22:02:39","guid":{"rendered":"https:\/\/apuntesdesanluis.com\/?p=18029"},"modified":"2024-06-18T20:07:26","modified_gmt":"2024-06-18T23:07:26","slug":"otras-cinco-intendencias-pactaron-el-inicio-de-obras-publicas","status":"publish","type":"post","link":"https:\/\/apuntesdesanluis.com\/index.php\/2024\/06\/18\/otras-cinco-intendencias-pactaron-el-inicio-de-obras-publicas\/","title":{"rendered":"OTRAS CINCO INTENDENCIAS PACTARON EL INICIO DE OBRAS P\u00daBLICAS"},"content":{"rendered":"<h3>Este martes, en el Centro Cultural de Santa Rosa del Conlara, cinco intendentes firmaron el convenio \u2018Construyendo con tu Pueblo\u2019, la iniciativa que puso en marcha el gobierno provincial con el objetivo que los municipios inicien obras p\u00fablicas que beneficien a los vecinos de cada localidad, y de paso haya una mejora en el alumbrado p\u00fablico para combatir la inseguridad.<\/h3>\n<h3>El acto fue encabezado por el vicegobernador, <strong>Ricardo Endeiza<\/strong>, en representaci\u00f3n del Ejecutivo. En esta ocasi\u00f3n firmaron los intendentes de Santa Rosa, <strong>Miguel Postiguillo<\/strong>; de Naschel, <strong>Valeria Kuhn<\/strong>; de Concar\u00e1n, <strong>Marcelo Gil<\/strong>; de Talita, <strong>Karina Maidana;<\/strong> y de <strong>Tilisarao<\/strong>, Juan Manuel Olgu\u00edn.<\/h3>\n<h3><img fetchpriority=\"high\" decoding=\"async\" class=\"wp-image-18031 aligncenter\" src=\"https:\/\/apuntesdesanluis.com\/wp-content\/uploads\/2024\/06\/seis-271x300.png\" alt=\"\" width=\"749\" height=\"829\" srcset=\"https:\/\/apuntesdesanluis.com\/wp-content\/uploads\/2024\/06\/seis-271x300.png 271w, https:\/\/apuntesdesanluis.com\/wp-content\/uploads\/2024\/06\/seis.png 600w\" sizes=\"(max-width: 749px) 100vw, 749px\" \/><\/h3>\n<h3>Entre los ejes pautados dentro de \u2018Construyendo con tu Pueblo\u2019, el principal es el inicio de obras p\u00fablicas a trav\u00e9s de un fondo com\u00fan entre Provincia y Municipio. Tambi\u00e9n cada representante comunal deber\u00e1 priorizar la mano de obra y el \u2018compre local\u2019 y destinar el 30% del presupuesto en luminaria p\u00fablica con el objetivo de reforzar la seguridad en todos los pueblos.<\/h3>\n<h3>\u201cEs una acci\u00f3n muy importante para esta localidad, que genera un movimiento econ\u00f3mico interesante, ya que este proyecto consta de mano de obra de los vecinos y un compre local\u201d, coment\u00f3 el jefe comunal de Concar\u00e1n, quien anticip\u00f3 que los m\u00e1s de 48 millones de pesos se destinar\u00e1n a la reconstrucci\u00f3n del pueblo tras un fuerte temporal sucedido a principio de a\u00f1o.<\/h3>\n<h3>Por su parte, el intendente de Tilisarao, Juan Manuel Olgu\u00edn, se\u00f1al\u00f3: \u201cEstamos ac\u00e1 aportando, construyendo, como dice el programa, para que la Provincia y los municipios puedan trabajar en conjunto y as\u00ed desarrollar, crear y generar progreso econ\u00f3mico en los pueblos del interior\u201d.<\/h3>\n<p><img decoding=\"async\" class=\"wp-image-18032 aligncenter\" src=\"https:\/\/apuntesdesanluis.com\/wp-content\/uploads\/2024\/06\/endeiza-olguin-300x203.png\" alt=\"\" width=\"749\" height=\"507\" srcset=\"https:\/\/apuntesdesanluis.com\/wp-content\/uploads\/2024\/06\/endeiza-olguin-300x203.png 300w, https:\/\/apuntesdesanluis.com\/wp-content\/uploads\/2024\/06\/endeiza-olguin.png 699w\" sizes=\"(max-width: 749px) 100vw, 749px\" \/><\/p>\n<h3>El titular municipal inform\u00f3 que parte del dinero estar\u00e1 destinado \u201ca realizar adoquinados de calle\u201d. Como establece el convenio, un 30% se debe destinar a luminaria LED o al recambio de la ya existente, pero Olgu\u00edn pretende un cambio: \u201cComo ya tenemos la luminaria completa desde hace un par de a\u00f1os, buscamos la manera de que ese 30% tambi\u00e9n vaya dentro de la obra para poder adoquinar m\u00e1s calles\u201d.<\/h3>\n<h3>Olgu\u00edn destac\u00f3 que \u201cm\u00e1s all\u00e1 de cualquier bander\u00eda pol\u00edtica, trabajamos en conjunto, todos iguales. Eso es muy positivo porque en estos tiempos tan complicados hablar de obras millonarias no es f\u00e1cil\u201d.<\/h3>\n<p>&nbsp;<\/p>\n<p>&nbsp;<\/p>\n<p>&nbsp;<\/p>\n","protected":false},"excerpt":{"rendered":"<p>Este martes, en el Centro Cultural de Santa Rosa del Conlara, cinco intendentes firmaron el&#8230;<\/p>\n","protected":false},"author":1,"featured_media":18030,"comment_status":"closed","ping_status":"closed","sticky":false,"template":"","format":"standard","meta":{"footnotes":""},"categories":[6],"tags":[],"class_list":["post-18029","post","type-post","status-publish","format-standard","has-post-thumbnail","hentry","category-ciudad-provincia"],"yoast_head":"<!-- This site is optimized with the Yoast SEO plugin v26.1.1 - https:\/\/yoast.com\/wordpress\/plugins\/seo\/ -->\n<title>OTRAS CINCO INTENDENCIAS PACTARON EL INICIO DE OBRAS P\u00daBLICAS - Apuntes de San Luis<\/title>\n<meta name=\"robots\" content=\"index, follow, max-snippet:-1, max-image-preview:large, max-video-preview:-1\" \/>\n<link rel=\"canonical\" href=\"https:\/\/apuntesdesanluis.com\/index.php\/2024\/06\/18\/otras-cinco-intendencias-pactaron-el-inicio-de-obras-publicas\/\" \/>\n<meta property=\"og:locale\" content=\"es_ES\" \/>\n<meta property=\"og:type\" content=\"article\" \/>\n<meta property=\"og:title\" content=\"OTRAS CINCO INTENDENCIAS PACTARON EL INICIO DE OBRAS P\u00daBLICAS - Apuntes de San Luis\" \/>\n<meta property=\"og:description\" content=\"Este martes, en el Centro Cultural de Santa Rosa del Conlara, cinco intendentes firmaron el...\" \/>\n<meta property=\"og:url\" content=\"https:\/\/apuntesdesanluis.com\/index.php\/2024\/06\/18\/otras-cinco-intendencias-pactaron-el-inicio-de-obras-publicas\/\" \/>\n<meta property=\"og:site_name\" content=\"Apuntes de San Luis\" \/>\n<meta property=\"article:published_time\" content=\"2024-06-18T22:02:39+00:00\" \/>\n<meta property=\"article:modified_time\" content=\"2024-06-18T23:07:26+00:00\" \/>\n<meta property=\"og:image\" content=\"https:\/\/apuntesdesanluis.com\/wp-content\/uploads\/2024\/06\/intendentes-con-endeiza.png\" \/>\n\t<meta property=\"og:image:width\" content=\"700\" \/>\n\t<meta property=\"og:image:height\" content=\"438\" \/>\n\t<meta property=\"og:image:type\" content=\"image\/png\" \/>\n<meta name=\"author\" content=\"apuntesdesanluis.com\" \/>\n<meta name=\"twitter:card\" content=\"summary_large_image\" \/>\n<meta name=\"twitter:label1\" content=\"Escrito por\" \/>\n\t<meta name=\"twitter:data1\" content=\"apuntesdesanluis.com\" \/>\n\t<meta name=\"twitter:label2\" content=\"Tiempo de lectura\" \/>\n\t<meta name=\"twitter:data2\" content=\"3 minutos\" \/>\n<script type=\"application\/ld+json\" class=\"yoast-schema-graph\">{\"@context\":\"https:\/\/schema.org\",\"@graph\":[{\"@type\":\"Article\",\"@id\":\"https:\/\/apuntesdesanluis.com\/index.php\/2024\/06\/18\/otras-cinco-intendencias-pactaron-el-inicio-de-obras-publicas\/#article\",\"isPartOf\":{\"@id\":\"https:\/\/apuntesdesanluis.com\/index.php\/2024\/06\/18\/otras-cinco-intendencias-pactaron-el-inicio-de-obras-publicas\/\"},\"author\":{\"name\":\"apuntesdesanluis.com\",\"@id\":\"https:\/\/apuntesdesanluis.com\/#\/schema\/person\/b55151d52296fcce64d1a72538a70b90\"},\"headline\":\"OTRAS CINCO INTENDENCIAS PACTARON EL INICIO DE OBRAS P\u00daBLICAS\",\"datePublished\":\"2024-06-18T22:02:39+00:00\",\"dateModified\":\"2024-06-18T23:07:26+00:00\",\"mainEntityOfPage\":{\"@id\":\"https:\/\/apuntesdesanluis.com\/index.php\/2024\/06\/18\/otras-cinco-intendencias-pactaron-el-inicio-de-obras-publicas\/\"},\"wordCount\":408,\"publisher\":{\"@id\":\"https:\/\/apuntesdesanluis.com\/#\/schema\/person\/b55151d52296fcce64d1a72538a70b90\"},\"image\":{\"@id\":\"https:\/\/apuntesdesanluis.com\/index.php\/2024\/06\/18\/otras-cinco-intendencias-pactaron-el-inicio-de-obras-publicas\/#primaryimage\"},\"thumbnailUrl\":\"https:\/\/apuntesdesanluis.com\/wp-content\/uploads\/2024\/06\/intendentes-con-endeiza.png\",\"articleSection\":[\"Ciudad\/Provincia\"],\"inLanguage\":\"es-AR\"},{\"@type\":\"WebPage\",\"@id\":\"https:\/\/apuntesdesanluis.com\/index.php\/2024\/06\/18\/otras-cinco-intendencias-pactaron-el-inicio-de-obras-publicas\/\",\"url\":\"https:\/\/apuntesdesanluis.com\/index.php\/2024\/06\/18\/otras-cinco-intendencias-pactaron-el-inicio-de-obras-publicas\/\",\"name\":\"OTRAS CINCO INTENDENCIAS PACTARON EL INICIO DE OBRAS P\u00daBLICAS - Apuntes de San Luis\",\"isPartOf\":{\"@id\":\"https:\/\/apuntesdesanluis.com\/#website\"},\"primaryImageOfPage\":{\"@id\":\"https:\/\/apuntesdesanluis.com\/index.php\/2024\/06\/18\/otras-cinco-intendencias-pactaron-el-inicio-de-obras-publicas\/#primaryimage\"},\"image\":{\"@id\":\"https:\/\/apuntesdesanluis.com\/index.php\/2024\/06\/18\/otras-cinco-intendencias-pactaron-el-inicio-de-obras-publicas\/#primaryimage\"},\"thumbnailUrl\":\"https:\/\/apuntesdesanluis.com\/wp-content\/uploads\/2024\/06\/intendentes-con-endeiza.png\",\"datePublished\":\"2024-06-18T22:02:39+00:00\",\"dateModified\":\"2024-06-18T23:07:26+00:00\",\"breadcrumb\":{\"@id\":\"https:\/\/apuntesdesanluis.com\/index.php\/2024\/06\/18\/otras-cinco-intendencias-pactaron-el-inicio-de-obras-publicas\/#breadcrumb\"},\"inLanguage\":\"es-AR\",\"potentialAction\":[{\"@type\":\"ReadAction\",\"target\":[\"https:\/\/apuntesdesanluis.com\/index.php\/2024\/06\/18\/otras-cinco-intendencias-pactaron-el-inicio-de-obras-publicas\/\"]}]},{\"@type\":\"ImageObject\",\"inLanguage\":\"es-AR\",\"@id\":\"https:\/\/apuntesdesanluis.com\/index.php\/2024\/06\/18\/otras-cinco-intendencias-pactaron-el-inicio-de-obras-publicas\/#primaryimage\",\"url\":\"https:\/\/apuntesdesanluis.com\/wp-content\/uploads\/2024\/06\/intendentes-con-endeiza.png\",\"contentUrl\":\"https:\/\/apuntesdesanluis.com\/wp-content\/uploads\/2024\/06\/intendentes-con-endeiza.png\",\"width\":700,\"height\":438},{\"@type\":\"BreadcrumbList\",\"@id\":\"https:\/\/apuntesdesanluis.com\/index.php\/2024\/06\/18\/otras-cinco-intendencias-pactaron-el-inicio-de-obras-publicas\/#breadcrumb\",\"itemListElement\":[{\"@type\":\"ListItem\",\"position\":1,\"name\":\"Inicio\",\"item\":\"https:\/\/apuntesdesanluis.com\/\"},{\"@type\":\"ListItem\",\"position\":2,\"name\":\"OTRAS CINCO INTENDENCIAS PACTARON EL INICIO DE OBRAS P\u00daBLICAS\"}]},{\"@type\":\"WebSite\",\"@id\":\"https:\/\/apuntesdesanluis.com\/#website\",\"url\":\"https:\/\/apuntesdesanluis.com\/\",\"name\":\"Apuntes de San Luis\",\"description\":\"\",\"publisher\":{\"@id\":\"https:\/\/apuntesdesanluis.com\/#\/schema\/person\/b55151d52296fcce64d1a72538a70b90\"},\"potentialAction\":[{\"@type\":\"SearchAction\",\"target\":{\"@type\":\"EntryPoint\",\"urlTemplate\":\"https:\/\/apuntesdesanluis.com\/?s={search_term_string}\"},\"query-input\":{\"@type\":\"PropertyValueSpecification\",\"valueRequired\":true,\"valueName\":\"search_term_string\"}}],\"inLanguage\":\"es-AR\"},{\"@type\":[\"Person\",\"Organization\"],\"@id\":\"https:\/\/apuntesdesanluis.com\/#\/schema\/person\/b55151d52296fcce64d1a72538a70b90\",\"name\":\"apuntesdesanluis.com\",\"image\":{\"@type\":\"ImageObject\",\"inLanguage\":\"es-AR\",\"@id\":\"https:\/\/apuntesdesanluis.com\/#\/schema\/person\/image\/\",\"url\":\"https:\/\/apuntesdesanluis.com\/wp-content\/uploads\/2023\/07\/cropped-apuntesdesanluis.png\",\"contentUrl\":\"https:\/\/apuntesdesanluis.com\/wp-content\/uploads\/2023\/07\/cropped-apuntesdesanluis.png\",\"width\":450,\"height\":112,\"caption\":\"apuntesdesanluis.com\"},\"logo\":{\"@id\":\"https:\/\/apuntesdesanluis.com\/#\/schema\/person\/image\/\"},\"sameAs\":[\"https:\/\/apuntesdesanluis.com\"],\"url\":\"https:\/\/apuntesdesanluis.com\/index.php\/author\/apuntesdesanluis-com\/\"}]}<\/script>\n<!-- \/ Yoast SEO plugin. -->","yoast_head_json":{"title":"OTRAS CINCO INTENDENCIAS PACTARON EL INICIO DE OBRAS P\u00daBLICAS - Apuntes de San Luis","robots":{"index":"index","follow":"follow","max-snippet":"max-snippet:-1","max-image-preview":"max-image-preview:large","max-video-preview":"max-video-preview:-1"},"canonical":"https:\/\/apuntesdesanluis.com\/index.php\/2024\/06\/18\/otras-cinco-intendencias-pactaron-el-inicio-de-obras-publicas\/","og_locale":"es_ES","og_type":"article","og_title":"OTRAS CINCO INTENDENCIAS PACTARON EL INICIO DE OBRAS P\u00daBLICAS - Apuntes de San Luis","og_description":"Este martes, en el Centro Cultural de Santa Rosa del Conlara, cinco intendentes firmaron el...","og_url":"https:\/\/apuntesdesanluis.com\/index.php\/2024\/06\/18\/otras-cinco-intendencias-pactaron-el-inicio-de-obras-publicas\/","og_site_name":"Apuntes de San Luis","article_published_time":"2024-06-18T22:02:39+00:00","article_modified_time":"2024-06-18T23:07:26+00:00","og_image":[{"width":700,"height":438,"url":"https:\/\/apuntesdesanluis.com\/wp-content\/uploads\/2024\/06\/intendentes-con-endeiza.png","type":"image\/png"}],"author":"apuntesdesanluis.com","twitter_card":"summary_large_image","twitter_misc":{"Escrito por":"apuntesdesanluis.com","Tiempo de lectura":"3 minutos"},"schema":{"@context":"https:\/\/schema.org","@graph":[{"@type":"Article","@id":"https:\/\/apuntesdesanluis.com\/index.php\/2024\/06\/18\/otras-cinco-intendencias-pactaron-el-inicio-de-obras-publicas\/#article","isPartOf":{"@id":"https:\/\/apuntesdesanluis.com\/index.php\/2024\/06\/18\/otras-cinco-intendencias-pactaron-el-inicio-de-obras-publicas\/"},"author":{"name":"apuntesdesanluis.com","@id":"https:\/\/apuntesdesanluis.com\/#\/schema\/person\/b55151d52296fcce64d1a72538a70b90"},"headline":"OTRAS CINCO INTENDENCIAS PACTARON EL INICIO DE OBRAS P\u00daBLICAS","datePublished":"2024-06-18T22:02:39+00:00","dateModified":"2024-06-18T23:07:26+00:00","mainEntityOfPage":{"@id":"https:\/\/apuntesdesanluis.com\/index.php\/2024\/06\/18\/otras-cinco-intendencias-pactaron-el-inicio-de-obras-publicas\/"},"wordCount":408,"publisher":{"@id":"https:\/\/apuntesdesanluis.com\/#\/schema\/person\/b55151d52296fcce64d1a72538a70b90"},"image":{"@id":"https:\/\/apuntesdesanluis.com\/index.php\/2024\/06\/18\/otras-cinco-intendencias-pactaron-el-inicio-de-obras-publicas\/#primaryimage"},"thumbnailUrl":"https:\/\/apuntesdesanluis.com\/wp-content\/uploads\/2024\/06\/intendentes-con-endeiza.png","articleSection":["Ciudad\/Provincia"],"inLanguage":"es-AR"},{"@type":"WebPage","@id":"https:\/\/apuntesdesanluis.com\/index.php\/2024\/06\/18\/otras-cinco-intendencias-pactaron-el-inicio-de-obras-publicas\/","url":"https:\/\/apuntesdesanluis.com\/index.php\/2024\/06\/18\/otras-cinco-intendencias-pactaron-el-inicio-de-obras-publicas\/","name":"OTRAS CINCO INTENDENCIAS PACTARON EL INICIO DE OBRAS P\u00daBLICAS - Apuntes de San Luis","isPartOf":{"@id":"https:\/\/apuntesdesanluis.com\/#website"},"primaryImageOfPage":{"@id":"https:\/\/apuntesdesanluis.com\/index.php\/2024\/06\/18\/otras-cinco-intendencias-pactaron-el-inicio-de-obras-publicas\/#primaryimage"},"image":{"@id":"https:\/\/apuntesdesanluis.com\/index.php\/2024\/06\/18\/otras-cinco-intendencias-pactaron-el-inicio-de-obras-publicas\/#primaryimage"},"thumbnailUrl":"https:\/\/apuntesdesanluis.com\/wp-content\/uploads\/2024\/06\/intendentes-con-endeiza.png","datePublished":"2024-06-18T22:02:39+00:00","dateModified":"2024-06-18T23:07:26+00:00","breadcrumb":{"@id":"https:\/\/apuntesdesanluis.com\/index.php\/2024\/06\/18\/otras-cinco-intendencias-pactaron-el-inicio-de-obras-publicas\/#breadcrumb"},"inLanguage":"es-AR","potentialAction":[{"@type":"ReadAction","target":["https:\/\/apuntesdesanluis.com\/index.php\/2024\/06\/18\/otras-cinco-intendencias-pactaron-el-inicio-de-obras-publicas\/"]}]},{"@type":"ImageObject","inLanguage":"es-AR","@id":"https:\/\/apuntesdesanluis.com\/index.php\/2024\/06\/18\/otras-cinco-intendencias-pactaron-el-inicio-de-obras-publicas\/#primaryimage","url":"https:\/\/apuntesdesanluis.com\/wp-content\/uploads\/2024\/06\/intendentes-con-endeiza.png","contentUrl":"https:\/\/apuntesdesanluis.com\/wp-content\/uploads\/2024\/06\/intendentes-con-endeiza.png","width":700,"height":438},{"@type":"BreadcrumbList","@id":"https:\/\/apuntesdesanluis.com\/index.php\/2024\/06\/18\/otras-cinco-intendencias-pactaron-el-inicio-de-obras-publicas\/#breadcrumb","itemListElement":[{"@type":"ListItem","position":1,"name":"Inicio","item":"https:\/\/apuntesdesanluis.com\/"},{"@type":"ListItem","position":2,"name":"OTRAS CINCO INTENDENCIAS PACTARON EL INICIO DE OBRAS P\u00daBLICAS"}]},{"@type":"WebSite","@id":"https:\/\/apuntesdesanluis.com\/#website","url":"https:\/\/apuntesdesanluis.com\/","name":"Apuntes de San Luis","description":"","publisher":{"@id":"https:\/\/apuntesdesanluis.com\/#\/schema\/person\/b55151d52296fcce64d1a72538a70b90"},"potentialAction":[{"@type":"SearchAction","target":{"@type":"EntryPoint","urlTemplate":"https:\/\/apuntesdesanluis.com\/?s={search_term_string}"},"query-input":{"@type":"PropertyValueSpecification","valueRequired":true,"valueName":"search_term_string"}}],"inLanguage":"es-AR"},{"@type":["Person","Organization"],"@id":"https:\/\/apuntesdesanluis.com\/#\/schema\/person\/b55151d52296fcce64d1a72538a70b90","name":"apuntesdesanluis.com","image":{"@type":"ImageObject","inLanguage":"es-AR","@id":"https:\/\/apuntesdesanluis.com\/#\/schema\/person\/image\/","url":"https:\/\/apuntesdesanluis.com\/wp-content\/uploads\/2023\/07\/cropped-apuntesdesanluis.png","contentUrl":"https:\/\/apuntesdesanluis.com\/wp-content\/uploads\/2023\/07\/cropped-apuntesdesanluis.png","width":450,"height":112,"caption":"apuntesdesanluis.com"},"logo":{"@id":"https:\/\/apuntesdesanluis.com\/#\/schema\/person\/image\/"},"sameAs":["https:\/\/apuntesdesanluis.com"],"url":"https:\/\/apuntesdesanluis.com\/index.php\/author\/apuntesdesanluis-com\/"}]}},"featured_image_urls":{"full":["https:\/\/apuntesdesanluis.com\/wp-content\/uploads\/2024\/06\/intendentes-con-endeiza.png",700,438,false],"thumbnail":["https:\/\/apuntesdesanluis.com\/wp-content\/uploads\/2024\/06\/intendentes-con-endeiza-150x150.png",150,150,true],"medium":["https:\/\/apuntesdesanluis.com\/wp-content\/uploads\/2024\/06\/intendentes-con-endeiza-300x188.png",300,188,true],"medium_large":["https:\/\/apuntesdesanluis.com\/wp-content\/uploads\/2024\/06\/intendentes-con-endeiza.png",640,400,false],"large":["https:\/\/apuntesdesanluis.com\/wp-content\/uploads\/2024\/06\/intendentes-con-endeiza.png",640,400,false],"1536x1536":["https:\/\/apuntesdesanluis.com\/wp-content\/uploads\/2024\/06\/intendentes-con-endeiza.png",700,438,false],"2048x2048":["https:\/\/apuntesdesanluis.com\/wp-content\/uploads\/2024\/06\/intendentes-con-endeiza.png",700,438,false],"newsever-slider-full":["https:\/\/apuntesdesanluis.com\/wp-content\/uploads\/2024\/06\/intendentes-con-endeiza.png",700,438,false],"newsever-featured":["https:\/\/apuntesdesanluis.com\/wp-content\/uploads\/2024\/06\/intendentes-con-endeiza.png",700,438,false],"newsever-medium":["https:\/\/apuntesdesanluis.com\/wp-content\/uploads\/2024\/06\/intendentes-con-endeiza.png",700,438,false]},"author_info":{"display_name":"apuntesdesanluis.com","author_link":"https:\/\/apuntesdesanluis.com\/index.php\/author\/apuntesdesanluis-com\/"},"category_info":"<a href=\"https:\/\/apuntesdesanluis.com\/index.php\/category\/ciudad-provincia\/\" rel=\"category tag\">Ciudad\/Provincia<\/a>","tag_info":"Ciudad\/Provincia","comment_count":"0","_links":{"self":[{"href":"https:\/\/apuntesdesanluis.com\/index.php\/wp-json\/wp\/v2\/posts\/18029","targetHints":{"allow":["GET"]}}],"collection":[{"href":"https:\/\/apuntesdesanluis.com\/index.php\/wp-json\/wp\/v2\/posts"}],"about":[{"href":"https:\/\/apuntesdesanluis.com\/index.php\/wp-json\/wp\/v2\/types\/post"}],"author":[{"embeddable":true,"href":"https:\/\/apuntesdesanluis.com\/index.php\/wp-json\/wp\/v2\/users\/1"}],"replies":[{"embeddable":true,"href":"https:\/\/apuntesdesanluis.com\/index.php\/wp-json\/wp\/v2\/comments?post=18029"}],"version-history":[{"count":1,"href":"https:\/\/apuntesdesanluis.com\/index.php\/wp-json\/wp\/v2\/posts\/18029\/revisions"}],"predecessor-version":[{"id":18033,"href":"https:\/\/apuntesdesanluis.com\/index.php\/wp-json\/wp\/v2\/posts\/18029\/revisions\/18033"}],"wp:featuredmedia":[{"embeddable":true,"href":"https:\/\/apuntesdesanluis.com\/index.php\/wp-json\/wp\/v2\/media\/18030"}],"wp:attachment":[{"href":"https:\/\/apuntesdesanluis.com\/index.php\/wp-json\/wp\/v2\/media?parent=18029"}],"wp:term":[{"taxonomy":"category","embeddable":true,"href":"https:\/\/apuntesdesanluis.com\/index.php\/wp-json\/wp\/v2\/categories?post=18029"},{"taxonomy":"post_tag","embeddable":true,"href":"https:\/\/apuntesdesanluis.com\/index.php\/wp-json\/wp\/v2\/tags?post=18029"}],"curies":[{"name":"wp","href":"https:\/\/api.w.org\/{rel}","templated":true}]}}