{"id":1803,"date":"2023-08-18T19:12:32","date_gmt":"2023-08-18T22:12:32","guid":{"rendered":"https:\/\/apuntesdesanluis.com\/?p=1803"},"modified":"2023-08-18T19:29:55","modified_gmt":"2023-08-18T22:29:55","slug":"juicio-abreviado-en-una-causa-por-amenazas-y-desobediencia-a-la-autoridad","status":"publish","type":"post","link":"https:\/\/apuntesdesanluis.com\/index.php\/2023\/08\/18\/juicio-abreviado-en-una-causa-por-amenazas-y-desobediencia-a-la-autoridad\/","title":{"rendered":"JUICIO ABREVIADO EN UNA CAUSA POR AMENAZAS Y DESOBEDIENCIA A LA AUTORIDAD"},"content":{"rendered":"<h3>El Ministerio P\u00fablico Fiscal de la Tercera Circunscripci\u00f3n Judicial acus\u00f3 formalmente a F.V.I., de Santa Rosa del Conlara, se\u00f1alado como autor de los delitos de amenazas y desobediencia a la autoridad, cometidos en contexto de violencia de g\u00e9nero.<\/h3>\n<h3>El hombre de 38 a\u00f1os, se encontraba con prisi\u00f3n preventiva desde junio de este a\u00f1o, luego de incumplir la prohibici\u00f3n de acercamiento hacia su ex pareja.<\/h3>\n<h3>De acuerdo al relato de la Fiscal D\u00e9bora Antonella Roy Gitto; la v\u00edctima expuso ante las autoridades que, a comienzos de 2023 y tras cuatro a\u00f1os de relaci\u00f3n, decidi\u00f3 separarse de F.V.I. por las constantes agresiones verbales y por su consumo problem\u00e1tico de estupefacientes.<\/h3>\n<h3>Sin embargo, su ex no aceptaba la separaci\u00f3n, la persegu\u00eda permanentemente, raz\u00f3n por la cual, el 31 de enero de este a\u00f1o decidi\u00f3 denunciarlo. En dicha oportunidad, el juez de familia y violencia dict\u00f3 una prohibici\u00f3n de acercamiento mutua por 180 d\u00edas.<\/h3>\n<h3>Pero F.V.I. continu\u00f3 con su actitud, present\u00e1ndose en el trabajo de su ex y tambi\u00e9n a su domicilio para reprocharle por la separaci\u00f3n.<\/h3>\n<h3>En junio pasado, la damnificada se dirigi\u00f3 a sede policial para informar que ten\u00eda una perimetral vigente con su ex, y que \u00e9ste se encontraba en la esquina de su trabajo. Minutos m\u00e1s tarde, F.V.I. lleg\u00f3 a la comisar\u00eda y, delante de la polic\u00eda, comenz\u00f3 a discutir con la mujer, amenazando con matarla si quedaba preso.<\/h3>\n<h3>El agresor fue detenido y, en la audiencia de formulaci\u00f3n de cargos, la Fiscal Adjunta, Sandra Aguirre, lo imput\u00f3 formalmente por los delitos antes mencionados.<\/h3>\n<h3>Finalizado el plazo de la investigaci\u00f3n preparatoria, la Fiscal\u00eda lo acus\u00f3 este jueves como autor material y penalmente responsable de los delitos de desobediencia a la autoridad (cuatro hechos) y amenazas (un hecho), en concurso real, agravados por ser cometidos en contexto de violencia de g\u00e9nero.<\/h3>\n<h3>En consecuencia, solicit\u00f3 la elevaci\u00f3n de la causa a juicio y que, al momento de dictar sentencia, F.V.I. sea condenado a la pena de cuatro a\u00f1os de prisi\u00f3n efectiva.<\/h3>\n<h3>En contrapartida, la defensa del acusado, ejercida por los Defensores Oficiales en lo Penal, Jos\u00e9 Francisco P\u00e9rez y Mar\u00eda Luz V\u00edlchez, ofrecieron un acuerdo de juicio abreviado. En dicho acuerdo, F.V.I reconoci\u00f3 su autor\u00eda en los hechos que se le atribuyen, prestando conformidad para la imposici\u00f3n de una pena de prisi\u00f3n en suspenso por el t\u00e9rmino de tres a\u00f1os.<\/h3>\n<h3>A su vez, se comprometi\u00f3 a realizar tratamiento psicol\u00f3gico por el plazo de dos a\u00f1os y medio.<\/h3>\n<h3>La Fiscal\u00eda acept\u00f3 la propuesta de la defensa, bajo la condici\u00f3n de que el imputado presente constancia del tratamiento psicol\u00f3gico; se abstenga de consumir bebidas alcoh\u00f3licas y sustancias estupefacientes; como as\u00ed tambi\u00e9n, de provocar disturbios en la v\u00eda p\u00fablica y, especialmente, de acercarse a su ex pareja hasta la realizaci\u00f3n del juicio.<\/h3>\n<h3>Luego de escuchar a las partes, el Juez de Garant\u00eda N\u00b02, Jorge Osvaldo Pinto, hizo lugar a la acusaci\u00f3n y al pedido de juicio abreviado, disponiendo la elevaci\u00f3n de la causa a la C\u00e1mara de Apelaciones con asiento en Concar\u00e1n.<\/h3>\n<h3>Finalmente, en virtud de haber vencido el plazo estipulado para la medida de coerci\u00f3n, el magistrado orden\u00f3 la libertad de F.V.I., previo reiterarle las condiciones establecidas por el Ministerio P\u00fablico Fiscal para gozar de dicho beneficio hasta tanto se resuelva su situaci\u00f3n procesal de manera definitiva.<\/h3>\n<h3><em>Nota aclarativa: en virtud del principio de inocencia, consagrado como garant\u00eda constitucional, no se consignan los datos identificatorios del imputado hasta tanto se resuelva su situaci\u00f3n procesal de manera definitiva.<\/em><\/h3>\n","protected":false},"excerpt":{"rendered":"<p>El Ministerio P\u00fablico Fiscal de la Tercera Circunscripci\u00f3n Judicial acus\u00f3 formalmente a F.V.I., de Santa&#8230;<\/p>\n","protected":false},"author":1,"featured_media":785,"comment_status":"closed","ping_status":"closed","sticky":false,"template":"","format":"standard","meta":{"footnotes":""},"categories":[6],"tags":[],"class_list":["post-1803","post","type-post","status-publish","format-standard","has-post-thumbnail","hentry","category-ciudad-provincia"],"yoast_head":"<!-- This site is optimized with the Yoast SEO plugin v26.1.1 - https:\/\/yoast.com\/wordpress\/plugins\/seo\/ -->\n<title>JUICIO ABREVIADO EN UNA CAUSA POR AMENAZAS Y DESOBEDIENCIA A LA AUTORIDAD - Apuntes de San Luis<\/title>\n<meta name=\"robots\" content=\"index, follow, max-snippet:-1, max-image-preview:large, max-video-preview:-1\" \/>\n<link rel=\"canonical\" href=\"https:\/\/apuntesdesanluis.com\/index.php\/2023\/08\/18\/juicio-abreviado-en-una-causa-por-amenazas-y-desobediencia-a-la-autoridad\/\" \/>\n<meta property=\"og:locale\" content=\"es_ES\" \/>\n<meta property=\"og:type\" content=\"article\" \/>\n<meta property=\"og:title\" content=\"JUICIO ABREVIADO EN UNA CAUSA POR AMENAZAS Y DESOBEDIENCIA A LA AUTORIDAD - Apuntes de San Luis\" \/>\n<meta property=\"og:description\" content=\"El Ministerio P\u00fablico Fiscal de la Tercera Circunscripci\u00f3n Judicial acus\u00f3 formalmente a F.V.I., de Santa...\" \/>\n<meta property=\"og:url\" content=\"https:\/\/apuntesdesanluis.com\/index.php\/2023\/08\/18\/juicio-abreviado-en-una-causa-por-amenazas-y-desobediencia-a-la-autoridad\/\" \/>\n<meta property=\"og:site_name\" content=\"Apuntes de San Luis\" \/>\n<meta property=\"article:published_time\" content=\"2023-08-18T22:12:32+00:00\" \/>\n<meta property=\"article:modified_time\" content=\"2023-08-18T22:29:55+00:00\" \/>\n<meta property=\"og:image\" content=\"https:\/\/apuntesdesanluis.com\/wp-content\/uploads\/2023\/07\/TRIBUNALES-DE-CONCARAN.png\" \/>\n\t<meta property=\"og:image:width\" content=\"764\" \/>\n\t<meta property=\"og:image:height\" content=\"463\" \/>\n\t<meta property=\"og:image:type\" content=\"image\/png\" \/>\n<meta name=\"author\" content=\"apuntesdesanluis.com\" \/>\n<meta name=\"twitter:card\" content=\"summary_large_image\" \/>\n<meta name=\"twitter:label1\" content=\"Escrito por\" \/>\n\t<meta name=\"twitter:data1\" content=\"apuntesdesanluis.com\" \/>\n\t<meta name=\"twitter:label2\" content=\"Tiempo de lectura\" \/>\n\t<meta name=\"twitter:data2\" content=\"3 minutos\" \/>\n<script type=\"application\/ld+json\" class=\"yoast-schema-graph\">{\"@context\":\"https:\/\/schema.org\",\"@graph\":[{\"@type\":\"Article\",\"@id\":\"https:\/\/apuntesdesanluis.com\/index.php\/2023\/08\/18\/juicio-abreviado-en-una-causa-por-amenazas-y-desobediencia-a-la-autoridad\/#article\",\"isPartOf\":{\"@id\":\"https:\/\/apuntesdesanluis.com\/index.php\/2023\/08\/18\/juicio-abreviado-en-una-causa-por-amenazas-y-desobediencia-a-la-autoridad\/\"},\"author\":{\"name\":\"apuntesdesanluis.com\",\"@id\":\"https:\/\/apuntesdesanluis.com\/#\/schema\/person\/b55151d52296fcce64d1a72538a70b90\"},\"headline\":\"JUICIO ABREVIADO EN UNA CAUSA POR AMENAZAS Y DESOBEDIENCIA A LA AUTORIDAD\",\"datePublished\":\"2023-08-18T22:12:32+00:00\",\"dateModified\":\"2023-08-18T22:29:55+00:00\",\"mainEntityOfPage\":{\"@id\":\"https:\/\/apuntesdesanluis.com\/index.php\/2023\/08\/18\/juicio-abreviado-en-una-causa-por-amenazas-y-desobediencia-a-la-autoridad\/\"},\"wordCount\":656,\"publisher\":{\"@id\":\"https:\/\/apuntesdesanluis.com\/#\/schema\/person\/b55151d52296fcce64d1a72538a70b90\"},\"image\":{\"@id\":\"https:\/\/apuntesdesanluis.com\/index.php\/2023\/08\/18\/juicio-abreviado-en-una-causa-por-amenazas-y-desobediencia-a-la-autoridad\/#primaryimage\"},\"thumbnailUrl\":\"https:\/\/apuntesdesanluis.com\/wp-content\/uploads\/2023\/07\/TRIBUNALES-DE-CONCARAN.png\",\"articleSection\":[\"Ciudad\/Provincia\"],\"inLanguage\":\"es-AR\"},{\"@type\":\"WebPage\",\"@id\":\"https:\/\/apuntesdesanluis.com\/index.php\/2023\/08\/18\/juicio-abreviado-en-una-causa-por-amenazas-y-desobediencia-a-la-autoridad\/\",\"url\":\"https:\/\/apuntesdesanluis.com\/index.php\/2023\/08\/18\/juicio-abreviado-en-una-causa-por-amenazas-y-desobediencia-a-la-autoridad\/\",\"name\":\"JUICIO ABREVIADO EN UNA CAUSA POR AMENAZAS Y DESOBEDIENCIA A LA AUTORIDAD - Apuntes de San Luis\",\"isPartOf\":{\"@id\":\"https:\/\/apuntesdesanluis.com\/#website\"},\"primaryImageOfPage\":{\"@id\":\"https:\/\/apuntesdesanluis.com\/index.php\/2023\/08\/18\/juicio-abreviado-en-una-causa-por-amenazas-y-desobediencia-a-la-autoridad\/#primaryimage\"},\"image\":{\"@id\":\"https:\/\/apuntesdesanluis.com\/index.php\/2023\/08\/18\/juicio-abreviado-en-una-causa-por-amenazas-y-desobediencia-a-la-autoridad\/#primaryimage\"},\"thumbnailUrl\":\"https:\/\/apuntesdesanluis.com\/wp-content\/uploads\/2023\/07\/TRIBUNALES-DE-CONCARAN.png\",\"datePublished\":\"2023-08-18T22:12:32+00:00\",\"dateModified\":\"2023-08-18T22:29:55+00:00\",\"breadcrumb\":{\"@id\":\"https:\/\/apuntesdesanluis.com\/index.php\/2023\/08\/18\/juicio-abreviado-en-una-causa-por-amenazas-y-desobediencia-a-la-autoridad\/#breadcrumb\"},\"inLanguage\":\"es-AR\",\"potentialAction\":[{\"@type\":\"ReadAction\",\"target\":[\"https:\/\/apuntesdesanluis.com\/index.php\/2023\/08\/18\/juicio-abreviado-en-una-causa-por-amenazas-y-desobediencia-a-la-autoridad\/\"]}]},{\"@type\":\"ImageObject\",\"inLanguage\":\"es-AR\",\"@id\":\"https:\/\/apuntesdesanluis.com\/index.php\/2023\/08\/18\/juicio-abreviado-en-una-causa-por-amenazas-y-desobediencia-a-la-autoridad\/#primaryimage\",\"url\":\"https:\/\/apuntesdesanluis.com\/wp-content\/uploads\/2023\/07\/TRIBUNALES-DE-CONCARAN.png\",\"contentUrl\":\"https:\/\/apuntesdesanluis.com\/wp-content\/uploads\/2023\/07\/TRIBUNALES-DE-CONCARAN.png\",\"width\":764,\"height\":463},{\"@type\":\"BreadcrumbList\",\"@id\":\"https:\/\/apuntesdesanluis.com\/index.php\/2023\/08\/18\/juicio-abreviado-en-una-causa-por-amenazas-y-desobediencia-a-la-autoridad\/#breadcrumb\",\"itemListElement\":[{\"@type\":\"ListItem\",\"position\":1,\"name\":\"Inicio\",\"item\":\"https:\/\/apuntesdesanluis.com\/\"},{\"@type\":\"ListItem\",\"position\":2,\"name\":\"JUICIO ABREVIADO EN UNA CAUSA POR AMENAZAS Y DESOBEDIENCIA A LA AUTORIDAD\"}]},{\"@type\":\"WebSite\",\"@id\":\"https:\/\/apuntesdesanluis.com\/#website\",\"url\":\"https:\/\/apuntesdesanluis.com\/\",\"name\":\"Apuntes de San Luis\",\"description\":\"\",\"publisher\":{\"@id\":\"https:\/\/apuntesdesanluis.com\/#\/schema\/person\/b55151d52296fcce64d1a72538a70b90\"},\"potentialAction\":[{\"@type\":\"SearchAction\",\"target\":{\"@type\":\"EntryPoint\",\"urlTemplate\":\"https:\/\/apuntesdesanluis.com\/?s={search_term_string}\"},\"query-input\":{\"@type\":\"PropertyValueSpecification\",\"valueRequired\":true,\"valueName\":\"search_term_string\"}}],\"inLanguage\":\"es-AR\"},{\"@type\":[\"Person\",\"Organization\"],\"@id\":\"https:\/\/apuntesdesanluis.com\/#\/schema\/person\/b55151d52296fcce64d1a72538a70b90\",\"name\":\"apuntesdesanluis.com\",\"image\":{\"@type\":\"ImageObject\",\"inLanguage\":\"es-AR\",\"@id\":\"https:\/\/apuntesdesanluis.com\/#\/schema\/person\/image\/\",\"url\":\"https:\/\/apuntesdesanluis.com\/wp-content\/uploads\/2023\/07\/cropped-apuntesdesanluis.png\",\"contentUrl\":\"https:\/\/apuntesdesanluis.com\/wp-content\/uploads\/2023\/07\/cropped-apuntesdesanluis.png\",\"width\":450,\"height\":112,\"caption\":\"apuntesdesanluis.com\"},\"logo\":{\"@id\":\"https:\/\/apuntesdesanluis.com\/#\/schema\/person\/image\/\"},\"sameAs\":[\"https:\/\/apuntesdesanluis.com\"],\"url\":\"https:\/\/apuntesdesanluis.com\/index.php\/author\/apuntesdesanluis-com\/\"}]}<\/script>\n<!-- \/ Yoast SEO plugin. -->","yoast_head_json":{"title":"JUICIO ABREVIADO EN UNA CAUSA POR AMENAZAS Y DESOBEDIENCIA A LA AUTORIDAD - Apuntes de San Luis","robots":{"index":"index","follow":"follow","max-snippet":"max-snippet:-1","max-image-preview":"max-image-preview:large","max-video-preview":"max-video-preview:-1"},"canonical":"https:\/\/apuntesdesanluis.com\/index.php\/2023\/08\/18\/juicio-abreviado-en-una-causa-por-amenazas-y-desobediencia-a-la-autoridad\/","og_locale":"es_ES","og_type":"article","og_title":"JUICIO ABREVIADO EN UNA CAUSA POR AMENAZAS Y DESOBEDIENCIA A LA AUTORIDAD - Apuntes de San Luis","og_description":"El Ministerio P\u00fablico Fiscal de la Tercera Circunscripci\u00f3n Judicial acus\u00f3 formalmente a F.V.I., de Santa...","og_url":"https:\/\/apuntesdesanluis.com\/index.php\/2023\/08\/18\/juicio-abreviado-en-una-causa-por-amenazas-y-desobediencia-a-la-autoridad\/","og_site_name":"Apuntes de San Luis","article_published_time":"2023-08-18T22:12:32+00:00","article_modified_time":"2023-08-18T22:29:55+00:00","og_image":[{"width":764,"height":463,"url":"https:\/\/apuntesdesanluis.com\/wp-content\/uploads\/2023\/07\/TRIBUNALES-DE-CONCARAN.png","type":"image\/png"}],"author":"apuntesdesanluis.com","twitter_card":"summary_large_image","twitter_misc":{"Escrito por":"apuntesdesanluis.com","Tiempo de lectura":"3 minutos"},"schema":{"@context":"https:\/\/schema.org","@graph":[{"@type":"Article","@id":"https:\/\/apuntesdesanluis.com\/index.php\/2023\/08\/18\/juicio-abreviado-en-una-causa-por-amenazas-y-desobediencia-a-la-autoridad\/#article","isPartOf":{"@id":"https:\/\/apuntesdesanluis.com\/index.php\/2023\/08\/18\/juicio-abreviado-en-una-causa-por-amenazas-y-desobediencia-a-la-autoridad\/"},"author":{"name":"apuntesdesanluis.com","@id":"https:\/\/apuntesdesanluis.com\/#\/schema\/person\/b55151d52296fcce64d1a72538a70b90"},"headline":"JUICIO ABREVIADO EN UNA CAUSA POR AMENAZAS Y DESOBEDIENCIA A LA AUTORIDAD","datePublished":"2023-08-18T22:12:32+00:00","dateModified":"2023-08-18T22:29:55+00:00","mainEntityOfPage":{"@id":"https:\/\/apuntesdesanluis.com\/index.php\/2023\/08\/18\/juicio-abreviado-en-una-causa-por-amenazas-y-desobediencia-a-la-autoridad\/"},"wordCount":656,"publisher":{"@id":"https:\/\/apuntesdesanluis.com\/#\/schema\/person\/b55151d52296fcce64d1a72538a70b90"},"image":{"@id":"https:\/\/apuntesdesanluis.com\/index.php\/2023\/08\/18\/juicio-abreviado-en-una-causa-por-amenazas-y-desobediencia-a-la-autoridad\/#primaryimage"},"thumbnailUrl":"https:\/\/apuntesdesanluis.com\/wp-content\/uploads\/2023\/07\/TRIBUNALES-DE-CONCARAN.png","articleSection":["Ciudad\/Provincia"],"inLanguage":"es-AR"},{"@type":"WebPage","@id":"https:\/\/apuntesdesanluis.com\/index.php\/2023\/08\/18\/juicio-abreviado-en-una-causa-por-amenazas-y-desobediencia-a-la-autoridad\/","url":"https:\/\/apuntesdesanluis.com\/index.php\/2023\/08\/18\/juicio-abreviado-en-una-causa-por-amenazas-y-desobediencia-a-la-autoridad\/","name":"JUICIO ABREVIADO EN UNA CAUSA POR AMENAZAS Y DESOBEDIENCIA A LA AUTORIDAD - Apuntes de San Luis","isPartOf":{"@id":"https:\/\/apuntesdesanluis.com\/#website"},"primaryImageOfPage":{"@id":"https:\/\/apuntesdesanluis.com\/index.php\/2023\/08\/18\/juicio-abreviado-en-una-causa-por-amenazas-y-desobediencia-a-la-autoridad\/#primaryimage"},"image":{"@id":"https:\/\/apuntesdesanluis.com\/index.php\/2023\/08\/18\/juicio-abreviado-en-una-causa-por-amenazas-y-desobediencia-a-la-autoridad\/#primaryimage"},"thumbnailUrl":"https:\/\/apuntesdesanluis.com\/wp-content\/uploads\/2023\/07\/TRIBUNALES-DE-CONCARAN.png","datePublished":"2023-08-18T22:12:32+00:00","dateModified":"2023-08-18T22:29:55+00:00","breadcrumb":{"@id":"https:\/\/apuntesdesanluis.com\/index.php\/2023\/08\/18\/juicio-abreviado-en-una-causa-por-amenazas-y-desobediencia-a-la-autoridad\/#breadcrumb"},"inLanguage":"es-AR","potentialAction":[{"@type":"ReadAction","target":["https:\/\/apuntesdesanluis.com\/index.php\/2023\/08\/18\/juicio-abreviado-en-una-causa-por-amenazas-y-desobediencia-a-la-autoridad\/"]}]},{"@type":"ImageObject","inLanguage":"es-AR","@id":"https:\/\/apuntesdesanluis.com\/index.php\/2023\/08\/18\/juicio-abreviado-en-una-causa-por-amenazas-y-desobediencia-a-la-autoridad\/#primaryimage","url":"https:\/\/apuntesdesanluis.com\/wp-content\/uploads\/2023\/07\/TRIBUNALES-DE-CONCARAN.png","contentUrl":"https:\/\/apuntesdesanluis.com\/wp-content\/uploads\/2023\/07\/TRIBUNALES-DE-CONCARAN.png","width":764,"height":463},{"@type":"BreadcrumbList","@id":"https:\/\/apuntesdesanluis.com\/index.php\/2023\/08\/18\/juicio-abreviado-en-una-causa-por-amenazas-y-desobediencia-a-la-autoridad\/#breadcrumb","itemListElement":[{"@type":"ListItem","position":1,"name":"Inicio","item":"https:\/\/apuntesdesanluis.com\/"},{"@type":"ListItem","position":2,"name":"JUICIO ABREVIADO EN UNA CAUSA POR AMENAZAS Y DESOBEDIENCIA A LA AUTORIDAD"}]},{"@type":"WebSite","@id":"https:\/\/apuntesdesanluis.com\/#website","url":"https:\/\/apuntesdesanluis.com\/","name":"Apuntes de San Luis","description":"","publisher":{"@id":"https:\/\/apuntesdesanluis.com\/#\/schema\/person\/b55151d52296fcce64d1a72538a70b90"},"potentialAction":[{"@type":"SearchAction","target":{"@type":"EntryPoint","urlTemplate":"https:\/\/apuntesdesanluis.com\/?s={search_term_string}"},"query-input":{"@type":"PropertyValueSpecification","valueRequired":true,"valueName":"search_term_string"}}],"inLanguage":"es-AR"},{"@type":["Person","Organization"],"@id":"https:\/\/apuntesdesanluis.com\/#\/schema\/person\/b55151d52296fcce64d1a72538a70b90","name":"apuntesdesanluis.com","image":{"@type":"ImageObject","inLanguage":"es-AR","@id":"https:\/\/apuntesdesanluis.com\/#\/schema\/person\/image\/","url":"https:\/\/apuntesdesanluis.com\/wp-content\/uploads\/2023\/07\/cropped-apuntesdesanluis.png","contentUrl":"https:\/\/apuntesdesanluis.com\/wp-content\/uploads\/2023\/07\/cropped-apuntesdesanluis.png","width":450,"height":112,"caption":"apuntesdesanluis.com"},"logo":{"@id":"https:\/\/apuntesdesanluis.com\/#\/schema\/person\/image\/"},"sameAs":["https:\/\/apuntesdesanluis.com"],"url":"https:\/\/apuntesdesanluis.com\/index.php\/author\/apuntesdesanluis-com\/"}]}},"featured_image_urls":{"full":["https:\/\/apuntesdesanluis.com\/wp-content\/uploads\/2023\/07\/TRIBUNALES-DE-CONCARAN.png",764,463,false],"thumbnail":["https:\/\/apuntesdesanluis.com\/wp-content\/uploads\/2023\/07\/TRIBUNALES-DE-CONCARAN-150x150.png",150,150,true],"medium":["https:\/\/apuntesdesanluis.com\/wp-content\/uploads\/2023\/07\/TRIBUNALES-DE-CONCARAN-300x182.png",300,182,true],"medium_large":["https:\/\/apuntesdesanluis.com\/wp-content\/uploads\/2023\/07\/TRIBUNALES-DE-CONCARAN.png",640,388,false],"large":["https:\/\/apuntesdesanluis.com\/wp-content\/uploads\/2023\/07\/TRIBUNALES-DE-CONCARAN.png",640,388,false],"1536x1536":["https:\/\/apuntesdesanluis.com\/wp-content\/uploads\/2023\/07\/TRIBUNALES-DE-CONCARAN.png",764,463,false],"2048x2048":["https:\/\/apuntesdesanluis.com\/wp-content\/uploads\/2023\/07\/TRIBUNALES-DE-CONCARAN.png",764,463,false],"newsever-slider-full":["https:\/\/apuntesdesanluis.com\/wp-content\/uploads\/2023\/07\/TRIBUNALES-DE-CONCARAN.png",764,463,false],"newsever-featured":["https:\/\/apuntesdesanluis.com\/wp-content\/uploads\/2023\/07\/TRIBUNALES-DE-CONCARAN.png",764,463,false],"newsever-medium":["https:\/\/apuntesdesanluis.com\/wp-content\/uploads\/2023\/07\/TRIBUNALES-DE-CONCARAN-720x463.png",720,463,true]},"author_info":{"display_name":"apuntesdesanluis.com","author_link":"https:\/\/apuntesdesanluis.com\/index.php\/author\/apuntesdesanluis-com\/"},"category_info":"<a href=\"https:\/\/apuntesdesanluis.com\/index.php\/category\/ciudad-provincia\/\" rel=\"category tag\">Ciudad\/Provincia<\/a>","tag_info":"Ciudad\/Provincia","comment_count":"0","_links":{"self":[{"href":"https:\/\/apuntesdesanluis.com\/index.php\/wp-json\/wp\/v2\/posts\/1803","targetHints":{"allow":["GET"]}}],"collection":[{"href":"https:\/\/apuntesdesanluis.com\/index.php\/wp-json\/wp\/v2\/posts"}],"about":[{"href":"https:\/\/apuntesdesanluis.com\/index.php\/wp-json\/wp\/v2\/types\/post"}],"author":[{"embeddable":true,"href":"https:\/\/apuntesdesanluis.com\/index.php\/wp-json\/wp\/v2\/users\/1"}],"replies":[{"embeddable":true,"href":"https:\/\/apuntesdesanluis.com\/index.php\/wp-json\/wp\/v2\/comments?post=1803"}],"version-history":[{"count":4,"href":"https:\/\/apuntesdesanluis.com\/index.php\/wp-json\/wp\/v2\/posts\/1803\/revisions"}],"predecessor-version":[{"id":1810,"href":"https:\/\/apuntesdesanluis.com\/index.php\/wp-json\/wp\/v2\/posts\/1803\/revisions\/1810"}],"wp:featuredmedia":[{"embeddable":true,"href":"https:\/\/apuntesdesanluis.com\/index.php\/wp-json\/wp\/v2\/media\/785"}],"wp:attachment":[{"href":"https:\/\/apuntesdesanluis.com\/index.php\/wp-json\/wp\/v2\/media?parent=1803"}],"wp:term":[{"taxonomy":"category","embeddable":true,"href":"https:\/\/apuntesdesanluis.com\/index.php\/wp-json\/wp\/v2\/categories?post=1803"},{"taxonomy":"post_tag","embeddable":true,"href":"https:\/\/apuntesdesanluis.com\/index.php\/wp-json\/wp\/v2\/tags?post=1803"}],"curies":[{"name":"wp","href":"https:\/\/api.w.org\/{rel}","templated":true}]}}