{"id":18047,"date":"2024-06-18T20:53:30","date_gmt":"2024-06-18T23:53:30","guid":{"rendered":"https:\/\/apuntesdesanluis.com\/?p=18047"},"modified":"2024-06-18T20:53:30","modified_gmt":"2024-06-18T23:53:30","slug":"menem-les-adelanto-medio-sueldo-a-los-diputados-antes-que-voten-la-ley-bases","status":"publish","type":"post","link":"https:\/\/apuntesdesanluis.com\/index.php\/2024\/06\/18\/menem-les-adelanto-medio-sueldo-a-los-diputados-antes-que-voten-la-ley-bases\/","title":{"rendered":"MENEM LES ADELANT\u00d3 MEDIO SUELDO A LOS DIPUTADOS ANTES QUE VOTEN LA LEY BASES"},"content":{"rendered":"<h3>La liquidaci\u00f3n del aumento corresponder\u00eda al mes en curso y deb\u00eda percibirse en julio. Los 750 mil pesos no figuran en los recibos de junio.<\/h3>\n<h3>El presidente de la C\u00e1mara de Diputados, <strong>Mart\u00edn Menem<\/strong>, no quiere sorpresas con el tratamiento de la ley Bases, que regresa con las modificaciones del Senado, y decidi\u00f3 adelantarles 750 mil pesos a los legisladores, correspondientes el incremento que deb\u00edan cobrar a partir de julio.<\/h3>\n<h3>Los diputados se enteraron del ingreso extra durante el fin de semana pero la suma de dinero acreditado en sus cuentas no figura en el recibo que les imprimieron en junio. &#8220;Es un adelanto a cuenta, cobro 2,25 millones en junio pero el mes que viene vuelvo a cobrar 1,5 millones&#8221;, se quej\u00f3 un diputado.<\/h3>\n<h3>Como inform\u00f3 LPO, el riojano hab\u00eda pedido a los presidentes de todas las bancadas que elevaran una nota formal solicit\u00e1ndole una suba de sus dietas, como para poder blindarse frente a la eventual negativa del Poder Ejecutivo. &#8220;Est\u00e1 cagado&#8221;, dijeron en un despacho aliado cuando empez\u00f3 a discutirse la mejor forma de otorgar un aumento sin tener que votarlo en recinto, de cara a la sociedad.<\/h3>\n<h3>La especulaci\u00f3n que recorre los pasillos del Congreso es que Menem apur\u00f3 la acreditaci\u00f3n del dinero para ablandar la resistencia de los bloques aliados, en medio de la discusi\u00f3n sobre la legalidad de insistir con art\u00edculos del proyecto que el Senado sustrajo o elimin\u00f3. &#8220;Nos quieren gorditos para votar la ley&#8221;, admiti\u00f3 un legislador que no duda en votar a favor de la iniciativa.<\/h3>\n<h3>Para los diputados, el gesto del titular de la C\u00e1mara es ofensivo en dos direcciones. Por un lado, extiende el manto de sombras sobre el tr\u00e1mite legislativo, que ya fue manchado por el canje de votos por embajadas, obras y contratos durante el debate de los senadores, como as\u00ed tambi\u00e9n se ti\u00f1\u00f3 de sospechas la redacci\u00f3n de los art\u00edculos con reuniones en el Hotel Savoy o la elaboraci\u00f3n del dictamen blue en un departamento de Recoleta durante el verano pasado.<\/h3>\n<h3>Por otra parte, el incremento tampoco conforma las aspiraciones de los legisladores. &#8220;Yo tengo que nombrar diputados que reemplacen a los del interior cada vez que hago comisi\u00f3n porque no quieren venir&#8221;, explic\u00f3 a LPO un diputado cercano al gobierno, y agreg\u00f3: &#8220;un tipo que viene todas las semanas, entre alojamiento y comida, puede estar gastando 400 lucas por semana y alrededor de 1,5 millones al mes&#8221;.<\/h3>\n<h3>La cifra coincide con la dieta que figura al pie del recibo de mayo que revisaron en las \u00faltimas horas para ver si los 750 mil pesos extra estaban incluidos o no en ese documento.<\/h3>\n<p>&nbsp;<\/p>\n<p>&nbsp;<\/p>\n<p>&nbsp;<\/p>\n<p>&nbsp;<\/p>\n<p>&nbsp;<\/p>\n","protected":false},"excerpt":{"rendered":"<p>La liquidaci\u00f3n del aumento corresponder\u00eda al mes en curso y deb\u00eda percibirse en julio. Los&#8230;<\/p>\n","protected":false},"author":1,"featured_media":18048,"comment_status":"closed","ping_status":"closed","sticky":false,"template":"","format":"standard","meta":{"footnotes":""},"categories":[5],"tags":[],"class_list":["post-18047","post","type-post","status-publish","format-standard","has-post-thumbnail","hentry","category-nacionales-internacionales"],"yoast_head":"<!-- This site is optimized with the Yoast SEO plugin v26.1.1 - https:\/\/yoast.com\/wordpress\/plugins\/seo\/ -->\n<title>MENEM LES ADELANT\u00d3 MEDIO SUELDO A LOS DIPUTADOS ANTES QUE VOTEN LA LEY BASES - Apuntes de San Luis<\/title>\n<meta name=\"robots\" content=\"index, follow, max-snippet:-1, max-image-preview:large, max-video-preview:-1\" \/>\n<link rel=\"canonical\" href=\"https:\/\/apuntesdesanluis.com\/index.php\/2024\/06\/18\/menem-les-adelanto-medio-sueldo-a-los-diputados-antes-que-voten-la-ley-bases\/\" \/>\n<meta property=\"og:locale\" content=\"es_ES\" \/>\n<meta property=\"og:type\" content=\"article\" \/>\n<meta property=\"og:title\" content=\"MENEM LES ADELANT\u00d3 MEDIO SUELDO A LOS DIPUTADOS ANTES QUE VOTEN LA LEY BASES - Apuntes de San Luis\" \/>\n<meta property=\"og:description\" content=\"La liquidaci\u00f3n del aumento corresponder\u00eda al mes en curso y deb\u00eda percibirse en julio. Los...\" \/>\n<meta property=\"og:url\" content=\"https:\/\/apuntesdesanluis.com\/index.php\/2024\/06\/18\/menem-les-adelanto-medio-sueldo-a-los-diputados-antes-que-voten-la-ley-bases\/\" \/>\n<meta property=\"og:site_name\" content=\"Apuntes de San Luis\" \/>\n<meta property=\"article:published_time\" content=\"2024-06-18T23:53:30+00:00\" \/>\n<meta property=\"og:image\" content=\"https:\/\/apuntesdesanluis.com\/wp-content\/uploads\/2024\/06\/martin-menem.png\" \/>\n\t<meta property=\"og:image:width\" content=\"929\" \/>\n\t<meta property=\"og:image:height\" content=\"584\" \/>\n\t<meta property=\"og:image:type\" content=\"image\/png\" \/>\n<meta name=\"author\" content=\"apuntesdesanluis.com\" \/>\n<meta name=\"twitter:card\" content=\"summary_large_image\" \/>\n<meta name=\"twitter:label1\" content=\"Escrito por\" \/>\n\t<meta name=\"twitter:data1\" content=\"apuntesdesanluis.com\" \/>\n\t<meta name=\"twitter:label2\" content=\"Tiempo de lectura\" \/>\n\t<meta name=\"twitter:data2\" content=\"3 minutos\" \/>\n<script type=\"application\/ld+json\" class=\"yoast-schema-graph\">{\"@context\":\"https:\/\/schema.org\",\"@graph\":[{\"@type\":\"Article\",\"@id\":\"https:\/\/apuntesdesanluis.com\/index.php\/2024\/06\/18\/menem-les-adelanto-medio-sueldo-a-los-diputados-antes-que-voten-la-ley-bases\/#article\",\"isPartOf\":{\"@id\":\"https:\/\/apuntesdesanluis.com\/index.php\/2024\/06\/18\/menem-les-adelanto-medio-sueldo-a-los-diputados-antes-que-voten-la-ley-bases\/\"},\"author\":{\"name\":\"apuntesdesanluis.com\",\"@id\":\"https:\/\/apuntesdesanluis.com\/#\/schema\/person\/b55151d52296fcce64d1a72538a70b90\"},\"headline\":\"MENEM LES ADELANT\u00d3 MEDIO SUELDO A LOS DIPUTADOS ANTES QUE VOTEN LA LEY BASES\",\"datePublished\":\"2024-06-18T23:53:30+00:00\",\"mainEntityOfPage\":{\"@id\":\"https:\/\/apuntesdesanluis.com\/index.php\/2024\/06\/18\/menem-les-adelanto-medio-sueldo-a-los-diputados-antes-que-voten-la-ley-bases\/\"},\"wordCount\":468,\"publisher\":{\"@id\":\"https:\/\/apuntesdesanluis.com\/#\/schema\/person\/b55151d52296fcce64d1a72538a70b90\"},\"image\":{\"@id\":\"https:\/\/apuntesdesanluis.com\/index.php\/2024\/06\/18\/menem-les-adelanto-medio-sueldo-a-los-diputados-antes-que-voten-la-ley-bases\/#primaryimage\"},\"thumbnailUrl\":\"https:\/\/apuntesdesanluis.com\/wp-content\/uploads\/2024\/06\/martin-menem.png\",\"articleSection\":[\"Nacionales\/Internacionales\"],\"inLanguage\":\"es-AR\"},{\"@type\":\"WebPage\",\"@id\":\"https:\/\/apuntesdesanluis.com\/index.php\/2024\/06\/18\/menem-les-adelanto-medio-sueldo-a-los-diputados-antes-que-voten-la-ley-bases\/\",\"url\":\"https:\/\/apuntesdesanluis.com\/index.php\/2024\/06\/18\/menem-les-adelanto-medio-sueldo-a-los-diputados-antes-que-voten-la-ley-bases\/\",\"name\":\"MENEM LES ADELANT\u00d3 MEDIO SUELDO A LOS DIPUTADOS ANTES QUE VOTEN LA LEY BASES - Apuntes de San Luis\",\"isPartOf\":{\"@id\":\"https:\/\/apuntesdesanluis.com\/#website\"},\"primaryImageOfPage\":{\"@id\":\"https:\/\/apuntesdesanluis.com\/index.php\/2024\/06\/18\/menem-les-adelanto-medio-sueldo-a-los-diputados-antes-que-voten-la-ley-bases\/#primaryimage\"},\"image\":{\"@id\":\"https:\/\/apuntesdesanluis.com\/index.php\/2024\/06\/18\/menem-les-adelanto-medio-sueldo-a-los-diputados-antes-que-voten-la-ley-bases\/#primaryimage\"},\"thumbnailUrl\":\"https:\/\/apuntesdesanluis.com\/wp-content\/uploads\/2024\/06\/martin-menem.png\",\"datePublished\":\"2024-06-18T23:53:30+00:00\",\"breadcrumb\":{\"@id\":\"https:\/\/apuntesdesanluis.com\/index.php\/2024\/06\/18\/menem-les-adelanto-medio-sueldo-a-los-diputados-antes-que-voten-la-ley-bases\/#breadcrumb\"},\"inLanguage\":\"es-AR\",\"potentialAction\":[{\"@type\":\"ReadAction\",\"target\":[\"https:\/\/apuntesdesanluis.com\/index.php\/2024\/06\/18\/menem-les-adelanto-medio-sueldo-a-los-diputados-antes-que-voten-la-ley-bases\/\"]}]},{\"@type\":\"ImageObject\",\"inLanguage\":\"es-AR\",\"@id\":\"https:\/\/apuntesdesanluis.com\/index.php\/2024\/06\/18\/menem-les-adelanto-medio-sueldo-a-los-diputados-antes-que-voten-la-ley-bases\/#primaryimage\",\"url\":\"https:\/\/apuntesdesanluis.com\/wp-content\/uploads\/2024\/06\/martin-menem.png\",\"contentUrl\":\"https:\/\/apuntesdesanluis.com\/wp-content\/uploads\/2024\/06\/martin-menem.png\",\"width\":929,\"height\":584},{\"@type\":\"BreadcrumbList\",\"@id\":\"https:\/\/apuntesdesanluis.com\/index.php\/2024\/06\/18\/menem-les-adelanto-medio-sueldo-a-los-diputados-antes-que-voten-la-ley-bases\/#breadcrumb\",\"itemListElement\":[{\"@type\":\"ListItem\",\"position\":1,\"name\":\"Inicio\",\"item\":\"https:\/\/apuntesdesanluis.com\/\"},{\"@type\":\"ListItem\",\"position\":2,\"name\":\"MENEM LES ADELANT\u00d3 MEDIO SUELDO A LOS DIPUTADOS ANTES QUE VOTEN LA LEY BASES\"}]},{\"@type\":\"WebSite\",\"@id\":\"https:\/\/apuntesdesanluis.com\/#website\",\"url\":\"https:\/\/apuntesdesanluis.com\/\",\"name\":\"Apuntes de San Luis\",\"description\":\"\",\"publisher\":{\"@id\":\"https:\/\/apuntesdesanluis.com\/#\/schema\/person\/b55151d52296fcce64d1a72538a70b90\"},\"potentialAction\":[{\"@type\":\"SearchAction\",\"target\":{\"@type\":\"EntryPoint\",\"urlTemplate\":\"https:\/\/apuntesdesanluis.com\/?s={search_term_string}\"},\"query-input\":{\"@type\":\"PropertyValueSpecification\",\"valueRequired\":true,\"valueName\":\"search_term_string\"}}],\"inLanguage\":\"es-AR\"},{\"@type\":[\"Person\",\"Organization\"],\"@id\":\"https:\/\/apuntesdesanluis.com\/#\/schema\/person\/b55151d52296fcce64d1a72538a70b90\",\"name\":\"apuntesdesanluis.com\",\"image\":{\"@type\":\"ImageObject\",\"inLanguage\":\"es-AR\",\"@id\":\"https:\/\/apuntesdesanluis.com\/#\/schema\/person\/image\/\",\"url\":\"https:\/\/apuntesdesanluis.com\/wp-content\/uploads\/2023\/07\/cropped-apuntesdesanluis.png\",\"contentUrl\":\"https:\/\/apuntesdesanluis.com\/wp-content\/uploads\/2023\/07\/cropped-apuntesdesanluis.png\",\"width\":450,\"height\":112,\"caption\":\"apuntesdesanluis.com\"},\"logo\":{\"@id\":\"https:\/\/apuntesdesanluis.com\/#\/schema\/person\/image\/\"},\"sameAs\":[\"https:\/\/apuntesdesanluis.com\"],\"url\":\"https:\/\/apuntesdesanluis.com\/index.php\/author\/apuntesdesanluis-com\/\"}]}<\/script>\n<!-- \/ Yoast SEO plugin. -->","yoast_head_json":{"title":"MENEM LES ADELANT\u00d3 MEDIO SUELDO A LOS DIPUTADOS ANTES QUE VOTEN LA LEY BASES - Apuntes de San Luis","robots":{"index":"index","follow":"follow","max-snippet":"max-snippet:-1","max-image-preview":"max-image-preview:large","max-video-preview":"max-video-preview:-1"},"canonical":"https:\/\/apuntesdesanluis.com\/index.php\/2024\/06\/18\/menem-les-adelanto-medio-sueldo-a-los-diputados-antes-que-voten-la-ley-bases\/","og_locale":"es_ES","og_type":"article","og_title":"MENEM LES ADELANT\u00d3 MEDIO SUELDO A LOS DIPUTADOS ANTES QUE VOTEN LA LEY BASES - Apuntes de San Luis","og_description":"La liquidaci\u00f3n del aumento corresponder\u00eda al mes en curso y deb\u00eda percibirse en julio. Los...","og_url":"https:\/\/apuntesdesanluis.com\/index.php\/2024\/06\/18\/menem-les-adelanto-medio-sueldo-a-los-diputados-antes-que-voten-la-ley-bases\/","og_site_name":"Apuntes de San Luis","article_published_time":"2024-06-18T23:53:30+00:00","og_image":[{"width":929,"height":584,"url":"https:\/\/apuntesdesanluis.com\/wp-content\/uploads\/2024\/06\/martin-menem.png","type":"image\/png"}],"author":"apuntesdesanluis.com","twitter_card":"summary_large_image","twitter_misc":{"Escrito por":"apuntesdesanluis.com","Tiempo de lectura":"3 minutos"},"schema":{"@context":"https:\/\/schema.org","@graph":[{"@type":"Article","@id":"https:\/\/apuntesdesanluis.com\/index.php\/2024\/06\/18\/menem-les-adelanto-medio-sueldo-a-los-diputados-antes-que-voten-la-ley-bases\/#article","isPartOf":{"@id":"https:\/\/apuntesdesanluis.com\/index.php\/2024\/06\/18\/menem-les-adelanto-medio-sueldo-a-los-diputados-antes-que-voten-la-ley-bases\/"},"author":{"name":"apuntesdesanluis.com","@id":"https:\/\/apuntesdesanluis.com\/#\/schema\/person\/b55151d52296fcce64d1a72538a70b90"},"headline":"MENEM LES ADELANT\u00d3 MEDIO SUELDO A LOS DIPUTADOS ANTES QUE VOTEN LA LEY BASES","datePublished":"2024-06-18T23:53:30+00:00","mainEntityOfPage":{"@id":"https:\/\/apuntesdesanluis.com\/index.php\/2024\/06\/18\/menem-les-adelanto-medio-sueldo-a-los-diputados-antes-que-voten-la-ley-bases\/"},"wordCount":468,"publisher":{"@id":"https:\/\/apuntesdesanluis.com\/#\/schema\/person\/b55151d52296fcce64d1a72538a70b90"},"image":{"@id":"https:\/\/apuntesdesanluis.com\/index.php\/2024\/06\/18\/menem-les-adelanto-medio-sueldo-a-los-diputados-antes-que-voten-la-ley-bases\/#primaryimage"},"thumbnailUrl":"https:\/\/apuntesdesanluis.com\/wp-content\/uploads\/2024\/06\/martin-menem.png","articleSection":["Nacionales\/Internacionales"],"inLanguage":"es-AR"},{"@type":"WebPage","@id":"https:\/\/apuntesdesanluis.com\/index.php\/2024\/06\/18\/menem-les-adelanto-medio-sueldo-a-los-diputados-antes-que-voten-la-ley-bases\/","url":"https:\/\/apuntesdesanluis.com\/index.php\/2024\/06\/18\/menem-les-adelanto-medio-sueldo-a-los-diputados-antes-que-voten-la-ley-bases\/","name":"MENEM LES ADELANT\u00d3 MEDIO SUELDO A LOS DIPUTADOS ANTES QUE VOTEN LA LEY BASES - Apuntes de San Luis","isPartOf":{"@id":"https:\/\/apuntesdesanluis.com\/#website"},"primaryImageOfPage":{"@id":"https:\/\/apuntesdesanluis.com\/index.php\/2024\/06\/18\/menem-les-adelanto-medio-sueldo-a-los-diputados-antes-que-voten-la-ley-bases\/#primaryimage"},"image":{"@id":"https:\/\/apuntesdesanluis.com\/index.php\/2024\/06\/18\/menem-les-adelanto-medio-sueldo-a-los-diputados-antes-que-voten-la-ley-bases\/#primaryimage"},"thumbnailUrl":"https:\/\/apuntesdesanluis.com\/wp-content\/uploads\/2024\/06\/martin-menem.png","datePublished":"2024-06-18T23:53:30+00:00","breadcrumb":{"@id":"https:\/\/apuntesdesanluis.com\/index.php\/2024\/06\/18\/menem-les-adelanto-medio-sueldo-a-los-diputados-antes-que-voten-la-ley-bases\/#breadcrumb"},"inLanguage":"es-AR","potentialAction":[{"@type":"ReadAction","target":["https:\/\/apuntesdesanluis.com\/index.php\/2024\/06\/18\/menem-les-adelanto-medio-sueldo-a-los-diputados-antes-que-voten-la-ley-bases\/"]}]},{"@type":"ImageObject","inLanguage":"es-AR","@id":"https:\/\/apuntesdesanluis.com\/index.php\/2024\/06\/18\/menem-les-adelanto-medio-sueldo-a-los-diputados-antes-que-voten-la-ley-bases\/#primaryimage","url":"https:\/\/apuntesdesanluis.com\/wp-content\/uploads\/2024\/06\/martin-menem.png","contentUrl":"https:\/\/apuntesdesanluis.com\/wp-content\/uploads\/2024\/06\/martin-menem.png","width":929,"height":584},{"@type":"BreadcrumbList","@id":"https:\/\/apuntesdesanluis.com\/index.php\/2024\/06\/18\/menem-les-adelanto-medio-sueldo-a-los-diputados-antes-que-voten-la-ley-bases\/#breadcrumb","itemListElement":[{"@type":"ListItem","position":1,"name":"Inicio","item":"https:\/\/apuntesdesanluis.com\/"},{"@type":"ListItem","position":2,"name":"MENEM LES ADELANT\u00d3 MEDIO SUELDO A LOS DIPUTADOS ANTES QUE VOTEN LA LEY BASES"}]},{"@type":"WebSite","@id":"https:\/\/apuntesdesanluis.com\/#website","url":"https:\/\/apuntesdesanluis.com\/","name":"Apuntes de San Luis","description":"","publisher":{"@id":"https:\/\/apuntesdesanluis.com\/#\/schema\/person\/b55151d52296fcce64d1a72538a70b90"},"potentialAction":[{"@type":"SearchAction","target":{"@type":"EntryPoint","urlTemplate":"https:\/\/apuntesdesanluis.com\/?s={search_term_string}"},"query-input":{"@type":"PropertyValueSpecification","valueRequired":true,"valueName":"search_term_string"}}],"inLanguage":"es-AR"},{"@type":["Person","Organization"],"@id":"https:\/\/apuntesdesanluis.com\/#\/schema\/person\/b55151d52296fcce64d1a72538a70b90","name":"apuntesdesanluis.com","image":{"@type":"ImageObject","inLanguage":"es-AR","@id":"https:\/\/apuntesdesanluis.com\/#\/schema\/person\/image\/","url":"https:\/\/apuntesdesanluis.com\/wp-content\/uploads\/2023\/07\/cropped-apuntesdesanluis.png","contentUrl":"https:\/\/apuntesdesanluis.com\/wp-content\/uploads\/2023\/07\/cropped-apuntesdesanluis.png","width":450,"height":112,"caption":"apuntesdesanluis.com"},"logo":{"@id":"https:\/\/apuntesdesanluis.com\/#\/schema\/person\/image\/"},"sameAs":["https:\/\/apuntesdesanluis.com"],"url":"https:\/\/apuntesdesanluis.com\/index.php\/author\/apuntesdesanluis-com\/"}]}},"featured_image_urls":{"full":["https:\/\/apuntesdesanluis.com\/wp-content\/uploads\/2024\/06\/martin-menem.png",929,584,false],"thumbnail":["https:\/\/apuntesdesanluis.com\/wp-content\/uploads\/2024\/06\/martin-menem-150x150.png",150,150,true],"medium":["https:\/\/apuntesdesanluis.com\/wp-content\/uploads\/2024\/06\/martin-menem-300x189.png",300,189,true],"medium_large":["https:\/\/apuntesdesanluis.com\/wp-content\/uploads\/2024\/06\/martin-menem-768x483.png",640,403,true],"large":["https:\/\/apuntesdesanluis.com\/wp-content\/uploads\/2024\/06\/martin-menem.png",640,402,false],"1536x1536":["https:\/\/apuntesdesanluis.com\/wp-content\/uploads\/2024\/06\/martin-menem.png",929,584,false],"2048x2048":["https:\/\/apuntesdesanluis.com\/wp-content\/uploads\/2024\/06\/martin-menem.png",929,584,false],"newsever-slider-full":["https:\/\/apuntesdesanluis.com\/wp-content\/uploads\/2024\/06\/martin-menem.png",929,584,false],"newsever-featured":["https:\/\/apuntesdesanluis.com\/wp-content\/uploads\/2024\/06\/martin-menem.png",929,584,false],"newsever-medium":["https:\/\/apuntesdesanluis.com\/wp-content\/uploads\/2024\/06\/martin-menem-720x475.png",720,475,true]},"author_info":{"display_name":"apuntesdesanluis.com","author_link":"https:\/\/apuntesdesanluis.com\/index.php\/author\/apuntesdesanluis-com\/"},"category_info":"<a href=\"https:\/\/apuntesdesanluis.com\/index.php\/category\/nacionales-internacionales\/\" rel=\"category tag\">Nacionales\/Internacionales<\/a>","tag_info":"Nacionales\/Internacionales","comment_count":"0","_links":{"self":[{"href":"https:\/\/apuntesdesanluis.com\/index.php\/wp-json\/wp\/v2\/posts\/18047","targetHints":{"allow":["GET"]}}],"collection":[{"href":"https:\/\/apuntesdesanluis.com\/index.php\/wp-json\/wp\/v2\/posts"}],"about":[{"href":"https:\/\/apuntesdesanluis.com\/index.php\/wp-json\/wp\/v2\/types\/post"}],"author":[{"embeddable":true,"href":"https:\/\/apuntesdesanluis.com\/index.php\/wp-json\/wp\/v2\/users\/1"}],"replies":[{"embeddable":true,"href":"https:\/\/apuntesdesanluis.com\/index.php\/wp-json\/wp\/v2\/comments?post=18047"}],"version-history":[{"count":1,"href":"https:\/\/apuntesdesanluis.com\/index.php\/wp-json\/wp\/v2\/posts\/18047\/revisions"}],"predecessor-version":[{"id":18049,"href":"https:\/\/apuntesdesanluis.com\/index.php\/wp-json\/wp\/v2\/posts\/18047\/revisions\/18049"}],"wp:featuredmedia":[{"embeddable":true,"href":"https:\/\/apuntesdesanluis.com\/index.php\/wp-json\/wp\/v2\/media\/18048"}],"wp:attachment":[{"href":"https:\/\/apuntesdesanluis.com\/index.php\/wp-json\/wp\/v2\/media?parent=18047"}],"wp:term":[{"taxonomy":"category","embeddable":true,"href":"https:\/\/apuntesdesanluis.com\/index.php\/wp-json\/wp\/v2\/categories?post=18047"},{"taxonomy":"post_tag","embeddable":true,"href":"https:\/\/apuntesdesanluis.com\/index.php\/wp-json\/wp\/v2\/tags?post=18047"}],"curies":[{"name":"wp","href":"https:\/\/api.w.org\/{rel}","templated":true}]}}