{"id":18074,"date":"2024-06-19T20:11:57","date_gmt":"2024-06-19T23:11:57","guid":{"rendered":"https:\/\/apuntesdesanluis.com\/?p=18074"},"modified":"2024-06-19T20:11:57","modified_gmt":"2024-06-19T23:11:57","slug":"crimen-de-zoe-en-la-toma-los-acusados-continuaran-detenidos","status":"publish","type":"post","link":"https:\/\/apuntesdesanluis.com\/index.php\/2024\/06\/19\/crimen-de-zoe-en-la-toma-los-acusados-continuaran-detenidos\/","title":{"rendered":"CRIMEN DE ZOE EN LA TOMA: LOS ACUSADOS CONTINUAR\u00c1N DETENIDOS"},"content":{"rendered":"<div class=\"entry-header\">\n<h3><strong>Adri\u00e1n Rodr\u00edguez<\/strong> y <strong>Leandro Oses<\/strong> continuar\u00e1n detenidos en el Servicio Penitenciario Provincial. Este mi\u00e9rcoles al mediod\u00eda, el juez subrogante del Juzgado de Garant\u00edas N\u00b0 4 de la ciudad de San Luis, Marcos Flores Leyes, hizo lugar al pedido de la Fiscal\u00eda N\u00b0 4 y prorrog\u00f3 por 120 d\u00edas m\u00e1s la prisi\u00f3n preventiva de ambos acusados.<\/h3>\n<\/div>\n<div class=\"post-content-area\">\n<article id=\"post-461953\" class=\" post-details post-461953 post type-post status-publish format-standard has-post-thumbnail hentry category-judiciales category-noticias\">\n<div class=\"post-body clearfix\">\n<div class=\"entry-content clearfix\">\n<h3>El Ministerio P\u00fablico Fiscal, representada por la fiscal Mar\u00eda del Valle Dur\u00e1n y las fiscales adjuntas, Antonella Romagnoli y Mar\u00eda Fernanda del Cerro, acus\u00f3 a Rodr\u00edguez de homicidio doblemente agravado por el v\u00ednculo y por el g\u00e9nero y a Oses de coautor de homicidio agravado por el g\u00e9nero. La v\u00edctima se llamaba <strong>Zoe Abigail P\u00e9rez<\/strong>, de 17 a\u00f1os.<\/h3>\n<h3>Los abogados defensores, Santiago Carballo -representante de Rodr\u00edguez- y Miguel Orozco -de Oses-, se opusieron a lo peticionado por fiscal\u00eda.<\/h3>\n<p>El magistrado tambi\u00e9n hizo lugar al pedido de pr\u00f3rroga del plazo de investigaci\u00f3n de cuatro meses solicitado por el Ministerio P\u00fablico Fiscal.<\/p>\n<h3>El hecho que se investiga ocurri\u00f3 el 20 de febrero de 2024 en la localidad de La Toma, a 80 kil\u00f3metros de la capital puntana. Ese d\u00eda, entre las 10 y 11:30 horas, Zoe fallece dentro de la vivienda que alquilaba Rodr\u00edguez, ubicada sobre la calle Inti Huasi, en el barrio Barrancas.<\/h3>\n<h3>De acuerdo a los datos que pudo recabar la Fiscal\u00eda, doce horas antes, Zoe se encontraba en el Club Pringles con Rodr\u00edguez y Oses. Tomaban mate y miraban un partido de v\u00f3ley. A las 22:40 horas se retiran del lugar junto a una amiga, quien se ofrece a llevarlos a una plaza. Luego, la v\u00edctima, Oses y Rodr\u00edguez se van hacia la casa de uno de los imputados.\u00a0En ese lugar hay una vivienda principal y m\u00e1s atr\u00e1s, un peque\u00f1o departamento. All\u00ed fue vista con vida por \u00faltima vez Zoe P\u00e9rez.<\/h3>\n<h3><strong>\u201cRodr\u00edguez me dijo que encontr\u00f3 a Zoe toda tajeada\u201d<\/strong><\/h3>\n<h3>Leandro Oses ampli\u00f3 su declaraci\u00f3n ante el juez Flores Leyes. Dijo que pasaron toda la noche \u201ctomando bebidas y jugando a la play\u201d y que minti\u00f3 en el trabajo para que no lo echaran. \u201cCuando se nos acab\u00f3 la bebida pedimos m\u00e1s a trav\u00e9s de un delivery. Como hab\u00edamos estado toda la noche sin dormir, dije que estaba en San Luis y que hab\u00eda perdido el colectivo de vuelta a La Toma\u201d, expres\u00f3.<\/h3>\n<h3>Tambi\u00e9n dijo que pasadas las 8 de la ma\u00f1ana decidieron con Zoe irse de la casa de Rodr\u00edguez. \u201cFui al ba\u00f1o a lavarme la cara y escuchaba que ellos hablaban. Rodr\u00edguez despu\u00e9s nos dijo que nos qued\u00e1ramos a dormir, pero nos fuimos\u201d.\u00a0Seg\u00fan su declaraci\u00f3n, ambos salieron, pero el acusado de 24 a\u00f1os narr\u00f3 que la v\u00edctima le dijo que se hab\u00eda olvidado algo en la casa y ten\u00eda que volver. \u201cSent\u00ed como que sobraba, que me quer\u00eda descartar, por eso me volv\u00ed solo\u201d, sostuvo Oses y mencion\u00f3 el recorrido que realiz\u00f3 desde la casa de Rodr\u00edguez hasta su vivienda.<\/h3>\n<h3>Despu\u00e9s que se acost\u00f3, Oses dijo que Rodr\u00edguez lo llam\u00f3 y le envi\u00f3 m\u00e1s de 60 mensajes. \u201cComo a las 11 de la ma\u00f1ana me entraron como 69 mensajes de Rodr\u00edguez pidi\u00e9ndome que vaya para su casa. Como yo le dije que no ten\u00eda ganas de levantarme me dijo que fuera porque hab\u00eda encontrado a Zoe toda tajeada. Le ped\u00ed a mi hermano que me llamara y le cont\u00e9 toda la secuencia y fuimos hasta el domicilio. All\u00ed me encontr\u00e9 con Nahuel, hermano de Zoe, despu\u00e9s no enteramos lo que pas\u00f3 y fui a la comisar\u00eda a declarar\u201d.<\/h3>\n<h3>Oses, que comparte pabell\u00f3n con Rodr\u00edguez en el Servicio Penitenciario Provincial, dijo que no cre\u00eda que entre su amigo y la v\u00edctima hubiera una relaci\u00f3n amorosa. \u201cNo pongo las manos en el fuego por nadie, pero Rodr\u00edguez y Zoe eran compinches, se ayudaban y se cubr\u00edan, pero relaci\u00f3n amorosa creer\u00eda que no\u201d.\u00a0Para finalizar, el imputado dijo que \u201cno intent\u00e9 ni mat\u00e9 a Zoe P\u00e9rez\u201d.<\/h3>\n<\/div>\n<\/div>\n<\/article>\n<\/div>\n<p>&nbsp;<\/p>\n<p>&nbsp;<\/p>\n","protected":false},"excerpt":{"rendered":"<p>Adri\u00e1n Rodr\u00edguez y Leandro Oses continuar\u00e1n detenidos en el Servicio Penitenciario Provincial. Este mi\u00e9rcoles al&#8230;<\/p>\n","protected":false},"author":1,"featured_media":18075,"comment_status":"closed","ping_status":"closed","sticky":false,"template":"","format":"standard","meta":{"footnotes":""},"categories":[6],"tags":[],"class_list":["post-18074","post","type-post","status-publish","format-standard","has-post-thumbnail","hentry","category-ciudad-provincia"],"yoast_head":"<!-- This site is optimized with the Yoast SEO plugin v26.1.1 - https:\/\/yoast.com\/wordpress\/plugins\/seo\/ -->\n<title>CRIMEN DE ZOE EN LA TOMA: LOS ACUSADOS CONTINUAR\u00c1N DETENIDOS - Apuntes de San Luis<\/title>\n<meta name=\"robots\" content=\"index, follow, max-snippet:-1, max-image-preview:large, max-video-preview:-1\" \/>\n<link rel=\"canonical\" href=\"https:\/\/apuntesdesanluis.com\/index.php\/2024\/06\/19\/crimen-de-zoe-en-la-toma-los-acusados-continuaran-detenidos\/\" \/>\n<meta property=\"og:locale\" content=\"es_ES\" \/>\n<meta property=\"og:type\" content=\"article\" \/>\n<meta property=\"og:title\" content=\"CRIMEN DE ZOE EN LA TOMA: LOS ACUSADOS CONTINUAR\u00c1N DETENIDOS - Apuntes de San Luis\" \/>\n<meta property=\"og:description\" content=\"Adri\u00e1n Rodr\u00edguez y Leandro Oses continuar\u00e1n detenidos en el Servicio Penitenciario Provincial. Este mi\u00e9rcoles al...\" \/>\n<meta property=\"og:url\" content=\"https:\/\/apuntesdesanluis.com\/index.php\/2024\/06\/19\/crimen-de-zoe-en-la-toma-los-acusados-continuaran-detenidos\/\" \/>\n<meta property=\"og:site_name\" content=\"Apuntes de San Luis\" \/>\n<meta property=\"article:published_time\" content=\"2024-06-19T23:11:57+00:00\" \/>\n<meta property=\"og:image\" content=\"https:\/\/apuntesdesanluis.com\/wp-content\/uploads\/2024\/06\/juicio-3.png\" \/>\n\t<meta property=\"og:image:width\" content=\"493\" \/>\n\t<meta property=\"og:image:height\" content=\"310\" \/>\n\t<meta property=\"og:image:type\" content=\"image\/png\" \/>\n<meta name=\"author\" content=\"apuntesdesanluis.com\" \/>\n<meta name=\"twitter:card\" content=\"summary_large_image\" \/>\n<meta name=\"twitter:label1\" content=\"Escrito por\" \/>\n\t<meta name=\"twitter:data1\" content=\"apuntesdesanluis.com\" \/>\n\t<meta name=\"twitter:label2\" content=\"Tiempo de lectura\" \/>\n\t<meta name=\"twitter:data2\" content=\"4 minutos\" \/>\n<script type=\"application\/ld+json\" class=\"yoast-schema-graph\">{\"@context\":\"https:\/\/schema.org\",\"@graph\":[{\"@type\":\"Article\",\"@id\":\"https:\/\/apuntesdesanluis.com\/index.php\/2024\/06\/19\/crimen-de-zoe-en-la-toma-los-acusados-continuaran-detenidos\/#article\",\"isPartOf\":{\"@id\":\"https:\/\/apuntesdesanluis.com\/index.php\/2024\/06\/19\/crimen-de-zoe-en-la-toma-los-acusados-continuaran-detenidos\/\"},\"author\":{\"name\":\"apuntesdesanluis.com\",\"@id\":\"https:\/\/apuntesdesanluis.com\/#\/schema\/person\/b55151d52296fcce64d1a72538a70b90\"},\"headline\":\"CRIMEN DE ZOE EN LA TOMA: LOS ACUSADOS CONTINUAR\u00c1N DETENIDOS\",\"datePublished\":\"2024-06-19T23:11:57+00:00\",\"mainEntityOfPage\":{\"@id\":\"https:\/\/apuntesdesanluis.com\/index.php\/2024\/06\/19\/crimen-de-zoe-en-la-toma-los-acusados-continuaran-detenidos\/\"},\"wordCount\":721,\"publisher\":{\"@id\":\"https:\/\/apuntesdesanluis.com\/#\/schema\/person\/b55151d52296fcce64d1a72538a70b90\"},\"image\":{\"@id\":\"https:\/\/apuntesdesanluis.com\/index.php\/2024\/06\/19\/crimen-de-zoe-en-la-toma-los-acusados-continuaran-detenidos\/#primaryimage\"},\"thumbnailUrl\":\"https:\/\/apuntesdesanluis.com\/wp-content\/uploads\/2024\/06\/juicio-3.png\",\"articleSection\":[\"Ciudad\/Provincia\"],\"inLanguage\":\"es-AR\"},{\"@type\":\"WebPage\",\"@id\":\"https:\/\/apuntesdesanluis.com\/index.php\/2024\/06\/19\/crimen-de-zoe-en-la-toma-los-acusados-continuaran-detenidos\/\",\"url\":\"https:\/\/apuntesdesanluis.com\/index.php\/2024\/06\/19\/crimen-de-zoe-en-la-toma-los-acusados-continuaran-detenidos\/\",\"name\":\"CRIMEN DE ZOE EN LA TOMA: LOS ACUSADOS CONTINUAR\u00c1N DETENIDOS - Apuntes de San Luis\",\"isPartOf\":{\"@id\":\"https:\/\/apuntesdesanluis.com\/#website\"},\"primaryImageOfPage\":{\"@id\":\"https:\/\/apuntesdesanluis.com\/index.php\/2024\/06\/19\/crimen-de-zoe-en-la-toma-los-acusados-continuaran-detenidos\/#primaryimage\"},\"image\":{\"@id\":\"https:\/\/apuntesdesanluis.com\/index.php\/2024\/06\/19\/crimen-de-zoe-en-la-toma-los-acusados-continuaran-detenidos\/#primaryimage\"},\"thumbnailUrl\":\"https:\/\/apuntesdesanluis.com\/wp-content\/uploads\/2024\/06\/juicio-3.png\",\"datePublished\":\"2024-06-19T23:11:57+00:00\",\"breadcrumb\":{\"@id\":\"https:\/\/apuntesdesanluis.com\/index.php\/2024\/06\/19\/crimen-de-zoe-en-la-toma-los-acusados-continuaran-detenidos\/#breadcrumb\"},\"inLanguage\":\"es-AR\",\"potentialAction\":[{\"@type\":\"ReadAction\",\"target\":[\"https:\/\/apuntesdesanluis.com\/index.php\/2024\/06\/19\/crimen-de-zoe-en-la-toma-los-acusados-continuaran-detenidos\/\"]}]},{\"@type\":\"ImageObject\",\"inLanguage\":\"es-AR\",\"@id\":\"https:\/\/apuntesdesanluis.com\/index.php\/2024\/06\/19\/crimen-de-zoe-en-la-toma-los-acusados-continuaran-detenidos\/#primaryimage\",\"url\":\"https:\/\/apuntesdesanluis.com\/wp-content\/uploads\/2024\/06\/juicio-3.png\",\"contentUrl\":\"https:\/\/apuntesdesanluis.com\/wp-content\/uploads\/2024\/06\/juicio-3.png\",\"width\":493,\"height\":310},{\"@type\":\"BreadcrumbList\",\"@id\":\"https:\/\/apuntesdesanluis.com\/index.php\/2024\/06\/19\/crimen-de-zoe-en-la-toma-los-acusados-continuaran-detenidos\/#breadcrumb\",\"itemListElement\":[{\"@type\":\"ListItem\",\"position\":1,\"name\":\"Inicio\",\"item\":\"https:\/\/apuntesdesanluis.com\/\"},{\"@type\":\"ListItem\",\"position\":2,\"name\":\"CRIMEN DE ZOE EN LA TOMA: LOS ACUSADOS CONTINUAR\u00c1N DETENIDOS\"}]},{\"@type\":\"WebSite\",\"@id\":\"https:\/\/apuntesdesanluis.com\/#website\",\"url\":\"https:\/\/apuntesdesanluis.com\/\",\"name\":\"Apuntes de San Luis\",\"description\":\"\",\"publisher\":{\"@id\":\"https:\/\/apuntesdesanluis.com\/#\/schema\/person\/b55151d52296fcce64d1a72538a70b90\"},\"potentialAction\":[{\"@type\":\"SearchAction\",\"target\":{\"@type\":\"EntryPoint\",\"urlTemplate\":\"https:\/\/apuntesdesanluis.com\/?s={search_term_string}\"},\"query-input\":{\"@type\":\"PropertyValueSpecification\",\"valueRequired\":true,\"valueName\":\"search_term_string\"}}],\"inLanguage\":\"es-AR\"},{\"@type\":[\"Person\",\"Organization\"],\"@id\":\"https:\/\/apuntesdesanluis.com\/#\/schema\/person\/b55151d52296fcce64d1a72538a70b90\",\"name\":\"apuntesdesanluis.com\",\"image\":{\"@type\":\"ImageObject\",\"inLanguage\":\"es-AR\",\"@id\":\"https:\/\/apuntesdesanluis.com\/#\/schema\/person\/image\/\",\"url\":\"https:\/\/apuntesdesanluis.com\/wp-content\/uploads\/2023\/07\/cropped-apuntesdesanluis.png\",\"contentUrl\":\"https:\/\/apuntesdesanluis.com\/wp-content\/uploads\/2023\/07\/cropped-apuntesdesanluis.png\",\"width\":450,\"height\":112,\"caption\":\"apuntesdesanluis.com\"},\"logo\":{\"@id\":\"https:\/\/apuntesdesanluis.com\/#\/schema\/person\/image\/\"},\"sameAs\":[\"https:\/\/apuntesdesanluis.com\"],\"url\":\"https:\/\/apuntesdesanluis.com\/index.php\/author\/apuntesdesanluis-com\/\"}]}<\/script>\n<!-- \/ Yoast SEO plugin. -->","yoast_head_json":{"title":"CRIMEN DE ZOE EN LA TOMA: LOS ACUSADOS CONTINUAR\u00c1N DETENIDOS - Apuntes de San Luis","robots":{"index":"index","follow":"follow","max-snippet":"max-snippet:-1","max-image-preview":"max-image-preview:large","max-video-preview":"max-video-preview:-1"},"canonical":"https:\/\/apuntesdesanluis.com\/index.php\/2024\/06\/19\/crimen-de-zoe-en-la-toma-los-acusados-continuaran-detenidos\/","og_locale":"es_ES","og_type":"article","og_title":"CRIMEN DE ZOE EN LA TOMA: LOS ACUSADOS CONTINUAR\u00c1N DETENIDOS - Apuntes de San Luis","og_description":"Adri\u00e1n Rodr\u00edguez y Leandro Oses continuar\u00e1n detenidos en el Servicio Penitenciario Provincial. Este mi\u00e9rcoles al...","og_url":"https:\/\/apuntesdesanluis.com\/index.php\/2024\/06\/19\/crimen-de-zoe-en-la-toma-los-acusados-continuaran-detenidos\/","og_site_name":"Apuntes de San Luis","article_published_time":"2024-06-19T23:11:57+00:00","og_image":[{"width":493,"height":310,"url":"https:\/\/apuntesdesanluis.com\/wp-content\/uploads\/2024\/06\/juicio-3.png","type":"image\/png"}],"author":"apuntesdesanluis.com","twitter_card":"summary_large_image","twitter_misc":{"Escrito por":"apuntesdesanluis.com","Tiempo de lectura":"4 minutos"},"schema":{"@context":"https:\/\/schema.org","@graph":[{"@type":"Article","@id":"https:\/\/apuntesdesanluis.com\/index.php\/2024\/06\/19\/crimen-de-zoe-en-la-toma-los-acusados-continuaran-detenidos\/#article","isPartOf":{"@id":"https:\/\/apuntesdesanluis.com\/index.php\/2024\/06\/19\/crimen-de-zoe-en-la-toma-los-acusados-continuaran-detenidos\/"},"author":{"name":"apuntesdesanluis.com","@id":"https:\/\/apuntesdesanluis.com\/#\/schema\/person\/b55151d52296fcce64d1a72538a70b90"},"headline":"CRIMEN DE ZOE EN LA TOMA: LOS ACUSADOS CONTINUAR\u00c1N DETENIDOS","datePublished":"2024-06-19T23:11:57+00:00","mainEntityOfPage":{"@id":"https:\/\/apuntesdesanluis.com\/index.php\/2024\/06\/19\/crimen-de-zoe-en-la-toma-los-acusados-continuaran-detenidos\/"},"wordCount":721,"publisher":{"@id":"https:\/\/apuntesdesanluis.com\/#\/schema\/person\/b55151d52296fcce64d1a72538a70b90"},"image":{"@id":"https:\/\/apuntesdesanluis.com\/index.php\/2024\/06\/19\/crimen-de-zoe-en-la-toma-los-acusados-continuaran-detenidos\/#primaryimage"},"thumbnailUrl":"https:\/\/apuntesdesanluis.com\/wp-content\/uploads\/2024\/06\/juicio-3.png","articleSection":["Ciudad\/Provincia"],"inLanguage":"es-AR"},{"@type":"WebPage","@id":"https:\/\/apuntesdesanluis.com\/index.php\/2024\/06\/19\/crimen-de-zoe-en-la-toma-los-acusados-continuaran-detenidos\/","url":"https:\/\/apuntesdesanluis.com\/index.php\/2024\/06\/19\/crimen-de-zoe-en-la-toma-los-acusados-continuaran-detenidos\/","name":"CRIMEN DE ZOE EN LA TOMA: LOS ACUSADOS CONTINUAR\u00c1N DETENIDOS - Apuntes de San Luis","isPartOf":{"@id":"https:\/\/apuntesdesanluis.com\/#website"},"primaryImageOfPage":{"@id":"https:\/\/apuntesdesanluis.com\/index.php\/2024\/06\/19\/crimen-de-zoe-en-la-toma-los-acusados-continuaran-detenidos\/#primaryimage"},"image":{"@id":"https:\/\/apuntesdesanluis.com\/index.php\/2024\/06\/19\/crimen-de-zoe-en-la-toma-los-acusados-continuaran-detenidos\/#primaryimage"},"thumbnailUrl":"https:\/\/apuntesdesanluis.com\/wp-content\/uploads\/2024\/06\/juicio-3.png","datePublished":"2024-06-19T23:11:57+00:00","breadcrumb":{"@id":"https:\/\/apuntesdesanluis.com\/index.php\/2024\/06\/19\/crimen-de-zoe-en-la-toma-los-acusados-continuaran-detenidos\/#breadcrumb"},"inLanguage":"es-AR","potentialAction":[{"@type":"ReadAction","target":["https:\/\/apuntesdesanluis.com\/index.php\/2024\/06\/19\/crimen-de-zoe-en-la-toma-los-acusados-continuaran-detenidos\/"]}]},{"@type":"ImageObject","inLanguage":"es-AR","@id":"https:\/\/apuntesdesanluis.com\/index.php\/2024\/06\/19\/crimen-de-zoe-en-la-toma-los-acusados-continuaran-detenidos\/#primaryimage","url":"https:\/\/apuntesdesanluis.com\/wp-content\/uploads\/2024\/06\/juicio-3.png","contentUrl":"https:\/\/apuntesdesanluis.com\/wp-content\/uploads\/2024\/06\/juicio-3.png","width":493,"height":310},{"@type":"BreadcrumbList","@id":"https:\/\/apuntesdesanluis.com\/index.php\/2024\/06\/19\/crimen-de-zoe-en-la-toma-los-acusados-continuaran-detenidos\/#breadcrumb","itemListElement":[{"@type":"ListItem","position":1,"name":"Inicio","item":"https:\/\/apuntesdesanluis.com\/"},{"@type":"ListItem","position":2,"name":"CRIMEN DE ZOE EN LA TOMA: LOS ACUSADOS CONTINUAR\u00c1N DETENIDOS"}]},{"@type":"WebSite","@id":"https:\/\/apuntesdesanluis.com\/#website","url":"https:\/\/apuntesdesanluis.com\/","name":"Apuntes de San Luis","description":"","publisher":{"@id":"https:\/\/apuntesdesanluis.com\/#\/schema\/person\/b55151d52296fcce64d1a72538a70b90"},"potentialAction":[{"@type":"SearchAction","target":{"@type":"EntryPoint","urlTemplate":"https:\/\/apuntesdesanluis.com\/?s={search_term_string}"},"query-input":{"@type":"PropertyValueSpecification","valueRequired":true,"valueName":"search_term_string"}}],"inLanguage":"es-AR"},{"@type":["Person","Organization"],"@id":"https:\/\/apuntesdesanluis.com\/#\/schema\/person\/b55151d52296fcce64d1a72538a70b90","name":"apuntesdesanluis.com","image":{"@type":"ImageObject","inLanguage":"es-AR","@id":"https:\/\/apuntesdesanluis.com\/#\/schema\/person\/image\/","url":"https:\/\/apuntesdesanluis.com\/wp-content\/uploads\/2023\/07\/cropped-apuntesdesanluis.png","contentUrl":"https:\/\/apuntesdesanluis.com\/wp-content\/uploads\/2023\/07\/cropped-apuntesdesanluis.png","width":450,"height":112,"caption":"apuntesdesanluis.com"},"logo":{"@id":"https:\/\/apuntesdesanluis.com\/#\/schema\/person\/image\/"},"sameAs":["https:\/\/apuntesdesanluis.com"],"url":"https:\/\/apuntesdesanluis.com\/index.php\/author\/apuntesdesanluis-com\/"}]}},"featured_image_urls":{"full":["https:\/\/apuntesdesanluis.com\/wp-content\/uploads\/2024\/06\/juicio-3.png",493,310,false],"thumbnail":["https:\/\/apuntesdesanluis.com\/wp-content\/uploads\/2024\/06\/juicio-3-150x150.png",150,150,true],"medium":["https:\/\/apuntesdesanluis.com\/wp-content\/uploads\/2024\/06\/juicio-3-300x189.png",300,189,true],"medium_large":["https:\/\/apuntesdesanluis.com\/wp-content\/uploads\/2024\/06\/juicio-3.png",493,310,false],"large":["https:\/\/apuntesdesanluis.com\/wp-content\/uploads\/2024\/06\/juicio-3.png",493,310,false],"1536x1536":["https:\/\/apuntesdesanluis.com\/wp-content\/uploads\/2024\/06\/juicio-3.png",493,310,false],"2048x2048":["https:\/\/apuntesdesanluis.com\/wp-content\/uploads\/2024\/06\/juicio-3.png",493,310,false],"newsever-slider-full":["https:\/\/apuntesdesanluis.com\/wp-content\/uploads\/2024\/06\/juicio-3.png",493,310,false],"newsever-featured":["https:\/\/apuntesdesanluis.com\/wp-content\/uploads\/2024\/06\/juicio-3.png",493,310,false],"newsever-medium":["https:\/\/apuntesdesanluis.com\/wp-content\/uploads\/2024\/06\/juicio-3.png",493,310,false]},"author_info":{"display_name":"apuntesdesanluis.com","author_link":"https:\/\/apuntesdesanluis.com\/index.php\/author\/apuntesdesanluis-com\/"},"category_info":"<a href=\"https:\/\/apuntesdesanluis.com\/index.php\/category\/ciudad-provincia\/\" rel=\"category tag\">Ciudad\/Provincia<\/a>","tag_info":"Ciudad\/Provincia","comment_count":"0","_links":{"self":[{"href":"https:\/\/apuntesdesanluis.com\/index.php\/wp-json\/wp\/v2\/posts\/18074","targetHints":{"allow":["GET"]}}],"collection":[{"href":"https:\/\/apuntesdesanluis.com\/index.php\/wp-json\/wp\/v2\/posts"}],"about":[{"href":"https:\/\/apuntesdesanluis.com\/index.php\/wp-json\/wp\/v2\/types\/post"}],"author":[{"embeddable":true,"href":"https:\/\/apuntesdesanluis.com\/index.php\/wp-json\/wp\/v2\/users\/1"}],"replies":[{"embeddable":true,"href":"https:\/\/apuntesdesanluis.com\/index.php\/wp-json\/wp\/v2\/comments?post=18074"}],"version-history":[{"count":1,"href":"https:\/\/apuntesdesanluis.com\/index.php\/wp-json\/wp\/v2\/posts\/18074\/revisions"}],"predecessor-version":[{"id":18076,"href":"https:\/\/apuntesdesanluis.com\/index.php\/wp-json\/wp\/v2\/posts\/18074\/revisions\/18076"}],"wp:featuredmedia":[{"embeddable":true,"href":"https:\/\/apuntesdesanluis.com\/index.php\/wp-json\/wp\/v2\/media\/18075"}],"wp:attachment":[{"href":"https:\/\/apuntesdesanluis.com\/index.php\/wp-json\/wp\/v2\/media?parent=18074"}],"wp:term":[{"taxonomy":"category","embeddable":true,"href":"https:\/\/apuntesdesanluis.com\/index.php\/wp-json\/wp\/v2\/categories?post=18074"},{"taxonomy":"post_tag","embeddable":true,"href":"https:\/\/apuntesdesanluis.com\/index.php\/wp-json\/wp\/v2\/tags?post=18074"}],"curies":[{"name":"wp","href":"https:\/\/api.w.org\/{rel}","templated":true}]}}