{"id":18077,"date":"2024-06-19T15:03:55","date_gmt":"2024-06-19T18:03:55","guid":{"rendered":"https:\/\/apuntesdesanluis.com\/?p=18077"},"modified":"2024-06-19T21:09:55","modified_gmt":"2024-06-20T00:09:55","slug":"conmocion-por-la-muerte-de-una-docente-en-pleno-acto-por-el-dia-de-la-bandera","status":"publish","type":"post","link":"https:\/\/apuntesdesanluis.com\/index.php\/2024\/06\/19\/conmocion-por-la-muerte-de-una-docente-en-pleno-acto-por-el-dia-de-la-bandera\/","title":{"rendered":"CONMOCI\u00d3N POR LA MUERTE DE UNA DOCENTE EN PLENO ACTO POR EL D\u00cdA DE LA BANDERA"},"content":{"rendered":"<h3>La comunidad educativa de la <strong>Escuela P\u00fablica Autogestionada N\u00b0 10 \u201cMaestro Escultor Vicente Lucero\u201d<\/strong>\u00a0 del barrio La Ribera, permanece conmocionada tras el fallecimiento, este mi\u00e9rcoles, de la profesora <strong>Sandra Mariela Iturralde<\/strong>, como consecuencia de un paro cardiorrespiratorio.<\/h3>\n<h3>El tr\u00e1gico deceso se produjo en horas de la ma\u00f1ana, mientras el tambi\u00e9n docente y locutor <strong>Miguel Gauna<\/strong> conduc\u00eda el Acto de Reafirmaci\u00f3n de Lealtad a la Bandera Argentina. En momentos en que hablaba el director del establecimiento, Jorge Rub\u00e9n Rozale, la docente se descompens\u00f3.<\/h3>\n<h3>En un principio se crey\u00f3 que hab\u00eda sufrido un desmayo, pero como no reaccionaba se llam\u00f3 al servicio m\u00e9dico y los profesionales trataron de reanimarla, pero ya era tarde. Inmediatamente se dispuso la suspensi\u00f3n de actividades.<\/h3>\n<h3>En las redes se sucedieron las muestras de pesar por el fallecimiento de esta querida docente.<\/h3>\n<p><img fetchpriority=\"high\" decoding=\"async\" class=\"wp-image-18079 aligncenter\" src=\"https:\/\/apuntesdesanluis.com\/wp-content\/uploads\/2024\/06\/posteo-epa-300x285.png\" alt=\"\" width=\"584\" height=\"555\" srcset=\"https:\/\/apuntesdesanluis.com\/wp-content\/uploads\/2024\/06\/posteo-epa-300x285.png 300w, https:\/\/apuntesdesanluis.com\/wp-content\/uploads\/2024\/06\/posteo-epa.png 616w\" sizes=\"(max-width: 584px) 100vw, 584px\" \/><\/p>\n<p><img decoding=\"async\" class=\"wp-image-18080 aligncenter\" src=\"https:\/\/apuntesdesanluis.com\/wp-content\/uploads\/2024\/06\/gauna-300x98.png\" alt=\"\" width=\"582\" height=\"190\" srcset=\"https:\/\/apuntesdesanluis.com\/wp-content\/uploads\/2024\/06\/gauna-300x98.png 300w, https:\/\/apuntesdesanluis.com\/wp-content\/uploads\/2024\/06\/gauna.png 625w\" sizes=\"(max-width: 582px) 100vw, 582px\" \/><\/p>\n<p><img decoding=\"async\" class=\"wp-image-18081 aligncenter\" src=\"https:\/\/apuntesdesanluis.com\/wp-content\/uploads\/2024\/06\/sandra-zabala-300x187.png\" alt=\"\" width=\"592\" height=\"369\" srcset=\"https:\/\/apuntesdesanluis.com\/wp-content\/uploads\/2024\/06\/sandra-zabala-300x187.png 300w, https:\/\/apuntesdesanluis.com\/wp-content\/uploads\/2024\/06\/sandra-zabala.png 622w\" sizes=\"(max-width: 592px) 100vw, 592px\" \/><\/p>\n<p><img loading=\"lazy\" decoding=\"async\" class=\"wp-image-18083 aligncenter\" src=\"https:\/\/apuntesdesanluis.com\/wp-content\/uploads\/2024\/06\/ale-palacio-300x238.png\" alt=\"\" width=\"587\" height=\"466\" srcset=\"https:\/\/apuntesdesanluis.com\/wp-content\/uploads\/2024\/06\/ale-palacio-300x238.png 300w, https:\/\/apuntesdesanluis.com\/wp-content\/uploads\/2024\/06\/ale-palacio.png 611w\" sizes=\"(max-width: 587px) 100vw, 587px\" \/><\/p>\n<p>&nbsp;<\/p>\n<p>&nbsp;<\/p>\n<p>&nbsp;<\/p>\n<p>&nbsp;<\/p>\n<p>&nbsp;<\/p>\n","protected":false},"excerpt":{"rendered":"<p>La comunidad educativa de la Escuela P\u00fablica Autogestionada N\u00b0 10 \u201cMaestro Escultor Vicente Lucero\u201d\u00a0 del&#8230;<\/p>\n","protected":false},"author":1,"featured_media":18078,"comment_status":"closed","ping_status":"closed","sticky":false,"template":"","format":"standard","meta":{"footnotes":""},"categories":[6],"tags":[],"class_list":["post-18077","post","type-post","status-publish","format-standard","has-post-thumbnail","hentry","category-ciudad-provincia"],"yoast_head":"<!-- This site is optimized with the Yoast SEO plugin v26.1.1 - https:\/\/yoast.com\/wordpress\/plugins\/seo\/ -->\n<title>CONMOCI\u00d3N POR LA MUERTE DE UNA DOCENTE EN PLENO ACTO POR EL D\u00cdA DE LA BANDERA - Apuntes de San Luis<\/title>\n<meta name=\"robots\" content=\"index, follow, max-snippet:-1, max-image-preview:large, max-video-preview:-1\" \/>\n<link rel=\"canonical\" href=\"https:\/\/apuntesdesanluis.com\/index.php\/2024\/06\/19\/conmocion-por-la-muerte-de-una-docente-en-pleno-acto-por-el-dia-de-la-bandera\/\" \/>\n<meta property=\"og:locale\" content=\"es_ES\" \/>\n<meta property=\"og:type\" content=\"article\" \/>\n<meta property=\"og:title\" content=\"CONMOCI\u00d3N POR LA MUERTE DE UNA DOCENTE EN PLENO ACTO POR EL D\u00cdA DE LA BANDERA - Apuntes de San Luis\" \/>\n<meta property=\"og:description\" content=\"La comunidad educativa de la Escuela P\u00fablica Autogestionada N\u00b0 10 \u201cMaestro Escultor Vicente Lucero\u201d\u00a0 del...\" \/>\n<meta property=\"og:url\" content=\"https:\/\/apuntesdesanluis.com\/index.php\/2024\/06\/19\/conmocion-por-la-muerte-de-una-docente-en-pleno-acto-por-el-dia-de-la-bandera\/\" \/>\n<meta property=\"og:site_name\" content=\"Apuntes de San Luis\" \/>\n<meta property=\"article:published_time\" content=\"2024-06-19T18:03:55+00:00\" \/>\n<meta property=\"article:modified_time\" content=\"2024-06-20T00:09:55+00:00\" \/>\n<meta property=\"og:image\" content=\"https:\/\/apuntesdesanluis.com\/wp-content\/uploads\/2024\/06\/dos-epa-marielita.png\" \/>\n\t<meta property=\"og:image:width\" content=\"547\" \/>\n\t<meta property=\"og:image:height\" content=\"248\" \/>\n\t<meta property=\"og:image:type\" content=\"image\/png\" \/>\n<meta name=\"author\" content=\"apuntesdesanluis.com\" \/>\n<meta name=\"twitter:card\" content=\"summary_large_image\" \/>\n<meta name=\"twitter:label1\" content=\"Escrito por\" \/>\n\t<meta name=\"twitter:data1\" content=\"apuntesdesanluis.com\" \/>\n\t<meta name=\"twitter:label2\" content=\"Tiempo de lectura\" \/>\n\t<meta name=\"twitter:data2\" content=\"2 minutos\" \/>\n<script type=\"application\/ld+json\" class=\"yoast-schema-graph\">{\"@context\":\"https:\/\/schema.org\",\"@graph\":[{\"@type\":\"Article\",\"@id\":\"https:\/\/apuntesdesanluis.com\/index.php\/2024\/06\/19\/conmocion-por-la-muerte-de-una-docente-en-pleno-acto-por-el-dia-de-la-bandera\/#article\",\"isPartOf\":{\"@id\":\"https:\/\/apuntesdesanluis.com\/index.php\/2024\/06\/19\/conmocion-por-la-muerte-de-una-docente-en-pleno-acto-por-el-dia-de-la-bandera\/\"},\"author\":{\"name\":\"apuntesdesanluis.com\",\"@id\":\"https:\/\/apuntesdesanluis.com\/#\/schema\/person\/b55151d52296fcce64d1a72538a70b90\"},\"headline\":\"CONMOCI\u00d3N POR LA MUERTE DE UNA DOCENTE EN PLENO ACTO POR EL D\u00cdA DE LA BANDERA\",\"datePublished\":\"2024-06-19T18:03:55+00:00\",\"dateModified\":\"2024-06-20T00:09:55+00:00\",\"mainEntityOfPage\":{\"@id\":\"https:\/\/apuntesdesanluis.com\/index.php\/2024\/06\/19\/conmocion-por-la-muerte-de-una-docente-en-pleno-acto-por-el-dia-de-la-bandera\/\"},\"wordCount\":167,\"publisher\":{\"@id\":\"https:\/\/apuntesdesanluis.com\/#\/schema\/person\/b55151d52296fcce64d1a72538a70b90\"},\"image\":{\"@id\":\"https:\/\/apuntesdesanluis.com\/index.php\/2024\/06\/19\/conmocion-por-la-muerte-de-una-docente-en-pleno-acto-por-el-dia-de-la-bandera\/#primaryimage\"},\"thumbnailUrl\":\"https:\/\/apuntesdesanluis.com\/wp-content\/uploads\/2024\/06\/dos-epa-marielita.png\",\"articleSection\":[\"Ciudad\/Provincia\"],\"inLanguage\":\"es-AR\"},{\"@type\":\"WebPage\",\"@id\":\"https:\/\/apuntesdesanluis.com\/index.php\/2024\/06\/19\/conmocion-por-la-muerte-de-una-docente-en-pleno-acto-por-el-dia-de-la-bandera\/\",\"url\":\"https:\/\/apuntesdesanluis.com\/index.php\/2024\/06\/19\/conmocion-por-la-muerte-de-una-docente-en-pleno-acto-por-el-dia-de-la-bandera\/\",\"name\":\"CONMOCI\u00d3N POR LA MUERTE DE UNA DOCENTE EN PLENO ACTO POR EL D\u00cdA DE LA BANDERA - Apuntes de San Luis\",\"isPartOf\":{\"@id\":\"https:\/\/apuntesdesanluis.com\/#website\"},\"primaryImageOfPage\":{\"@id\":\"https:\/\/apuntesdesanluis.com\/index.php\/2024\/06\/19\/conmocion-por-la-muerte-de-una-docente-en-pleno-acto-por-el-dia-de-la-bandera\/#primaryimage\"},\"image\":{\"@id\":\"https:\/\/apuntesdesanluis.com\/index.php\/2024\/06\/19\/conmocion-por-la-muerte-de-una-docente-en-pleno-acto-por-el-dia-de-la-bandera\/#primaryimage\"},\"thumbnailUrl\":\"https:\/\/apuntesdesanluis.com\/wp-content\/uploads\/2024\/06\/dos-epa-marielita.png\",\"datePublished\":\"2024-06-19T18:03:55+00:00\",\"dateModified\":\"2024-06-20T00:09:55+00:00\",\"breadcrumb\":{\"@id\":\"https:\/\/apuntesdesanluis.com\/index.php\/2024\/06\/19\/conmocion-por-la-muerte-de-una-docente-en-pleno-acto-por-el-dia-de-la-bandera\/#breadcrumb\"},\"inLanguage\":\"es-AR\",\"potentialAction\":[{\"@type\":\"ReadAction\",\"target\":[\"https:\/\/apuntesdesanluis.com\/index.php\/2024\/06\/19\/conmocion-por-la-muerte-de-una-docente-en-pleno-acto-por-el-dia-de-la-bandera\/\"]}]},{\"@type\":\"ImageObject\",\"inLanguage\":\"es-AR\",\"@id\":\"https:\/\/apuntesdesanluis.com\/index.php\/2024\/06\/19\/conmocion-por-la-muerte-de-una-docente-en-pleno-acto-por-el-dia-de-la-bandera\/#primaryimage\",\"url\":\"https:\/\/apuntesdesanluis.com\/wp-content\/uploads\/2024\/06\/dos-epa-marielita.png\",\"contentUrl\":\"https:\/\/apuntesdesanluis.com\/wp-content\/uploads\/2024\/06\/dos-epa-marielita.png\",\"width\":547,\"height\":248},{\"@type\":\"BreadcrumbList\",\"@id\":\"https:\/\/apuntesdesanluis.com\/index.php\/2024\/06\/19\/conmocion-por-la-muerte-de-una-docente-en-pleno-acto-por-el-dia-de-la-bandera\/#breadcrumb\",\"itemListElement\":[{\"@type\":\"ListItem\",\"position\":1,\"name\":\"Inicio\",\"item\":\"https:\/\/apuntesdesanluis.com\/\"},{\"@type\":\"ListItem\",\"position\":2,\"name\":\"CONMOCI\u00d3N POR LA MUERTE DE UNA DOCENTE EN PLENO ACTO POR EL D\u00cdA DE LA BANDERA\"}]},{\"@type\":\"WebSite\",\"@id\":\"https:\/\/apuntesdesanluis.com\/#website\",\"url\":\"https:\/\/apuntesdesanluis.com\/\",\"name\":\"Apuntes de San Luis\",\"description\":\"\",\"publisher\":{\"@id\":\"https:\/\/apuntesdesanluis.com\/#\/schema\/person\/b55151d52296fcce64d1a72538a70b90\"},\"potentialAction\":[{\"@type\":\"SearchAction\",\"target\":{\"@type\":\"EntryPoint\",\"urlTemplate\":\"https:\/\/apuntesdesanluis.com\/?s={search_term_string}\"},\"query-input\":{\"@type\":\"PropertyValueSpecification\",\"valueRequired\":true,\"valueName\":\"search_term_string\"}}],\"inLanguage\":\"es-AR\"},{\"@type\":[\"Person\",\"Organization\"],\"@id\":\"https:\/\/apuntesdesanluis.com\/#\/schema\/person\/b55151d52296fcce64d1a72538a70b90\",\"name\":\"apuntesdesanluis.com\",\"image\":{\"@type\":\"ImageObject\",\"inLanguage\":\"es-AR\",\"@id\":\"https:\/\/apuntesdesanluis.com\/#\/schema\/person\/image\/\",\"url\":\"https:\/\/apuntesdesanluis.com\/wp-content\/uploads\/2023\/07\/cropped-apuntesdesanluis.png\",\"contentUrl\":\"https:\/\/apuntesdesanluis.com\/wp-content\/uploads\/2023\/07\/cropped-apuntesdesanluis.png\",\"width\":450,\"height\":112,\"caption\":\"apuntesdesanluis.com\"},\"logo\":{\"@id\":\"https:\/\/apuntesdesanluis.com\/#\/schema\/person\/image\/\"},\"sameAs\":[\"https:\/\/apuntesdesanluis.com\"],\"url\":\"https:\/\/apuntesdesanluis.com\/index.php\/author\/apuntesdesanluis-com\/\"}]}<\/script>\n<!-- \/ Yoast SEO plugin. -->","yoast_head_json":{"title":"CONMOCI\u00d3N POR LA MUERTE DE UNA DOCENTE EN PLENO ACTO POR EL D\u00cdA DE LA BANDERA - Apuntes de San Luis","robots":{"index":"index","follow":"follow","max-snippet":"max-snippet:-1","max-image-preview":"max-image-preview:large","max-video-preview":"max-video-preview:-1"},"canonical":"https:\/\/apuntesdesanluis.com\/index.php\/2024\/06\/19\/conmocion-por-la-muerte-de-una-docente-en-pleno-acto-por-el-dia-de-la-bandera\/","og_locale":"es_ES","og_type":"article","og_title":"CONMOCI\u00d3N POR LA MUERTE DE UNA DOCENTE EN PLENO ACTO POR EL D\u00cdA DE LA BANDERA - Apuntes de San Luis","og_description":"La comunidad educativa de la Escuela P\u00fablica Autogestionada N\u00b0 10 \u201cMaestro Escultor Vicente Lucero\u201d\u00a0 del...","og_url":"https:\/\/apuntesdesanluis.com\/index.php\/2024\/06\/19\/conmocion-por-la-muerte-de-una-docente-en-pleno-acto-por-el-dia-de-la-bandera\/","og_site_name":"Apuntes de San Luis","article_published_time":"2024-06-19T18:03:55+00:00","article_modified_time":"2024-06-20T00:09:55+00:00","og_image":[{"width":547,"height":248,"url":"https:\/\/apuntesdesanluis.com\/wp-content\/uploads\/2024\/06\/dos-epa-marielita.png","type":"image\/png"}],"author":"apuntesdesanluis.com","twitter_card":"summary_large_image","twitter_misc":{"Escrito por":"apuntesdesanluis.com","Tiempo de lectura":"2 minutos"},"schema":{"@context":"https:\/\/schema.org","@graph":[{"@type":"Article","@id":"https:\/\/apuntesdesanluis.com\/index.php\/2024\/06\/19\/conmocion-por-la-muerte-de-una-docente-en-pleno-acto-por-el-dia-de-la-bandera\/#article","isPartOf":{"@id":"https:\/\/apuntesdesanluis.com\/index.php\/2024\/06\/19\/conmocion-por-la-muerte-de-una-docente-en-pleno-acto-por-el-dia-de-la-bandera\/"},"author":{"name":"apuntesdesanluis.com","@id":"https:\/\/apuntesdesanluis.com\/#\/schema\/person\/b55151d52296fcce64d1a72538a70b90"},"headline":"CONMOCI\u00d3N POR LA MUERTE DE UNA DOCENTE EN PLENO ACTO POR EL D\u00cdA DE LA BANDERA","datePublished":"2024-06-19T18:03:55+00:00","dateModified":"2024-06-20T00:09:55+00:00","mainEntityOfPage":{"@id":"https:\/\/apuntesdesanluis.com\/index.php\/2024\/06\/19\/conmocion-por-la-muerte-de-una-docente-en-pleno-acto-por-el-dia-de-la-bandera\/"},"wordCount":167,"publisher":{"@id":"https:\/\/apuntesdesanluis.com\/#\/schema\/person\/b55151d52296fcce64d1a72538a70b90"},"image":{"@id":"https:\/\/apuntesdesanluis.com\/index.php\/2024\/06\/19\/conmocion-por-la-muerte-de-una-docente-en-pleno-acto-por-el-dia-de-la-bandera\/#primaryimage"},"thumbnailUrl":"https:\/\/apuntesdesanluis.com\/wp-content\/uploads\/2024\/06\/dos-epa-marielita.png","articleSection":["Ciudad\/Provincia"],"inLanguage":"es-AR"},{"@type":"WebPage","@id":"https:\/\/apuntesdesanluis.com\/index.php\/2024\/06\/19\/conmocion-por-la-muerte-de-una-docente-en-pleno-acto-por-el-dia-de-la-bandera\/","url":"https:\/\/apuntesdesanluis.com\/index.php\/2024\/06\/19\/conmocion-por-la-muerte-de-una-docente-en-pleno-acto-por-el-dia-de-la-bandera\/","name":"CONMOCI\u00d3N POR LA MUERTE DE UNA DOCENTE EN PLENO ACTO POR EL D\u00cdA DE LA BANDERA - Apuntes de San Luis","isPartOf":{"@id":"https:\/\/apuntesdesanluis.com\/#website"},"primaryImageOfPage":{"@id":"https:\/\/apuntesdesanluis.com\/index.php\/2024\/06\/19\/conmocion-por-la-muerte-de-una-docente-en-pleno-acto-por-el-dia-de-la-bandera\/#primaryimage"},"image":{"@id":"https:\/\/apuntesdesanluis.com\/index.php\/2024\/06\/19\/conmocion-por-la-muerte-de-una-docente-en-pleno-acto-por-el-dia-de-la-bandera\/#primaryimage"},"thumbnailUrl":"https:\/\/apuntesdesanluis.com\/wp-content\/uploads\/2024\/06\/dos-epa-marielita.png","datePublished":"2024-06-19T18:03:55+00:00","dateModified":"2024-06-20T00:09:55+00:00","breadcrumb":{"@id":"https:\/\/apuntesdesanluis.com\/index.php\/2024\/06\/19\/conmocion-por-la-muerte-de-una-docente-en-pleno-acto-por-el-dia-de-la-bandera\/#breadcrumb"},"inLanguage":"es-AR","potentialAction":[{"@type":"ReadAction","target":["https:\/\/apuntesdesanluis.com\/index.php\/2024\/06\/19\/conmocion-por-la-muerte-de-una-docente-en-pleno-acto-por-el-dia-de-la-bandera\/"]}]},{"@type":"ImageObject","inLanguage":"es-AR","@id":"https:\/\/apuntesdesanluis.com\/index.php\/2024\/06\/19\/conmocion-por-la-muerte-de-una-docente-en-pleno-acto-por-el-dia-de-la-bandera\/#primaryimage","url":"https:\/\/apuntesdesanluis.com\/wp-content\/uploads\/2024\/06\/dos-epa-marielita.png","contentUrl":"https:\/\/apuntesdesanluis.com\/wp-content\/uploads\/2024\/06\/dos-epa-marielita.png","width":547,"height":248},{"@type":"BreadcrumbList","@id":"https:\/\/apuntesdesanluis.com\/index.php\/2024\/06\/19\/conmocion-por-la-muerte-de-una-docente-en-pleno-acto-por-el-dia-de-la-bandera\/#breadcrumb","itemListElement":[{"@type":"ListItem","position":1,"name":"Inicio","item":"https:\/\/apuntesdesanluis.com\/"},{"@type":"ListItem","position":2,"name":"CONMOCI\u00d3N POR LA MUERTE DE UNA DOCENTE EN PLENO ACTO POR EL D\u00cdA DE LA BANDERA"}]},{"@type":"WebSite","@id":"https:\/\/apuntesdesanluis.com\/#website","url":"https:\/\/apuntesdesanluis.com\/","name":"Apuntes de San Luis","description":"","publisher":{"@id":"https:\/\/apuntesdesanluis.com\/#\/schema\/person\/b55151d52296fcce64d1a72538a70b90"},"potentialAction":[{"@type":"SearchAction","target":{"@type":"EntryPoint","urlTemplate":"https:\/\/apuntesdesanluis.com\/?s={search_term_string}"},"query-input":{"@type":"PropertyValueSpecification","valueRequired":true,"valueName":"search_term_string"}}],"inLanguage":"es-AR"},{"@type":["Person","Organization"],"@id":"https:\/\/apuntesdesanluis.com\/#\/schema\/person\/b55151d52296fcce64d1a72538a70b90","name":"apuntesdesanluis.com","image":{"@type":"ImageObject","inLanguage":"es-AR","@id":"https:\/\/apuntesdesanluis.com\/#\/schema\/person\/image\/","url":"https:\/\/apuntesdesanluis.com\/wp-content\/uploads\/2023\/07\/cropped-apuntesdesanluis.png","contentUrl":"https:\/\/apuntesdesanluis.com\/wp-content\/uploads\/2023\/07\/cropped-apuntesdesanluis.png","width":450,"height":112,"caption":"apuntesdesanluis.com"},"logo":{"@id":"https:\/\/apuntesdesanluis.com\/#\/schema\/person\/image\/"},"sameAs":["https:\/\/apuntesdesanluis.com"],"url":"https:\/\/apuntesdesanluis.com\/index.php\/author\/apuntesdesanluis-com\/"}]}},"featured_image_urls":{"full":["https:\/\/apuntesdesanluis.com\/wp-content\/uploads\/2024\/06\/dos-epa-marielita.png",547,248,false],"thumbnail":["https:\/\/apuntesdesanluis.com\/wp-content\/uploads\/2024\/06\/dos-epa-marielita-150x150.png",150,150,true],"medium":["https:\/\/apuntesdesanluis.com\/wp-content\/uploads\/2024\/06\/dos-epa-marielita-300x136.png",300,136,true],"medium_large":["https:\/\/apuntesdesanluis.com\/wp-content\/uploads\/2024\/06\/dos-epa-marielita.png",547,248,false],"large":["https:\/\/apuntesdesanluis.com\/wp-content\/uploads\/2024\/06\/dos-epa-marielita.png",547,248,false],"1536x1536":["https:\/\/apuntesdesanluis.com\/wp-content\/uploads\/2024\/06\/dos-epa-marielita.png",547,248,false],"2048x2048":["https:\/\/apuntesdesanluis.com\/wp-content\/uploads\/2024\/06\/dos-epa-marielita.png",547,248,false],"newsever-slider-full":["https:\/\/apuntesdesanluis.com\/wp-content\/uploads\/2024\/06\/dos-epa-marielita.png",547,248,false],"newsever-featured":["https:\/\/apuntesdesanluis.com\/wp-content\/uploads\/2024\/06\/dos-epa-marielita.png",547,248,false],"newsever-medium":["https:\/\/apuntesdesanluis.com\/wp-content\/uploads\/2024\/06\/dos-epa-marielita.png",547,248,false]},"author_info":{"display_name":"apuntesdesanluis.com","author_link":"https:\/\/apuntesdesanluis.com\/index.php\/author\/apuntesdesanluis-com\/"},"category_info":"<a href=\"https:\/\/apuntesdesanluis.com\/index.php\/category\/ciudad-provincia\/\" rel=\"category tag\">Ciudad\/Provincia<\/a>","tag_info":"Ciudad\/Provincia","comment_count":"0","_links":{"self":[{"href":"https:\/\/apuntesdesanluis.com\/index.php\/wp-json\/wp\/v2\/posts\/18077","targetHints":{"allow":["GET"]}}],"collection":[{"href":"https:\/\/apuntesdesanluis.com\/index.php\/wp-json\/wp\/v2\/posts"}],"about":[{"href":"https:\/\/apuntesdesanluis.com\/index.php\/wp-json\/wp\/v2\/types\/post"}],"author":[{"embeddable":true,"href":"https:\/\/apuntesdesanluis.com\/index.php\/wp-json\/wp\/v2\/users\/1"}],"replies":[{"embeddable":true,"href":"https:\/\/apuntesdesanluis.com\/index.php\/wp-json\/wp\/v2\/comments?post=18077"}],"version-history":[{"count":4,"href":"https:\/\/apuntesdesanluis.com\/index.php\/wp-json\/wp\/v2\/posts\/18077\/revisions"}],"predecessor-version":[{"id":18086,"href":"https:\/\/apuntesdesanluis.com\/index.php\/wp-json\/wp\/v2\/posts\/18077\/revisions\/18086"}],"wp:featuredmedia":[{"embeddable":true,"href":"https:\/\/apuntesdesanluis.com\/index.php\/wp-json\/wp\/v2\/media\/18078"}],"wp:attachment":[{"href":"https:\/\/apuntesdesanluis.com\/index.php\/wp-json\/wp\/v2\/media?parent=18077"}],"wp:term":[{"taxonomy":"category","embeddable":true,"href":"https:\/\/apuntesdesanluis.com\/index.php\/wp-json\/wp\/v2\/categories?post=18077"},{"taxonomy":"post_tag","embeddable":true,"href":"https:\/\/apuntesdesanluis.com\/index.php\/wp-json\/wp\/v2\/tags?post=18077"}],"curies":[{"name":"wp","href":"https:\/\/api.w.org\/{rel}","templated":true}]}}