{"id":1808,"date":"2023-08-18T19:18:18","date_gmt":"2023-08-18T22:18:18","guid":{"rendered":"https:\/\/apuntesdesanluis.com\/?p=1808"},"modified":"2023-08-18T19:18:18","modified_gmt":"2023-08-18T22:18:18","slug":"fuerte-baja-del-dolar-blue-en-el-cierre-de-la-semana-cuanto-subio-desde-las-paso","status":"publish","type":"post","link":"https:\/\/apuntesdesanluis.com\/index.php\/2023\/08\/18\/fuerte-baja-del-dolar-blue-en-el-cierre-de-la-semana-cuanto-subio-desde-las-paso\/","title":{"rendered":"FUERTE BAJA DEL D\u00d3LAR BLUE EN EL CIERRE DE LA SEMANA: CU\u00c1NTO SUBI\u00d3 DESDE LAS PASO"},"content":{"rendered":"<h3 class=\"yiv7409174924ydp6329976emsonormal\" style=\"background: white;\"><span style=\"font-family: 'Arial','sans-serif'; color: #1d2228;\">El d\u00f3lar blue cay\u00f3 este viernes por segunda jornada consecutiva y se negoci\u00f3 a $720 para la venta en el microcentro porte\u00f1o. Sin embargo, a\u00fan se ubica $115 por encima del viernes previo a las elecciones PASO.<\/span><\/h3>\n<h3 class=\"yiv7409174924ydp6329976emsonormal\" style=\"background: white;\"><span style=\"font-family: 'Arial','sans-serif'; color: #1d2228;\">En otra jornada altamente vol\u00e1til, el d\u00f3lar informal retrocedi\u00f3 $40, su segunda baja en lo que va del mes.<\/span><\/h3>\n<h3 class=\"yiv7409174924ydp6329976emsonormal\" style=\"background: white;\"><span style=\"font-family: 'Arial','sans-serif'; color: #1d2228;\">La divisa marginal registr\u00f3 su mayor ca\u00edda diaria desde abril, en otra rueda de alta volatilidad y la brecha entre el blue y el tipo de cambio oficial se ubica en el 108,5%, tras tocar el mi\u00e9rcoles un r\u00e9cord intradiario de 127,1%, su mayor nivel desde la corrida de julio pasado.<\/span><\/h3>\n<h3 class=\"yiv7409174924ydp6329976emsonormal\" style=\"background: white;\"><span style=\"font-family: 'Arial','sans-serif'; color: #1d2228;\">En tanto, los tipos de cambio financieros cotizaron dispares y el Banco Central (BCRA) complet\u00f3 una semana de compras netas.<\/span><\/h3>\n<h3 class=\"yiv7409174924ydp6329976emsonormal\" style=\"background: white;\"><span style=\"font-family: 'Arial','sans-serif'; color: #1d2228;\">En ese marco, la brecha con el tipo de cambio oficial se ubica en el 106%, tras tocar el mi\u00e9rcoles un r\u00e9cord intradiario de 127,1%, su mayor nivel desde la corrida de julio de 2022 (139,3%), luego de la renuncia del entonces ministro de Econom\u00eda, Mart\u00edn Guzm\u00e1n.<\/span><\/h3>\n<h3 class=\"yiv7409174924ydp6329976emsonormal\" style=\"background: white;\"><span style=\"font-family: 'Arial','sans-serif'; color: #1d2228;\">Para los operadores del mercado, la esperada reaparici\u00f3n de la oferta provoc\u00f3 la ca\u00edda del blue sobre el fin de semana, luego de que la divisa alcanzara el r\u00e9cord de los $795, equivalente a un 30% de suba.<\/span><\/h3>\n<h3 class=\"yiv7409174924ydp6329976emsonormal\" style=\"background: white;\"><span style=\"font-family: 'Arial','sans-serif'; color: #1d2228;\">Explicaron que la sobrerreacci\u00f3n de la divisa tiende a corregirse con el tiempo, para quedar estabilizada en un nivel superior al inicial o alrededor de los $737 para igualar la devaluaci\u00f3n y mantener la misma brecha que ten\u00eda el viernes anterior a las elecciones.<\/span><\/h3>\n<h3 class=\"yiv7409174924ydp6329976emsonormal\" style=\"background: white;\"><span style=\"font-family: 'Arial','sans-serif'; color: #1d2228;\">En la bolsa de comercio el d\u00f3lar Contado con Liquidaci\u00f3n (CCL) consolid\u00f3 su precio por arriba de los $700 y el MEP subi\u00f3 por segunda jornada consecutiva.<\/span><\/h3>\n<h3 class=\"yiv7409174924ydp6329976emsonormal\" style=\"background: white;\"><span style=\"font-family: 'Arial','sans-serif'; color: #1d2228;\">El CCL baj\u00f3 a $714 y el MEP o dolar Bolsa subi\u00f3 hasta los $661.<\/span><\/h3>\n<h3 class=\"yiv7409174924ydp6329976emsonormal\" style=\"background: white;\"><span style=\"font-family: 'Arial','sans-serif'; color: #1d2228;\">La brecha del MEP con el d\u00f3lar oficial se ubica en alrededor del 88% y la diferencia entre el oficial y el CCL en 109%.<\/span><\/h3>\n<h3 class=\"yiv7409174924ydp6329976emsonormal\" style=\"background: white;\"><span style=\"font-family: 'Arial','sans-serif'; color: #1d2228;\">El BCRA cerr\u00f3 la semana completando cinco ruedas con saldo positivo, compr\u00f3 US$ 11 millones en el mercado de cambios, en la semana adquiri\u00f3 US$ 658 millones y acumula en agosto US$ 797 millones de resultado neto.<\/span><\/h3>\n<h3 class=\"yiv7409174924ydp6329976emsonormal\" style=\"background: white;\"><span style=\"font-family: 'Arial','sans-serif'; color: #1d2228;\">El d\u00f3lar Qatar, que aplica sobre gastos en el exterior, se ubica en los $660 y la brecha con el blue ronda los $70, mientras que el d\u00f3lar ahorro, con impuestos, y el tarjeta operaron en $642,16. <\/span><\/h3>\n<p class=\"yiv7409174924ydp6329976emsonormal\" style=\"background: white;\"><span style=\"font-family: 'Arial','sans-serif'; color: #1d2228;\">\u00a0<\/span><\/p>\n","protected":false},"excerpt":{"rendered":"<p>El d\u00f3lar blue cay\u00f3 este viernes por segunda jornada consecutiva y se negoci\u00f3 a $720&#8230;<\/p>\n","protected":false},"author":1,"featured_media":394,"comment_status":"closed","ping_status":"closed","sticky":false,"template":"","format":"standard","meta":{"footnotes":""},"categories":[5],"tags":[],"class_list":["post-1808","post","type-post","status-publish","format-standard","has-post-thumbnail","hentry","category-nacionales-internacionales"],"yoast_head":"<!-- This site is optimized with the Yoast SEO plugin v26.1.1 - https:\/\/yoast.com\/wordpress\/plugins\/seo\/ -->\n<title>FUERTE BAJA DEL D\u00d3LAR BLUE EN EL CIERRE DE LA SEMANA: CU\u00c1NTO SUBI\u00d3 DESDE LAS PASO - Apuntes de San Luis<\/title>\n<meta name=\"robots\" content=\"index, follow, max-snippet:-1, max-image-preview:large, max-video-preview:-1\" \/>\n<link rel=\"canonical\" href=\"https:\/\/apuntesdesanluis.com\/index.php\/2023\/08\/18\/fuerte-baja-del-dolar-blue-en-el-cierre-de-la-semana-cuanto-subio-desde-las-paso\/\" \/>\n<meta property=\"og:locale\" content=\"es_ES\" \/>\n<meta property=\"og:type\" content=\"article\" \/>\n<meta property=\"og:title\" content=\"FUERTE BAJA DEL D\u00d3LAR BLUE EN EL CIERRE DE LA SEMANA: CU\u00c1NTO SUBI\u00d3 DESDE LAS PASO - Apuntes de San Luis\" \/>\n<meta property=\"og:description\" content=\"El d\u00f3lar blue cay\u00f3 este viernes por segunda jornada consecutiva y se negoci\u00f3 a $720...\" \/>\n<meta property=\"og:url\" content=\"https:\/\/apuntesdesanluis.com\/index.php\/2023\/08\/18\/fuerte-baja-del-dolar-blue-en-el-cierre-de-la-semana-cuanto-subio-desde-las-paso\/\" \/>\n<meta property=\"og:site_name\" content=\"Apuntes de San Luis\" \/>\n<meta property=\"article:published_time\" content=\"2023-08-18T22:18:18+00:00\" \/>\n<meta property=\"og:image\" content=\"https:\/\/apuntesdesanluis.com\/wp-content\/uploads\/2023\/07\/dolar-1.png\" \/>\n\t<meta property=\"og:image:width\" content=\"757\" \/>\n\t<meta property=\"og:image:height\" content=\"485\" \/>\n\t<meta property=\"og:image:type\" content=\"image\/png\" \/>\n<meta name=\"author\" content=\"apuntesdesanluis.com\" \/>\n<meta name=\"twitter:card\" content=\"summary_large_image\" \/>\n<meta name=\"twitter:label1\" content=\"Escrito por\" \/>\n\t<meta name=\"twitter:data1\" content=\"apuntesdesanluis.com\" \/>\n\t<meta name=\"twitter:label2\" content=\"Tiempo de lectura\" \/>\n\t<meta name=\"twitter:data2\" content=\"2 minutos\" \/>\n<script type=\"application\/ld+json\" class=\"yoast-schema-graph\">{\"@context\":\"https:\/\/schema.org\",\"@graph\":[{\"@type\":\"Article\",\"@id\":\"https:\/\/apuntesdesanluis.com\/index.php\/2023\/08\/18\/fuerte-baja-del-dolar-blue-en-el-cierre-de-la-semana-cuanto-subio-desde-las-paso\/#article\",\"isPartOf\":{\"@id\":\"https:\/\/apuntesdesanluis.com\/index.php\/2023\/08\/18\/fuerte-baja-del-dolar-blue-en-el-cierre-de-la-semana-cuanto-subio-desde-las-paso\/\"},\"author\":{\"name\":\"apuntesdesanluis.com\",\"@id\":\"https:\/\/apuntesdesanluis.com\/#\/schema\/person\/b55151d52296fcce64d1a72538a70b90\"},\"headline\":\"FUERTE BAJA DEL D\u00d3LAR BLUE EN EL CIERRE DE LA SEMANA: CU\u00c1NTO SUBI\u00d3 DESDE LAS PASO\",\"datePublished\":\"2023-08-18T22:18:18+00:00\",\"mainEntityOfPage\":{\"@id\":\"https:\/\/apuntesdesanluis.com\/index.php\/2023\/08\/18\/fuerte-baja-del-dolar-blue-en-el-cierre-de-la-semana-cuanto-subio-desde-las-paso\/\"},\"wordCount\":416,\"publisher\":{\"@id\":\"https:\/\/apuntesdesanluis.com\/#\/schema\/person\/b55151d52296fcce64d1a72538a70b90\"},\"image\":{\"@id\":\"https:\/\/apuntesdesanluis.com\/index.php\/2023\/08\/18\/fuerte-baja-del-dolar-blue-en-el-cierre-de-la-semana-cuanto-subio-desde-las-paso\/#primaryimage\"},\"thumbnailUrl\":\"https:\/\/apuntesdesanluis.com\/wp-content\/uploads\/2023\/07\/dolar-1.png\",\"articleSection\":[\"Nacionales\/Internacionales\"],\"inLanguage\":\"es-AR\"},{\"@type\":\"WebPage\",\"@id\":\"https:\/\/apuntesdesanluis.com\/index.php\/2023\/08\/18\/fuerte-baja-del-dolar-blue-en-el-cierre-de-la-semana-cuanto-subio-desde-las-paso\/\",\"url\":\"https:\/\/apuntesdesanluis.com\/index.php\/2023\/08\/18\/fuerte-baja-del-dolar-blue-en-el-cierre-de-la-semana-cuanto-subio-desde-las-paso\/\",\"name\":\"FUERTE BAJA DEL D\u00d3LAR BLUE EN EL CIERRE DE LA SEMANA: CU\u00c1NTO SUBI\u00d3 DESDE LAS PASO - Apuntes de San Luis\",\"isPartOf\":{\"@id\":\"https:\/\/apuntesdesanluis.com\/#website\"},\"primaryImageOfPage\":{\"@id\":\"https:\/\/apuntesdesanluis.com\/index.php\/2023\/08\/18\/fuerte-baja-del-dolar-blue-en-el-cierre-de-la-semana-cuanto-subio-desde-las-paso\/#primaryimage\"},\"image\":{\"@id\":\"https:\/\/apuntesdesanluis.com\/index.php\/2023\/08\/18\/fuerte-baja-del-dolar-blue-en-el-cierre-de-la-semana-cuanto-subio-desde-las-paso\/#primaryimage\"},\"thumbnailUrl\":\"https:\/\/apuntesdesanluis.com\/wp-content\/uploads\/2023\/07\/dolar-1.png\",\"datePublished\":\"2023-08-18T22:18:18+00:00\",\"breadcrumb\":{\"@id\":\"https:\/\/apuntesdesanluis.com\/index.php\/2023\/08\/18\/fuerte-baja-del-dolar-blue-en-el-cierre-de-la-semana-cuanto-subio-desde-las-paso\/#breadcrumb\"},\"inLanguage\":\"es-AR\",\"potentialAction\":[{\"@type\":\"ReadAction\",\"target\":[\"https:\/\/apuntesdesanluis.com\/index.php\/2023\/08\/18\/fuerte-baja-del-dolar-blue-en-el-cierre-de-la-semana-cuanto-subio-desde-las-paso\/\"]}]},{\"@type\":\"ImageObject\",\"inLanguage\":\"es-AR\",\"@id\":\"https:\/\/apuntesdesanluis.com\/index.php\/2023\/08\/18\/fuerte-baja-del-dolar-blue-en-el-cierre-de-la-semana-cuanto-subio-desde-las-paso\/#primaryimage\",\"url\":\"https:\/\/apuntesdesanluis.com\/wp-content\/uploads\/2023\/07\/dolar-1.png\",\"contentUrl\":\"https:\/\/apuntesdesanluis.com\/wp-content\/uploads\/2023\/07\/dolar-1.png\",\"width\":757,\"height\":485},{\"@type\":\"BreadcrumbList\",\"@id\":\"https:\/\/apuntesdesanluis.com\/index.php\/2023\/08\/18\/fuerte-baja-del-dolar-blue-en-el-cierre-de-la-semana-cuanto-subio-desde-las-paso\/#breadcrumb\",\"itemListElement\":[{\"@type\":\"ListItem\",\"position\":1,\"name\":\"Inicio\",\"item\":\"https:\/\/apuntesdesanluis.com\/\"},{\"@type\":\"ListItem\",\"position\":2,\"name\":\"FUERTE BAJA DEL D\u00d3LAR BLUE EN EL CIERRE DE LA SEMANA: CU\u00c1NTO SUBI\u00d3 DESDE LAS PASO\"}]},{\"@type\":\"WebSite\",\"@id\":\"https:\/\/apuntesdesanluis.com\/#website\",\"url\":\"https:\/\/apuntesdesanluis.com\/\",\"name\":\"Apuntes de San Luis\",\"description\":\"\",\"publisher\":{\"@id\":\"https:\/\/apuntesdesanluis.com\/#\/schema\/person\/b55151d52296fcce64d1a72538a70b90\"},\"potentialAction\":[{\"@type\":\"SearchAction\",\"target\":{\"@type\":\"EntryPoint\",\"urlTemplate\":\"https:\/\/apuntesdesanluis.com\/?s={search_term_string}\"},\"query-input\":{\"@type\":\"PropertyValueSpecification\",\"valueRequired\":true,\"valueName\":\"search_term_string\"}}],\"inLanguage\":\"es-AR\"},{\"@type\":[\"Person\",\"Organization\"],\"@id\":\"https:\/\/apuntesdesanluis.com\/#\/schema\/person\/b55151d52296fcce64d1a72538a70b90\",\"name\":\"apuntesdesanluis.com\",\"image\":{\"@type\":\"ImageObject\",\"inLanguage\":\"es-AR\",\"@id\":\"https:\/\/apuntesdesanluis.com\/#\/schema\/person\/image\/\",\"url\":\"https:\/\/apuntesdesanluis.com\/wp-content\/uploads\/2023\/07\/cropped-apuntesdesanluis.png\",\"contentUrl\":\"https:\/\/apuntesdesanluis.com\/wp-content\/uploads\/2023\/07\/cropped-apuntesdesanluis.png\",\"width\":450,\"height\":112,\"caption\":\"apuntesdesanluis.com\"},\"logo\":{\"@id\":\"https:\/\/apuntesdesanluis.com\/#\/schema\/person\/image\/\"},\"sameAs\":[\"https:\/\/apuntesdesanluis.com\"],\"url\":\"https:\/\/apuntesdesanluis.com\/index.php\/author\/apuntesdesanluis-com\/\"}]}<\/script>\n<!-- \/ Yoast SEO plugin. -->","yoast_head_json":{"title":"FUERTE BAJA DEL D\u00d3LAR BLUE EN EL CIERRE DE LA SEMANA: CU\u00c1NTO SUBI\u00d3 DESDE LAS PASO - Apuntes de San Luis","robots":{"index":"index","follow":"follow","max-snippet":"max-snippet:-1","max-image-preview":"max-image-preview:large","max-video-preview":"max-video-preview:-1"},"canonical":"https:\/\/apuntesdesanluis.com\/index.php\/2023\/08\/18\/fuerte-baja-del-dolar-blue-en-el-cierre-de-la-semana-cuanto-subio-desde-las-paso\/","og_locale":"es_ES","og_type":"article","og_title":"FUERTE BAJA DEL D\u00d3LAR BLUE EN EL CIERRE DE LA SEMANA: CU\u00c1NTO SUBI\u00d3 DESDE LAS PASO - Apuntes de San Luis","og_description":"El d\u00f3lar blue cay\u00f3 este viernes por segunda jornada consecutiva y se negoci\u00f3 a $720...","og_url":"https:\/\/apuntesdesanluis.com\/index.php\/2023\/08\/18\/fuerte-baja-del-dolar-blue-en-el-cierre-de-la-semana-cuanto-subio-desde-las-paso\/","og_site_name":"Apuntes de San Luis","article_published_time":"2023-08-18T22:18:18+00:00","og_image":[{"width":757,"height":485,"url":"https:\/\/apuntesdesanluis.com\/wp-content\/uploads\/2023\/07\/dolar-1.png","type":"image\/png"}],"author":"apuntesdesanluis.com","twitter_card":"summary_large_image","twitter_misc":{"Escrito por":"apuntesdesanluis.com","Tiempo de lectura":"2 minutos"},"schema":{"@context":"https:\/\/schema.org","@graph":[{"@type":"Article","@id":"https:\/\/apuntesdesanluis.com\/index.php\/2023\/08\/18\/fuerte-baja-del-dolar-blue-en-el-cierre-de-la-semana-cuanto-subio-desde-las-paso\/#article","isPartOf":{"@id":"https:\/\/apuntesdesanluis.com\/index.php\/2023\/08\/18\/fuerte-baja-del-dolar-blue-en-el-cierre-de-la-semana-cuanto-subio-desde-las-paso\/"},"author":{"name":"apuntesdesanluis.com","@id":"https:\/\/apuntesdesanluis.com\/#\/schema\/person\/b55151d52296fcce64d1a72538a70b90"},"headline":"FUERTE BAJA DEL D\u00d3LAR BLUE EN EL CIERRE DE LA SEMANA: CU\u00c1NTO SUBI\u00d3 DESDE LAS PASO","datePublished":"2023-08-18T22:18:18+00:00","mainEntityOfPage":{"@id":"https:\/\/apuntesdesanluis.com\/index.php\/2023\/08\/18\/fuerte-baja-del-dolar-blue-en-el-cierre-de-la-semana-cuanto-subio-desde-las-paso\/"},"wordCount":416,"publisher":{"@id":"https:\/\/apuntesdesanluis.com\/#\/schema\/person\/b55151d52296fcce64d1a72538a70b90"},"image":{"@id":"https:\/\/apuntesdesanluis.com\/index.php\/2023\/08\/18\/fuerte-baja-del-dolar-blue-en-el-cierre-de-la-semana-cuanto-subio-desde-las-paso\/#primaryimage"},"thumbnailUrl":"https:\/\/apuntesdesanluis.com\/wp-content\/uploads\/2023\/07\/dolar-1.png","articleSection":["Nacionales\/Internacionales"],"inLanguage":"es-AR"},{"@type":"WebPage","@id":"https:\/\/apuntesdesanluis.com\/index.php\/2023\/08\/18\/fuerte-baja-del-dolar-blue-en-el-cierre-de-la-semana-cuanto-subio-desde-las-paso\/","url":"https:\/\/apuntesdesanluis.com\/index.php\/2023\/08\/18\/fuerte-baja-del-dolar-blue-en-el-cierre-de-la-semana-cuanto-subio-desde-las-paso\/","name":"FUERTE BAJA DEL D\u00d3LAR BLUE EN EL CIERRE DE LA SEMANA: CU\u00c1NTO SUBI\u00d3 DESDE LAS PASO - Apuntes de San Luis","isPartOf":{"@id":"https:\/\/apuntesdesanluis.com\/#website"},"primaryImageOfPage":{"@id":"https:\/\/apuntesdesanluis.com\/index.php\/2023\/08\/18\/fuerte-baja-del-dolar-blue-en-el-cierre-de-la-semana-cuanto-subio-desde-las-paso\/#primaryimage"},"image":{"@id":"https:\/\/apuntesdesanluis.com\/index.php\/2023\/08\/18\/fuerte-baja-del-dolar-blue-en-el-cierre-de-la-semana-cuanto-subio-desde-las-paso\/#primaryimage"},"thumbnailUrl":"https:\/\/apuntesdesanluis.com\/wp-content\/uploads\/2023\/07\/dolar-1.png","datePublished":"2023-08-18T22:18:18+00:00","breadcrumb":{"@id":"https:\/\/apuntesdesanluis.com\/index.php\/2023\/08\/18\/fuerte-baja-del-dolar-blue-en-el-cierre-de-la-semana-cuanto-subio-desde-las-paso\/#breadcrumb"},"inLanguage":"es-AR","potentialAction":[{"@type":"ReadAction","target":["https:\/\/apuntesdesanluis.com\/index.php\/2023\/08\/18\/fuerte-baja-del-dolar-blue-en-el-cierre-de-la-semana-cuanto-subio-desde-las-paso\/"]}]},{"@type":"ImageObject","inLanguage":"es-AR","@id":"https:\/\/apuntesdesanluis.com\/index.php\/2023\/08\/18\/fuerte-baja-del-dolar-blue-en-el-cierre-de-la-semana-cuanto-subio-desde-las-paso\/#primaryimage","url":"https:\/\/apuntesdesanluis.com\/wp-content\/uploads\/2023\/07\/dolar-1.png","contentUrl":"https:\/\/apuntesdesanluis.com\/wp-content\/uploads\/2023\/07\/dolar-1.png","width":757,"height":485},{"@type":"BreadcrumbList","@id":"https:\/\/apuntesdesanluis.com\/index.php\/2023\/08\/18\/fuerte-baja-del-dolar-blue-en-el-cierre-de-la-semana-cuanto-subio-desde-las-paso\/#breadcrumb","itemListElement":[{"@type":"ListItem","position":1,"name":"Inicio","item":"https:\/\/apuntesdesanluis.com\/"},{"@type":"ListItem","position":2,"name":"FUERTE BAJA DEL D\u00d3LAR BLUE EN EL CIERRE DE LA SEMANA: CU\u00c1NTO SUBI\u00d3 DESDE LAS PASO"}]},{"@type":"WebSite","@id":"https:\/\/apuntesdesanluis.com\/#website","url":"https:\/\/apuntesdesanluis.com\/","name":"Apuntes de San Luis","description":"","publisher":{"@id":"https:\/\/apuntesdesanluis.com\/#\/schema\/person\/b55151d52296fcce64d1a72538a70b90"},"potentialAction":[{"@type":"SearchAction","target":{"@type":"EntryPoint","urlTemplate":"https:\/\/apuntesdesanluis.com\/?s={search_term_string}"},"query-input":{"@type":"PropertyValueSpecification","valueRequired":true,"valueName":"search_term_string"}}],"inLanguage":"es-AR"},{"@type":["Person","Organization"],"@id":"https:\/\/apuntesdesanluis.com\/#\/schema\/person\/b55151d52296fcce64d1a72538a70b90","name":"apuntesdesanluis.com","image":{"@type":"ImageObject","inLanguage":"es-AR","@id":"https:\/\/apuntesdesanluis.com\/#\/schema\/person\/image\/","url":"https:\/\/apuntesdesanluis.com\/wp-content\/uploads\/2023\/07\/cropped-apuntesdesanluis.png","contentUrl":"https:\/\/apuntesdesanluis.com\/wp-content\/uploads\/2023\/07\/cropped-apuntesdesanluis.png","width":450,"height":112,"caption":"apuntesdesanluis.com"},"logo":{"@id":"https:\/\/apuntesdesanluis.com\/#\/schema\/person\/image\/"},"sameAs":["https:\/\/apuntesdesanluis.com"],"url":"https:\/\/apuntesdesanluis.com\/index.php\/author\/apuntesdesanluis-com\/"}]}},"featured_image_urls":{"full":["https:\/\/apuntesdesanluis.com\/wp-content\/uploads\/2023\/07\/dolar-1.png",757,485,false],"thumbnail":["https:\/\/apuntesdesanluis.com\/wp-content\/uploads\/2023\/07\/dolar-1-150x150.png",150,150,true],"medium":["https:\/\/apuntesdesanluis.com\/wp-content\/uploads\/2023\/07\/dolar-1-300x192.png",300,192,true],"medium_large":["https:\/\/apuntesdesanluis.com\/wp-content\/uploads\/2023\/07\/dolar-1.png",640,410,false],"large":["https:\/\/apuntesdesanluis.com\/wp-content\/uploads\/2023\/07\/dolar-1.png",640,410,false],"1536x1536":["https:\/\/apuntesdesanluis.com\/wp-content\/uploads\/2023\/07\/dolar-1.png",757,485,false],"2048x2048":["https:\/\/apuntesdesanluis.com\/wp-content\/uploads\/2023\/07\/dolar-1.png",757,485,false],"newsever-slider-full":["https:\/\/apuntesdesanluis.com\/wp-content\/uploads\/2023\/07\/dolar-1.png",757,485,false],"newsever-featured":["https:\/\/apuntesdesanluis.com\/wp-content\/uploads\/2023\/07\/dolar-1.png",757,485,false],"newsever-medium":["https:\/\/apuntesdesanluis.com\/wp-content\/uploads\/2023\/07\/dolar-1-720x475.png",720,475,true]},"author_info":{"display_name":"apuntesdesanluis.com","author_link":"https:\/\/apuntesdesanluis.com\/index.php\/author\/apuntesdesanluis-com\/"},"category_info":"<a href=\"https:\/\/apuntesdesanluis.com\/index.php\/category\/nacionales-internacionales\/\" rel=\"category tag\">Nacionales\/Internacionales<\/a>","tag_info":"Nacionales\/Internacionales","comment_count":"0","_links":{"self":[{"href":"https:\/\/apuntesdesanluis.com\/index.php\/wp-json\/wp\/v2\/posts\/1808","targetHints":{"allow":["GET"]}}],"collection":[{"href":"https:\/\/apuntesdesanluis.com\/index.php\/wp-json\/wp\/v2\/posts"}],"about":[{"href":"https:\/\/apuntesdesanluis.com\/index.php\/wp-json\/wp\/v2\/types\/post"}],"author":[{"embeddable":true,"href":"https:\/\/apuntesdesanluis.com\/index.php\/wp-json\/wp\/v2\/users\/1"}],"replies":[{"embeddable":true,"href":"https:\/\/apuntesdesanluis.com\/index.php\/wp-json\/wp\/v2\/comments?post=1808"}],"version-history":[{"count":1,"href":"https:\/\/apuntesdesanluis.com\/index.php\/wp-json\/wp\/v2\/posts\/1808\/revisions"}],"predecessor-version":[{"id":1809,"href":"https:\/\/apuntesdesanluis.com\/index.php\/wp-json\/wp\/v2\/posts\/1808\/revisions\/1809"}],"wp:featuredmedia":[{"embeddable":true,"href":"https:\/\/apuntesdesanluis.com\/index.php\/wp-json\/wp\/v2\/media\/394"}],"wp:attachment":[{"href":"https:\/\/apuntesdesanluis.com\/index.php\/wp-json\/wp\/v2\/media?parent=1808"}],"wp:term":[{"taxonomy":"category","embeddable":true,"href":"https:\/\/apuntesdesanluis.com\/index.php\/wp-json\/wp\/v2\/categories?post=1808"},{"taxonomy":"post_tag","embeddable":true,"href":"https:\/\/apuntesdesanluis.com\/index.php\/wp-json\/wp\/v2\/tags?post=1808"}],"curies":[{"name":"wp","href":"https:\/\/api.w.org\/{rel}","templated":true}]}}