{"id":18087,"date":"2024-06-19T21:36:00","date_gmt":"2024-06-20T00:36:00","guid":{"rendered":"https:\/\/apuntesdesanluis.com\/?p=18087"},"modified":"2024-06-19T21:37:28","modified_gmt":"2024-06-20T00:37:28","slug":"el-medico-puntano-farez-beder-asume-la-presidencia-de-la-federacion-argentina-de-cardiologia","status":"publish","type":"post","link":"https:\/\/apuntesdesanluis.com\/index.php\/2024\/06\/19\/el-medico-puntano-farez-beder-asume-la-presidencia-de-la-federacion-argentina-de-cardiologia\/","title":{"rendered":"EL M\u00c9DICO PUNTANO FAREZ BEDER ASUME LA PRESIDENCIA DE LA FEDERACI\u00d3N ARGENTINA DE CARDIOLOG\u00cdA"},"content":{"rendered":"<h3>El destacado m\u00e9dico puntano <strong>Gustavo Farez Beder<\/strong> ha sido elegido presidente de la <strong>Federaci\u00f3n Argentina de Cardiolog\u00eda<\/strong> (FAC). Su gesti\u00f3n se centrar\u00e1 en varios objetivos clave, entre los cuales destaca la reestructuraci\u00f3n de los comit\u00e9s cient\u00edficos para otorgarles un mayor protagonismo y fomentar la generaci\u00f3n de conocimiento.<\/h3>\n<h3>Gustavo Farez Beder, egresado de la Universidad Nacional de La Plata (UNLP), marca un hito al ser el primer m\u00e9dico de San Luis en asumir la presidencia de la FAC. Su elecci\u00f3n representa un honor y una oportunidad para fortalecer el car\u00e1cter federal de la instituci\u00f3n y promover la investigaci\u00f3n en salud cardiovascular.<\/h3>\n<h3>La FAC, a trav\u00e9s de un comunicado de prensa, inform\u00f3 que entre los desaf\u00edos m\u00e1s importantes de la gesti\u00f3n de Farez Beder se encuentra la reestructuraci\u00f3n de los comit\u00e9s cient\u00edficos. Este esfuerzo busca darles un rol m\u00e1s destacado en la producci\u00f3n de conocimientos. Asimismo, se planea profundizar en los convenios internacionales y establecer nuevos acuerdos cient\u00edficos con otros pa\u00edses para consolidar la presencia de la FAC a nivel global.<\/h3>\n<h3>\u201cLa gesti\u00f3n va a estar centrada en potenciar las sociedades federadas para que mejoren su producci\u00f3n cient\u00edfica\u201d, afirm\u00f3 Farez. En cuanto a su elecci\u00f3n, agreg\u00f3: \u201cEs un honor asumir esta funci\u00f3n y poder conducir a la FAC, profundizando su car\u00e1cter federal y generando nuevo conocimiento e investigaci\u00f3n por la salud cardiovascular de la poblaci\u00f3n\u201d.<\/h3>\n<h3>Gustavo Farez Beder toma el relevo de Gerardo Zapata, cardi\u00f3logo egresado de la Universidad Nacional de Rosario, quien concluy\u00f3 su mandato de un a\u00f1o. Durante su gesti\u00f3n, Zapata llev\u00f3 a cabo el proyecto nacional sobre educaci\u00f3n, prevenci\u00f3n y manejo del ataque agudo al coraz\u00f3n, conocido como CI FAC (C\u00f3digo Infarto de la Federaci\u00f3n Argentina de Cardiolog\u00eda).<\/h3>\n<h3>Con esta nueva etapa bajo la presidencia de Farez Beder, la FAC espera continuar avanzando en la investigaci\u00f3n y promoci\u00f3n de la salud cardiovascular, reafirmando su compromiso con la ciencia y la salud p\u00fablica en Argentina.<\/h3>\n<p>&nbsp;<\/p>\n<p>&nbsp;<\/p>\n<p>&nbsp;<\/p>\n<p>&nbsp;<\/p>\n<p>&nbsp;<\/p>\n<p>&nbsp;<\/p>\n<p>&nbsp;<\/p>\n<p>&nbsp;<\/p>\n<p>&nbsp;<\/p>\n<p>&nbsp;<\/p>\n","protected":false},"excerpt":{"rendered":"<p>El destacado m\u00e9dico puntano Gustavo Farez Beder ha sido elegido presidente de la Federaci\u00f3n Argentina&#8230;<\/p>\n","protected":false},"author":1,"featured_media":18088,"comment_status":"closed","ping_status":"closed","sticky":false,"template":"","format":"standard","meta":{"footnotes":""},"categories":[6],"tags":[],"class_list":["post-18087","post","type-post","status-publish","format-standard","has-post-thumbnail","hentry","category-ciudad-provincia"],"yoast_head":"<!-- This site is optimized with the Yoast SEO plugin v26.1.1 - https:\/\/yoast.com\/wordpress\/plugins\/seo\/ -->\n<title>EL M\u00c9DICO PUNTANO FAREZ BEDER ASUME LA PRESIDENCIA DE LA FEDERACI\u00d3N ARGENTINA DE CARDIOLOG\u00cdA - Apuntes de San Luis<\/title>\n<meta name=\"robots\" content=\"index, follow, max-snippet:-1, max-image-preview:large, max-video-preview:-1\" \/>\n<link rel=\"canonical\" href=\"https:\/\/apuntesdesanluis.com\/index.php\/2024\/06\/19\/el-medico-puntano-farez-beder-asume-la-presidencia-de-la-federacion-argentina-de-cardiologia\/\" \/>\n<meta property=\"og:locale\" content=\"es_ES\" \/>\n<meta property=\"og:type\" content=\"article\" \/>\n<meta property=\"og:title\" content=\"EL M\u00c9DICO PUNTANO FAREZ BEDER ASUME LA PRESIDENCIA DE LA FEDERACI\u00d3N ARGENTINA DE CARDIOLOG\u00cdA - Apuntes de San Luis\" \/>\n<meta property=\"og:description\" content=\"El destacado m\u00e9dico puntano Gustavo Farez Beder ha sido elegido presidente de la Federaci\u00f3n Argentina...\" \/>\n<meta property=\"og:url\" content=\"https:\/\/apuntesdesanluis.com\/index.php\/2024\/06\/19\/el-medico-puntano-farez-beder-asume-la-presidencia-de-la-federacion-argentina-de-cardiologia\/\" \/>\n<meta property=\"og:site_name\" content=\"Apuntes de San Luis\" \/>\n<meta property=\"article:published_time\" content=\"2024-06-20T00:36:00+00:00\" \/>\n<meta property=\"article:modified_time\" content=\"2024-06-20T00:37:28+00:00\" \/>\n<meta property=\"og:image\" content=\"https:\/\/apuntesdesanluis.com\/wp-content\/uploads\/2024\/06\/gustavo-beder-farez.png\" \/>\n\t<meta property=\"og:image:width\" content=\"728\" \/>\n\t<meta property=\"og:image:height\" content=\"437\" \/>\n\t<meta property=\"og:image:type\" content=\"image\/png\" \/>\n<meta name=\"author\" content=\"apuntesdesanluis.com\" \/>\n<meta name=\"twitter:card\" content=\"summary_large_image\" \/>\n<meta name=\"twitter:label1\" content=\"Escrito por\" \/>\n\t<meta name=\"twitter:data1\" content=\"apuntesdesanluis.com\" \/>\n\t<meta name=\"twitter:label2\" content=\"Tiempo de lectura\" \/>\n\t<meta name=\"twitter:data2\" content=\"2 minutos\" \/>\n<script type=\"application\/ld+json\" class=\"yoast-schema-graph\">{\"@context\":\"https:\/\/schema.org\",\"@graph\":[{\"@type\":\"Article\",\"@id\":\"https:\/\/apuntesdesanluis.com\/index.php\/2024\/06\/19\/el-medico-puntano-farez-beder-asume-la-presidencia-de-la-federacion-argentina-de-cardiologia\/#article\",\"isPartOf\":{\"@id\":\"https:\/\/apuntesdesanluis.com\/index.php\/2024\/06\/19\/el-medico-puntano-farez-beder-asume-la-presidencia-de-la-federacion-argentina-de-cardiologia\/\"},\"author\":{\"name\":\"apuntesdesanluis.com\",\"@id\":\"https:\/\/apuntesdesanluis.com\/#\/schema\/person\/b55151d52296fcce64d1a72538a70b90\"},\"headline\":\"EL M\u00c9DICO PUNTANO FAREZ BEDER ASUME LA PRESIDENCIA DE LA FEDERACI\u00d3N ARGENTINA DE CARDIOLOG\u00cdA\",\"datePublished\":\"2024-06-20T00:36:00+00:00\",\"dateModified\":\"2024-06-20T00:37:28+00:00\",\"mainEntityOfPage\":{\"@id\":\"https:\/\/apuntesdesanluis.com\/index.php\/2024\/06\/19\/el-medico-puntano-farez-beder-asume-la-presidencia-de-la-federacion-argentina-de-cardiologia\/\"},\"wordCount\":386,\"publisher\":{\"@id\":\"https:\/\/apuntesdesanluis.com\/#\/schema\/person\/b55151d52296fcce64d1a72538a70b90\"},\"image\":{\"@id\":\"https:\/\/apuntesdesanluis.com\/index.php\/2024\/06\/19\/el-medico-puntano-farez-beder-asume-la-presidencia-de-la-federacion-argentina-de-cardiologia\/#primaryimage\"},\"thumbnailUrl\":\"https:\/\/apuntesdesanluis.com\/wp-content\/uploads\/2024\/06\/gustavo-beder-farez.png\",\"articleSection\":[\"Ciudad\/Provincia\"],\"inLanguage\":\"es-AR\"},{\"@type\":\"WebPage\",\"@id\":\"https:\/\/apuntesdesanluis.com\/index.php\/2024\/06\/19\/el-medico-puntano-farez-beder-asume-la-presidencia-de-la-federacion-argentina-de-cardiologia\/\",\"url\":\"https:\/\/apuntesdesanluis.com\/index.php\/2024\/06\/19\/el-medico-puntano-farez-beder-asume-la-presidencia-de-la-federacion-argentina-de-cardiologia\/\",\"name\":\"EL M\u00c9DICO PUNTANO FAREZ BEDER ASUME LA PRESIDENCIA DE LA FEDERACI\u00d3N ARGENTINA DE CARDIOLOG\u00cdA - Apuntes de San Luis\",\"isPartOf\":{\"@id\":\"https:\/\/apuntesdesanluis.com\/#website\"},\"primaryImageOfPage\":{\"@id\":\"https:\/\/apuntesdesanluis.com\/index.php\/2024\/06\/19\/el-medico-puntano-farez-beder-asume-la-presidencia-de-la-federacion-argentina-de-cardiologia\/#primaryimage\"},\"image\":{\"@id\":\"https:\/\/apuntesdesanluis.com\/index.php\/2024\/06\/19\/el-medico-puntano-farez-beder-asume-la-presidencia-de-la-federacion-argentina-de-cardiologia\/#primaryimage\"},\"thumbnailUrl\":\"https:\/\/apuntesdesanluis.com\/wp-content\/uploads\/2024\/06\/gustavo-beder-farez.png\",\"datePublished\":\"2024-06-20T00:36:00+00:00\",\"dateModified\":\"2024-06-20T00:37:28+00:00\",\"breadcrumb\":{\"@id\":\"https:\/\/apuntesdesanluis.com\/index.php\/2024\/06\/19\/el-medico-puntano-farez-beder-asume-la-presidencia-de-la-federacion-argentina-de-cardiologia\/#breadcrumb\"},\"inLanguage\":\"es-AR\",\"potentialAction\":[{\"@type\":\"ReadAction\",\"target\":[\"https:\/\/apuntesdesanluis.com\/index.php\/2024\/06\/19\/el-medico-puntano-farez-beder-asume-la-presidencia-de-la-federacion-argentina-de-cardiologia\/\"]}]},{\"@type\":\"ImageObject\",\"inLanguage\":\"es-AR\",\"@id\":\"https:\/\/apuntesdesanluis.com\/index.php\/2024\/06\/19\/el-medico-puntano-farez-beder-asume-la-presidencia-de-la-federacion-argentina-de-cardiologia\/#primaryimage\",\"url\":\"https:\/\/apuntesdesanluis.com\/wp-content\/uploads\/2024\/06\/gustavo-beder-farez.png\",\"contentUrl\":\"https:\/\/apuntesdesanluis.com\/wp-content\/uploads\/2024\/06\/gustavo-beder-farez.png\",\"width\":728,\"height\":437},{\"@type\":\"BreadcrumbList\",\"@id\":\"https:\/\/apuntesdesanluis.com\/index.php\/2024\/06\/19\/el-medico-puntano-farez-beder-asume-la-presidencia-de-la-federacion-argentina-de-cardiologia\/#breadcrumb\",\"itemListElement\":[{\"@type\":\"ListItem\",\"position\":1,\"name\":\"Inicio\",\"item\":\"https:\/\/apuntesdesanluis.com\/\"},{\"@type\":\"ListItem\",\"position\":2,\"name\":\"EL M\u00c9DICO PUNTANO FAREZ BEDER ASUME LA PRESIDENCIA DE LA FEDERACI\u00d3N ARGENTINA DE CARDIOLOG\u00cdA\"}]},{\"@type\":\"WebSite\",\"@id\":\"https:\/\/apuntesdesanluis.com\/#website\",\"url\":\"https:\/\/apuntesdesanluis.com\/\",\"name\":\"Apuntes de San Luis\",\"description\":\"\",\"publisher\":{\"@id\":\"https:\/\/apuntesdesanluis.com\/#\/schema\/person\/b55151d52296fcce64d1a72538a70b90\"},\"potentialAction\":[{\"@type\":\"SearchAction\",\"target\":{\"@type\":\"EntryPoint\",\"urlTemplate\":\"https:\/\/apuntesdesanluis.com\/?s={search_term_string}\"},\"query-input\":{\"@type\":\"PropertyValueSpecification\",\"valueRequired\":true,\"valueName\":\"search_term_string\"}}],\"inLanguage\":\"es-AR\"},{\"@type\":[\"Person\",\"Organization\"],\"@id\":\"https:\/\/apuntesdesanluis.com\/#\/schema\/person\/b55151d52296fcce64d1a72538a70b90\",\"name\":\"apuntesdesanluis.com\",\"image\":{\"@type\":\"ImageObject\",\"inLanguage\":\"es-AR\",\"@id\":\"https:\/\/apuntesdesanluis.com\/#\/schema\/person\/image\/\",\"url\":\"https:\/\/apuntesdesanluis.com\/wp-content\/uploads\/2023\/07\/cropped-apuntesdesanluis.png\",\"contentUrl\":\"https:\/\/apuntesdesanluis.com\/wp-content\/uploads\/2023\/07\/cropped-apuntesdesanluis.png\",\"width\":450,\"height\":112,\"caption\":\"apuntesdesanluis.com\"},\"logo\":{\"@id\":\"https:\/\/apuntesdesanluis.com\/#\/schema\/person\/image\/\"},\"sameAs\":[\"https:\/\/apuntesdesanluis.com\"],\"url\":\"https:\/\/apuntesdesanluis.com\/index.php\/author\/apuntesdesanluis-com\/\"}]}<\/script>\n<!-- \/ Yoast SEO plugin. -->","yoast_head_json":{"title":"EL M\u00c9DICO PUNTANO FAREZ BEDER ASUME LA PRESIDENCIA DE LA FEDERACI\u00d3N ARGENTINA DE CARDIOLOG\u00cdA - Apuntes de San Luis","robots":{"index":"index","follow":"follow","max-snippet":"max-snippet:-1","max-image-preview":"max-image-preview:large","max-video-preview":"max-video-preview:-1"},"canonical":"https:\/\/apuntesdesanluis.com\/index.php\/2024\/06\/19\/el-medico-puntano-farez-beder-asume-la-presidencia-de-la-federacion-argentina-de-cardiologia\/","og_locale":"es_ES","og_type":"article","og_title":"EL M\u00c9DICO PUNTANO FAREZ BEDER ASUME LA PRESIDENCIA DE LA FEDERACI\u00d3N ARGENTINA DE CARDIOLOG\u00cdA - Apuntes de San Luis","og_description":"El destacado m\u00e9dico puntano Gustavo Farez Beder ha sido elegido presidente de la Federaci\u00f3n Argentina...","og_url":"https:\/\/apuntesdesanluis.com\/index.php\/2024\/06\/19\/el-medico-puntano-farez-beder-asume-la-presidencia-de-la-federacion-argentina-de-cardiologia\/","og_site_name":"Apuntes de San Luis","article_published_time":"2024-06-20T00:36:00+00:00","article_modified_time":"2024-06-20T00:37:28+00:00","og_image":[{"width":728,"height":437,"url":"https:\/\/apuntesdesanluis.com\/wp-content\/uploads\/2024\/06\/gustavo-beder-farez.png","type":"image\/png"}],"author":"apuntesdesanluis.com","twitter_card":"summary_large_image","twitter_misc":{"Escrito por":"apuntesdesanluis.com","Tiempo de lectura":"2 minutos"},"schema":{"@context":"https:\/\/schema.org","@graph":[{"@type":"Article","@id":"https:\/\/apuntesdesanluis.com\/index.php\/2024\/06\/19\/el-medico-puntano-farez-beder-asume-la-presidencia-de-la-federacion-argentina-de-cardiologia\/#article","isPartOf":{"@id":"https:\/\/apuntesdesanluis.com\/index.php\/2024\/06\/19\/el-medico-puntano-farez-beder-asume-la-presidencia-de-la-federacion-argentina-de-cardiologia\/"},"author":{"name":"apuntesdesanluis.com","@id":"https:\/\/apuntesdesanluis.com\/#\/schema\/person\/b55151d52296fcce64d1a72538a70b90"},"headline":"EL M\u00c9DICO PUNTANO FAREZ BEDER ASUME LA PRESIDENCIA DE LA FEDERACI\u00d3N ARGENTINA DE CARDIOLOG\u00cdA","datePublished":"2024-06-20T00:36:00+00:00","dateModified":"2024-06-20T00:37:28+00:00","mainEntityOfPage":{"@id":"https:\/\/apuntesdesanluis.com\/index.php\/2024\/06\/19\/el-medico-puntano-farez-beder-asume-la-presidencia-de-la-federacion-argentina-de-cardiologia\/"},"wordCount":386,"publisher":{"@id":"https:\/\/apuntesdesanluis.com\/#\/schema\/person\/b55151d52296fcce64d1a72538a70b90"},"image":{"@id":"https:\/\/apuntesdesanluis.com\/index.php\/2024\/06\/19\/el-medico-puntano-farez-beder-asume-la-presidencia-de-la-federacion-argentina-de-cardiologia\/#primaryimage"},"thumbnailUrl":"https:\/\/apuntesdesanluis.com\/wp-content\/uploads\/2024\/06\/gustavo-beder-farez.png","articleSection":["Ciudad\/Provincia"],"inLanguage":"es-AR"},{"@type":"WebPage","@id":"https:\/\/apuntesdesanluis.com\/index.php\/2024\/06\/19\/el-medico-puntano-farez-beder-asume-la-presidencia-de-la-federacion-argentina-de-cardiologia\/","url":"https:\/\/apuntesdesanluis.com\/index.php\/2024\/06\/19\/el-medico-puntano-farez-beder-asume-la-presidencia-de-la-federacion-argentina-de-cardiologia\/","name":"EL M\u00c9DICO PUNTANO FAREZ BEDER ASUME LA PRESIDENCIA DE LA FEDERACI\u00d3N ARGENTINA DE CARDIOLOG\u00cdA - Apuntes de San Luis","isPartOf":{"@id":"https:\/\/apuntesdesanluis.com\/#website"},"primaryImageOfPage":{"@id":"https:\/\/apuntesdesanluis.com\/index.php\/2024\/06\/19\/el-medico-puntano-farez-beder-asume-la-presidencia-de-la-federacion-argentina-de-cardiologia\/#primaryimage"},"image":{"@id":"https:\/\/apuntesdesanluis.com\/index.php\/2024\/06\/19\/el-medico-puntano-farez-beder-asume-la-presidencia-de-la-federacion-argentina-de-cardiologia\/#primaryimage"},"thumbnailUrl":"https:\/\/apuntesdesanluis.com\/wp-content\/uploads\/2024\/06\/gustavo-beder-farez.png","datePublished":"2024-06-20T00:36:00+00:00","dateModified":"2024-06-20T00:37:28+00:00","breadcrumb":{"@id":"https:\/\/apuntesdesanluis.com\/index.php\/2024\/06\/19\/el-medico-puntano-farez-beder-asume-la-presidencia-de-la-federacion-argentina-de-cardiologia\/#breadcrumb"},"inLanguage":"es-AR","potentialAction":[{"@type":"ReadAction","target":["https:\/\/apuntesdesanluis.com\/index.php\/2024\/06\/19\/el-medico-puntano-farez-beder-asume-la-presidencia-de-la-federacion-argentina-de-cardiologia\/"]}]},{"@type":"ImageObject","inLanguage":"es-AR","@id":"https:\/\/apuntesdesanluis.com\/index.php\/2024\/06\/19\/el-medico-puntano-farez-beder-asume-la-presidencia-de-la-federacion-argentina-de-cardiologia\/#primaryimage","url":"https:\/\/apuntesdesanluis.com\/wp-content\/uploads\/2024\/06\/gustavo-beder-farez.png","contentUrl":"https:\/\/apuntesdesanluis.com\/wp-content\/uploads\/2024\/06\/gustavo-beder-farez.png","width":728,"height":437},{"@type":"BreadcrumbList","@id":"https:\/\/apuntesdesanluis.com\/index.php\/2024\/06\/19\/el-medico-puntano-farez-beder-asume-la-presidencia-de-la-federacion-argentina-de-cardiologia\/#breadcrumb","itemListElement":[{"@type":"ListItem","position":1,"name":"Inicio","item":"https:\/\/apuntesdesanluis.com\/"},{"@type":"ListItem","position":2,"name":"EL M\u00c9DICO PUNTANO FAREZ BEDER ASUME LA PRESIDENCIA DE LA FEDERACI\u00d3N ARGENTINA DE CARDIOLOG\u00cdA"}]},{"@type":"WebSite","@id":"https:\/\/apuntesdesanluis.com\/#website","url":"https:\/\/apuntesdesanluis.com\/","name":"Apuntes de San Luis","description":"","publisher":{"@id":"https:\/\/apuntesdesanluis.com\/#\/schema\/person\/b55151d52296fcce64d1a72538a70b90"},"potentialAction":[{"@type":"SearchAction","target":{"@type":"EntryPoint","urlTemplate":"https:\/\/apuntesdesanluis.com\/?s={search_term_string}"},"query-input":{"@type":"PropertyValueSpecification","valueRequired":true,"valueName":"search_term_string"}}],"inLanguage":"es-AR"},{"@type":["Person","Organization"],"@id":"https:\/\/apuntesdesanluis.com\/#\/schema\/person\/b55151d52296fcce64d1a72538a70b90","name":"apuntesdesanluis.com","image":{"@type":"ImageObject","inLanguage":"es-AR","@id":"https:\/\/apuntesdesanluis.com\/#\/schema\/person\/image\/","url":"https:\/\/apuntesdesanluis.com\/wp-content\/uploads\/2023\/07\/cropped-apuntesdesanluis.png","contentUrl":"https:\/\/apuntesdesanluis.com\/wp-content\/uploads\/2023\/07\/cropped-apuntesdesanluis.png","width":450,"height":112,"caption":"apuntesdesanluis.com"},"logo":{"@id":"https:\/\/apuntesdesanluis.com\/#\/schema\/person\/image\/"},"sameAs":["https:\/\/apuntesdesanluis.com"],"url":"https:\/\/apuntesdesanluis.com\/index.php\/author\/apuntesdesanluis-com\/"}]}},"featured_image_urls":{"full":["https:\/\/apuntesdesanluis.com\/wp-content\/uploads\/2024\/06\/gustavo-beder-farez.png",728,437,false],"thumbnail":["https:\/\/apuntesdesanluis.com\/wp-content\/uploads\/2024\/06\/gustavo-beder-farez-150x150.png",150,150,true],"medium":["https:\/\/apuntesdesanluis.com\/wp-content\/uploads\/2024\/06\/gustavo-beder-farez-300x180.png",300,180,true],"medium_large":["https:\/\/apuntesdesanluis.com\/wp-content\/uploads\/2024\/06\/gustavo-beder-farez.png",640,384,false],"large":["https:\/\/apuntesdesanluis.com\/wp-content\/uploads\/2024\/06\/gustavo-beder-farez.png",640,384,false],"1536x1536":["https:\/\/apuntesdesanluis.com\/wp-content\/uploads\/2024\/06\/gustavo-beder-farez.png",728,437,false],"2048x2048":["https:\/\/apuntesdesanluis.com\/wp-content\/uploads\/2024\/06\/gustavo-beder-farez.png",728,437,false],"newsever-slider-full":["https:\/\/apuntesdesanluis.com\/wp-content\/uploads\/2024\/06\/gustavo-beder-farez.png",728,437,false],"newsever-featured":["https:\/\/apuntesdesanluis.com\/wp-content\/uploads\/2024\/06\/gustavo-beder-farez.png",728,437,false],"newsever-medium":["https:\/\/apuntesdesanluis.com\/wp-content\/uploads\/2024\/06\/gustavo-beder-farez-720x437.png",720,437,true]},"author_info":{"display_name":"apuntesdesanluis.com","author_link":"https:\/\/apuntesdesanluis.com\/index.php\/author\/apuntesdesanluis-com\/"},"category_info":"<a href=\"https:\/\/apuntesdesanluis.com\/index.php\/category\/ciudad-provincia\/\" rel=\"category tag\">Ciudad\/Provincia<\/a>","tag_info":"Ciudad\/Provincia","comment_count":"0","_links":{"self":[{"href":"https:\/\/apuntesdesanluis.com\/index.php\/wp-json\/wp\/v2\/posts\/18087","targetHints":{"allow":["GET"]}}],"collection":[{"href":"https:\/\/apuntesdesanluis.com\/index.php\/wp-json\/wp\/v2\/posts"}],"about":[{"href":"https:\/\/apuntesdesanluis.com\/index.php\/wp-json\/wp\/v2\/types\/post"}],"author":[{"embeddable":true,"href":"https:\/\/apuntesdesanluis.com\/index.php\/wp-json\/wp\/v2\/users\/1"}],"replies":[{"embeddable":true,"href":"https:\/\/apuntesdesanluis.com\/index.php\/wp-json\/wp\/v2\/comments?post=18087"}],"version-history":[{"count":3,"href":"https:\/\/apuntesdesanluis.com\/index.php\/wp-json\/wp\/v2\/posts\/18087\/revisions"}],"predecessor-version":[{"id":18091,"href":"https:\/\/apuntesdesanluis.com\/index.php\/wp-json\/wp\/v2\/posts\/18087\/revisions\/18091"}],"wp:featuredmedia":[{"embeddable":true,"href":"https:\/\/apuntesdesanluis.com\/index.php\/wp-json\/wp\/v2\/media\/18088"}],"wp:attachment":[{"href":"https:\/\/apuntesdesanluis.com\/index.php\/wp-json\/wp\/v2\/media?parent=18087"}],"wp:term":[{"taxonomy":"category","embeddable":true,"href":"https:\/\/apuntesdesanluis.com\/index.php\/wp-json\/wp\/v2\/categories?post=18087"},{"taxonomy":"post_tag","embeddable":true,"href":"https:\/\/apuntesdesanluis.com\/index.php\/wp-json\/wp\/v2\/tags?post=18087"}],"curies":[{"name":"wp","href":"https:\/\/api.w.org\/{rel}","templated":true}]}}