{"id":18092,"date":"2024-06-19T23:27:49","date_gmt":"2024-06-20T02:27:49","guid":{"rendered":"https:\/\/apuntesdesanluis.com\/?p=18092"},"modified":"2024-06-19T23:27:49","modified_gmt":"2024-06-20T02:27:49","slug":"la-oposicion-se-retiro-y-debio-levantarse-la-sesion-por-falta-de-quorum","status":"publish","type":"post","link":"https:\/\/apuntesdesanluis.com\/index.php\/2024\/06\/19\/la-oposicion-se-retiro-y-debio-levantarse-la-sesion-por-falta-de-quorum\/","title":{"rendered":"LA OPOSICI\u00d3N SE RETIR\u00d3 Y DEBI\u00d3 LEVANTARSE LA SESI\u00d3N POR FALTA DE QU\u00d3RUM"},"content":{"rendered":"<h3>La sesi\u00f3n de la C\u00e1mara de Diputados debi\u00f3 interrumpirse cuando el bloque opositor se levant\u00f3 de sus bancas, en momentos en que se debat\u00eda el Proyecto de Ley referido a la &#8220;Suspensi\u00f3n de la vigencia de la Ley N\u00ba V-1081-2022 de Desfederalizaci\u00f3n parcial de la Competencia Penal en materia de Estupefacientes&#8221;, dejando la reuni\u00f3n sin quorum legal.<\/h3>\n<h3>Previamente hab\u00edan ingresado los proyectos que figuraban en el orden del d\u00eda, la mayor\u00eda de los cuales fueron declarar de inter\u00e9s legislativo a numerosos temas menores.<\/h3>\n<h3>Tambi\u00e9n se aprobaron los siguientes pedidos de informes con despacho provenientes de las comisiones:<\/h3>\n<h3>&#8211; Solicitar a la Secretar\u00eda General de Gobernaci\u00f3n informe sobre los contratos firmados en el Expediente N\u00ba 12281488\/23 homologados en el Decreto N\u00ba 843-SGG-2023.<\/h3>\n<h3>&#8211; Solicitar al Poder Ejecutivo y por su intermedio al Ministerio de Salud informe por el traslado de personal altamente capacitado del Laboratorio de Salud P\u00fablica.<\/h3>\n<h3>Con respecto al proyecto de reforma del C\u00f3digo Procesal Penal debi\u00f3 regresar a comisiones por errores en su redacci\u00f3n.<\/h3>\n<h3>Por otro lado, el proyecto para suspender la Ley de Narcomenudeo tambi\u00e9n qued\u00f3 trunco, por la decisi\u00f3n del bloque Unidad Justicialista de abandonar el recinto y dejar sin qu\u00f3rum la sesi\u00f3n.<\/h3>\n<h3>Llam\u00f3 la atenci\u00f3n que el oficialismo, a pesar de haber logrado constituir una mayor\u00eda propia, no se haya asegurado la asistencia de sus integrantes. De hecho, faltaron seis legisladores. Las ausencias m\u00e1s notables fueron las tres diputadas de Sanluise\u00f1os por el Cambio, bloque que responde al actual secretario de Asuntos Institucionales y Enlace Parlamentario, <strong>Jos\u00e9 Giraudo<\/strong>.<\/h3>\n<p>&nbsp;<\/p>\n<p>&nbsp;<\/p>\n<p>&nbsp;<\/p>\n<p>&nbsp;<\/p>\n<p>&nbsp;<\/p>\n<p>&nbsp;<\/p>\n","protected":false},"excerpt":{"rendered":"<p>La sesi\u00f3n de la C\u00e1mara de Diputados debi\u00f3 interrumpirse cuando el bloque opositor se levant\u00f3&#8230;<\/p>\n","protected":false},"author":1,"featured_media":18093,"comment_status":"closed","ping_status":"closed","sticky":false,"template":"","format":"standard","meta":{"footnotes":""},"categories":[6],"tags":[],"class_list":["post-18092","post","type-post","status-publish","format-standard","has-post-thumbnail","hentry","category-ciudad-provincia"],"yoast_head":"<!-- This site is optimized with the Yoast SEO plugin v26.1.1 - https:\/\/yoast.com\/wordpress\/plugins\/seo\/ -->\n<title>LA OPOSICI\u00d3N SE RETIR\u00d3 Y DEBI\u00d3 LEVANTARSE LA SESI\u00d3N POR FALTA DE QU\u00d3RUM - Apuntes de San Luis<\/title>\n<meta name=\"robots\" content=\"index, follow, max-snippet:-1, max-image-preview:large, max-video-preview:-1\" \/>\n<link rel=\"canonical\" href=\"https:\/\/apuntesdesanluis.com\/index.php\/2024\/06\/19\/la-oposicion-se-retiro-y-debio-levantarse-la-sesion-por-falta-de-quorum\/\" \/>\n<meta property=\"og:locale\" content=\"es_ES\" \/>\n<meta property=\"og:type\" content=\"article\" \/>\n<meta property=\"og:title\" content=\"LA OPOSICI\u00d3N SE RETIR\u00d3 Y DEBI\u00d3 LEVANTARSE LA SESI\u00d3N POR FALTA DE QU\u00d3RUM - Apuntes de San Luis\" \/>\n<meta property=\"og:description\" content=\"La sesi\u00f3n de la C\u00e1mara de Diputados debi\u00f3 interrumpirse cuando el bloque opositor se levant\u00f3...\" \/>\n<meta property=\"og:url\" content=\"https:\/\/apuntesdesanluis.com\/index.php\/2024\/06\/19\/la-oposicion-se-retiro-y-debio-levantarse-la-sesion-por-falta-de-quorum\/\" \/>\n<meta property=\"og:site_name\" content=\"Apuntes de San Luis\" \/>\n<meta property=\"article:published_time\" content=\"2024-06-20T02:27:49+00:00\" \/>\n<meta property=\"og:image\" content=\"https:\/\/apuntesdesanluis.com\/wp-content\/uploads\/2024\/06\/camara-de-diputados-de-san-luis.png\" \/>\n\t<meta property=\"og:image:width\" content=\"700\" \/>\n\t<meta property=\"og:image:height\" content=\"390\" \/>\n\t<meta property=\"og:image:type\" content=\"image\/png\" \/>\n<meta name=\"author\" content=\"apuntesdesanluis.com\" \/>\n<meta name=\"twitter:card\" content=\"summary_large_image\" \/>\n<meta name=\"twitter:label1\" content=\"Escrito por\" \/>\n\t<meta name=\"twitter:data1\" content=\"apuntesdesanluis.com\" \/>\n\t<meta name=\"twitter:label2\" content=\"Tiempo de lectura\" \/>\n\t<meta name=\"twitter:data2\" content=\"2 minutos\" \/>\n<script type=\"application\/ld+json\" class=\"yoast-schema-graph\">{\"@context\":\"https:\/\/schema.org\",\"@graph\":[{\"@type\":\"Article\",\"@id\":\"https:\/\/apuntesdesanluis.com\/index.php\/2024\/06\/19\/la-oposicion-se-retiro-y-debio-levantarse-la-sesion-por-falta-de-quorum\/#article\",\"isPartOf\":{\"@id\":\"https:\/\/apuntesdesanluis.com\/index.php\/2024\/06\/19\/la-oposicion-se-retiro-y-debio-levantarse-la-sesion-por-falta-de-quorum\/\"},\"author\":{\"name\":\"apuntesdesanluis.com\",\"@id\":\"https:\/\/apuntesdesanluis.com\/#\/schema\/person\/b55151d52296fcce64d1a72538a70b90\"},\"headline\":\"LA OPOSICI\u00d3N SE RETIR\u00d3 Y DEBI\u00d3 LEVANTARSE LA SESI\u00d3N POR FALTA DE QU\u00d3RUM\",\"datePublished\":\"2024-06-20T02:27:49+00:00\",\"mainEntityOfPage\":{\"@id\":\"https:\/\/apuntesdesanluis.com\/index.php\/2024\/06\/19\/la-oposicion-se-retiro-y-debio-levantarse-la-sesion-por-falta-de-quorum\/\"},\"wordCount\":299,\"publisher\":{\"@id\":\"https:\/\/apuntesdesanluis.com\/#\/schema\/person\/b55151d52296fcce64d1a72538a70b90\"},\"image\":{\"@id\":\"https:\/\/apuntesdesanluis.com\/index.php\/2024\/06\/19\/la-oposicion-se-retiro-y-debio-levantarse-la-sesion-por-falta-de-quorum\/#primaryimage\"},\"thumbnailUrl\":\"https:\/\/apuntesdesanluis.com\/wp-content\/uploads\/2024\/06\/camara-de-diputados-de-san-luis.png\",\"articleSection\":[\"Ciudad\/Provincia\"],\"inLanguage\":\"es-AR\"},{\"@type\":\"WebPage\",\"@id\":\"https:\/\/apuntesdesanluis.com\/index.php\/2024\/06\/19\/la-oposicion-se-retiro-y-debio-levantarse-la-sesion-por-falta-de-quorum\/\",\"url\":\"https:\/\/apuntesdesanluis.com\/index.php\/2024\/06\/19\/la-oposicion-se-retiro-y-debio-levantarse-la-sesion-por-falta-de-quorum\/\",\"name\":\"LA OPOSICI\u00d3N SE RETIR\u00d3 Y DEBI\u00d3 LEVANTARSE LA SESI\u00d3N POR FALTA DE QU\u00d3RUM - Apuntes de San Luis\",\"isPartOf\":{\"@id\":\"https:\/\/apuntesdesanluis.com\/#website\"},\"primaryImageOfPage\":{\"@id\":\"https:\/\/apuntesdesanluis.com\/index.php\/2024\/06\/19\/la-oposicion-se-retiro-y-debio-levantarse-la-sesion-por-falta-de-quorum\/#primaryimage\"},\"image\":{\"@id\":\"https:\/\/apuntesdesanluis.com\/index.php\/2024\/06\/19\/la-oposicion-se-retiro-y-debio-levantarse-la-sesion-por-falta-de-quorum\/#primaryimage\"},\"thumbnailUrl\":\"https:\/\/apuntesdesanluis.com\/wp-content\/uploads\/2024\/06\/camara-de-diputados-de-san-luis.png\",\"datePublished\":\"2024-06-20T02:27:49+00:00\",\"breadcrumb\":{\"@id\":\"https:\/\/apuntesdesanluis.com\/index.php\/2024\/06\/19\/la-oposicion-se-retiro-y-debio-levantarse-la-sesion-por-falta-de-quorum\/#breadcrumb\"},\"inLanguage\":\"es-AR\",\"potentialAction\":[{\"@type\":\"ReadAction\",\"target\":[\"https:\/\/apuntesdesanluis.com\/index.php\/2024\/06\/19\/la-oposicion-se-retiro-y-debio-levantarse-la-sesion-por-falta-de-quorum\/\"]}]},{\"@type\":\"ImageObject\",\"inLanguage\":\"es-AR\",\"@id\":\"https:\/\/apuntesdesanluis.com\/index.php\/2024\/06\/19\/la-oposicion-se-retiro-y-debio-levantarse-la-sesion-por-falta-de-quorum\/#primaryimage\",\"url\":\"https:\/\/apuntesdesanluis.com\/wp-content\/uploads\/2024\/06\/camara-de-diputados-de-san-luis.png\",\"contentUrl\":\"https:\/\/apuntesdesanluis.com\/wp-content\/uploads\/2024\/06\/camara-de-diputados-de-san-luis.png\",\"width\":700,\"height\":390},{\"@type\":\"BreadcrumbList\",\"@id\":\"https:\/\/apuntesdesanluis.com\/index.php\/2024\/06\/19\/la-oposicion-se-retiro-y-debio-levantarse-la-sesion-por-falta-de-quorum\/#breadcrumb\",\"itemListElement\":[{\"@type\":\"ListItem\",\"position\":1,\"name\":\"Inicio\",\"item\":\"https:\/\/apuntesdesanluis.com\/\"},{\"@type\":\"ListItem\",\"position\":2,\"name\":\"LA OPOSICI\u00d3N SE RETIR\u00d3 Y DEBI\u00d3 LEVANTARSE LA SESI\u00d3N POR FALTA DE QU\u00d3RUM\"}]},{\"@type\":\"WebSite\",\"@id\":\"https:\/\/apuntesdesanluis.com\/#website\",\"url\":\"https:\/\/apuntesdesanluis.com\/\",\"name\":\"Apuntes de San Luis\",\"description\":\"\",\"publisher\":{\"@id\":\"https:\/\/apuntesdesanluis.com\/#\/schema\/person\/b55151d52296fcce64d1a72538a70b90\"},\"potentialAction\":[{\"@type\":\"SearchAction\",\"target\":{\"@type\":\"EntryPoint\",\"urlTemplate\":\"https:\/\/apuntesdesanluis.com\/?s={search_term_string}\"},\"query-input\":{\"@type\":\"PropertyValueSpecification\",\"valueRequired\":true,\"valueName\":\"search_term_string\"}}],\"inLanguage\":\"es-AR\"},{\"@type\":[\"Person\",\"Organization\"],\"@id\":\"https:\/\/apuntesdesanluis.com\/#\/schema\/person\/b55151d52296fcce64d1a72538a70b90\",\"name\":\"apuntesdesanluis.com\",\"image\":{\"@type\":\"ImageObject\",\"inLanguage\":\"es-AR\",\"@id\":\"https:\/\/apuntesdesanluis.com\/#\/schema\/person\/image\/\",\"url\":\"https:\/\/apuntesdesanluis.com\/wp-content\/uploads\/2023\/07\/cropped-apuntesdesanluis.png\",\"contentUrl\":\"https:\/\/apuntesdesanluis.com\/wp-content\/uploads\/2023\/07\/cropped-apuntesdesanluis.png\",\"width\":450,\"height\":112,\"caption\":\"apuntesdesanluis.com\"},\"logo\":{\"@id\":\"https:\/\/apuntesdesanluis.com\/#\/schema\/person\/image\/\"},\"sameAs\":[\"https:\/\/apuntesdesanluis.com\"],\"url\":\"https:\/\/apuntesdesanluis.com\/index.php\/author\/apuntesdesanluis-com\/\"}]}<\/script>\n<!-- \/ Yoast SEO plugin. -->","yoast_head_json":{"title":"LA OPOSICI\u00d3N SE RETIR\u00d3 Y DEBI\u00d3 LEVANTARSE LA SESI\u00d3N POR FALTA DE QU\u00d3RUM - Apuntes de San Luis","robots":{"index":"index","follow":"follow","max-snippet":"max-snippet:-1","max-image-preview":"max-image-preview:large","max-video-preview":"max-video-preview:-1"},"canonical":"https:\/\/apuntesdesanluis.com\/index.php\/2024\/06\/19\/la-oposicion-se-retiro-y-debio-levantarse-la-sesion-por-falta-de-quorum\/","og_locale":"es_ES","og_type":"article","og_title":"LA OPOSICI\u00d3N SE RETIR\u00d3 Y DEBI\u00d3 LEVANTARSE LA SESI\u00d3N POR FALTA DE QU\u00d3RUM - Apuntes de San Luis","og_description":"La sesi\u00f3n de la C\u00e1mara de Diputados debi\u00f3 interrumpirse cuando el bloque opositor se levant\u00f3...","og_url":"https:\/\/apuntesdesanluis.com\/index.php\/2024\/06\/19\/la-oposicion-se-retiro-y-debio-levantarse-la-sesion-por-falta-de-quorum\/","og_site_name":"Apuntes de San Luis","article_published_time":"2024-06-20T02:27:49+00:00","og_image":[{"width":700,"height":390,"url":"https:\/\/apuntesdesanluis.com\/wp-content\/uploads\/2024\/06\/camara-de-diputados-de-san-luis.png","type":"image\/png"}],"author":"apuntesdesanluis.com","twitter_card":"summary_large_image","twitter_misc":{"Escrito por":"apuntesdesanluis.com","Tiempo de lectura":"2 minutos"},"schema":{"@context":"https:\/\/schema.org","@graph":[{"@type":"Article","@id":"https:\/\/apuntesdesanluis.com\/index.php\/2024\/06\/19\/la-oposicion-se-retiro-y-debio-levantarse-la-sesion-por-falta-de-quorum\/#article","isPartOf":{"@id":"https:\/\/apuntesdesanluis.com\/index.php\/2024\/06\/19\/la-oposicion-se-retiro-y-debio-levantarse-la-sesion-por-falta-de-quorum\/"},"author":{"name":"apuntesdesanluis.com","@id":"https:\/\/apuntesdesanluis.com\/#\/schema\/person\/b55151d52296fcce64d1a72538a70b90"},"headline":"LA OPOSICI\u00d3N SE RETIR\u00d3 Y DEBI\u00d3 LEVANTARSE LA SESI\u00d3N POR FALTA DE QU\u00d3RUM","datePublished":"2024-06-20T02:27:49+00:00","mainEntityOfPage":{"@id":"https:\/\/apuntesdesanluis.com\/index.php\/2024\/06\/19\/la-oposicion-se-retiro-y-debio-levantarse-la-sesion-por-falta-de-quorum\/"},"wordCount":299,"publisher":{"@id":"https:\/\/apuntesdesanluis.com\/#\/schema\/person\/b55151d52296fcce64d1a72538a70b90"},"image":{"@id":"https:\/\/apuntesdesanluis.com\/index.php\/2024\/06\/19\/la-oposicion-se-retiro-y-debio-levantarse-la-sesion-por-falta-de-quorum\/#primaryimage"},"thumbnailUrl":"https:\/\/apuntesdesanluis.com\/wp-content\/uploads\/2024\/06\/camara-de-diputados-de-san-luis.png","articleSection":["Ciudad\/Provincia"],"inLanguage":"es-AR"},{"@type":"WebPage","@id":"https:\/\/apuntesdesanluis.com\/index.php\/2024\/06\/19\/la-oposicion-se-retiro-y-debio-levantarse-la-sesion-por-falta-de-quorum\/","url":"https:\/\/apuntesdesanluis.com\/index.php\/2024\/06\/19\/la-oposicion-se-retiro-y-debio-levantarse-la-sesion-por-falta-de-quorum\/","name":"LA OPOSICI\u00d3N SE RETIR\u00d3 Y DEBI\u00d3 LEVANTARSE LA SESI\u00d3N POR FALTA DE QU\u00d3RUM - Apuntes de San Luis","isPartOf":{"@id":"https:\/\/apuntesdesanluis.com\/#website"},"primaryImageOfPage":{"@id":"https:\/\/apuntesdesanluis.com\/index.php\/2024\/06\/19\/la-oposicion-se-retiro-y-debio-levantarse-la-sesion-por-falta-de-quorum\/#primaryimage"},"image":{"@id":"https:\/\/apuntesdesanluis.com\/index.php\/2024\/06\/19\/la-oposicion-se-retiro-y-debio-levantarse-la-sesion-por-falta-de-quorum\/#primaryimage"},"thumbnailUrl":"https:\/\/apuntesdesanluis.com\/wp-content\/uploads\/2024\/06\/camara-de-diputados-de-san-luis.png","datePublished":"2024-06-20T02:27:49+00:00","breadcrumb":{"@id":"https:\/\/apuntesdesanluis.com\/index.php\/2024\/06\/19\/la-oposicion-se-retiro-y-debio-levantarse-la-sesion-por-falta-de-quorum\/#breadcrumb"},"inLanguage":"es-AR","potentialAction":[{"@type":"ReadAction","target":["https:\/\/apuntesdesanluis.com\/index.php\/2024\/06\/19\/la-oposicion-se-retiro-y-debio-levantarse-la-sesion-por-falta-de-quorum\/"]}]},{"@type":"ImageObject","inLanguage":"es-AR","@id":"https:\/\/apuntesdesanluis.com\/index.php\/2024\/06\/19\/la-oposicion-se-retiro-y-debio-levantarse-la-sesion-por-falta-de-quorum\/#primaryimage","url":"https:\/\/apuntesdesanluis.com\/wp-content\/uploads\/2024\/06\/camara-de-diputados-de-san-luis.png","contentUrl":"https:\/\/apuntesdesanluis.com\/wp-content\/uploads\/2024\/06\/camara-de-diputados-de-san-luis.png","width":700,"height":390},{"@type":"BreadcrumbList","@id":"https:\/\/apuntesdesanluis.com\/index.php\/2024\/06\/19\/la-oposicion-se-retiro-y-debio-levantarse-la-sesion-por-falta-de-quorum\/#breadcrumb","itemListElement":[{"@type":"ListItem","position":1,"name":"Inicio","item":"https:\/\/apuntesdesanluis.com\/"},{"@type":"ListItem","position":2,"name":"LA OPOSICI\u00d3N SE RETIR\u00d3 Y DEBI\u00d3 LEVANTARSE LA SESI\u00d3N POR FALTA DE QU\u00d3RUM"}]},{"@type":"WebSite","@id":"https:\/\/apuntesdesanluis.com\/#website","url":"https:\/\/apuntesdesanluis.com\/","name":"Apuntes de San Luis","description":"","publisher":{"@id":"https:\/\/apuntesdesanluis.com\/#\/schema\/person\/b55151d52296fcce64d1a72538a70b90"},"potentialAction":[{"@type":"SearchAction","target":{"@type":"EntryPoint","urlTemplate":"https:\/\/apuntesdesanluis.com\/?s={search_term_string}"},"query-input":{"@type":"PropertyValueSpecification","valueRequired":true,"valueName":"search_term_string"}}],"inLanguage":"es-AR"},{"@type":["Person","Organization"],"@id":"https:\/\/apuntesdesanluis.com\/#\/schema\/person\/b55151d52296fcce64d1a72538a70b90","name":"apuntesdesanluis.com","image":{"@type":"ImageObject","inLanguage":"es-AR","@id":"https:\/\/apuntesdesanluis.com\/#\/schema\/person\/image\/","url":"https:\/\/apuntesdesanluis.com\/wp-content\/uploads\/2023\/07\/cropped-apuntesdesanluis.png","contentUrl":"https:\/\/apuntesdesanluis.com\/wp-content\/uploads\/2023\/07\/cropped-apuntesdesanluis.png","width":450,"height":112,"caption":"apuntesdesanluis.com"},"logo":{"@id":"https:\/\/apuntesdesanluis.com\/#\/schema\/person\/image\/"},"sameAs":["https:\/\/apuntesdesanluis.com"],"url":"https:\/\/apuntesdesanluis.com\/index.php\/author\/apuntesdesanluis-com\/"}]}},"featured_image_urls":{"full":["https:\/\/apuntesdesanluis.com\/wp-content\/uploads\/2024\/06\/camara-de-diputados-de-san-luis.png",700,390,false],"thumbnail":["https:\/\/apuntesdesanluis.com\/wp-content\/uploads\/2024\/06\/camara-de-diputados-de-san-luis-150x150.png",150,150,true],"medium":["https:\/\/apuntesdesanluis.com\/wp-content\/uploads\/2024\/06\/camara-de-diputados-de-san-luis-300x167.png",300,167,true],"medium_large":["https:\/\/apuntesdesanluis.com\/wp-content\/uploads\/2024\/06\/camara-de-diputados-de-san-luis.png",640,357,false],"large":["https:\/\/apuntesdesanluis.com\/wp-content\/uploads\/2024\/06\/camara-de-diputados-de-san-luis.png",640,357,false],"1536x1536":["https:\/\/apuntesdesanluis.com\/wp-content\/uploads\/2024\/06\/camara-de-diputados-de-san-luis.png",700,390,false],"2048x2048":["https:\/\/apuntesdesanluis.com\/wp-content\/uploads\/2024\/06\/camara-de-diputados-de-san-luis.png",700,390,false],"newsever-slider-full":["https:\/\/apuntesdesanluis.com\/wp-content\/uploads\/2024\/06\/camara-de-diputados-de-san-luis.png",700,390,false],"newsever-featured":["https:\/\/apuntesdesanluis.com\/wp-content\/uploads\/2024\/06\/camara-de-diputados-de-san-luis.png",700,390,false],"newsever-medium":["https:\/\/apuntesdesanluis.com\/wp-content\/uploads\/2024\/06\/camara-de-diputados-de-san-luis.png",700,390,false]},"author_info":{"display_name":"apuntesdesanluis.com","author_link":"https:\/\/apuntesdesanluis.com\/index.php\/author\/apuntesdesanluis-com\/"},"category_info":"<a href=\"https:\/\/apuntesdesanluis.com\/index.php\/category\/ciudad-provincia\/\" rel=\"category tag\">Ciudad\/Provincia<\/a>","tag_info":"Ciudad\/Provincia","comment_count":"0","_links":{"self":[{"href":"https:\/\/apuntesdesanluis.com\/index.php\/wp-json\/wp\/v2\/posts\/18092","targetHints":{"allow":["GET"]}}],"collection":[{"href":"https:\/\/apuntesdesanluis.com\/index.php\/wp-json\/wp\/v2\/posts"}],"about":[{"href":"https:\/\/apuntesdesanluis.com\/index.php\/wp-json\/wp\/v2\/types\/post"}],"author":[{"embeddable":true,"href":"https:\/\/apuntesdesanluis.com\/index.php\/wp-json\/wp\/v2\/users\/1"}],"replies":[{"embeddable":true,"href":"https:\/\/apuntesdesanluis.com\/index.php\/wp-json\/wp\/v2\/comments?post=18092"}],"version-history":[{"count":2,"href":"https:\/\/apuntesdesanluis.com\/index.php\/wp-json\/wp\/v2\/posts\/18092\/revisions"}],"predecessor-version":[{"id":18095,"href":"https:\/\/apuntesdesanluis.com\/index.php\/wp-json\/wp\/v2\/posts\/18092\/revisions\/18095"}],"wp:featuredmedia":[{"embeddable":true,"href":"https:\/\/apuntesdesanluis.com\/index.php\/wp-json\/wp\/v2\/media\/18093"}],"wp:attachment":[{"href":"https:\/\/apuntesdesanluis.com\/index.php\/wp-json\/wp\/v2\/media?parent=18092"}],"wp:term":[{"taxonomy":"category","embeddable":true,"href":"https:\/\/apuntesdesanluis.com\/index.php\/wp-json\/wp\/v2\/categories?post=18092"},{"taxonomy":"post_tag","embeddable":true,"href":"https:\/\/apuntesdesanluis.com\/index.php\/wp-json\/wp\/v2\/tags?post=18092"}],"curies":[{"name":"wp","href":"https:\/\/api.w.org\/{rel}","templated":true}]}}