{"id":18114,"date":"2024-06-21T13:16:00","date_gmt":"2024-06-21T16:16:00","guid":{"rendered":"https:\/\/apuntesdesanluis.com\/?p=18114"},"modified":"2024-06-21T14:35:06","modified_gmt":"2024-06-21T17:35:06","slug":"kam-va-la-che-recargado","status":"publish","type":"post","link":"https:\/\/apuntesdesanluis.com\/index.php\/2024\/06\/21\/kam-va-la-che-recargado\/","title":{"rendered":"KaM-vA-La-ChE (recargado)"},"content":{"rendered":"<h3>La gesti\u00f3n de Claudio Poggi cumpli\u00f3 sus primeros seis meses de gobierno y enfrenta un factor imprevisto: su propia salud. Los intendentes aparecen casi todos alineados, detr\u00e1s del acuerdo por las obras p\u00fablicas. A un a\u00f1o de las pr\u00f3ximas elecciones, comienza a moverse el tablero pol\u00edtico y empiezan a trascender algunas cartas. Por ahora, a modo de versiones. Pasen y vean.<\/h3>\n<p style=\"text-align: center;\"><strong>&#8230;&#8230;&#8230;&#8230;&#8230;&#8230;..<\/strong><\/p>\n<h3><span style=\"color: #3366ff;\"><strong>Salud de Poggi.<\/strong><\/span> Una gripe que para cualquier mortal no es m\u00e1s que algo habitual cuando se adelantan las bajas temperaturas,\u00a0pasa a ser &#8220;Cuesti\u00f3n de Estado&#8221; cuando quien la padece es la m\u00e1xima autoridad de la provincia . Preocupa si adem\u00e1s el estado gripal se repite en menos de dos meses. M\u00e1s a\u00fan, cuando el cuadro se agrava y evoluciona hacia una neumon\u00eda bilateral.<\/h3>\n<h3><img fetchpriority=\"high\" decoding=\"async\" class=\"wp-image-17893 aligncenter\" src=\"https:\/\/apuntesdesanluis.com\/wp-content\/uploads\/2024\/06\/hospital-ramon-carrillo-300x167.png\" alt=\"\" width=\"595\" height=\"331\" srcset=\"https:\/\/apuntesdesanluis.com\/wp-content\/uploads\/2024\/06\/hospital-ramon-carrillo-300x167.png 300w, https:\/\/apuntesdesanluis.com\/wp-content\/uploads\/2024\/06\/hospital-ramon-carrillo.png 600w\" sizes=\"(max-width: 595px) 100vw, 595px\" \/><\/h3>\n<h3>Si bien <strong>Claudio Poggi<\/strong> es un hombre sano y joven, para los c\u00e1nones actuales, el pr\u00f3ximo 7 de octubre cumplir\u00e1 61 primaveras. Por eso los m\u00e9dicos que lo revisaron ordenaron una bater\u00eda de estudios, para descartar otras afecciones. Resultados que se desconocen.<\/h3>\n<h3>A diferencia de otras veces en que el propio dirigente o quienes controlan su imagen difunden fotos o spots que lo muestran sonriente o en \u00e1mbitos dom\u00e9sticos, esta vez la informaci\u00f3n se manej\u00f3 bajo total hermetismo y no se conoci\u00f3 una sola imagen de su internaci\u00f3n. Se dijo que padec\u00eda una neumon\u00eda bilateral leve, pero debi\u00f3 permanecer internado tres d\u00edas e incluso celebrar el D\u00eda del Padre en el Hospital Ram\u00f3n Carrillo. Le dieron el alta hospitalaria, aunque le ordenaron una semana de reposo. Por esa raz\u00f3n, persisten las dudas sobre su real estado de salud.<\/h3>\n<p style=\"text-align: center;\"><strong>&#8230;&#8230;&#8230;&#8230;&#8230;&#8230;..<\/strong><\/p>\n<h3><span style=\"color: #3366ff;\"><strong>\u00bfSe posterga la gira?.<\/strong> <\/span>La informaci\u00f3n oficial indica que el gobernador retomar\u00e1 sus funciones el pr\u00f3ximo lunes 24. Teniendo en cuenta el comienzo del invierno, donde las temperaturas recrudecen, algunas voces en su entorno comenzaron a poner en duda su agenda de actividades. Particularmente, hay quienes creen que fue un error plantear la gira institucional en las semanas m\u00e1s fr\u00edas del oto\u00f1o. Agregan que ante el fr\u00e1gil estado de salud del mandatario, ser\u00eda peligroso que se exponga a una reca\u00edda. Sugieren, con cierta dosis de racionalidad, que las firmas de convenios con los intendentes se realicen en Terrazas y Poggi postergue hasta la primavera su deseo de continuar visitando las diferentes localidades.<\/h3>\n<p><img decoding=\"async\" class=\"wp-image-17788 aligncenter\" src=\"https:\/\/apuntesdesanluis.com\/wp-content\/uploads\/2024\/06\/poggi-de-gira-300x188.png\" alt=\"\" width=\"689\" height=\"432\" srcset=\"https:\/\/apuntesdesanluis.com\/wp-content\/uploads\/2024\/06\/poggi-de-gira-300x188.png 300w, https:\/\/apuntesdesanluis.com\/wp-content\/uploads\/2024\/06\/poggi-de-gira.png 611w\" sizes=\"(max-width: 689px) 100vw, 689px\" \/><\/p>\n<h3>Como las obras tienen un plazo de ejecuci\u00f3n de seis meses, podr\u00edan programarse sus visitas para ver los avances o participar de inauguraciones.<\/h3>\n<p style=\"text-align: center;\"><strong>&#8230;&#8230;&#8230;&#8230;&#8230;&#8230;..<\/strong><\/p>\n<h3><span style=\"color: #3366ff;\"><strong>Ley bases y decepci\u00f3n.<\/strong> <\/span>La media sanci\u00f3n del Senado de la Naci\u00f3n a la Ley Bases y el paquete fiscal provoc\u00f3 cierta decepci\u00f3n en el gobierno provincial. Ocurre que los legisladores dejaron afuera el restablecimiento del Impuesto a las Ganancias y Bienes Personales, que el presidente <strong>Javier Milei<\/strong> utiliz\u00f3 como zanahoria para conseguir el apoyo de los gobernadores.<\/h3>\n<h3><img decoding=\"async\" class=\"wp-image-18125 aligncenter\" src=\"https:\/\/apuntesdesanluis.com\/wp-content\/uploads\/2024\/06\/ganancias-y-bienes-afuera-300x182.png\" alt=\"\" width=\"631\" height=\"383\" srcset=\"https:\/\/apuntesdesanluis.com\/wp-content\/uploads\/2024\/06\/ganancias-y-bienes-afuera-300x182.png 300w, https:\/\/apuntesdesanluis.com\/wp-content\/uploads\/2024\/06\/ganancias-y-bienes-afuera.png 600w\" sizes=\"(max-width: 631px) 100vw, 631px\" \/><\/h3>\n<h3>El gobierno nacional les asegur\u00f3 a los caciques provinciales que la \u00fanica manera de aumentar las transferencias es incrementar la recaudaci\u00f3n a trav\u00e9s de estos impuestos. Por eso ahora insistir\u00e1 con incorporarlos cuando los trate Diputados. Lo que se preguntan los gobernadores es qu\u00e9 suceder\u00e1 si finalmente el Congreso fracasa en su intentona. Dada la ca\u00edda del consumo, los giros podr\u00edan seguir disminuyendo ante la menor recaudaci\u00f3n por IVA. Frente a ese panorama, la duda es si el conjunto de gobernadores, incluidos los 10 de Juntos por el Cambio, ratificar\u00e1n su devoci\u00f3n hacia la gesti\u00f3n de Milei.<\/h3>\n<p style=\"text-align: center;\"><strong>&#8230;&#8230;&#8230;&#8230;&#8230;&#8230;..<\/strong><\/p>\n<h3><span style=\"color: #3366ff;\"><strong>Ley bases y alegr\u00eda.<\/strong><\/span> El que s\u00ed estuvo exultante con la media sanci\u00f3n fue el presidente provisional del Senado, <strong>Bartolom\u00e9 Abdala<\/strong>. El puntano estuvo muy activo en las negociaciones con los bloques aliados y fue uno de los principales voceros, por ocupar la presidencia de la estrat\u00e9gica Comisi\u00f3n de Legislaci\u00f3n General.<\/h3>\n<p><iframe title=\"Bartolom\u00e9 Abdala en &quot;A dos voces&quot; (19-6-24) Entrevista completa\" width=\"640\" height=\"360\" src=\"https:\/\/www.youtube.com\/embed\/653pxk6RC88?feature=oembed\" frameborder=\"0\" allow=\"accelerometer; autoplay; clipboard-write; encrypted-media; gyroscope; picture-in-picture; web-share\" referrerpolicy=\"strict-origin-when-cross-origin\" allowfullscreen><\/iframe><\/p>\n<h3>Por eso en la previa de la sesi\u00f3n en la que el gobierno logr\u00f3 la media sanci\u00f3n, y los d\u00edas siguientes, el libertario desfil\u00f3 por los principales programas period\u00edsticos de los canales nacionales, alcanzando m\u00e1s protagonismo que Milei, Villarruel y el propio Guillermo Francos juntos.<\/h3>\n<p style=\"text-align: center;\"><strong>&#8230;&#8230;&#8230;&#8230;&#8230;&#8230;..<\/strong><\/p>\n<h3><span style=\"color: #3366ff;\"><strong>\u00bfVuelve Villarruel?. <\/strong><\/span>Trascendi\u00f3 una versi\u00f3n period\u00edstica que dio cuenta sobre la posible llegada nuevamente a San Luis de la vicepresidenta <strong>Victoria Villarruel<\/strong>. Supuestamente habr\u00eda sido invitada para asistir al desfile del pr\u00f3ximo 9 de Julio en Villa Mercedes<\/h3>\n<h3><img loading=\"lazy\" decoding=\"async\" class=\"wp-image-18124 aligncenter\" src=\"https:\/\/apuntesdesanluis.com\/wp-content\/uploads\/2024\/06\/victoria-villarruel-300x184.png\" alt=\"\" width=\"634\" height=\"389\" srcset=\"https:\/\/apuntesdesanluis.com\/wp-content\/uploads\/2024\/06\/victoria-villarruel-300x184.png 300w, https:\/\/apuntesdesanluis.com\/wp-content\/uploads\/2024\/06\/victoria-villarruel.png 600w\" sizes=\"(max-width: 634px) 100vw, 634px\" \/><\/h3>\n<h3>Sin embargo, <span style=\"color: #3366ff;\">Apuntes de San Luis<\/span> consult\u00f3 tanto a fuentes libertarias como de Protocolo Municipal, quienes negaron tener alg\u00fan tipo de confirmaci\u00f3n. Otras fuentes directamente calificaron la versi\u00f3n como un \u201cdisparate\u201d, lo que com\u00fanmente se conoce en la jerga period\u00edstica como \u201cpescado podrido\u201d.<\/h3>\n<p style=\"text-align: center;\"><strong>&#8230;&#8230;&#8230;&#8230;&#8230;&#8230;..<\/strong><\/p>\n<h3><span style=\"color: #3366ff;\">Conveniencias mutuas. <\/span>La firma de convenios con intendentes de toda la provincia para financiar obras p\u00fablicas, le ha dado cierto ox\u00edgeno a la gesti\u00f3n provincial y a los propios jefes comunales. Es cierto que la inversi\u00f3n es por dem\u00e1s austera: $7.500 millones de pesos para toda la geograf\u00eda provincial es una cifra exigua. De todos modos, permite alg\u00fan tipo de reactivaci\u00f3n y de paso les da juego pol\u00edtico a ambos, gobierno e intendentes.<\/h3>\n<h3><img loading=\"lazy\" decoding=\"async\" class=\"wp-image-18123 aligncenter\" src=\"https:\/\/apuntesdesanluis.com\/wp-content\/uploads\/2024\/06\/Concejo-Deliberante-300x164.jpg\" alt=\"\" width=\"659\" height=\"360\" srcset=\"https:\/\/apuntesdesanluis.com\/wp-content\/uploads\/2024\/06\/Concejo-Deliberante-300x164.jpg 300w, https:\/\/apuntesdesanluis.com\/wp-content\/uploads\/2024\/06\/Concejo-Deliberante.jpg 600w\" sizes=\"(max-width: 659px) 100vw, 659px\" \/><\/h3>\n<h3>De los municipios que faltan firmar el m\u00e1s importante es el de Villa Mercedes. Se calcula que podr\u00eda suscribirlo la pr\u00f3xima semana, teniendo en cuenta que el Concejo Deliberante aprob\u00f3 por mayor\u00eda, en su \u00faltima sesi\u00f3n, el decreto de homologaci\u00f3n del Acuerdo Bilateral \u201cConstruyendo con tu Pueblo\u201d firmado por el intendente <strong>Maximiliano Frontera<\/strong>.<\/h3>\n<p style=\"text-align: center;\"><strong>&#8230;&#8230;&#8230;&#8230;&#8230;&#8230;..<\/strong><\/p>\n<h3><span style=\"color: #3366ff;\"><strong>Improvisaci\u00f3n y faltazos.<\/strong> <\/span>Las desinteligencias en el oficialismo esta semana le provocaron un trago amargo en la C\u00e1mara de Diputados, donde no pudo avanzar en la aprobaci\u00f3n de dos temas importantes. Uno de ellos fue el <strong>proyecto de reforma del C\u00f3digo Procesal Penal<\/strong>, que debi\u00f3 regresar a comisiones por \u201cerrores en su redacci\u00f3n\u201d, lo que indica cierta improvisaci\u00f3n en una cuesti\u00f3n de tanta trascendencia.<\/h3>\n<h3><img loading=\"lazy\" decoding=\"async\" class=\"wp-image-18122 aligncenter\" src=\"https:\/\/apuntesdesanluis.com\/wp-content\/uploads\/2024\/06\/retiro-300x189.png\" alt=\"\" width=\"651\" height=\"410\" srcset=\"https:\/\/apuntesdesanluis.com\/wp-content\/uploads\/2024\/06\/retiro-300x189.png 300w, https:\/\/apuntesdesanluis.com\/wp-content\/uploads\/2024\/06\/retiro.png 700w\" sizes=\"(max-width: 651px) 100vw, 651px\" \/><\/h3>\n<h3>El otro proyecto, dirigido a <strong>suspender la Ley de Narcomenudeo<\/strong>, se abort\u00f3 por la jugada del <strong>bloque Unidad Justicialista<\/strong>, que advirtiendo la debilidad num\u00e9rica del oficialismo opt\u00f3 por abandonar el recinto y dejar sin qu\u00f3rum la sesi\u00f3n. Nadie supo explicar con precisi\u00f3n a qu\u00e9 se debieron las ausencias de seis diputados que responden al gobierno y que en una sesi\u00f3n tan importante pegaron el faltazo.<\/h3>\n<h3>La factura, en este caso, se la pasaron a la presidenta del bloque, <strong>Mar\u00eda Eugenia Gallardo<\/strong>, a quien le endilgan falta de mu\u00f1eca pol\u00edtica para asegurar la mayor\u00eda propia conseguida meses atr\u00e1s, con la ayuda de las bancadas aliadas<em>. \u201cLe regalamos al peronismo un partido que ten\u00edamos ganado\u201d<\/em>, se lament\u00f3 un diputado poggista.<\/h3>\n<p style=\"text-align: center;\"><strong>&#8230;&#8230;&#8230;&#8230;&#8230;&#8230;..<\/strong><\/p>\n<h3><span style=\"color: #3366ff;\"><strong>Cr\u00edticas opositoras. <\/strong><\/span>Tras la sesi\u00f3n, la que sali\u00f3 a batir el parche fue la ex kirchnerista ultra opositora a los Rodr\u00edguez Sa\u00e1, devenida en ultraalbertista, la diputada <strong>Sonia Delarco<\/strong>. <em>\u201cIns\u00f3lito. Sin qu\u00f3rum el oficialismo en la C\u00e1mara\u00a0 de Diputados de San Luis\u2026Con un proyecto de ley inconstitucional , sin consensos ni participaci\u00f3n de las voces de quienes imparten justicia en la provincia y con errores en los art\u00edculos que modificar\u00edan el C\u00f3digo Procesal Penal se vieron obligados a mandar la media sanci\u00f3n de senadores a comisi\u00f3n nuevamente para ser corregida\u201d,<\/em> cuestion\u00f3.<\/h3>\n<h3><img loading=\"lazy\" decoding=\"async\" class=\"wp-image-18121 aligncenter\" src=\"https:\/\/apuntesdesanluis.com\/wp-content\/uploads\/2024\/06\/sonia-delarco-300x182.png\" alt=\"\" width=\"636\" height=\"386\" srcset=\"https:\/\/apuntesdesanluis.com\/wp-content\/uploads\/2024\/06\/sonia-delarco-300x182.png 300w, https:\/\/apuntesdesanluis.com\/wp-content\/uploads\/2024\/06\/sonia-delarco.png 442w\" sizes=\"(max-width: 636px) 100vw, 636px\" \/><\/h3>\n<h3>La fogosa legisladora agreg\u00f3 en un posteo en redes sociales: <em>\u201cY adem\u00e1s pretenden suspender por un 1 a\u00f1o la desfederalizaci\u00f3n parcial de la competencia del fuero penal\u00a0 de estupefacientes y prorrogarla por otro a\u00f1o m\u00e1s\u00a0 (es decir 2 a\u00f1os las fuerzas policiales junto a la justicia provincial\u00a0 sin competencias para investigar, ni juzgar). Mientras EL NARCOMENUDEO crece en los\u00a0 barrios, en los pueblos y\u00a0 se lleva la salud y la vida\u00a0 de nuestros ni\u00f1os, ni\u00f1as y j\u00f3venes\u201d.<\/em><\/h3>\n<h3><em>\u201cBasta de excusas, prevengan y combatan la inseguridad con pol\u00edticas integrales no solo en seguridad sino en generaci\u00f3n de empleo, salud, educaci\u00f3n\u00a0 y mejoren los\u00a0 salarios de los trabajadores del estado, han generado una gran deuda social,\u00a0 llevan\u00a0 7 meses de gesti\u00f3n\u201d,<\/em> enfatiz\u00f3.<\/h3>\n<p style=\"text-align: center;\"><strong>&#8230;&#8230;&#8230;&#8230;&#8230;&#8230;..<\/strong><\/p>\n<h3><span style=\"color: #3366ff;\"><strong>\u00bfAlberto diputado?.<\/strong><\/span> A un a\u00f1o aproximadamente de las elecciones de medio t\u00e9rmino, muchos ya comienzan a perfilar qui\u00e9nes podr\u00edan ser los principales candidatos. En el gobierno est\u00e1n atentos a los movimientos que puede hacer &#8220;El Editor&#8221;, ya no en su rol de tirabombas desde El Diario, si no en t\u00e9rminos pol\u00edticos. Al respecto, crece la versi\u00f3n de que el ex gobernador <strong>Alberto Rodr\u00edguez Sa\u00e1<\/strong> podr\u00eda encabezar la n\u00f3mina de postulantes a diputados provinciales por el Departamento General Pueyrred\u00f3n.<\/h3>\n<h3><img loading=\"lazy\" decoding=\"async\" class=\"wp-image-18120 aligncenter\" src=\"https:\/\/apuntesdesanluis.com\/wp-content\/uploads\/2024\/06\/alberto-rodriguez-saa-300x200.png\" alt=\"\" width=\"666\" height=\"444\" srcset=\"https:\/\/apuntesdesanluis.com\/wp-content\/uploads\/2024\/06\/alberto-rodriguez-saa-300x200.png 300w, https:\/\/apuntesdesanluis.com\/wp-content\/uploads\/2024\/06\/alberto-rodriguez-saa.png 506w\" sizes=\"(max-width: 666px) 100vw, 666px\" \/><\/h3>\n<h3>Se trata de la elecci\u00f3n m\u00e1s importante, porque se deben elegir diez legisladores y en gran medida ese resultado impactar\u00e1 en el equilibrio de fuerzas que existe en la C\u00e1mara Baja. Al parecer, al T\u00edo Alberto (como lo llaman algunos) le han llegado encuestas muy alentadoras, a partir de la floja imagen de la gesti\u00f3n de <strong>Gast\u00f3n Hissa<\/strong> en Capital y los cuestionamientos hacia la gesti\u00f3n provincial, sobre todo de los gremios de empleados p\u00fablicos. A ello se agrega la carencia de candidatos propios de fuste que tendr\u00eda el gobierno. De todos modos, es una jugada a todo o nada: si pierde, queda sepultado; si gana, se posiciona para enfrentar a Poggi en 2027.<\/h3>\n<p style=\"text-align: center;\"><strong>&#8230;&#8230;&#8230;&#8230;&#8230;&#8230;..<\/strong><\/p>\n<h3><span style=\"color: #3366ff;\"><strong>Candidato todo-terreno.<\/strong> <\/span>En esto de \u201cponer toda la carne al asador\u201d, el peronismo tambi\u00e9n analiza la posibilidad de que el intendente de La Toma (de licencia) y diputado nacional <strong>Ernesto \u201cPipi\u201d Al\u00ed<\/strong>, pueda encabezar la boleta de candidatos a diputados provinciales por el Departamento Pringles.<\/h3>\n<h3><img loading=\"lazy\" decoding=\"async\" class=\"wp-image-18119 aligncenter\" src=\"https:\/\/apuntesdesanluis.com\/wp-content\/uploads\/2024\/06\/pipi-ali-300x212.png\" alt=\"\" width=\"633\" height=\"447\" srcset=\"https:\/\/apuntesdesanluis.com\/wp-content\/uploads\/2024\/06\/pipi-ali-300x212.png 300w, https:\/\/apuntesdesanluis.com\/wp-content\/uploads\/2024\/06\/pipi-ali.png 646w\" sizes=\"(max-width: 633px) 100vw, 633px\" \/><\/h3>\n<h3><em>\u201cMir\u00e1, lo tenemos medido. Por m\u00e1s que lo critiquen, es el dirigente de mejor imagen y de mayor conocimiento. Podemos ganar Capital con el Alberto y Pringles con el Pipi. En Dupuy y Belgrano generalmente ganamos y perdemos en Jun\u00edn. En la cuenta, ganamos 4 a 1 y nos quedamos con la mayor\u00eda en diputados\u201d,<\/em> evalu\u00f3 en un exceso de confianza un operador del PJ.<\/h3>\n<p style=\"text-align: center;\"><strong>&#8230;&#8230;&#8230;&#8230;&#8230;&#8230;..<\/strong><\/p>\n<h3><span style=\"color: #3366ff;\"><strong>&#8220;La Nati va a dar pelea&#8221;.<\/strong><\/span> Otras definiciones muy interesantes se dar\u00e1n por las candidaturas nacionales. En la provincia deben elegirse tres diputados nacionales. Una que ya est\u00e1 calentando motores para el segundo semestre legislativo es <strong>Natalia Zabala Chacur<\/strong>. Pero asimismo, tendr\u00eda intenciones de disputar su reelecci\u00f3n el a\u00f1o pr\u00f3ximo.<\/h3>\n<h3>La ex diputada provincial y ex jefa de gabinete de Rodr\u00edguez Sa\u00e1, no parece tener mucha oposici\u00f3n interna y en general su gesti\u00f3n goza de una valoraci\u00f3n positiva entre la dirigencia peronista. Se le reconoce una gran preparaci\u00f3n, firmeza en sus posiciones y coherencia a la hora de defender los intereses provinciales. Tambi\u00e9n destacan sus intervenciones en los acalorados debates que tuvieron lugar por el tratamiento de la ley bases y el paquete fiscal.<\/h3>\n<p><iframe title=\"Diputada Zabala Chacur, Natalia - UxP - Continuaci\u00f3n de Sesi\u00f3n - 02-02-2024\" width=\"640\" height=\"360\" src=\"https:\/\/www.youtube.com\/embed\/amA6nAxYEAs?feature=oembed\" frameborder=\"0\" allow=\"accelerometer; autoplay; clipboard-write; encrypted-media; gyroscope; picture-in-picture; web-share\" referrerpolicy=\"strict-origin-when-cross-origin\" allowfullscreen><\/iframe><\/p>\n<h3>Por su formaci\u00f3n de Contadora P\u00fablica Nacional\u00a0 y su experiencia como ministra de Hacienda de San Luis, &#8220;La Nati&#8221; habitualmente es consultada por sus pares.<\/h3>\n<p style=\"text-align: center;\"><strong>&#8230;&#8230;&#8230;&#8230;&#8230;&#8230;..<\/strong><\/p>\n<h3><strong><span style=\"color: #3366ff;\">Disputa entre los libertarios.<\/span> <\/strong>En <strong>La Libertad Avanza<\/strong> tambi\u00e9n analizan por estas horas c\u00f3mo plantarse de cara a las cruciales elecciones de medio t\u00e9rmino, donde el presidente <strong>Javier Milei<\/strong> necesita imperiosamente incrementar su volumen pol\u00edtico en el Congreso. La principal definici\u00f3n en qui\u00e9n encabezar\u00e1 la boleta de candidatos a diputados nacionales.<\/h3>\n<h3><img loading=\"lazy\" decoding=\"async\" class=\"wp-image-18117 aligncenter\" src=\"https:\/\/apuntesdesanluis.com\/wp-content\/uploads\/2024\/06\/gisela-300x252.png\" alt=\"\" width=\"646\" height=\"543\" srcset=\"https:\/\/apuntesdesanluis.com\/wp-content\/uploads\/2024\/06\/gisela-300x252.png 300w, https:\/\/apuntesdesanluis.com\/wp-content\/uploads\/2024\/06\/gisela.png 337w\" sizes=\"(max-width: 646px) 100vw, 646px\" \/><\/h3>\n<h3>Por ahora ninguno de los principales referentes se ha pronunciado, pero ya hay dos versiones. Una indica que podr\u00eda encabezar <strong>Gisela Vartalitis<\/strong>, a partir de un supuesto acuerdo entre su esposo Adolfo Rodr\u00edguez Sa\u00e1 y el libertario Bartolo Abdala. La otra propuesta pertenece a una agrupaci\u00f3n libertaria \u201cpura\u201d, que propone el nombre del dirigente <strong>Rodolfo Negri<\/strong>, actual prosecretario parlamentario del bloque de senadores nacionales.<\/h3>\n<p><img loading=\"lazy\" decoding=\"async\" class=\"wp-image-18118 aligncenter\" src=\"https:\/\/apuntesdesanluis.com\/wp-content\/uploads\/2024\/06\/negri-300x183.png\" alt=\"\" width=\"662\" height=\"404\" srcset=\"https:\/\/apuntesdesanluis.com\/wp-content\/uploads\/2024\/06\/negri-300x183.png 300w, https:\/\/apuntesdesanluis.com\/wp-content\/uploads\/2024\/06\/negri.png 600w\" sizes=\"(max-width: 662px) 100vw, 662px\" \/><\/p>\n<h4 style=\"text-align: center;\"><em>Negri junto a la Senadora Ivanna Arrascaeta y el binomio presidencial.<\/em><\/h4>\n<h3>Consultado este \u00faltimo, evit\u00f3 definiciones tajantes, pero algo desliz\u00f3: <em>\u201cYo no tengo apetencias personales, pertenezco a un gobierno y soy org\u00e1nico. Si soy \u00fatil, estoy dispuesto a participar, siempre que haya elecciones internas y se definan democr\u00e1ticamente las candidaturas\u201d.<\/em><\/h3>\n<p style=\"text-align: center;\"><strong>&#8230;&#8230;&#8230;&#8230;&#8230;&#8230;..<\/strong><\/p>\n<h3><span style=\"color: #3366ff;\"><strong>Interna de radicales.<\/strong><\/span> En el radicalismo sus diferentes corrientes ya se preparan para jugar el juego que m\u00e1s les gusta: la interna para elegir sus autoridades partidarias. Ya est\u00e1 convocada la <strong>Convenci\u00f3n Provincial<\/strong> para el 28 de junio, oportunidad en que se deben tratar los balances y ratificar la convocatoria a elecciones para renovar autoridades, el domingo 27 de octubre.<\/h3>\n<h3>Como siempre sucede, comenzaron los primeros chisporroteos. Una nueva l\u00ednea interna, \u201cIdentidad Radical\u201d, que encabezan los ex diputados <strong>Fidel Hadad<\/strong> y <strong>Daniel Mariani<\/strong>, sali\u00f3 a denunciar a la actual conducci\u00f3n por no entregar los padrones. <em>\u201cSabemos que la pelea es desigual, porque nos enfrentamos a sectores que ostentan cargos en dos ministerios. No sabemos por qu\u00e9 no nos entregan los padrones o si tienen miedo\u201d,<\/em> chicanearon.<\/h3>\n<div style=\"width: 640px;\" class=\"wp-video\"><!--[if lt IE 9]><script>document.createElement('video');<\/script><![endif]-->\n<video class=\"wp-video-shortcode\" id=\"video-18114-1\" width=\"640\" height=\"361\" preload=\"metadata\" controls=\"controls\"><source type=\"video\/mp4\" src=\"https:\/\/apuntesdesanluis.com\/wp-content\/uploads\/2024\/06\/Fidel-Haddad.mp4?_=1\" \/><a href=\"https:\/\/apuntesdesanluis.com\/wp-content\/uploads\/2024\/06\/Fidel-Haddad.mp4\">https:\/\/apuntesdesanluis.com\/wp-content\/uploads\/2024\/06\/Fidel-Haddad.mp4<\/a><\/video><\/div>\n<h3>Trascendi\u00f3 que el intendente de la Villa de Merlo y actual presidente de la UCR, <strong>Juan \u00c1lvarez Pinto,<\/strong> tendr\u00eda intenciones de postularse para la reelecci\u00f3n y ya est\u00e1 manteniendo reuniones con la intenci\u00f3n de acumular consensos.<\/h3>\n<h3><img loading=\"lazy\" decoding=\"async\" class=\"wp-image-18115 aligncenter\" src=\"https:\/\/apuntesdesanluis.com\/wp-content\/uploads\/2024\/06\/alvarez-pinto-ivanna-ricca-300x182.png\" alt=\"\" width=\"641\" height=\"389\" srcset=\"https:\/\/apuntesdesanluis.com\/wp-content\/uploads\/2024\/06\/alvarez-pinto-ivanna-ricca-300x182.png 300w, https:\/\/apuntesdesanluis.com\/wp-content\/uploads\/2024\/06\/alvarez-pinto-ivanna-ricca.png 479w\" sizes=\"(max-width: 641px) 100vw, 641px\" \/><\/h3>\n<h4 style=\"text-align: center;\"><em>Juan \u00c1lvarez Pinto e Ivana Ricca.<\/em><\/h4>\n<h3>En el otro rinc\u00f3n aparece el dirigente <strong>Walter Ceballos<\/strong>, cuyo sector se reunir\u00eda en estos d\u00edas para definir su postura. De todos modos, no descartan \u201cdar batalla\u201d para disputar la conducci\u00f3n partidaria. Un allegado al ex secretario de Provincias desliz\u00f3 que podr\u00edan postular a presidir la UCR a la actual diputada provincial por Pedernera, <strong>Ivana Ricca<\/strong>.<\/h3>\n<p>&nbsp;<\/p>\n<p>&nbsp;<\/p>\n<p>&nbsp;<\/p>\n<p>&nbsp;<\/p>\n","protected":false},"excerpt":{"rendered":"<p>La gesti\u00f3n de Claudio Poggi cumpli\u00f3 sus primeros seis meses de gobierno y enfrenta un&#8230;<\/p>\n","protected":false},"author":1,"featured_media":18127,"comment_status":"closed","ping_status":"closed","sticky":false,"template":"","format":"standard","meta":{"footnotes":""},"categories":[9],"tags":[],"class_list":["post-18114","post","type-post","status-publish","format-standard","has-post-thumbnail","hentry","category-opinion"],"yoast_head":"<!-- This site is optimized with the Yoast SEO plugin v26.1.1 - https:\/\/yoast.com\/wordpress\/plugins\/seo\/ -->\n<title>KaM-vA-La-ChE (recargado) - Apuntes de San Luis<\/title>\n<meta name=\"robots\" content=\"index, follow, max-snippet:-1, max-image-preview:large, max-video-preview:-1\" \/>\n<link rel=\"canonical\" href=\"https:\/\/apuntesdesanluis.com\/index.php\/2024\/06\/21\/kam-va-la-che-recargado\/\" \/>\n<meta property=\"og:locale\" content=\"es_ES\" \/>\n<meta property=\"og:type\" content=\"article\" \/>\n<meta property=\"og:title\" content=\"KaM-vA-La-ChE (recargado) - Apuntes de San Luis\" \/>\n<meta property=\"og:description\" content=\"La gesti\u00f3n de Claudio Poggi cumpli\u00f3 sus primeros seis meses de gobierno y enfrenta un...\" \/>\n<meta property=\"og:url\" content=\"https:\/\/apuntesdesanluis.com\/index.php\/2024\/06\/21\/kam-va-la-che-recargado\/\" \/>\n<meta property=\"og:site_name\" content=\"Apuntes de San Luis\" \/>\n<meta property=\"article:published_time\" content=\"2024-06-21T16:16:00+00:00\" \/>\n<meta property=\"article:modified_time\" content=\"2024-06-21T17:35:06+00:00\" \/>\n<meta property=\"og:image\" content=\"https:\/\/apuntesdesanluis.com\/wp-content\/uploads\/2024\/06\/chismes.png\" \/>\n\t<meta property=\"og:image:width\" content=\"803\" \/>\n\t<meta property=\"og:image:height\" content=\"457\" \/>\n\t<meta property=\"og:image:type\" content=\"image\/png\" \/>\n<meta name=\"author\" content=\"apuntesdesanluis.com\" \/>\n<meta name=\"twitter:card\" content=\"summary_large_image\" \/>\n<meta name=\"twitter:label1\" content=\"Escrito por\" \/>\n\t<meta name=\"twitter:data1\" content=\"apuntesdesanluis.com\" \/>\n\t<meta name=\"twitter:label2\" content=\"Tiempo de lectura\" \/>\n\t<meta name=\"twitter:data2\" content=\"13 minutos\" \/>\n<script type=\"application\/ld+json\" class=\"yoast-schema-graph\">{\"@context\":\"https:\/\/schema.org\",\"@graph\":[{\"@type\":\"Article\",\"@id\":\"https:\/\/apuntesdesanluis.com\/index.php\/2024\/06\/21\/kam-va-la-che-recargado\/#article\",\"isPartOf\":{\"@id\":\"https:\/\/apuntesdesanluis.com\/index.php\/2024\/06\/21\/kam-va-la-che-recargado\/\"},\"author\":{\"name\":\"apuntesdesanluis.com\",\"@id\":\"https:\/\/apuntesdesanluis.com\/#\/schema\/person\/b55151d52296fcce64d1a72538a70b90\"},\"headline\":\"KaM-vA-La-ChE (recargado)\",\"datePublished\":\"2024-06-21T16:16:00+00:00\",\"dateModified\":\"2024-06-21T17:35:06+00:00\",\"mainEntityOfPage\":{\"@id\":\"https:\/\/apuntesdesanluis.com\/index.php\/2024\/06\/21\/kam-va-la-che-recargado\/\"},\"wordCount\":2299,\"publisher\":{\"@id\":\"https:\/\/apuntesdesanluis.com\/#\/schema\/person\/b55151d52296fcce64d1a72538a70b90\"},\"image\":{\"@id\":\"https:\/\/apuntesdesanluis.com\/index.php\/2024\/06\/21\/kam-va-la-che-recargado\/#primaryimage\"},\"thumbnailUrl\":\"https:\/\/apuntesdesanluis.com\/wp-content\/uploads\/2024\/06\/chismes.png\",\"articleSection\":[\"Opini\u00f3n\"],\"inLanguage\":\"es-AR\"},{\"@type\":\"WebPage\",\"@id\":\"https:\/\/apuntesdesanluis.com\/index.php\/2024\/06\/21\/kam-va-la-che-recargado\/\",\"url\":\"https:\/\/apuntesdesanluis.com\/index.php\/2024\/06\/21\/kam-va-la-che-recargado\/\",\"name\":\"KaM-vA-La-ChE (recargado) - Apuntes de San Luis\",\"isPartOf\":{\"@id\":\"https:\/\/apuntesdesanluis.com\/#website\"},\"primaryImageOfPage\":{\"@id\":\"https:\/\/apuntesdesanluis.com\/index.php\/2024\/06\/21\/kam-va-la-che-recargado\/#primaryimage\"},\"image\":{\"@id\":\"https:\/\/apuntesdesanluis.com\/index.php\/2024\/06\/21\/kam-va-la-che-recargado\/#primaryimage\"},\"thumbnailUrl\":\"https:\/\/apuntesdesanluis.com\/wp-content\/uploads\/2024\/06\/chismes.png\",\"datePublished\":\"2024-06-21T16:16:00+00:00\",\"dateModified\":\"2024-06-21T17:35:06+00:00\",\"breadcrumb\":{\"@id\":\"https:\/\/apuntesdesanluis.com\/index.php\/2024\/06\/21\/kam-va-la-che-recargado\/#breadcrumb\"},\"inLanguage\":\"es-AR\",\"potentialAction\":[{\"@type\":\"ReadAction\",\"target\":[\"https:\/\/apuntesdesanluis.com\/index.php\/2024\/06\/21\/kam-va-la-che-recargado\/\"]}]},{\"@type\":\"ImageObject\",\"inLanguage\":\"es-AR\",\"@id\":\"https:\/\/apuntesdesanluis.com\/index.php\/2024\/06\/21\/kam-va-la-che-recargado\/#primaryimage\",\"url\":\"https:\/\/apuntesdesanluis.com\/wp-content\/uploads\/2024\/06\/chismes.png\",\"contentUrl\":\"https:\/\/apuntesdesanluis.com\/wp-content\/uploads\/2024\/06\/chismes.png\",\"width\":803,\"height\":457},{\"@type\":\"BreadcrumbList\",\"@id\":\"https:\/\/apuntesdesanluis.com\/index.php\/2024\/06\/21\/kam-va-la-che-recargado\/#breadcrumb\",\"itemListElement\":[{\"@type\":\"ListItem\",\"position\":1,\"name\":\"Inicio\",\"item\":\"https:\/\/apuntesdesanluis.com\/\"},{\"@type\":\"ListItem\",\"position\":2,\"name\":\"KaM-vA-La-ChE (recargado)\"}]},{\"@type\":\"WebSite\",\"@id\":\"https:\/\/apuntesdesanluis.com\/#website\",\"url\":\"https:\/\/apuntesdesanluis.com\/\",\"name\":\"Apuntes de San Luis\",\"description\":\"\",\"publisher\":{\"@id\":\"https:\/\/apuntesdesanluis.com\/#\/schema\/person\/b55151d52296fcce64d1a72538a70b90\"},\"potentialAction\":[{\"@type\":\"SearchAction\",\"target\":{\"@type\":\"EntryPoint\",\"urlTemplate\":\"https:\/\/apuntesdesanluis.com\/?s={search_term_string}\"},\"query-input\":{\"@type\":\"PropertyValueSpecification\",\"valueRequired\":true,\"valueName\":\"search_term_string\"}}],\"inLanguage\":\"es-AR\"},{\"@type\":[\"Person\",\"Organization\"],\"@id\":\"https:\/\/apuntesdesanluis.com\/#\/schema\/person\/b55151d52296fcce64d1a72538a70b90\",\"name\":\"apuntesdesanluis.com\",\"image\":{\"@type\":\"ImageObject\",\"inLanguage\":\"es-AR\",\"@id\":\"https:\/\/apuntesdesanluis.com\/#\/schema\/person\/image\/\",\"url\":\"https:\/\/apuntesdesanluis.com\/wp-content\/uploads\/2023\/07\/cropped-apuntesdesanluis.png\",\"contentUrl\":\"https:\/\/apuntesdesanluis.com\/wp-content\/uploads\/2023\/07\/cropped-apuntesdesanluis.png\",\"width\":450,\"height\":112,\"caption\":\"apuntesdesanluis.com\"},\"logo\":{\"@id\":\"https:\/\/apuntesdesanluis.com\/#\/schema\/person\/image\/\"},\"sameAs\":[\"https:\/\/apuntesdesanluis.com\"],\"url\":\"https:\/\/apuntesdesanluis.com\/index.php\/author\/apuntesdesanluis-com\/\"}]}<\/script>\n<!-- \/ Yoast SEO plugin. -->","yoast_head_json":{"title":"KaM-vA-La-ChE (recargado) - Apuntes de San Luis","robots":{"index":"index","follow":"follow","max-snippet":"max-snippet:-1","max-image-preview":"max-image-preview:large","max-video-preview":"max-video-preview:-1"},"canonical":"https:\/\/apuntesdesanluis.com\/index.php\/2024\/06\/21\/kam-va-la-che-recargado\/","og_locale":"es_ES","og_type":"article","og_title":"KaM-vA-La-ChE (recargado) - Apuntes de San Luis","og_description":"La gesti\u00f3n de Claudio Poggi cumpli\u00f3 sus primeros seis meses de gobierno y enfrenta un...","og_url":"https:\/\/apuntesdesanluis.com\/index.php\/2024\/06\/21\/kam-va-la-che-recargado\/","og_site_name":"Apuntes de San Luis","article_published_time":"2024-06-21T16:16:00+00:00","article_modified_time":"2024-06-21T17:35:06+00:00","og_image":[{"width":803,"height":457,"url":"https:\/\/apuntesdesanluis.com\/wp-content\/uploads\/2024\/06\/chismes.png","type":"image\/png"}],"author":"apuntesdesanluis.com","twitter_card":"summary_large_image","twitter_misc":{"Escrito por":"apuntesdesanluis.com","Tiempo de lectura":"13 minutos"},"schema":{"@context":"https:\/\/schema.org","@graph":[{"@type":"Article","@id":"https:\/\/apuntesdesanluis.com\/index.php\/2024\/06\/21\/kam-va-la-che-recargado\/#article","isPartOf":{"@id":"https:\/\/apuntesdesanluis.com\/index.php\/2024\/06\/21\/kam-va-la-che-recargado\/"},"author":{"name":"apuntesdesanluis.com","@id":"https:\/\/apuntesdesanluis.com\/#\/schema\/person\/b55151d52296fcce64d1a72538a70b90"},"headline":"KaM-vA-La-ChE (recargado)","datePublished":"2024-06-21T16:16:00+00:00","dateModified":"2024-06-21T17:35:06+00:00","mainEntityOfPage":{"@id":"https:\/\/apuntesdesanluis.com\/index.php\/2024\/06\/21\/kam-va-la-che-recargado\/"},"wordCount":2299,"publisher":{"@id":"https:\/\/apuntesdesanluis.com\/#\/schema\/person\/b55151d52296fcce64d1a72538a70b90"},"image":{"@id":"https:\/\/apuntesdesanluis.com\/index.php\/2024\/06\/21\/kam-va-la-che-recargado\/#primaryimage"},"thumbnailUrl":"https:\/\/apuntesdesanluis.com\/wp-content\/uploads\/2024\/06\/chismes.png","articleSection":["Opini\u00f3n"],"inLanguage":"es-AR"},{"@type":"WebPage","@id":"https:\/\/apuntesdesanluis.com\/index.php\/2024\/06\/21\/kam-va-la-che-recargado\/","url":"https:\/\/apuntesdesanluis.com\/index.php\/2024\/06\/21\/kam-va-la-che-recargado\/","name":"KaM-vA-La-ChE (recargado) - Apuntes de San Luis","isPartOf":{"@id":"https:\/\/apuntesdesanluis.com\/#website"},"primaryImageOfPage":{"@id":"https:\/\/apuntesdesanluis.com\/index.php\/2024\/06\/21\/kam-va-la-che-recargado\/#primaryimage"},"image":{"@id":"https:\/\/apuntesdesanluis.com\/index.php\/2024\/06\/21\/kam-va-la-che-recargado\/#primaryimage"},"thumbnailUrl":"https:\/\/apuntesdesanluis.com\/wp-content\/uploads\/2024\/06\/chismes.png","datePublished":"2024-06-21T16:16:00+00:00","dateModified":"2024-06-21T17:35:06+00:00","breadcrumb":{"@id":"https:\/\/apuntesdesanluis.com\/index.php\/2024\/06\/21\/kam-va-la-che-recargado\/#breadcrumb"},"inLanguage":"es-AR","potentialAction":[{"@type":"ReadAction","target":["https:\/\/apuntesdesanluis.com\/index.php\/2024\/06\/21\/kam-va-la-che-recargado\/"]}]},{"@type":"ImageObject","inLanguage":"es-AR","@id":"https:\/\/apuntesdesanluis.com\/index.php\/2024\/06\/21\/kam-va-la-che-recargado\/#primaryimage","url":"https:\/\/apuntesdesanluis.com\/wp-content\/uploads\/2024\/06\/chismes.png","contentUrl":"https:\/\/apuntesdesanluis.com\/wp-content\/uploads\/2024\/06\/chismes.png","width":803,"height":457},{"@type":"BreadcrumbList","@id":"https:\/\/apuntesdesanluis.com\/index.php\/2024\/06\/21\/kam-va-la-che-recargado\/#breadcrumb","itemListElement":[{"@type":"ListItem","position":1,"name":"Inicio","item":"https:\/\/apuntesdesanluis.com\/"},{"@type":"ListItem","position":2,"name":"KaM-vA-La-ChE (recargado)"}]},{"@type":"WebSite","@id":"https:\/\/apuntesdesanluis.com\/#website","url":"https:\/\/apuntesdesanluis.com\/","name":"Apuntes de San Luis","description":"","publisher":{"@id":"https:\/\/apuntesdesanluis.com\/#\/schema\/person\/b55151d52296fcce64d1a72538a70b90"},"potentialAction":[{"@type":"SearchAction","target":{"@type":"EntryPoint","urlTemplate":"https:\/\/apuntesdesanluis.com\/?s={search_term_string}"},"query-input":{"@type":"PropertyValueSpecification","valueRequired":true,"valueName":"search_term_string"}}],"inLanguage":"es-AR"},{"@type":["Person","Organization"],"@id":"https:\/\/apuntesdesanluis.com\/#\/schema\/person\/b55151d52296fcce64d1a72538a70b90","name":"apuntesdesanluis.com","image":{"@type":"ImageObject","inLanguage":"es-AR","@id":"https:\/\/apuntesdesanluis.com\/#\/schema\/person\/image\/","url":"https:\/\/apuntesdesanluis.com\/wp-content\/uploads\/2023\/07\/cropped-apuntesdesanluis.png","contentUrl":"https:\/\/apuntesdesanluis.com\/wp-content\/uploads\/2023\/07\/cropped-apuntesdesanluis.png","width":450,"height":112,"caption":"apuntesdesanluis.com"},"logo":{"@id":"https:\/\/apuntesdesanluis.com\/#\/schema\/person\/image\/"},"sameAs":["https:\/\/apuntesdesanluis.com"],"url":"https:\/\/apuntesdesanluis.com\/index.php\/author\/apuntesdesanluis-com\/"}]}},"featured_image_urls":{"full":["https:\/\/apuntesdesanluis.com\/wp-content\/uploads\/2024\/06\/chismes.png",803,457,false],"thumbnail":["https:\/\/apuntesdesanluis.com\/wp-content\/uploads\/2024\/06\/chismes-150x150.png",150,150,true],"medium":["https:\/\/apuntesdesanluis.com\/wp-content\/uploads\/2024\/06\/chismes-300x171.png",300,171,true],"medium_large":["https:\/\/apuntesdesanluis.com\/wp-content\/uploads\/2024\/06\/chismes-768x437.png",640,364,true],"large":["https:\/\/apuntesdesanluis.com\/wp-content\/uploads\/2024\/06\/chismes.png",640,364,false],"1536x1536":["https:\/\/apuntesdesanluis.com\/wp-content\/uploads\/2024\/06\/chismes.png",803,457,false],"2048x2048":["https:\/\/apuntesdesanluis.com\/wp-content\/uploads\/2024\/06\/chismes.png",803,457,false],"newsever-slider-full":["https:\/\/apuntesdesanluis.com\/wp-content\/uploads\/2024\/06\/chismes.png",803,457,false],"newsever-featured":["https:\/\/apuntesdesanluis.com\/wp-content\/uploads\/2024\/06\/chismes.png",803,457,false],"newsever-medium":["https:\/\/apuntesdesanluis.com\/wp-content\/uploads\/2024\/06\/chismes-720x457.png",720,457,true]},"author_info":{"display_name":"apuntesdesanluis.com","author_link":"https:\/\/apuntesdesanluis.com\/index.php\/author\/apuntesdesanluis-com\/"},"category_info":"<a href=\"https:\/\/apuntesdesanluis.com\/index.php\/category\/opinion\/\" rel=\"category tag\">Opini\u00f3n<\/a>","tag_info":"Opini\u00f3n","comment_count":"0","_links":{"self":[{"href":"https:\/\/apuntesdesanluis.com\/index.php\/wp-json\/wp\/v2\/posts\/18114","targetHints":{"allow":["GET"]}}],"collection":[{"href":"https:\/\/apuntesdesanluis.com\/index.php\/wp-json\/wp\/v2\/posts"}],"about":[{"href":"https:\/\/apuntesdesanluis.com\/index.php\/wp-json\/wp\/v2\/types\/post"}],"author":[{"embeddable":true,"href":"https:\/\/apuntesdesanluis.com\/index.php\/wp-json\/wp\/v2\/users\/1"}],"replies":[{"embeddable":true,"href":"https:\/\/apuntesdesanluis.com\/index.php\/wp-json\/wp\/v2\/comments?post=18114"}],"version-history":[{"count":12,"href":"https:\/\/apuntesdesanluis.com\/index.php\/wp-json\/wp\/v2\/posts\/18114\/revisions"}],"predecessor-version":[{"id":18138,"href":"https:\/\/apuntesdesanluis.com\/index.php\/wp-json\/wp\/v2\/posts\/18114\/revisions\/18138"}],"wp:featuredmedia":[{"embeddable":true,"href":"https:\/\/apuntesdesanluis.com\/index.php\/wp-json\/wp\/v2\/media\/18127"}],"wp:attachment":[{"href":"https:\/\/apuntesdesanluis.com\/index.php\/wp-json\/wp\/v2\/media?parent=18114"}],"wp:term":[{"taxonomy":"category","embeddable":true,"href":"https:\/\/apuntesdesanluis.com\/index.php\/wp-json\/wp\/v2\/categories?post=18114"},{"taxonomy":"post_tag","embeddable":true,"href":"https:\/\/apuntesdesanluis.com\/index.php\/wp-json\/wp\/v2\/tags?post=18114"}],"curies":[{"name":"wp","href":"https:\/\/api.w.org\/{rel}","templated":true}]}}