{"id":18139,"date":"2024-06-21T14:49:33","date_gmt":"2024-06-21T17:49:33","guid":{"rendered":"https:\/\/apuntesdesanluis.com\/?p=18139"},"modified":"2024-06-21T14:51:41","modified_gmt":"2024-06-21T17:51:41","slug":"precaucion-en-las-rutas-del-sur-por-el-temporal-de-nieve-que-oibligo-a-efectuar-rescates","status":"publish","type":"post","link":"https:\/\/apuntesdesanluis.com\/index.php\/2024\/06\/21\/precaucion-en-las-rutas-del-sur-por-el-temporal-de-nieve-que-oibligo-a-efectuar-rescates\/","title":{"rendered":"PRECAUCI\u00d3N EN LAS RUTAS DEL SUR POR EL TEMPORAL DE NIEVE, QUE OBLIG\u00d3 A EFECTUAR RESCATES"},"content":{"rendered":"<h3>Vialidad Nacional inform\u00f3 el estado de los caminos ante el alerta del SMN por abundante ca\u00edda de nieve. Las principales provincias afectadas por las grandes olas polares son Santa Cruz y Chubut. Varios efectivos realizaron la evacuaci\u00f3n de personas en las rutas.<\/h3>\n<h3>Las principales rutas en el sur de la Argentina est\u00e1n bajo alerta por la abundante ca\u00edda de nieve en las pr\u00f3ximas horas y, aunque la mayor\u00eda de los caminos permanecen abiertos, las autoridades piden precauci\u00f3n.<\/h3>\n<h3>N\u00e9stor Castillo, superintendente de seguridad de Neuqu\u00e9n, confirm\u00f3 en Neuqu\u00e9n 7 que el Gobierno autoriz\u00f3 la apertura de las rutas 40 y 237, pero manifest\u00f3 la necesidad de conducir con \u201cmucha precauci\u00f3n\u201d ante la presencia de nieve y hielo sobre la calzada.<\/h3>\n<h3>Con respecto a la situaci\u00f3n en R\u00edo Negro, las autoridades detallaron que la ruta 23 y 40, entre Bariloche y el Bols\u00f3n, est\u00e1n transitables pero tambi\u00e9n refuerzan la necesidad de manejar con cuidado por acumulaci\u00f3n de nieve y calzada resbaladiza.<\/h3>\n<h3>&#8220;Hoy la previsi\u00f3n meteorol\u00f3gica es un poco mejor, pero durante la ma\u00f1ana nos va a acompa\u00f1ar el hielo, con lo cual la circulaci\u00f3n seguir\u00e1n siendo de alt\u00edsima precauci\u00f3n&#8221;, solicit\u00f3 la secretaria de emergencias y Gesti\u00f3n de Riesgo, Luciana Ortiz Luna.<\/h3>\n<p><img fetchpriority=\"high\" decoding=\"async\" class=\"wp-image-18141 aligncenter\" src=\"https:\/\/apuntesdesanluis.com\/wp-content\/uploads\/2024\/06\/nieve-300x183.png\" alt=\"\" width=\"630\" height=\"384\" srcset=\"https:\/\/apuntesdesanluis.com\/wp-content\/uploads\/2024\/06\/nieve-300x183.png 300w, https:\/\/apuntesdesanluis.com\/wp-content\/uploads\/2024\/06\/nieve.png 652w\" sizes=\"(max-width: 630px) 100vw, 630px\" \/><\/p>\n<h3>El panorama no es similar en Chubut, donde se inform\u00f3 que en la Ruta 3, entre Trelew y Comodoro Rivadavia, est\u00e1 cerrada, mientras que en Ruta 25 hay corte total en la mayor\u00eda de los empalmes.<\/h3>\n<h3>RESCATES Y EVACUACIONES<\/h3>\n<h3>Chubut y Santa Cruz est\u00e1n siendo afectadas por las grandes nevadas, principalmente, en las zonas de las rutas en donde los gendarmes debieron intervenir y evacuar a las personas que quedaron atrapadas all\u00ed.<\/h3>\n<h3>En Santa Cruz el tr\u00e1nsito se encuentra restringido en la RN 288, entre Estancia La Julia, Laguna Grande y Tres Lagos. La Secci\u00f3n de Aviaci\u00f3n de Ej\u00e9rcito 11 de la Brigada Mecanizada XI complet\u00f3 la evacuaci\u00f3n de 16 operarios aislados en la represa.<\/h3>\n<p><img decoding=\"async\" class=\"wp-image-18142 aligncenter\" src=\"https:\/\/apuntesdesanluis.com\/wp-content\/uploads\/2024\/06\/rescates-300x187.png\" alt=\"\" width=\"647\" height=\"403\" srcset=\"https:\/\/apuntesdesanluis.com\/wp-content\/uploads\/2024\/06\/rescates-300x187.png 300w, https:\/\/apuntesdesanluis.com\/wp-content\/uploads\/2024\/06\/rescates.png 709w\" sizes=\"(max-width: 647px) 100vw, 647px\" \/><\/p>\n<h3>Por otro lado, en Chubut, el gobierno provincial anunci\u00f3 que se rescataron hasta el momento a m\u00e1s de 100 personas y asisti\u00f3 a 50 veh\u00edculos que quedaron varados por el temporal.<\/h3>\n<h3>Ambas provincias se preocupan por el sector agr\u00f3nomo ya que es lo que les atrae las ganancias. Ante este gran temporal, las medidas laborales cayeron abruptamente.<\/h3>\n<h3><\/h3>\n<h3><\/h3>\n<p>&nbsp;<\/p>\n","protected":false},"excerpt":{"rendered":"<p>Vialidad Nacional inform\u00f3 el estado de los caminos ante el alerta del SMN por abundante&#8230;<\/p>\n","protected":false},"author":1,"featured_media":18140,"comment_status":"closed","ping_status":"closed","sticky":false,"template":"","format":"standard","meta":{"footnotes":""},"categories":[5],"tags":[],"class_list":["post-18139","post","type-post","status-publish","format-standard","has-post-thumbnail","hentry","category-nacionales-internacionales"],"yoast_head":"<!-- This site is optimized with the Yoast SEO plugin v26.1.1 - https:\/\/yoast.com\/wordpress\/plugins\/seo\/ -->\n<title>PRECAUCI\u00d3N EN LAS RUTAS DEL SUR POR EL TEMPORAL DE NIEVE, QUE OBLIG\u00d3 A EFECTUAR RESCATES - Apuntes de San Luis<\/title>\n<meta name=\"robots\" content=\"index, follow, max-snippet:-1, max-image-preview:large, max-video-preview:-1\" \/>\n<link rel=\"canonical\" href=\"https:\/\/apuntesdesanluis.com\/index.php\/2024\/06\/21\/precaucion-en-las-rutas-del-sur-por-el-temporal-de-nieve-que-oibligo-a-efectuar-rescates\/\" \/>\n<meta property=\"og:locale\" content=\"es_ES\" \/>\n<meta property=\"og:type\" content=\"article\" \/>\n<meta property=\"og:title\" content=\"PRECAUCI\u00d3N EN LAS RUTAS DEL SUR POR EL TEMPORAL DE NIEVE, QUE OBLIG\u00d3 A EFECTUAR RESCATES - Apuntes de San Luis\" \/>\n<meta property=\"og:description\" content=\"Vialidad Nacional inform\u00f3 el estado de los caminos ante el alerta del SMN por abundante...\" \/>\n<meta property=\"og:url\" content=\"https:\/\/apuntesdesanluis.com\/index.php\/2024\/06\/21\/precaucion-en-las-rutas-del-sur-por-el-temporal-de-nieve-que-oibligo-a-efectuar-rescates\/\" \/>\n<meta property=\"og:site_name\" content=\"Apuntes de San Luis\" \/>\n<meta property=\"article:published_time\" content=\"2024-06-21T17:49:33+00:00\" \/>\n<meta property=\"article:modified_time\" content=\"2024-06-21T17:51:41+00:00\" \/>\n<meta property=\"og:image\" content=\"https:\/\/apuntesdesanluis.com\/wp-content\/uploads\/2024\/06\/evacuaciones.png\" \/>\n\t<meta property=\"og:image:width\" content=\"700\" \/>\n\t<meta property=\"og:image:height\" content=\"411\" \/>\n\t<meta property=\"og:image:type\" content=\"image\/png\" \/>\n<meta name=\"author\" content=\"apuntesdesanluis.com\" \/>\n<meta name=\"twitter:card\" content=\"summary_large_image\" \/>\n<meta name=\"twitter:label1\" content=\"Escrito por\" \/>\n\t<meta name=\"twitter:data1\" content=\"apuntesdesanluis.com\" \/>\n\t<meta name=\"twitter:label2\" content=\"Tiempo de lectura\" \/>\n\t<meta name=\"twitter:data2\" content=\"3 minutos\" \/>\n<script type=\"application\/ld+json\" class=\"yoast-schema-graph\">{\"@context\":\"https:\/\/schema.org\",\"@graph\":[{\"@type\":\"Article\",\"@id\":\"https:\/\/apuntesdesanluis.com\/index.php\/2024\/06\/21\/precaucion-en-las-rutas-del-sur-por-el-temporal-de-nieve-que-oibligo-a-efectuar-rescates\/#article\",\"isPartOf\":{\"@id\":\"https:\/\/apuntesdesanluis.com\/index.php\/2024\/06\/21\/precaucion-en-las-rutas-del-sur-por-el-temporal-de-nieve-que-oibligo-a-efectuar-rescates\/\"},\"author\":{\"name\":\"apuntesdesanluis.com\",\"@id\":\"https:\/\/apuntesdesanluis.com\/#\/schema\/person\/b55151d52296fcce64d1a72538a70b90\"},\"headline\":\"PRECAUCI\u00d3N EN LAS RUTAS DEL SUR POR EL TEMPORAL DE NIEVE, QUE OBLIG\u00d3 A EFECTUAR RESCATES\",\"datePublished\":\"2024-06-21T17:49:33+00:00\",\"dateModified\":\"2024-06-21T17:51:41+00:00\",\"mainEntityOfPage\":{\"@id\":\"https:\/\/apuntesdesanluis.com\/index.php\/2024\/06\/21\/precaucion-en-las-rutas-del-sur-por-el-temporal-de-nieve-que-oibligo-a-efectuar-rescates\/\"},\"wordCount\":413,\"publisher\":{\"@id\":\"https:\/\/apuntesdesanluis.com\/#\/schema\/person\/b55151d52296fcce64d1a72538a70b90\"},\"image\":{\"@id\":\"https:\/\/apuntesdesanluis.com\/index.php\/2024\/06\/21\/precaucion-en-las-rutas-del-sur-por-el-temporal-de-nieve-que-oibligo-a-efectuar-rescates\/#primaryimage\"},\"thumbnailUrl\":\"https:\/\/apuntesdesanluis.com\/wp-content\/uploads\/2024\/06\/evacuaciones.png\",\"articleSection\":[\"Nacionales\/Internacionales\"],\"inLanguage\":\"es-AR\"},{\"@type\":\"WebPage\",\"@id\":\"https:\/\/apuntesdesanluis.com\/index.php\/2024\/06\/21\/precaucion-en-las-rutas-del-sur-por-el-temporal-de-nieve-que-oibligo-a-efectuar-rescates\/\",\"url\":\"https:\/\/apuntesdesanluis.com\/index.php\/2024\/06\/21\/precaucion-en-las-rutas-del-sur-por-el-temporal-de-nieve-que-oibligo-a-efectuar-rescates\/\",\"name\":\"PRECAUCI\u00d3N EN LAS RUTAS DEL SUR POR EL TEMPORAL DE NIEVE, QUE OBLIG\u00d3 A EFECTUAR RESCATES - Apuntes de San Luis\",\"isPartOf\":{\"@id\":\"https:\/\/apuntesdesanluis.com\/#website\"},\"primaryImageOfPage\":{\"@id\":\"https:\/\/apuntesdesanluis.com\/index.php\/2024\/06\/21\/precaucion-en-las-rutas-del-sur-por-el-temporal-de-nieve-que-oibligo-a-efectuar-rescates\/#primaryimage\"},\"image\":{\"@id\":\"https:\/\/apuntesdesanluis.com\/index.php\/2024\/06\/21\/precaucion-en-las-rutas-del-sur-por-el-temporal-de-nieve-que-oibligo-a-efectuar-rescates\/#primaryimage\"},\"thumbnailUrl\":\"https:\/\/apuntesdesanluis.com\/wp-content\/uploads\/2024\/06\/evacuaciones.png\",\"datePublished\":\"2024-06-21T17:49:33+00:00\",\"dateModified\":\"2024-06-21T17:51:41+00:00\",\"breadcrumb\":{\"@id\":\"https:\/\/apuntesdesanluis.com\/index.php\/2024\/06\/21\/precaucion-en-las-rutas-del-sur-por-el-temporal-de-nieve-que-oibligo-a-efectuar-rescates\/#breadcrumb\"},\"inLanguage\":\"es-AR\",\"potentialAction\":[{\"@type\":\"ReadAction\",\"target\":[\"https:\/\/apuntesdesanluis.com\/index.php\/2024\/06\/21\/precaucion-en-las-rutas-del-sur-por-el-temporal-de-nieve-que-oibligo-a-efectuar-rescates\/\"]}]},{\"@type\":\"ImageObject\",\"inLanguage\":\"es-AR\",\"@id\":\"https:\/\/apuntesdesanluis.com\/index.php\/2024\/06\/21\/precaucion-en-las-rutas-del-sur-por-el-temporal-de-nieve-que-oibligo-a-efectuar-rescates\/#primaryimage\",\"url\":\"https:\/\/apuntesdesanluis.com\/wp-content\/uploads\/2024\/06\/evacuaciones.png\",\"contentUrl\":\"https:\/\/apuntesdesanluis.com\/wp-content\/uploads\/2024\/06\/evacuaciones.png\",\"width\":700,\"height\":411},{\"@type\":\"BreadcrumbList\",\"@id\":\"https:\/\/apuntesdesanluis.com\/index.php\/2024\/06\/21\/precaucion-en-las-rutas-del-sur-por-el-temporal-de-nieve-que-oibligo-a-efectuar-rescates\/#breadcrumb\",\"itemListElement\":[{\"@type\":\"ListItem\",\"position\":1,\"name\":\"Inicio\",\"item\":\"https:\/\/apuntesdesanluis.com\/\"},{\"@type\":\"ListItem\",\"position\":2,\"name\":\"PRECAUCI\u00d3N EN LAS RUTAS DEL SUR POR EL TEMPORAL DE NIEVE, QUE OBLIG\u00d3 A EFECTUAR RESCATES\"}]},{\"@type\":\"WebSite\",\"@id\":\"https:\/\/apuntesdesanluis.com\/#website\",\"url\":\"https:\/\/apuntesdesanluis.com\/\",\"name\":\"Apuntes de San Luis\",\"description\":\"\",\"publisher\":{\"@id\":\"https:\/\/apuntesdesanluis.com\/#\/schema\/person\/b55151d52296fcce64d1a72538a70b90\"},\"potentialAction\":[{\"@type\":\"SearchAction\",\"target\":{\"@type\":\"EntryPoint\",\"urlTemplate\":\"https:\/\/apuntesdesanluis.com\/?s={search_term_string}\"},\"query-input\":{\"@type\":\"PropertyValueSpecification\",\"valueRequired\":true,\"valueName\":\"search_term_string\"}}],\"inLanguage\":\"es-AR\"},{\"@type\":[\"Person\",\"Organization\"],\"@id\":\"https:\/\/apuntesdesanluis.com\/#\/schema\/person\/b55151d52296fcce64d1a72538a70b90\",\"name\":\"apuntesdesanluis.com\",\"image\":{\"@type\":\"ImageObject\",\"inLanguage\":\"es-AR\",\"@id\":\"https:\/\/apuntesdesanluis.com\/#\/schema\/person\/image\/\",\"url\":\"https:\/\/apuntesdesanluis.com\/wp-content\/uploads\/2023\/07\/cropped-apuntesdesanluis.png\",\"contentUrl\":\"https:\/\/apuntesdesanluis.com\/wp-content\/uploads\/2023\/07\/cropped-apuntesdesanluis.png\",\"width\":450,\"height\":112,\"caption\":\"apuntesdesanluis.com\"},\"logo\":{\"@id\":\"https:\/\/apuntesdesanluis.com\/#\/schema\/person\/image\/\"},\"sameAs\":[\"https:\/\/apuntesdesanluis.com\"],\"url\":\"https:\/\/apuntesdesanluis.com\/index.php\/author\/apuntesdesanluis-com\/\"}]}<\/script>\n<!-- \/ Yoast SEO plugin. -->","yoast_head_json":{"title":"PRECAUCI\u00d3N EN LAS RUTAS DEL SUR POR EL TEMPORAL DE NIEVE, QUE OBLIG\u00d3 A EFECTUAR RESCATES - Apuntes de San Luis","robots":{"index":"index","follow":"follow","max-snippet":"max-snippet:-1","max-image-preview":"max-image-preview:large","max-video-preview":"max-video-preview:-1"},"canonical":"https:\/\/apuntesdesanluis.com\/index.php\/2024\/06\/21\/precaucion-en-las-rutas-del-sur-por-el-temporal-de-nieve-que-oibligo-a-efectuar-rescates\/","og_locale":"es_ES","og_type":"article","og_title":"PRECAUCI\u00d3N EN LAS RUTAS DEL SUR POR EL TEMPORAL DE NIEVE, QUE OBLIG\u00d3 A EFECTUAR RESCATES - Apuntes de San Luis","og_description":"Vialidad Nacional inform\u00f3 el estado de los caminos ante el alerta del SMN por abundante...","og_url":"https:\/\/apuntesdesanluis.com\/index.php\/2024\/06\/21\/precaucion-en-las-rutas-del-sur-por-el-temporal-de-nieve-que-oibligo-a-efectuar-rescates\/","og_site_name":"Apuntes de San Luis","article_published_time":"2024-06-21T17:49:33+00:00","article_modified_time":"2024-06-21T17:51:41+00:00","og_image":[{"width":700,"height":411,"url":"https:\/\/apuntesdesanluis.com\/wp-content\/uploads\/2024\/06\/evacuaciones.png","type":"image\/png"}],"author":"apuntesdesanluis.com","twitter_card":"summary_large_image","twitter_misc":{"Escrito por":"apuntesdesanluis.com","Tiempo de lectura":"3 minutos"},"schema":{"@context":"https:\/\/schema.org","@graph":[{"@type":"Article","@id":"https:\/\/apuntesdesanluis.com\/index.php\/2024\/06\/21\/precaucion-en-las-rutas-del-sur-por-el-temporal-de-nieve-que-oibligo-a-efectuar-rescates\/#article","isPartOf":{"@id":"https:\/\/apuntesdesanluis.com\/index.php\/2024\/06\/21\/precaucion-en-las-rutas-del-sur-por-el-temporal-de-nieve-que-oibligo-a-efectuar-rescates\/"},"author":{"name":"apuntesdesanluis.com","@id":"https:\/\/apuntesdesanluis.com\/#\/schema\/person\/b55151d52296fcce64d1a72538a70b90"},"headline":"PRECAUCI\u00d3N EN LAS RUTAS DEL SUR POR EL TEMPORAL DE NIEVE, QUE OBLIG\u00d3 A EFECTUAR RESCATES","datePublished":"2024-06-21T17:49:33+00:00","dateModified":"2024-06-21T17:51:41+00:00","mainEntityOfPage":{"@id":"https:\/\/apuntesdesanluis.com\/index.php\/2024\/06\/21\/precaucion-en-las-rutas-del-sur-por-el-temporal-de-nieve-que-oibligo-a-efectuar-rescates\/"},"wordCount":413,"publisher":{"@id":"https:\/\/apuntesdesanluis.com\/#\/schema\/person\/b55151d52296fcce64d1a72538a70b90"},"image":{"@id":"https:\/\/apuntesdesanluis.com\/index.php\/2024\/06\/21\/precaucion-en-las-rutas-del-sur-por-el-temporal-de-nieve-que-oibligo-a-efectuar-rescates\/#primaryimage"},"thumbnailUrl":"https:\/\/apuntesdesanluis.com\/wp-content\/uploads\/2024\/06\/evacuaciones.png","articleSection":["Nacionales\/Internacionales"],"inLanguage":"es-AR"},{"@type":"WebPage","@id":"https:\/\/apuntesdesanluis.com\/index.php\/2024\/06\/21\/precaucion-en-las-rutas-del-sur-por-el-temporal-de-nieve-que-oibligo-a-efectuar-rescates\/","url":"https:\/\/apuntesdesanluis.com\/index.php\/2024\/06\/21\/precaucion-en-las-rutas-del-sur-por-el-temporal-de-nieve-que-oibligo-a-efectuar-rescates\/","name":"PRECAUCI\u00d3N EN LAS RUTAS DEL SUR POR EL TEMPORAL DE NIEVE, QUE OBLIG\u00d3 A EFECTUAR RESCATES - Apuntes de San Luis","isPartOf":{"@id":"https:\/\/apuntesdesanluis.com\/#website"},"primaryImageOfPage":{"@id":"https:\/\/apuntesdesanluis.com\/index.php\/2024\/06\/21\/precaucion-en-las-rutas-del-sur-por-el-temporal-de-nieve-que-oibligo-a-efectuar-rescates\/#primaryimage"},"image":{"@id":"https:\/\/apuntesdesanluis.com\/index.php\/2024\/06\/21\/precaucion-en-las-rutas-del-sur-por-el-temporal-de-nieve-que-oibligo-a-efectuar-rescates\/#primaryimage"},"thumbnailUrl":"https:\/\/apuntesdesanluis.com\/wp-content\/uploads\/2024\/06\/evacuaciones.png","datePublished":"2024-06-21T17:49:33+00:00","dateModified":"2024-06-21T17:51:41+00:00","breadcrumb":{"@id":"https:\/\/apuntesdesanluis.com\/index.php\/2024\/06\/21\/precaucion-en-las-rutas-del-sur-por-el-temporal-de-nieve-que-oibligo-a-efectuar-rescates\/#breadcrumb"},"inLanguage":"es-AR","potentialAction":[{"@type":"ReadAction","target":["https:\/\/apuntesdesanluis.com\/index.php\/2024\/06\/21\/precaucion-en-las-rutas-del-sur-por-el-temporal-de-nieve-que-oibligo-a-efectuar-rescates\/"]}]},{"@type":"ImageObject","inLanguage":"es-AR","@id":"https:\/\/apuntesdesanluis.com\/index.php\/2024\/06\/21\/precaucion-en-las-rutas-del-sur-por-el-temporal-de-nieve-que-oibligo-a-efectuar-rescates\/#primaryimage","url":"https:\/\/apuntesdesanluis.com\/wp-content\/uploads\/2024\/06\/evacuaciones.png","contentUrl":"https:\/\/apuntesdesanluis.com\/wp-content\/uploads\/2024\/06\/evacuaciones.png","width":700,"height":411},{"@type":"BreadcrumbList","@id":"https:\/\/apuntesdesanluis.com\/index.php\/2024\/06\/21\/precaucion-en-las-rutas-del-sur-por-el-temporal-de-nieve-que-oibligo-a-efectuar-rescates\/#breadcrumb","itemListElement":[{"@type":"ListItem","position":1,"name":"Inicio","item":"https:\/\/apuntesdesanluis.com\/"},{"@type":"ListItem","position":2,"name":"PRECAUCI\u00d3N EN LAS RUTAS DEL SUR POR EL TEMPORAL DE NIEVE, QUE OBLIG\u00d3 A EFECTUAR RESCATES"}]},{"@type":"WebSite","@id":"https:\/\/apuntesdesanluis.com\/#website","url":"https:\/\/apuntesdesanluis.com\/","name":"Apuntes de San Luis","description":"","publisher":{"@id":"https:\/\/apuntesdesanluis.com\/#\/schema\/person\/b55151d52296fcce64d1a72538a70b90"},"potentialAction":[{"@type":"SearchAction","target":{"@type":"EntryPoint","urlTemplate":"https:\/\/apuntesdesanluis.com\/?s={search_term_string}"},"query-input":{"@type":"PropertyValueSpecification","valueRequired":true,"valueName":"search_term_string"}}],"inLanguage":"es-AR"},{"@type":["Person","Organization"],"@id":"https:\/\/apuntesdesanluis.com\/#\/schema\/person\/b55151d52296fcce64d1a72538a70b90","name":"apuntesdesanluis.com","image":{"@type":"ImageObject","inLanguage":"es-AR","@id":"https:\/\/apuntesdesanluis.com\/#\/schema\/person\/image\/","url":"https:\/\/apuntesdesanluis.com\/wp-content\/uploads\/2023\/07\/cropped-apuntesdesanluis.png","contentUrl":"https:\/\/apuntesdesanluis.com\/wp-content\/uploads\/2023\/07\/cropped-apuntesdesanluis.png","width":450,"height":112,"caption":"apuntesdesanluis.com"},"logo":{"@id":"https:\/\/apuntesdesanluis.com\/#\/schema\/person\/image\/"},"sameAs":["https:\/\/apuntesdesanluis.com"],"url":"https:\/\/apuntesdesanluis.com\/index.php\/author\/apuntesdesanluis-com\/"}]}},"featured_image_urls":{"full":["https:\/\/apuntesdesanluis.com\/wp-content\/uploads\/2024\/06\/evacuaciones.png",700,411,false],"thumbnail":["https:\/\/apuntesdesanluis.com\/wp-content\/uploads\/2024\/06\/evacuaciones-150x150.png",150,150,true],"medium":["https:\/\/apuntesdesanluis.com\/wp-content\/uploads\/2024\/06\/evacuaciones-300x176.png",300,176,true],"medium_large":["https:\/\/apuntesdesanluis.com\/wp-content\/uploads\/2024\/06\/evacuaciones.png",640,376,false],"large":["https:\/\/apuntesdesanluis.com\/wp-content\/uploads\/2024\/06\/evacuaciones.png",640,376,false],"1536x1536":["https:\/\/apuntesdesanluis.com\/wp-content\/uploads\/2024\/06\/evacuaciones.png",700,411,false],"2048x2048":["https:\/\/apuntesdesanluis.com\/wp-content\/uploads\/2024\/06\/evacuaciones.png",700,411,false],"newsever-slider-full":["https:\/\/apuntesdesanluis.com\/wp-content\/uploads\/2024\/06\/evacuaciones.png",700,411,false],"newsever-featured":["https:\/\/apuntesdesanluis.com\/wp-content\/uploads\/2024\/06\/evacuaciones.png",700,411,false],"newsever-medium":["https:\/\/apuntesdesanluis.com\/wp-content\/uploads\/2024\/06\/evacuaciones.png",700,411,false]},"author_info":{"display_name":"apuntesdesanluis.com","author_link":"https:\/\/apuntesdesanluis.com\/index.php\/author\/apuntesdesanluis-com\/"},"category_info":"<a href=\"https:\/\/apuntesdesanluis.com\/index.php\/category\/nacionales-internacionales\/\" rel=\"category tag\">Nacionales\/Internacionales<\/a>","tag_info":"Nacionales\/Internacionales","comment_count":"0","_links":{"self":[{"href":"https:\/\/apuntesdesanluis.com\/index.php\/wp-json\/wp\/v2\/posts\/18139","targetHints":{"allow":["GET"]}}],"collection":[{"href":"https:\/\/apuntesdesanluis.com\/index.php\/wp-json\/wp\/v2\/posts"}],"about":[{"href":"https:\/\/apuntesdesanluis.com\/index.php\/wp-json\/wp\/v2\/types\/post"}],"author":[{"embeddable":true,"href":"https:\/\/apuntesdesanluis.com\/index.php\/wp-json\/wp\/v2\/users\/1"}],"replies":[{"embeddable":true,"href":"https:\/\/apuntesdesanluis.com\/index.php\/wp-json\/wp\/v2\/comments?post=18139"}],"version-history":[{"count":2,"href":"https:\/\/apuntesdesanluis.com\/index.php\/wp-json\/wp\/v2\/posts\/18139\/revisions"}],"predecessor-version":[{"id":18144,"href":"https:\/\/apuntesdesanluis.com\/index.php\/wp-json\/wp\/v2\/posts\/18139\/revisions\/18144"}],"wp:featuredmedia":[{"embeddable":true,"href":"https:\/\/apuntesdesanluis.com\/index.php\/wp-json\/wp\/v2\/media\/18140"}],"wp:attachment":[{"href":"https:\/\/apuntesdesanluis.com\/index.php\/wp-json\/wp\/v2\/media?parent=18139"}],"wp:term":[{"taxonomy":"category","embeddable":true,"href":"https:\/\/apuntesdesanluis.com\/index.php\/wp-json\/wp\/v2\/categories?post=18139"},{"taxonomy":"post_tag","embeddable":true,"href":"https:\/\/apuntesdesanluis.com\/index.php\/wp-json\/wp\/v2\/tags?post=18139"}],"curies":[{"name":"wp","href":"https:\/\/api.w.org\/{rel}","templated":true}]}}