{"id":18145,"date":"2024-06-21T14:54:45","date_gmt":"2024-06-21T17:54:45","guid":{"rendered":"https:\/\/apuntesdesanluis.com\/?p=18145"},"modified":"2024-06-21T14:54:45","modified_gmt":"2024-06-21T17:54:45","slug":"milei-en-europa-llego-a-espana-se-reunio-con-diaz-ayuso-y-fue-premiado","status":"publish","type":"post","link":"https:\/\/apuntesdesanluis.com\/index.php\/2024\/06\/21\/milei-en-europa-llego-a-espana-se-reunio-con-diaz-ayuso-y-fue-premiado\/","title":{"rendered":"MILEI EN EUROPA: LLEG\u00d3 A ESPA\u00d1A, SE REUNI\u00d3 CON D\u00cdAZ AYUSO Y FUE PREMIADO"},"content":{"rendered":"<h3>El presidente <strong>Javier Milei<\/strong> ya se encuentra en Madrid para emprender la segunda etapa de su gira internacional. En esta oportunidad, en la que es su novena salida del pa\u00eds en seis meses de gesti\u00f3n, atender\u00e1 compromisos en Espa\u00f1a, Alemania y Rep\u00fablica Checa.<\/h3>\n<h3>El mandatario se reuni\u00f3 con la presidenta de la Comunidad, <strong>Isabel D\u00edaz Ayuso<\/strong>, quien lo condecor\u00f3 con la Medalla Internacional de la Comunidad madrile\u00f1a, como primera actividad, y m\u00e1s tarde ser\u00e1 premiado por el Instituto Juan de Mariana en el marco de la Cena de la Libertad en el Casino de Madrid, durante la Semana de la Libertad.<\/h3>\n<p><img fetchpriority=\"high\" decoding=\"async\" class=\"wp-image-18147 aligncenter\" src=\"https:\/\/apuntesdesanluis.com\/wp-content\/uploads\/2024\/06\/milei-coin-ayuso-300x203.png\" alt=\"\" width=\"677\" height=\"458\" srcset=\"https:\/\/apuntesdesanluis.com\/wp-content\/uploads\/2024\/06\/milei-coin-ayuso-300x203.png 300w, https:\/\/apuntesdesanluis.com\/wp-content\/uploads\/2024\/06\/milei-coin-ayuso.png 528w\" sizes=\"(max-width: 677px) 100vw, 677px\" \/><\/p>\n<h3>Est\u00e1 previsto que brinde un discurso de 30 minutos junto al profesor Jes\u00fas Huerta de Soto, y a otros referentes del \u00e1mbito acad\u00e9mico.<\/h3>\n<h3>Seg\u00fan supo la agencia Noticias Argentinas, el mandatario tuvo intenciones de reunirse con el Rey Felipe VI, pero la Casa Real rechaz\u00f3 la solicitud ya que los asuntos de pol\u00edtica exterior deben pasar por la aprobaci\u00f3n del gobierno de Pedro S\u00e1nchez, con quien mantiene una escalada de conflicto.<\/h3>\n<h3>Cuando lleg\u00f3 la solicitud de Milei, S\u00e1nchez hab\u00eda anunciado el retiro de la embajada de Espa\u00f1a en Buenos Aires, luego de las declaraciones desafortunadas del jefe de Estado durante un encuentro con el partido Vox contra su esposa, Bego\u00f1a G\u00f3mez, a la que acus\u00f3 de \u201ccorrupta\u201d.<\/h3>\n<h3>En las \u00faltimas horas, desde el gobierno espa\u00f1ol plantearon que la visita del fundador de La Libertad Avanza a Espa\u00f1a ser\u00e1 de \u201ccar\u00e1cter privado\u201d, ya que desde la Argentina no hubo comunicaci\u00f3n con la administraci\u00f3n espa\u00f1ola sobre la agenda.<\/h3>\n<h3>El jefe de Estado parti\u00f3 ayer a las 19.33 del Aeroparque Jorge Newbery, luego de haber encabezado el acto por el D\u00eda de la Bandera en Rosario y recibir a cuatro gobernadores del Partido Justicialista y del radicalismo.<\/h3>\n<h3>Tras una escala t\u00e9cnica en la isla Gran Canaria, el avi\u00f3n presidencial ARG 01 despeg\u00f3 rumbo a Madrid a las 11.13 (hora local), para tocar pista a las 14.35 (hora local, las 9.35 de nuestro pa\u00eds), en la base a\u00e9rea militar de Torrej\u00f3n de Ardoz, ubicada a 22 kil\u00f3metros del centro de Madrid y muy cerca del Aeropuerto Internacional de Barajas.<\/h3>\n<h3>Si bien, antes de dejar el pa\u00eds ten\u00eda previsto reunirse con el -a\u00fan- asesor Federico Sturzenegger para preparar su desembarco en el Gabinete, debi\u00f3 reprogramar el encuentro por un malestar de salud. En el viaje de vuelta desde Rosario, el Presidente se descompuso a ra\u00edz de la ingesta de dos medialunas que comi\u00f3 en la ciudad santafesina.<\/h3>\n<h3>EL PASO POR ALEMANIA<\/h3>\n<h3>El s\u00e1bado tiene previsto visitar la ciudad alemana de Hamburgo donde ser\u00e1 galardonado con la medalla Hayek, que se otorga en referencia al Nobel de econom\u00eda Frederic von Hayek, y tambi\u00e9n disertar\u00e1 durante 50 minutos.<\/h3>\n<h3>Berl\u00edn ser\u00e1 la segunda parada en el itinerario alem\u00e1n del mandatario. All\u00ed se esperaba una reuni\u00f3n bilateral con el canciller de la Rep\u00fablica Federal de Alemania, Olaf Scholz, pero en su lugar habr\u00e1 una \u201ccorta visita de trabajo\u201d entre ambas delegaciones, seg\u00fan\u00a0 la portavoz del Ejecutivo alem\u00e1n, Christiane Hoffmann.<\/h3>\n<h3>La funcionaria de Scholz revel\u00f3 que inicialmente estaba programado un recibimiento con honores militares en la Canciller\u00eda, una bilateral y una posterior rueda de prensa, que ahora no se concretar\u00e1.<\/h3>\n<h3>EL CIERRE EN REP\u00daBLICA CHECA<\/h3>\n<h3>Finalmente, el lunes 24 de junio el jefe de Estado viajar\u00e1 a Rep\u00fablica Checa para entrevistarse el Primer Ministro, Petr Fiala, (10.30) y reunirse con empresarios en Praga.<\/h3>\n<h3>En horas del mediod\u00eda, recibir\u00e1 el Premio del Instituto Liberal, en una ceremonia que tendr\u00e1 lugar el Palacio Zofin de la capital checa, por su contribuci\u00f3n al desarrollo del pensamiento liberal.<\/h3>\n<h3>Como \u00faltima actividad de la gira, visitar\u00e1 en privado al Presidente de la Rep\u00fablica Checa, Petr Pavel, en la previa a la vuelta al pa\u00eds.<\/h3>\n<p>&nbsp;<\/p>\n<p>&nbsp;<\/p>\n<p>&nbsp;<\/p>\n<p>&nbsp;<\/p>\n<p>&nbsp;<\/p>\n","protected":false},"excerpt":{"rendered":"<p>El presidente Javier Milei ya se encuentra en Madrid para emprender la segunda etapa de&#8230;<\/p>\n","protected":false},"author":1,"featured_media":18146,"comment_status":"closed","ping_status":"closed","sticky":false,"template":"","format":"standard","meta":{"footnotes":""},"categories":[5],"tags":[],"class_list":["post-18145","post","type-post","status-publish","format-standard","has-post-thumbnail","hentry","category-nacionales-internacionales"],"yoast_head":"<!-- This site is optimized with the Yoast SEO plugin v26.1.1 - https:\/\/yoast.com\/wordpress\/plugins\/seo\/ -->\n<title>MILEI EN EUROPA: LLEG\u00d3 A ESPA\u00d1A, SE REUNI\u00d3 CON D\u00cdAZ AYUSO Y FUE PREMIADO - Apuntes de San Luis<\/title>\n<meta name=\"robots\" content=\"index, follow, max-snippet:-1, max-image-preview:large, max-video-preview:-1\" \/>\n<link rel=\"canonical\" href=\"https:\/\/apuntesdesanluis.com\/index.php\/2024\/06\/21\/milei-en-europa-llego-a-espana-se-reunio-con-diaz-ayuso-y-fue-premiado\/\" \/>\n<meta property=\"og:locale\" content=\"es_ES\" \/>\n<meta property=\"og:type\" content=\"article\" \/>\n<meta property=\"og:title\" content=\"MILEI EN EUROPA: LLEG\u00d3 A ESPA\u00d1A, SE REUNI\u00d3 CON D\u00cdAZ AYUSO Y FUE PREMIADO - Apuntes de San Luis\" \/>\n<meta property=\"og:description\" content=\"El presidente Javier Milei ya se encuentra en Madrid para emprender la segunda etapa de...\" \/>\n<meta property=\"og:url\" content=\"https:\/\/apuntesdesanluis.com\/index.php\/2024\/06\/21\/milei-en-europa-llego-a-espana-se-reunio-con-diaz-ayuso-y-fue-premiado\/\" \/>\n<meta property=\"og:site_name\" content=\"Apuntes de San Luis\" \/>\n<meta property=\"article:published_time\" content=\"2024-06-21T17:54:45+00:00\" \/>\n<meta property=\"og:image\" content=\"https:\/\/apuntesdesanluis.com\/wp-content\/uploads\/2024\/06\/milei-en-avion.webp\" \/>\n\t<meta property=\"og:image:width\" content=\"1200\" \/>\n\t<meta property=\"og:image:height\" content=\"600\" \/>\n\t<meta property=\"og:image:type\" content=\"image\/webp\" \/>\n<meta name=\"author\" content=\"apuntesdesanluis.com\" \/>\n<meta name=\"twitter:card\" content=\"summary_large_image\" \/>\n<meta name=\"twitter:label1\" content=\"Escrito por\" \/>\n\t<meta name=\"twitter:data1\" content=\"apuntesdesanluis.com\" \/>\n\t<meta name=\"twitter:label2\" content=\"Tiempo de lectura\" \/>\n\t<meta name=\"twitter:data2\" content=\"4 minutos\" \/>\n<script type=\"application\/ld+json\" class=\"yoast-schema-graph\">{\"@context\":\"https:\/\/schema.org\",\"@graph\":[{\"@type\":\"Article\",\"@id\":\"https:\/\/apuntesdesanluis.com\/index.php\/2024\/06\/21\/milei-en-europa-llego-a-espana-se-reunio-con-diaz-ayuso-y-fue-premiado\/#article\",\"isPartOf\":{\"@id\":\"https:\/\/apuntesdesanluis.com\/index.php\/2024\/06\/21\/milei-en-europa-llego-a-espana-se-reunio-con-diaz-ayuso-y-fue-premiado\/\"},\"author\":{\"name\":\"apuntesdesanluis.com\",\"@id\":\"https:\/\/apuntesdesanluis.com\/#\/schema\/person\/b55151d52296fcce64d1a72538a70b90\"},\"headline\":\"MILEI EN EUROPA: LLEG\u00d3 A ESPA\u00d1A, SE REUNI\u00d3 CON D\u00cdAZ AYUSO Y FUE PREMIADO\",\"datePublished\":\"2024-06-21T17:54:45+00:00\",\"mainEntityOfPage\":{\"@id\":\"https:\/\/apuntesdesanluis.com\/index.php\/2024\/06\/21\/milei-en-europa-llego-a-espana-se-reunio-con-diaz-ayuso-y-fue-premiado\/\"},\"wordCount\":682,\"publisher\":{\"@id\":\"https:\/\/apuntesdesanluis.com\/#\/schema\/person\/b55151d52296fcce64d1a72538a70b90\"},\"image\":{\"@id\":\"https:\/\/apuntesdesanluis.com\/index.php\/2024\/06\/21\/milei-en-europa-llego-a-espana-se-reunio-con-diaz-ayuso-y-fue-premiado\/#primaryimage\"},\"thumbnailUrl\":\"https:\/\/apuntesdesanluis.com\/wp-content\/uploads\/2024\/06\/milei-en-avion.webp\",\"articleSection\":[\"Nacionales\/Internacionales\"],\"inLanguage\":\"es-AR\"},{\"@type\":\"WebPage\",\"@id\":\"https:\/\/apuntesdesanluis.com\/index.php\/2024\/06\/21\/milei-en-europa-llego-a-espana-se-reunio-con-diaz-ayuso-y-fue-premiado\/\",\"url\":\"https:\/\/apuntesdesanluis.com\/index.php\/2024\/06\/21\/milei-en-europa-llego-a-espana-se-reunio-con-diaz-ayuso-y-fue-premiado\/\",\"name\":\"MILEI EN EUROPA: LLEG\u00d3 A ESPA\u00d1A, SE REUNI\u00d3 CON D\u00cdAZ AYUSO Y FUE PREMIADO - Apuntes de San Luis\",\"isPartOf\":{\"@id\":\"https:\/\/apuntesdesanluis.com\/#website\"},\"primaryImageOfPage\":{\"@id\":\"https:\/\/apuntesdesanluis.com\/index.php\/2024\/06\/21\/milei-en-europa-llego-a-espana-se-reunio-con-diaz-ayuso-y-fue-premiado\/#primaryimage\"},\"image\":{\"@id\":\"https:\/\/apuntesdesanluis.com\/index.php\/2024\/06\/21\/milei-en-europa-llego-a-espana-se-reunio-con-diaz-ayuso-y-fue-premiado\/#primaryimage\"},\"thumbnailUrl\":\"https:\/\/apuntesdesanluis.com\/wp-content\/uploads\/2024\/06\/milei-en-avion.webp\",\"datePublished\":\"2024-06-21T17:54:45+00:00\",\"breadcrumb\":{\"@id\":\"https:\/\/apuntesdesanluis.com\/index.php\/2024\/06\/21\/milei-en-europa-llego-a-espana-se-reunio-con-diaz-ayuso-y-fue-premiado\/#breadcrumb\"},\"inLanguage\":\"es-AR\",\"potentialAction\":[{\"@type\":\"ReadAction\",\"target\":[\"https:\/\/apuntesdesanluis.com\/index.php\/2024\/06\/21\/milei-en-europa-llego-a-espana-se-reunio-con-diaz-ayuso-y-fue-premiado\/\"]}]},{\"@type\":\"ImageObject\",\"inLanguage\":\"es-AR\",\"@id\":\"https:\/\/apuntesdesanluis.com\/index.php\/2024\/06\/21\/milei-en-europa-llego-a-espana-se-reunio-con-diaz-ayuso-y-fue-premiado\/#primaryimage\",\"url\":\"https:\/\/apuntesdesanluis.com\/wp-content\/uploads\/2024\/06\/milei-en-avion.webp\",\"contentUrl\":\"https:\/\/apuntesdesanluis.com\/wp-content\/uploads\/2024\/06\/milei-en-avion.webp\",\"width\":1200,\"height\":600},{\"@type\":\"BreadcrumbList\",\"@id\":\"https:\/\/apuntesdesanluis.com\/index.php\/2024\/06\/21\/milei-en-europa-llego-a-espana-se-reunio-con-diaz-ayuso-y-fue-premiado\/#breadcrumb\",\"itemListElement\":[{\"@type\":\"ListItem\",\"position\":1,\"name\":\"Inicio\",\"item\":\"https:\/\/apuntesdesanluis.com\/\"},{\"@type\":\"ListItem\",\"position\":2,\"name\":\"MILEI EN EUROPA: LLEG\u00d3 A ESPA\u00d1A, SE REUNI\u00d3 CON D\u00cdAZ AYUSO Y FUE PREMIADO\"}]},{\"@type\":\"WebSite\",\"@id\":\"https:\/\/apuntesdesanluis.com\/#website\",\"url\":\"https:\/\/apuntesdesanluis.com\/\",\"name\":\"Apuntes de San Luis\",\"description\":\"\",\"publisher\":{\"@id\":\"https:\/\/apuntesdesanluis.com\/#\/schema\/person\/b55151d52296fcce64d1a72538a70b90\"},\"potentialAction\":[{\"@type\":\"SearchAction\",\"target\":{\"@type\":\"EntryPoint\",\"urlTemplate\":\"https:\/\/apuntesdesanluis.com\/?s={search_term_string}\"},\"query-input\":{\"@type\":\"PropertyValueSpecification\",\"valueRequired\":true,\"valueName\":\"search_term_string\"}}],\"inLanguage\":\"es-AR\"},{\"@type\":[\"Person\",\"Organization\"],\"@id\":\"https:\/\/apuntesdesanluis.com\/#\/schema\/person\/b55151d52296fcce64d1a72538a70b90\",\"name\":\"apuntesdesanluis.com\",\"image\":{\"@type\":\"ImageObject\",\"inLanguage\":\"es-AR\",\"@id\":\"https:\/\/apuntesdesanluis.com\/#\/schema\/person\/image\/\",\"url\":\"https:\/\/apuntesdesanluis.com\/wp-content\/uploads\/2023\/07\/cropped-apuntesdesanluis.png\",\"contentUrl\":\"https:\/\/apuntesdesanluis.com\/wp-content\/uploads\/2023\/07\/cropped-apuntesdesanluis.png\",\"width\":450,\"height\":112,\"caption\":\"apuntesdesanluis.com\"},\"logo\":{\"@id\":\"https:\/\/apuntesdesanluis.com\/#\/schema\/person\/image\/\"},\"sameAs\":[\"https:\/\/apuntesdesanluis.com\"],\"url\":\"https:\/\/apuntesdesanluis.com\/index.php\/author\/apuntesdesanluis-com\/\"}]}<\/script>\n<!-- \/ Yoast SEO plugin. -->","yoast_head_json":{"title":"MILEI EN EUROPA: LLEG\u00d3 A ESPA\u00d1A, SE REUNI\u00d3 CON D\u00cdAZ AYUSO Y FUE PREMIADO - Apuntes de San Luis","robots":{"index":"index","follow":"follow","max-snippet":"max-snippet:-1","max-image-preview":"max-image-preview:large","max-video-preview":"max-video-preview:-1"},"canonical":"https:\/\/apuntesdesanluis.com\/index.php\/2024\/06\/21\/milei-en-europa-llego-a-espana-se-reunio-con-diaz-ayuso-y-fue-premiado\/","og_locale":"es_ES","og_type":"article","og_title":"MILEI EN EUROPA: LLEG\u00d3 A ESPA\u00d1A, SE REUNI\u00d3 CON D\u00cdAZ AYUSO Y FUE PREMIADO - Apuntes de San Luis","og_description":"El presidente Javier Milei ya se encuentra en Madrid para emprender la segunda etapa de...","og_url":"https:\/\/apuntesdesanluis.com\/index.php\/2024\/06\/21\/milei-en-europa-llego-a-espana-se-reunio-con-diaz-ayuso-y-fue-premiado\/","og_site_name":"Apuntes de San Luis","article_published_time":"2024-06-21T17:54:45+00:00","og_image":[{"width":1200,"height":600,"url":"https:\/\/apuntesdesanluis.com\/wp-content\/uploads\/2024\/06\/milei-en-avion.webp","type":"image\/webp"}],"author":"apuntesdesanluis.com","twitter_card":"summary_large_image","twitter_misc":{"Escrito por":"apuntesdesanluis.com","Tiempo de lectura":"4 minutos"},"schema":{"@context":"https:\/\/schema.org","@graph":[{"@type":"Article","@id":"https:\/\/apuntesdesanluis.com\/index.php\/2024\/06\/21\/milei-en-europa-llego-a-espana-se-reunio-con-diaz-ayuso-y-fue-premiado\/#article","isPartOf":{"@id":"https:\/\/apuntesdesanluis.com\/index.php\/2024\/06\/21\/milei-en-europa-llego-a-espana-se-reunio-con-diaz-ayuso-y-fue-premiado\/"},"author":{"name":"apuntesdesanluis.com","@id":"https:\/\/apuntesdesanluis.com\/#\/schema\/person\/b55151d52296fcce64d1a72538a70b90"},"headline":"MILEI EN EUROPA: LLEG\u00d3 A ESPA\u00d1A, SE REUNI\u00d3 CON D\u00cdAZ AYUSO Y FUE PREMIADO","datePublished":"2024-06-21T17:54:45+00:00","mainEntityOfPage":{"@id":"https:\/\/apuntesdesanluis.com\/index.php\/2024\/06\/21\/milei-en-europa-llego-a-espana-se-reunio-con-diaz-ayuso-y-fue-premiado\/"},"wordCount":682,"publisher":{"@id":"https:\/\/apuntesdesanluis.com\/#\/schema\/person\/b55151d52296fcce64d1a72538a70b90"},"image":{"@id":"https:\/\/apuntesdesanluis.com\/index.php\/2024\/06\/21\/milei-en-europa-llego-a-espana-se-reunio-con-diaz-ayuso-y-fue-premiado\/#primaryimage"},"thumbnailUrl":"https:\/\/apuntesdesanluis.com\/wp-content\/uploads\/2024\/06\/milei-en-avion.webp","articleSection":["Nacionales\/Internacionales"],"inLanguage":"es-AR"},{"@type":"WebPage","@id":"https:\/\/apuntesdesanluis.com\/index.php\/2024\/06\/21\/milei-en-europa-llego-a-espana-se-reunio-con-diaz-ayuso-y-fue-premiado\/","url":"https:\/\/apuntesdesanluis.com\/index.php\/2024\/06\/21\/milei-en-europa-llego-a-espana-se-reunio-con-diaz-ayuso-y-fue-premiado\/","name":"MILEI EN EUROPA: LLEG\u00d3 A ESPA\u00d1A, SE REUNI\u00d3 CON D\u00cdAZ AYUSO Y FUE PREMIADO - Apuntes de San Luis","isPartOf":{"@id":"https:\/\/apuntesdesanluis.com\/#website"},"primaryImageOfPage":{"@id":"https:\/\/apuntesdesanluis.com\/index.php\/2024\/06\/21\/milei-en-europa-llego-a-espana-se-reunio-con-diaz-ayuso-y-fue-premiado\/#primaryimage"},"image":{"@id":"https:\/\/apuntesdesanluis.com\/index.php\/2024\/06\/21\/milei-en-europa-llego-a-espana-se-reunio-con-diaz-ayuso-y-fue-premiado\/#primaryimage"},"thumbnailUrl":"https:\/\/apuntesdesanluis.com\/wp-content\/uploads\/2024\/06\/milei-en-avion.webp","datePublished":"2024-06-21T17:54:45+00:00","breadcrumb":{"@id":"https:\/\/apuntesdesanluis.com\/index.php\/2024\/06\/21\/milei-en-europa-llego-a-espana-se-reunio-con-diaz-ayuso-y-fue-premiado\/#breadcrumb"},"inLanguage":"es-AR","potentialAction":[{"@type":"ReadAction","target":["https:\/\/apuntesdesanluis.com\/index.php\/2024\/06\/21\/milei-en-europa-llego-a-espana-se-reunio-con-diaz-ayuso-y-fue-premiado\/"]}]},{"@type":"ImageObject","inLanguage":"es-AR","@id":"https:\/\/apuntesdesanluis.com\/index.php\/2024\/06\/21\/milei-en-europa-llego-a-espana-se-reunio-con-diaz-ayuso-y-fue-premiado\/#primaryimage","url":"https:\/\/apuntesdesanluis.com\/wp-content\/uploads\/2024\/06\/milei-en-avion.webp","contentUrl":"https:\/\/apuntesdesanluis.com\/wp-content\/uploads\/2024\/06\/milei-en-avion.webp","width":1200,"height":600},{"@type":"BreadcrumbList","@id":"https:\/\/apuntesdesanluis.com\/index.php\/2024\/06\/21\/milei-en-europa-llego-a-espana-se-reunio-con-diaz-ayuso-y-fue-premiado\/#breadcrumb","itemListElement":[{"@type":"ListItem","position":1,"name":"Inicio","item":"https:\/\/apuntesdesanluis.com\/"},{"@type":"ListItem","position":2,"name":"MILEI EN EUROPA: LLEG\u00d3 A ESPA\u00d1A, SE REUNI\u00d3 CON D\u00cdAZ AYUSO Y FUE PREMIADO"}]},{"@type":"WebSite","@id":"https:\/\/apuntesdesanluis.com\/#website","url":"https:\/\/apuntesdesanluis.com\/","name":"Apuntes de San Luis","description":"","publisher":{"@id":"https:\/\/apuntesdesanluis.com\/#\/schema\/person\/b55151d52296fcce64d1a72538a70b90"},"potentialAction":[{"@type":"SearchAction","target":{"@type":"EntryPoint","urlTemplate":"https:\/\/apuntesdesanluis.com\/?s={search_term_string}"},"query-input":{"@type":"PropertyValueSpecification","valueRequired":true,"valueName":"search_term_string"}}],"inLanguage":"es-AR"},{"@type":["Person","Organization"],"@id":"https:\/\/apuntesdesanluis.com\/#\/schema\/person\/b55151d52296fcce64d1a72538a70b90","name":"apuntesdesanluis.com","image":{"@type":"ImageObject","inLanguage":"es-AR","@id":"https:\/\/apuntesdesanluis.com\/#\/schema\/person\/image\/","url":"https:\/\/apuntesdesanluis.com\/wp-content\/uploads\/2023\/07\/cropped-apuntesdesanluis.png","contentUrl":"https:\/\/apuntesdesanluis.com\/wp-content\/uploads\/2023\/07\/cropped-apuntesdesanluis.png","width":450,"height":112,"caption":"apuntesdesanluis.com"},"logo":{"@id":"https:\/\/apuntesdesanluis.com\/#\/schema\/person\/image\/"},"sameAs":["https:\/\/apuntesdesanluis.com"],"url":"https:\/\/apuntesdesanluis.com\/index.php\/author\/apuntesdesanluis-com\/"}]}},"featured_image_urls":{"full":["https:\/\/apuntesdesanluis.com\/wp-content\/uploads\/2024\/06\/milei-en-avion.webp",1200,600,false],"thumbnail":["https:\/\/apuntesdesanluis.com\/wp-content\/uploads\/2024\/06\/milei-en-avion-150x150.webp",150,150,true],"medium":["https:\/\/apuntesdesanluis.com\/wp-content\/uploads\/2024\/06\/milei-en-avion-300x150.webp",300,150,true],"medium_large":["https:\/\/apuntesdesanluis.com\/wp-content\/uploads\/2024\/06\/milei-en-avion-768x384.webp",640,320,true],"large":["https:\/\/apuntesdesanluis.com\/wp-content\/uploads\/2024\/06\/milei-en-avion-1024x512.webp",640,320,true],"1536x1536":["https:\/\/apuntesdesanluis.com\/wp-content\/uploads\/2024\/06\/milei-en-avion.webp",1200,600,false],"2048x2048":["https:\/\/apuntesdesanluis.com\/wp-content\/uploads\/2024\/06\/milei-en-avion.webp",1200,600,false],"newsever-slider-full":["https:\/\/apuntesdesanluis.com\/wp-content\/uploads\/2024\/06\/milei-en-avion.webp",1200,600,false],"newsever-featured":["https:\/\/apuntesdesanluis.com\/wp-content\/uploads\/2024\/06\/milei-en-avion-1024x512.webp",1024,512,true],"newsever-medium":["https:\/\/apuntesdesanluis.com\/wp-content\/uploads\/2024\/06\/milei-en-avion-720x475.webp",720,475,true]},"author_info":{"display_name":"apuntesdesanluis.com","author_link":"https:\/\/apuntesdesanluis.com\/index.php\/author\/apuntesdesanluis-com\/"},"category_info":"<a href=\"https:\/\/apuntesdesanluis.com\/index.php\/category\/nacionales-internacionales\/\" rel=\"category tag\">Nacionales\/Internacionales<\/a>","tag_info":"Nacionales\/Internacionales","comment_count":"0","_links":{"self":[{"href":"https:\/\/apuntesdesanluis.com\/index.php\/wp-json\/wp\/v2\/posts\/18145","targetHints":{"allow":["GET"]}}],"collection":[{"href":"https:\/\/apuntesdesanluis.com\/index.php\/wp-json\/wp\/v2\/posts"}],"about":[{"href":"https:\/\/apuntesdesanluis.com\/index.php\/wp-json\/wp\/v2\/types\/post"}],"author":[{"embeddable":true,"href":"https:\/\/apuntesdesanluis.com\/index.php\/wp-json\/wp\/v2\/users\/1"}],"replies":[{"embeddable":true,"href":"https:\/\/apuntesdesanluis.com\/index.php\/wp-json\/wp\/v2\/comments?post=18145"}],"version-history":[{"count":1,"href":"https:\/\/apuntesdesanluis.com\/index.php\/wp-json\/wp\/v2\/posts\/18145\/revisions"}],"predecessor-version":[{"id":18148,"href":"https:\/\/apuntesdesanluis.com\/index.php\/wp-json\/wp\/v2\/posts\/18145\/revisions\/18148"}],"wp:featuredmedia":[{"embeddable":true,"href":"https:\/\/apuntesdesanluis.com\/index.php\/wp-json\/wp\/v2\/media\/18146"}],"wp:attachment":[{"href":"https:\/\/apuntesdesanluis.com\/index.php\/wp-json\/wp\/v2\/media?parent=18145"}],"wp:term":[{"taxonomy":"category","embeddable":true,"href":"https:\/\/apuntesdesanluis.com\/index.php\/wp-json\/wp\/v2\/categories?post=18145"},{"taxonomy":"post_tag","embeddable":true,"href":"https:\/\/apuntesdesanluis.com\/index.php\/wp-json\/wp\/v2\/tags?post=18145"}],"curies":[{"name":"wp","href":"https:\/\/api.w.org\/{rel}","templated":true}]}}