{"id":18237,"date":"2024-06-24T09:04:30","date_gmt":"2024-06-24T12:04:30","guid":{"rendered":"https:\/\/apuntesdesanluis.com\/?p=18237"},"modified":"2024-06-24T09:04:30","modified_gmt":"2024-06-24T12:04:30","slug":"sepulveda-primero-mercedes-segundo-mercedes-tercero-mercedes","status":"publish","type":"post","link":"https:\/\/apuntesdesanluis.com\/index.php\/2024\/06\/24\/sepulveda-primero-mercedes-segundo-mercedes-tercero-mercedes\/","title":{"rendered":"SEP\u00daLVEDA: \u201cPRIMERO MERCEDES, SEGUNDO MERCEDES, TERCERO MERCEDES\u201d"},"content":{"rendered":"<h3>El Secretario de Gobierno de la Municipalidad de Villa Mercedes, <strong>Germ\u00e1n Sep\u00falveda<\/strong>, afirm\u00f3 que \u201cel punto fuerte\u201d de la gesti\u00f3n de <strong>Maximiliano Frontera<\/strong> es \u201cestar en la calle\u201d, para conocer en forma directa lo que demanda el vecino.<\/h3>\n<h3>\u201cEse term\u00f3metro social nos permite saber qu\u00e9 sufren los mercedinos, que necesitan, qu\u00e9 piden\u201d, explica, al tiempo que reitera dichos del propio intendente, cuando les dice en reuni\u00f3n de gabinete que \u201cno sirve de nada tomar decisiones a puertas cerradas, aunque tengamos las mejores intenciones\u201d.<\/h3>\n<h3>En este sentido, ampl\u00eda: \u201cEstar en la calle nos permite, adem\u00e1s, saber que cada sector de la ciudad tiene distintas necesidades, comprender esa heterogeneidad que plantea una ciudad de 135 mil habitantes\u201d.<\/h3>\n<h3>Al respecto reconoce que a veces \u201cno es f\u00e1cil\u201d por la crisis econ\u00f3mica, \u201cporque las necesidades son ilimitadas y los recursos escasos, pero el concepto es escuchar y tratar de dar respuestas a las necesidades\u201d.<\/h3>\n<h3>Sep\u00falveda resalta, sobre este tema, el valor de contar con \u201cuna administraci\u00f3n saneada, que nos permite tener un fondo anticrisis, que sin embargo algunos demonizan\u201d.<\/h3>\n<p><img fetchpriority=\"high\" decoding=\"async\" class=\"wp-image-15754 aligncenter\" src=\"https:\/\/apuntesdesanluis.com\/wp-content\/uploads\/2024\/05\/dejame-un-titulo-1-300x193.png\" alt=\"\" width=\"448\" height=\"288\" srcset=\"https:\/\/apuntesdesanluis.com\/wp-content\/uploads\/2024\/05\/dejame-un-titulo-1-300x193.png 300w, https:\/\/apuntesdesanluis.com\/wp-content\/uploads\/2024\/05\/dejame-un-titulo-1.png 673w\" sizes=\"(max-width: 448px) 100vw, 448px\" \/><\/p>\n<h3>Durante la extensa entrevista en \u201c<span style=\"color: #3366ff;\">Dejame un T\u00edtulo<\/span>\u201d no rehuy\u00f3 ning\u00fan tema, abordando cuestiones relativas a la baja de la recaudaci\u00f3n municipal, la relaci\u00f3n con el gobierno provincial, la necesidad de un \u201cmea culpa en el PJ\u201d y las perspectivas y definiciones pol\u00edticas que se avecinan ante la renovaci\u00f3n de autoridades partidarias.<\/h3>\n<h3>Tras destacar diferentes aspectos de la gesti\u00f3n, el secretario de Gobierno deja como t\u00edtulo lo que a su juicio es el objetivo central que plantea el intendente Maxi Frontera: \u201cPrimero Mercedes, segundo Mercedes, tercero Mercedes\u201d.<\/h3>\n<p><iframe title=\"Abog. GERM\u00c1N SEP\u00daLVEDA. Sec. de Gobierno Munic. Villa Mercedes\" width=\"640\" height=\"360\" src=\"https:\/\/www.youtube.com\/embed\/CG8CptYiqPo?feature=oembed\" frameborder=\"0\" allow=\"accelerometer; autoplay; clipboard-write; encrypted-media; gyroscope; picture-in-picture; web-share\" referrerpolicy=\"strict-origin-when-cross-origin\" allowfullscreen><\/iframe><\/p>\n<p>&nbsp;<\/p>\n<p>&nbsp;<\/p>\n<p>&nbsp;<\/p>\n","protected":false},"excerpt":{"rendered":"<p>El Secretario de Gobierno de la Municipalidad de Villa Mercedes, Germ\u00e1n Sep\u00falveda, afirm\u00f3 que \u201cel&#8230;<\/p>\n","protected":false},"author":1,"featured_media":18238,"comment_status":"closed","ping_status":"closed","sticky":false,"template":"","format":"standard","meta":{"footnotes":""},"categories":[9],"tags":[],"class_list":["post-18237","post","type-post","status-publish","format-standard","has-post-thumbnail","hentry","category-opinion"],"yoast_head":"<!-- This site is optimized with the Yoast SEO plugin v26.1.1 - https:\/\/yoast.com\/wordpress\/plugins\/seo\/ -->\n<title>SEP\u00daLVEDA: \u201cPRIMERO MERCEDES, SEGUNDO MERCEDES, TERCERO MERCEDES\u201d - Apuntes de San Luis<\/title>\n<meta name=\"robots\" content=\"index, follow, max-snippet:-1, max-image-preview:large, max-video-preview:-1\" \/>\n<link rel=\"canonical\" href=\"https:\/\/apuntesdesanluis.com\/index.php\/2024\/06\/24\/sepulveda-primero-mercedes-segundo-mercedes-tercero-mercedes\/\" \/>\n<meta property=\"og:locale\" content=\"es_ES\" \/>\n<meta property=\"og:type\" content=\"article\" \/>\n<meta property=\"og:title\" content=\"SEP\u00daLVEDA: \u201cPRIMERO MERCEDES, SEGUNDO MERCEDES, TERCERO MERCEDES\u201d - Apuntes de San Luis\" \/>\n<meta property=\"og:description\" content=\"El Secretario de Gobierno de la Municipalidad de Villa Mercedes, Germ\u00e1n Sep\u00falveda, afirm\u00f3 que \u201cel...\" \/>\n<meta property=\"og:url\" content=\"https:\/\/apuntesdesanluis.com\/index.php\/2024\/06\/24\/sepulveda-primero-mercedes-segundo-mercedes-tercero-mercedes\/\" \/>\n<meta property=\"og:site_name\" content=\"Apuntes de San Luis\" \/>\n<meta property=\"article:published_time\" content=\"2024-06-24T12:04:30+00:00\" \/>\n<meta property=\"og:image\" content=\"https:\/\/apuntesdesanluis.com\/wp-content\/uploads\/2024\/06\/german-sepulveda.png\" \/>\n\t<meta property=\"og:image:width\" content=\"600\" \/>\n\t<meta property=\"og:image:height\" content=\"367\" \/>\n\t<meta property=\"og:image:type\" content=\"image\/png\" \/>\n<meta name=\"author\" content=\"apuntesdesanluis.com\" \/>\n<meta name=\"twitter:card\" content=\"summary_large_image\" \/>\n<meta name=\"twitter:label1\" content=\"Escrito por\" \/>\n\t<meta name=\"twitter:data1\" content=\"apuntesdesanluis.com\" \/>\n\t<meta name=\"twitter:label2\" content=\"Tiempo de lectura\" \/>\n\t<meta name=\"twitter:data2\" content=\"2 minutos\" \/>\n<script type=\"application\/ld+json\" class=\"yoast-schema-graph\">{\"@context\":\"https:\/\/schema.org\",\"@graph\":[{\"@type\":\"Article\",\"@id\":\"https:\/\/apuntesdesanluis.com\/index.php\/2024\/06\/24\/sepulveda-primero-mercedes-segundo-mercedes-tercero-mercedes\/#article\",\"isPartOf\":{\"@id\":\"https:\/\/apuntesdesanluis.com\/index.php\/2024\/06\/24\/sepulveda-primero-mercedes-segundo-mercedes-tercero-mercedes\/\"},\"author\":{\"name\":\"apuntesdesanluis.com\",\"@id\":\"https:\/\/apuntesdesanluis.com\/#\/schema\/person\/b55151d52296fcce64d1a72538a70b90\"},\"headline\":\"SEP\u00daLVEDA: \u201cPRIMERO MERCEDES, SEGUNDO MERCEDES, TERCERO MERCEDES\u201d\",\"datePublished\":\"2024-06-24T12:04:30+00:00\",\"mainEntityOfPage\":{\"@id\":\"https:\/\/apuntesdesanluis.com\/index.php\/2024\/06\/24\/sepulveda-primero-mercedes-segundo-mercedes-tercero-mercedes\/\"},\"wordCount\":301,\"publisher\":{\"@id\":\"https:\/\/apuntesdesanluis.com\/#\/schema\/person\/b55151d52296fcce64d1a72538a70b90\"},\"image\":{\"@id\":\"https:\/\/apuntesdesanluis.com\/index.php\/2024\/06\/24\/sepulveda-primero-mercedes-segundo-mercedes-tercero-mercedes\/#primaryimage\"},\"thumbnailUrl\":\"https:\/\/apuntesdesanluis.com\/wp-content\/uploads\/2024\/06\/german-sepulveda.png\",\"articleSection\":[\"Opini\u00f3n\"],\"inLanguage\":\"es-AR\"},{\"@type\":\"WebPage\",\"@id\":\"https:\/\/apuntesdesanluis.com\/index.php\/2024\/06\/24\/sepulveda-primero-mercedes-segundo-mercedes-tercero-mercedes\/\",\"url\":\"https:\/\/apuntesdesanluis.com\/index.php\/2024\/06\/24\/sepulveda-primero-mercedes-segundo-mercedes-tercero-mercedes\/\",\"name\":\"SEP\u00daLVEDA: \u201cPRIMERO MERCEDES, SEGUNDO MERCEDES, TERCERO MERCEDES\u201d - Apuntes de San Luis\",\"isPartOf\":{\"@id\":\"https:\/\/apuntesdesanluis.com\/#website\"},\"primaryImageOfPage\":{\"@id\":\"https:\/\/apuntesdesanluis.com\/index.php\/2024\/06\/24\/sepulveda-primero-mercedes-segundo-mercedes-tercero-mercedes\/#primaryimage\"},\"image\":{\"@id\":\"https:\/\/apuntesdesanluis.com\/index.php\/2024\/06\/24\/sepulveda-primero-mercedes-segundo-mercedes-tercero-mercedes\/#primaryimage\"},\"thumbnailUrl\":\"https:\/\/apuntesdesanluis.com\/wp-content\/uploads\/2024\/06\/german-sepulveda.png\",\"datePublished\":\"2024-06-24T12:04:30+00:00\",\"breadcrumb\":{\"@id\":\"https:\/\/apuntesdesanluis.com\/index.php\/2024\/06\/24\/sepulveda-primero-mercedes-segundo-mercedes-tercero-mercedes\/#breadcrumb\"},\"inLanguage\":\"es-AR\",\"potentialAction\":[{\"@type\":\"ReadAction\",\"target\":[\"https:\/\/apuntesdesanluis.com\/index.php\/2024\/06\/24\/sepulveda-primero-mercedes-segundo-mercedes-tercero-mercedes\/\"]}]},{\"@type\":\"ImageObject\",\"inLanguage\":\"es-AR\",\"@id\":\"https:\/\/apuntesdesanluis.com\/index.php\/2024\/06\/24\/sepulveda-primero-mercedes-segundo-mercedes-tercero-mercedes\/#primaryimage\",\"url\":\"https:\/\/apuntesdesanluis.com\/wp-content\/uploads\/2024\/06\/german-sepulveda.png\",\"contentUrl\":\"https:\/\/apuntesdesanluis.com\/wp-content\/uploads\/2024\/06\/german-sepulveda.png\",\"width\":600,\"height\":367},{\"@type\":\"BreadcrumbList\",\"@id\":\"https:\/\/apuntesdesanluis.com\/index.php\/2024\/06\/24\/sepulveda-primero-mercedes-segundo-mercedes-tercero-mercedes\/#breadcrumb\",\"itemListElement\":[{\"@type\":\"ListItem\",\"position\":1,\"name\":\"Inicio\",\"item\":\"https:\/\/apuntesdesanluis.com\/\"},{\"@type\":\"ListItem\",\"position\":2,\"name\":\"SEP\u00daLVEDA: \u201cPRIMERO MERCEDES, SEGUNDO MERCEDES, TERCERO MERCEDES\u201d\"}]},{\"@type\":\"WebSite\",\"@id\":\"https:\/\/apuntesdesanluis.com\/#website\",\"url\":\"https:\/\/apuntesdesanluis.com\/\",\"name\":\"Apuntes de San Luis\",\"description\":\"\",\"publisher\":{\"@id\":\"https:\/\/apuntesdesanluis.com\/#\/schema\/person\/b55151d52296fcce64d1a72538a70b90\"},\"potentialAction\":[{\"@type\":\"SearchAction\",\"target\":{\"@type\":\"EntryPoint\",\"urlTemplate\":\"https:\/\/apuntesdesanluis.com\/?s={search_term_string}\"},\"query-input\":{\"@type\":\"PropertyValueSpecification\",\"valueRequired\":true,\"valueName\":\"search_term_string\"}}],\"inLanguage\":\"es-AR\"},{\"@type\":[\"Person\",\"Organization\"],\"@id\":\"https:\/\/apuntesdesanluis.com\/#\/schema\/person\/b55151d52296fcce64d1a72538a70b90\",\"name\":\"apuntesdesanluis.com\",\"image\":{\"@type\":\"ImageObject\",\"inLanguage\":\"es-AR\",\"@id\":\"https:\/\/apuntesdesanluis.com\/#\/schema\/person\/image\/\",\"url\":\"https:\/\/apuntesdesanluis.com\/wp-content\/uploads\/2023\/07\/cropped-apuntesdesanluis.png\",\"contentUrl\":\"https:\/\/apuntesdesanluis.com\/wp-content\/uploads\/2023\/07\/cropped-apuntesdesanluis.png\",\"width\":450,\"height\":112,\"caption\":\"apuntesdesanluis.com\"},\"logo\":{\"@id\":\"https:\/\/apuntesdesanluis.com\/#\/schema\/person\/image\/\"},\"sameAs\":[\"https:\/\/apuntesdesanluis.com\"],\"url\":\"https:\/\/apuntesdesanluis.com\/index.php\/author\/apuntesdesanluis-com\/\"}]}<\/script>\n<!-- \/ Yoast SEO plugin. -->","yoast_head_json":{"title":"SEP\u00daLVEDA: \u201cPRIMERO MERCEDES, SEGUNDO MERCEDES, TERCERO MERCEDES\u201d - Apuntes de San Luis","robots":{"index":"index","follow":"follow","max-snippet":"max-snippet:-1","max-image-preview":"max-image-preview:large","max-video-preview":"max-video-preview:-1"},"canonical":"https:\/\/apuntesdesanluis.com\/index.php\/2024\/06\/24\/sepulveda-primero-mercedes-segundo-mercedes-tercero-mercedes\/","og_locale":"es_ES","og_type":"article","og_title":"SEP\u00daLVEDA: \u201cPRIMERO MERCEDES, SEGUNDO MERCEDES, TERCERO MERCEDES\u201d - Apuntes de San Luis","og_description":"El Secretario de Gobierno de la Municipalidad de Villa Mercedes, Germ\u00e1n Sep\u00falveda, afirm\u00f3 que \u201cel...","og_url":"https:\/\/apuntesdesanluis.com\/index.php\/2024\/06\/24\/sepulveda-primero-mercedes-segundo-mercedes-tercero-mercedes\/","og_site_name":"Apuntes de San Luis","article_published_time":"2024-06-24T12:04:30+00:00","og_image":[{"width":600,"height":367,"url":"https:\/\/apuntesdesanluis.com\/wp-content\/uploads\/2024\/06\/german-sepulveda.png","type":"image\/png"}],"author":"apuntesdesanluis.com","twitter_card":"summary_large_image","twitter_misc":{"Escrito por":"apuntesdesanluis.com","Tiempo de lectura":"2 minutos"},"schema":{"@context":"https:\/\/schema.org","@graph":[{"@type":"Article","@id":"https:\/\/apuntesdesanluis.com\/index.php\/2024\/06\/24\/sepulveda-primero-mercedes-segundo-mercedes-tercero-mercedes\/#article","isPartOf":{"@id":"https:\/\/apuntesdesanluis.com\/index.php\/2024\/06\/24\/sepulveda-primero-mercedes-segundo-mercedes-tercero-mercedes\/"},"author":{"name":"apuntesdesanluis.com","@id":"https:\/\/apuntesdesanluis.com\/#\/schema\/person\/b55151d52296fcce64d1a72538a70b90"},"headline":"SEP\u00daLVEDA: \u201cPRIMERO MERCEDES, SEGUNDO MERCEDES, TERCERO MERCEDES\u201d","datePublished":"2024-06-24T12:04:30+00:00","mainEntityOfPage":{"@id":"https:\/\/apuntesdesanluis.com\/index.php\/2024\/06\/24\/sepulveda-primero-mercedes-segundo-mercedes-tercero-mercedes\/"},"wordCount":301,"publisher":{"@id":"https:\/\/apuntesdesanluis.com\/#\/schema\/person\/b55151d52296fcce64d1a72538a70b90"},"image":{"@id":"https:\/\/apuntesdesanluis.com\/index.php\/2024\/06\/24\/sepulveda-primero-mercedes-segundo-mercedes-tercero-mercedes\/#primaryimage"},"thumbnailUrl":"https:\/\/apuntesdesanluis.com\/wp-content\/uploads\/2024\/06\/german-sepulveda.png","articleSection":["Opini\u00f3n"],"inLanguage":"es-AR"},{"@type":"WebPage","@id":"https:\/\/apuntesdesanluis.com\/index.php\/2024\/06\/24\/sepulveda-primero-mercedes-segundo-mercedes-tercero-mercedes\/","url":"https:\/\/apuntesdesanluis.com\/index.php\/2024\/06\/24\/sepulveda-primero-mercedes-segundo-mercedes-tercero-mercedes\/","name":"SEP\u00daLVEDA: \u201cPRIMERO MERCEDES, SEGUNDO MERCEDES, TERCERO MERCEDES\u201d - Apuntes de San Luis","isPartOf":{"@id":"https:\/\/apuntesdesanluis.com\/#website"},"primaryImageOfPage":{"@id":"https:\/\/apuntesdesanluis.com\/index.php\/2024\/06\/24\/sepulveda-primero-mercedes-segundo-mercedes-tercero-mercedes\/#primaryimage"},"image":{"@id":"https:\/\/apuntesdesanluis.com\/index.php\/2024\/06\/24\/sepulveda-primero-mercedes-segundo-mercedes-tercero-mercedes\/#primaryimage"},"thumbnailUrl":"https:\/\/apuntesdesanluis.com\/wp-content\/uploads\/2024\/06\/german-sepulveda.png","datePublished":"2024-06-24T12:04:30+00:00","breadcrumb":{"@id":"https:\/\/apuntesdesanluis.com\/index.php\/2024\/06\/24\/sepulveda-primero-mercedes-segundo-mercedes-tercero-mercedes\/#breadcrumb"},"inLanguage":"es-AR","potentialAction":[{"@type":"ReadAction","target":["https:\/\/apuntesdesanluis.com\/index.php\/2024\/06\/24\/sepulveda-primero-mercedes-segundo-mercedes-tercero-mercedes\/"]}]},{"@type":"ImageObject","inLanguage":"es-AR","@id":"https:\/\/apuntesdesanluis.com\/index.php\/2024\/06\/24\/sepulveda-primero-mercedes-segundo-mercedes-tercero-mercedes\/#primaryimage","url":"https:\/\/apuntesdesanluis.com\/wp-content\/uploads\/2024\/06\/german-sepulveda.png","contentUrl":"https:\/\/apuntesdesanluis.com\/wp-content\/uploads\/2024\/06\/german-sepulveda.png","width":600,"height":367},{"@type":"BreadcrumbList","@id":"https:\/\/apuntesdesanluis.com\/index.php\/2024\/06\/24\/sepulveda-primero-mercedes-segundo-mercedes-tercero-mercedes\/#breadcrumb","itemListElement":[{"@type":"ListItem","position":1,"name":"Inicio","item":"https:\/\/apuntesdesanluis.com\/"},{"@type":"ListItem","position":2,"name":"SEP\u00daLVEDA: \u201cPRIMERO MERCEDES, SEGUNDO MERCEDES, TERCERO MERCEDES\u201d"}]},{"@type":"WebSite","@id":"https:\/\/apuntesdesanluis.com\/#website","url":"https:\/\/apuntesdesanluis.com\/","name":"Apuntes de San Luis","description":"","publisher":{"@id":"https:\/\/apuntesdesanluis.com\/#\/schema\/person\/b55151d52296fcce64d1a72538a70b90"},"potentialAction":[{"@type":"SearchAction","target":{"@type":"EntryPoint","urlTemplate":"https:\/\/apuntesdesanluis.com\/?s={search_term_string}"},"query-input":{"@type":"PropertyValueSpecification","valueRequired":true,"valueName":"search_term_string"}}],"inLanguage":"es-AR"},{"@type":["Person","Organization"],"@id":"https:\/\/apuntesdesanluis.com\/#\/schema\/person\/b55151d52296fcce64d1a72538a70b90","name":"apuntesdesanluis.com","image":{"@type":"ImageObject","inLanguage":"es-AR","@id":"https:\/\/apuntesdesanluis.com\/#\/schema\/person\/image\/","url":"https:\/\/apuntesdesanluis.com\/wp-content\/uploads\/2023\/07\/cropped-apuntesdesanluis.png","contentUrl":"https:\/\/apuntesdesanluis.com\/wp-content\/uploads\/2023\/07\/cropped-apuntesdesanluis.png","width":450,"height":112,"caption":"apuntesdesanluis.com"},"logo":{"@id":"https:\/\/apuntesdesanluis.com\/#\/schema\/person\/image\/"},"sameAs":["https:\/\/apuntesdesanluis.com"],"url":"https:\/\/apuntesdesanluis.com\/index.php\/author\/apuntesdesanluis-com\/"}]}},"featured_image_urls":{"full":["https:\/\/apuntesdesanluis.com\/wp-content\/uploads\/2024\/06\/german-sepulveda.png",600,367,false],"thumbnail":["https:\/\/apuntesdesanluis.com\/wp-content\/uploads\/2024\/06\/german-sepulveda-150x150.png",150,150,true],"medium":["https:\/\/apuntesdesanluis.com\/wp-content\/uploads\/2024\/06\/german-sepulveda-300x184.png",300,184,true],"medium_large":["https:\/\/apuntesdesanluis.com\/wp-content\/uploads\/2024\/06\/german-sepulveda.png",600,367,false],"large":["https:\/\/apuntesdesanluis.com\/wp-content\/uploads\/2024\/06\/german-sepulveda.png",600,367,false],"1536x1536":["https:\/\/apuntesdesanluis.com\/wp-content\/uploads\/2024\/06\/german-sepulveda.png",600,367,false],"2048x2048":["https:\/\/apuntesdesanluis.com\/wp-content\/uploads\/2024\/06\/german-sepulveda.png",600,367,false],"newsever-slider-full":["https:\/\/apuntesdesanluis.com\/wp-content\/uploads\/2024\/06\/german-sepulveda.png",600,367,false],"newsever-featured":["https:\/\/apuntesdesanluis.com\/wp-content\/uploads\/2024\/06\/german-sepulveda.png",600,367,false],"newsever-medium":["https:\/\/apuntesdesanluis.com\/wp-content\/uploads\/2024\/06\/german-sepulveda.png",600,367,false]},"author_info":{"display_name":"apuntesdesanluis.com","author_link":"https:\/\/apuntesdesanluis.com\/index.php\/author\/apuntesdesanluis-com\/"},"category_info":"<a href=\"https:\/\/apuntesdesanluis.com\/index.php\/category\/opinion\/\" rel=\"category tag\">Opini\u00f3n<\/a>","tag_info":"Opini\u00f3n","comment_count":"0","_links":{"self":[{"href":"https:\/\/apuntesdesanluis.com\/index.php\/wp-json\/wp\/v2\/posts\/18237","targetHints":{"allow":["GET"]}}],"collection":[{"href":"https:\/\/apuntesdesanluis.com\/index.php\/wp-json\/wp\/v2\/posts"}],"about":[{"href":"https:\/\/apuntesdesanluis.com\/index.php\/wp-json\/wp\/v2\/types\/post"}],"author":[{"embeddable":true,"href":"https:\/\/apuntesdesanluis.com\/index.php\/wp-json\/wp\/v2\/users\/1"}],"replies":[{"embeddable":true,"href":"https:\/\/apuntesdesanluis.com\/index.php\/wp-json\/wp\/v2\/comments?post=18237"}],"version-history":[{"count":1,"href":"https:\/\/apuntesdesanluis.com\/index.php\/wp-json\/wp\/v2\/posts\/18237\/revisions"}],"predecessor-version":[{"id":18239,"href":"https:\/\/apuntesdesanluis.com\/index.php\/wp-json\/wp\/v2\/posts\/18237\/revisions\/18239"}],"wp:featuredmedia":[{"embeddable":true,"href":"https:\/\/apuntesdesanluis.com\/index.php\/wp-json\/wp\/v2\/media\/18238"}],"wp:attachment":[{"href":"https:\/\/apuntesdesanluis.com\/index.php\/wp-json\/wp\/v2\/media?parent=18237"}],"wp:term":[{"taxonomy":"category","embeddable":true,"href":"https:\/\/apuntesdesanluis.com\/index.php\/wp-json\/wp\/v2\/categories?post=18237"},{"taxonomy":"post_tag","embeddable":true,"href":"https:\/\/apuntesdesanluis.com\/index.php\/wp-json\/wp\/v2\/tags?post=18237"}],"curies":[{"name":"wp","href":"https:\/\/api.w.org\/{rel}","templated":true}]}}