{"id":18240,"date":"2024-06-24T14:33:51","date_gmt":"2024-06-24T17:33:51","guid":{"rendered":"https:\/\/apuntesdesanluis.com\/?p=18240"},"modified":"2024-06-24T14:42:37","modified_gmt":"2024-06-24T17:42:37","slug":"proponen-declarar-monumento-historico-y-preservar-la-casa-de-san-luis","status":"publish","type":"post","link":"https:\/\/apuntesdesanluis.com\/index.php\/2024\/06\/24\/proponen-declarar-monumento-historico-y-preservar-la-casa-de-san-luis\/","title":{"rendered":"PROPONEN DECLARAR MONUMENTO HIST\u00d3RICO Y PRESERVAR LA CASA DE SAN LUIS"},"content":{"rendered":"<h3>El Presidente provisional del Senado, <strong>Bartolom\u00e9 Abdala<\/strong> (LLA), present\u00f3 un proyecto de Ley para declarar <strong>Monumento Hist\u00f3rico Nacional<\/strong> al edificio sede de la <strong>Casa de San Luis<\/strong> desde 1985, ubicado en la calle Azcu\u00e9naga 1083 de la Ciudad Aut\u00f3noma de Buenos Aires y expresar su m\u00e1s en\u00e9rgico rechazo a la venta o subasta que la C\u00e1mara de Diputados provincia aprob\u00f3 el pasado 12 de junio, en consonancia con la reiterada intenci\u00f3n del gobernador <strong>Claudio Poggi<\/strong> de deshacerse del emblem\u00e1tico edificio.<\/h3>\n<h3>\u00a0\u201cNo es la primera vez que Claudio Poggi intenta desligarse de la Casa de San Luis\u201d, declar\u00f3 el senador Abdala. \u201cPresent\u00f3 el proyecto para vender el edificio durante su primer mandato como gobernador, incluso hasta copi\u00f3 el mismo texto de entonces, solo cambi\u00f3 el destino de lo recaudado. En dicha ocasi\u00f3n la tratativa qued\u00f3 suspendida luego de que mediante un proyecto de mi autor\u00eda solicit\u00e9 la realizaci\u00f3n de una consulta popular para decidir el destino del inmueble, consulta que reitero ahora, para que sea el pueblo quien decida sobre la conservaci\u00f3n de un patrimonio que lo identifica y representa y que nada tiene que ver con el objetivo que pretende darle Poggi\u201d, enfatiz\u00f3.<\/h3>\n<h3>Esta vez se propone como objetivo establecer mejoras en el hospital de Villa Mercedes: \u201cLa salud no puede quedar sujeta a ninguna condici\u00f3n o plazo, como podr\u00eda considerarse la efectiva venta de la Casa\u201d, dice Abdala en los fundamentos de su proyecto.<\/h3>\n<p><img fetchpriority=\"high\" decoding=\"async\" class=\"wp-image-17344 aligncenter\" src=\"https:\/\/apuntesdesanluis.com\/wp-content\/uploads\/2024\/06\/casa-de-san-luis-281x300.png\" alt=\"\" width=\"482\" height=\"515\" srcset=\"https:\/\/apuntesdesanluis.com\/wp-content\/uploads\/2024\/06\/casa-de-san-luis-281x300.png 281w, https:\/\/apuntesdesanluis.com\/wp-content\/uploads\/2024\/06\/casa-de-san-luis.png 674w\" sizes=\"(max-width: 482px) 100vw, 482px\" \/><\/p>\n<h3>Agrega que \u201ces responsabilidad del Estado provincial cumplir y dar una respuesta oportuna para todos los ciudadanos que dependen del servicio brindado por el Policl\u00ednico Regional Juan Domingo Per\u00f3n\u201d, en Villa Mercedes.<\/h3>\n<h3>Cabe resaltar que del debate en la C\u00e1mara de Diputados de la provincia, \u201csurge que el inmueble no ha sido siquiera tasado y que el proyecto establece que el inmueble ser\u00e1 subastado. En consecuencia se profundiza a\u00fan m\u00e1s la preocupaci\u00f3n de miles de vecinos de San Luis respecto a la intenci\u00f3n de este proyecto y c\u00f3mo podr\u00eda ayudar efectivamente al mejoramiento de la salud, ya que se desconoce cu\u00e1nto dinero ingresar\u00e1 a las arcas del Estado\u201d, sostuvo el senador de la provincia de San Luis.<\/h3>\n<h3>Asimismo, el legislador advirti\u00f3: \u201cMe permito alertar a la ciudadan\u00eda sobre si se conoce qui\u00e9n es el sujeto interesado en la adquisici\u00f3n del edificio\u201d.<\/h3>\n<h3>\u00a0\u201cSin lugar a dudas el inmueble es una parte fundamental del patrimonio cultural que representa a la provincia y tambi\u00e9n de la naci\u00f3n, tanto por los destinos como por las funciones que alberg\u00f3 desde su construcci\u00f3n. Es innegable el valor que el edificio de la Casa de San Luis conforma tanto material como inmaterial de la provincia de San Luis\u201d, se\u00f1ala en otros fundamentos de su proyecto.<\/h3>\n<h3>Por \u00faltimo Abdala a\u00f1adi\u00f3: \u201cDebemos preservar la Casa de San Luis, ponerla en valor y que se convierta nuevamente en punto de reuni\u00f3n de valiosos encuentros para el desarrollo productivo, industrial, cultural de nuestra querida provincia; que sea motor de intercambios interprovinciales e internacionales; sede para nuestro gobernador y funcionarios y para que cada persona con inter\u00e9s en la provincia pueda conocer y realizar eficazmente todos los tr\u00e1mites que requieran\u201d.<\/h3>\n<h3><span style=\"color: #3366ff;\"><strong>NOTICIA RELACIONADA:<\/strong><\/span><\/h3>\n<p><a href=\"https:\/\/apuntesdesanluis.com\/index.php\/2024\/06\/12\/diputados-aprobo-la-venta-de-la-casa-de-san-luis-en-capital-federal\/\" target=\"_blank\" rel=\"noopener\"><img decoding=\"async\" class=\"alignnone  wp-image-18244\" src=\"https:\/\/apuntesdesanluis.com\/wp-content\/uploads\/2024\/06\/POSTEO-3-300x235.png\" alt=\"\" width=\"365\" height=\"286\" srcset=\"https:\/\/apuntesdesanluis.com\/wp-content\/uploads\/2024\/06\/POSTEO-3-300x235.png 300w, https:\/\/apuntesdesanluis.com\/wp-content\/uploads\/2024\/06\/POSTEO-3.png 589w\" sizes=\"(max-width: 365px) 100vw, 365px\" \/><\/a><\/p>\n<p>&nbsp;<\/p>\n<p>&nbsp;<\/p>\n<p>&nbsp;<\/p>\n","protected":false},"excerpt":{"rendered":"<p>El Presidente provisional del Senado, Bartolom\u00e9 Abdala (LLA), present\u00f3 un proyecto de Ley para declarar&#8230;<\/p>\n","protected":false},"author":1,"featured_media":18241,"comment_status":"closed","ping_status":"closed","sticky":false,"template":"","format":"standard","meta":{"footnotes":""},"categories":[5],"tags":[],"class_list":["post-18240","post","type-post","status-publish","format-standard","has-post-thumbnail","hentry","category-nacionales-internacionales"],"yoast_head":"<!-- This site is optimized with the Yoast SEO plugin v26.1.1 - https:\/\/yoast.com\/wordpress\/plugins\/seo\/ -->\n<title>PROPONEN DECLARAR MONUMENTO HIST\u00d3RICO Y PRESERVAR LA CASA DE SAN LUIS - Apuntes de San Luis<\/title>\n<meta name=\"robots\" content=\"index, follow, max-snippet:-1, max-image-preview:large, max-video-preview:-1\" \/>\n<link rel=\"canonical\" href=\"https:\/\/apuntesdesanluis.com\/index.php\/2024\/06\/24\/proponen-declarar-monumento-historico-y-preservar-la-casa-de-san-luis\/\" \/>\n<meta property=\"og:locale\" content=\"es_ES\" \/>\n<meta property=\"og:type\" content=\"article\" \/>\n<meta property=\"og:title\" content=\"PROPONEN DECLARAR MONUMENTO HIST\u00d3RICO Y PRESERVAR LA CASA DE SAN LUIS - Apuntes de San Luis\" \/>\n<meta property=\"og:description\" content=\"El Presidente provisional del Senado, Bartolom\u00e9 Abdala (LLA), present\u00f3 un proyecto de Ley para declarar...\" \/>\n<meta property=\"og:url\" content=\"https:\/\/apuntesdesanluis.com\/index.php\/2024\/06\/24\/proponen-declarar-monumento-historico-y-preservar-la-casa-de-san-luis\/\" \/>\n<meta property=\"og:site_name\" content=\"Apuntes de San Luis\" \/>\n<meta property=\"article:published_time\" content=\"2024-06-24T17:33:51+00:00\" \/>\n<meta property=\"article:modified_time\" content=\"2024-06-24T17:42:37+00:00\" \/>\n<meta property=\"og:image\" content=\"https:\/\/apuntesdesanluis.com\/wp-content\/uploads\/2024\/06\/abdala-casa-de-san-luis.png\" \/>\n\t<meta property=\"og:image:width\" content=\"513\" \/>\n\t<meta property=\"og:image:height\" content=\"307\" \/>\n\t<meta property=\"og:image:type\" content=\"image\/png\" \/>\n<meta name=\"author\" content=\"apuntesdesanluis.com\" \/>\n<meta name=\"twitter:card\" content=\"summary_large_image\" \/>\n<meta name=\"twitter:label1\" content=\"Escrito por\" \/>\n\t<meta name=\"twitter:data1\" content=\"apuntesdesanluis.com\" \/>\n\t<meta name=\"twitter:label2\" content=\"Tiempo de lectura\" \/>\n\t<meta name=\"twitter:data2\" content=\"3 minutos\" \/>\n<script type=\"application\/ld+json\" class=\"yoast-schema-graph\">{\"@context\":\"https:\/\/schema.org\",\"@graph\":[{\"@type\":\"Article\",\"@id\":\"https:\/\/apuntesdesanluis.com\/index.php\/2024\/06\/24\/proponen-declarar-monumento-historico-y-preservar-la-casa-de-san-luis\/#article\",\"isPartOf\":{\"@id\":\"https:\/\/apuntesdesanluis.com\/index.php\/2024\/06\/24\/proponen-declarar-monumento-historico-y-preservar-la-casa-de-san-luis\/\"},\"author\":{\"name\":\"apuntesdesanluis.com\",\"@id\":\"https:\/\/apuntesdesanluis.com\/#\/schema\/person\/b55151d52296fcce64d1a72538a70b90\"},\"headline\":\"PROPONEN DECLARAR MONUMENTO HIST\u00d3RICO Y PRESERVAR LA CASA DE SAN LUIS\",\"datePublished\":\"2024-06-24T17:33:51+00:00\",\"dateModified\":\"2024-06-24T17:42:37+00:00\",\"mainEntityOfPage\":{\"@id\":\"https:\/\/apuntesdesanluis.com\/index.php\/2024\/06\/24\/proponen-declarar-monumento-historico-y-preservar-la-casa-de-san-luis\/\"},\"wordCount\":562,\"publisher\":{\"@id\":\"https:\/\/apuntesdesanluis.com\/#\/schema\/person\/b55151d52296fcce64d1a72538a70b90\"},\"image\":{\"@id\":\"https:\/\/apuntesdesanluis.com\/index.php\/2024\/06\/24\/proponen-declarar-monumento-historico-y-preservar-la-casa-de-san-luis\/#primaryimage\"},\"thumbnailUrl\":\"https:\/\/apuntesdesanluis.com\/wp-content\/uploads\/2024\/06\/abdala-casa-de-san-luis.png\",\"articleSection\":[\"Nacionales\/Internacionales\"],\"inLanguage\":\"es-AR\"},{\"@type\":\"WebPage\",\"@id\":\"https:\/\/apuntesdesanluis.com\/index.php\/2024\/06\/24\/proponen-declarar-monumento-historico-y-preservar-la-casa-de-san-luis\/\",\"url\":\"https:\/\/apuntesdesanluis.com\/index.php\/2024\/06\/24\/proponen-declarar-monumento-historico-y-preservar-la-casa-de-san-luis\/\",\"name\":\"PROPONEN DECLARAR MONUMENTO HIST\u00d3RICO Y PRESERVAR LA CASA DE SAN LUIS - Apuntes de San Luis\",\"isPartOf\":{\"@id\":\"https:\/\/apuntesdesanluis.com\/#website\"},\"primaryImageOfPage\":{\"@id\":\"https:\/\/apuntesdesanluis.com\/index.php\/2024\/06\/24\/proponen-declarar-monumento-historico-y-preservar-la-casa-de-san-luis\/#primaryimage\"},\"image\":{\"@id\":\"https:\/\/apuntesdesanluis.com\/index.php\/2024\/06\/24\/proponen-declarar-monumento-historico-y-preservar-la-casa-de-san-luis\/#primaryimage\"},\"thumbnailUrl\":\"https:\/\/apuntesdesanluis.com\/wp-content\/uploads\/2024\/06\/abdala-casa-de-san-luis.png\",\"datePublished\":\"2024-06-24T17:33:51+00:00\",\"dateModified\":\"2024-06-24T17:42:37+00:00\",\"breadcrumb\":{\"@id\":\"https:\/\/apuntesdesanluis.com\/index.php\/2024\/06\/24\/proponen-declarar-monumento-historico-y-preservar-la-casa-de-san-luis\/#breadcrumb\"},\"inLanguage\":\"es-AR\",\"potentialAction\":[{\"@type\":\"ReadAction\",\"target\":[\"https:\/\/apuntesdesanluis.com\/index.php\/2024\/06\/24\/proponen-declarar-monumento-historico-y-preservar-la-casa-de-san-luis\/\"]}]},{\"@type\":\"ImageObject\",\"inLanguage\":\"es-AR\",\"@id\":\"https:\/\/apuntesdesanluis.com\/index.php\/2024\/06\/24\/proponen-declarar-monumento-historico-y-preservar-la-casa-de-san-luis\/#primaryimage\",\"url\":\"https:\/\/apuntesdesanluis.com\/wp-content\/uploads\/2024\/06\/abdala-casa-de-san-luis.png\",\"contentUrl\":\"https:\/\/apuntesdesanluis.com\/wp-content\/uploads\/2024\/06\/abdala-casa-de-san-luis.png\",\"width\":513,\"height\":307},{\"@type\":\"BreadcrumbList\",\"@id\":\"https:\/\/apuntesdesanluis.com\/index.php\/2024\/06\/24\/proponen-declarar-monumento-historico-y-preservar-la-casa-de-san-luis\/#breadcrumb\",\"itemListElement\":[{\"@type\":\"ListItem\",\"position\":1,\"name\":\"Inicio\",\"item\":\"https:\/\/apuntesdesanluis.com\/\"},{\"@type\":\"ListItem\",\"position\":2,\"name\":\"PROPONEN DECLARAR MONUMENTO HIST\u00d3RICO Y PRESERVAR LA CASA DE SAN LUIS\"}]},{\"@type\":\"WebSite\",\"@id\":\"https:\/\/apuntesdesanluis.com\/#website\",\"url\":\"https:\/\/apuntesdesanluis.com\/\",\"name\":\"Apuntes de San Luis\",\"description\":\"\",\"publisher\":{\"@id\":\"https:\/\/apuntesdesanluis.com\/#\/schema\/person\/b55151d52296fcce64d1a72538a70b90\"},\"potentialAction\":[{\"@type\":\"SearchAction\",\"target\":{\"@type\":\"EntryPoint\",\"urlTemplate\":\"https:\/\/apuntesdesanluis.com\/?s={search_term_string}\"},\"query-input\":{\"@type\":\"PropertyValueSpecification\",\"valueRequired\":true,\"valueName\":\"search_term_string\"}}],\"inLanguage\":\"es-AR\"},{\"@type\":[\"Person\",\"Organization\"],\"@id\":\"https:\/\/apuntesdesanluis.com\/#\/schema\/person\/b55151d52296fcce64d1a72538a70b90\",\"name\":\"apuntesdesanluis.com\",\"image\":{\"@type\":\"ImageObject\",\"inLanguage\":\"es-AR\",\"@id\":\"https:\/\/apuntesdesanluis.com\/#\/schema\/person\/image\/\",\"url\":\"https:\/\/apuntesdesanluis.com\/wp-content\/uploads\/2023\/07\/cropped-apuntesdesanluis.png\",\"contentUrl\":\"https:\/\/apuntesdesanluis.com\/wp-content\/uploads\/2023\/07\/cropped-apuntesdesanluis.png\",\"width\":450,\"height\":112,\"caption\":\"apuntesdesanluis.com\"},\"logo\":{\"@id\":\"https:\/\/apuntesdesanluis.com\/#\/schema\/person\/image\/\"},\"sameAs\":[\"https:\/\/apuntesdesanluis.com\"],\"url\":\"https:\/\/apuntesdesanluis.com\/index.php\/author\/apuntesdesanluis-com\/\"}]}<\/script>\n<!-- \/ Yoast SEO plugin. -->","yoast_head_json":{"title":"PROPONEN DECLARAR MONUMENTO HIST\u00d3RICO Y PRESERVAR LA CASA DE SAN LUIS - Apuntes de San Luis","robots":{"index":"index","follow":"follow","max-snippet":"max-snippet:-1","max-image-preview":"max-image-preview:large","max-video-preview":"max-video-preview:-1"},"canonical":"https:\/\/apuntesdesanluis.com\/index.php\/2024\/06\/24\/proponen-declarar-monumento-historico-y-preservar-la-casa-de-san-luis\/","og_locale":"es_ES","og_type":"article","og_title":"PROPONEN DECLARAR MONUMENTO HIST\u00d3RICO Y PRESERVAR LA CASA DE SAN LUIS - Apuntes de San Luis","og_description":"El Presidente provisional del Senado, Bartolom\u00e9 Abdala (LLA), present\u00f3 un proyecto de Ley para declarar...","og_url":"https:\/\/apuntesdesanluis.com\/index.php\/2024\/06\/24\/proponen-declarar-monumento-historico-y-preservar-la-casa-de-san-luis\/","og_site_name":"Apuntes de San Luis","article_published_time":"2024-06-24T17:33:51+00:00","article_modified_time":"2024-06-24T17:42:37+00:00","og_image":[{"width":513,"height":307,"url":"https:\/\/apuntesdesanluis.com\/wp-content\/uploads\/2024\/06\/abdala-casa-de-san-luis.png","type":"image\/png"}],"author":"apuntesdesanluis.com","twitter_card":"summary_large_image","twitter_misc":{"Escrito por":"apuntesdesanluis.com","Tiempo de lectura":"3 minutos"},"schema":{"@context":"https:\/\/schema.org","@graph":[{"@type":"Article","@id":"https:\/\/apuntesdesanluis.com\/index.php\/2024\/06\/24\/proponen-declarar-monumento-historico-y-preservar-la-casa-de-san-luis\/#article","isPartOf":{"@id":"https:\/\/apuntesdesanluis.com\/index.php\/2024\/06\/24\/proponen-declarar-monumento-historico-y-preservar-la-casa-de-san-luis\/"},"author":{"name":"apuntesdesanluis.com","@id":"https:\/\/apuntesdesanluis.com\/#\/schema\/person\/b55151d52296fcce64d1a72538a70b90"},"headline":"PROPONEN DECLARAR MONUMENTO HIST\u00d3RICO Y PRESERVAR LA CASA DE SAN LUIS","datePublished":"2024-06-24T17:33:51+00:00","dateModified":"2024-06-24T17:42:37+00:00","mainEntityOfPage":{"@id":"https:\/\/apuntesdesanluis.com\/index.php\/2024\/06\/24\/proponen-declarar-monumento-historico-y-preservar-la-casa-de-san-luis\/"},"wordCount":562,"publisher":{"@id":"https:\/\/apuntesdesanluis.com\/#\/schema\/person\/b55151d52296fcce64d1a72538a70b90"},"image":{"@id":"https:\/\/apuntesdesanluis.com\/index.php\/2024\/06\/24\/proponen-declarar-monumento-historico-y-preservar-la-casa-de-san-luis\/#primaryimage"},"thumbnailUrl":"https:\/\/apuntesdesanluis.com\/wp-content\/uploads\/2024\/06\/abdala-casa-de-san-luis.png","articleSection":["Nacionales\/Internacionales"],"inLanguage":"es-AR"},{"@type":"WebPage","@id":"https:\/\/apuntesdesanluis.com\/index.php\/2024\/06\/24\/proponen-declarar-monumento-historico-y-preservar-la-casa-de-san-luis\/","url":"https:\/\/apuntesdesanluis.com\/index.php\/2024\/06\/24\/proponen-declarar-monumento-historico-y-preservar-la-casa-de-san-luis\/","name":"PROPONEN DECLARAR MONUMENTO HIST\u00d3RICO Y PRESERVAR LA CASA DE SAN LUIS - Apuntes de San Luis","isPartOf":{"@id":"https:\/\/apuntesdesanluis.com\/#website"},"primaryImageOfPage":{"@id":"https:\/\/apuntesdesanluis.com\/index.php\/2024\/06\/24\/proponen-declarar-monumento-historico-y-preservar-la-casa-de-san-luis\/#primaryimage"},"image":{"@id":"https:\/\/apuntesdesanluis.com\/index.php\/2024\/06\/24\/proponen-declarar-monumento-historico-y-preservar-la-casa-de-san-luis\/#primaryimage"},"thumbnailUrl":"https:\/\/apuntesdesanluis.com\/wp-content\/uploads\/2024\/06\/abdala-casa-de-san-luis.png","datePublished":"2024-06-24T17:33:51+00:00","dateModified":"2024-06-24T17:42:37+00:00","breadcrumb":{"@id":"https:\/\/apuntesdesanluis.com\/index.php\/2024\/06\/24\/proponen-declarar-monumento-historico-y-preservar-la-casa-de-san-luis\/#breadcrumb"},"inLanguage":"es-AR","potentialAction":[{"@type":"ReadAction","target":["https:\/\/apuntesdesanluis.com\/index.php\/2024\/06\/24\/proponen-declarar-monumento-historico-y-preservar-la-casa-de-san-luis\/"]}]},{"@type":"ImageObject","inLanguage":"es-AR","@id":"https:\/\/apuntesdesanluis.com\/index.php\/2024\/06\/24\/proponen-declarar-monumento-historico-y-preservar-la-casa-de-san-luis\/#primaryimage","url":"https:\/\/apuntesdesanluis.com\/wp-content\/uploads\/2024\/06\/abdala-casa-de-san-luis.png","contentUrl":"https:\/\/apuntesdesanluis.com\/wp-content\/uploads\/2024\/06\/abdala-casa-de-san-luis.png","width":513,"height":307},{"@type":"BreadcrumbList","@id":"https:\/\/apuntesdesanluis.com\/index.php\/2024\/06\/24\/proponen-declarar-monumento-historico-y-preservar-la-casa-de-san-luis\/#breadcrumb","itemListElement":[{"@type":"ListItem","position":1,"name":"Inicio","item":"https:\/\/apuntesdesanluis.com\/"},{"@type":"ListItem","position":2,"name":"PROPONEN DECLARAR MONUMENTO HIST\u00d3RICO Y PRESERVAR LA CASA DE SAN LUIS"}]},{"@type":"WebSite","@id":"https:\/\/apuntesdesanluis.com\/#website","url":"https:\/\/apuntesdesanluis.com\/","name":"Apuntes de San Luis","description":"","publisher":{"@id":"https:\/\/apuntesdesanluis.com\/#\/schema\/person\/b55151d52296fcce64d1a72538a70b90"},"potentialAction":[{"@type":"SearchAction","target":{"@type":"EntryPoint","urlTemplate":"https:\/\/apuntesdesanluis.com\/?s={search_term_string}"},"query-input":{"@type":"PropertyValueSpecification","valueRequired":true,"valueName":"search_term_string"}}],"inLanguage":"es-AR"},{"@type":["Person","Organization"],"@id":"https:\/\/apuntesdesanluis.com\/#\/schema\/person\/b55151d52296fcce64d1a72538a70b90","name":"apuntesdesanluis.com","image":{"@type":"ImageObject","inLanguage":"es-AR","@id":"https:\/\/apuntesdesanluis.com\/#\/schema\/person\/image\/","url":"https:\/\/apuntesdesanluis.com\/wp-content\/uploads\/2023\/07\/cropped-apuntesdesanluis.png","contentUrl":"https:\/\/apuntesdesanluis.com\/wp-content\/uploads\/2023\/07\/cropped-apuntesdesanluis.png","width":450,"height":112,"caption":"apuntesdesanluis.com"},"logo":{"@id":"https:\/\/apuntesdesanluis.com\/#\/schema\/person\/image\/"},"sameAs":["https:\/\/apuntesdesanluis.com"],"url":"https:\/\/apuntesdesanluis.com\/index.php\/author\/apuntesdesanluis-com\/"}]}},"featured_image_urls":{"full":["https:\/\/apuntesdesanluis.com\/wp-content\/uploads\/2024\/06\/abdala-casa-de-san-luis.png",513,307,false],"thumbnail":["https:\/\/apuntesdesanluis.com\/wp-content\/uploads\/2024\/06\/abdala-casa-de-san-luis-150x150.png",150,150,true],"medium":["https:\/\/apuntesdesanluis.com\/wp-content\/uploads\/2024\/06\/abdala-casa-de-san-luis-300x180.png",300,180,true],"medium_large":["https:\/\/apuntesdesanluis.com\/wp-content\/uploads\/2024\/06\/abdala-casa-de-san-luis.png",513,307,false],"large":["https:\/\/apuntesdesanluis.com\/wp-content\/uploads\/2024\/06\/abdala-casa-de-san-luis.png",513,307,false],"1536x1536":["https:\/\/apuntesdesanluis.com\/wp-content\/uploads\/2024\/06\/abdala-casa-de-san-luis.png",513,307,false],"2048x2048":["https:\/\/apuntesdesanluis.com\/wp-content\/uploads\/2024\/06\/abdala-casa-de-san-luis.png",513,307,false],"newsever-slider-full":["https:\/\/apuntesdesanluis.com\/wp-content\/uploads\/2024\/06\/abdala-casa-de-san-luis.png",513,307,false],"newsever-featured":["https:\/\/apuntesdesanluis.com\/wp-content\/uploads\/2024\/06\/abdala-casa-de-san-luis.png",513,307,false],"newsever-medium":["https:\/\/apuntesdesanluis.com\/wp-content\/uploads\/2024\/06\/abdala-casa-de-san-luis.png",513,307,false]},"author_info":{"display_name":"apuntesdesanluis.com","author_link":"https:\/\/apuntesdesanluis.com\/index.php\/author\/apuntesdesanluis-com\/"},"category_info":"<a href=\"https:\/\/apuntesdesanluis.com\/index.php\/category\/nacionales-internacionales\/\" rel=\"category tag\">Nacionales\/Internacionales<\/a>","tag_info":"Nacionales\/Internacionales","comment_count":"0","_links":{"self":[{"href":"https:\/\/apuntesdesanluis.com\/index.php\/wp-json\/wp\/v2\/posts\/18240","targetHints":{"allow":["GET"]}}],"collection":[{"href":"https:\/\/apuntesdesanluis.com\/index.php\/wp-json\/wp\/v2\/posts"}],"about":[{"href":"https:\/\/apuntesdesanluis.com\/index.php\/wp-json\/wp\/v2\/types\/post"}],"author":[{"embeddable":true,"href":"https:\/\/apuntesdesanluis.com\/index.php\/wp-json\/wp\/v2\/users\/1"}],"replies":[{"embeddable":true,"href":"https:\/\/apuntesdesanluis.com\/index.php\/wp-json\/wp\/v2\/comments?post=18240"}],"version-history":[{"count":4,"href":"https:\/\/apuntesdesanluis.com\/index.php\/wp-json\/wp\/v2\/posts\/18240\/revisions"}],"predecessor-version":[{"id":18246,"href":"https:\/\/apuntesdesanluis.com\/index.php\/wp-json\/wp\/v2\/posts\/18240\/revisions\/18246"}],"wp:featuredmedia":[{"embeddable":true,"href":"https:\/\/apuntesdesanluis.com\/index.php\/wp-json\/wp\/v2\/media\/18241"}],"wp:attachment":[{"href":"https:\/\/apuntesdesanluis.com\/index.php\/wp-json\/wp\/v2\/media?parent=18240"}],"wp:term":[{"taxonomy":"category","embeddable":true,"href":"https:\/\/apuntesdesanluis.com\/index.php\/wp-json\/wp\/v2\/categories?post=18240"},{"taxonomy":"post_tag","embeddable":true,"href":"https:\/\/apuntesdesanluis.com\/index.php\/wp-json\/wp\/v2\/tags?post=18240"}],"curies":[{"name":"wp","href":"https:\/\/api.w.org\/{rel}","templated":true}]}}