{"id":18247,"date":"2024-06-24T19:37:22","date_gmt":"2024-06-24T22:37:22","guid":{"rendered":"https:\/\/apuntesdesanluis.com\/?p=18247"},"modified":"2024-06-24T19:37:22","modified_gmt":"2024-06-24T22:37:22","slug":"aseguran-que-san-luis-alcanzo-un-80-de-ocupacion-hotelera-este-finde-largo","status":"publish","type":"post","link":"https:\/\/apuntesdesanluis.com\/index.php\/2024\/06\/24\/aseguran-que-san-luis-alcanzo-un-80-de-ocupacion-hotelera-este-finde-largo\/","title":{"rendered":"ASEGURAN QUE SAN LUIS ALCANZ\u00d3 UN 80% DE OCUPACI\u00d3N HOTELERA ESTE FINDE LARGO"},"content":{"rendered":"<h3>Este lunes, en conferencia de prensa, el ministro de Turismo y Cultura, <strong>Juan Manuel Rigau<\/strong>, brind\u00f3 detalles de los n\u00fameros que el turismo dej\u00f3 en la provincia este fin de semana largo y coment\u00f3 c\u00f3mo se preparan para fomentar la afluencia de visitantes de cara a las vacaciones de invierno.<\/h3>\n<h3>\u201cLa verdad que ha sido un buen fin de semana largo para la provincia de San Luis, con mejores expectativas de las que ten\u00edamos. La semana pasada les dije que ten\u00edamos un 50% de ocupaci\u00f3n y que en los \u00faltimos d\u00edas iba a terminar de completarse. Hoy vemos un mejor n\u00famero y efectivamente tuvimos un 80% de ocupaci\u00f3n hotelera con casi 23 mil plazas ocupadas a lo largo y a lo ancho (del territorio) con picos en algunas localidades, como San Jer\u00f3nimo o Balde por ejemplo, que es bien de esta \u00e9poca, donde hubo una ocupaci\u00f3n del 100%\u201d, explic\u00f3 Rigau. \u201cMerlo y La Carolina tambi\u00e9n han sido lugares con much\u00edsima afluencia. De hecho, Merlo, dicho por la Secretar\u00eda de Turismo de la Naci\u00f3n, est\u00e1 dentro de las diez localidades m\u00e1s visitadas del pa\u00eds, lo cual es un orgullo y muestra el buen trabajo del municipio, el acompa\u00f1amiento que est\u00e1 teniendo\u201d, agreg\u00f3.<\/h3>\n<p><iframe title=\"Juan Manuel Rigau, ministro de Turismo y Cultura\" width=\"640\" height=\"360\" src=\"https:\/\/www.youtube.com\/embed\/6kaZtg3ARQ0?feature=oembed\" frameborder=\"0\" allow=\"accelerometer; autoplay; clipboard-write; encrypted-media; gyroscope; picture-in-picture; web-share\" referrerpolicy=\"strict-origin-when-cross-origin\" allowfullscreen><\/iframe><\/p>\n<h3>Rigau tambi\u00e9n destac\u00f3 la inyecci\u00f3n de fondos a la econom\u00eda provincial que gener\u00f3 el movimiento tur\u00edstico, que estim\u00f3 en 4.000 millones de pesos, con visitantes que gastaron entre 50 mil y 70 mil pesos diarios en consumos y servicios. \u201cCuando hacemos promoci\u00f3n apuntamos a los lugares que entendemos van a generar mayor consumo para la provincia, y que eso ayude al sector privado de la mejor manera\u201d, a\u00f1adi\u00f3.<\/h3>\n<h3>El Ministro adelant\u00f3 que la semana entrante van a presentar las ofertas para la temporada de invierno, con un gran impulso cultural y una grilla de actividades dirigidas no solo a turistas sino tambi\u00e9n a los sanluise\u00f1os, \u201cfundamentalmente para que todos los que tengan oportunidades de disfrutar estas vacaciones de invierno internamente\u201d.<\/h3>\n<h3>Por ahora, dijo el funcionario, las reservas no son significativas pero esperan que se repita la tendencia que se dio este fin de semana, con visitantes que se decidieron a reservar a \u00faltimo momento. \u201cHoy la ventaja que da la tecnolog\u00eda, tanto en los tel\u00e9fonos y en las promociones, tiene que ver con esto de que la gente espera hasta el \u00faltimo momento para ver qu\u00e9 promociones hay, cu\u00e1les son los destinos m\u00e1s tentadores\u201d, cerr\u00f3.<\/h3>\n<p>&nbsp;<\/p>\n<p>&nbsp;<\/p>\n<p>&nbsp;<\/p>\n","protected":false},"excerpt":{"rendered":"<p>Este lunes, en conferencia de prensa, el ministro de Turismo y Cultura, Juan Manuel Rigau,&#8230;<\/p>\n","protected":false},"author":1,"featured_media":18248,"comment_status":"closed","ping_status":"closed","sticky":false,"template":"","format":"standard","meta":{"footnotes":""},"categories":[6],"tags":[],"class_list":["post-18247","post","type-post","status-publish","format-standard","has-post-thumbnail","hentry","category-ciudad-provincia"],"yoast_head":"<!-- This site is optimized with the Yoast SEO plugin v26.1.1 - https:\/\/yoast.com\/wordpress\/plugins\/seo\/ -->\n<title>ASEGURAN QUE SAN LUIS ALCANZ\u00d3 UN 80% DE OCUPACI\u00d3N HOTELERA ESTE FINDE LARGO - Apuntes de San Luis<\/title>\n<meta name=\"robots\" content=\"index, follow, max-snippet:-1, max-image-preview:large, max-video-preview:-1\" \/>\n<link rel=\"canonical\" href=\"https:\/\/apuntesdesanluis.com\/index.php\/2024\/06\/24\/aseguran-que-san-luis-alcanzo-un-80-de-ocupacion-hotelera-este-finde-largo\/\" \/>\n<meta property=\"og:locale\" content=\"es_ES\" \/>\n<meta property=\"og:type\" content=\"article\" \/>\n<meta property=\"og:title\" content=\"ASEGURAN QUE SAN LUIS ALCANZ\u00d3 UN 80% DE OCUPACI\u00d3N HOTELERA ESTE FINDE LARGO - Apuntes de San Luis\" \/>\n<meta property=\"og:description\" content=\"Este lunes, en conferencia de prensa, el ministro de Turismo y Cultura, Juan Manuel Rigau,...\" \/>\n<meta property=\"og:url\" content=\"https:\/\/apuntesdesanluis.com\/index.php\/2024\/06\/24\/aseguran-que-san-luis-alcanzo-un-80-de-ocupacion-hotelera-este-finde-largo\/\" \/>\n<meta property=\"og:site_name\" content=\"Apuntes de San Luis\" \/>\n<meta property=\"article:published_time\" content=\"2024-06-24T22:37:22+00:00\" \/>\n<meta property=\"og:image\" content=\"https:\/\/apuntesdesanluis.com\/wp-content\/uploads\/2024\/06\/rigau.png\" \/>\n\t<meta property=\"og:image:width\" content=\"586\" \/>\n\t<meta property=\"og:image:height\" content=\"370\" \/>\n\t<meta property=\"og:image:type\" content=\"image\/png\" \/>\n<meta name=\"author\" content=\"apuntesdesanluis.com\" \/>\n<meta name=\"twitter:card\" content=\"summary_large_image\" \/>\n<meta name=\"twitter:label1\" content=\"Escrito por\" \/>\n\t<meta name=\"twitter:data1\" content=\"apuntesdesanluis.com\" \/>\n\t<meta name=\"twitter:label2\" content=\"Tiempo de lectura\" \/>\n\t<meta name=\"twitter:data2\" content=\"3 minutos\" \/>\n<script type=\"application\/ld+json\" class=\"yoast-schema-graph\">{\"@context\":\"https:\/\/schema.org\",\"@graph\":[{\"@type\":\"Article\",\"@id\":\"https:\/\/apuntesdesanluis.com\/index.php\/2024\/06\/24\/aseguran-que-san-luis-alcanzo-un-80-de-ocupacion-hotelera-este-finde-largo\/#article\",\"isPartOf\":{\"@id\":\"https:\/\/apuntesdesanluis.com\/index.php\/2024\/06\/24\/aseguran-que-san-luis-alcanzo-un-80-de-ocupacion-hotelera-este-finde-largo\/\"},\"author\":{\"name\":\"apuntesdesanluis.com\",\"@id\":\"https:\/\/apuntesdesanluis.com\/#\/schema\/person\/b55151d52296fcce64d1a72538a70b90\"},\"headline\":\"ASEGURAN QUE SAN LUIS ALCANZ\u00d3 UN 80% DE OCUPACI\u00d3N HOTELERA ESTE FINDE LARGO\",\"datePublished\":\"2024-06-24T22:37:22+00:00\",\"mainEntityOfPage\":{\"@id\":\"https:\/\/apuntesdesanluis.com\/index.php\/2024\/06\/24\/aseguran-que-san-luis-alcanzo-un-80-de-ocupacion-hotelera-este-finde-largo\/\"},\"wordCount\":441,\"publisher\":{\"@id\":\"https:\/\/apuntesdesanluis.com\/#\/schema\/person\/b55151d52296fcce64d1a72538a70b90\"},\"image\":{\"@id\":\"https:\/\/apuntesdesanluis.com\/index.php\/2024\/06\/24\/aseguran-que-san-luis-alcanzo-un-80-de-ocupacion-hotelera-este-finde-largo\/#primaryimage\"},\"thumbnailUrl\":\"https:\/\/apuntesdesanluis.com\/wp-content\/uploads\/2024\/06\/rigau.png\",\"articleSection\":[\"Ciudad\/Provincia\"],\"inLanguage\":\"es-AR\"},{\"@type\":\"WebPage\",\"@id\":\"https:\/\/apuntesdesanluis.com\/index.php\/2024\/06\/24\/aseguran-que-san-luis-alcanzo-un-80-de-ocupacion-hotelera-este-finde-largo\/\",\"url\":\"https:\/\/apuntesdesanluis.com\/index.php\/2024\/06\/24\/aseguran-que-san-luis-alcanzo-un-80-de-ocupacion-hotelera-este-finde-largo\/\",\"name\":\"ASEGURAN QUE SAN LUIS ALCANZ\u00d3 UN 80% DE OCUPACI\u00d3N HOTELERA ESTE FINDE LARGO - Apuntes de San Luis\",\"isPartOf\":{\"@id\":\"https:\/\/apuntesdesanluis.com\/#website\"},\"primaryImageOfPage\":{\"@id\":\"https:\/\/apuntesdesanluis.com\/index.php\/2024\/06\/24\/aseguran-que-san-luis-alcanzo-un-80-de-ocupacion-hotelera-este-finde-largo\/#primaryimage\"},\"image\":{\"@id\":\"https:\/\/apuntesdesanluis.com\/index.php\/2024\/06\/24\/aseguran-que-san-luis-alcanzo-un-80-de-ocupacion-hotelera-este-finde-largo\/#primaryimage\"},\"thumbnailUrl\":\"https:\/\/apuntesdesanluis.com\/wp-content\/uploads\/2024\/06\/rigau.png\",\"datePublished\":\"2024-06-24T22:37:22+00:00\",\"breadcrumb\":{\"@id\":\"https:\/\/apuntesdesanluis.com\/index.php\/2024\/06\/24\/aseguran-que-san-luis-alcanzo-un-80-de-ocupacion-hotelera-este-finde-largo\/#breadcrumb\"},\"inLanguage\":\"es-AR\",\"potentialAction\":[{\"@type\":\"ReadAction\",\"target\":[\"https:\/\/apuntesdesanluis.com\/index.php\/2024\/06\/24\/aseguran-que-san-luis-alcanzo-un-80-de-ocupacion-hotelera-este-finde-largo\/\"]}]},{\"@type\":\"ImageObject\",\"inLanguage\":\"es-AR\",\"@id\":\"https:\/\/apuntesdesanluis.com\/index.php\/2024\/06\/24\/aseguran-que-san-luis-alcanzo-un-80-de-ocupacion-hotelera-este-finde-largo\/#primaryimage\",\"url\":\"https:\/\/apuntesdesanluis.com\/wp-content\/uploads\/2024\/06\/rigau.png\",\"contentUrl\":\"https:\/\/apuntesdesanluis.com\/wp-content\/uploads\/2024\/06\/rigau.png\",\"width\":586,\"height\":370},{\"@type\":\"BreadcrumbList\",\"@id\":\"https:\/\/apuntesdesanluis.com\/index.php\/2024\/06\/24\/aseguran-que-san-luis-alcanzo-un-80-de-ocupacion-hotelera-este-finde-largo\/#breadcrumb\",\"itemListElement\":[{\"@type\":\"ListItem\",\"position\":1,\"name\":\"Inicio\",\"item\":\"https:\/\/apuntesdesanluis.com\/\"},{\"@type\":\"ListItem\",\"position\":2,\"name\":\"ASEGURAN QUE SAN LUIS ALCANZ\u00d3 UN 80% DE OCUPACI\u00d3N HOTELERA ESTE FINDE LARGO\"}]},{\"@type\":\"WebSite\",\"@id\":\"https:\/\/apuntesdesanluis.com\/#website\",\"url\":\"https:\/\/apuntesdesanluis.com\/\",\"name\":\"Apuntes de San Luis\",\"description\":\"\",\"publisher\":{\"@id\":\"https:\/\/apuntesdesanluis.com\/#\/schema\/person\/b55151d52296fcce64d1a72538a70b90\"},\"potentialAction\":[{\"@type\":\"SearchAction\",\"target\":{\"@type\":\"EntryPoint\",\"urlTemplate\":\"https:\/\/apuntesdesanluis.com\/?s={search_term_string}\"},\"query-input\":{\"@type\":\"PropertyValueSpecification\",\"valueRequired\":true,\"valueName\":\"search_term_string\"}}],\"inLanguage\":\"es-AR\"},{\"@type\":[\"Person\",\"Organization\"],\"@id\":\"https:\/\/apuntesdesanluis.com\/#\/schema\/person\/b55151d52296fcce64d1a72538a70b90\",\"name\":\"apuntesdesanluis.com\",\"image\":{\"@type\":\"ImageObject\",\"inLanguage\":\"es-AR\",\"@id\":\"https:\/\/apuntesdesanluis.com\/#\/schema\/person\/image\/\",\"url\":\"https:\/\/apuntesdesanluis.com\/wp-content\/uploads\/2023\/07\/cropped-apuntesdesanluis.png\",\"contentUrl\":\"https:\/\/apuntesdesanluis.com\/wp-content\/uploads\/2023\/07\/cropped-apuntesdesanluis.png\",\"width\":450,\"height\":112,\"caption\":\"apuntesdesanluis.com\"},\"logo\":{\"@id\":\"https:\/\/apuntesdesanluis.com\/#\/schema\/person\/image\/\"},\"sameAs\":[\"https:\/\/apuntesdesanluis.com\"],\"url\":\"https:\/\/apuntesdesanluis.com\/index.php\/author\/apuntesdesanluis-com\/\"}]}<\/script>\n<!-- \/ Yoast SEO plugin. -->","yoast_head_json":{"title":"ASEGURAN QUE SAN LUIS ALCANZ\u00d3 UN 80% DE OCUPACI\u00d3N HOTELERA ESTE FINDE LARGO - Apuntes de San Luis","robots":{"index":"index","follow":"follow","max-snippet":"max-snippet:-1","max-image-preview":"max-image-preview:large","max-video-preview":"max-video-preview:-1"},"canonical":"https:\/\/apuntesdesanluis.com\/index.php\/2024\/06\/24\/aseguran-que-san-luis-alcanzo-un-80-de-ocupacion-hotelera-este-finde-largo\/","og_locale":"es_ES","og_type":"article","og_title":"ASEGURAN QUE SAN LUIS ALCANZ\u00d3 UN 80% DE OCUPACI\u00d3N HOTELERA ESTE FINDE LARGO - Apuntes de San Luis","og_description":"Este lunes, en conferencia de prensa, el ministro de Turismo y Cultura, Juan Manuel Rigau,...","og_url":"https:\/\/apuntesdesanluis.com\/index.php\/2024\/06\/24\/aseguran-que-san-luis-alcanzo-un-80-de-ocupacion-hotelera-este-finde-largo\/","og_site_name":"Apuntes de San Luis","article_published_time":"2024-06-24T22:37:22+00:00","og_image":[{"width":586,"height":370,"url":"https:\/\/apuntesdesanluis.com\/wp-content\/uploads\/2024\/06\/rigau.png","type":"image\/png"}],"author":"apuntesdesanluis.com","twitter_card":"summary_large_image","twitter_misc":{"Escrito por":"apuntesdesanluis.com","Tiempo de lectura":"3 minutos"},"schema":{"@context":"https:\/\/schema.org","@graph":[{"@type":"Article","@id":"https:\/\/apuntesdesanluis.com\/index.php\/2024\/06\/24\/aseguran-que-san-luis-alcanzo-un-80-de-ocupacion-hotelera-este-finde-largo\/#article","isPartOf":{"@id":"https:\/\/apuntesdesanluis.com\/index.php\/2024\/06\/24\/aseguran-que-san-luis-alcanzo-un-80-de-ocupacion-hotelera-este-finde-largo\/"},"author":{"name":"apuntesdesanluis.com","@id":"https:\/\/apuntesdesanluis.com\/#\/schema\/person\/b55151d52296fcce64d1a72538a70b90"},"headline":"ASEGURAN QUE SAN LUIS ALCANZ\u00d3 UN 80% DE OCUPACI\u00d3N HOTELERA ESTE FINDE LARGO","datePublished":"2024-06-24T22:37:22+00:00","mainEntityOfPage":{"@id":"https:\/\/apuntesdesanluis.com\/index.php\/2024\/06\/24\/aseguran-que-san-luis-alcanzo-un-80-de-ocupacion-hotelera-este-finde-largo\/"},"wordCount":441,"publisher":{"@id":"https:\/\/apuntesdesanluis.com\/#\/schema\/person\/b55151d52296fcce64d1a72538a70b90"},"image":{"@id":"https:\/\/apuntesdesanluis.com\/index.php\/2024\/06\/24\/aseguran-que-san-luis-alcanzo-un-80-de-ocupacion-hotelera-este-finde-largo\/#primaryimage"},"thumbnailUrl":"https:\/\/apuntesdesanluis.com\/wp-content\/uploads\/2024\/06\/rigau.png","articleSection":["Ciudad\/Provincia"],"inLanguage":"es-AR"},{"@type":"WebPage","@id":"https:\/\/apuntesdesanluis.com\/index.php\/2024\/06\/24\/aseguran-que-san-luis-alcanzo-un-80-de-ocupacion-hotelera-este-finde-largo\/","url":"https:\/\/apuntesdesanluis.com\/index.php\/2024\/06\/24\/aseguran-que-san-luis-alcanzo-un-80-de-ocupacion-hotelera-este-finde-largo\/","name":"ASEGURAN QUE SAN LUIS ALCANZ\u00d3 UN 80% DE OCUPACI\u00d3N HOTELERA ESTE FINDE LARGO - Apuntes de San Luis","isPartOf":{"@id":"https:\/\/apuntesdesanluis.com\/#website"},"primaryImageOfPage":{"@id":"https:\/\/apuntesdesanluis.com\/index.php\/2024\/06\/24\/aseguran-que-san-luis-alcanzo-un-80-de-ocupacion-hotelera-este-finde-largo\/#primaryimage"},"image":{"@id":"https:\/\/apuntesdesanluis.com\/index.php\/2024\/06\/24\/aseguran-que-san-luis-alcanzo-un-80-de-ocupacion-hotelera-este-finde-largo\/#primaryimage"},"thumbnailUrl":"https:\/\/apuntesdesanluis.com\/wp-content\/uploads\/2024\/06\/rigau.png","datePublished":"2024-06-24T22:37:22+00:00","breadcrumb":{"@id":"https:\/\/apuntesdesanluis.com\/index.php\/2024\/06\/24\/aseguran-que-san-luis-alcanzo-un-80-de-ocupacion-hotelera-este-finde-largo\/#breadcrumb"},"inLanguage":"es-AR","potentialAction":[{"@type":"ReadAction","target":["https:\/\/apuntesdesanluis.com\/index.php\/2024\/06\/24\/aseguran-que-san-luis-alcanzo-un-80-de-ocupacion-hotelera-este-finde-largo\/"]}]},{"@type":"ImageObject","inLanguage":"es-AR","@id":"https:\/\/apuntesdesanluis.com\/index.php\/2024\/06\/24\/aseguran-que-san-luis-alcanzo-un-80-de-ocupacion-hotelera-este-finde-largo\/#primaryimage","url":"https:\/\/apuntesdesanluis.com\/wp-content\/uploads\/2024\/06\/rigau.png","contentUrl":"https:\/\/apuntesdesanluis.com\/wp-content\/uploads\/2024\/06\/rigau.png","width":586,"height":370},{"@type":"BreadcrumbList","@id":"https:\/\/apuntesdesanluis.com\/index.php\/2024\/06\/24\/aseguran-que-san-luis-alcanzo-un-80-de-ocupacion-hotelera-este-finde-largo\/#breadcrumb","itemListElement":[{"@type":"ListItem","position":1,"name":"Inicio","item":"https:\/\/apuntesdesanluis.com\/"},{"@type":"ListItem","position":2,"name":"ASEGURAN QUE SAN LUIS ALCANZ\u00d3 UN 80% DE OCUPACI\u00d3N HOTELERA ESTE FINDE LARGO"}]},{"@type":"WebSite","@id":"https:\/\/apuntesdesanluis.com\/#website","url":"https:\/\/apuntesdesanluis.com\/","name":"Apuntes de San Luis","description":"","publisher":{"@id":"https:\/\/apuntesdesanluis.com\/#\/schema\/person\/b55151d52296fcce64d1a72538a70b90"},"potentialAction":[{"@type":"SearchAction","target":{"@type":"EntryPoint","urlTemplate":"https:\/\/apuntesdesanluis.com\/?s={search_term_string}"},"query-input":{"@type":"PropertyValueSpecification","valueRequired":true,"valueName":"search_term_string"}}],"inLanguage":"es-AR"},{"@type":["Person","Organization"],"@id":"https:\/\/apuntesdesanluis.com\/#\/schema\/person\/b55151d52296fcce64d1a72538a70b90","name":"apuntesdesanluis.com","image":{"@type":"ImageObject","inLanguage":"es-AR","@id":"https:\/\/apuntesdesanluis.com\/#\/schema\/person\/image\/","url":"https:\/\/apuntesdesanluis.com\/wp-content\/uploads\/2023\/07\/cropped-apuntesdesanluis.png","contentUrl":"https:\/\/apuntesdesanluis.com\/wp-content\/uploads\/2023\/07\/cropped-apuntesdesanluis.png","width":450,"height":112,"caption":"apuntesdesanluis.com"},"logo":{"@id":"https:\/\/apuntesdesanluis.com\/#\/schema\/person\/image\/"},"sameAs":["https:\/\/apuntesdesanluis.com"],"url":"https:\/\/apuntesdesanluis.com\/index.php\/author\/apuntesdesanluis-com\/"}]}},"featured_image_urls":{"full":["https:\/\/apuntesdesanluis.com\/wp-content\/uploads\/2024\/06\/rigau.png",586,370,false],"thumbnail":["https:\/\/apuntesdesanluis.com\/wp-content\/uploads\/2024\/06\/rigau-150x150.png",150,150,true],"medium":["https:\/\/apuntesdesanluis.com\/wp-content\/uploads\/2024\/06\/rigau-300x189.png",300,189,true],"medium_large":["https:\/\/apuntesdesanluis.com\/wp-content\/uploads\/2024\/06\/rigau.png",586,370,false],"large":["https:\/\/apuntesdesanluis.com\/wp-content\/uploads\/2024\/06\/rigau.png",586,370,false],"1536x1536":["https:\/\/apuntesdesanluis.com\/wp-content\/uploads\/2024\/06\/rigau.png",586,370,false],"2048x2048":["https:\/\/apuntesdesanluis.com\/wp-content\/uploads\/2024\/06\/rigau.png",586,370,false],"newsever-slider-full":["https:\/\/apuntesdesanluis.com\/wp-content\/uploads\/2024\/06\/rigau.png",586,370,false],"newsever-featured":["https:\/\/apuntesdesanluis.com\/wp-content\/uploads\/2024\/06\/rigau.png",586,370,false],"newsever-medium":["https:\/\/apuntesdesanluis.com\/wp-content\/uploads\/2024\/06\/rigau.png",586,370,false]},"author_info":{"display_name":"apuntesdesanluis.com","author_link":"https:\/\/apuntesdesanluis.com\/index.php\/author\/apuntesdesanluis-com\/"},"category_info":"<a href=\"https:\/\/apuntesdesanluis.com\/index.php\/category\/ciudad-provincia\/\" rel=\"category tag\">Ciudad\/Provincia<\/a>","tag_info":"Ciudad\/Provincia","comment_count":"0","_links":{"self":[{"href":"https:\/\/apuntesdesanluis.com\/index.php\/wp-json\/wp\/v2\/posts\/18247","targetHints":{"allow":["GET"]}}],"collection":[{"href":"https:\/\/apuntesdesanluis.com\/index.php\/wp-json\/wp\/v2\/posts"}],"about":[{"href":"https:\/\/apuntesdesanluis.com\/index.php\/wp-json\/wp\/v2\/types\/post"}],"author":[{"embeddable":true,"href":"https:\/\/apuntesdesanluis.com\/index.php\/wp-json\/wp\/v2\/users\/1"}],"replies":[{"embeddable":true,"href":"https:\/\/apuntesdesanluis.com\/index.php\/wp-json\/wp\/v2\/comments?post=18247"}],"version-history":[{"count":1,"href":"https:\/\/apuntesdesanluis.com\/index.php\/wp-json\/wp\/v2\/posts\/18247\/revisions"}],"predecessor-version":[{"id":18249,"href":"https:\/\/apuntesdesanluis.com\/index.php\/wp-json\/wp\/v2\/posts\/18247\/revisions\/18249"}],"wp:featuredmedia":[{"embeddable":true,"href":"https:\/\/apuntesdesanluis.com\/index.php\/wp-json\/wp\/v2\/media\/18248"}],"wp:attachment":[{"href":"https:\/\/apuntesdesanluis.com\/index.php\/wp-json\/wp\/v2\/media?parent=18247"}],"wp:term":[{"taxonomy":"category","embeddable":true,"href":"https:\/\/apuntesdesanluis.com\/index.php\/wp-json\/wp\/v2\/categories?post=18247"},{"taxonomy":"post_tag","embeddable":true,"href":"https:\/\/apuntesdesanluis.com\/index.php\/wp-json\/wp\/v2\/tags?post=18247"}],"curies":[{"name":"wp","href":"https:\/\/api.w.org\/{rel}","templated":true}]}}