{"id":18250,"date":"2024-06-24T19:52:57","date_gmt":"2024-06-24T22:52:57","guid":{"rendered":"https:\/\/apuntesdesanluis.com\/?p=18250"},"modified":"2024-06-24T19:56:20","modified_gmt":"2024-06-24T22:56:20","slug":"unvime-jornada-sobre-educacion-financiera-en-justo-daract","status":"publish","type":"post","link":"https:\/\/apuntesdesanluis.com\/index.php\/2024\/06\/24\/unvime-jornada-sobre-educacion-financiera-en-justo-daract\/","title":{"rendered":"UNVIME: JORNADA SOBRE EDUCACI\u00d3N FINANCIERA EN JUSTO DARACT"},"content":{"rendered":"<h3>Se realiza a partir del Proyecto de Extensi\u00f3n de Inter\u00e9s Social (PEIS) \u00abFortalecimiento de J\u00f3venes Daractenses: herramientas para docentes de nivel secundario para uso del dinero\u00bb, de la <strong>Escuela de Ciencias Sociales y Educaci\u00f3n de la UNViMe<\/strong>.<\/h3>\n<h3>La Jornada <strong>\u00abSembrando las semillas para un futuro mejor: Educaci\u00f3n Financiera desde y para las aulas\u00bb<\/strong> se concretar\u00e1 el pr\u00f3ximo viernes 28 de Junio, de 08:30 a 12:30 h, en la Sede Acad\u00e9mica de Justo Daract.<\/h3>\n<h3>Est\u00e1 dirigida a docentes de nivel inicial, primario y secundario de la Provincia de San Luis, personal docente y estudiantes de los profesorados universitarios de Educaci\u00f3n Inicial y Primaria y abierta al p\u00fablico interesado en la tem\u00e1tica.<\/h3>\n<h3>La profesora <strong>Mar\u00eda Laura Aliaga<\/strong> y la Mg. <strong>Pamela Ingignioli<\/strong> son las responsables de este proyecto, que involucra a docentes, alumnos y no docentes de la Escuela de Ciencias Sociales y Educaci\u00f3n.<\/h3>\n<h3>En la oportunidad, la Jornada comenzar\u00e1 con una conferencia que estar\u00e1 a cargo del Mgter. Claudio Salas, que es contador p\u00fablico y mag\u00edster en Econom\u00eda y Negocios, con amplia experiencia en la divulgaci\u00f3n de la tem\u00e1tica y docencia universitaria.<\/h3>\n<h3>Los interesados deben completar sus datos en el siguiente formulario:<\/h3>\n<h3><a href=\"https:\/\/docs.google.com\/forms\/d\/e\/1FAIpQLSerZkN-ttbN50LMJM6GzudaM5K_DByefahSSA1Gb8WgBqx6gA\/viewform?pli=1\" target=\"_blank\" rel=\"noopener\"><span style=\"color: #3366ff;\"><strong>INSCRIPCI\u00d3N<\/strong><\/span><\/a><\/h3>\n<h3><strong>FUNDAMENTOS<\/strong><\/h3>\n<h3>Pensar desde el v\u00ednculo econom\u00eda, finanzas y educaci\u00f3n, en un contexto de bancarizaci\u00f3n social y puesta en marcha de pol\u00edticas econ\u00f3mico-financieras, puede considerarse como alguno de los fundamentos que permiten plantear la necesidad de implementar la Educaci\u00f3n Financiera en los diferentes niveles educativos y escuelas especiales p\u00fablicas y privadas, con el objetivo de que se nutran de herramientas, actividades y consejos que enriquezcan la formaci\u00f3n integral de los estudiantes para su desarrollo como ciudadanos, ya que la gesti\u00f3n de la econom\u00eda personal es una responsabilidad para la que TODOS debemos estar preparados.<\/h3>\n<h3>En esta Jornada se propone trabajar con docentes de niveles inicial y primario, junto a futuros egresados y egresadas de esas carreras, en cuestiones relacionadas a la educaci\u00f3n financiera y su puesta en el aula dentro de las planificaciones docentes.<\/h3>\n<h3>Es as\u00ed que este espacio de reflexi\u00f3n y aprendizaje funcionar\u00e1 con una doble intenci\u00f3n: formaci\u00f3n y reproducci\u00f3n de lo aprendido, de modo que sean los mismos docentes quienes luego puedan planificar actividades similares en sus propias aulas.<\/h3>\n<h3>\u00abEstamos convencidos que tenemos que comenzar a plantear nociones sobre educaci\u00f3n financiera y brindar distintas herramientas a nuestros docentes para que puedan llevar este tema y comenzar a trabajar en relaci\u00f3n a esto en las aulas del nivel que les corresponda\u00bb, puntualiz\u00f3 la Prof. Aliaga, en ocasi\u00f3n de brindar una entrevista en Radio UNViMe y compartir detalles de c\u00f3mo se desarrollar\u00e1 la jornada.<\/h3>\n<p><iframe title=\"#UNViMe Informa - Profesora Mar\u00eda Laura Aliaga\" width=\"640\" height=\"360\" src=\"https:\/\/www.youtube.com\/embed\/qy66xsZAsSg?feature=oembed\" frameborder=\"0\" allow=\"accelerometer; autoplay; clipboard-write; encrypted-media; gyroscope; picture-in-picture; web-share\" referrerpolicy=\"strict-origin-when-cross-origin\" allowfullscreen><\/iframe><\/p>\n<p>&nbsp;<\/p>\n<p>&nbsp;<\/p>\n<p>&nbsp;<\/p>\n<p>&nbsp;<\/p>\n<p>&nbsp;<\/p>\n<p>&nbsp;<\/p>\n<p>&nbsp;<\/p>\n","protected":false},"excerpt":{"rendered":"<p>Se realiza a partir del Proyecto de Extensi\u00f3n de Inter\u00e9s Social (PEIS) \u00abFortalecimiento de J\u00f3venes&#8230;<\/p>\n","protected":false},"author":1,"featured_media":18251,"comment_status":"closed","ping_status":"closed","sticky":false,"template":"","format":"standard","meta":{"footnotes":""},"categories":[6],"tags":[],"class_list":["post-18250","post","type-post","status-publish","format-standard","has-post-thumbnail","hentry","category-ciudad-provincia"],"yoast_head":"<!-- This site is optimized with the Yoast SEO plugin v26.1.1 - https:\/\/yoast.com\/wordpress\/plugins\/seo\/ -->\n<title>UNVIME: JORNADA SOBRE EDUCACI\u00d3N FINANCIERA EN JUSTO DARACT - Apuntes de San Luis<\/title>\n<meta name=\"robots\" content=\"index, follow, max-snippet:-1, max-image-preview:large, max-video-preview:-1\" \/>\n<link rel=\"canonical\" href=\"https:\/\/apuntesdesanluis.com\/index.php\/2024\/06\/24\/unvime-jornada-sobre-educacion-financiera-en-justo-daract\/\" \/>\n<meta property=\"og:locale\" content=\"es_ES\" \/>\n<meta property=\"og:type\" content=\"article\" \/>\n<meta property=\"og:title\" content=\"UNVIME: JORNADA SOBRE EDUCACI\u00d3N FINANCIERA EN JUSTO DARACT - Apuntes de San Luis\" \/>\n<meta property=\"og:description\" content=\"Se realiza a partir del Proyecto de Extensi\u00f3n de Inter\u00e9s Social (PEIS) \u00abFortalecimiento de J\u00f3venes...\" \/>\n<meta property=\"og:url\" content=\"https:\/\/apuntesdesanluis.com\/index.php\/2024\/06\/24\/unvime-jornada-sobre-educacion-financiera-en-justo-daract\/\" \/>\n<meta property=\"og:site_name\" content=\"Apuntes de San Luis\" \/>\n<meta property=\"article:published_time\" content=\"2024-06-24T22:52:57+00:00\" \/>\n<meta property=\"article:modified_time\" content=\"2024-06-24T22:56:20+00:00\" \/>\n<meta property=\"og:image\" content=\"https:\/\/apuntesdesanluis.com\/wp-content\/uploads\/2024\/06\/unvime-justo-daract.png\" \/>\n\t<meta property=\"og:image:width\" content=\"512\" \/>\n\t<meta property=\"og:image:height\" content=\"268\" \/>\n\t<meta property=\"og:image:type\" content=\"image\/png\" \/>\n<meta name=\"author\" content=\"apuntesdesanluis.com\" \/>\n<meta name=\"twitter:card\" content=\"summary_large_image\" \/>\n<meta name=\"twitter:label1\" content=\"Escrito por\" \/>\n\t<meta name=\"twitter:data1\" content=\"apuntesdesanluis.com\" \/>\n\t<meta name=\"twitter:label2\" content=\"Tiempo de lectura\" \/>\n\t<meta name=\"twitter:data2\" content=\"3 minutos\" \/>\n<script type=\"application\/ld+json\" class=\"yoast-schema-graph\">{\"@context\":\"https:\/\/schema.org\",\"@graph\":[{\"@type\":\"Article\",\"@id\":\"https:\/\/apuntesdesanluis.com\/index.php\/2024\/06\/24\/unvime-jornada-sobre-educacion-financiera-en-justo-daract\/#article\",\"isPartOf\":{\"@id\":\"https:\/\/apuntesdesanluis.com\/index.php\/2024\/06\/24\/unvime-jornada-sobre-educacion-financiera-en-justo-daract\/\"},\"author\":{\"name\":\"apuntesdesanluis.com\",\"@id\":\"https:\/\/apuntesdesanluis.com\/#\/schema\/person\/b55151d52296fcce64d1a72538a70b90\"},\"headline\":\"UNVIME: JORNADA SOBRE EDUCACI\u00d3N FINANCIERA EN JUSTO DARACT\",\"datePublished\":\"2024-06-24T22:52:57+00:00\",\"dateModified\":\"2024-06-24T22:56:20+00:00\",\"mainEntityOfPage\":{\"@id\":\"https:\/\/apuntesdesanluis.com\/index.php\/2024\/06\/24\/unvime-jornada-sobre-educacion-financiera-en-justo-daract\/\"},\"wordCount\":483,\"publisher\":{\"@id\":\"https:\/\/apuntesdesanluis.com\/#\/schema\/person\/b55151d52296fcce64d1a72538a70b90\"},\"image\":{\"@id\":\"https:\/\/apuntesdesanluis.com\/index.php\/2024\/06\/24\/unvime-jornada-sobre-educacion-financiera-en-justo-daract\/#primaryimage\"},\"thumbnailUrl\":\"https:\/\/apuntesdesanluis.com\/wp-content\/uploads\/2024\/06\/unvime-justo-daract.png\",\"articleSection\":[\"Ciudad\/Provincia\"],\"inLanguage\":\"es-AR\"},{\"@type\":\"WebPage\",\"@id\":\"https:\/\/apuntesdesanluis.com\/index.php\/2024\/06\/24\/unvime-jornada-sobre-educacion-financiera-en-justo-daract\/\",\"url\":\"https:\/\/apuntesdesanluis.com\/index.php\/2024\/06\/24\/unvime-jornada-sobre-educacion-financiera-en-justo-daract\/\",\"name\":\"UNVIME: JORNADA SOBRE EDUCACI\u00d3N FINANCIERA EN JUSTO DARACT - Apuntes de San Luis\",\"isPartOf\":{\"@id\":\"https:\/\/apuntesdesanluis.com\/#website\"},\"primaryImageOfPage\":{\"@id\":\"https:\/\/apuntesdesanluis.com\/index.php\/2024\/06\/24\/unvime-jornada-sobre-educacion-financiera-en-justo-daract\/#primaryimage\"},\"image\":{\"@id\":\"https:\/\/apuntesdesanluis.com\/index.php\/2024\/06\/24\/unvime-jornada-sobre-educacion-financiera-en-justo-daract\/#primaryimage\"},\"thumbnailUrl\":\"https:\/\/apuntesdesanluis.com\/wp-content\/uploads\/2024\/06\/unvime-justo-daract.png\",\"datePublished\":\"2024-06-24T22:52:57+00:00\",\"dateModified\":\"2024-06-24T22:56:20+00:00\",\"breadcrumb\":{\"@id\":\"https:\/\/apuntesdesanluis.com\/index.php\/2024\/06\/24\/unvime-jornada-sobre-educacion-financiera-en-justo-daract\/#breadcrumb\"},\"inLanguage\":\"es-AR\",\"potentialAction\":[{\"@type\":\"ReadAction\",\"target\":[\"https:\/\/apuntesdesanluis.com\/index.php\/2024\/06\/24\/unvime-jornada-sobre-educacion-financiera-en-justo-daract\/\"]}]},{\"@type\":\"ImageObject\",\"inLanguage\":\"es-AR\",\"@id\":\"https:\/\/apuntesdesanluis.com\/index.php\/2024\/06\/24\/unvime-jornada-sobre-educacion-financiera-en-justo-daract\/#primaryimage\",\"url\":\"https:\/\/apuntesdesanluis.com\/wp-content\/uploads\/2024\/06\/unvime-justo-daract.png\",\"contentUrl\":\"https:\/\/apuntesdesanluis.com\/wp-content\/uploads\/2024\/06\/unvime-justo-daract.png\",\"width\":512,\"height\":268},{\"@type\":\"BreadcrumbList\",\"@id\":\"https:\/\/apuntesdesanluis.com\/index.php\/2024\/06\/24\/unvime-jornada-sobre-educacion-financiera-en-justo-daract\/#breadcrumb\",\"itemListElement\":[{\"@type\":\"ListItem\",\"position\":1,\"name\":\"Inicio\",\"item\":\"https:\/\/apuntesdesanluis.com\/\"},{\"@type\":\"ListItem\",\"position\":2,\"name\":\"UNVIME: JORNADA SOBRE EDUCACI\u00d3N FINANCIERA EN JUSTO DARACT\"}]},{\"@type\":\"WebSite\",\"@id\":\"https:\/\/apuntesdesanluis.com\/#website\",\"url\":\"https:\/\/apuntesdesanluis.com\/\",\"name\":\"Apuntes de San Luis\",\"description\":\"\",\"publisher\":{\"@id\":\"https:\/\/apuntesdesanluis.com\/#\/schema\/person\/b55151d52296fcce64d1a72538a70b90\"},\"potentialAction\":[{\"@type\":\"SearchAction\",\"target\":{\"@type\":\"EntryPoint\",\"urlTemplate\":\"https:\/\/apuntesdesanluis.com\/?s={search_term_string}\"},\"query-input\":{\"@type\":\"PropertyValueSpecification\",\"valueRequired\":true,\"valueName\":\"search_term_string\"}}],\"inLanguage\":\"es-AR\"},{\"@type\":[\"Person\",\"Organization\"],\"@id\":\"https:\/\/apuntesdesanluis.com\/#\/schema\/person\/b55151d52296fcce64d1a72538a70b90\",\"name\":\"apuntesdesanluis.com\",\"image\":{\"@type\":\"ImageObject\",\"inLanguage\":\"es-AR\",\"@id\":\"https:\/\/apuntesdesanluis.com\/#\/schema\/person\/image\/\",\"url\":\"https:\/\/apuntesdesanluis.com\/wp-content\/uploads\/2023\/07\/cropped-apuntesdesanluis.png\",\"contentUrl\":\"https:\/\/apuntesdesanluis.com\/wp-content\/uploads\/2023\/07\/cropped-apuntesdesanluis.png\",\"width\":450,\"height\":112,\"caption\":\"apuntesdesanluis.com\"},\"logo\":{\"@id\":\"https:\/\/apuntesdesanluis.com\/#\/schema\/person\/image\/\"},\"sameAs\":[\"https:\/\/apuntesdesanluis.com\"],\"url\":\"https:\/\/apuntesdesanluis.com\/index.php\/author\/apuntesdesanluis-com\/\"}]}<\/script>\n<!-- \/ Yoast SEO plugin. -->","yoast_head_json":{"title":"UNVIME: JORNADA SOBRE EDUCACI\u00d3N FINANCIERA EN JUSTO DARACT - Apuntes de San Luis","robots":{"index":"index","follow":"follow","max-snippet":"max-snippet:-1","max-image-preview":"max-image-preview:large","max-video-preview":"max-video-preview:-1"},"canonical":"https:\/\/apuntesdesanluis.com\/index.php\/2024\/06\/24\/unvime-jornada-sobre-educacion-financiera-en-justo-daract\/","og_locale":"es_ES","og_type":"article","og_title":"UNVIME: JORNADA SOBRE EDUCACI\u00d3N FINANCIERA EN JUSTO DARACT - Apuntes de San Luis","og_description":"Se realiza a partir del Proyecto de Extensi\u00f3n de Inter\u00e9s Social (PEIS) \u00abFortalecimiento de J\u00f3venes...","og_url":"https:\/\/apuntesdesanluis.com\/index.php\/2024\/06\/24\/unvime-jornada-sobre-educacion-financiera-en-justo-daract\/","og_site_name":"Apuntes de San Luis","article_published_time":"2024-06-24T22:52:57+00:00","article_modified_time":"2024-06-24T22:56:20+00:00","og_image":[{"width":512,"height":268,"url":"https:\/\/apuntesdesanluis.com\/wp-content\/uploads\/2024\/06\/unvime-justo-daract.png","type":"image\/png"}],"author":"apuntesdesanluis.com","twitter_card":"summary_large_image","twitter_misc":{"Escrito por":"apuntesdesanluis.com","Tiempo de lectura":"3 minutos"},"schema":{"@context":"https:\/\/schema.org","@graph":[{"@type":"Article","@id":"https:\/\/apuntesdesanluis.com\/index.php\/2024\/06\/24\/unvime-jornada-sobre-educacion-financiera-en-justo-daract\/#article","isPartOf":{"@id":"https:\/\/apuntesdesanluis.com\/index.php\/2024\/06\/24\/unvime-jornada-sobre-educacion-financiera-en-justo-daract\/"},"author":{"name":"apuntesdesanluis.com","@id":"https:\/\/apuntesdesanluis.com\/#\/schema\/person\/b55151d52296fcce64d1a72538a70b90"},"headline":"UNVIME: JORNADA SOBRE EDUCACI\u00d3N FINANCIERA EN JUSTO DARACT","datePublished":"2024-06-24T22:52:57+00:00","dateModified":"2024-06-24T22:56:20+00:00","mainEntityOfPage":{"@id":"https:\/\/apuntesdesanluis.com\/index.php\/2024\/06\/24\/unvime-jornada-sobre-educacion-financiera-en-justo-daract\/"},"wordCount":483,"publisher":{"@id":"https:\/\/apuntesdesanluis.com\/#\/schema\/person\/b55151d52296fcce64d1a72538a70b90"},"image":{"@id":"https:\/\/apuntesdesanluis.com\/index.php\/2024\/06\/24\/unvime-jornada-sobre-educacion-financiera-en-justo-daract\/#primaryimage"},"thumbnailUrl":"https:\/\/apuntesdesanluis.com\/wp-content\/uploads\/2024\/06\/unvime-justo-daract.png","articleSection":["Ciudad\/Provincia"],"inLanguage":"es-AR"},{"@type":"WebPage","@id":"https:\/\/apuntesdesanluis.com\/index.php\/2024\/06\/24\/unvime-jornada-sobre-educacion-financiera-en-justo-daract\/","url":"https:\/\/apuntesdesanluis.com\/index.php\/2024\/06\/24\/unvime-jornada-sobre-educacion-financiera-en-justo-daract\/","name":"UNVIME: JORNADA SOBRE EDUCACI\u00d3N FINANCIERA EN JUSTO DARACT - Apuntes de San Luis","isPartOf":{"@id":"https:\/\/apuntesdesanluis.com\/#website"},"primaryImageOfPage":{"@id":"https:\/\/apuntesdesanluis.com\/index.php\/2024\/06\/24\/unvime-jornada-sobre-educacion-financiera-en-justo-daract\/#primaryimage"},"image":{"@id":"https:\/\/apuntesdesanluis.com\/index.php\/2024\/06\/24\/unvime-jornada-sobre-educacion-financiera-en-justo-daract\/#primaryimage"},"thumbnailUrl":"https:\/\/apuntesdesanluis.com\/wp-content\/uploads\/2024\/06\/unvime-justo-daract.png","datePublished":"2024-06-24T22:52:57+00:00","dateModified":"2024-06-24T22:56:20+00:00","breadcrumb":{"@id":"https:\/\/apuntesdesanluis.com\/index.php\/2024\/06\/24\/unvime-jornada-sobre-educacion-financiera-en-justo-daract\/#breadcrumb"},"inLanguage":"es-AR","potentialAction":[{"@type":"ReadAction","target":["https:\/\/apuntesdesanluis.com\/index.php\/2024\/06\/24\/unvime-jornada-sobre-educacion-financiera-en-justo-daract\/"]}]},{"@type":"ImageObject","inLanguage":"es-AR","@id":"https:\/\/apuntesdesanluis.com\/index.php\/2024\/06\/24\/unvime-jornada-sobre-educacion-financiera-en-justo-daract\/#primaryimage","url":"https:\/\/apuntesdesanluis.com\/wp-content\/uploads\/2024\/06\/unvime-justo-daract.png","contentUrl":"https:\/\/apuntesdesanluis.com\/wp-content\/uploads\/2024\/06\/unvime-justo-daract.png","width":512,"height":268},{"@type":"BreadcrumbList","@id":"https:\/\/apuntesdesanluis.com\/index.php\/2024\/06\/24\/unvime-jornada-sobre-educacion-financiera-en-justo-daract\/#breadcrumb","itemListElement":[{"@type":"ListItem","position":1,"name":"Inicio","item":"https:\/\/apuntesdesanluis.com\/"},{"@type":"ListItem","position":2,"name":"UNVIME: JORNADA SOBRE EDUCACI\u00d3N FINANCIERA EN JUSTO DARACT"}]},{"@type":"WebSite","@id":"https:\/\/apuntesdesanluis.com\/#website","url":"https:\/\/apuntesdesanluis.com\/","name":"Apuntes de San Luis","description":"","publisher":{"@id":"https:\/\/apuntesdesanluis.com\/#\/schema\/person\/b55151d52296fcce64d1a72538a70b90"},"potentialAction":[{"@type":"SearchAction","target":{"@type":"EntryPoint","urlTemplate":"https:\/\/apuntesdesanluis.com\/?s={search_term_string}"},"query-input":{"@type":"PropertyValueSpecification","valueRequired":true,"valueName":"search_term_string"}}],"inLanguage":"es-AR"},{"@type":["Person","Organization"],"@id":"https:\/\/apuntesdesanluis.com\/#\/schema\/person\/b55151d52296fcce64d1a72538a70b90","name":"apuntesdesanluis.com","image":{"@type":"ImageObject","inLanguage":"es-AR","@id":"https:\/\/apuntesdesanluis.com\/#\/schema\/person\/image\/","url":"https:\/\/apuntesdesanluis.com\/wp-content\/uploads\/2023\/07\/cropped-apuntesdesanluis.png","contentUrl":"https:\/\/apuntesdesanluis.com\/wp-content\/uploads\/2023\/07\/cropped-apuntesdesanluis.png","width":450,"height":112,"caption":"apuntesdesanluis.com"},"logo":{"@id":"https:\/\/apuntesdesanluis.com\/#\/schema\/person\/image\/"},"sameAs":["https:\/\/apuntesdesanluis.com"],"url":"https:\/\/apuntesdesanluis.com\/index.php\/author\/apuntesdesanluis-com\/"}]}},"featured_image_urls":{"full":["https:\/\/apuntesdesanluis.com\/wp-content\/uploads\/2024\/06\/unvime-justo-daract.png",512,268,false],"thumbnail":["https:\/\/apuntesdesanluis.com\/wp-content\/uploads\/2024\/06\/unvime-justo-daract-150x150.png",150,150,true],"medium":["https:\/\/apuntesdesanluis.com\/wp-content\/uploads\/2024\/06\/unvime-justo-daract-300x157.png",300,157,true],"medium_large":["https:\/\/apuntesdesanluis.com\/wp-content\/uploads\/2024\/06\/unvime-justo-daract.png",512,268,false],"large":["https:\/\/apuntesdesanluis.com\/wp-content\/uploads\/2024\/06\/unvime-justo-daract.png",512,268,false],"1536x1536":["https:\/\/apuntesdesanluis.com\/wp-content\/uploads\/2024\/06\/unvime-justo-daract.png",512,268,false],"2048x2048":["https:\/\/apuntesdesanluis.com\/wp-content\/uploads\/2024\/06\/unvime-justo-daract.png",512,268,false],"newsever-slider-full":["https:\/\/apuntesdesanluis.com\/wp-content\/uploads\/2024\/06\/unvime-justo-daract.png",512,268,false],"newsever-featured":["https:\/\/apuntesdesanluis.com\/wp-content\/uploads\/2024\/06\/unvime-justo-daract.png",512,268,false],"newsever-medium":["https:\/\/apuntesdesanluis.com\/wp-content\/uploads\/2024\/06\/unvime-justo-daract.png",512,268,false]},"author_info":{"display_name":"apuntesdesanluis.com","author_link":"https:\/\/apuntesdesanluis.com\/index.php\/author\/apuntesdesanluis-com\/"},"category_info":"<a href=\"https:\/\/apuntesdesanluis.com\/index.php\/category\/ciudad-provincia\/\" rel=\"category tag\">Ciudad\/Provincia<\/a>","tag_info":"Ciudad\/Provincia","comment_count":"0","_links":{"self":[{"href":"https:\/\/apuntesdesanluis.com\/index.php\/wp-json\/wp\/v2\/posts\/18250","targetHints":{"allow":["GET"]}}],"collection":[{"href":"https:\/\/apuntesdesanluis.com\/index.php\/wp-json\/wp\/v2\/posts"}],"about":[{"href":"https:\/\/apuntesdesanluis.com\/index.php\/wp-json\/wp\/v2\/types\/post"}],"author":[{"embeddable":true,"href":"https:\/\/apuntesdesanluis.com\/index.php\/wp-json\/wp\/v2\/users\/1"}],"replies":[{"embeddable":true,"href":"https:\/\/apuntesdesanluis.com\/index.php\/wp-json\/wp\/v2\/comments?post=18250"}],"version-history":[{"count":3,"href":"https:\/\/apuntesdesanluis.com\/index.php\/wp-json\/wp\/v2\/posts\/18250\/revisions"}],"predecessor-version":[{"id":18254,"href":"https:\/\/apuntesdesanluis.com\/index.php\/wp-json\/wp\/v2\/posts\/18250\/revisions\/18254"}],"wp:featuredmedia":[{"embeddable":true,"href":"https:\/\/apuntesdesanluis.com\/index.php\/wp-json\/wp\/v2\/media\/18251"}],"wp:attachment":[{"href":"https:\/\/apuntesdesanluis.com\/index.php\/wp-json\/wp\/v2\/media?parent=18250"}],"wp:term":[{"taxonomy":"category","embeddable":true,"href":"https:\/\/apuntesdesanluis.com\/index.php\/wp-json\/wp\/v2\/categories?post=18250"},{"taxonomy":"post_tag","embeddable":true,"href":"https:\/\/apuntesdesanluis.com\/index.php\/wp-json\/wp\/v2\/tags?post=18250"}],"curies":[{"name":"wp","href":"https:\/\/api.w.org\/{rel}","templated":true}]}}