{"id":18255,"date":"2024-06-24T20:17:51","date_gmt":"2024-06-24T23:17:51","guid":{"rendered":"https:\/\/apuntesdesanluis.com\/?p=18255"},"modified":"2024-06-24T20:17:51","modified_gmt":"2024-06-24T23:17:51","slug":"se-realiza-el-festival-ambiental-eco-villa-de-merlo-2024","status":"publish","type":"post","link":"https:\/\/apuntesdesanluis.com\/index.php\/2024\/06\/24\/se-realiza-el-festival-ambiental-eco-villa-de-merlo-2024\/","title":{"rendered":"SE REALIZA EL FESTIVAL AMBIENTAL ECO VILLA DE MERLO 2024"},"content":{"rendered":"<h3>Lo organiza la Municipalidad de la Villa de Merlo, a trav\u00e9s de la Secretar\u00eda de Ambiente, Producci\u00f3n y Desarrollo Sustentable y en colaboraci\u00f3n con la Secretar\u00eda de Ambiente y Desarrollo Sustentable del Gobierno de la Provincia.<\/h3>\n<h3>El <strong>Festival Ambiental \u201cEco Villa de Merlo 2024\u201d <\/strong>se llevar\u00e1 a cabo este <strong>mi\u00e9rcoles 26 a partir de las 12:00 h en la Reserva \u201cEl Viejo Molino\u201d, Piedra Blanca Arriba<\/strong>, en el marco del Mes del Medio Ambiente.<\/h3>\n<p><img fetchpriority=\"high\" decoding=\"async\" class=\"wp-image-18256 aligncenter\" src=\"https:\/\/apuntesdesanluis.com\/wp-content\/uploads\/2024\/06\/eco-1-260x300.jpg\" alt=\"\" width=\"462\" height=\"533\" srcset=\"https:\/\/apuntesdesanluis.com\/wp-content\/uploads\/2024\/06\/eco-1-260x300.jpg 260w, https:\/\/apuntesdesanluis.com\/wp-content\/uploads\/2024\/06\/eco-1.jpg 600w\" sizes=\"(max-width: 462px) 100vw, 462px\" \/><\/p>\n<h3>Se invita a la comunidad de Merlo y la regi\u00f3n a formar parte de este evento que tiene como objetivo principal concientizar sobre la protecci\u00f3n del medio ambiente en el marco del Mes del Medio Ambiente, promoviendo pr\u00e1cticas sostenibles y el cuidado de nuestro entorno natural.<\/h3>\n<h3>Durante el evento se realizar\u00e1 un acto donde se oficializar\u00e1 la <strong>expropiaci\u00f3n de la Reserva \u201cEl Viejo Molino\u201d<\/strong>, procedi\u00e9ndose a colocar un nuevo cartel, remarcando la propiedad municipal de este sitio.<\/h3>\n<h3>La zona de la reserva ser\u00e1 el escenario de diversas actividades dirigidas a todas las edades, enfocadas en concientizar sobre la producci\u00f3n sustentable, microemprendedores, reciclado, econom\u00eda circular, cuidado de reservas y la importancia del entorno natural. Habr\u00e1 variedad de talleres y capacitaciones, mesas de debate, productores sustentables, cine m\u00f3vil, actividades recreativas.<\/h3>\n<h3>Adem\u00e1s se contar\u00e1 con la participaci\u00f3n de <strong>m\u00e1s de 15 stands y expositores locales<\/strong>:<\/h3>\n<ul>\n<li>\n<h3>Productores Sustentables<\/h3>\n<\/li>\n<li>\n<h3>Comisi\u00f3n Vecinal de la Reserva El Viejo Molino<\/h3>\n<\/li>\n<li>\n<h3>INTA<\/h3>\n<\/li>\n<li>\n<h3>Secretar\u00eda de Ambiente San Luis<\/h3>\n<\/li>\n<li>\n<h3>Parques Nacionales<\/h3>\n<\/li>\n<li>\n<h3>Vivero Municipal<\/h3>\n<\/li>\n<li>\n<h3>Agroecolog\u00eda Municipal<\/h3>\n<\/li>\n<li>\n<h3>Direcci\u00f3n de Zoonosis<\/h3>\n<\/li>\n<li>\n<h3>Feria Franca<\/h3>\n<\/li>\n<li>\n<h3>EMBA<\/h3>\n<\/li>\n<li>\n<h3>Moda Circular<\/h3>\n<\/li>\n<li>\n<h3>Cooperativa de Recicladores Merlina<\/h3>\n<\/li>\n<li>\n<h3>Artistas Merlinos Sustentables: muestras de arte y presentaciones en el escenario.<\/h3>\n<\/li>\n<\/ul>\n<h3>CRONOGRAMA DE ACTIVIDADES GRATUITAS:<\/h3>\n<h3><strong>Reserva \u201cEl Viejo Molino\u201d ubicado en Piedra Blanca Arriba:<\/strong><\/h3>\n<ul>\n<li>\n<h3><strong>14 hs. <\/strong>Recorrida Interpretativa &#8211; APN<\/h3>\n<\/li>\n<li>\n<h3><strong>15 hs. <\/strong>Yoga &#8211; Lorena Otero Paradzik<\/h3>\n<\/li>\n<li>\n<h3><strong>30 hs. <\/strong>Padrinazgo de Algarrobos &#8211; FTU<\/h3>\n<\/li>\n<\/ul>\n<h3><strong>Casa del Bicentenario &#8211; Sal\u00f3n:<\/strong><\/h3>\n<ul>\n<li>\n<h3><strong>12 hs. <\/strong>Encuentro de la Escuela Ambiental Itinerante<\/h3>\n<\/li>\n<li>\n<h3><strong>30 hs. <\/strong>Calidad del Aire: Causas, efectos, saneamiento y monitoreo INTEQUI CONICET<\/h3>\n<\/li>\n<li>\n<h3><strong>13 hs. <\/strong>Alimentaci\u00f3n Saludable &#8211; Lic. Julia Romero<\/h3>\n<\/li>\n<li>\n<h3><strong>30 hs. <\/strong>Indicadores Biol\u00f3gicos y Desarrollo Urbano &#8211; Patetta UNLC<\/h3>\n<\/li>\n<li>\n<h3><strong>14 hs. <\/strong>Deforestaci\u00f3n y Nativas &#8211; FTU<\/h3>\n<\/li>\n<li>\n<h3><strong>30 hs. <\/strong>La sostenibilidad en el mundo de la Moda &#8211; P. Quilis y N. Giunta<\/h3>\n<\/li>\n<li>\n<h3><strong>15 hs. <\/strong>Autoproducci\u00f3n de Semillas &#8211; INTA<\/h3>\n<\/li>\n<li>\n<h3><strong>30 hs. <\/strong>Biopreparados &#8211; INTA<\/h3>\n<\/li>\n<li>\n<h3><strong>16 hs. <\/strong>Huerta Agroecol\u00f3gica &#8211; INTA<\/h3>\n<\/li>\n<\/ul>\n<h3><img decoding=\"async\" class=\"wp-image-18258 aligncenter\" src=\"https:\/\/apuntesdesanluis.com\/wp-content\/uploads\/2024\/06\/eco-3-258x300.jpg\" alt=\"\" width=\"486\" height=\"565\" srcset=\"https:\/\/apuntesdesanluis.com\/wp-content\/uploads\/2024\/06\/eco-3-258x300.jpg 258w, https:\/\/apuntesdesanluis.com\/wp-content\/uploads\/2024\/06\/eco-3.jpg 600w\" sizes=\"(max-width: 486px) 100vw, 486px\" \/><\/h3>\n<h3><strong>Casa del Bicentenario &#8211; Aula:<\/strong><\/h3>\n<ul>\n<li>\n<h3><strong>30 hs. <\/strong>Guardianes de la Tierra &#8211; Cecilia<\/h3>\n<\/li>\n<li>\n<h3><strong>30 hs. <\/strong>M\u00e1s all\u00e1 del plato: p\u00e9rdida y desperdicio de alimentos &#8211; INTA<\/h3>\n<\/li>\n<li>\n<h3><strong>14 hs. <\/strong>Taller Macetas con Yerba &#8211; Nieves Cobo<\/h3>\n<\/li>\n<li>\n<h3><strong>30 hs. <\/strong>Arom\u00e1ticas Nativas &#8211; Sergio Escudero<\/h3>\n<\/li>\n<li>\n<h3><strong>15 hs. <\/strong>Tintes Naturales &#8211; Beatriz Escobedo<\/h3>\n<\/li>\n<li>\n<h3><strong>30 hs. <\/strong>Diagn\u00f3stico de Situaci\u00f3n de la Plaza de la Verde Memoria &#8211; Martins UNLC<\/h3>\n<\/li>\n<\/ul>\n<h3><img decoding=\"async\" class=\"alignnone  wp-image-18257 aligncenter\" src=\"https:\/\/apuntesdesanluis.com\/wp-content\/uploads\/2024\/06\/eco-2-258x300.jpg\" alt=\"\" width=\"466\" height=\"542\" srcset=\"https:\/\/apuntesdesanluis.com\/wp-content\/uploads\/2024\/06\/eco-2-258x300.jpg 258w, https:\/\/apuntesdesanluis.com\/wp-content\/uploads\/2024\/06\/eco-2.jpg 600w\" sizes=\"(max-width: 466px) 100vw, 466px\" \/><\/h3>\n<h3><strong>Casa del Bicentenario &#8211; Escenario:<\/strong><\/h3>\n<ul>\n<li>\n<h3><strong>13 hs. <\/strong>Upcycled art: Encrucijadas ambientales en Bajo de V\u00e9liz &#8211; UNLC<\/h3>\n<\/li>\n<li>\n<h3><strong> 30 hs. <\/strong>Luther\u00eda Salvaje &#8211; Hacelo Sonar<\/h3>\n<\/li>\n<li>\n<h3><strong>16 hs. <\/strong>Tel\u00faricosmicas<\/h3>\n<\/li>\n<li>\n<h3><strong>30 hs. <\/strong>Acto Protocolar<\/h3>\n<\/li>\n<li>\n<h3><strong>30 hs. <\/strong>Pel\u00edcula \u201cVecinos Invasores\u201d<\/h3>\n<\/li>\n<\/ul>\n<p>&nbsp;<\/p>\n<p>&nbsp;<\/p>\n","protected":false},"excerpt":{"rendered":"<p>Lo organiza la Municipalidad de la Villa de Merlo, a trav\u00e9s de la Secretar\u00eda de&#8230;<\/p>\n","protected":false},"author":1,"featured_media":18259,"comment_status":"closed","ping_status":"closed","sticky":false,"template":"","format":"standard","meta":{"footnotes":""},"categories":[6],"tags":[],"class_list":["post-18255","post","type-post","status-publish","format-standard","has-post-thumbnail","hentry","category-ciudad-provincia"],"yoast_head":"<!-- This site is optimized with the Yoast SEO plugin v26.1.1 - https:\/\/yoast.com\/wordpress\/plugins\/seo\/ -->\n<title>SE REALIZA EL FESTIVAL AMBIENTAL ECO VILLA DE MERLO 2024 - Apuntes de San Luis<\/title>\n<meta name=\"robots\" content=\"index, follow, max-snippet:-1, max-image-preview:large, max-video-preview:-1\" \/>\n<link rel=\"canonical\" href=\"https:\/\/apuntesdesanluis.com\/index.php\/2024\/06\/24\/se-realiza-el-festival-ambiental-eco-villa-de-merlo-2024\/\" \/>\n<meta property=\"og:locale\" content=\"es_ES\" \/>\n<meta property=\"og:type\" content=\"article\" \/>\n<meta property=\"og:title\" content=\"SE REALIZA EL FESTIVAL AMBIENTAL ECO VILLA DE MERLO 2024 - Apuntes de San Luis\" \/>\n<meta property=\"og:description\" content=\"Lo organiza la Municipalidad de la Villa de Merlo, a trav\u00e9s de la Secretar\u00eda de...\" \/>\n<meta property=\"og:url\" content=\"https:\/\/apuntesdesanluis.com\/index.php\/2024\/06\/24\/se-realiza-el-festival-ambiental-eco-villa-de-merlo-2024\/\" \/>\n<meta property=\"og:site_name\" content=\"Apuntes de San Luis\" \/>\n<meta property=\"article:published_time\" content=\"2024-06-24T23:17:51+00:00\" \/>\n<meta property=\"og:image\" content=\"https:\/\/apuntesdesanluis.com\/wp-content\/uploads\/2024\/06\/MERLO.png\" \/>\n\t<meta property=\"og:image:width\" content=\"552\" \/>\n\t<meta property=\"og:image:height\" content=\"326\" \/>\n\t<meta property=\"og:image:type\" content=\"image\/png\" \/>\n<meta name=\"author\" content=\"apuntesdesanluis.com\" \/>\n<meta name=\"twitter:card\" content=\"summary_large_image\" \/>\n<meta name=\"twitter:label1\" content=\"Escrito por\" \/>\n\t<meta name=\"twitter:data1\" content=\"apuntesdesanluis.com\" \/>\n\t<meta name=\"twitter:label2\" content=\"Tiempo de lectura\" \/>\n\t<meta name=\"twitter:data2\" content=\"3 minutos\" \/>\n<script type=\"application\/ld+json\" class=\"yoast-schema-graph\">{\"@context\":\"https:\/\/schema.org\",\"@graph\":[{\"@type\":\"Article\",\"@id\":\"https:\/\/apuntesdesanluis.com\/index.php\/2024\/06\/24\/se-realiza-el-festival-ambiental-eco-villa-de-merlo-2024\/#article\",\"isPartOf\":{\"@id\":\"https:\/\/apuntesdesanluis.com\/index.php\/2024\/06\/24\/se-realiza-el-festival-ambiental-eco-villa-de-merlo-2024\/\"},\"author\":{\"name\":\"apuntesdesanluis.com\",\"@id\":\"https:\/\/apuntesdesanluis.com\/#\/schema\/person\/b55151d52296fcce64d1a72538a70b90\"},\"headline\":\"SE REALIZA EL FESTIVAL AMBIENTAL ECO VILLA DE MERLO 2024\",\"datePublished\":\"2024-06-24T23:17:51+00:00\",\"mainEntityOfPage\":{\"@id\":\"https:\/\/apuntesdesanluis.com\/index.php\/2024\/06\/24\/se-realiza-el-festival-ambiental-eco-villa-de-merlo-2024\/\"},\"wordCount\":498,\"publisher\":{\"@id\":\"https:\/\/apuntesdesanluis.com\/#\/schema\/person\/b55151d52296fcce64d1a72538a70b90\"},\"image\":{\"@id\":\"https:\/\/apuntesdesanluis.com\/index.php\/2024\/06\/24\/se-realiza-el-festival-ambiental-eco-villa-de-merlo-2024\/#primaryimage\"},\"thumbnailUrl\":\"https:\/\/apuntesdesanluis.com\/wp-content\/uploads\/2024\/06\/MERLO.png\",\"articleSection\":[\"Ciudad\/Provincia\"],\"inLanguage\":\"es-AR\"},{\"@type\":\"WebPage\",\"@id\":\"https:\/\/apuntesdesanluis.com\/index.php\/2024\/06\/24\/se-realiza-el-festival-ambiental-eco-villa-de-merlo-2024\/\",\"url\":\"https:\/\/apuntesdesanluis.com\/index.php\/2024\/06\/24\/se-realiza-el-festival-ambiental-eco-villa-de-merlo-2024\/\",\"name\":\"SE REALIZA EL FESTIVAL AMBIENTAL ECO VILLA DE MERLO 2024 - Apuntes de San Luis\",\"isPartOf\":{\"@id\":\"https:\/\/apuntesdesanluis.com\/#website\"},\"primaryImageOfPage\":{\"@id\":\"https:\/\/apuntesdesanluis.com\/index.php\/2024\/06\/24\/se-realiza-el-festival-ambiental-eco-villa-de-merlo-2024\/#primaryimage\"},\"image\":{\"@id\":\"https:\/\/apuntesdesanluis.com\/index.php\/2024\/06\/24\/se-realiza-el-festival-ambiental-eco-villa-de-merlo-2024\/#primaryimage\"},\"thumbnailUrl\":\"https:\/\/apuntesdesanluis.com\/wp-content\/uploads\/2024\/06\/MERLO.png\",\"datePublished\":\"2024-06-24T23:17:51+00:00\",\"breadcrumb\":{\"@id\":\"https:\/\/apuntesdesanluis.com\/index.php\/2024\/06\/24\/se-realiza-el-festival-ambiental-eco-villa-de-merlo-2024\/#breadcrumb\"},\"inLanguage\":\"es-AR\",\"potentialAction\":[{\"@type\":\"ReadAction\",\"target\":[\"https:\/\/apuntesdesanluis.com\/index.php\/2024\/06\/24\/se-realiza-el-festival-ambiental-eco-villa-de-merlo-2024\/\"]}]},{\"@type\":\"ImageObject\",\"inLanguage\":\"es-AR\",\"@id\":\"https:\/\/apuntesdesanluis.com\/index.php\/2024\/06\/24\/se-realiza-el-festival-ambiental-eco-villa-de-merlo-2024\/#primaryimage\",\"url\":\"https:\/\/apuntesdesanluis.com\/wp-content\/uploads\/2024\/06\/MERLO.png\",\"contentUrl\":\"https:\/\/apuntesdesanluis.com\/wp-content\/uploads\/2024\/06\/MERLO.png\",\"width\":552,\"height\":326},{\"@type\":\"BreadcrumbList\",\"@id\":\"https:\/\/apuntesdesanluis.com\/index.php\/2024\/06\/24\/se-realiza-el-festival-ambiental-eco-villa-de-merlo-2024\/#breadcrumb\",\"itemListElement\":[{\"@type\":\"ListItem\",\"position\":1,\"name\":\"Inicio\",\"item\":\"https:\/\/apuntesdesanluis.com\/\"},{\"@type\":\"ListItem\",\"position\":2,\"name\":\"SE REALIZA EL FESTIVAL AMBIENTAL ECO VILLA DE MERLO 2024\"}]},{\"@type\":\"WebSite\",\"@id\":\"https:\/\/apuntesdesanluis.com\/#website\",\"url\":\"https:\/\/apuntesdesanluis.com\/\",\"name\":\"Apuntes de San Luis\",\"description\":\"\",\"publisher\":{\"@id\":\"https:\/\/apuntesdesanluis.com\/#\/schema\/person\/b55151d52296fcce64d1a72538a70b90\"},\"potentialAction\":[{\"@type\":\"SearchAction\",\"target\":{\"@type\":\"EntryPoint\",\"urlTemplate\":\"https:\/\/apuntesdesanluis.com\/?s={search_term_string}\"},\"query-input\":{\"@type\":\"PropertyValueSpecification\",\"valueRequired\":true,\"valueName\":\"search_term_string\"}}],\"inLanguage\":\"es-AR\"},{\"@type\":[\"Person\",\"Organization\"],\"@id\":\"https:\/\/apuntesdesanluis.com\/#\/schema\/person\/b55151d52296fcce64d1a72538a70b90\",\"name\":\"apuntesdesanluis.com\",\"image\":{\"@type\":\"ImageObject\",\"inLanguage\":\"es-AR\",\"@id\":\"https:\/\/apuntesdesanluis.com\/#\/schema\/person\/image\/\",\"url\":\"https:\/\/apuntesdesanluis.com\/wp-content\/uploads\/2023\/07\/cropped-apuntesdesanluis.png\",\"contentUrl\":\"https:\/\/apuntesdesanluis.com\/wp-content\/uploads\/2023\/07\/cropped-apuntesdesanluis.png\",\"width\":450,\"height\":112,\"caption\":\"apuntesdesanluis.com\"},\"logo\":{\"@id\":\"https:\/\/apuntesdesanluis.com\/#\/schema\/person\/image\/\"},\"sameAs\":[\"https:\/\/apuntesdesanluis.com\"],\"url\":\"https:\/\/apuntesdesanluis.com\/index.php\/author\/apuntesdesanluis-com\/\"}]}<\/script>\n<!-- \/ Yoast SEO plugin. -->","yoast_head_json":{"title":"SE REALIZA EL FESTIVAL AMBIENTAL ECO VILLA DE MERLO 2024 - Apuntes de San Luis","robots":{"index":"index","follow":"follow","max-snippet":"max-snippet:-1","max-image-preview":"max-image-preview:large","max-video-preview":"max-video-preview:-1"},"canonical":"https:\/\/apuntesdesanluis.com\/index.php\/2024\/06\/24\/se-realiza-el-festival-ambiental-eco-villa-de-merlo-2024\/","og_locale":"es_ES","og_type":"article","og_title":"SE REALIZA EL FESTIVAL AMBIENTAL ECO VILLA DE MERLO 2024 - Apuntes de San Luis","og_description":"Lo organiza la Municipalidad de la Villa de Merlo, a trav\u00e9s de la Secretar\u00eda de...","og_url":"https:\/\/apuntesdesanluis.com\/index.php\/2024\/06\/24\/se-realiza-el-festival-ambiental-eco-villa-de-merlo-2024\/","og_site_name":"Apuntes de San Luis","article_published_time":"2024-06-24T23:17:51+00:00","og_image":[{"width":552,"height":326,"url":"https:\/\/apuntesdesanluis.com\/wp-content\/uploads\/2024\/06\/MERLO.png","type":"image\/png"}],"author":"apuntesdesanluis.com","twitter_card":"summary_large_image","twitter_misc":{"Escrito por":"apuntesdesanluis.com","Tiempo de lectura":"3 minutos"},"schema":{"@context":"https:\/\/schema.org","@graph":[{"@type":"Article","@id":"https:\/\/apuntesdesanluis.com\/index.php\/2024\/06\/24\/se-realiza-el-festival-ambiental-eco-villa-de-merlo-2024\/#article","isPartOf":{"@id":"https:\/\/apuntesdesanluis.com\/index.php\/2024\/06\/24\/se-realiza-el-festival-ambiental-eco-villa-de-merlo-2024\/"},"author":{"name":"apuntesdesanluis.com","@id":"https:\/\/apuntesdesanluis.com\/#\/schema\/person\/b55151d52296fcce64d1a72538a70b90"},"headline":"SE REALIZA EL FESTIVAL AMBIENTAL ECO VILLA DE MERLO 2024","datePublished":"2024-06-24T23:17:51+00:00","mainEntityOfPage":{"@id":"https:\/\/apuntesdesanluis.com\/index.php\/2024\/06\/24\/se-realiza-el-festival-ambiental-eco-villa-de-merlo-2024\/"},"wordCount":498,"publisher":{"@id":"https:\/\/apuntesdesanluis.com\/#\/schema\/person\/b55151d52296fcce64d1a72538a70b90"},"image":{"@id":"https:\/\/apuntesdesanluis.com\/index.php\/2024\/06\/24\/se-realiza-el-festival-ambiental-eco-villa-de-merlo-2024\/#primaryimage"},"thumbnailUrl":"https:\/\/apuntesdesanluis.com\/wp-content\/uploads\/2024\/06\/MERLO.png","articleSection":["Ciudad\/Provincia"],"inLanguage":"es-AR"},{"@type":"WebPage","@id":"https:\/\/apuntesdesanluis.com\/index.php\/2024\/06\/24\/se-realiza-el-festival-ambiental-eco-villa-de-merlo-2024\/","url":"https:\/\/apuntesdesanluis.com\/index.php\/2024\/06\/24\/se-realiza-el-festival-ambiental-eco-villa-de-merlo-2024\/","name":"SE REALIZA EL FESTIVAL AMBIENTAL ECO VILLA DE MERLO 2024 - Apuntes de San Luis","isPartOf":{"@id":"https:\/\/apuntesdesanluis.com\/#website"},"primaryImageOfPage":{"@id":"https:\/\/apuntesdesanluis.com\/index.php\/2024\/06\/24\/se-realiza-el-festival-ambiental-eco-villa-de-merlo-2024\/#primaryimage"},"image":{"@id":"https:\/\/apuntesdesanluis.com\/index.php\/2024\/06\/24\/se-realiza-el-festival-ambiental-eco-villa-de-merlo-2024\/#primaryimage"},"thumbnailUrl":"https:\/\/apuntesdesanluis.com\/wp-content\/uploads\/2024\/06\/MERLO.png","datePublished":"2024-06-24T23:17:51+00:00","breadcrumb":{"@id":"https:\/\/apuntesdesanluis.com\/index.php\/2024\/06\/24\/se-realiza-el-festival-ambiental-eco-villa-de-merlo-2024\/#breadcrumb"},"inLanguage":"es-AR","potentialAction":[{"@type":"ReadAction","target":["https:\/\/apuntesdesanluis.com\/index.php\/2024\/06\/24\/se-realiza-el-festival-ambiental-eco-villa-de-merlo-2024\/"]}]},{"@type":"ImageObject","inLanguage":"es-AR","@id":"https:\/\/apuntesdesanluis.com\/index.php\/2024\/06\/24\/se-realiza-el-festival-ambiental-eco-villa-de-merlo-2024\/#primaryimage","url":"https:\/\/apuntesdesanluis.com\/wp-content\/uploads\/2024\/06\/MERLO.png","contentUrl":"https:\/\/apuntesdesanluis.com\/wp-content\/uploads\/2024\/06\/MERLO.png","width":552,"height":326},{"@type":"BreadcrumbList","@id":"https:\/\/apuntesdesanluis.com\/index.php\/2024\/06\/24\/se-realiza-el-festival-ambiental-eco-villa-de-merlo-2024\/#breadcrumb","itemListElement":[{"@type":"ListItem","position":1,"name":"Inicio","item":"https:\/\/apuntesdesanluis.com\/"},{"@type":"ListItem","position":2,"name":"SE REALIZA EL FESTIVAL AMBIENTAL ECO VILLA DE MERLO 2024"}]},{"@type":"WebSite","@id":"https:\/\/apuntesdesanluis.com\/#website","url":"https:\/\/apuntesdesanluis.com\/","name":"Apuntes de San Luis","description":"","publisher":{"@id":"https:\/\/apuntesdesanluis.com\/#\/schema\/person\/b55151d52296fcce64d1a72538a70b90"},"potentialAction":[{"@type":"SearchAction","target":{"@type":"EntryPoint","urlTemplate":"https:\/\/apuntesdesanluis.com\/?s={search_term_string}"},"query-input":{"@type":"PropertyValueSpecification","valueRequired":true,"valueName":"search_term_string"}}],"inLanguage":"es-AR"},{"@type":["Person","Organization"],"@id":"https:\/\/apuntesdesanluis.com\/#\/schema\/person\/b55151d52296fcce64d1a72538a70b90","name":"apuntesdesanluis.com","image":{"@type":"ImageObject","inLanguage":"es-AR","@id":"https:\/\/apuntesdesanluis.com\/#\/schema\/person\/image\/","url":"https:\/\/apuntesdesanluis.com\/wp-content\/uploads\/2023\/07\/cropped-apuntesdesanluis.png","contentUrl":"https:\/\/apuntesdesanluis.com\/wp-content\/uploads\/2023\/07\/cropped-apuntesdesanluis.png","width":450,"height":112,"caption":"apuntesdesanluis.com"},"logo":{"@id":"https:\/\/apuntesdesanluis.com\/#\/schema\/person\/image\/"},"sameAs":["https:\/\/apuntesdesanluis.com"],"url":"https:\/\/apuntesdesanluis.com\/index.php\/author\/apuntesdesanluis-com\/"}]}},"featured_image_urls":{"full":["https:\/\/apuntesdesanluis.com\/wp-content\/uploads\/2024\/06\/MERLO.png",552,326,false],"thumbnail":["https:\/\/apuntesdesanluis.com\/wp-content\/uploads\/2024\/06\/MERLO-150x150.png",150,150,true],"medium":["https:\/\/apuntesdesanluis.com\/wp-content\/uploads\/2024\/06\/MERLO-300x177.png",300,177,true],"medium_large":["https:\/\/apuntesdesanluis.com\/wp-content\/uploads\/2024\/06\/MERLO.png",552,326,false],"large":["https:\/\/apuntesdesanluis.com\/wp-content\/uploads\/2024\/06\/MERLO.png",552,326,false],"1536x1536":["https:\/\/apuntesdesanluis.com\/wp-content\/uploads\/2024\/06\/MERLO.png",552,326,false],"2048x2048":["https:\/\/apuntesdesanluis.com\/wp-content\/uploads\/2024\/06\/MERLO.png",552,326,false],"newsever-slider-full":["https:\/\/apuntesdesanluis.com\/wp-content\/uploads\/2024\/06\/MERLO.png",552,326,false],"newsever-featured":["https:\/\/apuntesdesanluis.com\/wp-content\/uploads\/2024\/06\/MERLO.png",552,326,false],"newsever-medium":["https:\/\/apuntesdesanluis.com\/wp-content\/uploads\/2024\/06\/MERLO.png",552,326,false]},"author_info":{"display_name":"apuntesdesanluis.com","author_link":"https:\/\/apuntesdesanluis.com\/index.php\/author\/apuntesdesanluis-com\/"},"category_info":"<a href=\"https:\/\/apuntesdesanluis.com\/index.php\/category\/ciudad-provincia\/\" rel=\"category tag\">Ciudad\/Provincia<\/a>","tag_info":"Ciudad\/Provincia","comment_count":"0","_links":{"self":[{"href":"https:\/\/apuntesdesanluis.com\/index.php\/wp-json\/wp\/v2\/posts\/18255","targetHints":{"allow":["GET"]}}],"collection":[{"href":"https:\/\/apuntesdesanluis.com\/index.php\/wp-json\/wp\/v2\/posts"}],"about":[{"href":"https:\/\/apuntesdesanluis.com\/index.php\/wp-json\/wp\/v2\/types\/post"}],"author":[{"embeddable":true,"href":"https:\/\/apuntesdesanluis.com\/index.php\/wp-json\/wp\/v2\/users\/1"}],"replies":[{"embeddable":true,"href":"https:\/\/apuntesdesanluis.com\/index.php\/wp-json\/wp\/v2\/comments?post=18255"}],"version-history":[{"count":1,"href":"https:\/\/apuntesdesanluis.com\/index.php\/wp-json\/wp\/v2\/posts\/18255\/revisions"}],"predecessor-version":[{"id":18260,"href":"https:\/\/apuntesdesanluis.com\/index.php\/wp-json\/wp\/v2\/posts\/18255\/revisions\/18260"}],"wp:featuredmedia":[{"embeddable":true,"href":"https:\/\/apuntesdesanluis.com\/index.php\/wp-json\/wp\/v2\/media\/18259"}],"wp:attachment":[{"href":"https:\/\/apuntesdesanluis.com\/index.php\/wp-json\/wp\/v2\/media?parent=18255"}],"wp:term":[{"taxonomy":"category","embeddable":true,"href":"https:\/\/apuntesdesanluis.com\/index.php\/wp-json\/wp\/v2\/categories?post=18255"},{"taxonomy":"post_tag","embeddable":true,"href":"https:\/\/apuntesdesanluis.com\/index.php\/wp-json\/wp\/v2\/tags?post=18255"}],"curies":[{"name":"wp","href":"https:\/\/api.w.org\/{rel}","templated":true}]}}