{"id":18266,"date":"2024-06-24T20:46:51","date_gmt":"2024-06-24T23:46:51","guid":{"rendered":"https:\/\/apuntesdesanluis.com\/?p=18266"},"modified":"2024-06-24T20:46:51","modified_gmt":"2024-06-24T23:46:51","slug":"se-secuestro-el-cuadruple-de-marihuana-y-el-doble-de-cocaina-respecto-al-primer-semestre-del-ano-pasado","status":"publish","type":"post","link":"https:\/\/apuntesdesanluis.com\/index.php\/2024\/06\/24\/se-secuestro-el-cuadruple-de-marihuana-y-el-doble-de-cocaina-respecto-al-primer-semestre-del-ano-pasado\/","title":{"rendered":"\u201cSE SECUESTR\u00d3 EL CU\u00c1DRUPLE DE MARIHUANA Y EL DOBLE DE COCA\u00cdNA RESPECTO AL PRIMER SEMESTRE DEL A\u00d1O PASADO\u201d"},"content":{"rendered":"<h3>Lo afirm\u00f3 el gobernador <strong>Claudio Poggi<\/strong>, asegurando adem\u00e1s que tambi\u00e9n se duplic\u00f3 la cantidad de detenciones por causas relacionadas con el tr\u00e1fico de drogas. \u201cEso significa que estamos dando una dura batalla contra la inseguridad y el narcotr\u00e1fico\u201d, afirm\u00f3.<\/h3>\n<h3>Si se realiza la comparaci\u00f3n con el primer semestre de 2023, en los primeros seis meses de este a\u00f1o, la Polic\u00eda Provincial cuadriplic\u00f3 la cantidad de marihuana incautada en procedimientos y duplic\u00f3 la cantidad de coca\u00edna secuestrada, inform\u00f3 el gobernador Claudio Poggi.<\/h3>\n<h3>A\u00f1adi\u00f3 luego: \u201cHemos duplicado la cantidad de detenidos, de delincuentes, narcotraficantes que enferman a nuestros chicos. Eso significa que estamos dando una dura batalla contra la inseguridad y el narcotr\u00e1fico\u201d.<\/h3>\n<h3>Las declaraciones las brind\u00f3 el mandatario en el acto de \u2018lluminando tu Barrio\u2019, en el barrio Maximiliano Toro de la ciudad capital.<\/h3>\n<p><iframe title=\"Claudio Poggi habla sobre el Narcotr\u00e1fico\" width=\"640\" height=\"360\" src=\"https:\/\/www.youtube.com\/embed\/IprefeG7_GI?feature=oembed\" frameborder=\"0\" allow=\"accelerometer; autoplay; clipboard-write; encrypted-media; gyroscope; picture-in-picture; web-share\" referrerpolicy=\"strict-origin-when-cross-origin\" allowfullscreen><\/iframe><\/p>\n<h3>\u201cEsa droga incautada que viene en panes, despu\u00e9s se fracciona, se multiplica y termina enfermando a nuestros chicos, los terminan haciendo vendedores de drogas y les arruinan la vida. Los resultados no se ven de la noche a la ma\u00f1ana. Hay que esperar un tiempito para empezar a verlos, pero quer\u00eda contarles esto porque nos entusiasma, nos motiva. Este es el camino\u201d, asegur\u00f3.<\/h3>\n<h3>Confirm\u00f3 que en esta gesti\u00f3n, todas las energ\u00edas est\u00e1n puestas en darle pelea al narcotr\u00e1fico, no solo por la salud integral de las juventudes, sino tambi\u00e9n porque en una provincia tomada por el negocio de la droga hay inseguridad, y eso no alienta las inversiones que generen emprendimientos y, por ende, m\u00e1s cantidad de puestos de trabajo. \u201c\u00bfQui\u00e9n va a invertir en una provincia que est\u00e9 inundada por el narcotr\u00e1fico? Uno prende la tele y ve el Conurbano, a veces Rosario, contaminados. No vamos a permitir que se radique el narcotr\u00e1fico. No lo vamos a permitir\u201d, afirm\u00f3.<\/h3>\n<p>&nbsp;<\/p>\n<p>&nbsp;<\/p>\n<p>&nbsp;<\/p>\n<p>&nbsp;<\/p>\n<p>&nbsp;<\/p>\n<p>&nbsp;<\/p>\n","protected":false},"excerpt":{"rendered":"<p>Lo afirm\u00f3 el gobernador Claudio Poggi, asegurando adem\u00e1s que tambi\u00e9n se duplic\u00f3 la cantidad de&#8230;<\/p>\n","protected":false},"author":1,"featured_media":18267,"comment_status":"closed","ping_status":"closed","sticky":false,"template":"","format":"standard","meta":{"footnotes":""},"categories":[6],"tags":[],"class_list":["post-18266","post","type-post","status-publish","format-standard","has-post-thumbnail","hentry","category-ciudad-provincia"],"yoast_head":"<!-- This site is optimized with the Yoast SEO plugin v26.1.1 - https:\/\/yoast.com\/wordpress\/plugins\/seo\/ -->\n<title>\u201cSE SECUESTR\u00d3 EL CU\u00c1DRUPLE DE MARIHUANA Y EL DOBLE DE COCA\u00cdNA RESPECTO AL PRIMER SEMESTRE DEL A\u00d1O PASADO\u201d - Apuntes de San Luis<\/title>\n<meta name=\"robots\" content=\"index, follow, max-snippet:-1, max-image-preview:large, max-video-preview:-1\" \/>\n<link rel=\"canonical\" href=\"https:\/\/apuntesdesanluis.com\/index.php\/2024\/06\/24\/se-secuestro-el-cuadruple-de-marihuana-y-el-doble-de-cocaina-respecto-al-primer-semestre-del-ano-pasado\/\" \/>\n<meta property=\"og:locale\" content=\"es_ES\" \/>\n<meta property=\"og:type\" content=\"article\" \/>\n<meta property=\"og:title\" content=\"\u201cSE SECUESTR\u00d3 EL CU\u00c1DRUPLE DE MARIHUANA Y EL DOBLE DE COCA\u00cdNA RESPECTO AL PRIMER SEMESTRE DEL A\u00d1O PASADO\u201d - Apuntes de San Luis\" \/>\n<meta property=\"og:description\" content=\"Lo afirm\u00f3 el gobernador Claudio Poggi, asegurando adem\u00e1s que tambi\u00e9n se duplic\u00f3 la cantidad de...\" \/>\n<meta property=\"og:url\" content=\"https:\/\/apuntesdesanluis.com\/index.php\/2024\/06\/24\/se-secuestro-el-cuadruple-de-marihuana-y-el-doble-de-cocaina-respecto-al-primer-semestre-del-ano-pasado\/\" \/>\n<meta property=\"og:site_name\" content=\"Apuntes de San Luis\" \/>\n<meta property=\"article:published_time\" content=\"2024-06-24T23:46:51+00:00\" \/>\n<meta property=\"og:image\" content=\"https:\/\/apuntesdesanluis.com\/wp-content\/uploads\/2024\/06\/POGGI-3.png\" \/>\n\t<meta property=\"og:image:width\" content=\"680\" \/>\n\t<meta property=\"og:image:height\" content=\"396\" \/>\n\t<meta property=\"og:image:type\" content=\"image\/png\" \/>\n<meta name=\"author\" content=\"apuntesdesanluis.com\" \/>\n<meta name=\"twitter:card\" content=\"summary_large_image\" \/>\n<meta name=\"twitter:label1\" content=\"Escrito por\" \/>\n\t<meta name=\"twitter:data1\" content=\"apuntesdesanluis.com\" \/>\n\t<meta name=\"twitter:label2\" content=\"Tiempo de lectura\" \/>\n\t<meta name=\"twitter:data2\" content=\"2 minutos\" \/>\n<script type=\"application\/ld+json\" class=\"yoast-schema-graph\">{\"@context\":\"https:\/\/schema.org\",\"@graph\":[{\"@type\":\"Article\",\"@id\":\"https:\/\/apuntesdesanluis.com\/index.php\/2024\/06\/24\/se-secuestro-el-cuadruple-de-marihuana-y-el-doble-de-cocaina-respecto-al-primer-semestre-del-ano-pasado\/#article\",\"isPartOf\":{\"@id\":\"https:\/\/apuntesdesanluis.com\/index.php\/2024\/06\/24\/se-secuestro-el-cuadruple-de-marihuana-y-el-doble-de-cocaina-respecto-al-primer-semestre-del-ano-pasado\/\"},\"author\":{\"name\":\"apuntesdesanluis.com\",\"@id\":\"https:\/\/apuntesdesanluis.com\/#\/schema\/person\/b55151d52296fcce64d1a72538a70b90\"},\"headline\":\"\u201cSE SECUESTR\u00d3 EL CU\u00c1DRUPLE DE MARIHUANA Y EL DOBLE DE COCA\u00cdNA RESPECTO AL PRIMER SEMESTRE DEL A\u00d1O PASADO\u201d\",\"datePublished\":\"2024-06-24T23:46:51+00:00\",\"mainEntityOfPage\":{\"@id\":\"https:\/\/apuntesdesanluis.com\/index.php\/2024\/06\/24\/se-secuestro-el-cuadruple-de-marihuana-y-el-doble-de-cocaina-respecto-al-primer-semestre-del-ano-pasado\/\"},\"wordCount\":348,\"publisher\":{\"@id\":\"https:\/\/apuntesdesanluis.com\/#\/schema\/person\/b55151d52296fcce64d1a72538a70b90\"},\"image\":{\"@id\":\"https:\/\/apuntesdesanluis.com\/index.php\/2024\/06\/24\/se-secuestro-el-cuadruple-de-marihuana-y-el-doble-de-cocaina-respecto-al-primer-semestre-del-ano-pasado\/#primaryimage\"},\"thumbnailUrl\":\"https:\/\/apuntesdesanluis.com\/wp-content\/uploads\/2024\/06\/POGGI-3.png\",\"articleSection\":[\"Ciudad\/Provincia\"],\"inLanguage\":\"es-AR\"},{\"@type\":\"WebPage\",\"@id\":\"https:\/\/apuntesdesanluis.com\/index.php\/2024\/06\/24\/se-secuestro-el-cuadruple-de-marihuana-y-el-doble-de-cocaina-respecto-al-primer-semestre-del-ano-pasado\/\",\"url\":\"https:\/\/apuntesdesanluis.com\/index.php\/2024\/06\/24\/se-secuestro-el-cuadruple-de-marihuana-y-el-doble-de-cocaina-respecto-al-primer-semestre-del-ano-pasado\/\",\"name\":\"\u201cSE SECUESTR\u00d3 EL CU\u00c1DRUPLE DE MARIHUANA Y EL DOBLE DE COCA\u00cdNA RESPECTO AL PRIMER SEMESTRE DEL A\u00d1O PASADO\u201d - Apuntes de San Luis\",\"isPartOf\":{\"@id\":\"https:\/\/apuntesdesanluis.com\/#website\"},\"primaryImageOfPage\":{\"@id\":\"https:\/\/apuntesdesanluis.com\/index.php\/2024\/06\/24\/se-secuestro-el-cuadruple-de-marihuana-y-el-doble-de-cocaina-respecto-al-primer-semestre-del-ano-pasado\/#primaryimage\"},\"image\":{\"@id\":\"https:\/\/apuntesdesanluis.com\/index.php\/2024\/06\/24\/se-secuestro-el-cuadruple-de-marihuana-y-el-doble-de-cocaina-respecto-al-primer-semestre-del-ano-pasado\/#primaryimage\"},\"thumbnailUrl\":\"https:\/\/apuntesdesanluis.com\/wp-content\/uploads\/2024\/06\/POGGI-3.png\",\"datePublished\":\"2024-06-24T23:46:51+00:00\",\"breadcrumb\":{\"@id\":\"https:\/\/apuntesdesanluis.com\/index.php\/2024\/06\/24\/se-secuestro-el-cuadruple-de-marihuana-y-el-doble-de-cocaina-respecto-al-primer-semestre-del-ano-pasado\/#breadcrumb\"},\"inLanguage\":\"es-AR\",\"potentialAction\":[{\"@type\":\"ReadAction\",\"target\":[\"https:\/\/apuntesdesanluis.com\/index.php\/2024\/06\/24\/se-secuestro-el-cuadruple-de-marihuana-y-el-doble-de-cocaina-respecto-al-primer-semestre-del-ano-pasado\/\"]}]},{\"@type\":\"ImageObject\",\"inLanguage\":\"es-AR\",\"@id\":\"https:\/\/apuntesdesanluis.com\/index.php\/2024\/06\/24\/se-secuestro-el-cuadruple-de-marihuana-y-el-doble-de-cocaina-respecto-al-primer-semestre-del-ano-pasado\/#primaryimage\",\"url\":\"https:\/\/apuntesdesanluis.com\/wp-content\/uploads\/2024\/06\/POGGI-3.png\",\"contentUrl\":\"https:\/\/apuntesdesanluis.com\/wp-content\/uploads\/2024\/06\/POGGI-3.png\",\"width\":680,\"height\":396},{\"@type\":\"BreadcrumbList\",\"@id\":\"https:\/\/apuntesdesanluis.com\/index.php\/2024\/06\/24\/se-secuestro-el-cuadruple-de-marihuana-y-el-doble-de-cocaina-respecto-al-primer-semestre-del-ano-pasado\/#breadcrumb\",\"itemListElement\":[{\"@type\":\"ListItem\",\"position\":1,\"name\":\"Inicio\",\"item\":\"https:\/\/apuntesdesanluis.com\/\"},{\"@type\":\"ListItem\",\"position\":2,\"name\":\"\u201cSE SECUESTR\u00d3 EL CU\u00c1DRUPLE DE MARIHUANA Y EL DOBLE DE COCA\u00cdNA RESPECTO AL PRIMER SEMESTRE DEL A\u00d1O PASADO\u201d\"}]},{\"@type\":\"WebSite\",\"@id\":\"https:\/\/apuntesdesanluis.com\/#website\",\"url\":\"https:\/\/apuntesdesanluis.com\/\",\"name\":\"Apuntes de San Luis\",\"description\":\"\",\"publisher\":{\"@id\":\"https:\/\/apuntesdesanluis.com\/#\/schema\/person\/b55151d52296fcce64d1a72538a70b90\"},\"potentialAction\":[{\"@type\":\"SearchAction\",\"target\":{\"@type\":\"EntryPoint\",\"urlTemplate\":\"https:\/\/apuntesdesanluis.com\/?s={search_term_string}\"},\"query-input\":{\"@type\":\"PropertyValueSpecification\",\"valueRequired\":true,\"valueName\":\"search_term_string\"}}],\"inLanguage\":\"es-AR\"},{\"@type\":[\"Person\",\"Organization\"],\"@id\":\"https:\/\/apuntesdesanluis.com\/#\/schema\/person\/b55151d52296fcce64d1a72538a70b90\",\"name\":\"apuntesdesanluis.com\",\"image\":{\"@type\":\"ImageObject\",\"inLanguage\":\"es-AR\",\"@id\":\"https:\/\/apuntesdesanluis.com\/#\/schema\/person\/image\/\",\"url\":\"https:\/\/apuntesdesanluis.com\/wp-content\/uploads\/2023\/07\/cropped-apuntesdesanluis.png\",\"contentUrl\":\"https:\/\/apuntesdesanluis.com\/wp-content\/uploads\/2023\/07\/cropped-apuntesdesanluis.png\",\"width\":450,\"height\":112,\"caption\":\"apuntesdesanluis.com\"},\"logo\":{\"@id\":\"https:\/\/apuntesdesanluis.com\/#\/schema\/person\/image\/\"},\"sameAs\":[\"https:\/\/apuntesdesanluis.com\"],\"url\":\"https:\/\/apuntesdesanluis.com\/index.php\/author\/apuntesdesanluis-com\/\"}]}<\/script>\n<!-- \/ Yoast SEO plugin. -->","yoast_head_json":{"title":"\u201cSE SECUESTR\u00d3 EL CU\u00c1DRUPLE DE MARIHUANA Y EL DOBLE DE COCA\u00cdNA RESPECTO AL PRIMER SEMESTRE DEL A\u00d1O PASADO\u201d - Apuntes de San Luis","robots":{"index":"index","follow":"follow","max-snippet":"max-snippet:-1","max-image-preview":"max-image-preview:large","max-video-preview":"max-video-preview:-1"},"canonical":"https:\/\/apuntesdesanluis.com\/index.php\/2024\/06\/24\/se-secuestro-el-cuadruple-de-marihuana-y-el-doble-de-cocaina-respecto-al-primer-semestre-del-ano-pasado\/","og_locale":"es_ES","og_type":"article","og_title":"\u201cSE SECUESTR\u00d3 EL CU\u00c1DRUPLE DE MARIHUANA Y EL DOBLE DE COCA\u00cdNA RESPECTO AL PRIMER SEMESTRE DEL A\u00d1O PASADO\u201d - Apuntes de San Luis","og_description":"Lo afirm\u00f3 el gobernador Claudio Poggi, asegurando adem\u00e1s que tambi\u00e9n se duplic\u00f3 la cantidad de...","og_url":"https:\/\/apuntesdesanluis.com\/index.php\/2024\/06\/24\/se-secuestro-el-cuadruple-de-marihuana-y-el-doble-de-cocaina-respecto-al-primer-semestre-del-ano-pasado\/","og_site_name":"Apuntes de San Luis","article_published_time":"2024-06-24T23:46:51+00:00","og_image":[{"width":680,"height":396,"url":"https:\/\/apuntesdesanluis.com\/wp-content\/uploads\/2024\/06\/POGGI-3.png","type":"image\/png"}],"author":"apuntesdesanluis.com","twitter_card":"summary_large_image","twitter_misc":{"Escrito por":"apuntesdesanluis.com","Tiempo de lectura":"2 minutos"},"schema":{"@context":"https:\/\/schema.org","@graph":[{"@type":"Article","@id":"https:\/\/apuntesdesanluis.com\/index.php\/2024\/06\/24\/se-secuestro-el-cuadruple-de-marihuana-y-el-doble-de-cocaina-respecto-al-primer-semestre-del-ano-pasado\/#article","isPartOf":{"@id":"https:\/\/apuntesdesanluis.com\/index.php\/2024\/06\/24\/se-secuestro-el-cuadruple-de-marihuana-y-el-doble-de-cocaina-respecto-al-primer-semestre-del-ano-pasado\/"},"author":{"name":"apuntesdesanluis.com","@id":"https:\/\/apuntesdesanluis.com\/#\/schema\/person\/b55151d52296fcce64d1a72538a70b90"},"headline":"\u201cSE SECUESTR\u00d3 EL CU\u00c1DRUPLE DE MARIHUANA Y EL DOBLE DE COCA\u00cdNA RESPECTO AL PRIMER SEMESTRE DEL A\u00d1O PASADO\u201d","datePublished":"2024-06-24T23:46:51+00:00","mainEntityOfPage":{"@id":"https:\/\/apuntesdesanluis.com\/index.php\/2024\/06\/24\/se-secuestro-el-cuadruple-de-marihuana-y-el-doble-de-cocaina-respecto-al-primer-semestre-del-ano-pasado\/"},"wordCount":348,"publisher":{"@id":"https:\/\/apuntesdesanluis.com\/#\/schema\/person\/b55151d52296fcce64d1a72538a70b90"},"image":{"@id":"https:\/\/apuntesdesanluis.com\/index.php\/2024\/06\/24\/se-secuestro-el-cuadruple-de-marihuana-y-el-doble-de-cocaina-respecto-al-primer-semestre-del-ano-pasado\/#primaryimage"},"thumbnailUrl":"https:\/\/apuntesdesanluis.com\/wp-content\/uploads\/2024\/06\/POGGI-3.png","articleSection":["Ciudad\/Provincia"],"inLanguage":"es-AR"},{"@type":"WebPage","@id":"https:\/\/apuntesdesanluis.com\/index.php\/2024\/06\/24\/se-secuestro-el-cuadruple-de-marihuana-y-el-doble-de-cocaina-respecto-al-primer-semestre-del-ano-pasado\/","url":"https:\/\/apuntesdesanluis.com\/index.php\/2024\/06\/24\/se-secuestro-el-cuadruple-de-marihuana-y-el-doble-de-cocaina-respecto-al-primer-semestre-del-ano-pasado\/","name":"\u201cSE SECUESTR\u00d3 EL CU\u00c1DRUPLE DE MARIHUANA Y EL DOBLE DE COCA\u00cdNA RESPECTO AL PRIMER SEMESTRE DEL A\u00d1O PASADO\u201d - Apuntes de San Luis","isPartOf":{"@id":"https:\/\/apuntesdesanluis.com\/#website"},"primaryImageOfPage":{"@id":"https:\/\/apuntesdesanluis.com\/index.php\/2024\/06\/24\/se-secuestro-el-cuadruple-de-marihuana-y-el-doble-de-cocaina-respecto-al-primer-semestre-del-ano-pasado\/#primaryimage"},"image":{"@id":"https:\/\/apuntesdesanluis.com\/index.php\/2024\/06\/24\/se-secuestro-el-cuadruple-de-marihuana-y-el-doble-de-cocaina-respecto-al-primer-semestre-del-ano-pasado\/#primaryimage"},"thumbnailUrl":"https:\/\/apuntesdesanluis.com\/wp-content\/uploads\/2024\/06\/POGGI-3.png","datePublished":"2024-06-24T23:46:51+00:00","breadcrumb":{"@id":"https:\/\/apuntesdesanluis.com\/index.php\/2024\/06\/24\/se-secuestro-el-cuadruple-de-marihuana-y-el-doble-de-cocaina-respecto-al-primer-semestre-del-ano-pasado\/#breadcrumb"},"inLanguage":"es-AR","potentialAction":[{"@type":"ReadAction","target":["https:\/\/apuntesdesanluis.com\/index.php\/2024\/06\/24\/se-secuestro-el-cuadruple-de-marihuana-y-el-doble-de-cocaina-respecto-al-primer-semestre-del-ano-pasado\/"]}]},{"@type":"ImageObject","inLanguage":"es-AR","@id":"https:\/\/apuntesdesanluis.com\/index.php\/2024\/06\/24\/se-secuestro-el-cuadruple-de-marihuana-y-el-doble-de-cocaina-respecto-al-primer-semestre-del-ano-pasado\/#primaryimage","url":"https:\/\/apuntesdesanluis.com\/wp-content\/uploads\/2024\/06\/POGGI-3.png","contentUrl":"https:\/\/apuntesdesanluis.com\/wp-content\/uploads\/2024\/06\/POGGI-3.png","width":680,"height":396},{"@type":"BreadcrumbList","@id":"https:\/\/apuntesdesanluis.com\/index.php\/2024\/06\/24\/se-secuestro-el-cuadruple-de-marihuana-y-el-doble-de-cocaina-respecto-al-primer-semestre-del-ano-pasado\/#breadcrumb","itemListElement":[{"@type":"ListItem","position":1,"name":"Inicio","item":"https:\/\/apuntesdesanluis.com\/"},{"@type":"ListItem","position":2,"name":"\u201cSE SECUESTR\u00d3 EL CU\u00c1DRUPLE DE MARIHUANA Y EL DOBLE DE COCA\u00cdNA RESPECTO AL PRIMER SEMESTRE DEL A\u00d1O PASADO\u201d"}]},{"@type":"WebSite","@id":"https:\/\/apuntesdesanluis.com\/#website","url":"https:\/\/apuntesdesanluis.com\/","name":"Apuntes de San Luis","description":"","publisher":{"@id":"https:\/\/apuntesdesanluis.com\/#\/schema\/person\/b55151d52296fcce64d1a72538a70b90"},"potentialAction":[{"@type":"SearchAction","target":{"@type":"EntryPoint","urlTemplate":"https:\/\/apuntesdesanluis.com\/?s={search_term_string}"},"query-input":{"@type":"PropertyValueSpecification","valueRequired":true,"valueName":"search_term_string"}}],"inLanguage":"es-AR"},{"@type":["Person","Organization"],"@id":"https:\/\/apuntesdesanluis.com\/#\/schema\/person\/b55151d52296fcce64d1a72538a70b90","name":"apuntesdesanluis.com","image":{"@type":"ImageObject","inLanguage":"es-AR","@id":"https:\/\/apuntesdesanluis.com\/#\/schema\/person\/image\/","url":"https:\/\/apuntesdesanluis.com\/wp-content\/uploads\/2023\/07\/cropped-apuntesdesanluis.png","contentUrl":"https:\/\/apuntesdesanluis.com\/wp-content\/uploads\/2023\/07\/cropped-apuntesdesanluis.png","width":450,"height":112,"caption":"apuntesdesanluis.com"},"logo":{"@id":"https:\/\/apuntesdesanluis.com\/#\/schema\/person\/image\/"},"sameAs":["https:\/\/apuntesdesanluis.com"],"url":"https:\/\/apuntesdesanluis.com\/index.php\/author\/apuntesdesanluis-com\/"}]}},"featured_image_urls":{"full":["https:\/\/apuntesdesanluis.com\/wp-content\/uploads\/2024\/06\/POGGI-3.png",680,396,false],"thumbnail":["https:\/\/apuntesdesanluis.com\/wp-content\/uploads\/2024\/06\/POGGI-3-150x150.png",150,150,true],"medium":["https:\/\/apuntesdesanluis.com\/wp-content\/uploads\/2024\/06\/POGGI-3-300x175.png",300,175,true],"medium_large":["https:\/\/apuntesdesanluis.com\/wp-content\/uploads\/2024\/06\/POGGI-3.png",640,373,false],"large":["https:\/\/apuntesdesanluis.com\/wp-content\/uploads\/2024\/06\/POGGI-3.png",640,373,false],"1536x1536":["https:\/\/apuntesdesanluis.com\/wp-content\/uploads\/2024\/06\/POGGI-3.png",680,396,false],"2048x2048":["https:\/\/apuntesdesanluis.com\/wp-content\/uploads\/2024\/06\/POGGI-3.png",680,396,false],"newsever-slider-full":["https:\/\/apuntesdesanluis.com\/wp-content\/uploads\/2024\/06\/POGGI-3.png",680,396,false],"newsever-featured":["https:\/\/apuntesdesanluis.com\/wp-content\/uploads\/2024\/06\/POGGI-3.png",680,396,false],"newsever-medium":["https:\/\/apuntesdesanluis.com\/wp-content\/uploads\/2024\/06\/POGGI-3.png",680,396,false]},"author_info":{"display_name":"apuntesdesanluis.com","author_link":"https:\/\/apuntesdesanluis.com\/index.php\/author\/apuntesdesanluis-com\/"},"category_info":"<a href=\"https:\/\/apuntesdesanluis.com\/index.php\/category\/ciudad-provincia\/\" rel=\"category tag\">Ciudad\/Provincia<\/a>","tag_info":"Ciudad\/Provincia","comment_count":"0","_links":{"self":[{"href":"https:\/\/apuntesdesanluis.com\/index.php\/wp-json\/wp\/v2\/posts\/18266","targetHints":{"allow":["GET"]}}],"collection":[{"href":"https:\/\/apuntesdesanluis.com\/index.php\/wp-json\/wp\/v2\/posts"}],"about":[{"href":"https:\/\/apuntesdesanluis.com\/index.php\/wp-json\/wp\/v2\/types\/post"}],"author":[{"embeddable":true,"href":"https:\/\/apuntesdesanluis.com\/index.php\/wp-json\/wp\/v2\/users\/1"}],"replies":[{"embeddable":true,"href":"https:\/\/apuntesdesanluis.com\/index.php\/wp-json\/wp\/v2\/comments?post=18266"}],"version-history":[{"count":1,"href":"https:\/\/apuntesdesanluis.com\/index.php\/wp-json\/wp\/v2\/posts\/18266\/revisions"}],"predecessor-version":[{"id":18268,"href":"https:\/\/apuntesdesanluis.com\/index.php\/wp-json\/wp\/v2\/posts\/18266\/revisions\/18268"}],"wp:featuredmedia":[{"embeddable":true,"href":"https:\/\/apuntesdesanluis.com\/index.php\/wp-json\/wp\/v2\/media\/18267"}],"wp:attachment":[{"href":"https:\/\/apuntesdesanluis.com\/index.php\/wp-json\/wp\/v2\/media?parent=18266"}],"wp:term":[{"taxonomy":"category","embeddable":true,"href":"https:\/\/apuntesdesanluis.com\/index.php\/wp-json\/wp\/v2\/categories?post=18266"},{"taxonomy":"post_tag","embeddable":true,"href":"https:\/\/apuntesdesanluis.com\/index.php\/wp-json\/wp\/v2\/tags?post=18266"}],"curies":[{"name":"wp","href":"https:\/\/api.w.org\/{rel}","templated":true}]}}