{"id":1829,"date":"2023-08-20T11:45:34","date_gmt":"2023-08-20T14:45:34","guid":{"rendered":"https:\/\/apuntesdesanluis.com\/?p=1829"},"modified":"2023-08-20T11:46:09","modified_gmt":"2023-08-20T14:46:09","slug":"ojala-esto-sea-el-principio-dijo-messi-tras-coronarse-campeon-con-inter-miami","status":"publish","type":"post","link":"https:\/\/apuntesdesanluis.com\/index.php\/2023\/08\/20\/ojala-esto-sea-el-principio-dijo-messi-tras-coronarse-campeon-con-inter-miami\/","title":{"rendered":"\u201cOJAL\u00c1 ESTO SEA EL PRINCIPIO\u201d, DIJO MESSI TRAS CORONARSE CAMPE\u00d3N CON INTER MIAMI"},"content":{"rendered":"<h3 class=\"yiv7409174924ydp6329976emsonormal\" style=\"text-align: justify; background: white;\"><span style=\"font-family: 'Arial','sans-serif'; color: #1d2228;\"><strong>Lionel Messi<\/strong> levant\u00f3 su primer t\u00edtulo en el f\u00fatbol de Estados Unidos cuando todav\u00eda no cumpli\u00f3 ni un mes desde que tuvo su debut oficial. El argentino, que se convirti\u00f3 en capit\u00e1n del <strong>Inter Miami<\/strong> tras su desembarco, fue fundamental en la final de la Leagues Cup ante Nashville y se mostr\u00f3 muy feliz de sumar otra corona a sus vitrinas.<\/span><\/h3>\n<h3 class=\"yiv7409174924ydp6329976emsonormal\" style=\"text-align: justify; background: white;\"><span style=\"font-family: 'Arial','sans-serif'; color: #1d2228;\">El Inter Miami igual\u00f3 1a 1 ante Nashville SC como visitante, en el partido correspondiente a la final de la Leagues Cup y tras la definici\u00f3n por penales venci\u00f3 10 a 9, para salir campe\u00f3n por primera vez en la competencia, el primer t\u00edtulo que gana su nuevo club. <\/span><\/h3>\n<h3 class=\"yiv7409174924ydp6329976emsonormal\" style=\"text-align: justify; background: white;\"><span style=\"font-family: 'Arial','sans-serif'; color: #1d2228;\">Lionel Messi anot\u00f3 el gol de Inter Miami, con un bombazo al \u00e1ngulo a los 23 minutos del primer tiempo, mientras que la igualdad para Nashville fue de Fabrice-Jean Picault, sobre los 12 del complemento.<\/span><\/h3>\n<p><a href=\"https:\/\/www.youtube.com\/watch?v=6l81ma37mJ4\">https:\/\/www.youtube.com\/watch?v=6l81ma37mJ4<\/a><\/p>\n<h3 class=\"yiv7409174924ydp6329976emsonormal\" style=\"text-align: justify; background: white;\"><span style=\"font-family: 'Arial','sans-serif'; color: #1d2228;\">Luego del partido en el Geodis Park, Leo utiliz\u00f3 sus redes sociales para expresarse ante la coronaci\u00f3n: \u201c\u00a1Campeones! Muy felices de conseguir el primer t\u00edtulo de la historia de este club. El trabajo y compromiso de todos lo hizo posible. Ojal\u00e1 esto s\u00f3lo sea el principio&#8230; \u00a1Vamos Inter Miami!\u201d.<\/span><\/h3>\n<p><img fetchpriority=\"high\" decoding=\"async\" class=\"wp-image-1830 aligncenter\" src=\"https:\/\/apuntesdesanluis.com\/wp-content\/uploads\/2023\/08\/posteo-3-300x166.png\" alt=\"\" width=\"701\" height=\"388\" srcset=\"https:\/\/apuntesdesanluis.com\/wp-content\/uploads\/2023\/08\/posteo-3-300x166.png 300w, https:\/\/apuntesdesanluis.com\/wp-content\/uploads\/2023\/08\/posteo-3.png 600w\" sizes=\"(max-width: 701px) 100vw, 701px\" \/><\/p>\n<h3 class=\"yiv7409174924ydp6329976emsonormal\" style=\"text-align: justify; background: white;\"><span style=\"font-family: 'Arial','sans-serif'; color: #1d2228;\">Las dos primeras im\u00e1genes que utiliz\u00f3 para su posteo fueron grupales, de todo el equipo alzando la corona de campeones en la tarima que se arm\u00f3 sobre el c\u00e9sped. La tercera es un profundo abrazo con Drake Callender, el h\u00e9roe de la jornada tras anotar el penal decisivo y atajar el que dispar\u00f3 el portero rival, Elliot Panicco.<\/span><\/h3>\n<p>&nbsp;<\/p>\n<p><iframe title=\"INTER MIAMI CAMPE\u00d3N de la Leagues Cup en penales 1-1 Nashville (10-9) GOL DE LEO MESSI | Leagues Cup\" width=\"640\" height=\"360\" src=\"https:\/\/www.youtube.com\/embed\/XkZ9ZIX3j-Y?feature=oembed\" frameborder=\"0\" allow=\"accelerometer; autoplay; clipboard-write; encrypted-media; gyroscope; picture-in-picture; web-share\" referrerpolicy=\"strict-origin-when-cross-origin\" allowfullscreen><\/iframe><\/p>\n<p>&nbsp;<\/p>\n<p>&nbsp;<\/p>\n<p>&nbsp;<\/p>\n","protected":false},"excerpt":{"rendered":"<p>Lionel Messi levant\u00f3 su primer t\u00edtulo en el f\u00fatbol de Estados Unidos cuando todav\u00eda no&#8230;<\/p>\n","protected":false},"author":1,"featured_media":1831,"comment_status":"closed","ping_status":"closed","sticky":false,"template":"","format":"standard","meta":{"footnotes":""},"categories":[5],"tags":[],"class_list":["post-1829","post","type-post","status-publish","format-standard","has-post-thumbnail","hentry","category-nacionales-internacionales"],"yoast_head":"<!-- This site is optimized with the Yoast SEO plugin v26.1.1 - https:\/\/yoast.com\/wordpress\/plugins\/seo\/ -->\n<title>\u201cOJAL\u00c1 ESTO SEA EL PRINCIPIO\u201d, DIJO MESSI TRAS CORONARSE CAMPE\u00d3N CON INTER MIAMI - Apuntes de San Luis<\/title>\n<meta name=\"robots\" content=\"index, follow, max-snippet:-1, max-image-preview:large, max-video-preview:-1\" \/>\n<link rel=\"canonical\" href=\"https:\/\/apuntesdesanluis.com\/index.php\/2023\/08\/20\/ojala-esto-sea-el-principio-dijo-messi-tras-coronarse-campeon-con-inter-miami\/\" \/>\n<meta property=\"og:locale\" content=\"es_ES\" \/>\n<meta property=\"og:type\" content=\"article\" \/>\n<meta property=\"og:title\" content=\"\u201cOJAL\u00c1 ESTO SEA EL PRINCIPIO\u201d, DIJO MESSI TRAS CORONARSE CAMPE\u00d3N CON INTER MIAMI - Apuntes de San Luis\" \/>\n<meta property=\"og:description\" content=\"Lionel Messi levant\u00f3 su primer t\u00edtulo en el f\u00fatbol de Estados Unidos cuando todav\u00eda no...\" \/>\n<meta property=\"og:url\" content=\"https:\/\/apuntesdesanluis.com\/index.php\/2023\/08\/20\/ojala-esto-sea-el-principio-dijo-messi-tras-coronarse-campeon-con-inter-miami\/\" \/>\n<meta property=\"og:site_name\" content=\"Apuntes de San Luis\" \/>\n<meta property=\"article:published_time\" content=\"2023-08-20T14:45:34+00:00\" \/>\n<meta property=\"article:modified_time\" content=\"2023-08-20T14:46:09+00:00\" \/>\n<meta property=\"og:image\" content=\"https:\/\/apuntesdesanluis.com\/wp-content\/uploads\/2023\/08\/messi-tapa.jpg\" \/>\n\t<meta property=\"og:image:width\" content=\"862\" \/>\n\t<meta property=\"og:image:height\" content=\"485\" \/>\n\t<meta property=\"og:image:type\" content=\"image\/jpeg\" \/>\n<meta name=\"author\" content=\"apuntesdesanluis.com\" \/>\n<meta name=\"twitter:card\" content=\"summary_large_image\" \/>\n<meta name=\"twitter:label1\" content=\"Escrito por\" \/>\n\t<meta name=\"twitter:data1\" content=\"apuntesdesanluis.com\" \/>\n\t<meta name=\"twitter:label2\" content=\"Tiempo de lectura\" \/>\n\t<meta name=\"twitter:data2\" content=\"2 minutos\" \/>\n<script type=\"application\/ld+json\" class=\"yoast-schema-graph\">{\"@context\":\"https:\/\/schema.org\",\"@graph\":[{\"@type\":\"Article\",\"@id\":\"https:\/\/apuntesdesanluis.com\/index.php\/2023\/08\/20\/ojala-esto-sea-el-principio-dijo-messi-tras-coronarse-campeon-con-inter-miami\/#article\",\"isPartOf\":{\"@id\":\"https:\/\/apuntesdesanluis.com\/index.php\/2023\/08\/20\/ojala-esto-sea-el-principio-dijo-messi-tras-coronarse-campeon-con-inter-miami\/\"},\"author\":{\"name\":\"apuntesdesanluis.com\",\"@id\":\"https:\/\/apuntesdesanluis.com\/#\/schema\/person\/b55151d52296fcce64d1a72538a70b90\"},\"headline\":\"\u201cOJAL\u00c1 ESTO SEA EL PRINCIPIO\u201d, DIJO MESSI TRAS CORONARSE CAMPE\u00d3N CON INTER MIAMI\",\"datePublished\":\"2023-08-20T14:45:34+00:00\",\"dateModified\":\"2023-08-20T14:46:09+00:00\",\"mainEntityOfPage\":{\"@id\":\"https:\/\/apuntesdesanluis.com\/index.php\/2023\/08\/20\/ojala-esto-sea-el-principio-dijo-messi-tras-coronarse-campeon-con-inter-miami\/\"},\"wordCount\":297,\"publisher\":{\"@id\":\"https:\/\/apuntesdesanluis.com\/#\/schema\/person\/b55151d52296fcce64d1a72538a70b90\"},\"image\":{\"@id\":\"https:\/\/apuntesdesanluis.com\/index.php\/2023\/08\/20\/ojala-esto-sea-el-principio-dijo-messi-tras-coronarse-campeon-con-inter-miami\/#primaryimage\"},\"thumbnailUrl\":\"https:\/\/apuntesdesanluis.com\/wp-content\/uploads\/2023\/08\/messi-tapa.jpg\",\"articleSection\":[\"Nacionales\/Internacionales\"],\"inLanguage\":\"es-AR\"},{\"@type\":\"WebPage\",\"@id\":\"https:\/\/apuntesdesanluis.com\/index.php\/2023\/08\/20\/ojala-esto-sea-el-principio-dijo-messi-tras-coronarse-campeon-con-inter-miami\/\",\"url\":\"https:\/\/apuntesdesanluis.com\/index.php\/2023\/08\/20\/ojala-esto-sea-el-principio-dijo-messi-tras-coronarse-campeon-con-inter-miami\/\",\"name\":\"\u201cOJAL\u00c1 ESTO SEA EL PRINCIPIO\u201d, DIJO MESSI TRAS CORONARSE CAMPE\u00d3N CON INTER MIAMI - Apuntes de San Luis\",\"isPartOf\":{\"@id\":\"https:\/\/apuntesdesanluis.com\/#website\"},\"primaryImageOfPage\":{\"@id\":\"https:\/\/apuntesdesanluis.com\/index.php\/2023\/08\/20\/ojala-esto-sea-el-principio-dijo-messi-tras-coronarse-campeon-con-inter-miami\/#primaryimage\"},\"image\":{\"@id\":\"https:\/\/apuntesdesanluis.com\/index.php\/2023\/08\/20\/ojala-esto-sea-el-principio-dijo-messi-tras-coronarse-campeon-con-inter-miami\/#primaryimage\"},\"thumbnailUrl\":\"https:\/\/apuntesdesanluis.com\/wp-content\/uploads\/2023\/08\/messi-tapa.jpg\",\"datePublished\":\"2023-08-20T14:45:34+00:00\",\"dateModified\":\"2023-08-20T14:46:09+00:00\",\"breadcrumb\":{\"@id\":\"https:\/\/apuntesdesanluis.com\/index.php\/2023\/08\/20\/ojala-esto-sea-el-principio-dijo-messi-tras-coronarse-campeon-con-inter-miami\/#breadcrumb\"},\"inLanguage\":\"es-AR\",\"potentialAction\":[{\"@type\":\"ReadAction\",\"target\":[\"https:\/\/apuntesdesanluis.com\/index.php\/2023\/08\/20\/ojala-esto-sea-el-principio-dijo-messi-tras-coronarse-campeon-con-inter-miami\/\"]}]},{\"@type\":\"ImageObject\",\"inLanguage\":\"es-AR\",\"@id\":\"https:\/\/apuntesdesanluis.com\/index.php\/2023\/08\/20\/ojala-esto-sea-el-principio-dijo-messi-tras-coronarse-campeon-con-inter-miami\/#primaryimage\",\"url\":\"https:\/\/apuntesdesanluis.com\/wp-content\/uploads\/2023\/08\/messi-tapa.jpg\",\"contentUrl\":\"https:\/\/apuntesdesanluis.com\/wp-content\/uploads\/2023\/08\/messi-tapa.jpg\",\"width\":862,\"height\":485},{\"@type\":\"BreadcrumbList\",\"@id\":\"https:\/\/apuntesdesanluis.com\/index.php\/2023\/08\/20\/ojala-esto-sea-el-principio-dijo-messi-tras-coronarse-campeon-con-inter-miami\/#breadcrumb\",\"itemListElement\":[{\"@type\":\"ListItem\",\"position\":1,\"name\":\"Inicio\",\"item\":\"https:\/\/apuntesdesanluis.com\/\"},{\"@type\":\"ListItem\",\"position\":2,\"name\":\"\u201cOJAL\u00c1 ESTO SEA EL PRINCIPIO\u201d, DIJO MESSI TRAS CORONARSE CAMPE\u00d3N CON INTER MIAMI\"}]},{\"@type\":\"WebSite\",\"@id\":\"https:\/\/apuntesdesanluis.com\/#website\",\"url\":\"https:\/\/apuntesdesanluis.com\/\",\"name\":\"Apuntes de San Luis\",\"description\":\"\",\"publisher\":{\"@id\":\"https:\/\/apuntesdesanluis.com\/#\/schema\/person\/b55151d52296fcce64d1a72538a70b90\"},\"potentialAction\":[{\"@type\":\"SearchAction\",\"target\":{\"@type\":\"EntryPoint\",\"urlTemplate\":\"https:\/\/apuntesdesanluis.com\/?s={search_term_string}\"},\"query-input\":{\"@type\":\"PropertyValueSpecification\",\"valueRequired\":true,\"valueName\":\"search_term_string\"}}],\"inLanguage\":\"es-AR\"},{\"@type\":[\"Person\",\"Organization\"],\"@id\":\"https:\/\/apuntesdesanluis.com\/#\/schema\/person\/b55151d52296fcce64d1a72538a70b90\",\"name\":\"apuntesdesanluis.com\",\"image\":{\"@type\":\"ImageObject\",\"inLanguage\":\"es-AR\",\"@id\":\"https:\/\/apuntesdesanluis.com\/#\/schema\/person\/image\/\",\"url\":\"https:\/\/apuntesdesanluis.com\/wp-content\/uploads\/2023\/07\/cropped-apuntesdesanluis.png\",\"contentUrl\":\"https:\/\/apuntesdesanluis.com\/wp-content\/uploads\/2023\/07\/cropped-apuntesdesanluis.png\",\"width\":450,\"height\":112,\"caption\":\"apuntesdesanluis.com\"},\"logo\":{\"@id\":\"https:\/\/apuntesdesanluis.com\/#\/schema\/person\/image\/\"},\"sameAs\":[\"https:\/\/apuntesdesanluis.com\"],\"url\":\"https:\/\/apuntesdesanluis.com\/index.php\/author\/apuntesdesanluis-com\/\"}]}<\/script>\n<!-- \/ Yoast SEO plugin. -->","yoast_head_json":{"title":"\u201cOJAL\u00c1 ESTO SEA EL PRINCIPIO\u201d, DIJO MESSI TRAS CORONARSE CAMPE\u00d3N CON INTER MIAMI - Apuntes de San Luis","robots":{"index":"index","follow":"follow","max-snippet":"max-snippet:-1","max-image-preview":"max-image-preview:large","max-video-preview":"max-video-preview:-1"},"canonical":"https:\/\/apuntesdesanluis.com\/index.php\/2023\/08\/20\/ojala-esto-sea-el-principio-dijo-messi-tras-coronarse-campeon-con-inter-miami\/","og_locale":"es_ES","og_type":"article","og_title":"\u201cOJAL\u00c1 ESTO SEA EL PRINCIPIO\u201d, DIJO MESSI TRAS CORONARSE CAMPE\u00d3N CON INTER MIAMI - Apuntes de San Luis","og_description":"Lionel Messi levant\u00f3 su primer t\u00edtulo en el f\u00fatbol de Estados Unidos cuando todav\u00eda no...","og_url":"https:\/\/apuntesdesanluis.com\/index.php\/2023\/08\/20\/ojala-esto-sea-el-principio-dijo-messi-tras-coronarse-campeon-con-inter-miami\/","og_site_name":"Apuntes de San Luis","article_published_time":"2023-08-20T14:45:34+00:00","article_modified_time":"2023-08-20T14:46:09+00:00","og_image":[{"width":862,"height":485,"url":"https:\/\/apuntesdesanluis.com\/wp-content\/uploads\/2023\/08\/messi-tapa.jpg","type":"image\/jpeg"}],"author":"apuntesdesanluis.com","twitter_card":"summary_large_image","twitter_misc":{"Escrito por":"apuntesdesanluis.com","Tiempo de lectura":"2 minutos"},"schema":{"@context":"https:\/\/schema.org","@graph":[{"@type":"Article","@id":"https:\/\/apuntesdesanluis.com\/index.php\/2023\/08\/20\/ojala-esto-sea-el-principio-dijo-messi-tras-coronarse-campeon-con-inter-miami\/#article","isPartOf":{"@id":"https:\/\/apuntesdesanluis.com\/index.php\/2023\/08\/20\/ojala-esto-sea-el-principio-dijo-messi-tras-coronarse-campeon-con-inter-miami\/"},"author":{"name":"apuntesdesanluis.com","@id":"https:\/\/apuntesdesanluis.com\/#\/schema\/person\/b55151d52296fcce64d1a72538a70b90"},"headline":"\u201cOJAL\u00c1 ESTO SEA EL PRINCIPIO\u201d, DIJO MESSI TRAS CORONARSE CAMPE\u00d3N CON INTER MIAMI","datePublished":"2023-08-20T14:45:34+00:00","dateModified":"2023-08-20T14:46:09+00:00","mainEntityOfPage":{"@id":"https:\/\/apuntesdesanluis.com\/index.php\/2023\/08\/20\/ojala-esto-sea-el-principio-dijo-messi-tras-coronarse-campeon-con-inter-miami\/"},"wordCount":297,"publisher":{"@id":"https:\/\/apuntesdesanluis.com\/#\/schema\/person\/b55151d52296fcce64d1a72538a70b90"},"image":{"@id":"https:\/\/apuntesdesanluis.com\/index.php\/2023\/08\/20\/ojala-esto-sea-el-principio-dijo-messi-tras-coronarse-campeon-con-inter-miami\/#primaryimage"},"thumbnailUrl":"https:\/\/apuntesdesanluis.com\/wp-content\/uploads\/2023\/08\/messi-tapa.jpg","articleSection":["Nacionales\/Internacionales"],"inLanguage":"es-AR"},{"@type":"WebPage","@id":"https:\/\/apuntesdesanluis.com\/index.php\/2023\/08\/20\/ojala-esto-sea-el-principio-dijo-messi-tras-coronarse-campeon-con-inter-miami\/","url":"https:\/\/apuntesdesanluis.com\/index.php\/2023\/08\/20\/ojala-esto-sea-el-principio-dijo-messi-tras-coronarse-campeon-con-inter-miami\/","name":"\u201cOJAL\u00c1 ESTO SEA EL PRINCIPIO\u201d, DIJO MESSI TRAS CORONARSE CAMPE\u00d3N CON INTER MIAMI - Apuntes de San Luis","isPartOf":{"@id":"https:\/\/apuntesdesanluis.com\/#website"},"primaryImageOfPage":{"@id":"https:\/\/apuntesdesanluis.com\/index.php\/2023\/08\/20\/ojala-esto-sea-el-principio-dijo-messi-tras-coronarse-campeon-con-inter-miami\/#primaryimage"},"image":{"@id":"https:\/\/apuntesdesanluis.com\/index.php\/2023\/08\/20\/ojala-esto-sea-el-principio-dijo-messi-tras-coronarse-campeon-con-inter-miami\/#primaryimage"},"thumbnailUrl":"https:\/\/apuntesdesanluis.com\/wp-content\/uploads\/2023\/08\/messi-tapa.jpg","datePublished":"2023-08-20T14:45:34+00:00","dateModified":"2023-08-20T14:46:09+00:00","breadcrumb":{"@id":"https:\/\/apuntesdesanluis.com\/index.php\/2023\/08\/20\/ojala-esto-sea-el-principio-dijo-messi-tras-coronarse-campeon-con-inter-miami\/#breadcrumb"},"inLanguage":"es-AR","potentialAction":[{"@type":"ReadAction","target":["https:\/\/apuntesdesanluis.com\/index.php\/2023\/08\/20\/ojala-esto-sea-el-principio-dijo-messi-tras-coronarse-campeon-con-inter-miami\/"]}]},{"@type":"ImageObject","inLanguage":"es-AR","@id":"https:\/\/apuntesdesanluis.com\/index.php\/2023\/08\/20\/ojala-esto-sea-el-principio-dijo-messi-tras-coronarse-campeon-con-inter-miami\/#primaryimage","url":"https:\/\/apuntesdesanluis.com\/wp-content\/uploads\/2023\/08\/messi-tapa.jpg","contentUrl":"https:\/\/apuntesdesanluis.com\/wp-content\/uploads\/2023\/08\/messi-tapa.jpg","width":862,"height":485},{"@type":"BreadcrumbList","@id":"https:\/\/apuntesdesanluis.com\/index.php\/2023\/08\/20\/ojala-esto-sea-el-principio-dijo-messi-tras-coronarse-campeon-con-inter-miami\/#breadcrumb","itemListElement":[{"@type":"ListItem","position":1,"name":"Inicio","item":"https:\/\/apuntesdesanluis.com\/"},{"@type":"ListItem","position":2,"name":"\u201cOJAL\u00c1 ESTO SEA EL PRINCIPIO\u201d, DIJO MESSI TRAS CORONARSE CAMPE\u00d3N CON INTER MIAMI"}]},{"@type":"WebSite","@id":"https:\/\/apuntesdesanluis.com\/#website","url":"https:\/\/apuntesdesanluis.com\/","name":"Apuntes de San Luis","description":"","publisher":{"@id":"https:\/\/apuntesdesanluis.com\/#\/schema\/person\/b55151d52296fcce64d1a72538a70b90"},"potentialAction":[{"@type":"SearchAction","target":{"@type":"EntryPoint","urlTemplate":"https:\/\/apuntesdesanluis.com\/?s={search_term_string}"},"query-input":{"@type":"PropertyValueSpecification","valueRequired":true,"valueName":"search_term_string"}}],"inLanguage":"es-AR"},{"@type":["Person","Organization"],"@id":"https:\/\/apuntesdesanluis.com\/#\/schema\/person\/b55151d52296fcce64d1a72538a70b90","name":"apuntesdesanluis.com","image":{"@type":"ImageObject","inLanguage":"es-AR","@id":"https:\/\/apuntesdesanluis.com\/#\/schema\/person\/image\/","url":"https:\/\/apuntesdesanluis.com\/wp-content\/uploads\/2023\/07\/cropped-apuntesdesanluis.png","contentUrl":"https:\/\/apuntesdesanluis.com\/wp-content\/uploads\/2023\/07\/cropped-apuntesdesanluis.png","width":450,"height":112,"caption":"apuntesdesanluis.com"},"logo":{"@id":"https:\/\/apuntesdesanluis.com\/#\/schema\/person\/image\/"},"sameAs":["https:\/\/apuntesdesanluis.com"],"url":"https:\/\/apuntesdesanluis.com\/index.php\/author\/apuntesdesanluis-com\/"}]}},"featured_image_urls":{"full":["https:\/\/apuntesdesanluis.com\/wp-content\/uploads\/2023\/08\/messi-tapa.jpg",862,485,false],"thumbnail":["https:\/\/apuntesdesanluis.com\/wp-content\/uploads\/2023\/08\/messi-tapa-150x150.jpg",150,150,true],"medium":["https:\/\/apuntesdesanluis.com\/wp-content\/uploads\/2023\/08\/messi-tapa-300x169.jpg",300,169,true],"medium_large":["https:\/\/apuntesdesanluis.com\/wp-content\/uploads\/2023\/08\/messi-tapa-768x432.jpg",640,360,true],"large":["https:\/\/apuntesdesanluis.com\/wp-content\/uploads\/2023\/08\/messi-tapa.jpg",640,360,false],"1536x1536":["https:\/\/apuntesdesanluis.com\/wp-content\/uploads\/2023\/08\/messi-tapa.jpg",862,485,false],"2048x2048":["https:\/\/apuntesdesanluis.com\/wp-content\/uploads\/2023\/08\/messi-tapa.jpg",862,485,false],"newsever-slider-full":["https:\/\/apuntesdesanluis.com\/wp-content\/uploads\/2023\/08\/messi-tapa.jpg",862,485,false],"newsever-featured":["https:\/\/apuntesdesanluis.com\/wp-content\/uploads\/2023\/08\/messi-tapa.jpg",862,485,false],"newsever-medium":["https:\/\/apuntesdesanluis.com\/wp-content\/uploads\/2023\/08\/messi-tapa-720x475.jpg",720,475,true]},"author_info":{"display_name":"apuntesdesanluis.com","author_link":"https:\/\/apuntesdesanluis.com\/index.php\/author\/apuntesdesanluis-com\/"},"category_info":"<a href=\"https:\/\/apuntesdesanluis.com\/index.php\/category\/nacionales-internacionales\/\" rel=\"category tag\">Nacionales\/Internacionales<\/a>","tag_info":"Nacionales\/Internacionales","comment_count":"0","_links":{"self":[{"href":"https:\/\/apuntesdesanluis.com\/index.php\/wp-json\/wp\/v2\/posts\/1829","targetHints":{"allow":["GET"]}}],"collection":[{"href":"https:\/\/apuntesdesanluis.com\/index.php\/wp-json\/wp\/v2\/posts"}],"about":[{"href":"https:\/\/apuntesdesanluis.com\/index.php\/wp-json\/wp\/v2\/types\/post"}],"author":[{"embeddable":true,"href":"https:\/\/apuntesdesanluis.com\/index.php\/wp-json\/wp\/v2\/users\/1"}],"replies":[{"embeddable":true,"href":"https:\/\/apuntesdesanluis.com\/index.php\/wp-json\/wp\/v2\/comments?post=1829"}],"version-history":[{"count":2,"href":"https:\/\/apuntesdesanluis.com\/index.php\/wp-json\/wp\/v2\/posts\/1829\/revisions"}],"predecessor-version":[{"id":1833,"href":"https:\/\/apuntesdesanluis.com\/index.php\/wp-json\/wp\/v2\/posts\/1829\/revisions\/1833"}],"wp:featuredmedia":[{"embeddable":true,"href":"https:\/\/apuntesdesanluis.com\/index.php\/wp-json\/wp\/v2\/media\/1831"}],"wp:attachment":[{"href":"https:\/\/apuntesdesanluis.com\/index.php\/wp-json\/wp\/v2\/media?parent=1829"}],"wp:term":[{"taxonomy":"category","embeddable":true,"href":"https:\/\/apuntesdesanluis.com\/index.php\/wp-json\/wp\/v2\/categories?post=1829"},{"taxonomy":"post_tag","embeddable":true,"href":"https:\/\/apuntesdesanluis.com\/index.php\/wp-json\/wp\/v2\/tags?post=1829"}],"curies":[{"name":"wp","href":"https:\/\/api.w.org\/{rel}","templated":true}]}}