{"id":18348,"date":"2024-06-25T21:28:19","date_gmt":"2024-06-26T00:28:19","guid":{"rendered":"https:\/\/apuntesdesanluis.com\/?p=18348"},"modified":"2024-06-25T21:28:19","modified_gmt":"2024-06-26T00:28:19","slug":"prision-preventiva-al-joven-que-agredio-con-un-destornillador-a-su-pareja-y-a-su-madre","status":"publish","type":"post","link":"https:\/\/apuntesdesanluis.com\/index.php\/2024\/06\/25\/prision-preventiva-al-joven-que-agredio-con-un-destornillador-a-su-pareja-y-a-su-madre\/","title":{"rendered":"PRISI\u00d3N PREVENTIVA AL JOVEN QUE AGREDI\u00d3 CON UN DESTORNILLADOR A SU PAREJA Y A SU MADRE"},"content":{"rendered":"<h3><strong>Mat\u00edas Eliezer P\u00e9rez Even<\/strong> qued\u00f3 bajo prisi\u00f3n preventiva y fue enviado al Servicio Penitenciario Provincial, acusado de golpear y atacar con un destornillador a su pareja y a su propia madre, en una secuencia de violencia que pudo terminar en tragedia.<\/h3>\n<h3>La Fiscal\u00eda de Instrucci\u00f3n N\u00b0 4, a cargo de Mar\u00eda del Valle Dur\u00e1n, imput\u00f3 al hombre de 21 a\u00f1os por los delitos de tentativa de homicidio calificado por el v\u00ednculo y por mediar violencia de g\u00e9nero y solicit\u00f3 una medida de coerci\u00f3n de 120 d\u00edas, pedido al que hizo lugar el juez de Garant\u00eda, Juan Manuel Montiveros Chada.<\/h3>\n<h3>En la audiencia de formulaci\u00f3n de cargos, realizada el domingo a las 11 horas, la fiscal Antonella Romagnoli narr\u00f3 que los hechos comenzaron el viernes en Potrero de los Funes, cuando P\u00e9rez y su pareja <strong>C.S.<\/strong> fueron a visitar a los abuelos del imputado. De acuerdo a la acusaci\u00f3n del Ministerio P\u00fablico Fiscal, a las 19 horas emprendieron el regreso a la ciudad de San Luis, en el veh\u00edculo Eco Sport gris, del acusado.<\/h3>\n<p><img fetchpriority=\"high\" decoding=\"async\" class=\"wp-image-18349 aligncenter\" src=\"https:\/\/apuntesdesanluis.com\/wp-content\/uploads\/2024\/06\/BARRIO-PROCREAR-300x169.png\" alt=\"\" width=\"662\" height=\"373\" srcset=\"https:\/\/apuntesdesanluis.com\/wp-content\/uploads\/2024\/06\/BARRIO-PROCREAR-300x169.png 300w, https:\/\/apuntesdesanluis.com\/wp-content\/uploads\/2024\/06\/BARRIO-PROCREAR.png 639w\" sizes=\"(max-width: 662px) 100vw, 662px\" \/><\/p>\n<h4 style=\"text-align: center;\"><em>El hecho sucedi\u00f3 en el edificio 11 del barrio Procrear.<\/em><\/h4>\n<h3>En el camino, la v\u00edctima le manifest\u00f3 a P\u00e9rez su deseo de terminar con la relaci\u00f3n ya que quer\u00eda que sus hijos, de 5 y 10 a\u00f1os (hijos de una ex pareja de ella), volvieran a vivir con ella. En ese momento, \u201cel imputado empez\u00f3 a discutir y a ponerse violento, comenz\u00f3 a darle golpes de pu\u00f1o en el cuerpo de su pareja, y le dec\u00eda que iba a matarla. Luego el imputado agarr\u00f3 un camino de tierra, cerca del Parque de la Quebrada, y le dio patadas en la cabeza y sigui\u00f3 golpe\u00e1ndola todo el camino hasta la ciudad de San Luis\u201d.<\/h3>\n<h3>Una vez en la ciudad, se dirigieron a la vivienda de la madre del imputado, ubicada en el Barrio Procrear.\u00a0 Al llegar all\u00ed, la v\u00edctima le pidi\u00f3 auxilio a su suegra. \u201cCuando la v\u00edctima se acerc\u00f3 a la puerta de ingreso, el imputado se dirigi\u00f3 hacia ella y comenz\u00f3 a ahorcarla e intent\u00f3 matarla clav\u00e1ndole un destornillador que ten\u00eda en la mano, con el que comenz\u00f3 a darle puntazos en el cuello y en el pecho; no pudiendo lograr su cometido ya que su progenitora se interpuso intentando defenderla, pero el imputado tir\u00f3 a su madre al piso y comenz\u00f3 a darle golpes en la cabeza con la punta del destornillador\u201d, relat\u00f3 la fiscal.<\/h3>\n<h3>La pareja del imputado aprovech\u00f3 la situaci\u00f3n para salir del lugar y pedir auxilio a un vecino, por lo que el imputado, deja de agredir a su progenitora y emprende la fuga. \u201cFinalmente, el imputado es detenido a unas cuadras del lugar del hecho, ya que personal policial que se encontraba de recorrido por la zona, advierten la persecuci\u00f3n, por lo que le dan la voz de alto a P\u00e9rez quien hace caso omiso, procediendo a perseguirlo logrando as\u00ed su detenci\u00f3n\u201d, de acuerdo a la formulaci\u00f3n de cargos de la fiscal\u00eda con la que se dio inicio a la investigaci\u00f3n penal preparatoria.<\/h3>\n<h3>Adem\u00e1s de la existencia de elementos de convicci\u00f3n suficiente respecto de la existencia del hecho y de la autor\u00eda del imputado; la fiscal\u00eda entendi\u00f3 que existen riesgos procesales en la causa como el de fuga, debido a que P\u00e9rez tiene reiterancia delictiva, toda vez que ha sido detenido en flagrancia en numerosas causas; adem\u00e1s de no tener trabajo registrado estable.<\/h3>\n<h3>\u201cEl imputado evidentemente tiene una actitud tendiente a no respetar las normas por lo que, con seguridad, no va a someterse al proceso si contin\u00faa en libertad, adem\u00e1s de que va a continuar amedrentando y agrediendo a las v\u00edctimas\u201d, sostuvieron desde el Ministerio P\u00fablico Fiscal.<\/h3>\n<h3>La fiscal Romagnoli tambi\u00e9n mencion\u00f3 el riesgo procesal de entorpecimiento debido a la relaci\u00f3n familiar con las v\u00edctimas, ya que una es la pareja y la otra es la madre del imputado; no obstante, \u201cel mayor riesgo que se pretende cautelar, es la integridad de las v\u00edctimas, ya que se visualizan dos mujeres vulnerables que se encuentran en un claro contexto de violencia de g\u00e9nero, quienes est\u00e1n muy atemorizadas por lo que pas\u00f3, ya que ambas en su denuncia manifestaron que pensaron que P\u00e9rez Even iba a matarlas\u201d, dijo la funcionaria en la audiencia de formulaci\u00f3n.<\/h3>\n<h3>Seg\u00fan pudo investigar la fiscal\u00eda, P\u00e9rez Even manten\u00eda una relaci\u00f3n de pareja con una de las v\u00edctimas desde hace dos a\u00f1os y medio a la fecha; en la que la mujer recibi\u00f3 de violencia psicol\u00f3gica, emocional y f\u00edsica por parte del imputado, incluso ha habido una restricci\u00f3n de acercamiento y de contacto entre ellos.<\/h3>\n<p>&nbsp;<\/p>\n<p>&nbsp;<\/p>\n<p>&nbsp;<\/p>\n<p>&nbsp;<\/p>\n<p>&nbsp;<\/p>\n<p>&nbsp;<\/p>\n","protected":false},"excerpt":{"rendered":"<p>Mat\u00edas Eliezer P\u00e9rez Even qued\u00f3 bajo prisi\u00f3n preventiva y fue enviado al Servicio Penitenciario Provincial,&#8230;<\/p>\n","protected":false},"author":1,"featured_media":18352,"comment_status":"closed","ping_status":"closed","sticky":false,"template":"","format":"standard","meta":{"footnotes":""},"categories":[6],"tags":[],"class_list":["post-18348","post","type-post","status-publish","format-standard","has-post-thumbnail","hentry","category-ciudad-provincia"],"yoast_head":"<!-- This site is optimized with the Yoast SEO plugin v26.1.1 - https:\/\/yoast.com\/wordpress\/plugins\/seo\/ -->\n<title>PRISI\u00d3N PREVENTIVA AL JOVEN QUE AGREDI\u00d3 CON UN DESTORNILLADOR A SU PAREJA Y A SU MADRE - Apuntes de San Luis<\/title>\n<meta name=\"robots\" content=\"index, follow, max-snippet:-1, max-image-preview:large, max-video-preview:-1\" \/>\n<link rel=\"canonical\" href=\"https:\/\/apuntesdesanluis.com\/index.php\/2024\/06\/25\/prision-preventiva-al-joven-que-agredio-con-un-destornillador-a-su-pareja-y-a-su-madre\/\" \/>\n<meta property=\"og:locale\" content=\"es_ES\" \/>\n<meta property=\"og:type\" content=\"article\" \/>\n<meta property=\"og:title\" content=\"PRISI\u00d3N PREVENTIVA AL JOVEN QUE AGREDI\u00d3 CON UN DESTORNILLADOR A SU PAREJA Y A SU MADRE - Apuntes de San Luis\" \/>\n<meta property=\"og:description\" content=\"Mat\u00edas Eliezer P\u00e9rez Even qued\u00f3 bajo prisi\u00f3n preventiva y fue enviado al Servicio Penitenciario Provincial,...\" \/>\n<meta property=\"og:url\" content=\"https:\/\/apuntesdesanluis.com\/index.php\/2024\/06\/25\/prision-preventiva-al-joven-que-agredio-con-un-destornillador-a-su-pareja-y-a-su-madre\/\" \/>\n<meta property=\"og:site_name\" content=\"Apuntes de San Luis\" \/>\n<meta property=\"article:published_time\" content=\"2024-06-26T00:28:19+00:00\" \/>\n<meta property=\"og:image\" content=\"https:\/\/apuntesdesanluis.com\/wp-content\/uploads\/2024\/06\/tribunales-destornillador.png\" \/>\n\t<meta property=\"og:image:width\" content=\"585\" \/>\n\t<meta property=\"og:image:height\" content=\"310\" \/>\n\t<meta property=\"og:image:type\" content=\"image\/png\" \/>\n<meta name=\"author\" content=\"apuntesdesanluis.com\" \/>\n<meta name=\"twitter:card\" content=\"summary_large_image\" \/>\n<meta name=\"twitter:label1\" content=\"Escrito por\" \/>\n\t<meta name=\"twitter:data1\" content=\"apuntesdesanluis.com\" \/>\n\t<meta name=\"twitter:label2\" content=\"Tiempo de lectura\" \/>\n\t<meta name=\"twitter:data2\" content=\"4 minutos\" \/>\n<script type=\"application\/ld+json\" class=\"yoast-schema-graph\">{\"@context\":\"https:\/\/schema.org\",\"@graph\":[{\"@type\":\"Article\",\"@id\":\"https:\/\/apuntesdesanluis.com\/index.php\/2024\/06\/25\/prision-preventiva-al-joven-que-agredio-con-un-destornillador-a-su-pareja-y-a-su-madre\/#article\",\"isPartOf\":{\"@id\":\"https:\/\/apuntesdesanluis.com\/index.php\/2024\/06\/25\/prision-preventiva-al-joven-que-agredio-con-un-destornillador-a-su-pareja-y-a-su-madre\/\"},\"author\":{\"name\":\"apuntesdesanluis.com\",\"@id\":\"https:\/\/apuntesdesanluis.com\/#\/schema\/person\/b55151d52296fcce64d1a72538a70b90\"},\"headline\":\"PRISI\u00d3N PREVENTIVA AL JOVEN QUE AGREDI\u00d3 CON UN DESTORNILLADOR A SU PAREJA Y A SU MADRE\",\"datePublished\":\"2024-06-26T00:28:19+00:00\",\"mainEntityOfPage\":{\"@id\":\"https:\/\/apuntesdesanluis.com\/index.php\/2024\/06\/25\/prision-preventiva-al-joven-que-agredio-con-un-destornillador-a-su-pareja-y-a-su-madre\/\"},\"wordCount\":838,\"publisher\":{\"@id\":\"https:\/\/apuntesdesanluis.com\/#\/schema\/person\/b55151d52296fcce64d1a72538a70b90\"},\"image\":{\"@id\":\"https:\/\/apuntesdesanluis.com\/index.php\/2024\/06\/25\/prision-preventiva-al-joven-que-agredio-con-un-destornillador-a-su-pareja-y-a-su-madre\/#primaryimage\"},\"thumbnailUrl\":\"https:\/\/apuntesdesanluis.com\/wp-content\/uploads\/2024\/06\/tribunales-destornillador.png\",\"articleSection\":[\"Ciudad\/Provincia\"],\"inLanguage\":\"es-AR\"},{\"@type\":\"WebPage\",\"@id\":\"https:\/\/apuntesdesanluis.com\/index.php\/2024\/06\/25\/prision-preventiva-al-joven-que-agredio-con-un-destornillador-a-su-pareja-y-a-su-madre\/\",\"url\":\"https:\/\/apuntesdesanluis.com\/index.php\/2024\/06\/25\/prision-preventiva-al-joven-que-agredio-con-un-destornillador-a-su-pareja-y-a-su-madre\/\",\"name\":\"PRISI\u00d3N PREVENTIVA AL JOVEN QUE AGREDI\u00d3 CON UN DESTORNILLADOR A SU PAREJA Y A SU MADRE - Apuntes de San Luis\",\"isPartOf\":{\"@id\":\"https:\/\/apuntesdesanluis.com\/#website\"},\"primaryImageOfPage\":{\"@id\":\"https:\/\/apuntesdesanluis.com\/index.php\/2024\/06\/25\/prision-preventiva-al-joven-que-agredio-con-un-destornillador-a-su-pareja-y-a-su-madre\/#primaryimage\"},\"image\":{\"@id\":\"https:\/\/apuntesdesanluis.com\/index.php\/2024\/06\/25\/prision-preventiva-al-joven-que-agredio-con-un-destornillador-a-su-pareja-y-a-su-madre\/#primaryimage\"},\"thumbnailUrl\":\"https:\/\/apuntesdesanluis.com\/wp-content\/uploads\/2024\/06\/tribunales-destornillador.png\",\"datePublished\":\"2024-06-26T00:28:19+00:00\",\"breadcrumb\":{\"@id\":\"https:\/\/apuntesdesanluis.com\/index.php\/2024\/06\/25\/prision-preventiva-al-joven-que-agredio-con-un-destornillador-a-su-pareja-y-a-su-madre\/#breadcrumb\"},\"inLanguage\":\"es-AR\",\"potentialAction\":[{\"@type\":\"ReadAction\",\"target\":[\"https:\/\/apuntesdesanluis.com\/index.php\/2024\/06\/25\/prision-preventiva-al-joven-que-agredio-con-un-destornillador-a-su-pareja-y-a-su-madre\/\"]}]},{\"@type\":\"ImageObject\",\"inLanguage\":\"es-AR\",\"@id\":\"https:\/\/apuntesdesanluis.com\/index.php\/2024\/06\/25\/prision-preventiva-al-joven-que-agredio-con-un-destornillador-a-su-pareja-y-a-su-madre\/#primaryimage\",\"url\":\"https:\/\/apuntesdesanluis.com\/wp-content\/uploads\/2024\/06\/tribunales-destornillador.png\",\"contentUrl\":\"https:\/\/apuntesdesanluis.com\/wp-content\/uploads\/2024\/06\/tribunales-destornillador.png\",\"width\":585,\"height\":310},{\"@type\":\"BreadcrumbList\",\"@id\":\"https:\/\/apuntesdesanluis.com\/index.php\/2024\/06\/25\/prision-preventiva-al-joven-que-agredio-con-un-destornillador-a-su-pareja-y-a-su-madre\/#breadcrumb\",\"itemListElement\":[{\"@type\":\"ListItem\",\"position\":1,\"name\":\"Inicio\",\"item\":\"https:\/\/apuntesdesanluis.com\/\"},{\"@type\":\"ListItem\",\"position\":2,\"name\":\"PRISI\u00d3N PREVENTIVA AL JOVEN QUE AGREDI\u00d3 CON UN DESTORNILLADOR A SU PAREJA Y A SU MADRE\"}]},{\"@type\":\"WebSite\",\"@id\":\"https:\/\/apuntesdesanluis.com\/#website\",\"url\":\"https:\/\/apuntesdesanluis.com\/\",\"name\":\"Apuntes de San Luis\",\"description\":\"\",\"publisher\":{\"@id\":\"https:\/\/apuntesdesanluis.com\/#\/schema\/person\/b55151d52296fcce64d1a72538a70b90\"},\"potentialAction\":[{\"@type\":\"SearchAction\",\"target\":{\"@type\":\"EntryPoint\",\"urlTemplate\":\"https:\/\/apuntesdesanluis.com\/?s={search_term_string}\"},\"query-input\":{\"@type\":\"PropertyValueSpecification\",\"valueRequired\":true,\"valueName\":\"search_term_string\"}}],\"inLanguage\":\"es-AR\"},{\"@type\":[\"Person\",\"Organization\"],\"@id\":\"https:\/\/apuntesdesanluis.com\/#\/schema\/person\/b55151d52296fcce64d1a72538a70b90\",\"name\":\"apuntesdesanluis.com\",\"image\":{\"@type\":\"ImageObject\",\"inLanguage\":\"es-AR\",\"@id\":\"https:\/\/apuntesdesanluis.com\/#\/schema\/person\/image\/\",\"url\":\"https:\/\/apuntesdesanluis.com\/wp-content\/uploads\/2023\/07\/cropped-apuntesdesanluis.png\",\"contentUrl\":\"https:\/\/apuntesdesanluis.com\/wp-content\/uploads\/2023\/07\/cropped-apuntesdesanluis.png\",\"width\":450,\"height\":112,\"caption\":\"apuntesdesanluis.com\"},\"logo\":{\"@id\":\"https:\/\/apuntesdesanluis.com\/#\/schema\/person\/image\/\"},\"sameAs\":[\"https:\/\/apuntesdesanluis.com\"],\"url\":\"https:\/\/apuntesdesanluis.com\/index.php\/author\/apuntesdesanluis-com\/\"}]}<\/script>\n<!-- \/ Yoast SEO plugin. -->","yoast_head_json":{"title":"PRISI\u00d3N PREVENTIVA AL JOVEN QUE AGREDI\u00d3 CON UN DESTORNILLADOR A SU PAREJA Y A SU MADRE - Apuntes de San Luis","robots":{"index":"index","follow":"follow","max-snippet":"max-snippet:-1","max-image-preview":"max-image-preview:large","max-video-preview":"max-video-preview:-1"},"canonical":"https:\/\/apuntesdesanluis.com\/index.php\/2024\/06\/25\/prision-preventiva-al-joven-que-agredio-con-un-destornillador-a-su-pareja-y-a-su-madre\/","og_locale":"es_ES","og_type":"article","og_title":"PRISI\u00d3N PREVENTIVA AL JOVEN QUE AGREDI\u00d3 CON UN DESTORNILLADOR A SU PAREJA Y A SU MADRE - Apuntes de San Luis","og_description":"Mat\u00edas Eliezer P\u00e9rez Even qued\u00f3 bajo prisi\u00f3n preventiva y fue enviado al Servicio Penitenciario Provincial,...","og_url":"https:\/\/apuntesdesanluis.com\/index.php\/2024\/06\/25\/prision-preventiva-al-joven-que-agredio-con-un-destornillador-a-su-pareja-y-a-su-madre\/","og_site_name":"Apuntes de San Luis","article_published_time":"2024-06-26T00:28:19+00:00","og_image":[{"width":585,"height":310,"url":"https:\/\/apuntesdesanluis.com\/wp-content\/uploads\/2024\/06\/tribunales-destornillador.png","type":"image\/png"}],"author":"apuntesdesanluis.com","twitter_card":"summary_large_image","twitter_misc":{"Escrito por":"apuntesdesanluis.com","Tiempo de lectura":"4 minutos"},"schema":{"@context":"https:\/\/schema.org","@graph":[{"@type":"Article","@id":"https:\/\/apuntesdesanluis.com\/index.php\/2024\/06\/25\/prision-preventiva-al-joven-que-agredio-con-un-destornillador-a-su-pareja-y-a-su-madre\/#article","isPartOf":{"@id":"https:\/\/apuntesdesanluis.com\/index.php\/2024\/06\/25\/prision-preventiva-al-joven-que-agredio-con-un-destornillador-a-su-pareja-y-a-su-madre\/"},"author":{"name":"apuntesdesanluis.com","@id":"https:\/\/apuntesdesanluis.com\/#\/schema\/person\/b55151d52296fcce64d1a72538a70b90"},"headline":"PRISI\u00d3N PREVENTIVA AL JOVEN QUE AGREDI\u00d3 CON UN DESTORNILLADOR A SU PAREJA Y A SU MADRE","datePublished":"2024-06-26T00:28:19+00:00","mainEntityOfPage":{"@id":"https:\/\/apuntesdesanluis.com\/index.php\/2024\/06\/25\/prision-preventiva-al-joven-que-agredio-con-un-destornillador-a-su-pareja-y-a-su-madre\/"},"wordCount":838,"publisher":{"@id":"https:\/\/apuntesdesanluis.com\/#\/schema\/person\/b55151d52296fcce64d1a72538a70b90"},"image":{"@id":"https:\/\/apuntesdesanluis.com\/index.php\/2024\/06\/25\/prision-preventiva-al-joven-que-agredio-con-un-destornillador-a-su-pareja-y-a-su-madre\/#primaryimage"},"thumbnailUrl":"https:\/\/apuntesdesanluis.com\/wp-content\/uploads\/2024\/06\/tribunales-destornillador.png","articleSection":["Ciudad\/Provincia"],"inLanguage":"es-AR"},{"@type":"WebPage","@id":"https:\/\/apuntesdesanluis.com\/index.php\/2024\/06\/25\/prision-preventiva-al-joven-que-agredio-con-un-destornillador-a-su-pareja-y-a-su-madre\/","url":"https:\/\/apuntesdesanluis.com\/index.php\/2024\/06\/25\/prision-preventiva-al-joven-que-agredio-con-un-destornillador-a-su-pareja-y-a-su-madre\/","name":"PRISI\u00d3N PREVENTIVA AL JOVEN QUE AGREDI\u00d3 CON UN DESTORNILLADOR A SU PAREJA Y A SU MADRE - Apuntes de San Luis","isPartOf":{"@id":"https:\/\/apuntesdesanluis.com\/#website"},"primaryImageOfPage":{"@id":"https:\/\/apuntesdesanluis.com\/index.php\/2024\/06\/25\/prision-preventiva-al-joven-que-agredio-con-un-destornillador-a-su-pareja-y-a-su-madre\/#primaryimage"},"image":{"@id":"https:\/\/apuntesdesanluis.com\/index.php\/2024\/06\/25\/prision-preventiva-al-joven-que-agredio-con-un-destornillador-a-su-pareja-y-a-su-madre\/#primaryimage"},"thumbnailUrl":"https:\/\/apuntesdesanluis.com\/wp-content\/uploads\/2024\/06\/tribunales-destornillador.png","datePublished":"2024-06-26T00:28:19+00:00","breadcrumb":{"@id":"https:\/\/apuntesdesanluis.com\/index.php\/2024\/06\/25\/prision-preventiva-al-joven-que-agredio-con-un-destornillador-a-su-pareja-y-a-su-madre\/#breadcrumb"},"inLanguage":"es-AR","potentialAction":[{"@type":"ReadAction","target":["https:\/\/apuntesdesanluis.com\/index.php\/2024\/06\/25\/prision-preventiva-al-joven-que-agredio-con-un-destornillador-a-su-pareja-y-a-su-madre\/"]}]},{"@type":"ImageObject","inLanguage":"es-AR","@id":"https:\/\/apuntesdesanluis.com\/index.php\/2024\/06\/25\/prision-preventiva-al-joven-que-agredio-con-un-destornillador-a-su-pareja-y-a-su-madre\/#primaryimage","url":"https:\/\/apuntesdesanluis.com\/wp-content\/uploads\/2024\/06\/tribunales-destornillador.png","contentUrl":"https:\/\/apuntesdesanluis.com\/wp-content\/uploads\/2024\/06\/tribunales-destornillador.png","width":585,"height":310},{"@type":"BreadcrumbList","@id":"https:\/\/apuntesdesanluis.com\/index.php\/2024\/06\/25\/prision-preventiva-al-joven-que-agredio-con-un-destornillador-a-su-pareja-y-a-su-madre\/#breadcrumb","itemListElement":[{"@type":"ListItem","position":1,"name":"Inicio","item":"https:\/\/apuntesdesanluis.com\/"},{"@type":"ListItem","position":2,"name":"PRISI\u00d3N PREVENTIVA AL JOVEN QUE AGREDI\u00d3 CON UN DESTORNILLADOR A SU PAREJA Y A SU MADRE"}]},{"@type":"WebSite","@id":"https:\/\/apuntesdesanluis.com\/#website","url":"https:\/\/apuntesdesanluis.com\/","name":"Apuntes de San Luis","description":"","publisher":{"@id":"https:\/\/apuntesdesanluis.com\/#\/schema\/person\/b55151d52296fcce64d1a72538a70b90"},"potentialAction":[{"@type":"SearchAction","target":{"@type":"EntryPoint","urlTemplate":"https:\/\/apuntesdesanluis.com\/?s={search_term_string}"},"query-input":{"@type":"PropertyValueSpecification","valueRequired":true,"valueName":"search_term_string"}}],"inLanguage":"es-AR"},{"@type":["Person","Organization"],"@id":"https:\/\/apuntesdesanluis.com\/#\/schema\/person\/b55151d52296fcce64d1a72538a70b90","name":"apuntesdesanluis.com","image":{"@type":"ImageObject","inLanguage":"es-AR","@id":"https:\/\/apuntesdesanluis.com\/#\/schema\/person\/image\/","url":"https:\/\/apuntesdesanluis.com\/wp-content\/uploads\/2023\/07\/cropped-apuntesdesanluis.png","contentUrl":"https:\/\/apuntesdesanluis.com\/wp-content\/uploads\/2023\/07\/cropped-apuntesdesanluis.png","width":450,"height":112,"caption":"apuntesdesanluis.com"},"logo":{"@id":"https:\/\/apuntesdesanluis.com\/#\/schema\/person\/image\/"},"sameAs":["https:\/\/apuntesdesanluis.com"],"url":"https:\/\/apuntesdesanluis.com\/index.php\/author\/apuntesdesanluis-com\/"}]}},"featured_image_urls":{"full":["https:\/\/apuntesdesanluis.com\/wp-content\/uploads\/2024\/06\/tribunales-destornillador.png",585,310,false],"thumbnail":["https:\/\/apuntesdesanluis.com\/wp-content\/uploads\/2024\/06\/tribunales-destornillador-150x150.png",150,150,true],"medium":["https:\/\/apuntesdesanluis.com\/wp-content\/uploads\/2024\/06\/tribunales-destornillador-300x159.png",300,159,true],"medium_large":["https:\/\/apuntesdesanluis.com\/wp-content\/uploads\/2024\/06\/tribunales-destornillador.png",585,310,false],"large":["https:\/\/apuntesdesanluis.com\/wp-content\/uploads\/2024\/06\/tribunales-destornillador.png",585,310,false],"1536x1536":["https:\/\/apuntesdesanluis.com\/wp-content\/uploads\/2024\/06\/tribunales-destornillador.png",585,310,false],"2048x2048":["https:\/\/apuntesdesanluis.com\/wp-content\/uploads\/2024\/06\/tribunales-destornillador.png",585,310,false],"newsever-slider-full":["https:\/\/apuntesdesanluis.com\/wp-content\/uploads\/2024\/06\/tribunales-destornillador.png",585,310,false],"newsever-featured":["https:\/\/apuntesdesanluis.com\/wp-content\/uploads\/2024\/06\/tribunales-destornillador.png",585,310,false],"newsever-medium":["https:\/\/apuntesdesanluis.com\/wp-content\/uploads\/2024\/06\/tribunales-destornillador.png",585,310,false]},"author_info":{"display_name":"apuntesdesanluis.com","author_link":"https:\/\/apuntesdesanluis.com\/index.php\/author\/apuntesdesanluis-com\/"},"category_info":"<a href=\"https:\/\/apuntesdesanluis.com\/index.php\/category\/ciudad-provincia\/\" rel=\"category tag\">Ciudad\/Provincia<\/a>","tag_info":"Ciudad\/Provincia","comment_count":"0","_links":{"self":[{"href":"https:\/\/apuntesdesanluis.com\/index.php\/wp-json\/wp\/v2\/posts\/18348","targetHints":{"allow":["GET"]}}],"collection":[{"href":"https:\/\/apuntesdesanluis.com\/index.php\/wp-json\/wp\/v2\/posts"}],"about":[{"href":"https:\/\/apuntesdesanluis.com\/index.php\/wp-json\/wp\/v2\/types\/post"}],"author":[{"embeddable":true,"href":"https:\/\/apuntesdesanluis.com\/index.php\/wp-json\/wp\/v2\/users\/1"}],"replies":[{"embeddable":true,"href":"https:\/\/apuntesdesanluis.com\/index.php\/wp-json\/wp\/v2\/comments?post=18348"}],"version-history":[{"count":3,"href":"https:\/\/apuntesdesanluis.com\/index.php\/wp-json\/wp\/v2\/posts\/18348\/revisions"}],"predecessor-version":[{"id":18353,"href":"https:\/\/apuntesdesanluis.com\/index.php\/wp-json\/wp\/v2\/posts\/18348\/revisions\/18353"}],"wp:featuredmedia":[{"embeddable":true,"href":"https:\/\/apuntesdesanluis.com\/index.php\/wp-json\/wp\/v2\/media\/18352"}],"wp:attachment":[{"href":"https:\/\/apuntesdesanluis.com\/index.php\/wp-json\/wp\/v2\/media?parent=18348"}],"wp:term":[{"taxonomy":"category","embeddable":true,"href":"https:\/\/apuntesdesanluis.com\/index.php\/wp-json\/wp\/v2\/categories?post=18348"},{"taxonomy":"post_tag","embeddable":true,"href":"https:\/\/apuntesdesanluis.com\/index.php\/wp-json\/wp\/v2\/tags?post=18348"}],"curies":[{"name":"wp","href":"https:\/\/api.w.org\/{rel}","templated":true}]}}