{"id":18354,"date":"2024-06-25T18:46:10","date_gmt":"2024-06-25T21:46:10","guid":{"rendered":"https:\/\/apuntesdesanluis.com\/?p=18354"},"modified":"2024-06-25T21:49:14","modified_gmt":"2024-06-26T00:49:14","slug":"avanzan-proyectos-de-reforma-constitucional-y-del-sistema-electoral","status":"publish","type":"post","link":"https:\/\/apuntesdesanluis.com\/index.php\/2024\/06\/25\/avanzan-proyectos-de-reforma-constitucional-y-del-sistema-electoral\/","title":{"rendered":"AVANZAN PROYECTOS DE REFORMA CONSTITUCIONAL Y DEL SISTEMA ELECTORAL"},"content":{"rendered":"<h3>Este martes el Senado de la provincia dio media sanci\u00f3n de manera un\u00e1nime a la creaci\u00f3n de una <strong>Comisi\u00f3n de An\u00e1lisis y Conveniencia de una<\/strong> <strong>Reforma de la Constituci\u00f3n Provincial<\/strong>. Esta iniciativa, que ahora pas\u00f3 a la C\u00e1mara de Diputados, busca la evaluaci\u00f3n consensuada de posibles modificaciones a la Carta Magna provincial, que est\u00e1 pr\u00f3xima a cumplir 38 a\u00f1os desde su \u00faltima reforma integral.<\/h3>\n<h3>Por otro lado, la C\u00e1mara Alta tambi\u00e9n dio media sanci\u00f3n a la creaci\u00f3n de una <strong>Comisi\u00f3n de An\u00e1lisis del<\/strong> <strong>Sistema Electoral y Protocolo de Traspaso de Mando<\/strong>.<\/h3>\n<h3>Con respecto a lo primero, el proyecto de ley fue presentado por el Ejecutivo y contempla la necesidad de actualizar la Constituci\u00f3n para adaptarla a los cambios de paradigmas y a los reclamos de una sociedad en evoluci\u00f3n. Adem\u00e1s, \u201cbusca alinear la normativa provincial con las reformas introducidas en la \u00faltima modificaci\u00f3n de la Constituci\u00f3n Nacional, que otorg\u00f3 jerarqu\u00eda constitucional a los tratados internacionales sobre Derechos Humanos e incorpor\u00f3 otros institutos que hoy son fundamentales en el sistema democr\u00e1tico argentino\u201d, explic\u00f3 el senador por el departamento Pueyrred\u00f3n, <strong>Mart\u00edn Olivero<\/strong>.<\/h3>\n<p><img fetchpriority=\"high\" decoding=\"async\" class=\"wp-image-18356 aligncenter\" src=\"https:\/\/apuntesdesanluis.com\/wp-content\/uploads\/2024\/06\/senado-votacion-san-luis-300x175.png\" alt=\"\" width=\"663\" height=\"387\" srcset=\"https:\/\/apuntesdesanluis.com\/wp-content\/uploads\/2024\/06\/senado-votacion-san-luis-300x175.png 300w, https:\/\/apuntesdesanluis.com\/wp-content\/uploads\/2024\/06\/senado-votacion-san-luis.png 670w\" sizes=\"(max-width: 663px) 100vw, 663px\" \/><\/p>\n<h3>La Comisi\u00f3n estar\u00e1 integrada por representantes de ambas c\u00e1maras legislativas (10 diputados y 4 senadores, tanto de la mayor\u00eda como de la minor\u00eda) y miembros del Poder Ejecutivo. Adem\u00e1s, podr\u00e1 convocar a partidos pol\u00edticos, miembros del Poder Judicial, ministros y secretarios, legisladores nacionales, provinciales y municipales, intendentes, organizaciones de la sociedad civil, colegios profesionales y universidades p\u00fablicas y privadas.<\/h3>\n<h3>Entre los principales temas a debatir se analizar\u00e1 la posibilidad de pasar de un sistema legislativo bicameral a uno unicameral, alargar la periodicidad de las elecciones provinciales, la implementaci\u00f3n de un sistema de capitales alternas y la ampliaci\u00f3n del periodo de sesiones legislativas ordinarias. Tambi\u00e9n se considerar\u00e1 la incorporaci\u00f3n de una \u2018cl\u00e1usula de consanguinidad\u2019 para el ejercicio del Poder Ejecutivo y la limitaci\u00f3n de las facultades del Poder Ejecutivo en la designaci\u00f3n de magistrados.<\/h3>\n<h3>Esta comisi\u00f3n permitir\u00e1 una discusi\u00f3n profunda y consensuada sobre la conveniencia de incorporar \u00e9stos y otros temas a la Carta Magna provincial. \u201cNuestra sociedad nos exige m\u00e1s y mejor calidad en nuestras instituciones, mayor eficacia, mejor control de la cosa p\u00fablica y una legislaci\u00f3n acorde a los tiempos que corren, que regule y reglamente temas que han formado parte de reclamos hist\u00f3ricos, o que se han convertido en necesidades recientes\u201d, expres\u00f3 Olivero.<\/h3>\n<h3><strong>SISTEMA ELECTORAL<\/strong><\/h3>\n<h3>Por otro lado, este martes el Senado provincial, por unanimidad, dio media sanci\u00f3n a la creaci\u00f3n de una Comisi\u00f3n de An\u00e1lisis del Sistema Electoral y Protocolo de Traspaso de Mando.<\/h3>\n<h3>Este organismo estar\u00e1 encargado de evaluar el r\u00e9gimen electoral vigente y proponer mejoras que garanticen mayor transparencia y eficiencia en los procesos electorales. El proyecto de ley, que ahora pasar\u00e1 a la C\u00e1mara de Diputados para su revisi\u00f3n y posible aprobaci\u00f3n definitiva, busca modernizar las herramientas democr\u00e1ticas y abordar la dispersi\u00f3n normativa existente en la legislaci\u00f3n electoral de San Luis.<\/h3>\n<h3><img decoding=\"async\" class=\"wp-image-555 aligncenter\" src=\"https:\/\/apuntesdesanluis.com\/wp-content\/uploads\/2023\/07\/olivero-300x213.png\" alt=\"\" width=\"668\" height=\"474\" srcset=\"https:\/\/apuntesdesanluis.com\/wp-content\/uploads\/2023\/07\/olivero-300x213.png 300w, https:\/\/apuntesdesanluis.com\/wp-content\/uploads\/2023\/07\/olivero.png 386w\" sizes=\"(max-width: 668px) 100vw, 668px\" \/><\/h3>\n<h4 style=\"text-align: center;\"><em>Senador provincial Mart\u00edn Olivero.<\/em><\/h4>\n<h3>La Comisi\u00f3n estar\u00e1 conformada por representantes de las c\u00e1maras de Diputados y Senadores, y tambi\u00e9n miembros del Poder Ejecutivo. A su vez, podr\u00e1 convocar a diferentes actores sociales y pol\u00edticos de la provincia, como partidos, miembros del Poder Judicial, ministros y secretarios del Poder Ejecutivo, legisladores nacionales, provinciales y municipales, intendentes, asociaciones civiles, colegios profesionales, y universidades p\u00fablicas y privadas.<\/h3>\n<h3>El proyecto propone que la comisi\u00f3n abarque el an\u00e1lisis del r\u00e9gimen electoral provincial y municipal, la implementaci\u00f3n de sistemas como el voto electr\u00f3nico y la boleta \u00fanica de papel, y la confiabilidad de los padrones electorales. Adem\u00e1s, la comisi\u00f3n trabajar\u00e1 en un protocolo de traspaso de mando para garantizar una transici\u00f3n ordenada, transparente y previsible entre administraciones, y principalmente que no perjudique a los ciudadanos.<\/h3>\n<h3>El senador por Pueyrred\u00f3n, Mart\u00edn Olivero, destac\u00f3 la importancia de la diversidad ideol\u00f3gica dentro de la comisi\u00f3n para enriquecer el trabajo y asegurar que las soluciones sean integrales y representativas: \u201cEn la conformaci\u00f3n de la comisi\u00f3n, seguramente no todos los integrantes tendr\u00e1n la misma l\u00ednea ideol\u00f3gica, ni militar\u00e1n pol\u00edticamente en los mismos espacios. Esa ser\u00e1 entonces la circunstancia que enriquezca el trabajo final, con miradas diversas que busquen las mejores herramientas electorales para los tiempos venideros, y las m\u00e1s acordes, transparentes, democr\u00e1ticas y confiables a los mismos\u201d.<\/h3>\n<h3>El senador tambi\u00e9n subray\u00f3 la importancia de realizar esta reforma en un a\u00f1o no electoral, para garantizar transparencia a los sanluise\u00f1os y evitar cualquier sospecha de manipulaci\u00f3n de las reglas del juego con fines electorales. \u201cLo proponemos este a\u00f1o porque no es electoral. No modificamos una ley pensando en ganar una elecci\u00f3n, no somos as\u00ed\u201d, afirm\u00f3 Olivero.<\/h3>\n<p>&nbsp;<\/p>\n<p>&nbsp;<\/p>\n<p>&nbsp;<\/p>\n<p>&nbsp;<\/p>\n<p>&nbsp;<\/p>\n<p>&nbsp;<\/p>\n","protected":false},"excerpt":{"rendered":"<p>Este martes el Senado de la provincia dio media sanci\u00f3n de manera un\u00e1nime a la&#8230;<\/p>\n","protected":false},"author":1,"featured_media":18355,"comment_status":"closed","ping_status":"closed","sticky":false,"template":"","format":"standard","meta":{"footnotes":""},"categories":[6],"tags":[],"class_list":["post-18354","post","type-post","status-publish","format-standard","has-post-thumbnail","hentry","category-ciudad-provincia"],"yoast_head":"<!-- This site is optimized with the Yoast SEO plugin v26.1.1 - https:\/\/yoast.com\/wordpress\/plugins\/seo\/ -->\n<title>AVANZAN PROYECTOS DE REFORMA CONSTITUCIONAL Y DEL SISTEMA ELECTORAL - Apuntes de San Luis<\/title>\n<meta name=\"robots\" content=\"index, follow, max-snippet:-1, max-image-preview:large, max-video-preview:-1\" \/>\n<link rel=\"canonical\" href=\"https:\/\/apuntesdesanluis.com\/index.php\/2024\/06\/25\/avanzan-proyectos-de-reforma-constitucional-y-del-sistema-electoral\/\" \/>\n<meta property=\"og:locale\" content=\"es_ES\" \/>\n<meta property=\"og:type\" content=\"article\" \/>\n<meta property=\"og:title\" content=\"AVANZAN PROYECTOS DE REFORMA CONSTITUCIONAL Y DEL SISTEMA ELECTORAL - Apuntes de San Luis\" \/>\n<meta property=\"og:description\" content=\"Este martes el Senado de la provincia dio media sanci\u00f3n de manera un\u00e1nime a la...\" \/>\n<meta property=\"og:url\" content=\"https:\/\/apuntesdesanluis.com\/index.php\/2024\/06\/25\/avanzan-proyectos-de-reforma-constitucional-y-del-sistema-electoral\/\" \/>\n<meta property=\"og:site_name\" content=\"Apuntes de San Luis\" \/>\n<meta property=\"article:published_time\" content=\"2024-06-25T21:46:10+00:00\" \/>\n<meta property=\"article:modified_time\" content=\"2024-06-26T00:49:14+00:00\" \/>\n<meta property=\"og:image\" content=\"https:\/\/apuntesdesanluis.com\/wp-content\/uploads\/2024\/06\/votacion-senado-reforma-constitucional.png\" \/>\n\t<meta property=\"og:image:width\" content=\"665\" \/>\n\t<meta property=\"og:image:height\" content=\"395\" \/>\n\t<meta property=\"og:image:type\" content=\"image\/png\" \/>\n<meta name=\"author\" content=\"apuntesdesanluis.com\" \/>\n<meta name=\"twitter:card\" content=\"summary_large_image\" \/>\n<meta name=\"twitter:label1\" content=\"Escrito por\" \/>\n\t<meta name=\"twitter:data1\" content=\"apuntesdesanluis.com\" \/>\n\t<meta name=\"twitter:label2\" content=\"Tiempo de lectura\" \/>\n\t<meta name=\"twitter:data2\" content=\"5 minutos\" \/>\n<script type=\"application\/ld+json\" class=\"yoast-schema-graph\">{\"@context\":\"https:\/\/schema.org\",\"@graph\":[{\"@type\":\"Article\",\"@id\":\"https:\/\/apuntesdesanluis.com\/index.php\/2024\/06\/25\/avanzan-proyectos-de-reforma-constitucional-y-del-sistema-electoral\/#article\",\"isPartOf\":{\"@id\":\"https:\/\/apuntesdesanluis.com\/index.php\/2024\/06\/25\/avanzan-proyectos-de-reforma-constitucional-y-del-sistema-electoral\/\"},\"author\":{\"name\":\"apuntesdesanluis.com\",\"@id\":\"https:\/\/apuntesdesanluis.com\/#\/schema\/person\/b55151d52296fcce64d1a72538a70b90\"},\"headline\":\"AVANZAN PROYECTOS DE REFORMA CONSTITUCIONAL Y DEL SISTEMA ELECTORAL\",\"datePublished\":\"2024-06-25T21:46:10+00:00\",\"dateModified\":\"2024-06-26T00:49:14+00:00\",\"mainEntityOfPage\":{\"@id\":\"https:\/\/apuntesdesanluis.com\/index.php\/2024\/06\/25\/avanzan-proyectos-de-reforma-constitucional-y-del-sistema-electoral\/\"},\"wordCount\":851,\"publisher\":{\"@id\":\"https:\/\/apuntesdesanluis.com\/#\/schema\/person\/b55151d52296fcce64d1a72538a70b90\"},\"image\":{\"@id\":\"https:\/\/apuntesdesanluis.com\/index.php\/2024\/06\/25\/avanzan-proyectos-de-reforma-constitucional-y-del-sistema-electoral\/#primaryimage\"},\"thumbnailUrl\":\"https:\/\/apuntesdesanluis.com\/wp-content\/uploads\/2024\/06\/votacion-senado-reforma-constitucional.png\",\"articleSection\":[\"Ciudad\/Provincia\"],\"inLanguage\":\"es-AR\"},{\"@type\":\"WebPage\",\"@id\":\"https:\/\/apuntesdesanluis.com\/index.php\/2024\/06\/25\/avanzan-proyectos-de-reforma-constitucional-y-del-sistema-electoral\/\",\"url\":\"https:\/\/apuntesdesanluis.com\/index.php\/2024\/06\/25\/avanzan-proyectos-de-reforma-constitucional-y-del-sistema-electoral\/\",\"name\":\"AVANZAN PROYECTOS DE REFORMA CONSTITUCIONAL Y DEL SISTEMA ELECTORAL - Apuntes de San Luis\",\"isPartOf\":{\"@id\":\"https:\/\/apuntesdesanluis.com\/#website\"},\"primaryImageOfPage\":{\"@id\":\"https:\/\/apuntesdesanluis.com\/index.php\/2024\/06\/25\/avanzan-proyectos-de-reforma-constitucional-y-del-sistema-electoral\/#primaryimage\"},\"image\":{\"@id\":\"https:\/\/apuntesdesanluis.com\/index.php\/2024\/06\/25\/avanzan-proyectos-de-reforma-constitucional-y-del-sistema-electoral\/#primaryimage\"},\"thumbnailUrl\":\"https:\/\/apuntesdesanluis.com\/wp-content\/uploads\/2024\/06\/votacion-senado-reforma-constitucional.png\",\"datePublished\":\"2024-06-25T21:46:10+00:00\",\"dateModified\":\"2024-06-26T00:49:14+00:00\",\"breadcrumb\":{\"@id\":\"https:\/\/apuntesdesanluis.com\/index.php\/2024\/06\/25\/avanzan-proyectos-de-reforma-constitucional-y-del-sistema-electoral\/#breadcrumb\"},\"inLanguage\":\"es-AR\",\"potentialAction\":[{\"@type\":\"ReadAction\",\"target\":[\"https:\/\/apuntesdesanluis.com\/index.php\/2024\/06\/25\/avanzan-proyectos-de-reforma-constitucional-y-del-sistema-electoral\/\"]}]},{\"@type\":\"ImageObject\",\"inLanguage\":\"es-AR\",\"@id\":\"https:\/\/apuntesdesanluis.com\/index.php\/2024\/06\/25\/avanzan-proyectos-de-reforma-constitucional-y-del-sistema-electoral\/#primaryimage\",\"url\":\"https:\/\/apuntesdesanluis.com\/wp-content\/uploads\/2024\/06\/votacion-senado-reforma-constitucional.png\",\"contentUrl\":\"https:\/\/apuntesdesanluis.com\/wp-content\/uploads\/2024\/06\/votacion-senado-reforma-constitucional.png\",\"width\":665,\"height\":395},{\"@type\":\"BreadcrumbList\",\"@id\":\"https:\/\/apuntesdesanluis.com\/index.php\/2024\/06\/25\/avanzan-proyectos-de-reforma-constitucional-y-del-sistema-electoral\/#breadcrumb\",\"itemListElement\":[{\"@type\":\"ListItem\",\"position\":1,\"name\":\"Inicio\",\"item\":\"https:\/\/apuntesdesanluis.com\/\"},{\"@type\":\"ListItem\",\"position\":2,\"name\":\"AVANZAN PROYECTOS DE REFORMA CONSTITUCIONAL Y DEL SISTEMA ELECTORAL\"}]},{\"@type\":\"WebSite\",\"@id\":\"https:\/\/apuntesdesanluis.com\/#website\",\"url\":\"https:\/\/apuntesdesanluis.com\/\",\"name\":\"Apuntes de San Luis\",\"description\":\"\",\"publisher\":{\"@id\":\"https:\/\/apuntesdesanluis.com\/#\/schema\/person\/b55151d52296fcce64d1a72538a70b90\"},\"potentialAction\":[{\"@type\":\"SearchAction\",\"target\":{\"@type\":\"EntryPoint\",\"urlTemplate\":\"https:\/\/apuntesdesanluis.com\/?s={search_term_string}\"},\"query-input\":{\"@type\":\"PropertyValueSpecification\",\"valueRequired\":true,\"valueName\":\"search_term_string\"}}],\"inLanguage\":\"es-AR\"},{\"@type\":[\"Person\",\"Organization\"],\"@id\":\"https:\/\/apuntesdesanluis.com\/#\/schema\/person\/b55151d52296fcce64d1a72538a70b90\",\"name\":\"apuntesdesanluis.com\",\"image\":{\"@type\":\"ImageObject\",\"inLanguage\":\"es-AR\",\"@id\":\"https:\/\/apuntesdesanluis.com\/#\/schema\/person\/image\/\",\"url\":\"https:\/\/apuntesdesanluis.com\/wp-content\/uploads\/2023\/07\/cropped-apuntesdesanluis.png\",\"contentUrl\":\"https:\/\/apuntesdesanluis.com\/wp-content\/uploads\/2023\/07\/cropped-apuntesdesanluis.png\",\"width\":450,\"height\":112,\"caption\":\"apuntesdesanluis.com\"},\"logo\":{\"@id\":\"https:\/\/apuntesdesanluis.com\/#\/schema\/person\/image\/\"},\"sameAs\":[\"https:\/\/apuntesdesanluis.com\"],\"url\":\"https:\/\/apuntesdesanluis.com\/index.php\/author\/apuntesdesanluis-com\/\"}]}<\/script>\n<!-- \/ Yoast SEO plugin. -->","yoast_head_json":{"title":"AVANZAN PROYECTOS DE REFORMA CONSTITUCIONAL Y DEL SISTEMA ELECTORAL - Apuntes de San Luis","robots":{"index":"index","follow":"follow","max-snippet":"max-snippet:-1","max-image-preview":"max-image-preview:large","max-video-preview":"max-video-preview:-1"},"canonical":"https:\/\/apuntesdesanluis.com\/index.php\/2024\/06\/25\/avanzan-proyectos-de-reforma-constitucional-y-del-sistema-electoral\/","og_locale":"es_ES","og_type":"article","og_title":"AVANZAN PROYECTOS DE REFORMA CONSTITUCIONAL Y DEL SISTEMA ELECTORAL - Apuntes de San Luis","og_description":"Este martes el Senado de la provincia dio media sanci\u00f3n de manera un\u00e1nime a la...","og_url":"https:\/\/apuntesdesanluis.com\/index.php\/2024\/06\/25\/avanzan-proyectos-de-reforma-constitucional-y-del-sistema-electoral\/","og_site_name":"Apuntes de San Luis","article_published_time":"2024-06-25T21:46:10+00:00","article_modified_time":"2024-06-26T00:49:14+00:00","og_image":[{"width":665,"height":395,"url":"https:\/\/apuntesdesanluis.com\/wp-content\/uploads\/2024\/06\/votacion-senado-reforma-constitucional.png","type":"image\/png"}],"author":"apuntesdesanluis.com","twitter_card":"summary_large_image","twitter_misc":{"Escrito por":"apuntesdesanluis.com","Tiempo de lectura":"5 minutos"},"schema":{"@context":"https:\/\/schema.org","@graph":[{"@type":"Article","@id":"https:\/\/apuntesdesanluis.com\/index.php\/2024\/06\/25\/avanzan-proyectos-de-reforma-constitucional-y-del-sistema-electoral\/#article","isPartOf":{"@id":"https:\/\/apuntesdesanluis.com\/index.php\/2024\/06\/25\/avanzan-proyectos-de-reforma-constitucional-y-del-sistema-electoral\/"},"author":{"name":"apuntesdesanluis.com","@id":"https:\/\/apuntesdesanluis.com\/#\/schema\/person\/b55151d52296fcce64d1a72538a70b90"},"headline":"AVANZAN PROYECTOS DE REFORMA CONSTITUCIONAL Y DEL SISTEMA ELECTORAL","datePublished":"2024-06-25T21:46:10+00:00","dateModified":"2024-06-26T00:49:14+00:00","mainEntityOfPage":{"@id":"https:\/\/apuntesdesanluis.com\/index.php\/2024\/06\/25\/avanzan-proyectos-de-reforma-constitucional-y-del-sistema-electoral\/"},"wordCount":851,"publisher":{"@id":"https:\/\/apuntesdesanluis.com\/#\/schema\/person\/b55151d52296fcce64d1a72538a70b90"},"image":{"@id":"https:\/\/apuntesdesanluis.com\/index.php\/2024\/06\/25\/avanzan-proyectos-de-reforma-constitucional-y-del-sistema-electoral\/#primaryimage"},"thumbnailUrl":"https:\/\/apuntesdesanluis.com\/wp-content\/uploads\/2024\/06\/votacion-senado-reforma-constitucional.png","articleSection":["Ciudad\/Provincia"],"inLanguage":"es-AR"},{"@type":"WebPage","@id":"https:\/\/apuntesdesanluis.com\/index.php\/2024\/06\/25\/avanzan-proyectos-de-reforma-constitucional-y-del-sistema-electoral\/","url":"https:\/\/apuntesdesanluis.com\/index.php\/2024\/06\/25\/avanzan-proyectos-de-reforma-constitucional-y-del-sistema-electoral\/","name":"AVANZAN PROYECTOS DE REFORMA CONSTITUCIONAL Y DEL SISTEMA ELECTORAL - Apuntes de San Luis","isPartOf":{"@id":"https:\/\/apuntesdesanluis.com\/#website"},"primaryImageOfPage":{"@id":"https:\/\/apuntesdesanluis.com\/index.php\/2024\/06\/25\/avanzan-proyectos-de-reforma-constitucional-y-del-sistema-electoral\/#primaryimage"},"image":{"@id":"https:\/\/apuntesdesanluis.com\/index.php\/2024\/06\/25\/avanzan-proyectos-de-reforma-constitucional-y-del-sistema-electoral\/#primaryimage"},"thumbnailUrl":"https:\/\/apuntesdesanluis.com\/wp-content\/uploads\/2024\/06\/votacion-senado-reforma-constitucional.png","datePublished":"2024-06-25T21:46:10+00:00","dateModified":"2024-06-26T00:49:14+00:00","breadcrumb":{"@id":"https:\/\/apuntesdesanluis.com\/index.php\/2024\/06\/25\/avanzan-proyectos-de-reforma-constitucional-y-del-sistema-electoral\/#breadcrumb"},"inLanguage":"es-AR","potentialAction":[{"@type":"ReadAction","target":["https:\/\/apuntesdesanluis.com\/index.php\/2024\/06\/25\/avanzan-proyectos-de-reforma-constitucional-y-del-sistema-electoral\/"]}]},{"@type":"ImageObject","inLanguage":"es-AR","@id":"https:\/\/apuntesdesanluis.com\/index.php\/2024\/06\/25\/avanzan-proyectos-de-reforma-constitucional-y-del-sistema-electoral\/#primaryimage","url":"https:\/\/apuntesdesanluis.com\/wp-content\/uploads\/2024\/06\/votacion-senado-reforma-constitucional.png","contentUrl":"https:\/\/apuntesdesanluis.com\/wp-content\/uploads\/2024\/06\/votacion-senado-reforma-constitucional.png","width":665,"height":395},{"@type":"BreadcrumbList","@id":"https:\/\/apuntesdesanluis.com\/index.php\/2024\/06\/25\/avanzan-proyectos-de-reforma-constitucional-y-del-sistema-electoral\/#breadcrumb","itemListElement":[{"@type":"ListItem","position":1,"name":"Inicio","item":"https:\/\/apuntesdesanluis.com\/"},{"@type":"ListItem","position":2,"name":"AVANZAN PROYECTOS DE REFORMA CONSTITUCIONAL Y DEL SISTEMA ELECTORAL"}]},{"@type":"WebSite","@id":"https:\/\/apuntesdesanluis.com\/#website","url":"https:\/\/apuntesdesanluis.com\/","name":"Apuntes de San Luis","description":"","publisher":{"@id":"https:\/\/apuntesdesanluis.com\/#\/schema\/person\/b55151d52296fcce64d1a72538a70b90"},"potentialAction":[{"@type":"SearchAction","target":{"@type":"EntryPoint","urlTemplate":"https:\/\/apuntesdesanluis.com\/?s={search_term_string}"},"query-input":{"@type":"PropertyValueSpecification","valueRequired":true,"valueName":"search_term_string"}}],"inLanguage":"es-AR"},{"@type":["Person","Organization"],"@id":"https:\/\/apuntesdesanluis.com\/#\/schema\/person\/b55151d52296fcce64d1a72538a70b90","name":"apuntesdesanluis.com","image":{"@type":"ImageObject","inLanguage":"es-AR","@id":"https:\/\/apuntesdesanluis.com\/#\/schema\/person\/image\/","url":"https:\/\/apuntesdesanluis.com\/wp-content\/uploads\/2023\/07\/cropped-apuntesdesanluis.png","contentUrl":"https:\/\/apuntesdesanluis.com\/wp-content\/uploads\/2023\/07\/cropped-apuntesdesanluis.png","width":450,"height":112,"caption":"apuntesdesanluis.com"},"logo":{"@id":"https:\/\/apuntesdesanluis.com\/#\/schema\/person\/image\/"},"sameAs":["https:\/\/apuntesdesanluis.com"],"url":"https:\/\/apuntesdesanluis.com\/index.php\/author\/apuntesdesanluis-com\/"}]}},"featured_image_urls":{"full":["https:\/\/apuntesdesanluis.com\/wp-content\/uploads\/2024\/06\/votacion-senado-reforma-constitucional.png",665,395,false],"thumbnail":["https:\/\/apuntesdesanluis.com\/wp-content\/uploads\/2024\/06\/votacion-senado-reforma-constitucional-150x150.png",150,150,true],"medium":["https:\/\/apuntesdesanluis.com\/wp-content\/uploads\/2024\/06\/votacion-senado-reforma-constitucional-300x178.png",300,178,true],"medium_large":["https:\/\/apuntesdesanluis.com\/wp-content\/uploads\/2024\/06\/votacion-senado-reforma-constitucional.png",640,380,false],"large":["https:\/\/apuntesdesanluis.com\/wp-content\/uploads\/2024\/06\/votacion-senado-reforma-constitucional.png",640,380,false],"1536x1536":["https:\/\/apuntesdesanluis.com\/wp-content\/uploads\/2024\/06\/votacion-senado-reforma-constitucional.png",665,395,false],"2048x2048":["https:\/\/apuntesdesanluis.com\/wp-content\/uploads\/2024\/06\/votacion-senado-reforma-constitucional.png",665,395,false],"newsever-slider-full":["https:\/\/apuntesdesanluis.com\/wp-content\/uploads\/2024\/06\/votacion-senado-reforma-constitucional.png",665,395,false],"newsever-featured":["https:\/\/apuntesdesanluis.com\/wp-content\/uploads\/2024\/06\/votacion-senado-reforma-constitucional.png",665,395,false],"newsever-medium":["https:\/\/apuntesdesanluis.com\/wp-content\/uploads\/2024\/06\/votacion-senado-reforma-constitucional.png",665,395,false]},"author_info":{"display_name":"apuntesdesanluis.com","author_link":"https:\/\/apuntesdesanluis.com\/index.php\/author\/apuntesdesanluis-com\/"},"category_info":"<a href=\"https:\/\/apuntesdesanluis.com\/index.php\/category\/ciudad-provincia\/\" rel=\"category tag\">Ciudad\/Provincia<\/a>","tag_info":"Ciudad\/Provincia","comment_count":"0","_links":{"self":[{"href":"https:\/\/apuntesdesanluis.com\/index.php\/wp-json\/wp\/v2\/posts\/18354","targetHints":{"allow":["GET"]}}],"collection":[{"href":"https:\/\/apuntesdesanluis.com\/index.php\/wp-json\/wp\/v2\/posts"}],"about":[{"href":"https:\/\/apuntesdesanluis.com\/index.php\/wp-json\/wp\/v2\/types\/post"}],"author":[{"embeddable":true,"href":"https:\/\/apuntesdesanluis.com\/index.php\/wp-json\/wp\/v2\/users\/1"}],"replies":[{"embeddable":true,"href":"https:\/\/apuntesdesanluis.com\/index.php\/wp-json\/wp\/v2\/comments?post=18354"}],"version-history":[{"count":1,"href":"https:\/\/apuntesdesanluis.com\/index.php\/wp-json\/wp\/v2\/posts\/18354\/revisions"}],"predecessor-version":[{"id":18357,"href":"https:\/\/apuntesdesanluis.com\/index.php\/wp-json\/wp\/v2\/posts\/18354\/revisions\/18357"}],"wp:featuredmedia":[{"embeddable":true,"href":"https:\/\/apuntesdesanluis.com\/index.php\/wp-json\/wp\/v2\/media\/18355"}],"wp:attachment":[{"href":"https:\/\/apuntesdesanluis.com\/index.php\/wp-json\/wp\/v2\/media?parent=18354"}],"wp:term":[{"taxonomy":"category","embeddable":true,"href":"https:\/\/apuntesdesanluis.com\/index.php\/wp-json\/wp\/v2\/categories?post=18354"},{"taxonomy":"post_tag","embeddable":true,"href":"https:\/\/apuntesdesanluis.com\/index.php\/wp-json\/wp\/v2\/tags?post=18354"}],"curies":[{"name":"wp","href":"https:\/\/api.w.org\/{rel}","templated":true}]}}