{"id":18374,"date":"2024-06-26T18:27:17","date_gmt":"2024-06-26T21:27:17","guid":{"rendered":"https:\/\/apuntesdesanluis.com\/?p=18374"},"modified":"2024-06-26T18:27:17","modified_gmt":"2024-06-26T21:27:17","slug":"dos-personas-heridas-tras-incendiarse-una-vivienda-en-villa-mercedes","status":"publish","type":"post","link":"https:\/\/apuntesdesanluis.com\/index.php\/2024\/06\/26\/dos-personas-heridas-tras-incendiarse-una-vivienda-en-villa-mercedes\/","title":{"rendered":"DOS PERSONAS HERIDAS TRAS INCENDIARSE UNA VIVIENDA EN VILLA MERCEDES"},"content":{"rendered":"<h3>El siniestro se produjo este mi\u00e9rcoles a la madrugada, en una vivienda ubicada en calle Nelson al 500, en la ciudad de Villa Mercedes.<\/h3>\n<h3>Efectivos de la Comisar\u00eda Seccional 10\u00b0 acudieron al lugar, al igual que personal m\u00e9dico del Sempro en dos ambulancias y personal de Bomberos Voluntarios \u201cEl Fort\u00edn\u201d.<\/h3>\n<p><img fetchpriority=\"high\" decoding=\"async\" class=\"wp-image-18377 aligncenter\" src=\"https:\/\/apuntesdesanluis.com\/wp-content\/uploads\/2024\/06\/casa-quemada-300x159.png\" alt=\"\" width=\"658\" height=\"349\" srcset=\"https:\/\/apuntesdesanluis.com\/wp-content\/uploads\/2024\/06\/casa-quemada-300x159.png 300w, https:\/\/apuntesdesanluis.com\/wp-content\/uploads\/2024\/06\/casa-quemada.png 600w\" sizes=\"(max-width: 658px) 100vw, 658px\" \/><\/p>\n<h3>En el lugar se encontraban un hombre de 50 a\u00f1os de edad y una mujer de 43 a\u00f1os, quienes resultaron heridos con distintas quemaduras en su cuerpo.<\/h3>\n<h3>Ambos fueron atendidos por personal m\u00e9dico en ese sitio y posteriormente fueron trasladados en dos ambulancias del SEMPRO hacia el Policl\u00ednico Regional \u201cJuan Domingo Per\u00f3n\u201d, por la gravedad de las lesiones e intoxicaci\u00f3n por mon\u00f3xido de carbono.<\/h3>\n<p><img decoding=\"async\" class=\"wp-image-18378 aligncenter\" src=\"https:\/\/apuntesdesanluis.com\/wp-content\/uploads\/2024\/06\/interior-quemado-300x209.png\" alt=\"\" width=\"657\" height=\"458\" srcset=\"https:\/\/apuntesdesanluis.com\/wp-content\/uploads\/2024\/06\/interior-quemado-300x209.png 300w, https:\/\/apuntesdesanluis.com\/wp-content\/uploads\/2024\/06\/interior-quemado.png 600w\" sizes=\"(max-width: 657px) 100vw, 657px\" \/><\/p>\n<h3>Pudo saberse que la mujer sufri\u00f3 quemaduras graves en el 70% de la superficie corporal, afectaci\u00f3n de la v\u00eda a\u00e9rea e intoxicaci\u00f3n por mon\u00f3xido de carbono. En tanto que el hombre presenta un 15% de su superficie corporal afectada, fundamentalmente cara y manos, e intoxicaci\u00f3n por mon\u00f3xido de carbono y afectaci\u00f3n de la v\u00eda a\u00e9rea. Ambos pron\u00f3sticos son reservados.<\/h3>\n<h3>Personal de Bomberos Voluntarios \u201cEl Fort\u00edn\u201d trabaj\u00f3 para extinguir el incendio, el cual caus\u00f3 p\u00e9rdidas materiales en la vivienda.<\/h3>\n<h3>De acuerdo a las primeras averiguaciones, una vez sofocado el incendio se ingres\u00f3 al interior de la vivienda, la cual tiene dos habitaciones, y se constat\u00f3 que en la primera habitaci\u00f3n hab\u00eda una precaria estufa tipo hogar, la cual habr\u00eda sido la causante del incendio.<\/h3>\n<p><img decoding=\"async\" class=\"wp-image-18379 aligncenter\" src=\"https:\/\/apuntesdesanluis.com\/wp-content\/uploads\/2024\/06\/estufa-a-lena-300x177.png\" alt=\"\" width=\"659\" height=\"389\" srcset=\"https:\/\/apuntesdesanluis.com\/wp-content\/uploads\/2024\/06\/estufa-a-lena-300x177.png 300w, https:\/\/apuntesdesanluis.com\/wp-content\/uploads\/2024\/06\/estufa-a-lena.png 600w\" sizes=\"(max-width: 659px) 100vw, 659px\" \/><\/p>\n<h3>Adem\u00e1s, en la misma habitaci\u00f3n se encontraba una cama de una plaza con un colch\u00f3n de dos plazas, siendo este el lugar donde aparentemente hab\u00edan estado el hombre y la mujer al momento del hecho.<\/h3>\n<p>&nbsp;<\/p>\n<p>&nbsp;<\/p>\n<p>&nbsp;<\/p>\n<p>&nbsp;<\/p>\n<p>&nbsp;<\/p>\n<p>&nbsp;<\/p>\n<p>&nbsp;<\/p>\n","protected":false},"excerpt":{"rendered":"<p>El siniestro se produjo este mi\u00e9rcoles a la madrugada, en una vivienda ubicada en calle&#8230;<\/p>\n","protected":false},"author":1,"featured_media":18376,"comment_status":"closed","ping_status":"closed","sticky":false,"template":"","format":"standard","meta":{"footnotes":""},"categories":[6],"tags":[],"class_list":["post-18374","post","type-post","status-publish","format-standard","has-post-thumbnail","hentry","category-ciudad-provincia"],"yoast_head":"<!-- This site is optimized with the Yoast SEO plugin v26.1.1 - https:\/\/yoast.com\/wordpress\/plugins\/seo\/ -->\n<title>DOS PERSONAS HERIDAS TRAS INCENDIARSE UNA VIVIENDA EN VILLA MERCEDES - Apuntes de San Luis<\/title>\n<meta name=\"robots\" content=\"index, follow, max-snippet:-1, max-image-preview:large, max-video-preview:-1\" \/>\n<link rel=\"canonical\" href=\"https:\/\/apuntesdesanluis.com\/index.php\/2024\/06\/26\/dos-personas-heridas-tras-incendiarse-una-vivienda-en-villa-mercedes\/\" \/>\n<meta property=\"og:locale\" content=\"es_ES\" \/>\n<meta property=\"og:type\" content=\"article\" \/>\n<meta property=\"og:title\" content=\"DOS PERSONAS HERIDAS TRAS INCENDIARSE UNA VIVIENDA EN VILLA MERCEDES - Apuntes de San Luis\" \/>\n<meta property=\"og:description\" content=\"El siniestro se produjo este mi\u00e9rcoles a la madrugada, en una vivienda ubicada en calle...\" \/>\n<meta property=\"og:url\" content=\"https:\/\/apuntesdesanluis.com\/index.php\/2024\/06\/26\/dos-personas-heridas-tras-incendiarse-una-vivienda-en-villa-mercedes\/\" \/>\n<meta property=\"og:site_name\" content=\"Apuntes de San Luis\" \/>\n<meta property=\"article:published_time\" content=\"2024-06-26T21:27:17+00:00\" \/>\n<meta property=\"og:image\" content=\"https:\/\/apuntesdesanluis.com\/wp-content\/uploads\/2024\/06\/cama-quemada.png\" \/>\n\t<meta property=\"og:image:width\" content=\"600\" \/>\n\t<meta property=\"og:image:height\" content=\"356\" \/>\n\t<meta property=\"og:image:type\" content=\"image\/png\" \/>\n<meta name=\"author\" content=\"apuntesdesanluis.com\" \/>\n<meta name=\"twitter:card\" content=\"summary_large_image\" \/>\n<meta name=\"twitter:label1\" content=\"Escrito por\" \/>\n\t<meta name=\"twitter:data1\" content=\"apuntesdesanluis.com\" \/>\n\t<meta name=\"twitter:label2\" content=\"Tiempo de lectura\" \/>\n\t<meta name=\"twitter:data2\" content=\"3 minutos\" \/>\n<script type=\"application\/ld+json\" class=\"yoast-schema-graph\">{\"@context\":\"https:\/\/schema.org\",\"@graph\":[{\"@type\":\"Article\",\"@id\":\"https:\/\/apuntesdesanluis.com\/index.php\/2024\/06\/26\/dos-personas-heridas-tras-incendiarse-una-vivienda-en-villa-mercedes\/#article\",\"isPartOf\":{\"@id\":\"https:\/\/apuntesdesanluis.com\/index.php\/2024\/06\/26\/dos-personas-heridas-tras-incendiarse-una-vivienda-en-villa-mercedes\/\"},\"author\":{\"name\":\"apuntesdesanluis.com\",\"@id\":\"https:\/\/apuntesdesanluis.com\/#\/schema\/person\/b55151d52296fcce64d1a72538a70b90\"},\"headline\":\"DOS PERSONAS HERIDAS TRAS INCENDIARSE UNA VIVIENDA EN VILLA MERCEDES\",\"datePublished\":\"2024-06-26T21:27:17+00:00\",\"mainEntityOfPage\":{\"@id\":\"https:\/\/apuntesdesanluis.com\/index.php\/2024\/06\/26\/dos-personas-heridas-tras-incendiarse-una-vivienda-en-villa-mercedes\/\"},\"wordCount\":314,\"publisher\":{\"@id\":\"https:\/\/apuntesdesanluis.com\/#\/schema\/person\/b55151d52296fcce64d1a72538a70b90\"},\"image\":{\"@id\":\"https:\/\/apuntesdesanluis.com\/index.php\/2024\/06\/26\/dos-personas-heridas-tras-incendiarse-una-vivienda-en-villa-mercedes\/#primaryimage\"},\"thumbnailUrl\":\"https:\/\/apuntesdesanluis.com\/wp-content\/uploads\/2024\/06\/cama-quemada.png\",\"articleSection\":[\"Ciudad\/Provincia\"],\"inLanguage\":\"es-AR\"},{\"@type\":\"WebPage\",\"@id\":\"https:\/\/apuntesdesanluis.com\/index.php\/2024\/06\/26\/dos-personas-heridas-tras-incendiarse-una-vivienda-en-villa-mercedes\/\",\"url\":\"https:\/\/apuntesdesanluis.com\/index.php\/2024\/06\/26\/dos-personas-heridas-tras-incendiarse-una-vivienda-en-villa-mercedes\/\",\"name\":\"DOS PERSONAS HERIDAS TRAS INCENDIARSE UNA VIVIENDA EN VILLA MERCEDES - Apuntes de San Luis\",\"isPartOf\":{\"@id\":\"https:\/\/apuntesdesanluis.com\/#website\"},\"primaryImageOfPage\":{\"@id\":\"https:\/\/apuntesdesanluis.com\/index.php\/2024\/06\/26\/dos-personas-heridas-tras-incendiarse-una-vivienda-en-villa-mercedes\/#primaryimage\"},\"image\":{\"@id\":\"https:\/\/apuntesdesanluis.com\/index.php\/2024\/06\/26\/dos-personas-heridas-tras-incendiarse-una-vivienda-en-villa-mercedes\/#primaryimage\"},\"thumbnailUrl\":\"https:\/\/apuntesdesanluis.com\/wp-content\/uploads\/2024\/06\/cama-quemada.png\",\"datePublished\":\"2024-06-26T21:27:17+00:00\",\"breadcrumb\":{\"@id\":\"https:\/\/apuntesdesanluis.com\/index.php\/2024\/06\/26\/dos-personas-heridas-tras-incendiarse-una-vivienda-en-villa-mercedes\/#breadcrumb\"},\"inLanguage\":\"es-AR\",\"potentialAction\":[{\"@type\":\"ReadAction\",\"target\":[\"https:\/\/apuntesdesanluis.com\/index.php\/2024\/06\/26\/dos-personas-heridas-tras-incendiarse-una-vivienda-en-villa-mercedes\/\"]}]},{\"@type\":\"ImageObject\",\"inLanguage\":\"es-AR\",\"@id\":\"https:\/\/apuntesdesanluis.com\/index.php\/2024\/06\/26\/dos-personas-heridas-tras-incendiarse-una-vivienda-en-villa-mercedes\/#primaryimage\",\"url\":\"https:\/\/apuntesdesanluis.com\/wp-content\/uploads\/2024\/06\/cama-quemada.png\",\"contentUrl\":\"https:\/\/apuntesdesanluis.com\/wp-content\/uploads\/2024\/06\/cama-quemada.png\",\"width\":600,\"height\":356},{\"@type\":\"BreadcrumbList\",\"@id\":\"https:\/\/apuntesdesanluis.com\/index.php\/2024\/06\/26\/dos-personas-heridas-tras-incendiarse-una-vivienda-en-villa-mercedes\/#breadcrumb\",\"itemListElement\":[{\"@type\":\"ListItem\",\"position\":1,\"name\":\"Inicio\",\"item\":\"https:\/\/apuntesdesanluis.com\/\"},{\"@type\":\"ListItem\",\"position\":2,\"name\":\"DOS PERSONAS HERIDAS TRAS INCENDIARSE UNA VIVIENDA EN VILLA MERCEDES\"}]},{\"@type\":\"WebSite\",\"@id\":\"https:\/\/apuntesdesanluis.com\/#website\",\"url\":\"https:\/\/apuntesdesanluis.com\/\",\"name\":\"Apuntes de San Luis\",\"description\":\"\",\"publisher\":{\"@id\":\"https:\/\/apuntesdesanluis.com\/#\/schema\/person\/b55151d52296fcce64d1a72538a70b90\"},\"potentialAction\":[{\"@type\":\"SearchAction\",\"target\":{\"@type\":\"EntryPoint\",\"urlTemplate\":\"https:\/\/apuntesdesanluis.com\/?s={search_term_string}\"},\"query-input\":{\"@type\":\"PropertyValueSpecification\",\"valueRequired\":true,\"valueName\":\"search_term_string\"}}],\"inLanguage\":\"es-AR\"},{\"@type\":[\"Person\",\"Organization\"],\"@id\":\"https:\/\/apuntesdesanluis.com\/#\/schema\/person\/b55151d52296fcce64d1a72538a70b90\",\"name\":\"apuntesdesanluis.com\",\"image\":{\"@type\":\"ImageObject\",\"inLanguage\":\"es-AR\",\"@id\":\"https:\/\/apuntesdesanluis.com\/#\/schema\/person\/image\/\",\"url\":\"https:\/\/apuntesdesanluis.com\/wp-content\/uploads\/2023\/07\/cropped-apuntesdesanluis.png\",\"contentUrl\":\"https:\/\/apuntesdesanluis.com\/wp-content\/uploads\/2023\/07\/cropped-apuntesdesanluis.png\",\"width\":450,\"height\":112,\"caption\":\"apuntesdesanluis.com\"},\"logo\":{\"@id\":\"https:\/\/apuntesdesanluis.com\/#\/schema\/person\/image\/\"},\"sameAs\":[\"https:\/\/apuntesdesanluis.com\"],\"url\":\"https:\/\/apuntesdesanluis.com\/index.php\/author\/apuntesdesanluis-com\/\"}]}<\/script>\n<!-- \/ Yoast SEO plugin. -->","yoast_head_json":{"title":"DOS PERSONAS HERIDAS TRAS INCENDIARSE UNA VIVIENDA EN VILLA MERCEDES - Apuntes de San Luis","robots":{"index":"index","follow":"follow","max-snippet":"max-snippet:-1","max-image-preview":"max-image-preview:large","max-video-preview":"max-video-preview:-1"},"canonical":"https:\/\/apuntesdesanluis.com\/index.php\/2024\/06\/26\/dos-personas-heridas-tras-incendiarse-una-vivienda-en-villa-mercedes\/","og_locale":"es_ES","og_type":"article","og_title":"DOS PERSONAS HERIDAS TRAS INCENDIARSE UNA VIVIENDA EN VILLA MERCEDES - Apuntes de San Luis","og_description":"El siniestro se produjo este mi\u00e9rcoles a la madrugada, en una vivienda ubicada en calle...","og_url":"https:\/\/apuntesdesanluis.com\/index.php\/2024\/06\/26\/dos-personas-heridas-tras-incendiarse-una-vivienda-en-villa-mercedes\/","og_site_name":"Apuntes de San Luis","article_published_time":"2024-06-26T21:27:17+00:00","og_image":[{"width":600,"height":356,"url":"https:\/\/apuntesdesanluis.com\/wp-content\/uploads\/2024\/06\/cama-quemada.png","type":"image\/png"}],"author":"apuntesdesanluis.com","twitter_card":"summary_large_image","twitter_misc":{"Escrito por":"apuntesdesanluis.com","Tiempo de lectura":"3 minutos"},"schema":{"@context":"https:\/\/schema.org","@graph":[{"@type":"Article","@id":"https:\/\/apuntesdesanluis.com\/index.php\/2024\/06\/26\/dos-personas-heridas-tras-incendiarse-una-vivienda-en-villa-mercedes\/#article","isPartOf":{"@id":"https:\/\/apuntesdesanluis.com\/index.php\/2024\/06\/26\/dos-personas-heridas-tras-incendiarse-una-vivienda-en-villa-mercedes\/"},"author":{"name":"apuntesdesanluis.com","@id":"https:\/\/apuntesdesanluis.com\/#\/schema\/person\/b55151d52296fcce64d1a72538a70b90"},"headline":"DOS PERSONAS HERIDAS TRAS INCENDIARSE UNA VIVIENDA EN VILLA MERCEDES","datePublished":"2024-06-26T21:27:17+00:00","mainEntityOfPage":{"@id":"https:\/\/apuntesdesanluis.com\/index.php\/2024\/06\/26\/dos-personas-heridas-tras-incendiarse-una-vivienda-en-villa-mercedes\/"},"wordCount":314,"publisher":{"@id":"https:\/\/apuntesdesanluis.com\/#\/schema\/person\/b55151d52296fcce64d1a72538a70b90"},"image":{"@id":"https:\/\/apuntesdesanluis.com\/index.php\/2024\/06\/26\/dos-personas-heridas-tras-incendiarse-una-vivienda-en-villa-mercedes\/#primaryimage"},"thumbnailUrl":"https:\/\/apuntesdesanluis.com\/wp-content\/uploads\/2024\/06\/cama-quemada.png","articleSection":["Ciudad\/Provincia"],"inLanguage":"es-AR"},{"@type":"WebPage","@id":"https:\/\/apuntesdesanluis.com\/index.php\/2024\/06\/26\/dos-personas-heridas-tras-incendiarse-una-vivienda-en-villa-mercedes\/","url":"https:\/\/apuntesdesanluis.com\/index.php\/2024\/06\/26\/dos-personas-heridas-tras-incendiarse-una-vivienda-en-villa-mercedes\/","name":"DOS PERSONAS HERIDAS TRAS INCENDIARSE UNA VIVIENDA EN VILLA MERCEDES - Apuntes de San Luis","isPartOf":{"@id":"https:\/\/apuntesdesanluis.com\/#website"},"primaryImageOfPage":{"@id":"https:\/\/apuntesdesanluis.com\/index.php\/2024\/06\/26\/dos-personas-heridas-tras-incendiarse-una-vivienda-en-villa-mercedes\/#primaryimage"},"image":{"@id":"https:\/\/apuntesdesanluis.com\/index.php\/2024\/06\/26\/dos-personas-heridas-tras-incendiarse-una-vivienda-en-villa-mercedes\/#primaryimage"},"thumbnailUrl":"https:\/\/apuntesdesanluis.com\/wp-content\/uploads\/2024\/06\/cama-quemada.png","datePublished":"2024-06-26T21:27:17+00:00","breadcrumb":{"@id":"https:\/\/apuntesdesanluis.com\/index.php\/2024\/06\/26\/dos-personas-heridas-tras-incendiarse-una-vivienda-en-villa-mercedes\/#breadcrumb"},"inLanguage":"es-AR","potentialAction":[{"@type":"ReadAction","target":["https:\/\/apuntesdesanluis.com\/index.php\/2024\/06\/26\/dos-personas-heridas-tras-incendiarse-una-vivienda-en-villa-mercedes\/"]}]},{"@type":"ImageObject","inLanguage":"es-AR","@id":"https:\/\/apuntesdesanluis.com\/index.php\/2024\/06\/26\/dos-personas-heridas-tras-incendiarse-una-vivienda-en-villa-mercedes\/#primaryimage","url":"https:\/\/apuntesdesanluis.com\/wp-content\/uploads\/2024\/06\/cama-quemada.png","contentUrl":"https:\/\/apuntesdesanluis.com\/wp-content\/uploads\/2024\/06\/cama-quemada.png","width":600,"height":356},{"@type":"BreadcrumbList","@id":"https:\/\/apuntesdesanluis.com\/index.php\/2024\/06\/26\/dos-personas-heridas-tras-incendiarse-una-vivienda-en-villa-mercedes\/#breadcrumb","itemListElement":[{"@type":"ListItem","position":1,"name":"Inicio","item":"https:\/\/apuntesdesanluis.com\/"},{"@type":"ListItem","position":2,"name":"DOS PERSONAS HERIDAS TRAS INCENDIARSE UNA VIVIENDA EN VILLA MERCEDES"}]},{"@type":"WebSite","@id":"https:\/\/apuntesdesanluis.com\/#website","url":"https:\/\/apuntesdesanluis.com\/","name":"Apuntes de San Luis","description":"","publisher":{"@id":"https:\/\/apuntesdesanluis.com\/#\/schema\/person\/b55151d52296fcce64d1a72538a70b90"},"potentialAction":[{"@type":"SearchAction","target":{"@type":"EntryPoint","urlTemplate":"https:\/\/apuntesdesanluis.com\/?s={search_term_string}"},"query-input":{"@type":"PropertyValueSpecification","valueRequired":true,"valueName":"search_term_string"}}],"inLanguage":"es-AR"},{"@type":["Person","Organization"],"@id":"https:\/\/apuntesdesanluis.com\/#\/schema\/person\/b55151d52296fcce64d1a72538a70b90","name":"apuntesdesanluis.com","image":{"@type":"ImageObject","inLanguage":"es-AR","@id":"https:\/\/apuntesdesanluis.com\/#\/schema\/person\/image\/","url":"https:\/\/apuntesdesanluis.com\/wp-content\/uploads\/2023\/07\/cropped-apuntesdesanluis.png","contentUrl":"https:\/\/apuntesdesanluis.com\/wp-content\/uploads\/2023\/07\/cropped-apuntesdesanluis.png","width":450,"height":112,"caption":"apuntesdesanluis.com"},"logo":{"@id":"https:\/\/apuntesdesanluis.com\/#\/schema\/person\/image\/"},"sameAs":["https:\/\/apuntesdesanluis.com"],"url":"https:\/\/apuntesdesanluis.com\/index.php\/author\/apuntesdesanluis-com\/"}]}},"featured_image_urls":{"full":["https:\/\/apuntesdesanluis.com\/wp-content\/uploads\/2024\/06\/cama-quemada.png",600,356,false],"thumbnail":["https:\/\/apuntesdesanluis.com\/wp-content\/uploads\/2024\/06\/cama-quemada-150x150.png",150,150,true],"medium":["https:\/\/apuntesdesanluis.com\/wp-content\/uploads\/2024\/06\/cama-quemada-300x178.png",300,178,true],"medium_large":["https:\/\/apuntesdesanluis.com\/wp-content\/uploads\/2024\/06\/cama-quemada.png",600,356,false],"large":["https:\/\/apuntesdesanluis.com\/wp-content\/uploads\/2024\/06\/cama-quemada.png",600,356,false],"1536x1536":["https:\/\/apuntesdesanluis.com\/wp-content\/uploads\/2024\/06\/cama-quemada.png",600,356,false],"2048x2048":["https:\/\/apuntesdesanluis.com\/wp-content\/uploads\/2024\/06\/cama-quemada.png",600,356,false],"newsever-slider-full":["https:\/\/apuntesdesanluis.com\/wp-content\/uploads\/2024\/06\/cama-quemada.png",600,356,false],"newsever-featured":["https:\/\/apuntesdesanluis.com\/wp-content\/uploads\/2024\/06\/cama-quemada.png",600,356,false],"newsever-medium":["https:\/\/apuntesdesanluis.com\/wp-content\/uploads\/2024\/06\/cama-quemada.png",600,356,false]},"author_info":{"display_name":"apuntesdesanluis.com","author_link":"https:\/\/apuntesdesanluis.com\/index.php\/author\/apuntesdesanluis-com\/"},"category_info":"<a href=\"https:\/\/apuntesdesanluis.com\/index.php\/category\/ciudad-provincia\/\" rel=\"category tag\">Ciudad\/Provincia<\/a>","tag_info":"Ciudad\/Provincia","comment_count":"0","_links":{"self":[{"href":"https:\/\/apuntesdesanluis.com\/index.php\/wp-json\/wp\/v2\/posts\/18374","targetHints":{"allow":["GET"]}}],"collection":[{"href":"https:\/\/apuntesdesanluis.com\/index.php\/wp-json\/wp\/v2\/posts"}],"about":[{"href":"https:\/\/apuntesdesanluis.com\/index.php\/wp-json\/wp\/v2\/types\/post"}],"author":[{"embeddable":true,"href":"https:\/\/apuntesdesanluis.com\/index.php\/wp-json\/wp\/v2\/users\/1"}],"replies":[{"embeddable":true,"href":"https:\/\/apuntesdesanluis.com\/index.php\/wp-json\/wp\/v2\/comments?post=18374"}],"version-history":[{"count":2,"href":"https:\/\/apuntesdesanluis.com\/index.php\/wp-json\/wp\/v2\/posts\/18374\/revisions"}],"predecessor-version":[{"id":18380,"href":"https:\/\/apuntesdesanluis.com\/index.php\/wp-json\/wp\/v2\/posts\/18374\/revisions\/18380"}],"wp:featuredmedia":[{"embeddable":true,"href":"https:\/\/apuntesdesanluis.com\/index.php\/wp-json\/wp\/v2\/media\/18376"}],"wp:attachment":[{"href":"https:\/\/apuntesdesanluis.com\/index.php\/wp-json\/wp\/v2\/media?parent=18374"}],"wp:term":[{"taxonomy":"category","embeddable":true,"href":"https:\/\/apuntesdesanluis.com\/index.php\/wp-json\/wp\/v2\/categories?post=18374"},{"taxonomy":"post_tag","embeddable":true,"href":"https:\/\/apuntesdesanluis.com\/index.php\/wp-json\/wp\/v2\/tags?post=18374"}],"curies":[{"name":"wp","href":"https:\/\/api.w.org\/{rel}","templated":true}]}}