{"id":18384,"date":"2024-06-26T19:03:44","date_gmt":"2024-06-26T22:03:44","guid":{"rendered":"https:\/\/apuntesdesanluis.com\/?p=18384"},"modified":"2024-06-26T19:03:44","modified_gmt":"2024-06-26T22:03:44","slug":"en-el-dia-mas-frio-del-ano-san-martin-registro-97oc","status":"publish","type":"post","link":"https:\/\/apuntesdesanluis.com\/index.php\/2024\/06\/26\/en-el-dia-mas-frio-del-ano-san-martin-registro-97oc\/","title":{"rendered":"EN EL D\u00cdA M\u00c1S FR\u00cdO DEL A\u00d1O, SAN MART\u00cdN REGISTR\u00d3 -9,7\u00baC"},"content":{"rendered":"<h3>Al menos 30 localidades y parajes de San Luis registraron temperaturas extremas. A la ciudad del norte se le suman en orden descendente: Concar\u00e1n con -7,5\u00baC, Villa de Praga -6,7\u00baC y Naschel -6,6\u00baC.<\/h3>\n<h3>No cabe duda de que el invierno lleg\u00f3 y a diferencia de 2023, este a\u00f1o se hace sentir con m\u00e1s crudeza. Gran parte del pa\u00eds registra temperaturas extremas y la nieve cubre con un abundante manto blanco vastos sectores, tal es el caso de las Altas Cumbres. En San Luis, en sectores de monta\u00f1a (Valle de Pancanta y Sierras Centrales) este martes se produjo la ca\u00edda de aguanieve y el mi\u00e9rcoles comenz\u00f3 con heladas intensas. Las m\u00e1s crudas se registraron en el norte provincial al igual que las temperaturas m\u00e1s bajas.<\/h3>\n<h3>La Red de Estaciones Meteorol\u00f3gicas de la Provincia (REM) inform\u00f3 que al ranking lo encabeza San Mart\u00edn con -9,7\u00baC y le siguen Concar\u00e1n, Villa de Praga, Naschel, Santa Rosa y Tilisarao entre otros. Todas est\u00e1n localidades se encuentran bajo alerta por fr\u00edo extremo seg\u00fan un informe del Servicio Meteorol\u00f3gico Nacional vigente hasta las 18:17 de este mi\u00e9rcoles y que abarca a las zonas bajas de los departamentos Ayacucho, San Mart\u00edn, Jun\u00edn y Chacabuco.<\/h3>\n<p><img fetchpriority=\"high\" decoding=\"async\" class=\"wp-image-18386 aligncenter\" src=\"https:\/\/apuntesdesanluis.com\/wp-content\/uploads\/2024\/06\/CLIMA-REM-265x300.png\" alt=\"\" width=\"589\" height=\"667\" srcset=\"https:\/\/apuntesdesanluis.com\/wp-content\/uploads\/2024\/06\/CLIMA-REM-265x300.png 265w, https:\/\/apuntesdesanluis.com\/wp-content\/uploads\/2024\/06\/CLIMA-REM.png 493w\" sizes=\"(max-width: 589px) 100vw, 589px\" \/><\/p>\n<h3><span style=\"color: #3366ff;\"><strong>PRON\u00d3STICO<\/strong><\/span><\/h3>\n<h3><strong>Jueves 27 <\/strong><\/h3>\n<h3>Jornada ventosa, heladas parciales y ascenso de las temperaturas. El cielo estar\u00e1 mayormente despejado con intervalos nubosos. En promedio, se esperan m\u00ednimas de 4\u00b0C y m\u00e1ximas de 19\u00b0C. El viento ser\u00e1 del noroeste con r\u00e1fagas fuertes en el norte y centro provincial, rotando al sur por la noche.<\/h3>\n<h3><strong>Viernes 28 <\/strong><\/h3>\n<h3>Jornada algo ventosa con marcado descenso de las temperaturas. El cielo estar\u00e1 mayormente despejado con intervalos nubosos en la regi\u00f3n norte. En promedio, se esperan m\u00ednimas de 0\u00b0C, m\u00e1ximas de 10\u00b0C. El viento ser\u00e1 del sector sur con r\u00e1fagas muy fuertes en la regi\u00f3n norte.<\/h3>\n<h3><strong>S\u00e1bado 29 <\/strong><\/h3>\n<h3>Jornada con heladas generalizadas y leve ascenso de las temperaturas m\u00e1ximas. El cielo estar\u00e1 de mayormente despejado a parcialmente nublado por la noche. En promedio, se esperan m\u00ednimas de -2\u00b0C y m\u00e1ximas de 13\u00b0C. El viento ser\u00e1 de direcciones variables.<\/h3>\n<h3><\/h3>\n<h3><\/h3>\n<p>&nbsp;<\/p>\n","protected":false},"excerpt":{"rendered":"<p>Al menos 30 localidades y parajes de San Luis registraron temperaturas extremas. A la ciudad&#8230;<\/p>\n","protected":false},"author":1,"featured_media":18385,"comment_status":"closed","ping_status":"closed","sticky":false,"template":"","format":"standard","meta":{"footnotes":""},"categories":[6],"tags":[],"class_list":["post-18384","post","type-post","status-publish","format-standard","has-post-thumbnail","hentry","category-ciudad-provincia"],"yoast_head":"<!-- This site is optimized with the Yoast SEO plugin v26.1.1 - https:\/\/yoast.com\/wordpress\/plugins\/seo\/ -->\n<title>EN EL D\u00cdA M\u00c1S FR\u00cdO DEL A\u00d1O, SAN MART\u00cdN REGISTR\u00d3 -9,7\u00baC - Apuntes de San Luis<\/title>\n<meta name=\"robots\" content=\"index, follow, max-snippet:-1, max-image-preview:large, max-video-preview:-1\" \/>\n<link rel=\"canonical\" href=\"https:\/\/apuntesdesanluis.com\/index.php\/2024\/06\/26\/en-el-dia-mas-frio-del-ano-san-martin-registro-97oc\/\" \/>\n<meta property=\"og:locale\" content=\"es_ES\" \/>\n<meta property=\"og:type\" content=\"article\" \/>\n<meta property=\"og:title\" content=\"EN EL D\u00cdA M\u00c1S FR\u00cdO DEL A\u00d1O, SAN MART\u00cdN REGISTR\u00d3 -9,7\u00baC - Apuntes de San Luis\" \/>\n<meta property=\"og:description\" content=\"Al menos 30 localidades y parajes de San Luis registraron temperaturas extremas. A la ciudad...\" \/>\n<meta property=\"og:url\" content=\"https:\/\/apuntesdesanluis.com\/index.php\/2024\/06\/26\/en-el-dia-mas-frio-del-ano-san-martin-registro-97oc\/\" \/>\n<meta property=\"og:site_name\" content=\"Apuntes de San Luis\" \/>\n<meta property=\"article:published_time\" content=\"2024-06-26T22:03:44+00:00\" \/>\n<meta property=\"og:image\" content=\"https:\/\/apuntesdesanluis.com\/wp-content\/uploads\/2024\/06\/SAN-MARTIN-SIERRAS.png\" \/>\n\t<meta property=\"og:image:width\" content=\"587\" \/>\n\t<meta property=\"og:image:height\" content=\"345\" \/>\n\t<meta property=\"og:image:type\" content=\"image\/png\" \/>\n<meta name=\"author\" content=\"apuntesdesanluis.com\" \/>\n<meta name=\"twitter:card\" content=\"summary_large_image\" \/>\n<meta name=\"twitter:label1\" content=\"Escrito por\" \/>\n\t<meta name=\"twitter:data1\" content=\"apuntesdesanluis.com\" \/>\n\t<meta name=\"twitter:label2\" content=\"Tiempo de lectura\" \/>\n\t<meta name=\"twitter:data2\" content=\"2 minutos\" \/>\n<script type=\"application\/ld+json\" class=\"yoast-schema-graph\">{\"@context\":\"https:\/\/schema.org\",\"@graph\":[{\"@type\":\"Article\",\"@id\":\"https:\/\/apuntesdesanluis.com\/index.php\/2024\/06\/26\/en-el-dia-mas-frio-del-ano-san-martin-registro-97oc\/#article\",\"isPartOf\":{\"@id\":\"https:\/\/apuntesdesanluis.com\/index.php\/2024\/06\/26\/en-el-dia-mas-frio-del-ano-san-martin-registro-97oc\/\"},\"author\":{\"name\":\"apuntesdesanluis.com\",\"@id\":\"https:\/\/apuntesdesanluis.com\/#\/schema\/person\/b55151d52296fcce64d1a72538a70b90\"},\"headline\":\"EN EL D\u00cdA M\u00c1S FR\u00cdO DEL A\u00d1O, SAN MART\u00cdN REGISTR\u00d3 -9,7\u00baC\",\"datePublished\":\"2024-06-26T22:03:44+00:00\",\"mainEntityOfPage\":{\"@id\":\"https:\/\/apuntesdesanluis.com\/index.php\/2024\/06\/26\/en-el-dia-mas-frio-del-ano-san-martin-registro-97oc\/\"},\"wordCount\":386,\"publisher\":{\"@id\":\"https:\/\/apuntesdesanluis.com\/#\/schema\/person\/b55151d52296fcce64d1a72538a70b90\"},\"image\":{\"@id\":\"https:\/\/apuntesdesanluis.com\/index.php\/2024\/06\/26\/en-el-dia-mas-frio-del-ano-san-martin-registro-97oc\/#primaryimage\"},\"thumbnailUrl\":\"https:\/\/apuntesdesanluis.com\/wp-content\/uploads\/2024\/06\/SAN-MARTIN-SIERRAS.png\",\"articleSection\":[\"Ciudad\/Provincia\"],\"inLanguage\":\"es-AR\"},{\"@type\":\"WebPage\",\"@id\":\"https:\/\/apuntesdesanluis.com\/index.php\/2024\/06\/26\/en-el-dia-mas-frio-del-ano-san-martin-registro-97oc\/\",\"url\":\"https:\/\/apuntesdesanluis.com\/index.php\/2024\/06\/26\/en-el-dia-mas-frio-del-ano-san-martin-registro-97oc\/\",\"name\":\"EN EL D\u00cdA M\u00c1S FR\u00cdO DEL A\u00d1O, SAN MART\u00cdN REGISTR\u00d3 -9,7\u00baC - Apuntes de San Luis\",\"isPartOf\":{\"@id\":\"https:\/\/apuntesdesanluis.com\/#website\"},\"primaryImageOfPage\":{\"@id\":\"https:\/\/apuntesdesanluis.com\/index.php\/2024\/06\/26\/en-el-dia-mas-frio-del-ano-san-martin-registro-97oc\/#primaryimage\"},\"image\":{\"@id\":\"https:\/\/apuntesdesanluis.com\/index.php\/2024\/06\/26\/en-el-dia-mas-frio-del-ano-san-martin-registro-97oc\/#primaryimage\"},\"thumbnailUrl\":\"https:\/\/apuntesdesanluis.com\/wp-content\/uploads\/2024\/06\/SAN-MARTIN-SIERRAS.png\",\"datePublished\":\"2024-06-26T22:03:44+00:00\",\"breadcrumb\":{\"@id\":\"https:\/\/apuntesdesanluis.com\/index.php\/2024\/06\/26\/en-el-dia-mas-frio-del-ano-san-martin-registro-97oc\/#breadcrumb\"},\"inLanguage\":\"es-AR\",\"potentialAction\":[{\"@type\":\"ReadAction\",\"target\":[\"https:\/\/apuntesdesanluis.com\/index.php\/2024\/06\/26\/en-el-dia-mas-frio-del-ano-san-martin-registro-97oc\/\"]}]},{\"@type\":\"ImageObject\",\"inLanguage\":\"es-AR\",\"@id\":\"https:\/\/apuntesdesanluis.com\/index.php\/2024\/06\/26\/en-el-dia-mas-frio-del-ano-san-martin-registro-97oc\/#primaryimage\",\"url\":\"https:\/\/apuntesdesanluis.com\/wp-content\/uploads\/2024\/06\/SAN-MARTIN-SIERRAS.png\",\"contentUrl\":\"https:\/\/apuntesdesanluis.com\/wp-content\/uploads\/2024\/06\/SAN-MARTIN-SIERRAS.png\",\"width\":587,\"height\":345},{\"@type\":\"BreadcrumbList\",\"@id\":\"https:\/\/apuntesdesanluis.com\/index.php\/2024\/06\/26\/en-el-dia-mas-frio-del-ano-san-martin-registro-97oc\/#breadcrumb\",\"itemListElement\":[{\"@type\":\"ListItem\",\"position\":1,\"name\":\"Inicio\",\"item\":\"https:\/\/apuntesdesanluis.com\/\"},{\"@type\":\"ListItem\",\"position\":2,\"name\":\"EN EL D\u00cdA M\u00c1S FR\u00cdO DEL A\u00d1O, SAN MART\u00cdN REGISTR\u00d3 -9,7\u00baC\"}]},{\"@type\":\"WebSite\",\"@id\":\"https:\/\/apuntesdesanluis.com\/#website\",\"url\":\"https:\/\/apuntesdesanluis.com\/\",\"name\":\"Apuntes de San Luis\",\"description\":\"\",\"publisher\":{\"@id\":\"https:\/\/apuntesdesanluis.com\/#\/schema\/person\/b55151d52296fcce64d1a72538a70b90\"},\"potentialAction\":[{\"@type\":\"SearchAction\",\"target\":{\"@type\":\"EntryPoint\",\"urlTemplate\":\"https:\/\/apuntesdesanluis.com\/?s={search_term_string}\"},\"query-input\":{\"@type\":\"PropertyValueSpecification\",\"valueRequired\":true,\"valueName\":\"search_term_string\"}}],\"inLanguage\":\"es-AR\"},{\"@type\":[\"Person\",\"Organization\"],\"@id\":\"https:\/\/apuntesdesanluis.com\/#\/schema\/person\/b55151d52296fcce64d1a72538a70b90\",\"name\":\"apuntesdesanluis.com\",\"image\":{\"@type\":\"ImageObject\",\"inLanguage\":\"es-AR\",\"@id\":\"https:\/\/apuntesdesanluis.com\/#\/schema\/person\/image\/\",\"url\":\"https:\/\/apuntesdesanluis.com\/wp-content\/uploads\/2023\/07\/cropped-apuntesdesanluis.png\",\"contentUrl\":\"https:\/\/apuntesdesanluis.com\/wp-content\/uploads\/2023\/07\/cropped-apuntesdesanluis.png\",\"width\":450,\"height\":112,\"caption\":\"apuntesdesanluis.com\"},\"logo\":{\"@id\":\"https:\/\/apuntesdesanluis.com\/#\/schema\/person\/image\/\"},\"sameAs\":[\"https:\/\/apuntesdesanluis.com\"],\"url\":\"https:\/\/apuntesdesanluis.com\/index.php\/author\/apuntesdesanluis-com\/\"}]}<\/script>\n<!-- \/ Yoast SEO plugin. -->","yoast_head_json":{"title":"EN EL D\u00cdA M\u00c1S FR\u00cdO DEL A\u00d1O, SAN MART\u00cdN REGISTR\u00d3 -9,7\u00baC - Apuntes de San Luis","robots":{"index":"index","follow":"follow","max-snippet":"max-snippet:-1","max-image-preview":"max-image-preview:large","max-video-preview":"max-video-preview:-1"},"canonical":"https:\/\/apuntesdesanluis.com\/index.php\/2024\/06\/26\/en-el-dia-mas-frio-del-ano-san-martin-registro-97oc\/","og_locale":"es_ES","og_type":"article","og_title":"EN EL D\u00cdA M\u00c1S FR\u00cdO DEL A\u00d1O, SAN MART\u00cdN REGISTR\u00d3 -9,7\u00baC - Apuntes de San Luis","og_description":"Al menos 30 localidades y parajes de San Luis registraron temperaturas extremas. A la ciudad...","og_url":"https:\/\/apuntesdesanluis.com\/index.php\/2024\/06\/26\/en-el-dia-mas-frio-del-ano-san-martin-registro-97oc\/","og_site_name":"Apuntes de San Luis","article_published_time":"2024-06-26T22:03:44+00:00","og_image":[{"width":587,"height":345,"url":"https:\/\/apuntesdesanluis.com\/wp-content\/uploads\/2024\/06\/SAN-MARTIN-SIERRAS.png","type":"image\/png"}],"author":"apuntesdesanluis.com","twitter_card":"summary_large_image","twitter_misc":{"Escrito por":"apuntesdesanluis.com","Tiempo de lectura":"2 minutos"},"schema":{"@context":"https:\/\/schema.org","@graph":[{"@type":"Article","@id":"https:\/\/apuntesdesanluis.com\/index.php\/2024\/06\/26\/en-el-dia-mas-frio-del-ano-san-martin-registro-97oc\/#article","isPartOf":{"@id":"https:\/\/apuntesdesanluis.com\/index.php\/2024\/06\/26\/en-el-dia-mas-frio-del-ano-san-martin-registro-97oc\/"},"author":{"name":"apuntesdesanluis.com","@id":"https:\/\/apuntesdesanluis.com\/#\/schema\/person\/b55151d52296fcce64d1a72538a70b90"},"headline":"EN EL D\u00cdA M\u00c1S FR\u00cdO DEL A\u00d1O, SAN MART\u00cdN REGISTR\u00d3 -9,7\u00baC","datePublished":"2024-06-26T22:03:44+00:00","mainEntityOfPage":{"@id":"https:\/\/apuntesdesanluis.com\/index.php\/2024\/06\/26\/en-el-dia-mas-frio-del-ano-san-martin-registro-97oc\/"},"wordCount":386,"publisher":{"@id":"https:\/\/apuntesdesanluis.com\/#\/schema\/person\/b55151d52296fcce64d1a72538a70b90"},"image":{"@id":"https:\/\/apuntesdesanluis.com\/index.php\/2024\/06\/26\/en-el-dia-mas-frio-del-ano-san-martin-registro-97oc\/#primaryimage"},"thumbnailUrl":"https:\/\/apuntesdesanluis.com\/wp-content\/uploads\/2024\/06\/SAN-MARTIN-SIERRAS.png","articleSection":["Ciudad\/Provincia"],"inLanguage":"es-AR"},{"@type":"WebPage","@id":"https:\/\/apuntesdesanluis.com\/index.php\/2024\/06\/26\/en-el-dia-mas-frio-del-ano-san-martin-registro-97oc\/","url":"https:\/\/apuntesdesanluis.com\/index.php\/2024\/06\/26\/en-el-dia-mas-frio-del-ano-san-martin-registro-97oc\/","name":"EN EL D\u00cdA M\u00c1S FR\u00cdO DEL A\u00d1O, SAN MART\u00cdN REGISTR\u00d3 -9,7\u00baC - Apuntes de San Luis","isPartOf":{"@id":"https:\/\/apuntesdesanluis.com\/#website"},"primaryImageOfPage":{"@id":"https:\/\/apuntesdesanluis.com\/index.php\/2024\/06\/26\/en-el-dia-mas-frio-del-ano-san-martin-registro-97oc\/#primaryimage"},"image":{"@id":"https:\/\/apuntesdesanluis.com\/index.php\/2024\/06\/26\/en-el-dia-mas-frio-del-ano-san-martin-registro-97oc\/#primaryimage"},"thumbnailUrl":"https:\/\/apuntesdesanluis.com\/wp-content\/uploads\/2024\/06\/SAN-MARTIN-SIERRAS.png","datePublished":"2024-06-26T22:03:44+00:00","breadcrumb":{"@id":"https:\/\/apuntesdesanluis.com\/index.php\/2024\/06\/26\/en-el-dia-mas-frio-del-ano-san-martin-registro-97oc\/#breadcrumb"},"inLanguage":"es-AR","potentialAction":[{"@type":"ReadAction","target":["https:\/\/apuntesdesanluis.com\/index.php\/2024\/06\/26\/en-el-dia-mas-frio-del-ano-san-martin-registro-97oc\/"]}]},{"@type":"ImageObject","inLanguage":"es-AR","@id":"https:\/\/apuntesdesanluis.com\/index.php\/2024\/06\/26\/en-el-dia-mas-frio-del-ano-san-martin-registro-97oc\/#primaryimage","url":"https:\/\/apuntesdesanluis.com\/wp-content\/uploads\/2024\/06\/SAN-MARTIN-SIERRAS.png","contentUrl":"https:\/\/apuntesdesanluis.com\/wp-content\/uploads\/2024\/06\/SAN-MARTIN-SIERRAS.png","width":587,"height":345},{"@type":"BreadcrumbList","@id":"https:\/\/apuntesdesanluis.com\/index.php\/2024\/06\/26\/en-el-dia-mas-frio-del-ano-san-martin-registro-97oc\/#breadcrumb","itemListElement":[{"@type":"ListItem","position":1,"name":"Inicio","item":"https:\/\/apuntesdesanluis.com\/"},{"@type":"ListItem","position":2,"name":"EN EL D\u00cdA M\u00c1S FR\u00cdO DEL A\u00d1O, SAN MART\u00cdN REGISTR\u00d3 -9,7\u00baC"}]},{"@type":"WebSite","@id":"https:\/\/apuntesdesanluis.com\/#website","url":"https:\/\/apuntesdesanluis.com\/","name":"Apuntes de San Luis","description":"","publisher":{"@id":"https:\/\/apuntesdesanluis.com\/#\/schema\/person\/b55151d52296fcce64d1a72538a70b90"},"potentialAction":[{"@type":"SearchAction","target":{"@type":"EntryPoint","urlTemplate":"https:\/\/apuntesdesanluis.com\/?s={search_term_string}"},"query-input":{"@type":"PropertyValueSpecification","valueRequired":true,"valueName":"search_term_string"}}],"inLanguage":"es-AR"},{"@type":["Person","Organization"],"@id":"https:\/\/apuntesdesanluis.com\/#\/schema\/person\/b55151d52296fcce64d1a72538a70b90","name":"apuntesdesanluis.com","image":{"@type":"ImageObject","inLanguage":"es-AR","@id":"https:\/\/apuntesdesanluis.com\/#\/schema\/person\/image\/","url":"https:\/\/apuntesdesanluis.com\/wp-content\/uploads\/2023\/07\/cropped-apuntesdesanluis.png","contentUrl":"https:\/\/apuntesdesanluis.com\/wp-content\/uploads\/2023\/07\/cropped-apuntesdesanluis.png","width":450,"height":112,"caption":"apuntesdesanluis.com"},"logo":{"@id":"https:\/\/apuntesdesanluis.com\/#\/schema\/person\/image\/"},"sameAs":["https:\/\/apuntesdesanluis.com"],"url":"https:\/\/apuntesdesanluis.com\/index.php\/author\/apuntesdesanluis-com\/"}]}},"featured_image_urls":{"full":["https:\/\/apuntesdesanluis.com\/wp-content\/uploads\/2024\/06\/SAN-MARTIN-SIERRAS.png",587,345,false],"thumbnail":["https:\/\/apuntesdesanluis.com\/wp-content\/uploads\/2024\/06\/SAN-MARTIN-SIERRAS-150x150.png",150,150,true],"medium":["https:\/\/apuntesdesanluis.com\/wp-content\/uploads\/2024\/06\/SAN-MARTIN-SIERRAS-300x176.png",300,176,true],"medium_large":["https:\/\/apuntesdesanluis.com\/wp-content\/uploads\/2024\/06\/SAN-MARTIN-SIERRAS.png",587,345,false],"large":["https:\/\/apuntesdesanluis.com\/wp-content\/uploads\/2024\/06\/SAN-MARTIN-SIERRAS.png",587,345,false],"1536x1536":["https:\/\/apuntesdesanluis.com\/wp-content\/uploads\/2024\/06\/SAN-MARTIN-SIERRAS.png",587,345,false],"2048x2048":["https:\/\/apuntesdesanluis.com\/wp-content\/uploads\/2024\/06\/SAN-MARTIN-SIERRAS.png",587,345,false],"newsever-slider-full":["https:\/\/apuntesdesanluis.com\/wp-content\/uploads\/2024\/06\/SAN-MARTIN-SIERRAS.png",587,345,false],"newsever-featured":["https:\/\/apuntesdesanluis.com\/wp-content\/uploads\/2024\/06\/SAN-MARTIN-SIERRAS.png",587,345,false],"newsever-medium":["https:\/\/apuntesdesanluis.com\/wp-content\/uploads\/2024\/06\/SAN-MARTIN-SIERRAS.png",587,345,false]},"author_info":{"display_name":"apuntesdesanluis.com","author_link":"https:\/\/apuntesdesanluis.com\/index.php\/author\/apuntesdesanluis-com\/"},"category_info":"<a href=\"https:\/\/apuntesdesanluis.com\/index.php\/category\/ciudad-provincia\/\" rel=\"category tag\">Ciudad\/Provincia<\/a>","tag_info":"Ciudad\/Provincia","comment_count":"0","_links":{"self":[{"href":"https:\/\/apuntesdesanluis.com\/index.php\/wp-json\/wp\/v2\/posts\/18384","targetHints":{"allow":["GET"]}}],"collection":[{"href":"https:\/\/apuntesdesanluis.com\/index.php\/wp-json\/wp\/v2\/posts"}],"about":[{"href":"https:\/\/apuntesdesanluis.com\/index.php\/wp-json\/wp\/v2\/types\/post"}],"author":[{"embeddable":true,"href":"https:\/\/apuntesdesanluis.com\/index.php\/wp-json\/wp\/v2\/users\/1"}],"replies":[{"embeddable":true,"href":"https:\/\/apuntesdesanluis.com\/index.php\/wp-json\/wp\/v2\/comments?post=18384"}],"version-history":[{"count":1,"href":"https:\/\/apuntesdesanluis.com\/index.php\/wp-json\/wp\/v2\/posts\/18384\/revisions"}],"predecessor-version":[{"id":18387,"href":"https:\/\/apuntesdesanluis.com\/index.php\/wp-json\/wp\/v2\/posts\/18384\/revisions\/18387"}],"wp:featuredmedia":[{"embeddable":true,"href":"https:\/\/apuntesdesanluis.com\/index.php\/wp-json\/wp\/v2\/media\/18385"}],"wp:attachment":[{"href":"https:\/\/apuntesdesanluis.com\/index.php\/wp-json\/wp\/v2\/media?parent=18384"}],"wp:term":[{"taxonomy":"category","embeddable":true,"href":"https:\/\/apuntesdesanluis.com\/index.php\/wp-json\/wp\/v2\/categories?post=18384"},{"taxonomy":"post_tag","embeddable":true,"href":"https:\/\/apuntesdesanluis.com\/index.php\/wp-json\/wp\/v2\/tags?post=18384"}],"curies":[{"name":"wp","href":"https:\/\/api.w.org\/{rel}","templated":true}]}}