{"id":18388,"date":"2024-06-26T19:30:17","date_gmt":"2024-06-26T22:30:17","guid":{"rendered":"https:\/\/apuntesdesanluis.com\/?p=18388"},"modified":"2024-06-26T19:30:17","modified_gmt":"2024-06-26T22:30:17","slug":"regreso-el-villamercedino-alvaro-matricardi-campeon-sudamericano-de-levantamiento-olimpico","status":"publish","type":"post","link":"https:\/\/apuntesdesanluis.com\/index.php\/2024\/06\/26\/regreso-el-villamercedino-alvaro-matricardi-campeon-sudamericano-de-levantamiento-olimpico\/","title":{"rendered":"REGRES\u00d3 EL VILLAMERCEDINO \u00c1LVARO MATRICARDI, CAMPE\u00d3N SUDAMERICANO DE LEVANTAMIENTO OL\u00cdMPICO"},"content":{"rendered":"<h3>El flamante ganador sudamericano de levantamiento ol\u00edmpico regres\u00f3 de Colombia y pas\u00f3 por la Secretar\u00eda de Deportes de la provincia para mostrar las tres medallas conseguidas en la ciudad de Palmira, en las especialidades arranque, envi\u00f3n y sumatoria total, y compartir su alegr\u00eda por el logro alcanzado.<\/h3>\n<h3><img fetchpriority=\"high\" decoding=\"async\" class=\"wp-image-18390 aligncenter\" src=\"https:\/\/apuntesdesanluis.com\/wp-content\/uploads\/2024\/06\/alvaro-en-reunion-300x162.png\" alt=\"\" width=\"648\" height=\"350\" srcset=\"https:\/\/apuntesdesanluis.com\/wp-content\/uploads\/2024\/06\/alvaro-en-reunion-300x162.png 300w, https:\/\/apuntesdesanluis.com\/wp-content\/uploads\/2024\/06\/alvaro-en-reunion.png 600w\" sizes=\"(max-width: 648px) 100vw, 648px\" \/><\/h3>\n<h3><strong>\u00c1lvaro Matricardi<\/strong>, pesista nacido en Villa Mercedes de apenas 15 a\u00f1os, retorn\u00f3 a San Luis desde la ciudad de Palmira, Colombia, tras haberse consagrado campe\u00f3n sudamericano de levantamiento ol\u00edmpico.<\/h3>\n<h3>El joven visit\u00f3 la secretar\u00eda de Deportes para exhibir sus medallas y compartir su conquista, acompa\u00f1ado por sus padres Gustavo Matricardi y Natalia Lewandoski, su hermano Ramiro y los entrenadores Andr\u00e9s Yonzo, Anah\u00ed Morales y Mauricio Sosa. Nicol\u00e1s Cantarutti, su director t\u00e9cnico, se qued\u00f3 en Buenos Aires por compromisos pactados con anterioridad.<\/h3>\n<h3>\u00c1lvaro mostr\u00f3 toda su felicidad por las tres medallas de oro colgadas en su pecho y sobre su buzo celeste y blanco en representaci\u00f3n de la Selecci\u00f3n Argentina.<\/h3>\n<div style=\"width: 480px;\" class=\"wp-video\"><!--[if lt IE 9]><script>document.createElement('video');<\/script><![endif]-->\n<video class=\"wp-video-shortcode\" id=\"video-18388-1\" width=\"480\" height=\"848\" preload=\"metadata\" controls=\"controls\"><source type=\"video\/mp4\" src=\"https:\/\/apuntesdesanluis.com\/wp-content\/uploads\/2024\/06\/mATRICARDI.mp4?_=1\" \/><a href=\"https:\/\/apuntesdesanluis.com\/wp-content\/uploads\/2024\/06\/mATRICARDI.mp4\">https:\/\/apuntesdesanluis.com\/wp-content\/uploads\/2024\/06\/mATRICARDI.mp4<\/a><\/video><\/div>\n<h3>El deportista se llev\u00f3 la presea dorada en las disciplinas arranque, envi\u00f3n y sumatoria total de la categor\u00eda hasta 55 kilogramos, y destac\u00f3 que \u201ces un logro muy importante\u201d para su carrera y para toda la gente que lo apoya. \u201cEstoy muy contento porque adem\u00e1s pude cumplir con el objetivo que nos hab\u00edamos propuesto\u201d.<\/h3>\n<h3>Al referirse al nivel de la competencia, \u00c1lvaro dijo que \u201cal salir del pa\u00eds, todas las competencias son dif\u00edciles por el nivel que presentan los rivales, principalmente los colombianos y algunos de otros pa\u00edses americanos. Pude meter 77 kilogramos en arranque y 97 kilogramos en envi\u00f3n, lo que me permiti\u00f3 ganar la competencia total. Pude cumplir con este objetivo por el esfuerzo y sacrificio que realic\u00e9, dejando cosas de lado y dedic\u00e1ndome mucho a entrenar\u201d.<\/h3>\n<h3>A su vez, el joven hizo una menci\u00f3n especial de agradecimiento a la secretar\u00eda de Deportes por \u201capoyarme siempre y desde un primer momento\u201d, y extendi\u00f3 su gratitud a la Asociaci\u00f3n Civil de Pesas San Luis, a sus compa\u00f1eros del gimnasio de Villa Mercedes, a sus entrenadores, familia y \u201ca la gente de la Selecci\u00f3n Argentina que nos brindaron un excelente viaje y nos dieron una experiencia inolvidable\u201d.<\/h3>\n<h3>Por otra parte, destac\u00f3 que su pr\u00f3xima competencia ser\u00e1 en noviembre, en el Campeonato Nacional en Bariloche. \u201cIgualmente, tambi\u00e9n le estoy apuntando al Mundial que se har\u00e1 en Argentina en 2026\u201d, cerr\u00f3 Matricardi, minutos antes de emprender regreso a su Villa Mercedes natal.<\/h3>\n<p><img decoding=\"async\" class=\"wp-image-18392 aligncenter\" src=\"https:\/\/apuntesdesanluis.com\/wp-content\/uploads\/2024\/06\/alvaro-tapa-300x177.png\" alt=\"\" width=\"678\" height=\"400\" srcset=\"https:\/\/apuntesdesanluis.com\/wp-content\/uploads\/2024\/06\/alvaro-tapa-300x177.png 300w, https:\/\/apuntesdesanluis.com\/wp-content\/uploads\/2024\/06\/alvaro-tapa.png 667w\" sizes=\"(max-width: 678px) 100vw, 678px\" \/><\/p>\n<p>&nbsp;<\/p>\n<p>&nbsp;<\/p>\n<p>&nbsp;<\/p>\n<p>&nbsp;<\/p>\n<p>&nbsp;<\/p>\n<p>&nbsp;<\/p>\n","protected":false},"excerpt":{"rendered":"<p>El flamante ganador sudamericano de levantamiento ol\u00edmpico regres\u00f3 de Colombia y pas\u00f3 por la Secretar\u00eda&#8230;<\/p>\n","protected":false},"author":1,"featured_media":18389,"comment_status":"closed","ping_status":"closed","sticky":false,"template":"","format":"standard","meta":{"footnotes":""},"categories":[6],"tags":[],"class_list":["post-18388","post","type-post","status-publish","format-standard","has-post-thumbnail","hentry","category-ciudad-provincia"],"yoast_head":"<!-- This site is optimized with the Yoast SEO plugin v26.1.1 - https:\/\/yoast.com\/wordpress\/plugins\/seo\/ -->\n<title>REGRES\u00d3 EL VILLAMERCEDINO \u00c1LVARO MATRICARDI, CAMPE\u00d3N SUDAMERICANO DE LEVANTAMIENTO OL\u00cdMPICO - Apuntes de San Luis<\/title>\n<meta name=\"robots\" content=\"index, follow, max-snippet:-1, max-image-preview:large, max-video-preview:-1\" \/>\n<link rel=\"canonical\" href=\"https:\/\/apuntesdesanluis.com\/index.php\/2024\/06\/26\/regreso-el-villamercedino-alvaro-matricardi-campeon-sudamericano-de-levantamiento-olimpico\/\" \/>\n<meta property=\"og:locale\" content=\"es_ES\" \/>\n<meta property=\"og:type\" content=\"article\" \/>\n<meta property=\"og:title\" content=\"REGRES\u00d3 EL VILLAMERCEDINO \u00c1LVARO MATRICARDI, CAMPE\u00d3N SUDAMERICANO DE LEVANTAMIENTO OL\u00cdMPICO - Apuntes de San Luis\" \/>\n<meta property=\"og:description\" content=\"El flamante ganador sudamericano de levantamiento ol\u00edmpico regres\u00f3 de Colombia y pas\u00f3 por la Secretar\u00eda...\" \/>\n<meta property=\"og:url\" content=\"https:\/\/apuntesdesanluis.com\/index.php\/2024\/06\/26\/regreso-el-villamercedino-alvaro-matricardi-campeon-sudamericano-de-levantamiento-olimpico\/\" \/>\n<meta property=\"og:site_name\" content=\"Apuntes de San Luis\" \/>\n<meta property=\"article:published_time\" content=\"2024-06-26T22:30:17+00:00\" \/>\n<meta property=\"og:image\" content=\"https:\/\/apuntesdesanluis.com\/wp-content\/uploads\/2024\/06\/alvaro-y-medallas.png\" \/>\n\t<meta property=\"og:image:width\" content=\"600\" \/>\n\t<meta property=\"og:image:height\" content=\"392\" \/>\n\t<meta property=\"og:image:type\" content=\"image\/png\" \/>\n<meta name=\"author\" content=\"apuntesdesanluis.com\" \/>\n<meta name=\"twitter:card\" content=\"summary_large_image\" \/>\n<meta name=\"twitter:label1\" content=\"Escrito por\" \/>\n\t<meta name=\"twitter:data1\" content=\"apuntesdesanluis.com\" \/>\n\t<meta name=\"twitter:label2\" content=\"Tiempo de lectura\" \/>\n\t<meta name=\"twitter:data2\" content=\"3 minutos\" \/>\n<script type=\"application\/ld+json\" class=\"yoast-schema-graph\">{\"@context\":\"https:\/\/schema.org\",\"@graph\":[{\"@type\":\"Article\",\"@id\":\"https:\/\/apuntesdesanluis.com\/index.php\/2024\/06\/26\/regreso-el-villamercedino-alvaro-matricardi-campeon-sudamericano-de-levantamiento-olimpico\/#article\",\"isPartOf\":{\"@id\":\"https:\/\/apuntesdesanluis.com\/index.php\/2024\/06\/26\/regreso-el-villamercedino-alvaro-matricardi-campeon-sudamericano-de-levantamiento-olimpico\/\"},\"author\":{\"name\":\"apuntesdesanluis.com\",\"@id\":\"https:\/\/apuntesdesanluis.com\/#\/schema\/person\/b55151d52296fcce64d1a72538a70b90\"},\"headline\":\"REGRES\u00d3 EL VILLAMERCEDINO \u00c1LVARO MATRICARDI, CAMPE\u00d3N SUDAMERICANO DE LEVANTAMIENTO OL\u00cdMPICO\",\"datePublished\":\"2024-06-26T22:30:17+00:00\",\"mainEntityOfPage\":{\"@id\":\"https:\/\/apuntesdesanluis.com\/index.php\/2024\/06\/26\/regreso-el-villamercedino-alvaro-matricardi-campeon-sudamericano-de-levantamiento-olimpico\/\"},\"wordCount\":451,\"publisher\":{\"@id\":\"https:\/\/apuntesdesanluis.com\/#\/schema\/person\/b55151d52296fcce64d1a72538a70b90\"},\"image\":{\"@id\":\"https:\/\/apuntesdesanluis.com\/index.php\/2024\/06\/26\/regreso-el-villamercedino-alvaro-matricardi-campeon-sudamericano-de-levantamiento-olimpico\/#primaryimage\"},\"thumbnailUrl\":\"https:\/\/apuntesdesanluis.com\/wp-content\/uploads\/2024\/06\/alvaro-y-medallas.png\",\"articleSection\":[\"Ciudad\/Provincia\"],\"inLanguage\":\"es-AR\"},{\"@type\":\"WebPage\",\"@id\":\"https:\/\/apuntesdesanluis.com\/index.php\/2024\/06\/26\/regreso-el-villamercedino-alvaro-matricardi-campeon-sudamericano-de-levantamiento-olimpico\/\",\"url\":\"https:\/\/apuntesdesanluis.com\/index.php\/2024\/06\/26\/regreso-el-villamercedino-alvaro-matricardi-campeon-sudamericano-de-levantamiento-olimpico\/\",\"name\":\"REGRES\u00d3 EL VILLAMERCEDINO \u00c1LVARO MATRICARDI, CAMPE\u00d3N SUDAMERICANO DE LEVANTAMIENTO OL\u00cdMPICO - Apuntes de San Luis\",\"isPartOf\":{\"@id\":\"https:\/\/apuntesdesanluis.com\/#website\"},\"primaryImageOfPage\":{\"@id\":\"https:\/\/apuntesdesanluis.com\/index.php\/2024\/06\/26\/regreso-el-villamercedino-alvaro-matricardi-campeon-sudamericano-de-levantamiento-olimpico\/#primaryimage\"},\"image\":{\"@id\":\"https:\/\/apuntesdesanluis.com\/index.php\/2024\/06\/26\/regreso-el-villamercedino-alvaro-matricardi-campeon-sudamericano-de-levantamiento-olimpico\/#primaryimage\"},\"thumbnailUrl\":\"https:\/\/apuntesdesanluis.com\/wp-content\/uploads\/2024\/06\/alvaro-y-medallas.png\",\"datePublished\":\"2024-06-26T22:30:17+00:00\",\"breadcrumb\":{\"@id\":\"https:\/\/apuntesdesanluis.com\/index.php\/2024\/06\/26\/regreso-el-villamercedino-alvaro-matricardi-campeon-sudamericano-de-levantamiento-olimpico\/#breadcrumb\"},\"inLanguage\":\"es-AR\",\"potentialAction\":[{\"@type\":\"ReadAction\",\"target\":[\"https:\/\/apuntesdesanluis.com\/index.php\/2024\/06\/26\/regreso-el-villamercedino-alvaro-matricardi-campeon-sudamericano-de-levantamiento-olimpico\/\"]}]},{\"@type\":\"ImageObject\",\"inLanguage\":\"es-AR\",\"@id\":\"https:\/\/apuntesdesanluis.com\/index.php\/2024\/06\/26\/regreso-el-villamercedino-alvaro-matricardi-campeon-sudamericano-de-levantamiento-olimpico\/#primaryimage\",\"url\":\"https:\/\/apuntesdesanluis.com\/wp-content\/uploads\/2024\/06\/alvaro-y-medallas.png\",\"contentUrl\":\"https:\/\/apuntesdesanluis.com\/wp-content\/uploads\/2024\/06\/alvaro-y-medallas.png\",\"width\":600,\"height\":392},{\"@type\":\"BreadcrumbList\",\"@id\":\"https:\/\/apuntesdesanluis.com\/index.php\/2024\/06\/26\/regreso-el-villamercedino-alvaro-matricardi-campeon-sudamericano-de-levantamiento-olimpico\/#breadcrumb\",\"itemListElement\":[{\"@type\":\"ListItem\",\"position\":1,\"name\":\"Inicio\",\"item\":\"https:\/\/apuntesdesanluis.com\/\"},{\"@type\":\"ListItem\",\"position\":2,\"name\":\"REGRES\u00d3 EL VILLAMERCEDINO \u00c1LVARO MATRICARDI, CAMPE\u00d3N SUDAMERICANO DE LEVANTAMIENTO OL\u00cdMPICO\"}]},{\"@type\":\"WebSite\",\"@id\":\"https:\/\/apuntesdesanluis.com\/#website\",\"url\":\"https:\/\/apuntesdesanluis.com\/\",\"name\":\"Apuntes de San Luis\",\"description\":\"\",\"publisher\":{\"@id\":\"https:\/\/apuntesdesanluis.com\/#\/schema\/person\/b55151d52296fcce64d1a72538a70b90\"},\"potentialAction\":[{\"@type\":\"SearchAction\",\"target\":{\"@type\":\"EntryPoint\",\"urlTemplate\":\"https:\/\/apuntesdesanluis.com\/?s={search_term_string}\"},\"query-input\":{\"@type\":\"PropertyValueSpecification\",\"valueRequired\":true,\"valueName\":\"search_term_string\"}}],\"inLanguage\":\"es-AR\"},{\"@type\":[\"Person\",\"Organization\"],\"@id\":\"https:\/\/apuntesdesanluis.com\/#\/schema\/person\/b55151d52296fcce64d1a72538a70b90\",\"name\":\"apuntesdesanluis.com\",\"image\":{\"@type\":\"ImageObject\",\"inLanguage\":\"es-AR\",\"@id\":\"https:\/\/apuntesdesanluis.com\/#\/schema\/person\/image\/\",\"url\":\"https:\/\/apuntesdesanluis.com\/wp-content\/uploads\/2023\/07\/cropped-apuntesdesanluis.png\",\"contentUrl\":\"https:\/\/apuntesdesanluis.com\/wp-content\/uploads\/2023\/07\/cropped-apuntesdesanluis.png\",\"width\":450,\"height\":112,\"caption\":\"apuntesdesanluis.com\"},\"logo\":{\"@id\":\"https:\/\/apuntesdesanluis.com\/#\/schema\/person\/image\/\"},\"sameAs\":[\"https:\/\/apuntesdesanluis.com\"],\"url\":\"https:\/\/apuntesdesanluis.com\/index.php\/author\/apuntesdesanluis-com\/\"}]}<\/script>\n<!-- \/ Yoast SEO plugin. -->","yoast_head_json":{"title":"REGRES\u00d3 EL VILLAMERCEDINO \u00c1LVARO MATRICARDI, CAMPE\u00d3N SUDAMERICANO DE LEVANTAMIENTO OL\u00cdMPICO - Apuntes de San Luis","robots":{"index":"index","follow":"follow","max-snippet":"max-snippet:-1","max-image-preview":"max-image-preview:large","max-video-preview":"max-video-preview:-1"},"canonical":"https:\/\/apuntesdesanluis.com\/index.php\/2024\/06\/26\/regreso-el-villamercedino-alvaro-matricardi-campeon-sudamericano-de-levantamiento-olimpico\/","og_locale":"es_ES","og_type":"article","og_title":"REGRES\u00d3 EL VILLAMERCEDINO \u00c1LVARO MATRICARDI, CAMPE\u00d3N SUDAMERICANO DE LEVANTAMIENTO OL\u00cdMPICO - Apuntes de San Luis","og_description":"El flamante ganador sudamericano de levantamiento ol\u00edmpico regres\u00f3 de Colombia y pas\u00f3 por la Secretar\u00eda...","og_url":"https:\/\/apuntesdesanluis.com\/index.php\/2024\/06\/26\/regreso-el-villamercedino-alvaro-matricardi-campeon-sudamericano-de-levantamiento-olimpico\/","og_site_name":"Apuntes de San Luis","article_published_time":"2024-06-26T22:30:17+00:00","og_image":[{"width":600,"height":392,"url":"https:\/\/apuntesdesanluis.com\/wp-content\/uploads\/2024\/06\/alvaro-y-medallas.png","type":"image\/png"}],"author":"apuntesdesanluis.com","twitter_card":"summary_large_image","twitter_misc":{"Escrito por":"apuntesdesanluis.com","Tiempo de lectura":"3 minutos"},"schema":{"@context":"https:\/\/schema.org","@graph":[{"@type":"Article","@id":"https:\/\/apuntesdesanluis.com\/index.php\/2024\/06\/26\/regreso-el-villamercedino-alvaro-matricardi-campeon-sudamericano-de-levantamiento-olimpico\/#article","isPartOf":{"@id":"https:\/\/apuntesdesanluis.com\/index.php\/2024\/06\/26\/regreso-el-villamercedino-alvaro-matricardi-campeon-sudamericano-de-levantamiento-olimpico\/"},"author":{"name":"apuntesdesanluis.com","@id":"https:\/\/apuntesdesanluis.com\/#\/schema\/person\/b55151d52296fcce64d1a72538a70b90"},"headline":"REGRES\u00d3 EL VILLAMERCEDINO \u00c1LVARO MATRICARDI, CAMPE\u00d3N SUDAMERICANO DE LEVANTAMIENTO OL\u00cdMPICO","datePublished":"2024-06-26T22:30:17+00:00","mainEntityOfPage":{"@id":"https:\/\/apuntesdesanluis.com\/index.php\/2024\/06\/26\/regreso-el-villamercedino-alvaro-matricardi-campeon-sudamericano-de-levantamiento-olimpico\/"},"wordCount":451,"publisher":{"@id":"https:\/\/apuntesdesanluis.com\/#\/schema\/person\/b55151d52296fcce64d1a72538a70b90"},"image":{"@id":"https:\/\/apuntesdesanluis.com\/index.php\/2024\/06\/26\/regreso-el-villamercedino-alvaro-matricardi-campeon-sudamericano-de-levantamiento-olimpico\/#primaryimage"},"thumbnailUrl":"https:\/\/apuntesdesanluis.com\/wp-content\/uploads\/2024\/06\/alvaro-y-medallas.png","articleSection":["Ciudad\/Provincia"],"inLanguage":"es-AR"},{"@type":"WebPage","@id":"https:\/\/apuntesdesanluis.com\/index.php\/2024\/06\/26\/regreso-el-villamercedino-alvaro-matricardi-campeon-sudamericano-de-levantamiento-olimpico\/","url":"https:\/\/apuntesdesanluis.com\/index.php\/2024\/06\/26\/regreso-el-villamercedino-alvaro-matricardi-campeon-sudamericano-de-levantamiento-olimpico\/","name":"REGRES\u00d3 EL VILLAMERCEDINO \u00c1LVARO MATRICARDI, CAMPE\u00d3N SUDAMERICANO DE LEVANTAMIENTO OL\u00cdMPICO - Apuntes de San Luis","isPartOf":{"@id":"https:\/\/apuntesdesanluis.com\/#website"},"primaryImageOfPage":{"@id":"https:\/\/apuntesdesanluis.com\/index.php\/2024\/06\/26\/regreso-el-villamercedino-alvaro-matricardi-campeon-sudamericano-de-levantamiento-olimpico\/#primaryimage"},"image":{"@id":"https:\/\/apuntesdesanluis.com\/index.php\/2024\/06\/26\/regreso-el-villamercedino-alvaro-matricardi-campeon-sudamericano-de-levantamiento-olimpico\/#primaryimage"},"thumbnailUrl":"https:\/\/apuntesdesanluis.com\/wp-content\/uploads\/2024\/06\/alvaro-y-medallas.png","datePublished":"2024-06-26T22:30:17+00:00","breadcrumb":{"@id":"https:\/\/apuntesdesanluis.com\/index.php\/2024\/06\/26\/regreso-el-villamercedino-alvaro-matricardi-campeon-sudamericano-de-levantamiento-olimpico\/#breadcrumb"},"inLanguage":"es-AR","potentialAction":[{"@type":"ReadAction","target":["https:\/\/apuntesdesanluis.com\/index.php\/2024\/06\/26\/regreso-el-villamercedino-alvaro-matricardi-campeon-sudamericano-de-levantamiento-olimpico\/"]}]},{"@type":"ImageObject","inLanguage":"es-AR","@id":"https:\/\/apuntesdesanluis.com\/index.php\/2024\/06\/26\/regreso-el-villamercedino-alvaro-matricardi-campeon-sudamericano-de-levantamiento-olimpico\/#primaryimage","url":"https:\/\/apuntesdesanluis.com\/wp-content\/uploads\/2024\/06\/alvaro-y-medallas.png","contentUrl":"https:\/\/apuntesdesanluis.com\/wp-content\/uploads\/2024\/06\/alvaro-y-medallas.png","width":600,"height":392},{"@type":"BreadcrumbList","@id":"https:\/\/apuntesdesanluis.com\/index.php\/2024\/06\/26\/regreso-el-villamercedino-alvaro-matricardi-campeon-sudamericano-de-levantamiento-olimpico\/#breadcrumb","itemListElement":[{"@type":"ListItem","position":1,"name":"Inicio","item":"https:\/\/apuntesdesanluis.com\/"},{"@type":"ListItem","position":2,"name":"REGRES\u00d3 EL VILLAMERCEDINO \u00c1LVARO MATRICARDI, CAMPE\u00d3N SUDAMERICANO DE LEVANTAMIENTO OL\u00cdMPICO"}]},{"@type":"WebSite","@id":"https:\/\/apuntesdesanluis.com\/#website","url":"https:\/\/apuntesdesanluis.com\/","name":"Apuntes de San Luis","description":"","publisher":{"@id":"https:\/\/apuntesdesanluis.com\/#\/schema\/person\/b55151d52296fcce64d1a72538a70b90"},"potentialAction":[{"@type":"SearchAction","target":{"@type":"EntryPoint","urlTemplate":"https:\/\/apuntesdesanluis.com\/?s={search_term_string}"},"query-input":{"@type":"PropertyValueSpecification","valueRequired":true,"valueName":"search_term_string"}}],"inLanguage":"es-AR"},{"@type":["Person","Organization"],"@id":"https:\/\/apuntesdesanluis.com\/#\/schema\/person\/b55151d52296fcce64d1a72538a70b90","name":"apuntesdesanluis.com","image":{"@type":"ImageObject","inLanguage":"es-AR","@id":"https:\/\/apuntesdesanluis.com\/#\/schema\/person\/image\/","url":"https:\/\/apuntesdesanluis.com\/wp-content\/uploads\/2023\/07\/cropped-apuntesdesanluis.png","contentUrl":"https:\/\/apuntesdesanluis.com\/wp-content\/uploads\/2023\/07\/cropped-apuntesdesanluis.png","width":450,"height":112,"caption":"apuntesdesanluis.com"},"logo":{"@id":"https:\/\/apuntesdesanluis.com\/#\/schema\/person\/image\/"},"sameAs":["https:\/\/apuntesdesanluis.com"],"url":"https:\/\/apuntesdesanluis.com\/index.php\/author\/apuntesdesanluis-com\/"}]}},"featured_image_urls":{"full":["https:\/\/apuntesdesanluis.com\/wp-content\/uploads\/2024\/06\/alvaro-y-medallas.png",600,392,false],"thumbnail":["https:\/\/apuntesdesanluis.com\/wp-content\/uploads\/2024\/06\/alvaro-y-medallas-150x150.png",150,150,true],"medium":["https:\/\/apuntesdesanluis.com\/wp-content\/uploads\/2024\/06\/alvaro-y-medallas-300x196.png",300,196,true],"medium_large":["https:\/\/apuntesdesanluis.com\/wp-content\/uploads\/2024\/06\/alvaro-y-medallas.png",600,392,false],"large":["https:\/\/apuntesdesanluis.com\/wp-content\/uploads\/2024\/06\/alvaro-y-medallas.png",600,392,false],"1536x1536":["https:\/\/apuntesdesanluis.com\/wp-content\/uploads\/2024\/06\/alvaro-y-medallas.png",600,392,false],"2048x2048":["https:\/\/apuntesdesanluis.com\/wp-content\/uploads\/2024\/06\/alvaro-y-medallas.png",600,392,false],"newsever-slider-full":["https:\/\/apuntesdesanluis.com\/wp-content\/uploads\/2024\/06\/alvaro-y-medallas.png",600,392,false],"newsever-featured":["https:\/\/apuntesdesanluis.com\/wp-content\/uploads\/2024\/06\/alvaro-y-medallas.png",600,392,false],"newsever-medium":["https:\/\/apuntesdesanluis.com\/wp-content\/uploads\/2024\/06\/alvaro-y-medallas.png",600,392,false]},"author_info":{"display_name":"apuntesdesanluis.com","author_link":"https:\/\/apuntesdesanluis.com\/index.php\/author\/apuntesdesanluis-com\/"},"category_info":"<a href=\"https:\/\/apuntesdesanluis.com\/index.php\/category\/ciudad-provincia\/\" rel=\"category tag\">Ciudad\/Provincia<\/a>","tag_info":"Ciudad\/Provincia","comment_count":"0","_links":{"self":[{"href":"https:\/\/apuntesdesanluis.com\/index.php\/wp-json\/wp\/v2\/posts\/18388","targetHints":{"allow":["GET"]}}],"collection":[{"href":"https:\/\/apuntesdesanluis.com\/index.php\/wp-json\/wp\/v2\/posts"}],"about":[{"href":"https:\/\/apuntesdesanluis.com\/index.php\/wp-json\/wp\/v2\/types\/post"}],"author":[{"embeddable":true,"href":"https:\/\/apuntesdesanluis.com\/index.php\/wp-json\/wp\/v2\/users\/1"}],"replies":[{"embeddable":true,"href":"https:\/\/apuntesdesanluis.com\/index.php\/wp-json\/wp\/v2\/comments?post=18388"}],"version-history":[{"count":1,"href":"https:\/\/apuntesdesanluis.com\/index.php\/wp-json\/wp\/v2\/posts\/18388\/revisions"}],"predecessor-version":[{"id":18393,"href":"https:\/\/apuntesdesanluis.com\/index.php\/wp-json\/wp\/v2\/posts\/18388\/revisions\/18393"}],"wp:featuredmedia":[{"embeddable":true,"href":"https:\/\/apuntesdesanluis.com\/index.php\/wp-json\/wp\/v2\/media\/18389"}],"wp:attachment":[{"href":"https:\/\/apuntesdesanluis.com\/index.php\/wp-json\/wp\/v2\/media?parent=18388"}],"wp:term":[{"taxonomy":"category","embeddable":true,"href":"https:\/\/apuntesdesanluis.com\/index.php\/wp-json\/wp\/v2\/categories?post=18388"},{"taxonomy":"post_tag","embeddable":true,"href":"https:\/\/apuntesdesanluis.com\/index.php\/wp-json\/wp\/v2\/tags?post=18388"}],"curies":[{"name":"wp","href":"https:\/\/api.w.org\/{rel}","templated":true}]}}